{"id":16091,"date":"2025-03-17T14:40:24","date_gmt":"2025-03-17T14:40:24","guid":{"rendered":"https:\/\/www.welovecycling.com\/pl\/?p=16091"},"modified":"2025-03-17T14:40:24","modified_gmt":"2025-03-17T14:40:24","slug":"rower-zamiast-cieplego-koca-zawodowcy-bez-taryfy-ulgowej","status":"publish","type":"post","link":"https:\/\/www.welovecycling.com\/pl\/2025\/03\/17\/rower-zamiast-cieplego-koca-zawodowcy-bez-taryfy-ulgowej\/","title":{"rendered":"Rower zamiast ciep\u0142ego koca. Zawodowcy bez taryfy ulgowej"},"content":{"rendered":"<p><strong>To by\u0142a mocna i bardzo mro\u017ana rozgrzewka przed Tour de France. Matteo Jorgenson (Team Visma-Lease a Bike) wygra\u0142 wy\u015bcig Pary\u017c\u2013Nicea, ale ciekawie by\u0142o tak\u017ce podczas Tirreno\u2013Adriatico, kt\u00f3ry zwyci\u0119\u017cy\u0142 Juan Ayuso (UAE Team Emirates \u2013 XRG).<\/strong><\/p>\n<p>Po emocjonuj\u0105cym rozpocz\u0119ciu sezonu zawodnicy zaczynaj\u0105 kolekcjonowa\u0107 najwa\u017cniejsze wy\u015bcigi UCI Wolrd Tour, w ten spos\u00f3b przygotowuj\u0105c si\u0119 do najbardziej presti\u017cowych zawod\u00f3w. Podczas trasy Pary\u017c\u2013Nicea mieli poczu\u0107, jak b\u0119dzie wygl\u0105da\u0107 rywalizacja w trakcie tegorocznego Tour de France, cho\u0107 na pewno nie spodziewali si\u0119 takich warunk\u00f3w atmosferycznych.<\/p>\n<p><a href=\"https:\/\/x.com\/TeamEmiratesUAE\/status\/1900978702017851866\">https:\/\/x.com\/TeamEmiratesUAE\/status\/1900978702017851866<\/a><\/p>\n<h2><strong>Ma\u0142o \u015bmieszny \u017cart<\/strong><\/h2>\n<p>Pary\u017c\u2013Nicea nazywany jest \u201eWy\u015bcigiem ku s\u0142o\u0144cu\u201d, ale w tym roku brzmia\u0142o to jak ma\u0142o \u015bmieszny \u017cart. Podczas niekt\u00f3rych etap\u00f3w pogoda by\u0142a taka, \u017ce przyjemniej by\u0142oby si\u0119 schowa\u0107 pod ciep\u0142ym kocem z kubkiem herbaty ni\u017c \u015bciga\u0107 po szybkich fragmentach i trudnych podjazdach.<\/p>\n<p>Zacz\u0119\u0142o si\u0119 od dw\u00f3ch p\u0142askich odcink\u00f3w, na kt\u00f3rych najszybszy by\u0142 Belg Tim Merlier (Soudal Quick-Step). Po trzecim etapie zdetronizowa\u0142 go Matteo Jorgenson. Co prawda Amerykanin etapu nie zgarn\u0105\u0142, a nawet nie by\u0142 na podium, ale to on za\u0142o\u017cy\u0142 koszulk\u0119 lidera. Wydawa\u0142o si\u0119 jednak, \u017ce Jorgenson nie wytrzyma naporu rywali na g\u00f3rskich odcinkach. Straty zanotowa\u0142 ju\u017c na pierwszych wzniesieniach, a skorzysta\u0142 z tego Jonas Vingegaard (Visma-Lease a Bike). Dosz\u0142o do tego jednak przy bardzo niecodziennych warunkach, bo podczas czwartego etapu zawodnicy musieli zmaga\u0107 si\u0119 z gradem i bardzo nisk\u0105 temperatur\u0105.<\/p>\n<p><a href=\"https:\/\/x.com\/ParisNice\/status\/1900974110022226266\">https:\/\/x.com\/ParisNice\/status\/1900974110022226266<\/a><\/p>\n<h2><strong>\u201eMam mieszane uczucia\u201d<\/strong><\/h2>\n<p>W pewnym momencie by\u0142o tak mro\u017ano, \u017ce s\u0119dziowie zdecydowali si\u0119 nawet zatrzyma\u0107 peleton, ale ostatecznie \u015bciganie wznowiono.<\/p>\n<p>\u2013 Nie powinni\u015bmy byli jecha\u0107 dalej. By\u0142o mro\u017ano i nie byli\u015bmy w stanie si\u0119 dogrza\u0107. Jestem liderem, a mam jednak mieszane uczucia. W\u0142a\u015bciwie to w og\u00f3le nie jestem szcz\u0119\u015bliwy \u2013 m\u00f3wi\u0142 na mecie Vingegaard.<\/p>\n<p>Du\u0144czyk nie pojawi\u0142 si\u0119 ju\u017c na sz\u00f3stym etapie, bo po jednym z upadk\u00f3w by\u0142 mocno poobijany i wycofa\u0142 si\u0119 z rywalizacji. Ekipa Visma-Lease a Bike ca\u0142e si\u0142y rzuci\u0142a wi\u0119c na pomoc Jorgensonowi i nie zawiod\u0142a si\u0119 \u2013 Amerykanin do ko\u0144ca jecha\u0142 ju\u017c w koszulce lidera.W klasyfikacji generalnej o 75 sekund wyprzedzi\u0142 Floriana Lipowitza (Red Bull-BORA-hansgrohe) i o 119 sekund Thymena Arensmana (INEOS Grenadiers).<\/p>\n<p><a href=\"https:\/\/x.com\/ParisNice\/status\/1901393336092549374\">https:\/\/x.com\/ParisNice\/status\/1901393336092549374<\/a><\/p>\n<h2><strong>Filippo Ganna najlepszy w Tirreno\u2013Adriatico<\/strong><\/h2>\n<p>W lepszych warunkach odbywa\u0142 si\u0119 wy\u015bcig Tirreno\u2013Adriatico. Pierwszy etap zgarn\u0105\u0142 Filippo Ganna (Ineos Grenadiers) i w koszulce lidera jecha\u0142 przez pi\u0119\u0107 etap\u00f3w. Przedostatniego dnia zaatakowa\u0142 jednak Juan Ayuso (UAE Team Emirates XRG) \u2013 wygra\u0142 etap i wskoczy\u0142 na pozycj\u0119 lidera klasyfikacji generalnej, kt\u00f3rej nie odda\u0142 ju\u017c do ko\u0144ca wy\u015bcigu.<\/p>\n<p><a href=\"https:\/\/x.com\/TirrenAdriatico\/status\/1901303696677654855\">https:\/\/x.com\/TirrenAdriatico\/status\/1901303696677654855<\/a><\/p>\n<p>Hiszpan wygra\u0142 z 35 sekundami przewagi nad Gann\u0105 (Ineos Grenadiers) i 36 sekundami nad Antonio Tiberim (Team Bahrain Victorious).<\/p>\n<p><a class=\"in-cell-link\" href=\"http:\/\/www.skoda-auto.pl\/?_gl=1*4r6bx6*_gcl_au*MTI2MDgwMjQzNC4xNzQwMTMxMjUz*GA4_ga*amo1aWJ0OXUtZTZ6My1xMTZ2LXI2YWYtZ2dyd3B0bnVraXFu*GA4_ga_KSPVKPC6VY*MTc0MjIxODQ2MS40MS4xLjE3NDIyMjIwMjkuMC4wLjExNTU1OTg3MDM.\" target=\"_blank\" rel=\"noopener\">Artyku\u0142 powsta\u0142 we wsp\u00f3\u0142pracy ze skoda-auto.pl<\/a><\/p>\n<p><a href=\"https:\/\/d2p6e6u75xmxt8.cloudfront.net\/5\/2030\/11\/3.webp\"><img loading=\"lazy\" decoding=\"async\" class=\"size-full wp-image-13776 aligncenter\" src=\"https:\/\/d2p6e6u75xmxt8.cloudfront.net\/5\/2030\/11\/3.webp\" alt=\"\" width=\"640\" height=\"350\" srcset=\"https:\/\/d2p6e6u75xmxt8.cloudfront.net\/5\/2030\/11\/3.webp 640w, https:\/\/d2p6e6u75xmxt8.cloudfront.net\/5\/2030\/11\/3-300x164.webp 300w, https:\/\/d2p6e6u75xmxt8.cloudfront.net\/5\/2030\/11\/3-400x219.webp 400w\" sizes=\"auto, (max-width: 640px) 100vw, 640px\" \/><\/a><\/p>\n","protected":false},"excerpt":{"rendered":"<p>To by\u0142a mocna i bardzo mro\u017ana rozgrzewka przed Tour de France. Matteo Jorgenson (Team Visma-Lease a Bike) wygra\u0142 wy\u015bcig Pary\u017c\u2013Nicea, [&hellip;]<\/p>\n","protected":false},"author":187,"featured_media":16092,"comment_status":"open","ping_status":"open","sticky":false,"template":"","format":"standard","meta":{"footnotes":""},"categories":[6],"tags":[176,151,191,404,264,423],"global-categories":[303],"class_list":["post-16091","post","type-post","status-publish","format-standard","has-post-thumbnail","hentry","category-kolarstwo-szosowe","tag-kolarstwo","tag-kolarstwo-szosowe","tag-skoda","tag-skodapolska","tag-wyscig-etapowy","tag-wyscigi-szosowe","global-categories-cycling"],"yoast_head":"<!-- This site is optimized with the Yoast SEO Premium plugin v25.3 (Yoast SEO v25.9) - https:\/\/yoast.com\/wordpress\/plugins\/seo\/ -->\n<title>Rower zamiast ciep\u0142ego koca. Zawodowcy bez taryfy ulgowej - \u0160koda We Love Cycling - Poland<\/title>\n<meta name=\"robots\" content=\"index, follow, max-snippet:-1, max-image-preview:large, max-video-preview:-1\" \/>\n<link rel=\"canonical\" href=\"https:\/\/www.welovecycling.com\/pl\/2025\/03\/17\/rower-zamiast-cieplego-koca-zawodowcy-bez-taryfy-ulgowej\/\" \/>\n<meta property=\"og:locale\" content=\"pl_PL\" \/>\n<meta property=\"og:type\" content=\"article\" \/>\n<meta property=\"og:title\" content=\"Rower zamiast ciep\u0142ego koca. Zawodowcy bez taryfy ulgowej\" \/>\n<meta property=\"og:description\" content=\"To by\u0142a mocna i bardzo mro\u017ana rozgrzewka przed Tour de France. Matteo Jorgenson (Team Visma-Lease a Bike) wygra\u0142 wy\u015bcig Pary\u017c\u2013Nicea, [&hellip;]\" \/>\n<meta property=\"og:url\" content=\"https:\/\/www.welovecycling.com\/pl\/2025\/03\/17\/rower-zamiast-cieplego-koca-zawodowcy-bez-taryfy-ulgowej\/\" \/>\n<meta property=\"og:site_name\" content=\"\u0160koda We Love Cycling - Poland\" \/>\n<meta property=\"article:published_time\" content=\"2025-03-17T14:40:24+00:00\" \/>\n<meta property=\"og:image\" content=\"https:\/\/d2p6e6u75xmxt8.cloudfront.net\/5\/2025\/03\/Jorgenson-Wins-Chaotic-Paris-Nice-as-Vingegaard-Crashes-2.webp\" \/>\n\t<meta property=\"og:image:width\" content=\"990\" \/>\n\t<meta property=\"og:image:height\" content=\"660\" \/>\n\t<meta property=\"og:image:type\" content=\"image\/webp\" \/>\n<meta name=\"author\" content=\"konradbobrowski\" \/>\n<meta name=\"twitter:card\" content=\"summary_large_image\" \/>\n<meta name=\"twitter:label1\" content=\"Written by\" \/>\n\t<meta name=\"twitter:data1\" content=\"Piotr Nowik\" \/>\n\t<meta name=\"twitter:label2\" content=\"Est. reading time\" \/>\n\t<meta name=\"twitter:data2\" content=\"3\" \/>\n<script type=\"application\/ld+json\" class=\"yoast-schema-graph\">{\"@context\":\"https:\/\/schema.org\",\"@graph\":[{\"@type\":\"WebPage\",\"@id\":\"https:\/\/www.welovecycling.com\/pl\/2025\/03\/17\/rower-zamiast-cieplego-koca-zawodowcy-bez-taryfy-ulgowej\/\",\"url\":\"https:\/\/www.welovecycling.com\/pl\/2025\/03\/17\/rower-zamiast-cieplego-koca-zawodowcy-bez-taryfy-ulgowej\/\",\"name\":\"Rower zamiast ciep\u0142ego koca. Zawodowcy bez taryfy ulgowej - \u0160koda We Love Cycling - Poland\",\"isPartOf\":{\"@id\":\"https:\/\/www.welovecycling.com\/pl\/#website\"},\"primaryImageOfPage\":{\"@id\":\"https:\/\/www.welovecycling.com\/pl\/2025\/03\/17\/rower-zamiast-cieplego-koca-zawodowcy-bez-taryfy-ulgowej\/#primaryimage\"},\"image\":{\"@id\":\"https:\/\/www.welovecycling.com\/pl\/2025\/03\/17\/rower-zamiast-cieplego-koca-zawodowcy-bez-taryfy-ulgowej\/#primaryimage\"},\"thumbnailUrl\":\"https:\/\/d2p6e6u75xmxt8.cloudfront.net\/5\/2025\/03\/Jorgenson-Wins-Chaotic-Paris-Nice-as-Vingegaard-Crashes-2.webp\",\"datePublished\":\"2025-03-17T14:40:24+00:00\",\"author\":{\"@id\":\"https:\/\/www.welovecycling.com\/pl\/#\/schema\/person\/e551e469d0b17f4e0b87f3f4fa8fc0f2\"},\"breadcrumb\":{\"@id\":\"https:\/\/www.welovecycling.com\/pl\/2025\/03\/17\/rower-zamiast-cieplego-koca-zawodowcy-bez-taryfy-ulgowej\/#breadcrumb\"},\"inLanguage\":\"pl-PL\",\"potentialAction\":[{\"@type\":\"ReadAction\",\"target\":[\"https:\/\/www.welovecycling.com\/pl\/2025\/03\/17\/rower-zamiast-cieplego-koca-zawodowcy-bez-taryfy-ulgowej\/\"]}]},{\"@type\":\"ImageObject\",\"inLanguage\":\"pl-PL\",\"@id\":\"https:\/\/www.welovecycling.com\/pl\/2025\/03\/17\/rower-zamiast-cieplego-koca-zawodowcy-bez-taryfy-ulgowej\/#primaryimage\",\"url\":\"https:\/\/d2p6e6u75xmxt8.cloudfront.net\/5\/2025\/03\/Jorgenson-Wins-Chaotic-Paris-Nice-as-Vingegaard-Crashes-2.webp\",\"contentUrl\":\"https:\/\/d2p6e6u75xmxt8.cloudfront.net\/5\/2025\/03\/Jorgenson-Wins-Chaotic-Paris-Nice-as-Vingegaard-Crashes-2.webp\",\"width\":990,\"height\":660},{\"@type\":\"BreadcrumbList\",\"@id\":\"https:\/\/www.welovecycling.com\/pl\/2025\/03\/17\/rower-zamiast-cieplego-koca-zawodowcy-bez-taryfy-ulgowej\/#breadcrumb\",\"itemListElement\":[{\"@type\":\"ListItem\",\"position\":1,\"name\":\"Home\",\"item\":\"https:\/\/www.welovecycling.com\/pl\/\"},{\"@type\":\"ListItem\",\"position\":2,\"name\":\"Rower zamiast ciep\u0142ego koca. Zawodowcy bez taryfy ulgowej\"}]},{\"@type\":\"WebSite\",\"@id\":\"https:\/\/www.welovecycling.com\/pl\/#website\",\"url\":\"https:\/\/www.welovecycling.com\/pl\/\",\"name\":\"\u0160koda We Love Cycling - Poland\",\"description\":\"\",\"potentialAction\":[{\"@type\":\"SearchAction\",\"target\":{\"@type\":\"EntryPoint\",\"urlTemplate\":\"https:\/\/www.welovecycling.com\/pl\/?s={search_term_string}\"},\"query-input\":{\"@type\":\"PropertyValueSpecification\",\"valueRequired\":true,\"valueName\":\"search_term_string\"}}],\"inLanguage\":\"pl-PL\"},{\"@type\":\"Person\",\"@id\":\"https:\/\/www.welovecycling.com\/pl\/#\/schema\/person\/e551e469d0b17f4e0b87f3f4fa8fc0f2\",\"name\":\"konradbobrowski\",\"image\":{\"@type\":\"ImageObject\",\"inLanguage\":\"pl-PL\",\"@id\":\"https:\/\/www.welovecycling.com\/pl\/#\/schema\/person\/image\/\",\"url\":\"https:\/\/secure.gravatar.com\/avatar\/91ac5a8cb4a26d3b32dc77b5e6d46616cf6adf425879538f5e5d7e4ef2333a4c?s=96&d=mm&r=g\",\"contentUrl\":\"https:\/\/secure.gravatar.com\/avatar\/91ac5a8cb4a26d3b32dc77b5e6d46616cf6adf425879538f5e5d7e4ef2333a4c?s=96&d=mm&r=g\",\"caption\":\"konradbobrowski\"},\"url\":\"https:\/\/www.welovecycling.com\/pl\/author\/konradbobrowski\/\"}]}<\/script>\n<!-- \/ Yoast SEO Premium plugin. -->","yoast_head_json":{"title":"Rower zamiast ciep\u0142ego koca. Zawodowcy bez taryfy ulgowej - \u0160koda We Love Cycling - Poland","robots":{"index":"index","follow":"follow","max-snippet":"max-snippet:-1","max-image-preview":"max-image-preview:large","max-video-preview":"max-video-preview:-1"},"canonical":"https:\/\/www.welovecycling.com\/pl\/2025\/03\/17\/rower-zamiast-cieplego-koca-zawodowcy-bez-taryfy-ulgowej\/","og_locale":"pl_PL","og_type":"article","og_title":"Rower zamiast ciep\u0142ego koca. Zawodowcy bez taryfy ulgowej","og_description":"To by\u0142a mocna i bardzo mro\u017ana rozgrzewka przed Tour de France. Matteo Jorgenson (Team Visma-Lease a Bike) wygra\u0142 wy\u015bcig Pary\u017c\u2013Nicea, [&hellip;]","og_url":"https:\/\/www.welovecycling.com\/pl\/2025\/03\/17\/rower-zamiast-cieplego-koca-zawodowcy-bez-taryfy-ulgowej\/","og_site_name":"\u0160koda We Love Cycling - Poland","article_published_time":"2025-03-17T14:40:24+00:00","og_image":[{"width":990,"height":660,"url":"https:\/\/d2p6e6u75xmxt8.cloudfront.net\/5\/2025\/03\/Jorgenson-Wins-Chaotic-Paris-Nice-as-Vingegaard-Crashes-2.webp","type":"image\/webp"}],"author":"konradbobrowski","twitter_card":"summary_large_image","twitter_misc":{"Written by":"Piotr Nowik","Est. reading time":"3"},"schema":{"@context":"https:\/\/schema.org","@graph":[{"@type":"WebPage","@id":"https:\/\/www.welovecycling.com\/pl\/2025\/03\/17\/rower-zamiast-cieplego-koca-zawodowcy-bez-taryfy-ulgowej\/","url":"https:\/\/www.welovecycling.com\/pl\/2025\/03\/17\/rower-zamiast-cieplego-koca-zawodowcy-bez-taryfy-ulgowej\/","name":"Rower zamiast ciep\u0142ego koca. Zawodowcy bez taryfy ulgowej - \u0160koda We Love Cycling - Poland","isPartOf":{"@id":"https:\/\/www.welovecycling.com\/pl\/#website"},"primaryImageOfPage":{"@id":"https:\/\/www.welovecycling.com\/pl\/2025\/03\/17\/rower-zamiast-cieplego-koca-zawodowcy-bez-taryfy-ulgowej\/#primaryimage"},"image":{"@id":"https:\/\/www.welovecycling.com\/pl\/2025\/03\/17\/rower-zamiast-cieplego-koca-zawodowcy-bez-taryfy-ulgowej\/#primaryimage"},"thumbnailUrl":"https:\/\/d2p6e6u75xmxt8.cloudfront.net\/5\/2025\/03\/Jorgenson-Wins-Chaotic-Paris-Nice-as-Vingegaard-Crashes-2.webp","datePublished":"2025-03-17T14:40:24+00:00","author":{"@id":"https:\/\/www.welovecycling.com\/pl\/#\/schema\/person\/e551e469d0b17f4e0b87f3f4fa8fc0f2"},"breadcrumb":{"@id":"https:\/\/www.welovecycling.com\/pl\/2025\/03\/17\/rower-zamiast-cieplego-koca-zawodowcy-bez-taryfy-ulgowej\/#breadcrumb"},"inLanguage":"pl-PL","potentialAction":[{"@type":"ReadAction","target":["https:\/\/www.welovecycling.com\/pl\/2025\/03\/17\/rower-zamiast-cieplego-koca-zawodowcy-bez-taryfy-ulgowej\/"]}]},{"@type":"ImageObject","inLanguage":"pl-PL","@id":"https:\/\/www.welovecycling.com\/pl\/2025\/03\/17\/rower-zamiast-cieplego-koca-zawodowcy-bez-taryfy-ulgowej\/#primaryimage","url":"https:\/\/d2p6e6u75xmxt8.cloudfront.net\/5\/2025\/03\/Jorgenson-Wins-Chaotic-Paris-Nice-as-Vingegaard-Crashes-2.webp","contentUrl":"https:\/\/d2p6e6u75xmxt8.cloudfront.net\/5\/2025\/03\/Jorgenson-Wins-Chaotic-Paris-Nice-as-Vingegaard-Crashes-2.webp","width":990,"height":660},{"@type":"BreadcrumbList","@id":"https:\/\/www.welovecycling.com\/pl\/2025\/03\/17\/rower-zamiast-cieplego-koca-zawodowcy-bez-taryfy-ulgowej\/#breadcrumb","itemListElement":[{"@type":"ListItem","position":1,"name":"Home","item":"https:\/\/www.welovecycling.com\/pl\/"},{"@type":"ListItem","position":2,"name":"Rower zamiast ciep\u0142ego koca. Zawodowcy bez taryfy ulgowej"}]},{"@type":"WebSite","@id":"https:\/\/www.welovecycling.com\/pl\/#website","url":"https:\/\/www.welovecycling.com\/pl\/","name":"\u0160koda We Love Cycling - Poland","description":"","potentialAction":[{"@type":"SearchAction","target":{"@type":"EntryPoint","urlTemplate":"https:\/\/www.welovecycling.com\/pl\/?s={search_term_string}"},"query-input":{"@type":"PropertyValueSpecification","valueRequired":true,"valueName":"search_term_string"}}],"inLanguage":"pl-PL"},{"@type":"Person","@id":"https:\/\/www.welovecycling.com\/pl\/#\/schema\/person\/e551e469d0b17f4e0b87f3f4fa8fc0f2","name":"konradbobrowski","image":{"@type":"ImageObject","inLanguage":"pl-PL","@id":"https:\/\/www.welovecycling.com\/pl\/#\/schema\/person\/image\/","url":"https:\/\/secure.gravatar.com\/avatar\/91ac5a8cb4a26d3b32dc77b5e6d46616cf6adf425879538f5e5d7e4ef2333a4c?s=96&d=mm&r=g","contentUrl":"https:\/\/secure.gravatar.com\/avatar\/91ac5a8cb4a26d3b32dc77b5e6d46616cf6adf425879538f5e5d7e4ef2333a4c?s=96&d=mm&r=g","caption":"konradbobrowski"},"url":"https:\/\/www.welovecycling.com\/pl\/author\/konradbobrowski\/"}]}},"_links":{"self":[{"href":"https:\/\/www.welovecycling.com\/pl\/wp-json\/wp\/v2\/posts\/16091","targetHints":{"allow":["GET"]}}],"collection":[{"href":"https:\/\/www.welovecycling.com\/pl\/wp-json\/wp\/v2\/posts"}],"about":[{"href":"https:\/\/www.welovecycling.com\/pl\/wp-json\/wp\/v2\/types\/post"}],"author":[{"embeddable":true,"href":"https:\/\/www.welovecycling.com\/pl\/wp-json\/wp\/v2\/users\/187"}],"replies":[{"embeddable":true,"href":"https:\/\/www.welovecycling.com\/pl\/wp-json\/wp\/v2\/comments?post=16091"}],"version-history":[{"count":1,"href":"https:\/\/www.welovecycling.com\/pl\/wp-json\/wp\/v2\/posts\/16091\/revisions"}],"predecessor-version":[{"id":16093,"href":"https:\/\/www.welovecycling.com\/pl\/wp-json\/wp\/v2\/posts\/16091\/revisions\/16093"}],"wp:featuredmedia":[{"embeddable":true,"href":"https:\/\/www.welovecycling.com\/pl\/wp-json\/wp\/v2\/media\/16092"}],"wp:attachment":[{"href":"https:\/\/www.welovecycling.com\/pl\/wp-json\/wp\/v2\/media?parent=16091"}],"wp:term":[{"taxonomy":"category","embeddable":true,"href":"https:\/\/www.welovecycling.com\/pl\/wp-json\/wp\/v2\/categories?post=16091"},{"taxonomy":"post_tag","embeddable":true,"href":"https:\/\/www.welovecycling.com\/pl\/wp-json\/wp\/v2\/tags?post=16091"},{"taxonomy":"global-categories","embeddable":true,"href":"https:\/\/www.welovecycling.com\/pl\/wp-json\/wp\/v2\/global-categories?post=16091"}],"curies":[{"name":"wp","href":"https:\/\/api.w.org\/{rel}","templated":true}]}}