{"id":16082,"date":"2025-03-11T10:49:14","date_gmt":"2025-03-11T10:49:14","guid":{"rendered":"https:\/\/www.welovecycling.com\/pl\/?p=16082"},"modified":"2025-03-17T13:44:48","modified_gmt":"2025-03-17T13:44:48","slug":"oby-to-byl-ostatni-taki-wyscig-wielki-pech-polek-i-polakow","status":"publish","type":"post","link":"https:\/\/www.welovecycling.com\/pl\/2025\/03\/11\/oby-to-byl-ostatni-taki-wyscig-wielki-pech-polek-i-polakow\/","title":{"rendered":"Oby to by\u0142 ostatni taki wy\u015bcig. Wielki pech Polek i Polak\u00f3w"},"content":{"rendered":"<p><strong>Ze Strade Bianche wi\u0105zali\u015bmy du\u017ce nadzieje, niestety rywalizacja zako\u0144czy\u0142a si\u0119 kraksami. Katarzyna Niewiadoma, Agnieszka Skalniak-S\u00f3jka oraz Micha\u0142 Kwiatkowski nie uko\u0144czyli jednego z najtrudniejszych wy\u015bcig\u00f3w jednodniowych UCI World Tour.<\/strong><\/p>\n<p>Przed tymi zawodami mieli\u015bmy prawo do wielkich oczekiwa\u0144. W ko\u0144cu pi\u0119kne toska\u0144skie wzg\u00f3rza a\u017c czterokrotnie dawa\u0142y podium Katarzynie Niewiadomej. Z kolei Micha\u0142 Kwiatkowski Strade Bianche dwukrotnie wygra\u0142. Tym razem jednak p\u00f3\u0142noc W\u0142och nie by\u0142a dla Polek i Polak\u00f3w \u0142askawa, cho\u0107 wygl\u0105da na to, \u017ce nie okaza\u0142a si\u0119 te\u017c na szcz\u0119\u015bcie brutalna.<\/p>\n<p><a href=\"https:\/\/x.com\/StradeBianche\/status\/1898471455358132607\">https:\/\/x.com\/StradeBianche\/status\/1898471455358132607<\/a><\/p>\n<h2><strong>\u201eZ Kasi\u0105 wszystko jest OK\u201d<\/strong><\/h2>\n<p>Kobiety na starcie stan\u0119\u0142y w sobot\u0119. Katarzyna Niewiadoma (CANYON\/\/SRAM zondacrypto) jecha\u0142a bardzo obiecuj\u0105co, ale 50 km przed met\u0105, podczas zjazdu, bole\u015bnie upad\u0142a. Nasza zawodniczka nie by\u0142a w stanie kontynuowa\u0107 rywalizacji i zosta\u0142a przewieziona na badania. Wygl\u0105da jednak na to, \u017ce nic powa\u017cnego jej si\u0119 nie sta\u0142o, a na wypadek zareagowa\u0142a, jak na wojowniczk\u0119 przysta\u0142o.<\/p>\n<p>\u2013 Z Kasi\u0105 wszystko jest OK. Ma tylko otarcia i uderzy\u0142a si\u0119 w g\u0142ow\u0119. Jest w\u015bciek\u0142a, \u017ce nie mog\u0142a si\u0119 \u015bciga\u0107 \u2013 napisa\u0142 na portalu spo\u0142eczno\u015bciowym X Taylor Phinney, m\u0105\u017c Niewiadomej.<\/p>\n<p><a href=\"https:\/\/x.com\/StradeBianche\/status\/1898464038725562869\">https:\/\/x.com\/StradeBianche\/status\/1898464038725562869<\/a><\/p>\n<h2><strong>P\u00f3\u017aniej do swoich fan\u00f3w zwr\u00f3ci\u0142a si\u0119 sama zawodniczka.<\/strong><\/h2>\n<p>\u2013 Cze\u015b\u0107! Dzi\u0119ki za wszystkie wiadomo\u015bci. Wszystko ze mn\u0105 w porz\u0105dku. Mam nadziej\u0119, \u017ce wypoczn\u0119 w hotelu [\u2026] Zawsze czu\u0142am zaw\u00f3d, gdy nie stawa\u0142am na podium Strade Bianche. Przypuszczam jednak, \u017ce teraz b\u0119d\u0119 na to patrze\u0107 z innej perspektywy. Zawsze mo\u017ce by\u0107 gorzej, wi\u0119c jestem wdzi\u0119czna za to, co mam. A w tym przypadku mia\u0142am ca\u0142kiem mocne ko\u015bci \ud83d\ude42 \u2013 za\u017cartowa\u0142a na Instagramie Niewiadoma.<\/p>\n<p><a href=\"https:\/\/x.com\/StradeBianche\/status\/1898471455358132607\">https:\/\/x.com\/StradeBianche\/status\/1898471455358132607<\/a><\/p>\n<h2><strong>\u201eTo by\u0142o niesamowite\u201d<\/strong><\/h2>\n<p>W kraksie ucierpia\u0142a tak\u017ce kole\u017canka z dru\u017cyny najlepszej polskiej zawodniczki \u2013 Agnieszka Skalniak-S\u00f3jka. Do mety dojecha\u0142a za to mistrzyni Polski Dominika W\u0142odarczyk (UAE Team ADQ).<\/p>\n<p>\u2013 Dzi\u0119kuj\u0119, PRZEOGROMNIE dzi\u0119kuj\u0119 za ka\u017cd\u0105 POLSK\u0104 flag\u0119, za ka\u017cde: \u201eDajesz Dominika\u201d, to by\u0142o niesamowite. To kolarstwo na takich wy\u015bcigach nabiera zupe\u0142nie innego wymiaru, innego znaczenia. To by\u0142o niesamowite i mimo tego, \u017ce ci\u0105gle mi ciemnieje w oczach, nie mam poj\u0119cia, jak ja jutro wejd\u0119 na rower, to po prostu nie chc\u0119 budzi\u0107 si\u0119 z tego snu \u2013 napisa\u0142a W\u0142odarczyk, kt\u00f3ra zaj\u0119\u0142a 23. miejsce.<\/p>\n<p><a href=\"https:\/\/www.facebook.com\/permalink.php?story_fbid=pfbid02B16up5iQuirDjrPfrSK6c19BQN71X7v9S3rn8CGCVP9LyuV3ALHe5uStrwE85T9hl&amp;id=100079145230820\">https:\/\/www.facebook.com\/permalink.php?story_fbid=pfbid02B16up5iQuirDjrPfrSK6c19BQN71X7v9S3rn8CGCVP9LyuV3ALHe5uStrwE85T9hl&amp;id=100079145230820<\/a><\/p>\n<p>Wy\u015bcig wygra\u0142a Demi Vollerng (FDJ-SUEZ), kt\u00f3ra na met\u0119 dojecha\u0142a przed Ann\u0105 van der Breggen (Team SD Worx-Protmie) oraz Pauline Ferrand-Prevot (Team Visma Lease a Bike).<\/p>\n<p><a href=\"https:\/\/x.com\/StradeBianche\/status\/1898410381812359327\">https:\/\/x.com\/StradeBianche\/status\/1898410381812359327<\/a><\/p>\n<h2><strong>\u201eKoniec gry\u201d<\/strong><\/h2>\n<p>Nazajutrz trudne chwile prze\u017cywa\u0142 r\u00f3wnie\u017c Micha\u0142 Kwiatkowski. Dwukrotny zwyci\u0119zca Strade Bianche dzielnie walczy\u0142 na toska\u0144skich drogach, ale tu zn\u00f3w pechowy okaza\u0142 si\u0119 ok. 50. kilometr przed met\u0105, bo w\u0142a\u015bnie tam Polak upad\u0142 na jednym z zakr\u0119t\u00f3w.<\/p>\n<p>\u2013 Koniec gry. Dok\u0142adnie ten sam zakr\u0119t i styl wypadku co Tadej Poga\u010dar \u2013 nawi\u0105za\u0142 Kwiatkowski do upadku najlepszego obecnie kolarza \u015bwiata.<\/p>\n<p>Poga\u010dar (UAE Team Emirates-XRG) zdo\u0142a\u0142 si\u0119 jednak pozbiera\u0107 i zn\u00f3w pokaza\u0142 moc, poniewa\u017c wygra\u0142 Strade Bianche. Drugie miejsce zaj\u0105\u0142 Tom Pidcock (Q36.5 Pro Cycling Team), a trzecie Tim Wellens (UAE Team Emirates-XRG).<\/p>\n<p><a class=\"in-cell-link\" href=\"http:\/\/www.skoda-auto.pl\/?_gl=1*1ue93d1*GA4_ga*amo1aWJ0OXUtZTZ6My1xMTZ2LXI2YWYtZ2dyd3B0bnVraXFu*GA4_ga_KSPVKPC6VY*MTc0MTY4OTczNy4zNy4xLjE3NDE2ODk4NDIuMC4wLjU5NzgzMzI4Ng..*_gcl_au*MTI2MDgwMjQzNC4xNzQwMTMxMjUz\" target=\"_blank\" rel=\"noopener\">Artyku\u0142 powsta\u0142 we wsp\u00f3\u0142pracy ze skoda-auto.pl<\/a><\/p>\n<p><a href=\"https:\/\/d2p6e6u75xmxt8.cloudfront.net\/5\/2030\/11\/2.webp\"><img loading=\"lazy\" decoding=\"async\" class=\"size-full wp-image-13774 aligncenter\" src=\"https:\/\/d2p6e6u75xmxt8.cloudfront.net\/5\/2030\/11\/2.webp\" alt=\"\" width=\"640\" height=\"350\" srcset=\"https:\/\/d2p6e6u75xmxt8.cloudfront.net\/5\/2030\/11\/2.webp 640w, https:\/\/d2p6e6u75xmxt8.cloudfront.net\/5\/2030\/11\/2-300x164.webp 300w, https:\/\/d2p6e6u75xmxt8.cloudfront.net\/5\/2030\/11\/2-400x219.webp 400w\" sizes=\"auto, (max-width: 640px) 100vw, 640px\" \/><\/a><\/p>\n","protected":false},"excerpt":{"rendered":"<p>Ze Strade Bianche wi\u0105zali\u015bmy du\u017ce nadzieje, niestety rywalizacja zako\u0144czy\u0142a si\u0119 kraksami. Katarzyna Niewiadoma, Agnieszka Skalniak-S\u00f3jka oraz Micha\u0142 Kwiatkowski nie uko\u0144czyli [&hellip;]<\/p>\n","protected":false},"author":187,"featured_media":16083,"comment_status":"open","ping_status":"open","sticky":false,"template":"","format":"standard","meta":{"footnotes":""},"categories":[6],"tags":[369,151,191,404,379],"global-categories":[303],"class_list":["post-16082","post","type-post","status-publish","format-standard","has-post-thumbnail","hentry","category-kolarstwo-szosowe","tag-kasia-niewiadoma","tag-kolarstwo-szosowe","tag-skoda","tag-skodapolska","tag-tadej-pogacar","global-categories-cycling"],"yoast_head":"<!-- This site is optimized with the Yoast SEO Premium plugin v25.3 (Yoast SEO v25.9) - https:\/\/yoast.com\/wordpress\/plugins\/seo\/ -->\n<title>Oby to by\u0142 ostatni taki wy\u015bcig. Wielki pech Polek i Polak\u00f3w - \u0160koda We Love Cycling - Poland<\/title>\n<meta name=\"robots\" content=\"index, follow, max-snippet:-1, max-image-preview:large, max-video-preview:-1\" \/>\n<link rel=\"canonical\" href=\"https:\/\/www.welovecycling.com\/pl\/2025\/03\/11\/oby-to-byl-ostatni-taki-wyscig-wielki-pech-polek-i-polakow\/\" \/>\n<meta property=\"og:locale\" content=\"pl_PL\" \/>\n<meta property=\"og:type\" content=\"article\" \/>\n<meta property=\"og:title\" content=\"Oby to by\u0142 ostatni taki wy\u015bcig. Wielki pech Polek i Polak\u00f3w\" \/>\n<meta property=\"og:description\" content=\"Ze Strade Bianche wi\u0105zali\u015bmy du\u017ce nadzieje, niestety rywalizacja zako\u0144czy\u0142a si\u0119 kraksami. Katarzyna Niewiadoma, Agnieszka Skalniak-S\u00f3jka oraz Micha\u0142 Kwiatkowski nie uko\u0144czyli [&hellip;]\" \/>\n<meta property=\"og:url\" content=\"https:\/\/www.welovecycling.com\/pl\/2025\/03\/11\/oby-to-byl-ostatni-taki-wyscig-wielki-pech-polek-i-polakow\/\" \/>\n<meta property=\"og:site_name\" content=\"\u0160koda We Love Cycling - Poland\" \/>\n<meta property=\"article:published_time\" content=\"2025-03-11T10:49:14+00:00\" \/>\n<meta property=\"article:modified_time\" content=\"2025-03-17T13:44:48+00:00\" \/>\n<meta property=\"og:image\" content=\"https:\/\/d2p6e6u75xmxt8.cloudfront.net\/5\/2025\/03\/Pogacar-Overcomes-Crash-and-Brave-Pidcock-to-Win-Third-Strade-Bianche-2.webp\" \/>\n\t<meta property=\"og:image:width\" content=\"990\" \/>\n\t<meta property=\"og:image:height\" content=\"660\" \/>\n\t<meta property=\"og:image:type\" content=\"image\/webp\" \/>\n<meta name=\"author\" content=\"konradbobrowski\" \/>\n<meta name=\"twitter:card\" content=\"summary_large_image\" \/>\n<meta name=\"twitter:label1\" content=\"Written by\" \/>\n\t<meta name=\"twitter:data1\" content=\"Piotr Nowik\" \/>\n\t<meta name=\"twitter:label2\" content=\"Est. reading time\" \/>\n\t<meta name=\"twitter:data2\" content=\"3\" \/>\n<script type=\"application\/ld+json\" class=\"yoast-schema-graph\">{\"@context\":\"https:\/\/schema.org\",\"@graph\":[{\"@type\":\"WebPage\",\"@id\":\"https:\/\/www.welovecycling.com\/pl\/2025\/03\/11\/oby-to-byl-ostatni-taki-wyscig-wielki-pech-polek-i-polakow\/\",\"url\":\"https:\/\/www.welovecycling.com\/pl\/2025\/03\/11\/oby-to-byl-ostatni-taki-wyscig-wielki-pech-polek-i-polakow\/\",\"name\":\"Oby to by\u0142 ostatni taki wy\u015bcig. Wielki pech Polek i Polak\u00f3w - \u0160koda We Love Cycling - Poland\",\"isPartOf\":{\"@id\":\"https:\/\/www.welovecycling.com\/pl\/#website\"},\"primaryImageOfPage\":{\"@id\":\"https:\/\/www.welovecycling.com\/pl\/2025\/03\/11\/oby-to-byl-ostatni-taki-wyscig-wielki-pech-polek-i-polakow\/#primaryimage\"},\"image\":{\"@id\":\"https:\/\/www.welovecycling.com\/pl\/2025\/03\/11\/oby-to-byl-ostatni-taki-wyscig-wielki-pech-polek-i-polakow\/#primaryimage\"},\"thumbnailUrl\":\"https:\/\/d2p6e6u75xmxt8.cloudfront.net\/5\/2025\/03\/Pogacar-Overcomes-Crash-and-Brave-Pidcock-to-Win-Third-Strade-Bianche-2.webp\",\"datePublished\":\"2025-03-11T10:49:14+00:00\",\"dateModified\":\"2025-03-17T13:44:48+00:00\",\"author\":{\"@id\":\"https:\/\/www.welovecycling.com\/pl\/#\/schema\/person\/e551e469d0b17f4e0b87f3f4fa8fc0f2\"},\"breadcrumb\":{\"@id\":\"https:\/\/www.welovecycling.com\/pl\/2025\/03\/11\/oby-to-byl-ostatni-taki-wyscig-wielki-pech-polek-i-polakow\/#breadcrumb\"},\"inLanguage\":\"pl-PL\",\"potentialAction\":[{\"@type\":\"ReadAction\",\"target\":[\"https:\/\/www.welovecycling.com\/pl\/2025\/03\/11\/oby-to-byl-ostatni-taki-wyscig-wielki-pech-polek-i-polakow\/\"]}]},{\"@type\":\"ImageObject\",\"inLanguage\":\"pl-PL\",\"@id\":\"https:\/\/www.welovecycling.com\/pl\/2025\/03\/11\/oby-to-byl-ostatni-taki-wyscig-wielki-pech-polek-i-polakow\/#primaryimage\",\"url\":\"https:\/\/d2p6e6u75xmxt8.cloudfront.net\/5\/2025\/03\/Pogacar-Overcomes-Crash-and-Brave-Pidcock-to-Win-Third-Strade-Bianche-2.webp\",\"contentUrl\":\"https:\/\/d2p6e6u75xmxt8.cloudfront.net\/5\/2025\/03\/Pogacar-Overcomes-Crash-and-Brave-Pidcock-to-Win-Third-Strade-Bianche-2.webp\",\"width\":990,\"height\":660},{\"@type\":\"BreadcrumbList\",\"@id\":\"https:\/\/www.welovecycling.com\/pl\/2025\/03\/11\/oby-to-byl-ostatni-taki-wyscig-wielki-pech-polek-i-polakow\/#breadcrumb\",\"itemListElement\":[{\"@type\":\"ListItem\",\"position\":1,\"name\":\"Home\",\"item\":\"https:\/\/www.welovecycling.com\/pl\/\"},{\"@type\":\"ListItem\",\"position\":2,\"name\":\"Oby to by\u0142 ostatni taki wy\u015bcig. Wielki pech Polek i Polak\u00f3w\"}]},{\"@type\":\"WebSite\",\"@id\":\"https:\/\/www.welovecycling.com\/pl\/#website\",\"url\":\"https:\/\/www.welovecycling.com\/pl\/\",\"name\":\"\u0160koda We Love Cycling - Poland\",\"description\":\"\",\"potentialAction\":[{\"@type\":\"SearchAction\",\"target\":{\"@type\":\"EntryPoint\",\"urlTemplate\":\"https:\/\/www.welovecycling.com\/pl\/?s={search_term_string}\"},\"query-input\":{\"@type\":\"PropertyValueSpecification\",\"valueRequired\":true,\"valueName\":\"search_term_string\"}}],\"inLanguage\":\"pl-PL\"},{\"@type\":\"Person\",\"@id\":\"https:\/\/www.welovecycling.com\/pl\/#\/schema\/person\/e551e469d0b17f4e0b87f3f4fa8fc0f2\",\"name\":\"konradbobrowski\",\"image\":{\"@type\":\"ImageObject\",\"inLanguage\":\"pl-PL\",\"@id\":\"https:\/\/www.welovecycling.com\/pl\/#\/schema\/person\/image\/\",\"url\":\"https:\/\/secure.gravatar.com\/avatar\/91ac5a8cb4a26d3b32dc77b5e6d46616cf6adf425879538f5e5d7e4ef2333a4c?s=96&d=mm&r=g\",\"contentUrl\":\"https:\/\/secure.gravatar.com\/avatar\/91ac5a8cb4a26d3b32dc77b5e6d46616cf6adf425879538f5e5d7e4ef2333a4c?s=96&d=mm&r=g\",\"caption\":\"konradbobrowski\"},\"url\":\"https:\/\/www.welovecycling.com\/pl\/author\/konradbobrowski\/\"}]}<\/script>\n<!-- \/ Yoast SEO Premium plugin. -->","yoast_head_json":{"title":"Oby to by\u0142 ostatni taki wy\u015bcig. Wielki pech Polek i Polak\u00f3w - \u0160koda We Love Cycling - Poland","robots":{"index":"index","follow":"follow","max-snippet":"max-snippet:-1","max-image-preview":"max-image-preview:large","max-video-preview":"max-video-preview:-1"},"canonical":"https:\/\/www.welovecycling.com\/pl\/2025\/03\/11\/oby-to-byl-ostatni-taki-wyscig-wielki-pech-polek-i-polakow\/","og_locale":"pl_PL","og_type":"article","og_title":"Oby to by\u0142 ostatni taki wy\u015bcig. Wielki pech Polek i Polak\u00f3w","og_description":"Ze Strade Bianche wi\u0105zali\u015bmy du\u017ce nadzieje, niestety rywalizacja zako\u0144czy\u0142a si\u0119 kraksami. Katarzyna Niewiadoma, Agnieszka Skalniak-S\u00f3jka oraz Micha\u0142 Kwiatkowski nie uko\u0144czyli [&hellip;]","og_url":"https:\/\/www.welovecycling.com\/pl\/2025\/03\/11\/oby-to-byl-ostatni-taki-wyscig-wielki-pech-polek-i-polakow\/","og_site_name":"\u0160koda We Love Cycling - Poland","article_published_time":"2025-03-11T10:49:14+00:00","article_modified_time":"2025-03-17T13:44:48+00:00","og_image":[{"width":990,"height":660,"url":"https:\/\/d2p6e6u75xmxt8.cloudfront.net\/5\/2025\/03\/Pogacar-Overcomes-Crash-and-Brave-Pidcock-to-Win-Third-Strade-Bianche-2.webp","type":"image\/webp"}],"author":"konradbobrowski","twitter_card":"summary_large_image","twitter_misc":{"Written by":"Piotr Nowik","Est. reading time":"3"},"schema":{"@context":"https:\/\/schema.org","@graph":[{"@type":"WebPage","@id":"https:\/\/www.welovecycling.com\/pl\/2025\/03\/11\/oby-to-byl-ostatni-taki-wyscig-wielki-pech-polek-i-polakow\/","url":"https:\/\/www.welovecycling.com\/pl\/2025\/03\/11\/oby-to-byl-ostatni-taki-wyscig-wielki-pech-polek-i-polakow\/","name":"Oby to by\u0142 ostatni taki wy\u015bcig. Wielki pech Polek i Polak\u00f3w - \u0160koda We Love Cycling - Poland","isPartOf":{"@id":"https:\/\/www.welovecycling.com\/pl\/#website"},"primaryImageOfPage":{"@id":"https:\/\/www.welovecycling.com\/pl\/2025\/03\/11\/oby-to-byl-ostatni-taki-wyscig-wielki-pech-polek-i-polakow\/#primaryimage"},"image":{"@id":"https:\/\/www.welovecycling.com\/pl\/2025\/03\/11\/oby-to-byl-ostatni-taki-wyscig-wielki-pech-polek-i-polakow\/#primaryimage"},"thumbnailUrl":"https:\/\/d2p6e6u75xmxt8.cloudfront.net\/5\/2025\/03\/Pogacar-Overcomes-Crash-and-Brave-Pidcock-to-Win-Third-Strade-Bianche-2.webp","datePublished":"2025-03-11T10:49:14+00:00","dateModified":"2025-03-17T13:44:48+00:00","author":{"@id":"https:\/\/www.welovecycling.com\/pl\/#\/schema\/person\/e551e469d0b17f4e0b87f3f4fa8fc0f2"},"breadcrumb":{"@id":"https:\/\/www.welovecycling.com\/pl\/2025\/03\/11\/oby-to-byl-ostatni-taki-wyscig-wielki-pech-polek-i-polakow\/#breadcrumb"},"inLanguage":"pl-PL","potentialAction":[{"@type":"ReadAction","target":["https:\/\/www.welovecycling.com\/pl\/2025\/03\/11\/oby-to-byl-ostatni-taki-wyscig-wielki-pech-polek-i-polakow\/"]}]},{"@type":"ImageObject","inLanguage":"pl-PL","@id":"https:\/\/www.welovecycling.com\/pl\/2025\/03\/11\/oby-to-byl-ostatni-taki-wyscig-wielki-pech-polek-i-polakow\/#primaryimage","url":"https:\/\/d2p6e6u75xmxt8.cloudfront.net\/5\/2025\/03\/Pogacar-Overcomes-Crash-and-Brave-Pidcock-to-Win-Third-Strade-Bianche-2.webp","contentUrl":"https:\/\/d2p6e6u75xmxt8.cloudfront.net\/5\/2025\/03\/Pogacar-Overcomes-Crash-and-Brave-Pidcock-to-Win-Third-Strade-Bianche-2.webp","width":990,"height":660},{"@type":"BreadcrumbList","@id":"https:\/\/www.welovecycling.com\/pl\/2025\/03\/11\/oby-to-byl-ostatni-taki-wyscig-wielki-pech-polek-i-polakow\/#breadcrumb","itemListElement":[{"@type":"ListItem","position":1,"name":"Home","item":"https:\/\/www.welovecycling.com\/pl\/"},{"@type":"ListItem","position":2,"name":"Oby to by\u0142 ostatni taki wy\u015bcig. Wielki pech Polek i Polak\u00f3w"}]},{"@type":"WebSite","@id":"https:\/\/www.welovecycling.com\/pl\/#website","url":"https:\/\/www.welovecycling.com\/pl\/","name":"\u0160koda We Love Cycling - Poland","description":"","potentialAction":[{"@type":"SearchAction","target":{"@type":"EntryPoint","urlTemplate":"https:\/\/www.welovecycling.com\/pl\/?s={search_term_string}"},"query-input":{"@type":"PropertyValueSpecification","valueRequired":true,"valueName":"search_term_string"}}],"inLanguage":"pl-PL"},{"@type":"Person","@id":"https:\/\/www.welovecycling.com\/pl\/#\/schema\/person\/e551e469d0b17f4e0b87f3f4fa8fc0f2","name":"konradbobrowski","image":{"@type":"ImageObject","inLanguage":"pl-PL","@id":"https:\/\/www.welovecycling.com\/pl\/#\/schema\/person\/image\/","url":"https:\/\/secure.gravatar.com\/avatar\/91ac5a8cb4a26d3b32dc77b5e6d46616cf6adf425879538f5e5d7e4ef2333a4c?s=96&d=mm&r=g","contentUrl":"https:\/\/secure.gravatar.com\/avatar\/91ac5a8cb4a26d3b32dc77b5e6d46616cf6adf425879538f5e5d7e4ef2333a4c?s=96&d=mm&r=g","caption":"konradbobrowski"},"url":"https:\/\/www.welovecycling.com\/pl\/author\/konradbobrowski\/"}]}},"_links":{"self":[{"href":"https:\/\/www.welovecycling.com\/pl\/wp-json\/wp\/v2\/posts\/16082","targetHints":{"allow":["GET"]}}],"collection":[{"href":"https:\/\/www.welovecycling.com\/pl\/wp-json\/wp\/v2\/posts"}],"about":[{"href":"https:\/\/www.welovecycling.com\/pl\/wp-json\/wp\/v2\/types\/post"}],"author":[{"embeddable":true,"href":"https:\/\/www.welovecycling.com\/pl\/wp-json\/wp\/v2\/users\/187"}],"replies":[{"embeddable":true,"href":"https:\/\/www.welovecycling.com\/pl\/wp-json\/wp\/v2\/comments?post=16082"}],"version-history":[{"count":2,"href":"https:\/\/www.welovecycling.com\/pl\/wp-json\/wp\/v2\/posts\/16082\/revisions"}],"predecessor-version":[{"id":16089,"href":"https:\/\/www.welovecycling.com\/pl\/wp-json\/wp\/v2\/posts\/16082\/revisions\/16089"}],"wp:featuredmedia":[{"embeddable":true,"href":"https:\/\/www.welovecycling.com\/pl\/wp-json\/wp\/v2\/media\/16083"}],"wp:attachment":[{"href":"https:\/\/www.welovecycling.com\/pl\/wp-json\/wp\/v2\/media?parent=16082"}],"wp:term":[{"taxonomy":"category","embeddable":true,"href":"https:\/\/www.welovecycling.com\/pl\/wp-json\/wp\/v2\/categories?post=16082"},{"taxonomy":"post_tag","embeddable":true,"href":"https:\/\/www.welovecycling.com\/pl\/wp-json\/wp\/v2\/tags?post=16082"},{"taxonomy":"global-categories","embeddable":true,"href":"https:\/\/www.welovecycling.com\/pl\/wp-json\/wp\/v2\/global-categories?post=16082"}],"curies":[{"name":"wp","href":"https:\/\/api.w.org\/{rel}","templated":true}]}}