{"id":16073,"date":"2025-02-28T11:22:12","date_gmt":"2025-02-28T11:22:12","guid":{"rendered":"https:\/\/www.welovecycling.com\/pl\/?p=16073"},"modified":"2025-02-28T11:22:12","modified_gmt":"2025-02-28T11:22:12","slug":"czego-sie-dowiedzialem-probujac-nauczyc-corke-jezdzic-na-rowerze","status":"publish","type":"post","link":"https:\/\/www.welovecycling.com\/pl\/2025\/02\/28\/czego-sie-dowiedzialem-probujac-nauczyc-corke-jezdzic-na-rowerze\/","title":{"rendered":"Czego si\u0119 dowiedzia\u0142em, pr\u00f3buj\u0105c nauczy\u0107 c\u00f3rk\u0119 je\u017adzi\u0107 na rowerze?"},"content":{"rendered":"<p><strong>Wielu rodzic\u00f3w z niecierpliwo\u015bci\u0105 oczekuje na moment, gdy ich dziecko po raz pierwszy wsi\u0105dzie na rower. Przeczytali wszystkie poradniki, maj\u0105 w g\u0142owie idealny plan \u2013 a teraz czekaj\u0105 ju\u017c tylko na odpowiedni\u0105 pogod\u0119, by rozpocz\u0105\u0107 rowerow\u0105 przygod\u0119. Jednak rzeczywisto\u015b\u0107 nie zawsze wygl\u0105da tak, jak sobie wyobra\u017camy \u2013 dlatego nie warto si\u0119 zniech\u0119ca\u0107, je\u015bli co\u015b nie p\u00f3jdzie po naszej my\u015bli.<\/strong><\/p>\n<p>Gdy urodzi\u0142a si\u0119 moja c\u00f3rka, by\u0142em przekonany, \u017ce zostanie rowerzystk\u0105. W ko\u0144cu dziecko pasjonata dw\u00f3ch k\u00f3\u0142ek musi pokocha\u0107 rowery, prawda? A mo\u017ce b\u0119dzie mia\u0142a zupe\u0142nie inne zainteresowania? Wszyscy m\u00f3wi\u0105, \u017ceby nie naciska\u0107, wi\u0119c tego nie robi\u0142em. Ale nie oszukujmy si\u0119 \u2013 ka\u017cdy mi\u0142o\u015bnik rower\u00f3w marzy o tym, by jego dziecko podziela\u0142o t\u0119 pasj\u0119. Wyobra\u017camy sobie wsp\u00f3lne przeja\u017cd\u017cki i jeste\u015bmy gotowi po\u015bwi\u0119ci\u0107 czas, by nauczy\u0107 dziecko wszystkiego od podstaw. W zamian oczekujemy post\u0119p\u00f3w \u2013 mo\u017ce nie ogromnych, ale przynajmniej niewielkich krok\u00f3w naprz\u00f3d. U nas jednak na razie takich post\u0119p\u00f3w nie wida\u0107. Nie pisz\u0119 tego artyku\u0142u, by ponarzeka\u0107, lecz by wesprze\u0107 innych rodzic\u00f3w, kt\u00f3rzy znale\u017ali si\u0119 w podobnej sytuacji.<\/p>\n<p>Gdy moja c\u00f3rka \u00a0mia\u0142a p\u00f3\u0142tora roku, \u00a0zamontowa\u0142em dla niej dzieci\u0119cy fotelik z przodu roweu. Dzi\u0119ki temu\u00a0 mog\u0142a siedzie\u0107 przede mn\u0105 i cieszy\u0107 si\u0119 jazd\u0105 o wiele bardziej ni\u017c dziecko w tylnym foteliku, kt\u00f3re widzi plecy rodzica. Sp\u0119dzali\u015bmy na wsp\u00f3lnych przeja\u017cd\u017ckach d\u0142ugie godziny, a ja uwielbia\u0142em dzieli\u0107 z ni\u0105 te wyj\u0105tkowe chwile. Wiem, \u017ce jej te\u017c sprawia\u0142y wielk\u0105 rado\u015b\u0107. Ku mojemu zaskoczeniu s\u0142owo \u201erower\u201d by\u0142o jednym z pierwszych, jakie wypowiedzia\u0142a! Gdy tylko zaczyna\u0142em zak\u0142ada\u0107 str\u00f3j kolarski, z rado\u015bci\u0105 wykrzykiwa\u0142a: \u201eRo-wer!\u201d \u2013 i w podskokach bieg\u0142a po sw\u00f3j kask. Moim ulubionym wspomnieniem z tamtych dni jest udzia\u0142 w rodzinnym wy\u015bcigu \u2013 \u017caden inny duet nie jecha\u0142 wtedy na jednym rowerze.<\/p>\n<p><a href=\"https:\/\/d2p6e6u75xmxt8.cloudfront.net\/5\/2025\/02\/Cycling-with-a-child.webp\"><img loading=\"lazy\" decoding=\"async\" class=\"alignnone size-full wp-image-16074\" src=\"https:\/\/d2p6e6u75xmxt8.cloudfront.net\/5\/2025\/02\/Cycling-with-a-child.webp\" alt=\"\" width=\"990\" height=\"660\" srcset=\"https:\/\/d2p6e6u75xmxt8.cloudfront.net\/5\/2025\/02\/Cycling-with-a-child.webp 990w, https:\/\/d2p6e6u75xmxt8.cloudfront.net\/5\/2025\/02\/Cycling-with-a-child-300x200.webp 300w, https:\/\/d2p6e6u75xmxt8.cloudfront.net\/5\/2025\/02\/Cycling-with-a-child-768x512.webp 768w, https:\/\/d2p6e6u75xmxt8.cloudfront.net\/5\/2025\/02\/Cycling-with-a-child-400x267.webp 400w, https:\/\/d2p6e6u75xmxt8.cloudfront.net\/5\/2025\/02\/Cycling-with-a-child-272x182.webp 272w\" sizes=\"auto, (max-width: 990px) 100vw, 990px\" \/><\/a><\/p>\n<p>Kolejnym logicznym krokiem by\u0142 zakup rowerka biegowego, by moja c\u00f3rka mog\u0142a zacz\u0105\u0107 \u0107wiczy\u0107 kierowanie i utrzymywanie r\u00f3wnowagi. Zdecydowa\u0142em si\u0119 na tzw. rowerek 2 w 1, kt\u00f3ry co prawda ma trzy ko\u0142a, ale w ka\u017cdej chwili mo\u017cna go przekszta\u0142ci\u0107 w klasyczny model dwuko\u0142owy. Zacz\u0105\u0142em zabiera\u0107 rowerek na nasze spacery. Podsuwa\u0142em go jej, gdy tylko wydawa\u0142o mi si\u0119, \u017ce ma ochot\u0119 spr\u00f3bowa\u0107, a pogoda temu sprzyja\u0142a. Moja c\u00f3rka nie by\u0142a jednak zbyt ochoczo nastawiona do samodzielnej jazdy, wi\u0119c cz\u0119sto musia\u0142em delikatnie popycha\u0107 jej rowerek. Prawd\u0119 m\u00f3wi\u0105c, bardziej interesowa\u0142y j\u0105 kamyki na \u015bcie\u017cce i motyle. Nie przeszkadza\u0142o mi to, bo cieszy\u0142em si\u0119 wsp\u00f3lnymi spacerami, ale jednocze\u015bnie zdawa\u0142em sobie spraw\u0119, \u017ce nie robimy \u017cadnych post\u0119p\u00f3w w nauce jazdy.<\/p>\n<p>Inne dzieci mija\u0142y nas na swoich rowerkach biegowych, ale moja c\u00f3rka zupe\u0142nie si\u0119 tym nie interesowa\u0142a. Z czasem po prostu przesta\u0142em zabiera\u0107 rowerek na nasze spacery. Kto\u015b m\u00f3g\u0142by pomy\u015ble\u0107, \u017ce da\u0142em za wygran\u0105, ale to nieprawda. Wiosn\u0105, gdy\u00a0 mia\u0142a trzy i p\u00f3\u0142 roku, dosta\u0142a rowerek z bocznymi k\u00f3\u0142kami. Od razu go pokocha\u0142a! Wybra\u0142em r\u00f3\u017cowy model. By zmotywowa\u0107 j\u0105 jeszcze bardziej, zamontowa\u0142em przednie i tylne lampki oraz koszyk na zabawki. Nie mog\u0142em si\u0119 doczeka\u0107, a\u017c za\u0142o\u017cy sw\u00f3j kask ozdobiony naklejkami z \u201ePsiego patrolu\u201d i wsp\u00f3lnie wybierzemy si\u0119 do parku. Zentuzjazmem zapakowa\u0142a do koszyka Arielk\u0119 i kucyka, ale kategorycznie odm\u00f3wi\u0142a za\u0142o\u017cenia sportowych ubra\u0144 \u2013 do tej okazji pasowa\u0142a tylko sukienka w kwiaty. Wtedy rado\u015bnie oznajmi\u0142a, \u017ce czas na piknik, wi\u0119c w doskona\u0142ych humorach ruszyli\u015bmy w drog\u0119.<\/p>\n<p>Szybko okaza\u0142o si\u0119, \u017ce moja c\u00f3rka nie opanowa\u0142a podstaw, kt\u00f3re wi\u0119kszo\u015b\u0107 dzieci nabywa na rowerze biegowym. Nie by\u0142a w stanie si\u0119 skupi\u0107 i stresowa\u0142a si\u0119 ka\u017cdym \u0142agodnym zjazdem. Najwi\u0119ksz\u0105 trudno\u015b\u0107 sprawia\u0142o jej panowanie nad kierownic\u0105, co sko\u0144czy\u0142o si\u0119 dwoma upadkami. Za ka\u017cdym razem stara\u0142em si\u0119 podnie\u015b\u0107 j\u0105 na duchu i pozwala\u0142em jej zdecydowa\u0107, czy chce spr\u00f3bowa\u0107 jeszcze raz. Gdy nie mia\u0142a ochoty na dalsz\u0105 jazd\u0119, bra\u0142em rower na rami\u0119 i szli\u015bmy na lody.<\/p>\n<p>Po jakim\u015b czasie moja c\u00f3rka nauczy\u0142a si\u0119 peda\u0142owa\u0107 i kilka razy przejecha\u0142a si\u0119 po kolorowym torze w parku. Wkr\u00f3tce jednak jej zainteresowanie zacz\u0119\u0142o s\u0142abn\u0105\u0107 \u2013 a\u017c w ko\u0144cu ca\u0142kiem znik\u0142o. Dzi\u015b\u00a0 ma cztery lata i kilka miesi\u0119cy. Zesz\u0142oroczny sezon rowerowy ju\u017c za nami, a ja jestem bardzo ciekaw, co przyniesie wiosna. Dalej zamierzam trzyma\u0107 si\u0119 zasady, by nie wywiera\u0107 presji. Je\u015bli moja c\u00f3rka zacznie postrzega\u0107 jazd\u0119 jako obowi\u0105zek, mo\u017ce na zawsze zniech\u0119ci\u0107 si\u0119 do tego sportu. Nadal wierz\u0119, \u017ce ka\u017cde dziecko pr\u0119dzej czy p\u00f3\u017aniej zaczyna je\u017adzi\u0107 na rowerze \u2013 to tylko kwestia czasu.<\/p>\n<p>A jak to wygl\u0105da\u0142o w przypadku Waszych dzieci?<\/p>\n<p><a class=\"in-cell-link\" href=\"http:\/\/www.skoda-auto.pl\/?_gl=1*dywqoj*_gcl_au*MTI2MDgwMjQzNC4xNzQwMTMxMjUz*GA4_ga*amo1aWJ0OXUtZTZ6My1xMTZ2LXI2YWYtZ2dyd3B0bnVraXFu*GA4_ga_KSPVKPC6VY*MTc0MDc0MDYyNi4zMy4xLjE3NDA3NDEzMTUuMC4wLjExNTg4OTI0MjU.\" target=\"_blank\" rel=\"noopener\">Artyku\u0142 powsta\u0142 we wsp\u00f3\u0142pracy ze skoda-auto.pl<\/a><\/p>\n<p><a href=\"https:\/\/d2p6e6u75xmxt8.cloudfront.net\/5\/2030\/11\/1.webp\"><img loading=\"lazy\" decoding=\"async\" class=\"size-full wp-image-13777 aligncenter\" src=\"https:\/\/d2p6e6u75xmxt8.cloudfront.net\/5\/2030\/11\/1.webp\" alt=\"\" width=\"640\" height=\"350\" srcset=\"https:\/\/d2p6e6u75xmxt8.cloudfront.net\/5\/2030\/11\/1.webp 640w, https:\/\/d2p6e6u75xmxt8.cloudfront.net\/5\/2030\/11\/1-300x164.webp 300w, https:\/\/d2p6e6u75xmxt8.cloudfront.net\/5\/2030\/11\/1-400x219.webp 400w\" sizes=\"auto, (max-width: 640px) 100vw, 640px\" \/><\/a><\/p>\n","protected":false},"excerpt":{"rendered":"<p>Wielu rodzic\u00f3w z niecierpliwo\u015bci\u0105 oczekuje na moment, gdy ich dziecko po raz pierwszy wsi\u0105dzie na rower. Przeczytali wszystkie poradniki, maj\u0105 [&hellip;]<\/p>\n","protected":false},"author":187,"featured_media":16075,"comment_status":"open","ping_status":"open","sticky":false,"template":"","format":"standard","meta":{"footnotes":""},"categories":[268],"tags":[258,25,133,191,404],"global-categories":[303],"class_list":["post-16073","post","type-post","status-publish","format-standard","has-post-thumbnail","hentry","category-rodzina","tag-dziecko","tag-rodzina","tag-rowery-dla-dzieci","tag-skoda","tag-skodapolska","global-categories-cycling"],"yoast_head":"<!-- This site is optimized with the Yoast SEO Premium plugin v25.3 (Yoast SEO v25.9) - https:\/\/yoast.com\/wordpress\/plugins\/seo\/ -->\n<title>Czego si\u0119 dowiedzia\u0142em, pr\u00f3buj\u0105c nauczy\u0107 c\u00f3rk\u0119 je\u017adzi\u0107 na rowerze? - \u0160koda We Love Cycling - Poland<\/title>\n<meta name=\"robots\" content=\"index, follow, max-snippet:-1, max-image-preview:large, max-video-preview:-1\" \/>\n<link rel=\"canonical\" href=\"https:\/\/www.welovecycling.com\/pl\/2025\/02\/28\/czego-sie-dowiedzialem-probujac-nauczyc-corke-jezdzic-na-rowerze\/\" \/>\n<meta property=\"og:locale\" content=\"pl_PL\" \/>\n<meta property=\"og:type\" content=\"article\" \/>\n<meta property=\"og:title\" content=\"Czego si\u0119 dowiedzia\u0142em, pr\u00f3buj\u0105c nauczy\u0107 c\u00f3rk\u0119 je\u017adzi\u0107 na rowerze?\" \/>\n<meta property=\"og:description\" content=\"Wielu rodzic\u00f3w z niecierpliwo\u015bci\u0105 oczekuje na moment, gdy ich dziecko po raz pierwszy wsi\u0105dzie na rower. Przeczytali wszystkie poradniki, maj\u0105 [&hellip;]\" \/>\n<meta property=\"og:url\" content=\"https:\/\/www.welovecycling.com\/pl\/2025\/02\/28\/czego-sie-dowiedzialem-probujac-nauczyc-corke-jezdzic-na-rowerze\/\" \/>\n<meta property=\"og:site_name\" content=\"\u0160koda We Love Cycling - Poland\" \/>\n<meta property=\"article:published_time\" content=\"2025-02-28T11:22:12+00:00\" \/>\n<meta property=\"og:image\" content=\"https:\/\/d2p6e6u75xmxt8.cloudfront.net\/5\/2025\/02\/What-Ive-Learnt-While-Trying-to-Teach-My-Daughter-to-Ride-a-Bike.webp\" \/>\n\t<meta property=\"og:image:width\" content=\"990\" \/>\n\t<meta property=\"og:image:height\" content=\"660\" \/>\n\t<meta property=\"og:image:type\" content=\"image\/webp\" \/>\n<meta name=\"author\" content=\"konradbobrowski\" \/>\n<meta name=\"twitter:card\" content=\"summary_large_image\" \/>\n<meta name=\"twitter:label1\" content=\"Written by\" \/>\n\t<meta name=\"twitter:data1\" content=\"Adam Marsal\" \/>\n\t<meta name=\"twitter:label2\" content=\"Est. reading time\" \/>\n\t<meta name=\"twitter:data2\" content=\"2\" \/>\n<script type=\"application\/ld+json\" class=\"yoast-schema-graph\">{\"@context\":\"https:\/\/schema.org\",\"@graph\":[{\"@type\":\"WebPage\",\"@id\":\"https:\/\/www.welovecycling.com\/pl\/2025\/02\/28\/czego-sie-dowiedzialem-probujac-nauczyc-corke-jezdzic-na-rowerze\/\",\"url\":\"https:\/\/www.welovecycling.com\/pl\/2025\/02\/28\/czego-sie-dowiedzialem-probujac-nauczyc-corke-jezdzic-na-rowerze\/\",\"name\":\"Czego si\u0119 dowiedzia\u0142em, pr\u00f3buj\u0105c nauczy\u0107 c\u00f3rk\u0119 je\u017adzi\u0107 na rowerze? - \u0160koda We Love Cycling - Poland\",\"isPartOf\":{\"@id\":\"https:\/\/www.welovecycling.com\/pl\/#website\"},\"primaryImageOfPage\":{\"@id\":\"https:\/\/www.welovecycling.com\/pl\/2025\/02\/28\/czego-sie-dowiedzialem-probujac-nauczyc-corke-jezdzic-na-rowerze\/#primaryimage\"},\"image\":{\"@id\":\"https:\/\/www.welovecycling.com\/pl\/2025\/02\/28\/czego-sie-dowiedzialem-probujac-nauczyc-corke-jezdzic-na-rowerze\/#primaryimage\"},\"thumbnailUrl\":\"https:\/\/d2p6e6u75xmxt8.cloudfront.net\/5\/2025\/02\/What-Ive-Learnt-While-Trying-to-Teach-My-Daughter-to-Ride-a-Bike.webp\",\"datePublished\":\"2025-02-28T11:22:12+00:00\",\"author\":{\"@id\":\"https:\/\/www.welovecycling.com\/pl\/#\/schema\/person\/e551e469d0b17f4e0b87f3f4fa8fc0f2\"},\"breadcrumb\":{\"@id\":\"https:\/\/www.welovecycling.com\/pl\/2025\/02\/28\/czego-sie-dowiedzialem-probujac-nauczyc-corke-jezdzic-na-rowerze\/#breadcrumb\"},\"inLanguage\":\"pl-PL\",\"potentialAction\":[{\"@type\":\"ReadAction\",\"target\":[\"https:\/\/www.welovecycling.com\/pl\/2025\/02\/28\/czego-sie-dowiedzialem-probujac-nauczyc-corke-jezdzic-na-rowerze\/\"]}]},{\"@type\":\"ImageObject\",\"inLanguage\":\"pl-PL\",\"@id\":\"https:\/\/www.welovecycling.com\/pl\/2025\/02\/28\/czego-sie-dowiedzialem-probujac-nauczyc-corke-jezdzic-na-rowerze\/#primaryimage\",\"url\":\"https:\/\/d2p6e6u75xmxt8.cloudfront.net\/5\/2025\/02\/What-Ive-Learnt-While-Trying-to-Teach-My-Daughter-to-Ride-a-Bike.webp\",\"contentUrl\":\"https:\/\/d2p6e6u75xmxt8.cloudfront.net\/5\/2025\/02\/What-Ive-Learnt-While-Trying-to-Teach-My-Daughter-to-Ride-a-Bike.webp\",\"width\":990,\"height\":660},{\"@type\":\"BreadcrumbList\",\"@id\":\"https:\/\/www.welovecycling.com\/pl\/2025\/02\/28\/czego-sie-dowiedzialem-probujac-nauczyc-corke-jezdzic-na-rowerze\/#breadcrumb\",\"itemListElement\":[{\"@type\":\"ListItem\",\"position\":1,\"name\":\"Home\",\"item\":\"https:\/\/www.welovecycling.com\/pl\/\"},{\"@type\":\"ListItem\",\"position\":2,\"name\":\"Czego si\u0119 dowiedzia\u0142em, pr\u00f3buj\u0105c nauczy\u0107 c\u00f3rk\u0119 je\u017adzi\u0107 na rowerze?\"}]},{\"@type\":\"WebSite\",\"@id\":\"https:\/\/www.welovecycling.com\/pl\/#website\",\"url\":\"https:\/\/www.welovecycling.com\/pl\/\",\"name\":\"\u0160koda We Love Cycling - Poland\",\"description\":\"\",\"potentialAction\":[{\"@type\":\"SearchAction\",\"target\":{\"@type\":\"EntryPoint\",\"urlTemplate\":\"https:\/\/www.welovecycling.com\/pl\/?s={search_term_string}\"},\"query-input\":{\"@type\":\"PropertyValueSpecification\",\"valueRequired\":true,\"valueName\":\"search_term_string\"}}],\"inLanguage\":\"pl-PL\"},{\"@type\":\"Person\",\"@id\":\"https:\/\/www.welovecycling.com\/pl\/#\/schema\/person\/e551e469d0b17f4e0b87f3f4fa8fc0f2\",\"name\":\"konradbobrowski\",\"image\":{\"@type\":\"ImageObject\",\"inLanguage\":\"pl-PL\",\"@id\":\"https:\/\/www.welovecycling.com\/pl\/#\/schema\/person\/image\/\",\"url\":\"https:\/\/secure.gravatar.com\/avatar\/91ac5a8cb4a26d3b32dc77b5e6d46616cf6adf425879538f5e5d7e4ef2333a4c?s=96&d=mm&r=g\",\"contentUrl\":\"https:\/\/secure.gravatar.com\/avatar\/91ac5a8cb4a26d3b32dc77b5e6d46616cf6adf425879538f5e5d7e4ef2333a4c?s=96&d=mm&r=g\",\"caption\":\"konradbobrowski\"},\"url\":\"https:\/\/www.welovecycling.com\/pl\/author\/konradbobrowski\/\"}]}<\/script>\n<!-- \/ Yoast SEO Premium plugin. -->","yoast_head_json":{"title":"Czego si\u0119 dowiedzia\u0142em, pr\u00f3buj\u0105c nauczy\u0107 c\u00f3rk\u0119 je\u017adzi\u0107 na rowerze? - \u0160koda We Love Cycling - Poland","robots":{"index":"index","follow":"follow","max-snippet":"max-snippet:-1","max-image-preview":"max-image-preview:large","max-video-preview":"max-video-preview:-1"},"canonical":"https:\/\/www.welovecycling.com\/pl\/2025\/02\/28\/czego-sie-dowiedzialem-probujac-nauczyc-corke-jezdzic-na-rowerze\/","og_locale":"pl_PL","og_type":"article","og_title":"Czego si\u0119 dowiedzia\u0142em, pr\u00f3buj\u0105c nauczy\u0107 c\u00f3rk\u0119 je\u017adzi\u0107 na rowerze?","og_description":"Wielu rodzic\u00f3w z niecierpliwo\u015bci\u0105 oczekuje na moment, gdy ich dziecko po raz pierwszy wsi\u0105dzie na rower. Przeczytali wszystkie poradniki, maj\u0105 [&hellip;]","og_url":"https:\/\/www.welovecycling.com\/pl\/2025\/02\/28\/czego-sie-dowiedzialem-probujac-nauczyc-corke-jezdzic-na-rowerze\/","og_site_name":"\u0160koda We Love Cycling - Poland","article_published_time":"2025-02-28T11:22:12+00:00","og_image":[{"width":990,"height":660,"url":"https:\/\/d2p6e6u75xmxt8.cloudfront.net\/5\/2025\/02\/What-Ive-Learnt-While-Trying-to-Teach-My-Daughter-to-Ride-a-Bike.webp","type":"image\/webp"}],"author":"konradbobrowski","twitter_card":"summary_large_image","twitter_misc":{"Written by":"Adam Marsal","Est. reading time":"2"},"schema":{"@context":"https:\/\/schema.org","@graph":[{"@type":"WebPage","@id":"https:\/\/www.welovecycling.com\/pl\/2025\/02\/28\/czego-sie-dowiedzialem-probujac-nauczyc-corke-jezdzic-na-rowerze\/","url":"https:\/\/www.welovecycling.com\/pl\/2025\/02\/28\/czego-sie-dowiedzialem-probujac-nauczyc-corke-jezdzic-na-rowerze\/","name":"Czego si\u0119 dowiedzia\u0142em, pr\u00f3buj\u0105c nauczy\u0107 c\u00f3rk\u0119 je\u017adzi\u0107 na rowerze? - \u0160koda We Love Cycling - Poland","isPartOf":{"@id":"https:\/\/www.welovecycling.com\/pl\/#website"},"primaryImageOfPage":{"@id":"https:\/\/www.welovecycling.com\/pl\/2025\/02\/28\/czego-sie-dowiedzialem-probujac-nauczyc-corke-jezdzic-na-rowerze\/#primaryimage"},"image":{"@id":"https:\/\/www.welovecycling.com\/pl\/2025\/02\/28\/czego-sie-dowiedzialem-probujac-nauczyc-corke-jezdzic-na-rowerze\/#primaryimage"},"thumbnailUrl":"https:\/\/d2p6e6u75xmxt8.cloudfront.net\/5\/2025\/02\/What-Ive-Learnt-While-Trying-to-Teach-My-Daughter-to-Ride-a-Bike.webp","datePublished":"2025-02-28T11:22:12+00:00","author":{"@id":"https:\/\/www.welovecycling.com\/pl\/#\/schema\/person\/e551e469d0b17f4e0b87f3f4fa8fc0f2"},"breadcrumb":{"@id":"https:\/\/www.welovecycling.com\/pl\/2025\/02\/28\/czego-sie-dowiedzialem-probujac-nauczyc-corke-jezdzic-na-rowerze\/#breadcrumb"},"inLanguage":"pl-PL","potentialAction":[{"@type":"ReadAction","target":["https:\/\/www.welovecycling.com\/pl\/2025\/02\/28\/czego-sie-dowiedzialem-probujac-nauczyc-corke-jezdzic-na-rowerze\/"]}]},{"@type":"ImageObject","inLanguage":"pl-PL","@id":"https:\/\/www.welovecycling.com\/pl\/2025\/02\/28\/czego-sie-dowiedzialem-probujac-nauczyc-corke-jezdzic-na-rowerze\/#primaryimage","url":"https:\/\/d2p6e6u75xmxt8.cloudfront.net\/5\/2025\/02\/What-Ive-Learnt-While-Trying-to-Teach-My-Daughter-to-Ride-a-Bike.webp","contentUrl":"https:\/\/d2p6e6u75xmxt8.cloudfront.net\/5\/2025\/02\/What-Ive-Learnt-While-Trying-to-Teach-My-Daughter-to-Ride-a-Bike.webp","width":990,"height":660},{"@type":"BreadcrumbList","@id":"https:\/\/www.welovecycling.com\/pl\/2025\/02\/28\/czego-sie-dowiedzialem-probujac-nauczyc-corke-jezdzic-na-rowerze\/#breadcrumb","itemListElement":[{"@type":"ListItem","position":1,"name":"Home","item":"https:\/\/www.welovecycling.com\/pl\/"},{"@type":"ListItem","position":2,"name":"Czego si\u0119 dowiedzia\u0142em, pr\u00f3buj\u0105c nauczy\u0107 c\u00f3rk\u0119 je\u017adzi\u0107 na rowerze?"}]},{"@type":"WebSite","@id":"https:\/\/www.welovecycling.com\/pl\/#website","url":"https:\/\/www.welovecycling.com\/pl\/","name":"\u0160koda We Love Cycling - Poland","description":"","potentialAction":[{"@type":"SearchAction","target":{"@type":"EntryPoint","urlTemplate":"https:\/\/www.welovecycling.com\/pl\/?s={search_term_string}"},"query-input":{"@type":"PropertyValueSpecification","valueRequired":true,"valueName":"search_term_string"}}],"inLanguage":"pl-PL"},{"@type":"Person","@id":"https:\/\/www.welovecycling.com\/pl\/#\/schema\/person\/e551e469d0b17f4e0b87f3f4fa8fc0f2","name":"konradbobrowski","image":{"@type":"ImageObject","inLanguage":"pl-PL","@id":"https:\/\/www.welovecycling.com\/pl\/#\/schema\/person\/image\/","url":"https:\/\/secure.gravatar.com\/avatar\/91ac5a8cb4a26d3b32dc77b5e6d46616cf6adf425879538f5e5d7e4ef2333a4c?s=96&d=mm&r=g","contentUrl":"https:\/\/secure.gravatar.com\/avatar\/91ac5a8cb4a26d3b32dc77b5e6d46616cf6adf425879538f5e5d7e4ef2333a4c?s=96&d=mm&r=g","caption":"konradbobrowski"},"url":"https:\/\/www.welovecycling.com\/pl\/author\/konradbobrowski\/"}]}},"_links":{"self":[{"href":"https:\/\/www.welovecycling.com\/pl\/wp-json\/wp\/v2\/posts\/16073","targetHints":{"allow":["GET"]}}],"collection":[{"href":"https:\/\/www.welovecycling.com\/pl\/wp-json\/wp\/v2\/posts"}],"about":[{"href":"https:\/\/www.welovecycling.com\/pl\/wp-json\/wp\/v2\/types\/post"}],"author":[{"embeddable":true,"href":"https:\/\/www.welovecycling.com\/pl\/wp-json\/wp\/v2\/users\/187"}],"replies":[{"embeddable":true,"href":"https:\/\/www.welovecycling.com\/pl\/wp-json\/wp\/v2\/comments?post=16073"}],"version-history":[{"count":1,"href":"https:\/\/www.welovecycling.com\/pl\/wp-json\/wp\/v2\/posts\/16073\/revisions"}],"predecessor-version":[{"id":16076,"href":"https:\/\/www.welovecycling.com\/pl\/wp-json\/wp\/v2\/posts\/16073\/revisions\/16076"}],"wp:featuredmedia":[{"embeddable":true,"href":"https:\/\/www.welovecycling.com\/pl\/wp-json\/wp\/v2\/media\/16075"}],"wp:attachment":[{"href":"https:\/\/www.welovecycling.com\/pl\/wp-json\/wp\/v2\/media?parent=16073"}],"wp:term":[{"taxonomy":"category","embeddable":true,"href":"https:\/\/www.welovecycling.com\/pl\/wp-json\/wp\/v2\/categories?post=16073"},{"taxonomy":"post_tag","embeddable":true,"href":"https:\/\/www.welovecycling.com\/pl\/wp-json\/wp\/v2\/tags?post=16073"},{"taxonomy":"global-categories","embeddable":true,"href":"https:\/\/www.welovecycling.com\/pl\/wp-json\/wp\/v2\/global-categories?post=16073"}],"curies":[{"name":"wp","href":"https:\/\/api.w.org\/{rel}","templated":true}]}}