{"id":1607,"date":"2016-08-01T09:31:22","date_gmt":"2016-08-01T09:31:22","guid":{"rendered":"http:\/\/skoda-rowery.pl\/?p=1607"},"modified":"2016-12-05T08:44:47","modified_gmt":"2016-12-05T08:44:47","slug":"5-niesamowitych-rzeczy-ktore-zapamietamy-z-tour-de-france","status":"publish","type":"post","link":"https:\/\/www.welovecycling.com\/pl\/2016\/08\/01\/5-niesamowitych-rzeczy-ktore-zapamietamy-z-tour-de-france\/","title":{"rendered":"5 niesamowitych rzeczy, kt\u00f3re zapami\u0119tamy z Tour de France"},"content":{"rendered":"<p style=\"text-align: justify\">\u0141zy i pi\u0119kne przem\u00f3wienie zwyci\u0119zcy, ale tak\u017ce atak balonowej konstrukcji i po\u017cegnania Rosjanina, kt\u00f3ry maj\u0105tku dorobi\u0142 si\u0119 na&#8230; pierogach. Oto 5 rzeczy, z kt\u00f3rych zapami\u0119tamy tegoroczny Tour de France.<!--more--><\/p>\n<p style=\"text-align: justify\"><strong>Przem\u00f3wienie Christophera Froome&#8217;a<\/strong><\/p>\n<p style=\"text-align: justify\">To nie by\u0142 zwyk\u0142y monolog zwyci\u0119zcy. Oczywi\u015bcie Brytyjczyk tradycyjnie podzi\u0119kowa\u0142 wszystkim: od koleg\u00f3w, przez trener\u00f3w, po rodzin\u0119, ale pami\u0119ta\u0142 r\u00f3wnie\u017c o ofiarach zamach\u00f3w terrorystycznych, kt\u00f3ry wydarzy\u0142y si\u0119 w Nicei w trakcie trwania \u201eWielkiej P\u0119tli\u201d.<\/p>\n<p>\u201eWydarzy\u0142y si\u0119 straszne rzeczy i jeszcze raz chcia\u0142bym odda\u0107 ho\u0142d tym, kt\u00f3rzy stracili \u017cycie w tych okropnych okoliczno\u015bciach. Wszyscy kochamy Tour de France za to, \u017ce zawsze pozostaje taki sam. Pasja ludzi r\u00f3\u017cnych narodowo\u015bci, pi\u0119kno Francji i przyja\u017a\u0144 kreowana przez sport \u2013 te rzeczy nigdy si\u0119 tu nie zmieni\u0105&#8221; \u2013 m\u00f3wi\u0142 Froome ze \u0142zami w oczach, gdy na koniec wy\u015bcigu sta\u0142 na podium.<\/p>\n<p style=\"text-align: justify\"><strong>Wielcy faworyci rezygnuj\u0105<\/strong><\/p>\n<p style=\"text-align: justify\">To zawsze trudna decyzja dla kolarza. Jedni robi\u0105 to ze \u0142zami w oczach, inni ze w\u015bciek\u0142o\u015bci\u0105. Bo na Tour de France czeka si\u0119 ca\u0142y rok, ale czasem trzeba si\u0119 z nim przedwcze\u015bnie po\u017cegna\u0107.\u00a0Taki los spotka\u0142 w tym sezonie najwi\u0119kszych zawodnik\u00f3w, m.in. Marka Cavendisha, Fabiana Cancellar\u0119, czy Alberto Contadora. Dwaj pierwsi musieli stoczy\u0107 wewn\u0119trzn\u0105 walk\u0119 \u00a0i przeprowadzi\u0107 ch\u0142odn\u0105 kalkulacj\u0119. W ko\u0144cu uznali, \u017ce TdF b\u0119dzie kosztowa\u0142 ich za du\u017co si\u0142 \u00a0i stresu, wi\u0119c postanowili zrezygnowa\u0107 i postawia\u0107 na przygotowania do sierpniowych Igrzysk Olimpijskich.\u00a0Z kolei Contador przegra\u0142 z b\u00f3lem. Na pierwszych etapach zaliczy\u0142 dwie powa\u017cne upadki, kt\u00f3rych skutki odczuwa\u0142 jeszcze tydzie\u0144. W ko\u0144cu dopad\u0142 go jeszcze gor\u0105czka i musia\u0142 powiedzie\u0107 &#8222;do\u015b\u0107&#8221;.<\/p>\n<p style=\"text-align: justify\"><strong>Niesamowity Mont Ventoux<\/strong><\/p>\n<p style=\"text-align: justify\">O tym, \u017ce jest to magiczna g\u00f3ra, nikogo nie trzeba przekonywa\u0107. W tegorocznym Tour de France skr\u00f3cono ten etap z powodu silnego wiatru, ale i tak nie oby\u0142o si\u0119 bez niespodzianek.<\/p>\n<p style=\"text-align: justify\">Blisko kilometr przed met\u0105 dosz\u0142o do kraksy, bo peleton najecha\u0142 na tzw. motor telewizyjny, kt\u00f3ry nagle si\u0119 zatrzyma\u0142. Pecha mia\u0142 Froome, kt\u00f3rego rower uleg\u0142 awarii, wi\u0119c Brytyjczyk&#8230; pobieg\u0142 w stron\u0119 mety. W ko\u0144cu zesp\u00f3\u0142 dostarczy\u0142 mu zapasowy sprz\u0119t, a p\u00f3\u017aniej na wysoko\u015bci zadania stan\u0119li s\u0119dziowie, kt\u00f3rzy uznali, \u017ce mimo tych przyg\u00f3d Brytyjczyk pozostanie liderem klasyfikacji generalnej.<\/p>\n<p style=\"text-align: justify\"><strong>Po\u017cegnanie charyzmatycznego Rosjanina<\/strong><\/p>\n<p style=\"text-align: justify\">To by\u0142 ostatni Tour de France grupy Olega Tinkova, w kt\u00f3rej je\u017cd\u017c\u0105 Rafa\u0142 Majka (zdobywca koszulki w grochy) i Peter Sagan (wygra\u0142 zielony trykot ufundowany przez\u00a0\u0160KOD\u0118). Tinkov z ko\u0144cem roku\u00a0wycofuje si\u0119 z kolarstwa m.in. z powodu niepewnej sytuacji gospodarczej jego kraju. Tym samym dyscyplina traci niezwykle oryginalnego cz\u0142owieka.\u00a0Przyk\u0142ad? Blisko 50-letni Tinkov potrafi\u0142 przejecha\u0107 ca\u0142\u0105 tras\u0119 wy\u015bcigu! Mia\u0142 swojego technika, masa\u017cyst\u0119 i samoch\u00f3d, a po pokonaniu etapu&#8230; udziela\u0142 kolarzom taktycznych wskaz\u00f3wek, cho\u0107 sami zawodnicy przyznawali, \u017ce by\u0142y one niezbyt trafne.<\/p>\n<p style=\"text-align: justify\">Tinkov urodzi\u0142 si\u0119 na Syberii. Zajmowa\u0142 si\u0119 elektronik\u0105, by\u0142 restauratorem, a sie\u0107 pierogarni sprzeda\u0142 samemu Romanowi Abramowiczowi. Dzi\u015b zajmuje si\u0119 finansami, a jego maj\u0105tek szacuje si\u0119 na ok. dwa miliardy dolar\u00f3w.\u00a0\u201eJeste\u015bmy \u015bwietn\u0105 dru\u017cyn\u0105, dlatego ciesz\u0119 si\u0119, \u017ce mamy dwie koszulki. To nasz spos\u00f3b na podzi\u0119kowanie\u00a0za wsparcie\u00a0Olegowi Tinkovowi\u201d &#8211; m\u00f3wi\u0142 Majka podczas Tour de France.<\/p>\n<p style=\"text-align: justify\"><strong>Balonowy hamulec<\/strong><\/p>\n<p style=\"text-align: justify\">Takie rzeczy si\u0119 zdarzaj\u0105 nie tylko na mniejszych wy\u015bcigach, ale tak\u017ce na Tour de France. Kilometr przed met\u0105 si\u00f3dmego etapu cz\u0119\u015b\u0107 peletonu zosta\u0142a zatrzymana przez&#8230; balonow\u0105 konstrukcj\u0119, kt\u00f3ra spad\u0142a na jezdni\u0119 i zastopowa\u0142a zawodnik\u00f3w niczym \u015bciana!<\/p>\n<p style=\"text-align: justify\">Nikomu jednak nic si\u0119 nie sta\u0142o, a czas zosta\u0142 \u201ezneutralizowany\u201d, wi\u0119c nikt na niesprawiedliwo\u015b\u0107 przesadnie nie m\u00f3g\u0142 narzeka\u0107.<\/p>\n","protected":false},"excerpt":{"rendered":"<p>\u0141zy i pi\u0119kne przem\u00f3wienie zwyci\u0119zcy, ale tak\u017ce atak balonowej konstrukcji i po\u017cegnania Rosjanina, kt\u00f3ry maj\u0105tku dorobi\u0142 si\u0119 na&#8230; pierogach. Oto [&hellip;]<\/p>\n","protected":false},"author":1,"featured_media":1608,"comment_status":"open","ping_status":"closed","sticky":false,"template":"","format":"standard","meta":{"footnotes":""},"categories":[1],"tags":[77],"global-categories":[],"class_list":["post-1607","post","type-post","status-publish","format-standard","has-post-thumbnail","hentry","category-uncategorized","tag-tour-de-france"],"yoast_head":"<!-- This site is optimized with the Yoast SEO Premium plugin v25.3 (Yoast SEO v25.9) - https:\/\/yoast.com\/wordpress\/plugins\/seo\/ -->\n<title>5 niesamowitych rzeczy, kt\u00f3re zapami\u0119tamy z Tour de France - \u0160koda We Love Cycling - Poland<\/title>\n<meta name=\"robots\" content=\"index, follow, max-snippet:-1, max-image-preview:large, max-video-preview:-1\" \/>\n<link rel=\"canonical\" href=\"https:\/\/www.welovecycling.com\/pl\/2016\/08\/01\/5-niesamowitych-rzeczy-ktore-zapamietamy-z-tour-de-france\/\" \/>\n<meta property=\"og:locale\" content=\"pl_PL\" \/>\n<meta property=\"og:type\" content=\"article\" \/>\n<meta property=\"og:title\" content=\"5 niesamowitych rzeczy, kt\u00f3re zapami\u0119tamy z Tour de France\" \/>\n<meta property=\"og:description\" content=\"\u0141zy i pi\u0119kne przem\u00f3wienie zwyci\u0119zcy, ale tak\u017ce atak balonowej konstrukcji i po\u017cegnania Rosjanina, kt\u00f3ry maj\u0105tku dorobi\u0142 si\u0119 na&#8230; pierogach. Oto [&hellip;]\" \/>\n<meta property=\"og:url\" content=\"https:\/\/www.welovecycling.com\/pl\/2016\/08\/01\/5-niesamowitych-rzeczy-ktore-zapamietamy-z-tour-de-france\/\" \/>\n<meta property=\"og:site_name\" content=\"\u0160koda We Love Cycling - Poland\" \/>\n<meta property=\"article:published_time\" content=\"2016-08-01T09:31:22+00:00\" \/>\n<meta property=\"article:modified_time\" content=\"2016-12-05T08:44:47+00:00\" \/>\n<meta property=\"og:image\" content=\"https:\/\/d2p6e6u75xmxt8.cloudfront.net\/5\/2016\/07\/20160725433_froome_ventoux_1000.jpg\" \/>\n\t<meta property=\"og:image:width\" content=\"1000\" \/>\n\t<meta property=\"og:image:height\" content=\"666\" \/>\n\t<meta property=\"og:image:type\" content=\"image\/jpeg\" \/>\n<meta name=\"author\" content=\"WeLoveCycling\" \/>\n<meta name=\"twitter:card\" content=\"summary_large_image\" \/>\n<meta name=\"twitter:label1\" content=\"Written by\" \/>\n\t<meta name=\"twitter:data1\" content=\"WeLoveCycling\" \/>\n\t<meta name=\"twitter:label2\" content=\"Est. reading time\" \/>\n\t<meta name=\"twitter:data2\" content=\"3 minutes\" \/>\n<script type=\"application\/ld+json\" class=\"yoast-schema-graph\">{\"@context\":\"https:\/\/schema.org\",\"@graph\":[{\"@type\":\"WebPage\",\"@id\":\"https:\/\/www.welovecycling.com\/pl\/2016\/08\/01\/5-niesamowitych-rzeczy-ktore-zapamietamy-z-tour-de-france\/\",\"url\":\"https:\/\/www.welovecycling.com\/pl\/2016\/08\/01\/5-niesamowitych-rzeczy-ktore-zapamietamy-z-tour-de-france\/\",\"name\":\"5 niesamowitych rzeczy, kt\u00f3re zapami\u0119tamy z Tour de France - \u0160koda We Love Cycling - Poland\",\"isPartOf\":{\"@id\":\"https:\/\/www.welovecycling.com\/pl\/#website\"},\"primaryImageOfPage\":{\"@id\":\"https:\/\/www.welovecycling.com\/pl\/2016\/08\/01\/5-niesamowitych-rzeczy-ktore-zapamietamy-z-tour-de-france\/#primaryimage\"},\"image\":{\"@id\":\"https:\/\/www.welovecycling.com\/pl\/2016\/08\/01\/5-niesamowitych-rzeczy-ktore-zapamietamy-z-tour-de-france\/#primaryimage\"},\"thumbnailUrl\":\"https:\/\/d2p6e6u75xmxt8.cloudfront.net\/5\/2016\/07\/20160725433_froome_ventoux_1000.jpg\",\"datePublished\":\"2016-08-01T09:31:22+00:00\",\"dateModified\":\"2016-12-05T08:44:47+00:00\",\"author\":{\"@id\":\"https:\/\/www.welovecycling.com\/pl\/#\/schema\/person\/e5187c9cac8dd619ebc7b41bd73c2fd9\"},\"breadcrumb\":{\"@id\":\"https:\/\/www.welovecycling.com\/pl\/2016\/08\/01\/5-niesamowitych-rzeczy-ktore-zapamietamy-z-tour-de-france\/#breadcrumb\"},\"inLanguage\":\"pl-PL\",\"potentialAction\":[{\"@type\":\"ReadAction\",\"target\":[\"https:\/\/www.welovecycling.com\/pl\/2016\/08\/01\/5-niesamowitych-rzeczy-ktore-zapamietamy-z-tour-de-france\/\"]}]},{\"@type\":\"ImageObject\",\"inLanguage\":\"pl-PL\",\"@id\":\"https:\/\/www.welovecycling.com\/pl\/2016\/08\/01\/5-niesamowitych-rzeczy-ktore-zapamietamy-z-tour-de-france\/#primaryimage\",\"url\":\"https:\/\/d2p6e6u75xmxt8.cloudfront.net\/5\/2016\/07\/20160725433_froome_ventoux_1000.jpg\",\"contentUrl\":\"https:\/\/d2p6e6u75xmxt8.cloudfront.net\/5\/2016\/07\/20160725433_froome_ventoux_1000.jpg\",\"width\":1000,\"height\":666},{\"@type\":\"BreadcrumbList\",\"@id\":\"https:\/\/www.welovecycling.com\/pl\/2016\/08\/01\/5-niesamowitych-rzeczy-ktore-zapamietamy-z-tour-de-france\/#breadcrumb\",\"itemListElement\":[{\"@type\":\"ListItem\",\"position\":1,\"name\":\"Home\",\"item\":\"https:\/\/www.welovecycling.com\/pl\/\"},{\"@type\":\"ListItem\",\"position\":2,\"name\":\"5 niesamowitych rzeczy, kt\u00f3re zapami\u0119tamy z Tour de France\"}]},{\"@type\":\"WebSite\",\"@id\":\"https:\/\/www.welovecycling.com\/pl\/#website\",\"url\":\"https:\/\/www.welovecycling.com\/pl\/\",\"name\":\"\u0160koda We Love Cycling - Poland\",\"description\":\"\",\"potentialAction\":[{\"@type\":\"SearchAction\",\"target\":{\"@type\":\"EntryPoint\",\"urlTemplate\":\"https:\/\/www.welovecycling.com\/pl\/?s={search_term_string}\"},\"query-input\":{\"@type\":\"PropertyValueSpecification\",\"valueRequired\":true,\"valueName\":\"search_term_string\"}}],\"inLanguage\":\"pl-PL\"},{\"@type\":\"Person\",\"@id\":\"https:\/\/www.welovecycling.com\/pl\/#\/schema\/person\/e5187c9cac8dd619ebc7b41bd73c2fd9\",\"name\":\"WeLoveCycling\",\"image\":{\"@type\":\"ImageObject\",\"inLanguage\":\"pl-PL\",\"@id\":\"https:\/\/www.welovecycling.com\/pl\/#\/schema\/person\/image\/\",\"url\":\"https:\/\/secure.gravatar.com\/avatar\/7e1ee0ecc5e294b19ef32b9f6086e0afbb9da00c3cb0d465ba4695331f4a9187?s=96&d=mm&r=g\",\"contentUrl\":\"https:\/\/secure.gravatar.com\/avatar\/7e1ee0ecc5e294b19ef32b9f6086e0afbb9da00c3cb0d465ba4695331f4a9187?s=96&d=mm&r=g\",\"caption\":\"WeLoveCycling\"},\"url\":\"https:\/\/www.welovecycling.com\/pl\/author\/lukascech\/\"}]}<\/script>\n<!-- \/ Yoast SEO Premium plugin. -->","yoast_head_json":{"title":"5 niesamowitych rzeczy, kt\u00f3re zapami\u0119tamy z Tour de France - \u0160koda We Love Cycling - Poland","robots":{"index":"index","follow":"follow","max-snippet":"max-snippet:-1","max-image-preview":"max-image-preview:large","max-video-preview":"max-video-preview:-1"},"canonical":"https:\/\/www.welovecycling.com\/pl\/2016\/08\/01\/5-niesamowitych-rzeczy-ktore-zapamietamy-z-tour-de-france\/","og_locale":"pl_PL","og_type":"article","og_title":"5 niesamowitych rzeczy, kt\u00f3re zapami\u0119tamy z Tour de France","og_description":"\u0141zy i pi\u0119kne przem\u00f3wienie zwyci\u0119zcy, ale tak\u017ce atak balonowej konstrukcji i po\u017cegnania Rosjanina, kt\u00f3ry maj\u0105tku dorobi\u0142 si\u0119 na&#8230; pierogach. Oto [&hellip;]","og_url":"https:\/\/www.welovecycling.com\/pl\/2016\/08\/01\/5-niesamowitych-rzeczy-ktore-zapamietamy-z-tour-de-france\/","og_site_name":"\u0160koda We Love Cycling - Poland","article_published_time":"2016-08-01T09:31:22+00:00","article_modified_time":"2016-12-05T08:44:47+00:00","og_image":[{"width":1000,"height":666,"url":"https:\/\/d2p6e6u75xmxt8.cloudfront.net\/5\/2016\/07\/20160725433_froome_ventoux_1000.jpg","type":"image\/jpeg"}],"author":"WeLoveCycling","twitter_card":"summary_large_image","twitter_misc":{"Written by":"WeLoveCycling","Est. reading time":"3 minutes"},"schema":{"@context":"https:\/\/schema.org","@graph":[{"@type":"WebPage","@id":"https:\/\/www.welovecycling.com\/pl\/2016\/08\/01\/5-niesamowitych-rzeczy-ktore-zapamietamy-z-tour-de-france\/","url":"https:\/\/www.welovecycling.com\/pl\/2016\/08\/01\/5-niesamowitych-rzeczy-ktore-zapamietamy-z-tour-de-france\/","name":"5 niesamowitych rzeczy, kt\u00f3re zapami\u0119tamy z Tour de France - \u0160koda We Love Cycling - Poland","isPartOf":{"@id":"https:\/\/www.welovecycling.com\/pl\/#website"},"primaryImageOfPage":{"@id":"https:\/\/www.welovecycling.com\/pl\/2016\/08\/01\/5-niesamowitych-rzeczy-ktore-zapamietamy-z-tour-de-france\/#primaryimage"},"image":{"@id":"https:\/\/www.welovecycling.com\/pl\/2016\/08\/01\/5-niesamowitych-rzeczy-ktore-zapamietamy-z-tour-de-france\/#primaryimage"},"thumbnailUrl":"https:\/\/d2p6e6u75xmxt8.cloudfront.net\/5\/2016\/07\/20160725433_froome_ventoux_1000.jpg","datePublished":"2016-08-01T09:31:22+00:00","dateModified":"2016-12-05T08:44:47+00:00","author":{"@id":"https:\/\/www.welovecycling.com\/pl\/#\/schema\/person\/e5187c9cac8dd619ebc7b41bd73c2fd9"},"breadcrumb":{"@id":"https:\/\/www.welovecycling.com\/pl\/2016\/08\/01\/5-niesamowitych-rzeczy-ktore-zapamietamy-z-tour-de-france\/#breadcrumb"},"inLanguage":"pl-PL","potentialAction":[{"@type":"ReadAction","target":["https:\/\/www.welovecycling.com\/pl\/2016\/08\/01\/5-niesamowitych-rzeczy-ktore-zapamietamy-z-tour-de-france\/"]}]},{"@type":"ImageObject","inLanguage":"pl-PL","@id":"https:\/\/www.welovecycling.com\/pl\/2016\/08\/01\/5-niesamowitych-rzeczy-ktore-zapamietamy-z-tour-de-france\/#primaryimage","url":"https:\/\/d2p6e6u75xmxt8.cloudfront.net\/5\/2016\/07\/20160725433_froome_ventoux_1000.jpg","contentUrl":"https:\/\/d2p6e6u75xmxt8.cloudfront.net\/5\/2016\/07\/20160725433_froome_ventoux_1000.jpg","width":1000,"height":666},{"@type":"BreadcrumbList","@id":"https:\/\/www.welovecycling.com\/pl\/2016\/08\/01\/5-niesamowitych-rzeczy-ktore-zapamietamy-z-tour-de-france\/#breadcrumb","itemListElement":[{"@type":"ListItem","position":1,"name":"Home","item":"https:\/\/www.welovecycling.com\/pl\/"},{"@type":"ListItem","position":2,"name":"5 niesamowitych rzeczy, kt\u00f3re zapami\u0119tamy z Tour de France"}]},{"@type":"WebSite","@id":"https:\/\/www.welovecycling.com\/pl\/#website","url":"https:\/\/www.welovecycling.com\/pl\/","name":"\u0160koda We Love Cycling - Poland","description":"","potentialAction":[{"@type":"SearchAction","target":{"@type":"EntryPoint","urlTemplate":"https:\/\/www.welovecycling.com\/pl\/?s={search_term_string}"},"query-input":{"@type":"PropertyValueSpecification","valueRequired":true,"valueName":"search_term_string"}}],"inLanguage":"pl-PL"},{"@type":"Person","@id":"https:\/\/www.welovecycling.com\/pl\/#\/schema\/person\/e5187c9cac8dd619ebc7b41bd73c2fd9","name":"WeLoveCycling","image":{"@type":"ImageObject","inLanguage":"pl-PL","@id":"https:\/\/www.welovecycling.com\/pl\/#\/schema\/person\/image\/","url":"https:\/\/secure.gravatar.com\/avatar\/7e1ee0ecc5e294b19ef32b9f6086e0afbb9da00c3cb0d465ba4695331f4a9187?s=96&d=mm&r=g","contentUrl":"https:\/\/secure.gravatar.com\/avatar\/7e1ee0ecc5e294b19ef32b9f6086e0afbb9da00c3cb0d465ba4695331f4a9187?s=96&d=mm&r=g","caption":"WeLoveCycling"},"url":"https:\/\/www.welovecycling.com\/pl\/author\/lukascech\/"}]}},"_links":{"self":[{"href":"https:\/\/www.welovecycling.com\/pl\/wp-json\/wp\/v2\/posts\/1607","targetHints":{"allow":["GET"]}}],"collection":[{"href":"https:\/\/www.welovecycling.com\/pl\/wp-json\/wp\/v2\/posts"}],"about":[{"href":"https:\/\/www.welovecycling.com\/pl\/wp-json\/wp\/v2\/types\/post"}],"author":[{"embeddable":true,"href":"https:\/\/www.welovecycling.com\/pl\/wp-json\/wp\/v2\/users\/1"}],"replies":[{"embeddable":true,"href":"https:\/\/www.welovecycling.com\/pl\/wp-json\/wp\/v2\/comments?post=1607"}],"version-history":[{"count":1,"href":"https:\/\/www.welovecycling.com\/pl\/wp-json\/wp\/v2\/posts\/1607\/revisions"}],"predecessor-version":[{"id":2401,"href":"https:\/\/www.welovecycling.com\/pl\/wp-json\/wp\/v2\/posts\/1607\/revisions\/2401"}],"wp:featuredmedia":[{"embeddable":true,"href":"https:\/\/www.welovecycling.com\/pl\/wp-json\/wp\/v2\/media\/1608"}],"wp:attachment":[{"href":"https:\/\/www.welovecycling.com\/pl\/wp-json\/wp\/v2\/media?parent=1607"}],"wp:term":[{"taxonomy":"category","embeddable":true,"href":"https:\/\/www.welovecycling.com\/pl\/wp-json\/wp\/v2\/categories?post=1607"},{"taxonomy":"post_tag","embeddable":true,"href":"https:\/\/www.welovecycling.com\/pl\/wp-json\/wp\/v2\/tags?post=1607"},{"taxonomy":"global-categories","embeddable":true,"href":"https:\/\/www.welovecycling.com\/pl\/wp-json\/wp\/v2\/global-categories?post=1607"}],"curies":[{"name":"wp","href":"https:\/\/api.w.org\/{rel}","templated":true}]}}