{"id":16069,"date":"2025-02-24T15:14:29","date_gmt":"2025-02-24T15:14:29","guid":{"rendered":"https:\/\/www.welovecycling.com\/pl\/?p=16069"},"modified":"2025-02-24T15:14:29","modified_gmt":"2025-02-24T15:14:29","slug":"czlowiek-z-innego-kolarskiego-swiata-pogacar-znow-pokazal-na-co-go-stac","status":"publish","type":"post","link":"https:\/\/www.welovecycling.com\/pl\/2025\/02\/24\/czlowiek-z-innego-kolarskiego-swiata-pogacar-znow-pokazal-na-co-go-stac\/","title":{"rendered":"Cz\u0142owiek z innego kolarskiego \u015bwiata. Poga\u010dar zn\u00f3w pokaza\u0142, na co go sta\u0107!"},"content":{"rendered":"<p><strong>G\u0142o\u015bny okrzyk zwyci\u0119stwa i\u2026 ulgi uni\u00f3s\u0142 si\u0119 w niedzielny wiecz\u00f3r nad Zjednoczonymi Emiratami Arabskimi. Tadej Poga\u010dar (UAE Team Emirates XRG) wygra\u0142 UAE Tour 2025 i tym samym usatysfakcjonowa\u0142 sponsor\u00f3w oraz potwierdzi\u0142, \u017ce przygotowania do sezonu posz\u0142y zgodnie z planem.<\/strong><\/p>\n<p>Pierwsze wy\u015bcigi w roku zawsze s\u0105 spor\u0105 niewiadom\u0105. Zawodnicy nie wiedz\u0105, czego spodziewa\u0107 si\u0119 po przeciwnikach, a tak\u017ce nie maj\u0105 pewno\u015bci, czy trafili z form\u0105 oraz odpowiednim odpoczynkiem. Tymczasem od Tadeja Poga\u010dara wymaga si\u0119 wygrywania ju\u017c od pierwszych zawod\u00f3w, bo w\u0142a\u015bnie na pocz\u0105tek roku przypada UAE Tour, czyli wy\u015bcig, na kt\u00f3rym szczeg\u00f3lnie zale\u017cy jego sponsorom. S\u0142oweniec po raz kolejny stan\u0105\u0142 na wysoko\u015bci zadania i potwierdzi\u0142, \u017ce tak\u017ce w tym sezonie spr\u00f3buje zachwyci\u0107 kolarski \u015bwiat nowymi rekordami.<\/p>\n<p><a href=\"https:\/\/x.com\/AbuDhabiSC\/status\/1893715250823733705\">https:\/\/x.com\/AbuDhabiSC\/status\/1893715250823733705<\/a><\/p>\n<h2><strong>Pokaz si\u0142y<\/strong><\/h2>\n<p>W pierwszych dw\u00f3ch dniach Poga\u010dar si\u0119 oszcz\u0119dza\u0142. P\u0142aski etap wygra\u0142 Jonathan Milan (Lidl-Trek), a jazd\u0119 na czas Josh Tarling (Ineos Grenadiers). Poga\u010dar pokaz si\u0142y da\u0142 jednak trzeciego dnia, cho\u0107 na pocz\u0105tku niewiele na to wskazywa\u0142o. Na prowadzeniu zmienia\u0142y si\u0119 r\u00f3\u017cne ekipy, a dru\u017cyna UAE Team Emirates XRG czai\u0142a si\u0119 lekko z ty\u0142u. Jej zawodnicy jednak dobrze wiedzieli, \u017ce ich lider ma budowa\u0107 przewag\u0119 w g\u00f3rach.<\/p>\n<p><a href=\"https:\/\/x.com\/uae_tour\/status\/1892185801783406799\">https:\/\/x.com\/uae_tour\/status\/1892185801783406799<\/a><\/p>\n<p>Poga\u010dar nie jest ju\u017c m\u0142odym i zbieraj\u0105cym do\u015bwiadczenie zawodnikiem, ale kolarzem, kt\u00f3rego powoli stawia si\u0119 w jednym rz\u0119dzie z najwi\u0119kszymi zawodnikami w historii tego sportu. S\u0142oweniec doskonale wiedzia\u0142, jak rozegra\u0107 finisz, i wygra\u0142 etap oraz przej\u0105\u0142 prowadzenie w klasyfikacji generalnej.<\/p>\n<p>\u2013 To wspania\u0142e, \u017ce zwyci\u0119\u017cyli\u015bmy, ale wygrana w ca\u0142ym wy\u015bcigu nie jest pewna. Przed nami jeszcze kilka etap\u00f3w i wszystko mo\u017ce si\u0119 zdarzy\u0107 \u2013 podkre\u015bla\u0142 Poga\u010dar przed kamerami Eurosportu.<\/p>\n<h2><strong>Zwyci\u0119stwo w g\u00f3rach<\/strong><\/h2>\n<p>Przez S\u0142owe\u0144ca przemawia\u0142a jednak skromno\u015b\u0107, bo ju\u017c do ko\u0144ca nie da\u0142 sobie wydrze\u0107 koszulki lidera. Co prawda w trzech kolejnych dniach nie by\u0142o go w\u015br\u00f3d najszybciej finiszuj\u0105cych zawodnik\u00f3w, ale kropk\u0119 nad i postawi\u0142 podczas ostatniego etapu i oczywi\u015bcie zn\u00f3w zrobi\u0142 to w g\u00f3rach. Co prawda na d\u0142ugiej i p\u0142askiej trasie S\u0142oweniec nie wyrywa\u0142 si\u0119 do przodu, ale na ostatnich kilometrach pokaza\u0142, komu nale\u017cy si\u0119 zwyci\u0119stwo.<\/p>\n<p><a href=\"https:\/\/x.com\/VelonCC\/status\/1893663334819324237\">https:\/\/x.com\/VelonCC\/status\/1893663334819324237<\/a><\/p>\n<p>Poga\u010dar ze zdwojon\u0105 si\u0142\u0105 ruszy\u0142 do przodu i b\u0142yskawicznie zyskiwa\u0142 kolejne sekundy nad rywalami. Ostatecznie na mecie, zlokalizowanej na szczycie Jabel Hafeet, by\u0142 ponad p\u00f3\u0142 minuty przed kolejnym zawodnikiem.<\/p>\n<h2><strong>\u201eKoledzy wykonali \u015bwietn\u0105 robot\u0119\u201d<\/strong><\/h2>\n<p>Poga\u010dar na mecie nie zapomnia\u0142 o swoich kolegach z zespo\u0142u.<\/p>\n<p>\u2013 Wykonali \u015bwietn\u0105 robot\u0119, wi\u0119c postanowi\u0142em spr\u00f3bowa\u0107 zaatakowa\u0107 sam. Nie chcia\u0142em bowiem, \u017ceby zaskoczy\u0142 mnie kt\u00f3ry\u015b z rywali&#8230; Og\u00f3lnie by\u0142 to dla nas bardzo udany wy\u015bcig, ale na razie nie planuj\u0119 rywalizowa\u0107 w kolejnych zawodach wieloetapowych, wi\u0119c pora przestawi\u0107 si\u0119 na klasyki \u2013 powiedzia\u0142 na mecie S\u0142oweniec.<\/p>\n<p><a href=\"https:\/\/x.com\/uae_tour\/status\/1893714966902960258\">https:\/\/x.com\/uae_tour\/status\/1893714966902960258<\/a><\/p>\n<p>A skoro o klasykach mowa, to warto r\u00f3wnie\u017c wspomnie\u0107 o bardzo udanym starcie sezonu Micha\u0142a Kwiatkowskiego (Ineos Grenadiers), kt\u00f3ry wygra\u0142 Clasica Jaen 2025. To pierwsze zwyci\u0119stwo Polaka od ponad p\u00f3\u0142tora roku, gdy wygra\u0142 jeden z etap\u00f3w Tour de France 2023.<\/p>\n<p><span data-sheets-value=\"{&quot;1&quot;:2,&quot;2&quot;:&quot;Artyku\u0142 powsta\u0142 we wsp\u00f3\u0142pracy ze skoda-auto.pl&quot;}\" data-sheets-userformat=\"{&quot;2&quot;:1,&quot;3&quot;:{&quot;1&quot;:0}}\" data-sheets-hyperlink=\"http:\/\/www.skoda-auto.pl\/\"><a class=\"in-cell-link\" href=\"http:\/\/www.skoda-auto.pl\/\" target=\"_blank\" rel=\"noopener noreferrer\">Artyku\u0142 powsta\u0142 we wsp\u00f3\u0142pracy ze skoda-auto.pl<\/a><\/span><\/p>\n<p><a href=\"https:\/\/d2p6e6u75xmxt8.cloudfront.net\/5\/2030\/11\/2.webp\"><img loading=\"lazy\" decoding=\"async\" class=\"size-full wp-image-13774 aligncenter\" src=\"https:\/\/d2p6e6u75xmxt8.cloudfront.net\/5\/2030\/11\/2.webp\" alt=\"\" width=\"640\" height=\"350\" srcset=\"https:\/\/d2p6e6u75xmxt8.cloudfront.net\/5\/2030\/11\/2.webp 640w, https:\/\/d2p6e6u75xmxt8.cloudfront.net\/5\/2030\/11\/2-300x164.webp 300w, https:\/\/d2p6e6u75xmxt8.cloudfront.net\/5\/2030\/11\/2-400x219.webp 400w\" sizes=\"auto, (max-width: 640px) 100vw, 640px\" \/><\/a><\/p>\n","protected":false},"excerpt":{"rendered":"<p>G\u0142o\u015bny okrzyk zwyci\u0119stwa i\u2026 ulgi uni\u00f3s\u0142 si\u0119 w niedzielny wiecz\u00f3r nad Zjednoczonymi Emiratami Arabskimi. Tadej Poga\u010dar (UAE Team Emirates XRG) [&hellip;]<\/p>\n","protected":false},"author":187,"featured_media":16070,"comment_status":"open","ping_status":"open","sticky":false,"template":"","format":"standard","meta":{"footnotes":""},"categories":[6],"tags":[151,191,404,379,146,264,423],"global-categories":[303],"class_list":["post-16069","post","type-post","status-publish","format-standard","has-post-thumbnail","hentry","category-kolarstwo-szosowe","tag-kolarstwo-szosowe","tag-skoda","tag-skodapolska","tag-tadej-pogacar","tag-wyscig","tag-wyscig-etapowy","tag-wyscigi-szosowe","global-categories-cycling"],"yoast_head":"<!-- This site is optimized with the Yoast SEO Premium plugin v25.3 (Yoast SEO v25.9) - https:\/\/yoast.com\/wordpress\/plugins\/seo\/ -->\n<title>Cz\u0142owiek z innego kolarskiego \u015bwiata. Poga\u010dar zn\u00f3w pokaza\u0142, na co go sta\u0107! - \u0160koda We Love Cycling - Poland<\/title>\n<meta name=\"robots\" content=\"index, follow, max-snippet:-1, max-image-preview:large, max-video-preview:-1\" \/>\n<link rel=\"canonical\" href=\"https:\/\/www.welovecycling.com\/pl\/2025\/02\/24\/czlowiek-z-innego-kolarskiego-swiata-pogacar-znow-pokazal-na-co-go-stac\/\" \/>\n<meta property=\"og:locale\" content=\"pl_PL\" \/>\n<meta property=\"og:type\" content=\"article\" \/>\n<meta property=\"og:title\" content=\"Cz\u0142owiek z innego kolarskiego \u015bwiata. Poga\u010dar zn\u00f3w pokaza\u0142, na co go sta\u0107!\" \/>\n<meta property=\"og:description\" content=\"G\u0142o\u015bny okrzyk zwyci\u0119stwa i\u2026 ulgi uni\u00f3s\u0142 si\u0119 w niedzielny wiecz\u00f3r nad Zjednoczonymi Emiratami Arabskimi. Tadej Poga\u010dar (UAE Team Emirates XRG) [&hellip;]\" \/>\n<meta property=\"og:url\" content=\"https:\/\/www.welovecycling.com\/pl\/2025\/02\/24\/czlowiek-z-innego-kolarskiego-swiata-pogacar-znow-pokazal-na-co-go-stac\/\" \/>\n<meta property=\"og:site_name\" content=\"\u0160koda We Love Cycling - Poland\" \/>\n<meta property=\"article:published_time\" content=\"2025-02-24T15:14:29+00:00\" \/>\n<meta property=\"og:image\" content=\"https:\/\/d2p6e6u75xmxt8.cloudfront.net\/5\/2025\/02\/Pogacar-Wins-His-Race-While-Vingegaard-Strikes-Late-to-Deny-Almeida-1.webp\" \/>\n\t<meta property=\"og:image:width\" content=\"990\" \/>\n\t<meta property=\"og:image:height\" content=\"660\" \/>\n\t<meta property=\"og:image:type\" content=\"image\/webp\" \/>\n<meta name=\"author\" content=\"konradbobrowski\" \/>\n<meta name=\"twitter:card\" content=\"summary_large_image\" \/>\n<meta name=\"twitter:label1\" content=\"Written by\" \/>\n\t<meta name=\"twitter:data1\" content=\"Piotr Nowik\" \/>\n\t<meta name=\"twitter:label2\" content=\"Est. reading time\" \/>\n\t<meta name=\"twitter:data2\" content=\"3\" \/>\n<script type=\"application\/ld+json\" class=\"yoast-schema-graph\">{\"@context\":\"https:\/\/schema.org\",\"@graph\":[{\"@type\":\"WebPage\",\"@id\":\"https:\/\/www.welovecycling.com\/pl\/2025\/02\/24\/czlowiek-z-innego-kolarskiego-swiata-pogacar-znow-pokazal-na-co-go-stac\/\",\"url\":\"https:\/\/www.welovecycling.com\/pl\/2025\/02\/24\/czlowiek-z-innego-kolarskiego-swiata-pogacar-znow-pokazal-na-co-go-stac\/\",\"name\":\"Cz\u0142owiek z innego kolarskiego \u015bwiata. Poga\u010dar zn\u00f3w pokaza\u0142, na co go sta\u0107! - \u0160koda We Love Cycling - Poland\",\"isPartOf\":{\"@id\":\"https:\/\/www.welovecycling.com\/pl\/#website\"},\"primaryImageOfPage\":{\"@id\":\"https:\/\/www.welovecycling.com\/pl\/2025\/02\/24\/czlowiek-z-innego-kolarskiego-swiata-pogacar-znow-pokazal-na-co-go-stac\/#primaryimage\"},\"image\":{\"@id\":\"https:\/\/www.welovecycling.com\/pl\/2025\/02\/24\/czlowiek-z-innego-kolarskiego-swiata-pogacar-znow-pokazal-na-co-go-stac\/#primaryimage\"},\"thumbnailUrl\":\"https:\/\/d2p6e6u75xmxt8.cloudfront.net\/5\/2025\/02\/Pogacar-Wins-His-Race-While-Vingegaard-Strikes-Late-to-Deny-Almeida-1.webp\",\"datePublished\":\"2025-02-24T15:14:29+00:00\",\"author\":{\"@id\":\"https:\/\/www.welovecycling.com\/pl\/#\/schema\/person\/e551e469d0b17f4e0b87f3f4fa8fc0f2\"},\"breadcrumb\":{\"@id\":\"https:\/\/www.welovecycling.com\/pl\/2025\/02\/24\/czlowiek-z-innego-kolarskiego-swiata-pogacar-znow-pokazal-na-co-go-stac\/#breadcrumb\"},\"inLanguage\":\"pl-PL\",\"potentialAction\":[{\"@type\":\"ReadAction\",\"target\":[\"https:\/\/www.welovecycling.com\/pl\/2025\/02\/24\/czlowiek-z-innego-kolarskiego-swiata-pogacar-znow-pokazal-na-co-go-stac\/\"]}]},{\"@type\":\"ImageObject\",\"inLanguage\":\"pl-PL\",\"@id\":\"https:\/\/www.welovecycling.com\/pl\/2025\/02\/24\/czlowiek-z-innego-kolarskiego-swiata-pogacar-znow-pokazal-na-co-go-stac\/#primaryimage\",\"url\":\"https:\/\/d2p6e6u75xmxt8.cloudfront.net\/5\/2025\/02\/Pogacar-Wins-His-Race-While-Vingegaard-Strikes-Late-to-Deny-Almeida-1.webp\",\"contentUrl\":\"https:\/\/d2p6e6u75xmxt8.cloudfront.net\/5\/2025\/02\/Pogacar-Wins-His-Race-While-Vingegaard-Strikes-Late-to-Deny-Almeida-1.webp\",\"width\":990,\"height\":660},{\"@type\":\"BreadcrumbList\",\"@id\":\"https:\/\/www.welovecycling.com\/pl\/2025\/02\/24\/czlowiek-z-innego-kolarskiego-swiata-pogacar-znow-pokazal-na-co-go-stac\/#breadcrumb\",\"itemListElement\":[{\"@type\":\"ListItem\",\"position\":1,\"name\":\"Home\",\"item\":\"https:\/\/www.welovecycling.com\/pl\/\"},{\"@type\":\"ListItem\",\"position\":2,\"name\":\"Cz\u0142owiek z innego kolarskiego \u015bwiata. Poga\u010dar zn\u00f3w pokaza\u0142, na co go sta\u0107!\"}]},{\"@type\":\"WebSite\",\"@id\":\"https:\/\/www.welovecycling.com\/pl\/#website\",\"url\":\"https:\/\/www.welovecycling.com\/pl\/\",\"name\":\"\u0160koda We Love Cycling - Poland\",\"description\":\"\",\"potentialAction\":[{\"@type\":\"SearchAction\",\"target\":{\"@type\":\"EntryPoint\",\"urlTemplate\":\"https:\/\/www.welovecycling.com\/pl\/?s={search_term_string}\"},\"query-input\":{\"@type\":\"PropertyValueSpecification\",\"valueRequired\":true,\"valueName\":\"search_term_string\"}}],\"inLanguage\":\"pl-PL\"},{\"@type\":\"Person\",\"@id\":\"https:\/\/www.welovecycling.com\/pl\/#\/schema\/person\/e551e469d0b17f4e0b87f3f4fa8fc0f2\",\"name\":\"konradbobrowski\",\"image\":{\"@type\":\"ImageObject\",\"inLanguage\":\"pl-PL\",\"@id\":\"https:\/\/www.welovecycling.com\/pl\/#\/schema\/person\/image\/\",\"url\":\"https:\/\/secure.gravatar.com\/avatar\/91ac5a8cb4a26d3b32dc77b5e6d46616cf6adf425879538f5e5d7e4ef2333a4c?s=96&d=mm&r=g\",\"contentUrl\":\"https:\/\/secure.gravatar.com\/avatar\/91ac5a8cb4a26d3b32dc77b5e6d46616cf6adf425879538f5e5d7e4ef2333a4c?s=96&d=mm&r=g\",\"caption\":\"konradbobrowski\"},\"url\":\"https:\/\/www.welovecycling.com\/pl\/author\/konradbobrowski\/\"}]}<\/script>\n<!-- \/ Yoast SEO Premium plugin. -->","yoast_head_json":{"title":"Cz\u0142owiek z innego kolarskiego \u015bwiata. Poga\u010dar zn\u00f3w pokaza\u0142, na co go sta\u0107! - \u0160koda We Love Cycling - Poland","robots":{"index":"index","follow":"follow","max-snippet":"max-snippet:-1","max-image-preview":"max-image-preview:large","max-video-preview":"max-video-preview:-1"},"canonical":"https:\/\/www.welovecycling.com\/pl\/2025\/02\/24\/czlowiek-z-innego-kolarskiego-swiata-pogacar-znow-pokazal-na-co-go-stac\/","og_locale":"pl_PL","og_type":"article","og_title":"Cz\u0142owiek z innego kolarskiego \u015bwiata. Poga\u010dar zn\u00f3w pokaza\u0142, na co go sta\u0107!","og_description":"G\u0142o\u015bny okrzyk zwyci\u0119stwa i\u2026 ulgi uni\u00f3s\u0142 si\u0119 w niedzielny wiecz\u00f3r nad Zjednoczonymi Emiratami Arabskimi. Tadej Poga\u010dar (UAE Team Emirates XRG) [&hellip;]","og_url":"https:\/\/www.welovecycling.com\/pl\/2025\/02\/24\/czlowiek-z-innego-kolarskiego-swiata-pogacar-znow-pokazal-na-co-go-stac\/","og_site_name":"\u0160koda We Love Cycling - Poland","article_published_time":"2025-02-24T15:14:29+00:00","og_image":[{"width":990,"height":660,"url":"https:\/\/d2p6e6u75xmxt8.cloudfront.net\/5\/2025\/02\/Pogacar-Wins-His-Race-While-Vingegaard-Strikes-Late-to-Deny-Almeida-1.webp","type":"image\/webp"}],"author":"konradbobrowski","twitter_card":"summary_large_image","twitter_misc":{"Written by":"Piotr Nowik","Est. reading time":"3"},"schema":{"@context":"https:\/\/schema.org","@graph":[{"@type":"WebPage","@id":"https:\/\/www.welovecycling.com\/pl\/2025\/02\/24\/czlowiek-z-innego-kolarskiego-swiata-pogacar-znow-pokazal-na-co-go-stac\/","url":"https:\/\/www.welovecycling.com\/pl\/2025\/02\/24\/czlowiek-z-innego-kolarskiego-swiata-pogacar-znow-pokazal-na-co-go-stac\/","name":"Cz\u0142owiek z innego kolarskiego \u015bwiata. Poga\u010dar zn\u00f3w pokaza\u0142, na co go sta\u0107! - \u0160koda We Love Cycling - Poland","isPartOf":{"@id":"https:\/\/www.welovecycling.com\/pl\/#website"},"primaryImageOfPage":{"@id":"https:\/\/www.welovecycling.com\/pl\/2025\/02\/24\/czlowiek-z-innego-kolarskiego-swiata-pogacar-znow-pokazal-na-co-go-stac\/#primaryimage"},"image":{"@id":"https:\/\/www.welovecycling.com\/pl\/2025\/02\/24\/czlowiek-z-innego-kolarskiego-swiata-pogacar-znow-pokazal-na-co-go-stac\/#primaryimage"},"thumbnailUrl":"https:\/\/d2p6e6u75xmxt8.cloudfront.net\/5\/2025\/02\/Pogacar-Wins-His-Race-While-Vingegaard-Strikes-Late-to-Deny-Almeida-1.webp","datePublished":"2025-02-24T15:14:29+00:00","author":{"@id":"https:\/\/www.welovecycling.com\/pl\/#\/schema\/person\/e551e469d0b17f4e0b87f3f4fa8fc0f2"},"breadcrumb":{"@id":"https:\/\/www.welovecycling.com\/pl\/2025\/02\/24\/czlowiek-z-innego-kolarskiego-swiata-pogacar-znow-pokazal-na-co-go-stac\/#breadcrumb"},"inLanguage":"pl-PL","potentialAction":[{"@type":"ReadAction","target":["https:\/\/www.welovecycling.com\/pl\/2025\/02\/24\/czlowiek-z-innego-kolarskiego-swiata-pogacar-znow-pokazal-na-co-go-stac\/"]}]},{"@type":"ImageObject","inLanguage":"pl-PL","@id":"https:\/\/www.welovecycling.com\/pl\/2025\/02\/24\/czlowiek-z-innego-kolarskiego-swiata-pogacar-znow-pokazal-na-co-go-stac\/#primaryimage","url":"https:\/\/d2p6e6u75xmxt8.cloudfront.net\/5\/2025\/02\/Pogacar-Wins-His-Race-While-Vingegaard-Strikes-Late-to-Deny-Almeida-1.webp","contentUrl":"https:\/\/d2p6e6u75xmxt8.cloudfront.net\/5\/2025\/02\/Pogacar-Wins-His-Race-While-Vingegaard-Strikes-Late-to-Deny-Almeida-1.webp","width":990,"height":660},{"@type":"BreadcrumbList","@id":"https:\/\/www.welovecycling.com\/pl\/2025\/02\/24\/czlowiek-z-innego-kolarskiego-swiata-pogacar-znow-pokazal-na-co-go-stac\/#breadcrumb","itemListElement":[{"@type":"ListItem","position":1,"name":"Home","item":"https:\/\/www.welovecycling.com\/pl\/"},{"@type":"ListItem","position":2,"name":"Cz\u0142owiek z innego kolarskiego \u015bwiata. Poga\u010dar zn\u00f3w pokaza\u0142, na co go sta\u0107!"}]},{"@type":"WebSite","@id":"https:\/\/www.welovecycling.com\/pl\/#website","url":"https:\/\/www.welovecycling.com\/pl\/","name":"\u0160koda We Love Cycling - Poland","description":"","potentialAction":[{"@type":"SearchAction","target":{"@type":"EntryPoint","urlTemplate":"https:\/\/www.welovecycling.com\/pl\/?s={search_term_string}"},"query-input":{"@type":"PropertyValueSpecification","valueRequired":true,"valueName":"search_term_string"}}],"inLanguage":"pl-PL"},{"@type":"Person","@id":"https:\/\/www.welovecycling.com\/pl\/#\/schema\/person\/e551e469d0b17f4e0b87f3f4fa8fc0f2","name":"konradbobrowski","image":{"@type":"ImageObject","inLanguage":"pl-PL","@id":"https:\/\/www.welovecycling.com\/pl\/#\/schema\/person\/image\/","url":"https:\/\/secure.gravatar.com\/avatar\/91ac5a8cb4a26d3b32dc77b5e6d46616cf6adf425879538f5e5d7e4ef2333a4c?s=96&d=mm&r=g","contentUrl":"https:\/\/secure.gravatar.com\/avatar\/91ac5a8cb4a26d3b32dc77b5e6d46616cf6adf425879538f5e5d7e4ef2333a4c?s=96&d=mm&r=g","caption":"konradbobrowski"},"url":"https:\/\/www.welovecycling.com\/pl\/author\/konradbobrowski\/"}]}},"_links":{"self":[{"href":"https:\/\/www.welovecycling.com\/pl\/wp-json\/wp\/v2\/posts\/16069","targetHints":{"allow":["GET"]}}],"collection":[{"href":"https:\/\/www.welovecycling.com\/pl\/wp-json\/wp\/v2\/posts"}],"about":[{"href":"https:\/\/www.welovecycling.com\/pl\/wp-json\/wp\/v2\/types\/post"}],"author":[{"embeddable":true,"href":"https:\/\/www.welovecycling.com\/pl\/wp-json\/wp\/v2\/users\/187"}],"replies":[{"embeddable":true,"href":"https:\/\/www.welovecycling.com\/pl\/wp-json\/wp\/v2\/comments?post=16069"}],"version-history":[{"count":1,"href":"https:\/\/www.welovecycling.com\/pl\/wp-json\/wp\/v2\/posts\/16069\/revisions"}],"predecessor-version":[{"id":16071,"href":"https:\/\/www.welovecycling.com\/pl\/wp-json\/wp\/v2\/posts\/16069\/revisions\/16071"}],"wp:featuredmedia":[{"embeddable":true,"href":"https:\/\/www.welovecycling.com\/pl\/wp-json\/wp\/v2\/media\/16070"}],"wp:attachment":[{"href":"https:\/\/www.welovecycling.com\/pl\/wp-json\/wp\/v2\/media?parent=16069"}],"wp:term":[{"taxonomy":"category","embeddable":true,"href":"https:\/\/www.welovecycling.com\/pl\/wp-json\/wp\/v2\/categories?post=16069"},{"taxonomy":"post_tag","embeddable":true,"href":"https:\/\/www.welovecycling.com\/pl\/wp-json\/wp\/v2\/tags?post=16069"},{"taxonomy":"global-categories","embeddable":true,"href":"https:\/\/www.welovecycling.com\/pl\/wp-json\/wp\/v2\/global-categories?post=16069"}],"curies":[{"name":"wp","href":"https:\/\/api.w.org\/{rel}","templated":true}]}}