{"id":16061,"date":"2025-02-14T10:58:15","date_gmt":"2025-02-14T10:58:15","guid":{"rendered":"https:\/\/www.welovecycling.com\/pl\/?p=16061"},"modified":"2025-02-14T10:58:15","modified_gmt":"2025-02-14T10:58:15","slug":"zaczynaja-sie-wielkie-emocje-wraca-katarzyna-niewiadoma","status":"publish","type":"post","link":"https:\/\/www.welovecycling.com\/pl\/2025\/02\/14\/zaczynaja-sie-wielkie-emocje-wraca-katarzyna-niewiadoma\/","title":{"rendered":"Zaczynaj\u0105 si\u0119 wielkie emocje, wraca Katarzyna Niewiadoma"},"content":{"rendered":"<p><strong>Najlepsi kolarze \u015bwiata w\u0142a\u015bnie wrzucaj\u0105 wy\u017csze prze\u0142o\u017cenie. Zawodnicy rozpoczynaj\u0105 rywalizacj\u0119 w UAE Tour, a kolarki jad\u0105 w Setmana Ciclista Valenciana \u2013 Vuelta Comunitat V. W Hiszpanii sezon zaczyna tak\u017ce Katarzyna Niewiadoma (Canyon Sram).<\/strong><\/p>\n<p>To ju\u017c ko\u0144cowy etap wybudzania si\u0119 z zimowego snu. Co prawda jazd\u0119 w UCI World Tour rozpocz\u0119to w styczniu wy\u015bcigami w Australii, ale teraz rywalizacja zaczyna si\u0119 rozkr\u0119ca\u0107.<\/p>\n<h2><strong>W Hiszpanii ka\u017cdy znajdzie co\u015b dla siebie<\/strong><\/h2>\n<p>W\u0142a\u015bnie zacz\u0105\u0142 si\u0119 Setmana Ciclista Valenciana \u2013 Vuelta Comunitat V \u2013 wy\u015bcig, kt\u00f3ry przypad\u0142 do gustu Katarzynie Niewiadomej. W poprzednim sezonie Polka zaj\u0119\u0142a w nim drugie miejsce, a potem by\u0142o ju\u017c tylko lepiej \u2013 wygra\u0142a m.in. Tour de France Femmes.<\/p>\n<p><a href=\"https:\/\/x.com\/SetmanaCiclista\/status\/1889794766381948949\">https:\/\/x.com\/SetmanaCiclista\/status\/1889794766381948949<\/a><\/p>\n<p>W tym roku w czteroetapowej hiszpa\u0144skiej rywalizacji ka\u017cda zawodniczka powinna znale\u017a\u0107 co\u015b dla siebie.<\/p>\n<p>\u2013 Po raz kolejny wyst\u0105pi\u0105 u nas najlepsze kolarki \u015bwiata, kt\u00f3re zafunduj\u0105 kibicom cztery dni jazdy na najwy\u017cszym poziomie \u2013 czytamy na oficjalnej stronie Setmana Ciclista Valenciana \u2013 Vuelta Comunitat V.<\/p>\n<h2><strong>Czas na r\u00f3\u017cne specjalizacje<\/strong><\/h2>\n<p>\u015aciganie zacz\u0119\u0142o si\u0119 etapem Alzira \u2013 Gandia (113 km), nast\u0119pnie zawodniczki pojad\u0105 z Benicassim do Nules (117 km), p\u00f3\u017aniej z Sagunt do Walencji (118 km), a wy\u015bcig zako\u0144cz\u0105 niedzielnym etapem Elx \u2013 Alicante (132,5 km).<\/p>\n<p>\u2013 Te 477 kilometr\u00f3w zaoferuje mo\u017cliwo\u015b\u0107 wykazania si\u0119 zawodniczkom r\u00f3\u017cnych specjalno\u015bci. B\u0119d\u0105 sprinty, okazje dla \u0142owczy\u0144 etap\u00f3w oraz dzie\u0144 dla g\u00f3ralek \u2013 zacieraj\u0105 r\u0119ce organizatorzy.<\/p>\n<p>Niewiadoma jest jedn\u0105 z faworytek wy\u015bcigu, a wspomaga\u0107 j\u0105 b\u0119dzie Agnieszka Skalniak-S\u00f3jka.<\/p>\n<p><a href=\"https:\/\/x.com\/WMNcycling\/status\/1889214498340508049\">https:\/\/x.com\/WMNcycling\/status\/1889214498340508049<\/a><\/p>\n<p>Z kolei dwie inne Polki \u2013 Marta Lach (Team SD Worx \u2013 Protime) oraz Kaja Rysz (Roland) \u2013 jad\u0105 w UAE Tour Women. W wy\u015bcigu zaplanowano cztery etapy i zako\u0144czy si\u0119 on w niedziel\u0119. Dzie\u0144 p\u00f3\u017aniej na trasy Bliskiego Wschodu wyjad\u0105 m\u0119\u017cczy\u017ani.<\/p>\n<p><a href=\"https:\/\/x.com\/uae_tour\/status\/1888666551470923993\">https:\/\/x.com\/uae_tour\/status\/1888666551470923993<\/a><\/p>\n<h2><strong>Poga\u010dar: \u201eNie mog\u0119 si\u0119 ju\u017c doczeka\u0107 startu\u201d<\/strong><\/h2>\n<p>W tegorocznym UAE Tour form\u0119 sprawdz\u0105 czo\u0142owi kolarze, a zwyci\u0119stwo za punkt honoru stawia sobie ekipa gospodarzy \u2013 UAE Team Emirates-XRG. Do wygranej ma ich poprowadzi\u0107 oczywi\u015bcie Tadej Poga\u010dar.<\/p>\n<p>\u2013 Jestem bardzo zmotywowany i podekscytowany pocz\u0105tkiem sezonu. Na szcz\u0119\u015bcie mia\u0142em do\u015b\u0107 udane przygotowania, czuj\u0119 si\u0119 dobrze i jestem gotowy do startu. Nie mog\u0119 si\u0119 ju\u017c doczeka\u0107. Jestem pewny, \u017ce b\u0119d\u0119 mia\u0142 silne wsparcie koleg\u00f3w na trasie, a tak\u017ce ca\u0142ego naszego zespo\u0142u. B\u0119dziemy te\u017c mogli liczy\u0107 na kibic\u00f3w. Wa\u017cne, \u017ceby\u015bmy stworzyli dobre widowisko, i mocno postaramy si\u0119, by wygrana zosta\u0142a w domu \u2013 podkre\u015bla Pogacar na oficjalnej stronie UAE Team Emirates-XRG.<\/p>\n<p>Wy\u015bcig zacznie si\u0119 od p\u0142askiego etapu, a nast\u0119pnie zaplanowano jazd\u0119 na czas oraz po g\u00f3rach. P\u00f3\u017aniej zn\u00f3w nast\u0105pi\u0105 trzy dni bez wi\u0119kszych przewy\u017csze\u0144, a rywalizacja rozstrzygnie si\u0119 23 lutego g\u00f3rskim etapem z Al Ain Hazza bin Zayed Stadium do Jebel Hafeet.<\/p>\n<p><a href=\"https:\/\/x.com\/TeamEmiratesUAE\/status\/1889601720591827102\">https:\/\/x.com\/TeamEmiratesUAE\/status\/1889601720591827102<\/a><\/p>\n<p>\u2013 Zazwyczaj kluczowymi etapami s\u0105 jazda na czas oraz g\u00f3rskie finisze, ale je\u015bli z\u0142apiemy wiatr na p\u0142askich odcinkach, to one r\u00f3wnie\u017c mog\u0105 mie\u0107 znaczenie, wi\u0119c musimy by\u0107 gotowi na wszystko. My\u015bl\u0119, \u017ce z punktu widzenia kibic\u00f3w b\u0119dzie to naprawd\u0119 fajny wy\u015bcig. Nie mog\u0119 si\u0119 ju\u017c doczeka\u0107 startu \u2013 zaznacza Poga\u010dar.<\/p>\n<p><span data-sheets-value=\"{&quot;1&quot;:2,&quot;2&quot;:&quot;Artyku\u0142 powsta\u0142 we wsp\u00f3\u0142pracy ze skoda-auto.pl&quot;}\" data-sheets-userformat=\"{&quot;2&quot;:1,&quot;3&quot;:{&quot;1&quot;:0}}\" data-sheets-hyperlink=\"http:\/\/www.skoda-auto.pl\/\"><a class=\"in-cell-link\" href=\"http:\/\/www.skoda-auto.pl\/\" target=\"_blank\" rel=\"noopener noreferrer\">Artyku\u0142 powsta\u0142 we wsp\u00f3\u0142pracy ze skoda-auto.pl<\/a><\/span><\/p>\n<p><a href=\"https:\/\/d2p6e6u75xmxt8.cloudfront.net\/5\/2030\/11\/1.webp\"><img loading=\"lazy\" decoding=\"async\" class=\"size-full wp-image-13777 aligncenter\" src=\"https:\/\/d2p6e6u75xmxt8.cloudfront.net\/5\/2030\/11\/1.webp\" alt=\"\" width=\"640\" height=\"350\" srcset=\"https:\/\/d2p6e6u75xmxt8.cloudfront.net\/5\/2030\/11\/1.webp 640w, https:\/\/d2p6e6u75xmxt8.cloudfront.net\/5\/2030\/11\/1-300x164.webp 300w, https:\/\/d2p6e6u75xmxt8.cloudfront.net\/5\/2030\/11\/1-400x219.webp 400w\" sizes=\"auto, (max-width: 640px) 100vw, 640px\" \/><\/a><\/p>\n","protected":false},"excerpt":{"rendered":"<p>Najlepsi kolarze \u015bwiata w\u0142a\u015bnie wrzucaj\u0105 wy\u017csze prze\u0142o\u017cenie. Zawodnicy rozpoczynaj\u0105 rywalizacj\u0119 w UAE Tour, a kolarki jad\u0105 w Setmana Ciclista Valenciana [&hellip;]<\/p>\n","protected":false},"author":187,"featured_media":16062,"comment_status":"open","ping_status":"open","sticky":false,"template":"","format":"standard","meta":{"footnotes":""},"categories":[6],"tags":[369,191,404,379,264,423],"global-categories":[303],"class_list":["post-16061","post","type-post","status-publish","format-standard","has-post-thumbnail","hentry","category-kolarstwo-szosowe","tag-kasia-niewiadoma","tag-skoda","tag-skodapolska","tag-tadej-pogacar","tag-wyscig-etapowy","tag-wyscigi-szosowe","global-categories-cycling"],"yoast_head":"<!-- This site is optimized with the Yoast SEO Premium plugin v25.3 (Yoast SEO v25.9) - https:\/\/yoast.com\/wordpress\/plugins\/seo\/ -->\n<title>Zaczynaj\u0105 si\u0119 wielkie emocje, wraca Katarzyna Niewiadoma - \u0160koda We Love Cycling - Poland<\/title>\n<meta name=\"robots\" content=\"index, follow, max-snippet:-1, max-image-preview:large, max-video-preview:-1\" \/>\n<link rel=\"canonical\" href=\"https:\/\/www.welovecycling.com\/pl\/2025\/02\/14\/zaczynaja-sie-wielkie-emocje-wraca-katarzyna-niewiadoma\/\" \/>\n<meta property=\"og:locale\" content=\"pl_PL\" \/>\n<meta property=\"og:type\" content=\"article\" \/>\n<meta property=\"og:title\" content=\"Zaczynaj\u0105 si\u0119 wielkie emocje, wraca Katarzyna Niewiadoma\" \/>\n<meta property=\"og:description\" content=\"Najlepsi kolarze \u015bwiata w\u0142a\u015bnie wrzucaj\u0105 wy\u017csze prze\u0142o\u017cenie. Zawodnicy rozpoczynaj\u0105 rywalizacj\u0119 w UAE Tour, a kolarki jad\u0105 w Setmana Ciclista Valenciana [&hellip;]\" \/>\n<meta property=\"og:url\" content=\"https:\/\/www.welovecycling.com\/pl\/2025\/02\/14\/zaczynaja-sie-wielkie-emocje-wraca-katarzyna-niewiadoma\/\" \/>\n<meta property=\"og:site_name\" content=\"\u0160koda We Love Cycling - Poland\" \/>\n<meta property=\"article:published_time\" content=\"2025-02-14T10:58:15+00:00\" \/>\n<meta property=\"og:image\" content=\"https:\/\/d2p6e6u75xmxt8.cloudfront.net\/5\/2025\/02\/Whats-New-in-the-Womens-Peloton-for-2025_-A-Season-Like-No-Other-by-Kasia-Niewiadoma.webp\" \/>\n\t<meta property=\"og:image:width\" content=\"990\" \/>\n\t<meta property=\"og:image:height\" content=\"660\" \/>\n\t<meta property=\"og:image:type\" content=\"image\/webp\" \/>\n<meta name=\"author\" content=\"konradbobrowski\" \/>\n<meta name=\"twitter:card\" content=\"summary_large_image\" \/>\n<meta name=\"twitter:label1\" content=\"Written by\" \/>\n\t<meta name=\"twitter:data1\" content=\"Piotr Nowik\" \/>\n\t<meta name=\"twitter:label2\" content=\"Est. reading time\" \/>\n\t<meta name=\"twitter:data2\" content=\"3\" \/>\n<script type=\"application\/ld+json\" class=\"yoast-schema-graph\">{\"@context\":\"https:\/\/schema.org\",\"@graph\":[{\"@type\":\"WebPage\",\"@id\":\"https:\/\/www.welovecycling.com\/pl\/2025\/02\/14\/zaczynaja-sie-wielkie-emocje-wraca-katarzyna-niewiadoma\/\",\"url\":\"https:\/\/www.welovecycling.com\/pl\/2025\/02\/14\/zaczynaja-sie-wielkie-emocje-wraca-katarzyna-niewiadoma\/\",\"name\":\"Zaczynaj\u0105 si\u0119 wielkie emocje, wraca Katarzyna Niewiadoma - \u0160koda We Love Cycling - Poland\",\"isPartOf\":{\"@id\":\"https:\/\/www.welovecycling.com\/pl\/#website\"},\"primaryImageOfPage\":{\"@id\":\"https:\/\/www.welovecycling.com\/pl\/2025\/02\/14\/zaczynaja-sie-wielkie-emocje-wraca-katarzyna-niewiadoma\/#primaryimage\"},\"image\":{\"@id\":\"https:\/\/www.welovecycling.com\/pl\/2025\/02\/14\/zaczynaja-sie-wielkie-emocje-wraca-katarzyna-niewiadoma\/#primaryimage\"},\"thumbnailUrl\":\"https:\/\/d2p6e6u75xmxt8.cloudfront.net\/5\/2025\/02\/Whats-New-in-the-Womens-Peloton-for-2025_-A-Season-Like-No-Other-by-Kasia-Niewiadoma.webp\",\"datePublished\":\"2025-02-14T10:58:15+00:00\",\"author\":{\"@id\":\"https:\/\/www.welovecycling.com\/pl\/#\/schema\/person\/e551e469d0b17f4e0b87f3f4fa8fc0f2\"},\"breadcrumb\":{\"@id\":\"https:\/\/www.welovecycling.com\/pl\/2025\/02\/14\/zaczynaja-sie-wielkie-emocje-wraca-katarzyna-niewiadoma\/#breadcrumb\"},\"inLanguage\":\"pl-PL\",\"potentialAction\":[{\"@type\":\"ReadAction\",\"target\":[\"https:\/\/www.welovecycling.com\/pl\/2025\/02\/14\/zaczynaja-sie-wielkie-emocje-wraca-katarzyna-niewiadoma\/\"]}]},{\"@type\":\"ImageObject\",\"inLanguage\":\"pl-PL\",\"@id\":\"https:\/\/www.welovecycling.com\/pl\/2025\/02\/14\/zaczynaja-sie-wielkie-emocje-wraca-katarzyna-niewiadoma\/#primaryimage\",\"url\":\"https:\/\/d2p6e6u75xmxt8.cloudfront.net\/5\/2025\/02\/Whats-New-in-the-Womens-Peloton-for-2025_-A-Season-Like-No-Other-by-Kasia-Niewiadoma.webp\",\"contentUrl\":\"https:\/\/d2p6e6u75xmxt8.cloudfront.net\/5\/2025\/02\/Whats-New-in-the-Womens-Peloton-for-2025_-A-Season-Like-No-Other-by-Kasia-Niewiadoma.webp\",\"width\":990,\"height\":660},{\"@type\":\"BreadcrumbList\",\"@id\":\"https:\/\/www.welovecycling.com\/pl\/2025\/02\/14\/zaczynaja-sie-wielkie-emocje-wraca-katarzyna-niewiadoma\/#breadcrumb\",\"itemListElement\":[{\"@type\":\"ListItem\",\"position\":1,\"name\":\"Home\",\"item\":\"https:\/\/www.welovecycling.com\/pl\/\"},{\"@type\":\"ListItem\",\"position\":2,\"name\":\"Zaczynaj\u0105 si\u0119 wielkie emocje, wraca Katarzyna Niewiadoma\"}]},{\"@type\":\"WebSite\",\"@id\":\"https:\/\/www.welovecycling.com\/pl\/#website\",\"url\":\"https:\/\/www.welovecycling.com\/pl\/\",\"name\":\"\u0160koda We Love Cycling - Poland\",\"description\":\"\",\"potentialAction\":[{\"@type\":\"SearchAction\",\"target\":{\"@type\":\"EntryPoint\",\"urlTemplate\":\"https:\/\/www.welovecycling.com\/pl\/?s={search_term_string}\"},\"query-input\":{\"@type\":\"PropertyValueSpecification\",\"valueRequired\":true,\"valueName\":\"search_term_string\"}}],\"inLanguage\":\"pl-PL\"},{\"@type\":\"Person\",\"@id\":\"https:\/\/www.welovecycling.com\/pl\/#\/schema\/person\/e551e469d0b17f4e0b87f3f4fa8fc0f2\",\"name\":\"konradbobrowski\",\"image\":{\"@type\":\"ImageObject\",\"inLanguage\":\"pl-PL\",\"@id\":\"https:\/\/www.welovecycling.com\/pl\/#\/schema\/person\/image\/\",\"url\":\"https:\/\/secure.gravatar.com\/avatar\/91ac5a8cb4a26d3b32dc77b5e6d46616cf6adf425879538f5e5d7e4ef2333a4c?s=96&d=mm&r=g\",\"contentUrl\":\"https:\/\/secure.gravatar.com\/avatar\/91ac5a8cb4a26d3b32dc77b5e6d46616cf6adf425879538f5e5d7e4ef2333a4c?s=96&d=mm&r=g\",\"caption\":\"konradbobrowski\"},\"url\":\"https:\/\/www.welovecycling.com\/pl\/author\/konradbobrowski\/\"}]}<\/script>\n<!-- \/ Yoast SEO Premium plugin. -->","yoast_head_json":{"title":"Zaczynaj\u0105 si\u0119 wielkie emocje, wraca Katarzyna Niewiadoma - \u0160koda We Love Cycling - Poland","robots":{"index":"index","follow":"follow","max-snippet":"max-snippet:-1","max-image-preview":"max-image-preview:large","max-video-preview":"max-video-preview:-1"},"canonical":"https:\/\/www.welovecycling.com\/pl\/2025\/02\/14\/zaczynaja-sie-wielkie-emocje-wraca-katarzyna-niewiadoma\/","og_locale":"pl_PL","og_type":"article","og_title":"Zaczynaj\u0105 si\u0119 wielkie emocje, wraca Katarzyna Niewiadoma","og_description":"Najlepsi kolarze \u015bwiata w\u0142a\u015bnie wrzucaj\u0105 wy\u017csze prze\u0142o\u017cenie. Zawodnicy rozpoczynaj\u0105 rywalizacj\u0119 w UAE Tour, a kolarki jad\u0105 w Setmana Ciclista Valenciana [&hellip;]","og_url":"https:\/\/www.welovecycling.com\/pl\/2025\/02\/14\/zaczynaja-sie-wielkie-emocje-wraca-katarzyna-niewiadoma\/","og_site_name":"\u0160koda We Love Cycling - Poland","article_published_time":"2025-02-14T10:58:15+00:00","og_image":[{"width":990,"height":660,"url":"https:\/\/d2p6e6u75xmxt8.cloudfront.net\/5\/2025\/02\/Whats-New-in-the-Womens-Peloton-for-2025_-A-Season-Like-No-Other-by-Kasia-Niewiadoma.webp","type":"image\/webp"}],"author":"konradbobrowski","twitter_card":"summary_large_image","twitter_misc":{"Written by":"Piotr Nowik","Est. reading time":"3"},"schema":{"@context":"https:\/\/schema.org","@graph":[{"@type":"WebPage","@id":"https:\/\/www.welovecycling.com\/pl\/2025\/02\/14\/zaczynaja-sie-wielkie-emocje-wraca-katarzyna-niewiadoma\/","url":"https:\/\/www.welovecycling.com\/pl\/2025\/02\/14\/zaczynaja-sie-wielkie-emocje-wraca-katarzyna-niewiadoma\/","name":"Zaczynaj\u0105 si\u0119 wielkie emocje, wraca Katarzyna Niewiadoma - \u0160koda We Love Cycling - Poland","isPartOf":{"@id":"https:\/\/www.welovecycling.com\/pl\/#website"},"primaryImageOfPage":{"@id":"https:\/\/www.welovecycling.com\/pl\/2025\/02\/14\/zaczynaja-sie-wielkie-emocje-wraca-katarzyna-niewiadoma\/#primaryimage"},"image":{"@id":"https:\/\/www.welovecycling.com\/pl\/2025\/02\/14\/zaczynaja-sie-wielkie-emocje-wraca-katarzyna-niewiadoma\/#primaryimage"},"thumbnailUrl":"https:\/\/d2p6e6u75xmxt8.cloudfront.net\/5\/2025\/02\/Whats-New-in-the-Womens-Peloton-for-2025_-A-Season-Like-No-Other-by-Kasia-Niewiadoma.webp","datePublished":"2025-02-14T10:58:15+00:00","author":{"@id":"https:\/\/www.welovecycling.com\/pl\/#\/schema\/person\/e551e469d0b17f4e0b87f3f4fa8fc0f2"},"breadcrumb":{"@id":"https:\/\/www.welovecycling.com\/pl\/2025\/02\/14\/zaczynaja-sie-wielkie-emocje-wraca-katarzyna-niewiadoma\/#breadcrumb"},"inLanguage":"pl-PL","potentialAction":[{"@type":"ReadAction","target":["https:\/\/www.welovecycling.com\/pl\/2025\/02\/14\/zaczynaja-sie-wielkie-emocje-wraca-katarzyna-niewiadoma\/"]}]},{"@type":"ImageObject","inLanguage":"pl-PL","@id":"https:\/\/www.welovecycling.com\/pl\/2025\/02\/14\/zaczynaja-sie-wielkie-emocje-wraca-katarzyna-niewiadoma\/#primaryimage","url":"https:\/\/d2p6e6u75xmxt8.cloudfront.net\/5\/2025\/02\/Whats-New-in-the-Womens-Peloton-for-2025_-A-Season-Like-No-Other-by-Kasia-Niewiadoma.webp","contentUrl":"https:\/\/d2p6e6u75xmxt8.cloudfront.net\/5\/2025\/02\/Whats-New-in-the-Womens-Peloton-for-2025_-A-Season-Like-No-Other-by-Kasia-Niewiadoma.webp","width":990,"height":660},{"@type":"BreadcrumbList","@id":"https:\/\/www.welovecycling.com\/pl\/2025\/02\/14\/zaczynaja-sie-wielkie-emocje-wraca-katarzyna-niewiadoma\/#breadcrumb","itemListElement":[{"@type":"ListItem","position":1,"name":"Home","item":"https:\/\/www.welovecycling.com\/pl\/"},{"@type":"ListItem","position":2,"name":"Zaczynaj\u0105 si\u0119 wielkie emocje, wraca Katarzyna Niewiadoma"}]},{"@type":"WebSite","@id":"https:\/\/www.welovecycling.com\/pl\/#website","url":"https:\/\/www.welovecycling.com\/pl\/","name":"\u0160koda We Love Cycling - Poland","description":"","potentialAction":[{"@type":"SearchAction","target":{"@type":"EntryPoint","urlTemplate":"https:\/\/www.welovecycling.com\/pl\/?s={search_term_string}"},"query-input":{"@type":"PropertyValueSpecification","valueRequired":true,"valueName":"search_term_string"}}],"inLanguage":"pl-PL"},{"@type":"Person","@id":"https:\/\/www.welovecycling.com\/pl\/#\/schema\/person\/e551e469d0b17f4e0b87f3f4fa8fc0f2","name":"konradbobrowski","image":{"@type":"ImageObject","inLanguage":"pl-PL","@id":"https:\/\/www.welovecycling.com\/pl\/#\/schema\/person\/image\/","url":"https:\/\/secure.gravatar.com\/avatar\/91ac5a8cb4a26d3b32dc77b5e6d46616cf6adf425879538f5e5d7e4ef2333a4c?s=96&d=mm&r=g","contentUrl":"https:\/\/secure.gravatar.com\/avatar\/91ac5a8cb4a26d3b32dc77b5e6d46616cf6adf425879538f5e5d7e4ef2333a4c?s=96&d=mm&r=g","caption":"konradbobrowski"},"url":"https:\/\/www.welovecycling.com\/pl\/author\/konradbobrowski\/"}]}},"_links":{"self":[{"href":"https:\/\/www.welovecycling.com\/pl\/wp-json\/wp\/v2\/posts\/16061","targetHints":{"allow":["GET"]}}],"collection":[{"href":"https:\/\/www.welovecycling.com\/pl\/wp-json\/wp\/v2\/posts"}],"about":[{"href":"https:\/\/www.welovecycling.com\/pl\/wp-json\/wp\/v2\/types\/post"}],"author":[{"embeddable":true,"href":"https:\/\/www.welovecycling.com\/pl\/wp-json\/wp\/v2\/users\/187"}],"replies":[{"embeddable":true,"href":"https:\/\/www.welovecycling.com\/pl\/wp-json\/wp\/v2\/comments?post=16061"}],"version-history":[{"count":1,"href":"https:\/\/www.welovecycling.com\/pl\/wp-json\/wp\/v2\/posts\/16061\/revisions"}],"predecessor-version":[{"id":16063,"href":"https:\/\/www.welovecycling.com\/pl\/wp-json\/wp\/v2\/posts\/16061\/revisions\/16063"}],"wp:featuredmedia":[{"embeddable":true,"href":"https:\/\/www.welovecycling.com\/pl\/wp-json\/wp\/v2\/media\/16062"}],"wp:attachment":[{"href":"https:\/\/www.welovecycling.com\/pl\/wp-json\/wp\/v2\/media?parent=16061"}],"wp:term":[{"taxonomy":"category","embeddable":true,"href":"https:\/\/www.welovecycling.com\/pl\/wp-json\/wp\/v2\/categories?post=16061"},{"taxonomy":"post_tag","embeddable":true,"href":"https:\/\/www.welovecycling.com\/pl\/wp-json\/wp\/v2\/tags?post=16061"},{"taxonomy":"global-categories","embeddable":true,"href":"https:\/\/www.welovecycling.com\/pl\/wp-json\/wp\/v2\/global-categories?post=16061"}],"curies":[{"name":"wp","href":"https:\/\/api.w.org\/{rel}","templated":true}]}}