{"id":16048,"date":"2025-02-07T08:24:27","date_gmt":"2025-02-07T08:24:27","guid":{"rendered":"https:\/\/www.welovecycling.com\/pl\/?p=16048"},"modified":"2025-02-07T08:24:27","modified_gmt":"2025-02-07T08:24:27","slug":"po-czym-rozpoznac-rowerzyste-zima","status":"publish","type":"post","link":"https:\/\/www.welovecycling.com\/pl\/2025\/02\/07\/po-czym-rozpoznac-rowerzyste-zima\/","title":{"rendered":"Po czym rozpozna\u0107 rowerzyst\u0119 zim\u0105?"},"content":{"rendered":"<p><strong>Zima to trudny czas dla rowerzyst\u00f3w. Gdy l\u00f3d, \u015bnieg i wiatr na jaki\u015b czas uniemo\u017cliwiaj\u0105 nam ukochane przeja\u017cd\u017cki na dw\u00f3ch k\u00f3\u0142kach, musimy przemieszcza\u0107 si\u0119 jak inni. Nasze nawyki, osobliwe zachowania i charakterystyczny sprz\u0119t sprawiaj\u0105 jednak, \u017ce \u0142atwo nas rozpozna\u0107 \u2013 nawet gdy nie siedzimy na siode\u0142ku.<\/strong><strong>Beanie, czyli czapka stworzona pod kask<\/strong><\/p>\n<h2><strong> 1. Aerodynamiczna, przylegaj\u0105ca czapka typu beanie<\/strong><\/h2>\n<p>To co\u015b wi\u0119cej ni\u017c zwyk\u0142e zimowe nakrycie g\u0142owy \u2013 trudno nie zauwa\u017cy\u0107, \u017ce otula czaszk\u0119 niczym druga sk\u00f3ra i idealnie mie\u015bci si\u0119 pod kaskiem. Dlaczego? Bo kask to dla nas rzecz \u015bwi\u0119ta. Nawet gdy rower zostaje w domu, nasze preferencje w zakresie nakrycia g\u0142owy jasno pokazuj\u0105, \u017ce zawsze jeste\u015bmy gotowi na przeja\u017cd\u017ck\u0119.<\/p>\n<h2><strong>2. Zestaw odblask\u00f3w<\/strong><\/h2>\n<p>Zim\u0105 rowerzysta wygl\u0105da jak chodz\u0105ca reklama bezpiecze\u0144stwa na drodze. Odblaskowe kurtki, r\u0119kawiczki w jaskrawych kolorach, a czasem r\u00f3wnie\u017c specjalna ta\u015bma na butach \u2013 bo przecie\u017c widoczno\u015b\u0107 to podstawa, cho\u0107by i podczas szybkich zakup\u00f3w. Rowerzyst\u0119 zdradzi te\u017c plecak, kt\u00f3ry wygl\u0105da na troch\u0119 zanadto specjalistyczny \u2013 zwa\u017cywszy, \u017ce w zimie przydaje si\u0119 g\u0142\u00f3wnie do przyniesienia ze sklepu kilku banan\u00f3w i bochenka chleba.<\/p>\n<h2><strong>3. Charakterystyczny ch\u00f3d rowerzysty<\/strong><\/h2>\n<p>Lata korzystania z peda\u0142\u00f3w zatrzaskowych robi\u0105 swoje. Rowerzy\u015bci cz\u0119sto chodz\u0105 w bardzo specyficzny spos\u00f3b \u2013 ostro\u017cnie, opieraj\u0105c ci\u0119\u017car cia\u0142a na przedniej cz\u0119\u015bci stopy, jakby nogi automatycznie szuka\u0142y zatrzask\u00f3w peda\u0142\u00f3w. Nieraz mo\u017cna nas r\u00f3wnie\u017c przy\u0142apa\u0107 na t\u0119sknym wpatrywaniu si\u0119 w oblodzon\u0105 cz\u0119\u015b\u0107 chodnika, kt\u00f3rej nie postrzegamy jako zagro\u017cenia, lecz jako wyzwanie i okazj\u0119 do sprawdzenia swoich umiej\u0119tno\u015bci.<\/p>\n<figure id=\"attachment_16049\" aria-describedby=\"caption-attachment-16049\" style=\"width: 800px\" class=\"wp-caption alignnone\"><a href=\"https:\/\/d2p6e6u75xmxt8.cloudfront.net\/5\/2025\/02\/Bicycle-in-winter.webp\"><img loading=\"lazy\" decoding=\"async\" class=\"wp-image-16049 size-full\" src=\"https:\/\/d2p6e6u75xmxt8.cloudfront.net\/5\/2025\/02\/Bicycle-in-winter.webp\" alt=\"\" width=\"800\" height=\"600\" srcset=\"https:\/\/d2p6e6u75xmxt8.cloudfront.net\/5\/2025\/02\/Bicycle-in-winter.webp 800w, https:\/\/d2p6e6u75xmxt8.cloudfront.net\/5\/2025\/02\/Bicycle-in-winter-300x225.webp 300w, https:\/\/d2p6e6u75xmxt8.cloudfront.net\/5\/2025\/02\/Bicycle-in-winter-768x576.webp 768w, https:\/\/d2p6e6u75xmxt8.cloudfront.net\/5\/2025\/02\/Bicycle-in-winter-400x300.webp 400w\" sizes=\"auto, (max-width: 800px) 100vw, 800px\" \/><\/a><figcaption id=\"caption-attachment-16049\" class=\"wp-caption-text\">Osobliwe nawyki i zachowania, a tak\u017ce charakterystyczny sprz\u0119t sprawiaj\u0105, \u017ce rowerzyst\u0119 \u0142atwo rozpozna\u0107 \u2013 nawet gdy nie siedzi na siode\u0142ku. \u00a9 Profimedia<\/figcaption><\/figure>\n<h2><strong>4. Obsesja na punkcie pogody<\/strong><\/h2>\n<p>Je\u015bli kto\u015b opowiada o pr\u0119dko\u015bci wiatru, warunkach na drodze i dok\u0142adnym momencie powstawania go\u0142oledzi, jedno jest pewne \u2013 to rowerzysta! Wyr\u00f3\u017cnia nas bowiem r\u00f3wnie\u017c to, \u017ce nie mo\u017cemy si\u0119 oprze\u0107 dobrej aplikacji pogodowej. Zawsze podajemy prognoz\u0119 tak szczeg\u00f3\u0142owo, jakby\u015bmy dorabiali po godzinach jako meteorolodzy.<\/p>\n<h2><strong>5. Mistrzowskie dobieranie warstw<\/strong><\/h2>\n<p>Rowerzy\u015bci s\u0105 ekspertami w kwestii ubierania si\u0119 \u201ena cebulk\u0119\u201d. Doskonale wiemy, kiedy przyda si\u0119 we\u0142na merino, dlaczego na sp\u00f3d warto za\u0142o\u017cy\u0107 syntetyczn\u0105 odzie\u017c i jakie okrycie wierzchnie skutecznie ochroni nas przed wiatrem. Jednocze\u015bnie zawsze jeste\u015bmy gotowi schowa\u0107 si\u0119 przed zimnem, szybko zdj\u0105\u0107 nadmiarowe ubrania i przyst\u0105pi\u0107 do \u0107wicze\u0144 na trena\u017cerze.<\/p>\n<h2>6. <strong>R\u0119kawiczki rowerowe<\/strong><\/h2>\n<p>Wyb\u00f3r zimowych r\u0119kawiczek z grub\u0105 wy\u015bci\u00f3\u0142k\u0105, wiatroszczeln\u0105 membran\u0105 i specjalnymi ko\u0144c\u00f3wkami do ekran\u00f3w dotykowych mo\u017ce wydawa\u0107 si\u0119 lekk\u0105 przesad\u0105, gdy idziemy na kr\u00f3tki spacer. Nie mamy jednak innego wyj\u015bcia \u2013 to nasze r\u0119kawiczki rowerowe, a nie b\u0119dziemy przecie\u017c inwestowa\u0107 w inn\u0105 par\u0119. Za ostateczny dow\u00f3d niech pos\u0142u\u017cy delikatny aromat smaru do \u0142a\u0144cucha, kt\u00f3ry cechuje r\u0119kawiczki prawdziwego kolarza.<\/p>\n<h2><strong>7. Zami\u0142owanie do kawy<\/strong><\/h2>\n<p>W zimie rowerzy\u015bci nigdy nie oddalaj\u0105 si\u0119 zbytnio od kawiarni \u2013 to nasze naturalne \u015brodowisko. Wizyta w kawiarni pozwala nam cieszy\u0107 si\u0119 fili\u017cank\u0105 espresso (czyli ulubionego paliwa wielu kolarzy), a przy okazji podyskutowa\u0107 z barist\u0105 o wadach i zaletach r\u00f3\u017cnych metod parzenia. Rowerzy\u015bci podchodz\u0105 do kwestii kawy bardzo powa\u017cnie.<\/p>\n<h2>8. <strong>\u015alady po kasku i goglach<\/strong><\/h2>\n<p>Zapalony kolarz nie ukryje swojego zami\u0142owania do dw\u00f3ch k\u00f3\u0142ek \u2013 nawet gdy nie ma ze sob\u0105 roweru. W\u0142osy przyklapni\u0119te po godzinach sp\u0119dzonych pod kaskiem i delikatne \u015blady po goglach na twarzy m\u00f3wi\u0105 same za siebie. A je\u015bli kto\u015b opowiada, \u017ce \u201ew\u0142a\u015bnie wr\u00f3ci\u0142 ze stoku\u201d, ale ma na sobie zimowe buty przystosowane do monta\u017cu blok\u00f3w, od razu wiadomo, \u017ce to rowerzysta przy\u0142apany na gor\u0105cym uczynku.<\/p>\n<h2><strong>9. Rowerowe dygresje (zawsze i wsz\u0119dzie)<\/strong><\/h2>\n<p>Najbardziej oczywista wskaz\u00f3wka? Nie potrafimy powstrzyma\u0107 si\u0119 od rozm\u00f3w o rowerach. Wplatamy ten temat zawsze i wsz\u0119dzie: \u201eTa zaspa przypomina mi o tym, jak w styczniu wjecha\u0142em na taaak\u0105 g\u00f3r\u0119!\u201d. Albo: \u201ePodoba ci si\u0119 tw\u00f3j nowy p\u0142aszcz? To nic w por\u00f3wnaniu z moj\u0105 termoaktywn\u0105 koszulk\u0105 z wiatroszczelnymi panelami!\u201d. Nie trzeba nas o nic pyta\u0107 \u2013 i tak zaczniemy opowiada\u0107!<\/p>\n<p><a class=\"in-cell-link\" href=\"http:\/\/www.skoda-auto.pl\/?_gl=1*ic1388*GA4_ga*amo1aWJ0OXUtZTZ6My1xMTZ2LXI2YWYtZ2dyd3B0bnVraXFu*GA4_ga_KSPVKPC6VY*MTczODkxNjQ0Mi4yNi4xLjE3Mzg5MTY0NDkuMC4wLjEyNTg0MzA2MTY.*_gcl_au*MTA2NzIzODc0My4xNzMyMjg5Mjcw\" target=\"_blank\" rel=\"noopener\">Artyku\u0142 powsta\u0142 we wsp\u00f3\u0142pracy ze skoda-auto.pl<\/a><\/p>\n<p><a href=\"https:\/\/d2p6e6u75xmxt8.cloudfront.net\/5\/2030\/11\/1.webp\"><img loading=\"lazy\" decoding=\"async\" class=\"size-full wp-image-13777 aligncenter\" src=\"https:\/\/d2p6e6u75xmxt8.cloudfront.net\/5\/2030\/11\/1.webp\" alt=\"\" width=\"640\" height=\"350\" srcset=\"https:\/\/d2p6e6u75xmxt8.cloudfront.net\/5\/2030\/11\/1.webp 640w, https:\/\/d2p6e6u75xmxt8.cloudfront.net\/5\/2030\/11\/1-300x164.webp 300w, https:\/\/d2p6e6u75xmxt8.cloudfront.net\/5\/2030\/11\/1-400x219.webp 400w\" sizes=\"auto, (max-width: 640px) 100vw, 640px\" \/><\/a><\/p>\n","protected":false},"excerpt":{"rendered":"<p>Zima to trudny czas dla rowerzyst\u00f3w. Gdy l\u00f3d, \u015bnieg i wiatr na jaki\u015b czas uniemo\u017cliwiaj\u0105 nam ukochane przeja\u017cd\u017cki na dw\u00f3ch [&hellip;]<\/p>\n","protected":false},"author":187,"featured_media":16050,"comment_status":"open","ping_status":"open","sticky":false,"template":"","format":"standard","meta":{"footnotes":""},"categories":[371],"tags":[56,191,404,431,373],"global-categories":[303],"class_list":["post-16048","post","type-post","status-publish","format-standard","has-post-thumbnail","hentry","category-kultura-i-zycie-spoleczne","tag-lifestyle","tag-skoda","tag-skodapolska","tag-ubrania-na-rower","tag-zycie-spoleczne","global-categories-cycling"],"yoast_head":"<!-- This site is optimized with the Yoast SEO Premium plugin v25.3 (Yoast SEO v25.9) - https:\/\/yoast.com\/wordpress\/plugins\/seo\/ -->\n<title>Po czym rozpozna\u0107 rowerzyst\u0119 zim\u0105? - \u0160koda We Love Cycling - Poland<\/title>\n<meta name=\"robots\" content=\"index, follow, max-snippet:-1, max-image-preview:large, max-video-preview:-1\" \/>\n<link rel=\"canonical\" href=\"https:\/\/www.welovecycling.com\/pl\/2025\/02\/07\/po-czym-rozpoznac-rowerzyste-zima\/\" \/>\n<meta property=\"og:locale\" content=\"pl_PL\" \/>\n<meta property=\"og:type\" content=\"article\" \/>\n<meta property=\"og:title\" content=\"Po czym rozpozna\u0107 rowerzyst\u0119 zim\u0105?\" \/>\n<meta property=\"og:description\" content=\"Zima to trudny czas dla rowerzyst\u00f3w. Gdy l\u00f3d, \u015bnieg i wiatr na jaki\u015b czas uniemo\u017cliwiaj\u0105 nam ukochane przeja\u017cd\u017cki na dw\u00f3ch [&hellip;]\" \/>\n<meta property=\"og:url\" content=\"https:\/\/www.welovecycling.com\/pl\/2025\/02\/07\/po-czym-rozpoznac-rowerzyste-zima\/\" \/>\n<meta property=\"og:site_name\" content=\"\u0160koda We Love Cycling - Poland\" \/>\n<meta property=\"article:published_time\" content=\"2025-02-07T08:24:27+00:00\" \/>\n<meta property=\"og:image\" content=\"https:\/\/d2p6e6u75xmxt8.cloudfront.net\/5\/2025\/02\/How-to-Spot-a-Cyclist-in-Winter.webp\" \/>\n\t<meta property=\"og:image:width\" content=\"990\" \/>\n\t<meta property=\"og:image:height\" content=\"660\" \/>\n\t<meta property=\"og:image:type\" content=\"image\/webp\" \/>\n<meta name=\"author\" content=\"konradbobrowski\" \/>\n<meta name=\"twitter:card\" content=\"summary_large_image\" \/>\n<meta name=\"twitter:label1\" content=\"Written by\" \/>\n\t<meta name=\"twitter:data1\" content=\"Monica Buck\" \/>\n\t<meta name=\"twitter:label2\" content=\"Est. reading time\" \/>\n\t<meta name=\"twitter:data2\" content=\"2\" \/>\n<script type=\"application\/ld+json\" class=\"yoast-schema-graph\">{\"@context\":\"https:\/\/schema.org\",\"@graph\":[{\"@type\":\"WebPage\",\"@id\":\"https:\/\/www.welovecycling.com\/pl\/2025\/02\/07\/po-czym-rozpoznac-rowerzyste-zima\/\",\"url\":\"https:\/\/www.welovecycling.com\/pl\/2025\/02\/07\/po-czym-rozpoznac-rowerzyste-zima\/\",\"name\":\"Po czym rozpozna\u0107 rowerzyst\u0119 zim\u0105? - \u0160koda We Love Cycling - Poland\",\"isPartOf\":{\"@id\":\"https:\/\/www.welovecycling.com\/pl\/#website\"},\"primaryImageOfPage\":{\"@id\":\"https:\/\/www.welovecycling.com\/pl\/2025\/02\/07\/po-czym-rozpoznac-rowerzyste-zima\/#primaryimage\"},\"image\":{\"@id\":\"https:\/\/www.welovecycling.com\/pl\/2025\/02\/07\/po-czym-rozpoznac-rowerzyste-zima\/#primaryimage\"},\"thumbnailUrl\":\"https:\/\/d2p6e6u75xmxt8.cloudfront.net\/5\/2025\/02\/How-to-Spot-a-Cyclist-in-Winter.webp\",\"datePublished\":\"2025-02-07T08:24:27+00:00\",\"author\":{\"@id\":\"https:\/\/www.welovecycling.com\/pl\/#\/schema\/person\/e551e469d0b17f4e0b87f3f4fa8fc0f2\"},\"breadcrumb\":{\"@id\":\"https:\/\/www.welovecycling.com\/pl\/2025\/02\/07\/po-czym-rozpoznac-rowerzyste-zima\/#breadcrumb\"},\"inLanguage\":\"pl-PL\",\"potentialAction\":[{\"@type\":\"ReadAction\",\"target\":[\"https:\/\/www.welovecycling.com\/pl\/2025\/02\/07\/po-czym-rozpoznac-rowerzyste-zima\/\"]}]},{\"@type\":\"ImageObject\",\"inLanguage\":\"pl-PL\",\"@id\":\"https:\/\/www.welovecycling.com\/pl\/2025\/02\/07\/po-czym-rozpoznac-rowerzyste-zima\/#primaryimage\",\"url\":\"https:\/\/d2p6e6u75xmxt8.cloudfront.net\/5\/2025\/02\/How-to-Spot-a-Cyclist-in-Winter.webp\",\"contentUrl\":\"https:\/\/d2p6e6u75xmxt8.cloudfront.net\/5\/2025\/02\/How-to-Spot-a-Cyclist-in-Winter.webp\",\"width\":990,\"height\":660},{\"@type\":\"BreadcrumbList\",\"@id\":\"https:\/\/www.welovecycling.com\/pl\/2025\/02\/07\/po-czym-rozpoznac-rowerzyste-zima\/#breadcrumb\",\"itemListElement\":[{\"@type\":\"ListItem\",\"position\":1,\"name\":\"Home\",\"item\":\"https:\/\/www.welovecycling.com\/pl\/\"},{\"@type\":\"ListItem\",\"position\":2,\"name\":\"Po czym rozpozna\u0107 rowerzyst\u0119 zim\u0105?\"}]},{\"@type\":\"WebSite\",\"@id\":\"https:\/\/www.welovecycling.com\/pl\/#website\",\"url\":\"https:\/\/www.welovecycling.com\/pl\/\",\"name\":\"\u0160koda We Love Cycling - Poland\",\"description\":\"\",\"potentialAction\":[{\"@type\":\"SearchAction\",\"target\":{\"@type\":\"EntryPoint\",\"urlTemplate\":\"https:\/\/www.welovecycling.com\/pl\/?s={search_term_string}\"},\"query-input\":{\"@type\":\"PropertyValueSpecification\",\"valueRequired\":true,\"valueName\":\"search_term_string\"}}],\"inLanguage\":\"pl-PL\"},{\"@type\":\"Person\",\"@id\":\"https:\/\/www.welovecycling.com\/pl\/#\/schema\/person\/e551e469d0b17f4e0b87f3f4fa8fc0f2\",\"name\":\"konradbobrowski\",\"image\":{\"@type\":\"ImageObject\",\"inLanguage\":\"pl-PL\",\"@id\":\"https:\/\/www.welovecycling.com\/pl\/#\/schema\/person\/image\/\",\"url\":\"https:\/\/secure.gravatar.com\/avatar\/91ac5a8cb4a26d3b32dc77b5e6d46616cf6adf425879538f5e5d7e4ef2333a4c?s=96&d=mm&r=g\",\"contentUrl\":\"https:\/\/secure.gravatar.com\/avatar\/91ac5a8cb4a26d3b32dc77b5e6d46616cf6adf425879538f5e5d7e4ef2333a4c?s=96&d=mm&r=g\",\"caption\":\"konradbobrowski\"},\"url\":\"https:\/\/www.welovecycling.com\/pl\/author\/konradbobrowski\/\"}]}<\/script>\n<!-- \/ Yoast SEO Premium plugin. -->","yoast_head_json":{"title":"Po czym rozpozna\u0107 rowerzyst\u0119 zim\u0105? - \u0160koda We Love Cycling - Poland","robots":{"index":"index","follow":"follow","max-snippet":"max-snippet:-1","max-image-preview":"max-image-preview:large","max-video-preview":"max-video-preview:-1"},"canonical":"https:\/\/www.welovecycling.com\/pl\/2025\/02\/07\/po-czym-rozpoznac-rowerzyste-zima\/","og_locale":"pl_PL","og_type":"article","og_title":"Po czym rozpozna\u0107 rowerzyst\u0119 zim\u0105?","og_description":"Zima to trudny czas dla rowerzyst\u00f3w. Gdy l\u00f3d, \u015bnieg i wiatr na jaki\u015b czas uniemo\u017cliwiaj\u0105 nam ukochane przeja\u017cd\u017cki na dw\u00f3ch [&hellip;]","og_url":"https:\/\/www.welovecycling.com\/pl\/2025\/02\/07\/po-czym-rozpoznac-rowerzyste-zima\/","og_site_name":"\u0160koda We Love Cycling - Poland","article_published_time":"2025-02-07T08:24:27+00:00","og_image":[{"width":990,"height":660,"url":"https:\/\/d2p6e6u75xmxt8.cloudfront.net\/5\/2025\/02\/How-to-Spot-a-Cyclist-in-Winter.webp","type":"image\/webp"}],"author":"konradbobrowski","twitter_card":"summary_large_image","twitter_misc":{"Written by":"Monica Buck","Est. reading time":"2"},"schema":{"@context":"https:\/\/schema.org","@graph":[{"@type":"WebPage","@id":"https:\/\/www.welovecycling.com\/pl\/2025\/02\/07\/po-czym-rozpoznac-rowerzyste-zima\/","url":"https:\/\/www.welovecycling.com\/pl\/2025\/02\/07\/po-czym-rozpoznac-rowerzyste-zima\/","name":"Po czym rozpozna\u0107 rowerzyst\u0119 zim\u0105? - \u0160koda We Love Cycling - Poland","isPartOf":{"@id":"https:\/\/www.welovecycling.com\/pl\/#website"},"primaryImageOfPage":{"@id":"https:\/\/www.welovecycling.com\/pl\/2025\/02\/07\/po-czym-rozpoznac-rowerzyste-zima\/#primaryimage"},"image":{"@id":"https:\/\/www.welovecycling.com\/pl\/2025\/02\/07\/po-czym-rozpoznac-rowerzyste-zima\/#primaryimage"},"thumbnailUrl":"https:\/\/d2p6e6u75xmxt8.cloudfront.net\/5\/2025\/02\/How-to-Spot-a-Cyclist-in-Winter.webp","datePublished":"2025-02-07T08:24:27+00:00","author":{"@id":"https:\/\/www.welovecycling.com\/pl\/#\/schema\/person\/e551e469d0b17f4e0b87f3f4fa8fc0f2"},"breadcrumb":{"@id":"https:\/\/www.welovecycling.com\/pl\/2025\/02\/07\/po-czym-rozpoznac-rowerzyste-zima\/#breadcrumb"},"inLanguage":"pl-PL","potentialAction":[{"@type":"ReadAction","target":["https:\/\/www.welovecycling.com\/pl\/2025\/02\/07\/po-czym-rozpoznac-rowerzyste-zima\/"]}]},{"@type":"ImageObject","inLanguage":"pl-PL","@id":"https:\/\/www.welovecycling.com\/pl\/2025\/02\/07\/po-czym-rozpoznac-rowerzyste-zima\/#primaryimage","url":"https:\/\/d2p6e6u75xmxt8.cloudfront.net\/5\/2025\/02\/How-to-Spot-a-Cyclist-in-Winter.webp","contentUrl":"https:\/\/d2p6e6u75xmxt8.cloudfront.net\/5\/2025\/02\/How-to-Spot-a-Cyclist-in-Winter.webp","width":990,"height":660},{"@type":"BreadcrumbList","@id":"https:\/\/www.welovecycling.com\/pl\/2025\/02\/07\/po-czym-rozpoznac-rowerzyste-zima\/#breadcrumb","itemListElement":[{"@type":"ListItem","position":1,"name":"Home","item":"https:\/\/www.welovecycling.com\/pl\/"},{"@type":"ListItem","position":2,"name":"Po czym rozpozna\u0107 rowerzyst\u0119 zim\u0105?"}]},{"@type":"WebSite","@id":"https:\/\/www.welovecycling.com\/pl\/#website","url":"https:\/\/www.welovecycling.com\/pl\/","name":"\u0160koda We Love Cycling - Poland","description":"","potentialAction":[{"@type":"SearchAction","target":{"@type":"EntryPoint","urlTemplate":"https:\/\/www.welovecycling.com\/pl\/?s={search_term_string}"},"query-input":{"@type":"PropertyValueSpecification","valueRequired":true,"valueName":"search_term_string"}}],"inLanguage":"pl-PL"},{"@type":"Person","@id":"https:\/\/www.welovecycling.com\/pl\/#\/schema\/person\/e551e469d0b17f4e0b87f3f4fa8fc0f2","name":"konradbobrowski","image":{"@type":"ImageObject","inLanguage":"pl-PL","@id":"https:\/\/www.welovecycling.com\/pl\/#\/schema\/person\/image\/","url":"https:\/\/secure.gravatar.com\/avatar\/91ac5a8cb4a26d3b32dc77b5e6d46616cf6adf425879538f5e5d7e4ef2333a4c?s=96&d=mm&r=g","contentUrl":"https:\/\/secure.gravatar.com\/avatar\/91ac5a8cb4a26d3b32dc77b5e6d46616cf6adf425879538f5e5d7e4ef2333a4c?s=96&d=mm&r=g","caption":"konradbobrowski"},"url":"https:\/\/www.welovecycling.com\/pl\/author\/konradbobrowski\/"}]}},"_links":{"self":[{"href":"https:\/\/www.welovecycling.com\/pl\/wp-json\/wp\/v2\/posts\/16048","targetHints":{"allow":["GET"]}}],"collection":[{"href":"https:\/\/www.welovecycling.com\/pl\/wp-json\/wp\/v2\/posts"}],"about":[{"href":"https:\/\/www.welovecycling.com\/pl\/wp-json\/wp\/v2\/types\/post"}],"author":[{"embeddable":true,"href":"https:\/\/www.welovecycling.com\/pl\/wp-json\/wp\/v2\/users\/187"}],"replies":[{"embeddable":true,"href":"https:\/\/www.welovecycling.com\/pl\/wp-json\/wp\/v2\/comments?post=16048"}],"version-history":[{"count":1,"href":"https:\/\/www.welovecycling.com\/pl\/wp-json\/wp\/v2\/posts\/16048\/revisions"}],"predecessor-version":[{"id":16051,"href":"https:\/\/www.welovecycling.com\/pl\/wp-json\/wp\/v2\/posts\/16048\/revisions\/16051"}],"wp:featuredmedia":[{"embeddable":true,"href":"https:\/\/www.welovecycling.com\/pl\/wp-json\/wp\/v2\/media\/16050"}],"wp:attachment":[{"href":"https:\/\/www.welovecycling.com\/pl\/wp-json\/wp\/v2\/media?parent=16048"}],"wp:term":[{"taxonomy":"category","embeddable":true,"href":"https:\/\/www.welovecycling.com\/pl\/wp-json\/wp\/v2\/categories?post=16048"},{"taxonomy":"post_tag","embeddable":true,"href":"https:\/\/www.welovecycling.com\/pl\/wp-json\/wp\/v2\/tags?post=16048"},{"taxonomy":"global-categories","embeddable":true,"href":"https:\/\/www.welovecycling.com\/pl\/wp-json\/wp\/v2\/global-categories?post=16048"}],"curies":[{"name":"wp","href":"https:\/\/api.w.org\/{rel}","templated":true}]}}