{"id":16040,"date":"2025-01-28T09:57:56","date_gmt":"2025-01-28T09:57:56","guid":{"rendered":"https:\/\/www.welovecycling.com\/pl\/?p=16040"},"modified":"2025-01-28T09:57:56","modified_gmt":"2025-01-28T09:57:56","slug":"zaczelo-sie-zawodnicy-dali-popis-w-australii","status":"publish","type":"post","link":"https:\/\/www.welovecycling.com\/pl\/2025\/01\/28\/zaczelo-sie-zawodnicy-dali-popis-w-australii\/","title":{"rendered":"Zacz\u0119\u0142o si\u0119! Zawodnicy dali popis w Australii"},"content":{"rendered":"<p><strong>Zanosi\u0142o si\u0119 na to, \u017ce Australijczycy dadz\u0105 si\u0119 pozna\u0107 jako ma\u0142o go\u015bcinni gospodarze, ale po trzech triumfach Sama Welsforda (Red Bull \u2013 BORA \u2013 hansgrohe) do g\u0142osu w ko\u0144cu doszli rywale. Najlepszy okaza\u0142 si\u0119 Jhonatan Narv\u00e1ez (UAE Team Emirates XRG), kt\u00f3ry wygra\u0142 klasyfikacj\u0119 generaln\u0105 Santos Tour Down Under 2025.<\/strong><\/p>\n<p>Zwroty akcji, zaskakuj\u0105ce rozstrzygni\u0119cia, a nawet pierwsze \u017c\u00f3\u0142te kartki \u2013 ju\u017c premierowy wy\u015bcig w UCI World Tour 2025 da\u0142 nadziej\u0119 na to, \u017ce rozpocz\u0119ty w\u0142a\u015bnie sezon b\u0119dzie przynajmniej tak samo pasjonuj\u0105cy jak poprzedni.<\/p>\n<p><a href=\"https:\/\/x.com\/tourdownunder\/status\/1883727585143919057\">https:\/\/x.com\/tourdownunder\/status\/1883727585143919057<\/a><\/p>\n<p>Zacz\u0119\u0142o si\u0119 od dominacji gospodarzy. Mistrz Australii Sam Welsford najpierw wygra\u0142 kryterium, a nast\u0119pnie jego \u0142upem pad\u0142y dwa pierwsze etapy.<\/p>\n<h2><strong>Nowy przepis wszed\u0142 w \u017cycie<\/strong><\/h2>\n<p>Pierwszego dnia \u015bwietnie spisali si\u0119 partnerzy z zespo\u0142u Australijczyka, kt\u00f3rzy na ostatnich metrach przygotowali mu niemal autostrad\u0119 do mety.<\/p>\n<p>Nazajutrz koledzy tak\u017ce nie zawiedli, a kluczow\u0105 rol\u0119 w finiszu lidera Red Bull \u2013 BORA \u2013 hansgrohe odegra\u0142 Filip Maciejuk. Cho\u0107 Polak bra\u0142 udzia\u0142 w kraksie, to jednak szybko zdo\u0142a\u0142 si\u0119 pozbiera\u0107 i pomkn\u0105\u0142 w stron\u0119 mety. Tam niemiecka dru\u017cyna przygotowa\u0142a grunt pod kolejn\u0105 wygran\u0105 Welsforda, cho\u0107 nie wszystko odby\u0142o si\u0119 zgodnie z przepisami. Po wy\u015bcigu poinformowano bowiem o zastosowaniu nowego przepisu, a mianowicie przyznaniu \u017c\u00f3\u0142tej kartki. Otrzyma\u0142 j\u0105 Danny van Poppel, kt\u00f3ry podczas wyprowadzania Welsforda zajecha\u0142 drog\u0119 rywalom.<\/p>\n<h2><strong>A finisz wygl\u0105da\u0142 tak:<\/strong><\/h2>\n<p><a href=\"https:\/\/x.com\/tourdownunder\/status\/1881912946751631447\">https:\/\/x.com\/tourdownunder\/status\/1881912946751631447<\/a><\/p>\n<p>Zgodnie z nowymi wytycznymi \u017c\u00f3\u0142ta kartka nie poci\u0105ga za sob\u0105 wi\u0119kszych konsekwencji, ale ju\u017c drugie takie napomnienie podczas ca\u0142ego wy\u015bcigu oznacza dyskwalifikacj\u0119 zawodnika oraz zawieszenie na siedem dni. Nowe przepisy przewiduj\u0105 tak\u017ce kary za kolejne \u017c\u00f3\u0142te kartki i gro\u017c\u0105 one jeszcze d\u0142u\u017cszym okresem zawieszenia.<\/p>\n<h2><strong>Pokaz si\u0142y Jhonatana Narv\u00e1eza<\/strong><\/h2>\n<p>Danny van Poppel szcz\u0119\u015bliwie dotrwa\u0142 jednak do ko\u0144ca, ale dalsza cz\u0119\u015b\u0107 wy\u015bcigu nie by\u0142a ju\u017c taka udana dla Sama Welsforda. Do g\u0142osu doszli bowiem inni zawodnicy i Australijczyk zacz\u0105\u0142 osuwa\u0107 si\u0119 w klasyfikacji generalnej. Po trzecim dniu koszulk\u0119 lidera odebra\u0142 mu zwyci\u0119zca etapu Javier Romo (Movistar Team), a w ko\u0144c\u00f3wce doskonale zaprezentowa\u0142 si\u0119 Jhonatan Narv\u00e1ez.<\/p>\n<p><a href=\"https:\/\/x.com\/tourdownunder\/status\/1883003557818810599\">https:\/\/x.com\/tourdownunder\/status\/1883003557818810599<\/a><\/p>\n<p>Ekwadorczyk wygra\u0142 pi\u0105ty etap i obj\u0105\u0142 prowadzenie w klasyfikacji generalnej. Ostatniego dnia si\u0142y wykrzesa\u0142 z siebie jeszcze Welsford i zgarn\u0105\u0142 trzeci etap, ale jego straty w klasyfikacji generalnej by\u0142y tak du\u017ce, \u017ce zako\u0144czy\u0142 j\u0105 dopiero na sto czternastym miejscu.<\/p>\n<h2><strong>\u201eNajwi\u0119ksze zwyci\u0119stwo w karierze\u201d<\/strong><\/h2>\n<p>W ca\u0142ym Santos Tour Down Under 2025 triumfowa\u0142 Jhonatan Narv\u00e1ez.<\/p>\n<p>\u2013 To nie by\u0142o \u0142atwe \u015bciganie, musieli\u015bmy by\u0107 ostro\u017cni na ka\u017cdym metrze. W ko\u0144cu jednak wygrali\u015bmy ca\u0142y wy\u015bcig. To moje najwi\u0119ksze zwyci\u0119stwo w karierze, a teraz chc\u0119 utrzyma\u0107 wysok\u0105 form\u0119 przez ca\u0142y sezon i pokaza\u0107 si\u0119 podczas Tour de France \u2013 podkre\u015bla\u0142 na mecie Ekwadorczyk w rozmowie z dziennikarzami.<\/p>\n<p><a href=\"https:\/\/x.com\/tourdownunder\/status\/1883434494537183638\">https:\/\/x.com\/tourdownunder\/status\/1883434494537183638<\/a><\/p>\n<p>Micha\u0142 Kwiatkowski (Ineos Grenadiers) wy\u015bcig sko\u0144czy\u0142 na pi\u0119\u0107dziesi\u0105tej trzeciej pozycji, a Filip Maciejuk by\u0142 sto dziewi\u0119tnasty.<\/p>\n<p>To jednak nie koniec kolarskich emocji w Australii, bo w niedziel\u0119 zostanie rozegrany tam kolejny wy\u015bcig z cyklu UCI World Tour \u2013 Cadel Evans Great Ocean Road Race.<\/p>\n<p><a class=\"in-cell-link\" href=\"http:\/\/www.skoda-auto.pl\/?_gl=1*1t1wgod*GA4_ga*amo1aWJ0OXUtZTZ6My1xMTZ2LXI2YWYtZ2dyd3B0bnVraXFu*GA4_ga_KSPVKPC6VY*MTczODA1ODA0Mi4yNC4xLjE3MzgwNTgwNjcuMC4wLjcwMDMwNTYxNg..*_gcl_au*MTA2NzIzODc0My4xNzMyMjg5Mjcw\" target=\"_blank\" rel=\"noopener\">Artyku\u0142 powsta\u0142 we wsp\u00f3\u0142pracy ze skoda-auto.pl<\/a><\/p>\n<p><a href=\"https:\/\/d2p6e6u75xmxt8.cloudfront.net\/5\/2030\/11\/3.webp\"><img loading=\"lazy\" decoding=\"async\" class=\"size-full wp-image-13776 aligncenter\" src=\"https:\/\/d2p6e6u75xmxt8.cloudfront.net\/5\/2030\/11\/3.webp\" alt=\"\" width=\"640\" height=\"350\" srcset=\"https:\/\/d2p6e6u75xmxt8.cloudfront.net\/5\/2030\/11\/3.webp 640w, https:\/\/d2p6e6u75xmxt8.cloudfront.net\/5\/2030\/11\/3-300x164.webp 300w, https:\/\/d2p6e6u75xmxt8.cloudfront.net\/5\/2030\/11\/3-400x219.webp 400w\" sizes=\"auto, (max-width: 640px) 100vw, 640px\" \/><\/a><\/p>\n","protected":false},"excerpt":{"rendered":"<p>Zanosi\u0142o si\u0119 na to, \u017ce Australijczycy dadz\u0105 si\u0119 pozna\u0107 jako ma\u0142o go\u015bcinni gospodarze, ale po trzech triumfach Sama Welsforda (Red [&hellip;]<\/p>\n","protected":false},"author":187,"featured_media":16041,"comment_status":"open","ping_status":"open","sticky":false,"template":"","format":"standard","meta":{"footnotes":""},"categories":[6],"tags":[176,151,191,404,264,423],"global-categories":[303],"class_list":["post-16040","post","type-post","status-publish","format-standard","has-post-thumbnail","hentry","category-kolarstwo-szosowe","tag-kolarstwo","tag-kolarstwo-szosowe","tag-skoda","tag-skodapolska","tag-wyscig-etapowy","tag-wyscigi-szosowe","global-categories-cycling"],"yoast_head":"<!-- This site is optimized with the Yoast SEO Premium plugin v25.3 (Yoast SEO v25.9) - https:\/\/yoast.com\/wordpress\/plugins\/seo\/ -->\n<title>Zacz\u0119\u0142o si\u0119! Zawodnicy dali popis w Australii - \u0160koda We Love Cycling - Poland<\/title>\n<meta name=\"robots\" content=\"index, follow, max-snippet:-1, max-image-preview:large, max-video-preview:-1\" \/>\n<link rel=\"canonical\" href=\"https:\/\/www.welovecycling.com\/pl\/2025\/01\/28\/zaczelo-sie-zawodnicy-dali-popis-w-australii\/\" \/>\n<meta property=\"og:locale\" content=\"pl_PL\" \/>\n<meta property=\"og:type\" content=\"article\" \/>\n<meta property=\"og:title\" content=\"Zacz\u0119\u0142o si\u0119! Zawodnicy dali popis w Australii\" \/>\n<meta property=\"og:description\" content=\"Zanosi\u0142o si\u0119 na to, \u017ce Australijczycy dadz\u0105 si\u0119 pozna\u0107 jako ma\u0142o go\u015bcinni gospodarze, ale po trzech triumfach Sama Welsforda (Red [&hellip;]\" \/>\n<meta property=\"og:url\" content=\"https:\/\/www.welovecycling.com\/pl\/2025\/01\/28\/zaczelo-sie-zawodnicy-dali-popis-w-australii\/\" \/>\n<meta property=\"og:site_name\" content=\"\u0160koda We Love Cycling - Poland\" \/>\n<meta property=\"article:published_time\" content=\"2025-01-28T09:57:56+00:00\" \/>\n<meta property=\"og:image\" content=\"https:\/\/d2p6e6u75xmxt8.cloudfront.net\/5\/2025\/01\/Many-Favourites-in-2025-Season-Opener-the-Santos-Tour-Down-Under.webp\" \/>\n\t<meta property=\"og:image:width\" content=\"990\" \/>\n\t<meta property=\"og:image:height\" content=\"660\" \/>\n\t<meta property=\"og:image:type\" content=\"image\/webp\" \/>\n<meta name=\"author\" content=\"konradbobrowski\" \/>\n<meta name=\"twitter:card\" content=\"summary_large_image\" \/>\n<meta name=\"twitter:label1\" content=\"Written by\" \/>\n\t<meta name=\"twitter:data1\" content=\"Piotr Nowik\" \/>\n\t<meta name=\"twitter:label2\" content=\"Est. reading time\" \/>\n\t<meta name=\"twitter:data2\" content=\"4\" \/>\n<script type=\"application\/ld+json\" class=\"yoast-schema-graph\">{\"@context\":\"https:\/\/schema.org\",\"@graph\":[{\"@type\":\"WebPage\",\"@id\":\"https:\/\/www.welovecycling.com\/pl\/2025\/01\/28\/zaczelo-sie-zawodnicy-dali-popis-w-australii\/\",\"url\":\"https:\/\/www.welovecycling.com\/pl\/2025\/01\/28\/zaczelo-sie-zawodnicy-dali-popis-w-australii\/\",\"name\":\"Zacz\u0119\u0142o si\u0119! Zawodnicy dali popis w Australii - \u0160koda We Love Cycling - Poland\",\"isPartOf\":{\"@id\":\"https:\/\/www.welovecycling.com\/pl\/#website\"},\"primaryImageOfPage\":{\"@id\":\"https:\/\/www.welovecycling.com\/pl\/2025\/01\/28\/zaczelo-sie-zawodnicy-dali-popis-w-australii\/#primaryimage\"},\"image\":{\"@id\":\"https:\/\/www.welovecycling.com\/pl\/2025\/01\/28\/zaczelo-sie-zawodnicy-dali-popis-w-australii\/#primaryimage\"},\"thumbnailUrl\":\"https:\/\/d2p6e6u75xmxt8.cloudfront.net\/5\/2025\/01\/Many-Favourites-in-2025-Season-Opener-the-Santos-Tour-Down-Under.webp\",\"datePublished\":\"2025-01-28T09:57:56+00:00\",\"author\":{\"@id\":\"https:\/\/www.welovecycling.com\/pl\/#\/schema\/person\/e551e469d0b17f4e0b87f3f4fa8fc0f2\"},\"breadcrumb\":{\"@id\":\"https:\/\/www.welovecycling.com\/pl\/2025\/01\/28\/zaczelo-sie-zawodnicy-dali-popis-w-australii\/#breadcrumb\"},\"inLanguage\":\"pl-PL\",\"potentialAction\":[{\"@type\":\"ReadAction\",\"target\":[\"https:\/\/www.welovecycling.com\/pl\/2025\/01\/28\/zaczelo-sie-zawodnicy-dali-popis-w-australii\/\"]}]},{\"@type\":\"ImageObject\",\"inLanguage\":\"pl-PL\",\"@id\":\"https:\/\/www.welovecycling.com\/pl\/2025\/01\/28\/zaczelo-sie-zawodnicy-dali-popis-w-australii\/#primaryimage\",\"url\":\"https:\/\/d2p6e6u75xmxt8.cloudfront.net\/5\/2025\/01\/Many-Favourites-in-2025-Season-Opener-the-Santos-Tour-Down-Under.webp\",\"contentUrl\":\"https:\/\/d2p6e6u75xmxt8.cloudfront.net\/5\/2025\/01\/Many-Favourites-in-2025-Season-Opener-the-Santos-Tour-Down-Under.webp\",\"width\":990,\"height\":660},{\"@type\":\"BreadcrumbList\",\"@id\":\"https:\/\/www.welovecycling.com\/pl\/2025\/01\/28\/zaczelo-sie-zawodnicy-dali-popis-w-australii\/#breadcrumb\",\"itemListElement\":[{\"@type\":\"ListItem\",\"position\":1,\"name\":\"Home\",\"item\":\"https:\/\/www.welovecycling.com\/pl\/\"},{\"@type\":\"ListItem\",\"position\":2,\"name\":\"Zacz\u0119\u0142o si\u0119! Zawodnicy dali popis w Australii\"}]},{\"@type\":\"WebSite\",\"@id\":\"https:\/\/www.welovecycling.com\/pl\/#website\",\"url\":\"https:\/\/www.welovecycling.com\/pl\/\",\"name\":\"\u0160koda We Love Cycling - Poland\",\"description\":\"\",\"potentialAction\":[{\"@type\":\"SearchAction\",\"target\":{\"@type\":\"EntryPoint\",\"urlTemplate\":\"https:\/\/www.welovecycling.com\/pl\/?s={search_term_string}\"},\"query-input\":{\"@type\":\"PropertyValueSpecification\",\"valueRequired\":true,\"valueName\":\"search_term_string\"}}],\"inLanguage\":\"pl-PL\"},{\"@type\":\"Person\",\"@id\":\"https:\/\/www.welovecycling.com\/pl\/#\/schema\/person\/e551e469d0b17f4e0b87f3f4fa8fc0f2\",\"name\":\"konradbobrowski\",\"image\":{\"@type\":\"ImageObject\",\"inLanguage\":\"pl-PL\",\"@id\":\"https:\/\/www.welovecycling.com\/pl\/#\/schema\/person\/image\/\",\"url\":\"https:\/\/secure.gravatar.com\/avatar\/91ac5a8cb4a26d3b32dc77b5e6d46616cf6adf425879538f5e5d7e4ef2333a4c?s=96&d=mm&r=g\",\"contentUrl\":\"https:\/\/secure.gravatar.com\/avatar\/91ac5a8cb4a26d3b32dc77b5e6d46616cf6adf425879538f5e5d7e4ef2333a4c?s=96&d=mm&r=g\",\"caption\":\"konradbobrowski\"},\"url\":\"https:\/\/www.welovecycling.com\/pl\/author\/konradbobrowski\/\"}]}<\/script>\n<!-- \/ Yoast SEO Premium plugin. -->","yoast_head_json":{"title":"Zacz\u0119\u0142o si\u0119! Zawodnicy dali popis w Australii - \u0160koda We Love Cycling - Poland","robots":{"index":"index","follow":"follow","max-snippet":"max-snippet:-1","max-image-preview":"max-image-preview:large","max-video-preview":"max-video-preview:-1"},"canonical":"https:\/\/www.welovecycling.com\/pl\/2025\/01\/28\/zaczelo-sie-zawodnicy-dali-popis-w-australii\/","og_locale":"pl_PL","og_type":"article","og_title":"Zacz\u0119\u0142o si\u0119! Zawodnicy dali popis w Australii","og_description":"Zanosi\u0142o si\u0119 na to, \u017ce Australijczycy dadz\u0105 si\u0119 pozna\u0107 jako ma\u0142o go\u015bcinni gospodarze, ale po trzech triumfach Sama Welsforda (Red [&hellip;]","og_url":"https:\/\/www.welovecycling.com\/pl\/2025\/01\/28\/zaczelo-sie-zawodnicy-dali-popis-w-australii\/","og_site_name":"\u0160koda We Love Cycling - Poland","article_published_time":"2025-01-28T09:57:56+00:00","og_image":[{"width":990,"height":660,"url":"https:\/\/d2p6e6u75xmxt8.cloudfront.net\/5\/2025\/01\/Many-Favourites-in-2025-Season-Opener-the-Santos-Tour-Down-Under.webp","type":"image\/webp"}],"author":"konradbobrowski","twitter_card":"summary_large_image","twitter_misc":{"Written by":"Piotr Nowik","Est. reading time":"4"},"schema":{"@context":"https:\/\/schema.org","@graph":[{"@type":"WebPage","@id":"https:\/\/www.welovecycling.com\/pl\/2025\/01\/28\/zaczelo-sie-zawodnicy-dali-popis-w-australii\/","url":"https:\/\/www.welovecycling.com\/pl\/2025\/01\/28\/zaczelo-sie-zawodnicy-dali-popis-w-australii\/","name":"Zacz\u0119\u0142o si\u0119! Zawodnicy dali popis w Australii - \u0160koda We Love Cycling - Poland","isPartOf":{"@id":"https:\/\/www.welovecycling.com\/pl\/#website"},"primaryImageOfPage":{"@id":"https:\/\/www.welovecycling.com\/pl\/2025\/01\/28\/zaczelo-sie-zawodnicy-dali-popis-w-australii\/#primaryimage"},"image":{"@id":"https:\/\/www.welovecycling.com\/pl\/2025\/01\/28\/zaczelo-sie-zawodnicy-dali-popis-w-australii\/#primaryimage"},"thumbnailUrl":"https:\/\/d2p6e6u75xmxt8.cloudfront.net\/5\/2025\/01\/Many-Favourites-in-2025-Season-Opener-the-Santos-Tour-Down-Under.webp","datePublished":"2025-01-28T09:57:56+00:00","author":{"@id":"https:\/\/www.welovecycling.com\/pl\/#\/schema\/person\/e551e469d0b17f4e0b87f3f4fa8fc0f2"},"breadcrumb":{"@id":"https:\/\/www.welovecycling.com\/pl\/2025\/01\/28\/zaczelo-sie-zawodnicy-dali-popis-w-australii\/#breadcrumb"},"inLanguage":"pl-PL","potentialAction":[{"@type":"ReadAction","target":["https:\/\/www.welovecycling.com\/pl\/2025\/01\/28\/zaczelo-sie-zawodnicy-dali-popis-w-australii\/"]}]},{"@type":"ImageObject","inLanguage":"pl-PL","@id":"https:\/\/www.welovecycling.com\/pl\/2025\/01\/28\/zaczelo-sie-zawodnicy-dali-popis-w-australii\/#primaryimage","url":"https:\/\/d2p6e6u75xmxt8.cloudfront.net\/5\/2025\/01\/Many-Favourites-in-2025-Season-Opener-the-Santos-Tour-Down-Under.webp","contentUrl":"https:\/\/d2p6e6u75xmxt8.cloudfront.net\/5\/2025\/01\/Many-Favourites-in-2025-Season-Opener-the-Santos-Tour-Down-Under.webp","width":990,"height":660},{"@type":"BreadcrumbList","@id":"https:\/\/www.welovecycling.com\/pl\/2025\/01\/28\/zaczelo-sie-zawodnicy-dali-popis-w-australii\/#breadcrumb","itemListElement":[{"@type":"ListItem","position":1,"name":"Home","item":"https:\/\/www.welovecycling.com\/pl\/"},{"@type":"ListItem","position":2,"name":"Zacz\u0119\u0142o si\u0119! Zawodnicy dali popis w Australii"}]},{"@type":"WebSite","@id":"https:\/\/www.welovecycling.com\/pl\/#website","url":"https:\/\/www.welovecycling.com\/pl\/","name":"\u0160koda We Love Cycling - Poland","description":"","potentialAction":[{"@type":"SearchAction","target":{"@type":"EntryPoint","urlTemplate":"https:\/\/www.welovecycling.com\/pl\/?s={search_term_string}"},"query-input":{"@type":"PropertyValueSpecification","valueRequired":true,"valueName":"search_term_string"}}],"inLanguage":"pl-PL"},{"@type":"Person","@id":"https:\/\/www.welovecycling.com\/pl\/#\/schema\/person\/e551e469d0b17f4e0b87f3f4fa8fc0f2","name":"konradbobrowski","image":{"@type":"ImageObject","inLanguage":"pl-PL","@id":"https:\/\/www.welovecycling.com\/pl\/#\/schema\/person\/image\/","url":"https:\/\/secure.gravatar.com\/avatar\/91ac5a8cb4a26d3b32dc77b5e6d46616cf6adf425879538f5e5d7e4ef2333a4c?s=96&d=mm&r=g","contentUrl":"https:\/\/secure.gravatar.com\/avatar\/91ac5a8cb4a26d3b32dc77b5e6d46616cf6adf425879538f5e5d7e4ef2333a4c?s=96&d=mm&r=g","caption":"konradbobrowski"},"url":"https:\/\/www.welovecycling.com\/pl\/author\/konradbobrowski\/"}]}},"_links":{"self":[{"href":"https:\/\/www.welovecycling.com\/pl\/wp-json\/wp\/v2\/posts\/16040","targetHints":{"allow":["GET"]}}],"collection":[{"href":"https:\/\/www.welovecycling.com\/pl\/wp-json\/wp\/v2\/posts"}],"about":[{"href":"https:\/\/www.welovecycling.com\/pl\/wp-json\/wp\/v2\/types\/post"}],"author":[{"embeddable":true,"href":"https:\/\/www.welovecycling.com\/pl\/wp-json\/wp\/v2\/users\/187"}],"replies":[{"embeddable":true,"href":"https:\/\/www.welovecycling.com\/pl\/wp-json\/wp\/v2\/comments?post=16040"}],"version-history":[{"count":1,"href":"https:\/\/www.welovecycling.com\/pl\/wp-json\/wp\/v2\/posts\/16040\/revisions"}],"predecessor-version":[{"id":16042,"href":"https:\/\/www.welovecycling.com\/pl\/wp-json\/wp\/v2\/posts\/16040\/revisions\/16042"}],"wp:featuredmedia":[{"embeddable":true,"href":"https:\/\/www.welovecycling.com\/pl\/wp-json\/wp\/v2\/media\/16041"}],"wp:attachment":[{"href":"https:\/\/www.welovecycling.com\/pl\/wp-json\/wp\/v2\/media?parent=16040"}],"wp:term":[{"taxonomy":"category","embeddable":true,"href":"https:\/\/www.welovecycling.com\/pl\/wp-json\/wp\/v2\/categories?post=16040"},{"taxonomy":"post_tag","embeddable":true,"href":"https:\/\/www.welovecycling.com\/pl\/wp-json\/wp\/v2\/tags?post=16040"},{"taxonomy":"global-categories","embeddable":true,"href":"https:\/\/www.welovecycling.com\/pl\/wp-json\/wp\/v2\/global-categories?post=16040"}],"curies":[{"name":"wp","href":"https:\/\/api.w.org\/{rel}","templated":true}]}}