{"id":1603,"date":"2016-07-28T13:37:55","date_gmt":"2016-07-28T13:37:55","guid":{"rendered":"http:\/\/skoda-rowery.pl\/?p=1603"},"modified":"2016-12-05T08:44:53","modified_gmt":"2016-12-05T08:44:53","slug":"rambo-w-tenisowkach-trzesie-tour-de-france","status":"publish","type":"post","link":"https:\/\/www.welovecycling.com\/pl\/2016\/07\/28\/rambo-w-tenisowkach-trzesie-tour-de-france\/","title":{"rendered":"Rambo w tenis\u00f3wkach trz\u0119sie Tour de France"},"content":{"rendered":"<p style=\"text-align: justify\">Startowa\u0142 w tenis\u00f3wkach, przydu\u017cym podkoszulku, a pierwszy wy\u015bcig wygra\u0142 na rowerze po\u017cyczonym od siostry. Tak rodzi\u0142 si\u0119 wielki talent Petera Sagana, tegorocznego zdobywcy zielonej koszulki Tour de France ufundowanej przez \u0160KOD\u0118.<!--more--><\/p>\n<p style=\"text-align: justify\">&#8211; Na tym \u015bwiecie pewne s\u0105 tylko dwie rzeczy: \u015bmier\u0107 i podatki &#8211; m\u00f3wi\u0142 Benjamin Franklin. Gdyby ameryka\u0144ski polityk \u017cy\u0142 dzi\u015b, to musia\u0142by doda\u0107 do tego zestawu tak\u017ce zwyci\u0119stwo Sagana w klasyfikacji punktowej Tour de France. W niedziel\u0119 S\u0142owak dokona\u0142 bowiem rzeczy niebywa\u0142ej &#8211; w swoim pi\u0105tym z rz\u0119du wyst\u0119pie w \u201eWielkiej P\u0119tli\u201d, po raz pi\u0105ty zdoby\u0142 zielon\u0105 koszulk\u0119!<\/p>\n<p style=\"text-align: justify\"><strong>Rower z marketu\u00a0<\/strong><\/p>\n<p style=\"text-align: justify\">Wychowa\u0142 si\u0119 w zwyk\u0142ej s\u0142owackiej rodzinie. Rodzice prowadzili sklep spo\u017cywczy w \u017bylinie, jakie\u015b 40 km od granicy z Polsk\u0105. Peter by\u0142 najm\u0142odszym dzieckiem, mia\u0142 dw\u00f3ch braci i siostr\u0119, kt\u00f3rzy w jakim\u015b stopniu te\u017c przyczynili si\u0119 do tego, \u017ce dzi\u015b nazywany jest jednym z najzdolniejszych kolarzy na \u015bwiecie.<\/p>\n<p style=\"text-align: justify\">O dwa lata starszy brat Juraj, tak\u017ce jest zawodowcem i nawet je\u017adzi w tej samej grupie, co Peter, czyli Tinkoff. Z kolei siostra mo\u017ce wielk\u0105 mi\u0142o\u015bci\u0105 do kolarstwa nie pa\u0142a\u0142a, ale za m\u0142odu posiada\u0142a obiekt westchnie\u0144 Petera, czyli rower. To w\u0142a\u015bnie na jej dwuko\u0142owcu wybitny dzi\u015b kolarz wygra\u0142 jeden z najwa\u017cniejszych wy\u015bcig\u00f3w na S\u0142owacji!<\/p>\n<p style=\"text-align: justify\">Sytuacja by\u0142a do\u015b\u0107 kuriozalna \u2013 Sagan sprzeda\u0142 sw\u00f3j rower, a zamiennego nie dosta\u0142 na czas. W tej sytuacji nie mia\u0142 wyboru \u2013 musia\u0142 po\u017cyczy\u0107 sprz\u0119t od siostry, kt\u00f3ry je\u017adzi\u0142a na rowerze zakupionym w markecie, z podstawowymi hamulcami i mniejsz\u0105 liczb\u0105 prze\u0142o\u017ce\u0144 ni\u017c profesjonalny dwuko\u0142owiec. Te niedoci\u0105gni\u0119cia Sagan nadrobi\u0142 jednak si\u0142\u0105 n\u00f3g oraz zawzi\u0119ciem i stan\u0105\u0142 na najwy\u017cszym stopniu podium.<\/p>\n<p style=\"text-align: justify\">&#8211; Nigdy nie widzia\u0142em takie kolarza jak on. I szczerze? S\u0105dz\u0119, \u017ce nikt nikogo podobnego nie widzia\u0142. Po nim mo\u017cesz spodziewa\u0107 si\u0119 wszystkiego, bo on mo\u017ce wygra\u0107 co tylko zechce. Je\u015bli kt\u00f3rego\u015b dnia zwyci\u0119\u017cy w klasyfikacji generalnej Tour de France, to te\u017c nie b\u0119d\u0119 zdziwiony \u2013 m\u00f3wi\u0142 o Saganie Ivan Basso, dwukrotny zwyci\u0119zca Giro d&#8217;Italia.<\/p>\n<p style=\"text-align: justify\"><strong>Koszulka i rze\u017aba<\/strong><\/p>\n<p style=\"text-align: justify\">Sagan ma 26 lat (dla por\u00f3wnania zwyci\u0119zca Tour de France &#8211; Christopher Froome &#8211; jest o pi\u0119\u0107 lat starszy), a ju\u017c przeszed\u0142 do historii wy\u015bcigu dzi\u0119ki kolekcjonowaniu zielonych koszulek. Kolejn\u0105, wraz z zielon\u0105 rze\u017ab\u0105, odebra\u0142 w niedziel\u0119 z r\u0105k prezesa \u0160KODY Bernharda Maiera.<\/p>\n<figure id=\"attachment_1604\" aria-describedby=\"caption-attachment-1604\" style=\"width: 1000px\" class=\"wp-caption alignnone\"><img loading=\"lazy\" decoding=\"async\" class=\"size-full wp-image-1604\" src=\"http:\/\/skoda-rowery.pl\/wp-content\/uploads\/2016\/07\/20160725403_221537.jpg\" alt=\"Tour de France 2016 - 22\/07\/2016 - Etape 19 - Albertville \/ Saint-Gervais Mont Blanc (146 km) - passage de la caravane skoda\" width=\"1000\" height=\"666\" srcset=\"https:\/\/d2p6e6u75xmxt8.cloudfront.net\/5\/2016\/07\/20160725403_221537.jpg 1000w, https:\/\/d2p6e6u75xmxt8.cloudfront.net\/5\/2016\/07\/20160725403_221537-300x200.jpg 300w, https:\/\/d2p6e6u75xmxt8.cloudfront.net\/5\/2016\/07\/20160725403_221537-768x511.jpg 768w, https:\/\/d2p6e6u75xmxt8.cloudfront.net\/5\/2016\/07\/20160725403_221537-272x182.jpg 272w\" sizes=\"auto, (max-width: 1000px) 100vw, 1000px\" \/><figcaption id=\"caption-attachment-1604\" class=\"wp-caption-text\">Tour de France 2016 &#8211; 22\/07\/2016 &#8211; Etape 19 &#8211; Albertville \/ Saint-Gervais Mont Blanc (146 km)\u00a0<\/figcaption><\/figure>\n<p style=\"text-align: justify\">&#8211; Bardzo si\u0119 ciesz\u0119, \u017ce zn\u00f3w j\u0105 wygra\u0142em. Szczeg\u00f3lnie, \u017ce w tym roku Tour de France by\u0142 bardzo trudny. Szczerze m\u00f3wi\u0105c, to trudniejszego nie pami\u0119tam &#8211; m\u00f3wi\u0142 Sagan s\u0142owackiej telewizji RTVS.<\/p>\n<p style=\"text-align: justify\">S\u0142owak to jeden z tych kolarzy, dla kt\u00f3rych rower jest niesamowitym impulsem. W \u017cyciu prywatnym nale\u017cy raczej do ludzi spokojnych &#8211; nie jest dusz\u0105 towarzystwa, nie wsadza nosa w nie swoje sprawy, raczej trzyma si\u0119 z boku. Gdy jednak wsiada na rower, wst\u0119puje w niego wojownik. Potrafi wypracowa\u0107 sobie \u015bwietn\u0105 pozycj\u0119 w peletonie, a na finiszach jakby w\u0142\u0105cza\u0142 turbodo\u0142adowanie. Nieprzypadkowo nazywany jest, wi\u0119c Rambo lub Terminatorem.<\/p>\n<p style=\"text-align: justify\"><strong>Chochlik zaatakowa\u0142<br \/>\n<\/strong><br \/>\nW Saganie drzemie jednak chochlik, kt\u00f3ry czasami daje o sobie zna\u0107 w z\u0142ym momencie. Tak by\u0142o trzy lata temu podczas wy\u015bcigu Dooko\u0142a Flandrii, gdy S\u0142owak uszczypn\u0105\u0142 w po\u015bladek hostess\u0119. Szybko jednak zrozumia\u0142 sw\u00f3j b\u0142\u0105d i w specjalnym nagraniu przeprosi\u0142 za swoje zachowanie.<\/p>\n<p style=\"text-align: justify\">&#8211; Jest mi bardzo przykro i mam nadziej\u0119, \u017ce moje przeprosiny zostan\u0105 przyj\u0119te. To by\u0142 tylko g\u0142upi dowcip, kt\u00f3rego nie powinienem robi\u0107. Nie zamierza\u0142em jednak okaza\u0107 braku szacunku kobiecie &#8211; t\u0142umaczy\u0142 si\u0119 Sagan, wr\u0119czy\u0142 hostessie kwiaty, a jego przeprosiny zosta\u0142y przyj\u0119te.<\/p>\n<p style=\"text-align: justify\">Od tamtej pory ze S\u0142owakiem wi\u0105\u017c\u0105 si\u0119 ju\u017c jednak tylko pozytywne historie, a kolejn\u0105 planuje napisa\u0107 ju\u017c w przysz\u0142ym miesi\u0105cu, podczas Igrzysk Olimpijskich w Rio de Janeiro.<\/p>\n","protected":false},"excerpt":{"rendered":"<p>Startowa\u0142 w tenis\u00f3wkach, przydu\u017cym podkoszulku, a pierwszy wy\u015bcig wygra\u0142 na rowerze po\u017cyczonym od siostry. Tak rodzi\u0142 si\u0119 wielki talent Petera [&hellip;]<\/p>\n","protected":false},"author":1,"featured_media":1605,"comment_status":"open","ping_status":"closed","sticky":false,"template":"","format":"standard","meta":{"footnotes":""},"categories":[1],"tags":[77],"global-categories":[],"class_list":["post-1603","post","type-post","status-publish","format-standard","has-post-thumbnail","hentry","category-uncategorized","tag-tour-de-france"],"yoast_head":"<!-- This site is optimized with the Yoast SEO Premium plugin v25.3 (Yoast SEO v25.9) - https:\/\/yoast.com\/wordpress\/plugins\/seo\/ -->\n<title>Rambo w tenis\u00f3wkach trz\u0119sie Tour de France - \u0160koda We Love Cycling - Poland<\/title>\n<meta name=\"robots\" content=\"index, follow, max-snippet:-1, max-image-preview:large, max-video-preview:-1\" \/>\n<link rel=\"canonical\" href=\"https:\/\/www.welovecycling.com\/pl\/2016\/07\/28\/rambo-w-tenisowkach-trzesie-tour-de-france\/\" \/>\n<meta property=\"og:locale\" content=\"pl_PL\" \/>\n<meta property=\"og:type\" content=\"article\" \/>\n<meta property=\"og:title\" content=\"Rambo w tenis\u00f3wkach trz\u0119sie Tour de France\" \/>\n<meta property=\"og:description\" content=\"Startowa\u0142 w tenis\u00f3wkach, przydu\u017cym podkoszulku, a pierwszy wy\u015bcig wygra\u0142 na rowerze po\u017cyczonym od siostry. Tak rodzi\u0142 si\u0119 wielki talent Petera [&hellip;]\" \/>\n<meta property=\"og:url\" content=\"https:\/\/www.welovecycling.com\/pl\/2016\/07\/28\/rambo-w-tenisowkach-trzesie-tour-de-france\/\" \/>\n<meta property=\"og:site_name\" content=\"\u0160koda We Love Cycling - Poland\" \/>\n<meta property=\"article:published_time\" content=\"2016-07-28T13:37:55+00:00\" \/>\n<meta property=\"article:modified_time\" content=\"2016-12-05T08:44:53+00:00\" \/>\n<meta property=\"og:image\" content=\"https:\/\/d2p6e6u75xmxt8.cloudfront.net\/5\/2016\/07\/20160724278_241958.jpg\" \/>\n\t<meta property=\"og:image:width\" content=\"1000\" \/>\n\t<meta property=\"og:image:height\" content=\"666\" \/>\n\t<meta property=\"og:image:type\" content=\"image\/jpeg\" \/>\n<meta name=\"author\" content=\"WeLoveCycling\" \/>\n<meta name=\"twitter:card\" content=\"summary_large_image\" \/>\n<meta name=\"twitter:label1\" content=\"Written by\" \/>\n\t<meta name=\"twitter:data1\" content=\"WeLoveCycling\" \/>\n\t<meta name=\"twitter:label2\" content=\"Est. reading time\" \/>\n\t<meta name=\"twitter:data2\" content=\"3 minutes\" \/>\n<script type=\"application\/ld+json\" class=\"yoast-schema-graph\">{\"@context\":\"https:\/\/schema.org\",\"@graph\":[{\"@type\":\"WebPage\",\"@id\":\"https:\/\/www.welovecycling.com\/pl\/2016\/07\/28\/rambo-w-tenisowkach-trzesie-tour-de-france\/\",\"url\":\"https:\/\/www.welovecycling.com\/pl\/2016\/07\/28\/rambo-w-tenisowkach-trzesie-tour-de-france\/\",\"name\":\"Rambo w tenis\u00f3wkach trz\u0119sie Tour de France - \u0160koda We Love Cycling - Poland\",\"isPartOf\":{\"@id\":\"https:\/\/www.welovecycling.com\/pl\/#website\"},\"primaryImageOfPage\":{\"@id\":\"https:\/\/www.welovecycling.com\/pl\/2016\/07\/28\/rambo-w-tenisowkach-trzesie-tour-de-france\/#primaryimage\"},\"image\":{\"@id\":\"https:\/\/www.welovecycling.com\/pl\/2016\/07\/28\/rambo-w-tenisowkach-trzesie-tour-de-france\/#primaryimage\"},\"thumbnailUrl\":\"https:\/\/d2p6e6u75xmxt8.cloudfront.net\/5\/2016\/07\/20160724278_241958.jpg\",\"datePublished\":\"2016-07-28T13:37:55+00:00\",\"dateModified\":\"2016-12-05T08:44:53+00:00\",\"author\":{\"@id\":\"https:\/\/www.welovecycling.com\/pl\/#\/schema\/person\/e5187c9cac8dd619ebc7b41bd73c2fd9\"},\"breadcrumb\":{\"@id\":\"https:\/\/www.welovecycling.com\/pl\/2016\/07\/28\/rambo-w-tenisowkach-trzesie-tour-de-france\/#breadcrumb\"},\"inLanguage\":\"pl-PL\",\"potentialAction\":[{\"@type\":\"ReadAction\",\"target\":[\"https:\/\/www.welovecycling.com\/pl\/2016\/07\/28\/rambo-w-tenisowkach-trzesie-tour-de-france\/\"]}]},{\"@type\":\"ImageObject\",\"inLanguage\":\"pl-PL\",\"@id\":\"https:\/\/www.welovecycling.com\/pl\/2016\/07\/28\/rambo-w-tenisowkach-trzesie-tour-de-france\/#primaryimage\",\"url\":\"https:\/\/d2p6e6u75xmxt8.cloudfront.net\/5\/2016\/07\/20160724278_241958.jpg\",\"contentUrl\":\"https:\/\/d2p6e6u75xmxt8.cloudfront.net\/5\/2016\/07\/20160724278_241958.jpg\",\"width\":1000,\"height\":666},{\"@type\":\"BreadcrumbList\",\"@id\":\"https:\/\/www.welovecycling.com\/pl\/2016\/07\/28\/rambo-w-tenisowkach-trzesie-tour-de-france\/#breadcrumb\",\"itemListElement\":[{\"@type\":\"ListItem\",\"position\":1,\"name\":\"Home\",\"item\":\"https:\/\/www.welovecycling.com\/pl\/\"},{\"@type\":\"ListItem\",\"position\":2,\"name\":\"Rambo w tenis\u00f3wkach trz\u0119sie Tour de France\"}]},{\"@type\":\"WebSite\",\"@id\":\"https:\/\/www.welovecycling.com\/pl\/#website\",\"url\":\"https:\/\/www.welovecycling.com\/pl\/\",\"name\":\"\u0160koda We Love Cycling - Poland\",\"description\":\"\",\"potentialAction\":[{\"@type\":\"SearchAction\",\"target\":{\"@type\":\"EntryPoint\",\"urlTemplate\":\"https:\/\/www.welovecycling.com\/pl\/?s={search_term_string}\"},\"query-input\":{\"@type\":\"PropertyValueSpecification\",\"valueRequired\":true,\"valueName\":\"search_term_string\"}}],\"inLanguage\":\"pl-PL\"},{\"@type\":\"Person\",\"@id\":\"https:\/\/www.welovecycling.com\/pl\/#\/schema\/person\/e5187c9cac8dd619ebc7b41bd73c2fd9\",\"name\":\"WeLoveCycling\",\"image\":{\"@type\":\"ImageObject\",\"inLanguage\":\"pl-PL\",\"@id\":\"https:\/\/www.welovecycling.com\/pl\/#\/schema\/person\/image\/\",\"url\":\"https:\/\/secure.gravatar.com\/avatar\/7e1ee0ecc5e294b19ef32b9f6086e0afbb9da00c3cb0d465ba4695331f4a9187?s=96&d=mm&r=g\",\"contentUrl\":\"https:\/\/secure.gravatar.com\/avatar\/7e1ee0ecc5e294b19ef32b9f6086e0afbb9da00c3cb0d465ba4695331f4a9187?s=96&d=mm&r=g\",\"caption\":\"WeLoveCycling\"},\"url\":\"https:\/\/www.welovecycling.com\/pl\/author\/lukascech\/\"}]}<\/script>\n<!-- \/ Yoast SEO Premium plugin. -->","yoast_head_json":{"title":"Rambo w tenis\u00f3wkach trz\u0119sie Tour de France - \u0160koda We Love Cycling - Poland","robots":{"index":"index","follow":"follow","max-snippet":"max-snippet:-1","max-image-preview":"max-image-preview:large","max-video-preview":"max-video-preview:-1"},"canonical":"https:\/\/www.welovecycling.com\/pl\/2016\/07\/28\/rambo-w-tenisowkach-trzesie-tour-de-france\/","og_locale":"pl_PL","og_type":"article","og_title":"Rambo w tenis\u00f3wkach trz\u0119sie Tour de France","og_description":"Startowa\u0142 w tenis\u00f3wkach, przydu\u017cym podkoszulku, a pierwszy wy\u015bcig wygra\u0142 na rowerze po\u017cyczonym od siostry. Tak rodzi\u0142 si\u0119 wielki talent Petera [&hellip;]","og_url":"https:\/\/www.welovecycling.com\/pl\/2016\/07\/28\/rambo-w-tenisowkach-trzesie-tour-de-france\/","og_site_name":"\u0160koda We Love Cycling - Poland","article_published_time":"2016-07-28T13:37:55+00:00","article_modified_time":"2016-12-05T08:44:53+00:00","og_image":[{"width":1000,"height":666,"url":"https:\/\/d2p6e6u75xmxt8.cloudfront.net\/5\/2016\/07\/20160724278_241958.jpg","type":"image\/jpeg"}],"author":"WeLoveCycling","twitter_card":"summary_large_image","twitter_misc":{"Written by":"WeLoveCycling","Est. reading time":"3 minutes"},"schema":{"@context":"https:\/\/schema.org","@graph":[{"@type":"WebPage","@id":"https:\/\/www.welovecycling.com\/pl\/2016\/07\/28\/rambo-w-tenisowkach-trzesie-tour-de-france\/","url":"https:\/\/www.welovecycling.com\/pl\/2016\/07\/28\/rambo-w-tenisowkach-trzesie-tour-de-france\/","name":"Rambo w tenis\u00f3wkach trz\u0119sie Tour de France - \u0160koda We Love Cycling - Poland","isPartOf":{"@id":"https:\/\/www.welovecycling.com\/pl\/#website"},"primaryImageOfPage":{"@id":"https:\/\/www.welovecycling.com\/pl\/2016\/07\/28\/rambo-w-tenisowkach-trzesie-tour-de-france\/#primaryimage"},"image":{"@id":"https:\/\/www.welovecycling.com\/pl\/2016\/07\/28\/rambo-w-tenisowkach-trzesie-tour-de-france\/#primaryimage"},"thumbnailUrl":"https:\/\/d2p6e6u75xmxt8.cloudfront.net\/5\/2016\/07\/20160724278_241958.jpg","datePublished":"2016-07-28T13:37:55+00:00","dateModified":"2016-12-05T08:44:53+00:00","author":{"@id":"https:\/\/www.welovecycling.com\/pl\/#\/schema\/person\/e5187c9cac8dd619ebc7b41bd73c2fd9"},"breadcrumb":{"@id":"https:\/\/www.welovecycling.com\/pl\/2016\/07\/28\/rambo-w-tenisowkach-trzesie-tour-de-france\/#breadcrumb"},"inLanguage":"pl-PL","potentialAction":[{"@type":"ReadAction","target":["https:\/\/www.welovecycling.com\/pl\/2016\/07\/28\/rambo-w-tenisowkach-trzesie-tour-de-france\/"]}]},{"@type":"ImageObject","inLanguage":"pl-PL","@id":"https:\/\/www.welovecycling.com\/pl\/2016\/07\/28\/rambo-w-tenisowkach-trzesie-tour-de-france\/#primaryimage","url":"https:\/\/d2p6e6u75xmxt8.cloudfront.net\/5\/2016\/07\/20160724278_241958.jpg","contentUrl":"https:\/\/d2p6e6u75xmxt8.cloudfront.net\/5\/2016\/07\/20160724278_241958.jpg","width":1000,"height":666},{"@type":"BreadcrumbList","@id":"https:\/\/www.welovecycling.com\/pl\/2016\/07\/28\/rambo-w-tenisowkach-trzesie-tour-de-france\/#breadcrumb","itemListElement":[{"@type":"ListItem","position":1,"name":"Home","item":"https:\/\/www.welovecycling.com\/pl\/"},{"@type":"ListItem","position":2,"name":"Rambo w tenis\u00f3wkach trz\u0119sie Tour de France"}]},{"@type":"WebSite","@id":"https:\/\/www.welovecycling.com\/pl\/#website","url":"https:\/\/www.welovecycling.com\/pl\/","name":"\u0160koda We Love Cycling - Poland","description":"","potentialAction":[{"@type":"SearchAction","target":{"@type":"EntryPoint","urlTemplate":"https:\/\/www.welovecycling.com\/pl\/?s={search_term_string}"},"query-input":{"@type":"PropertyValueSpecification","valueRequired":true,"valueName":"search_term_string"}}],"inLanguage":"pl-PL"},{"@type":"Person","@id":"https:\/\/www.welovecycling.com\/pl\/#\/schema\/person\/e5187c9cac8dd619ebc7b41bd73c2fd9","name":"WeLoveCycling","image":{"@type":"ImageObject","inLanguage":"pl-PL","@id":"https:\/\/www.welovecycling.com\/pl\/#\/schema\/person\/image\/","url":"https:\/\/secure.gravatar.com\/avatar\/7e1ee0ecc5e294b19ef32b9f6086e0afbb9da00c3cb0d465ba4695331f4a9187?s=96&d=mm&r=g","contentUrl":"https:\/\/secure.gravatar.com\/avatar\/7e1ee0ecc5e294b19ef32b9f6086e0afbb9da00c3cb0d465ba4695331f4a9187?s=96&d=mm&r=g","caption":"WeLoveCycling"},"url":"https:\/\/www.welovecycling.com\/pl\/author\/lukascech\/"}]}},"_links":{"self":[{"href":"https:\/\/www.welovecycling.com\/pl\/wp-json\/wp\/v2\/posts\/1603","targetHints":{"allow":["GET"]}}],"collection":[{"href":"https:\/\/www.welovecycling.com\/pl\/wp-json\/wp\/v2\/posts"}],"about":[{"href":"https:\/\/www.welovecycling.com\/pl\/wp-json\/wp\/v2\/types\/post"}],"author":[{"embeddable":true,"href":"https:\/\/www.welovecycling.com\/pl\/wp-json\/wp\/v2\/users\/1"}],"replies":[{"embeddable":true,"href":"https:\/\/www.welovecycling.com\/pl\/wp-json\/wp\/v2\/comments?post=1603"}],"version-history":[{"count":1,"href":"https:\/\/www.welovecycling.com\/pl\/wp-json\/wp\/v2\/posts\/1603\/revisions"}],"predecessor-version":[{"id":2402,"href":"https:\/\/www.welovecycling.com\/pl\/wp-json\/wp\/v2\/posts\/1603\/revisions\/2402"}],"wp:featuredmedia":[{"embeddable":true,"href":"https:\/\/www.welovecycling.com\/pl\/wp-json\/wp\/v2\/media\/1605"}],"wp:attachment":[{"href":"https:\/\/www.welovecycling.com\/pl\/wp-json\/wp\/v2\/media?parent=1603"}],"wp:term":[{"taxonomy":"category","embeddable":true,"href":"https:\/\/www.welovecycling.com\/pl\/wp-json\/wp\/v2\/categories?post=1603"},{"taxonomy":"post_tag","embeddable":true,"href":"https:\/\/www.welovecycling.com\/pl\/wp-json\/wp\/v2\/tags?post=1603"},{"taxonomy":"global-categories","embeddable":true,"href":"https:\/\/www.welovecycling.com\/pl\/wp-json\/wp\/v2\/global-categories?post=1603"}],"curies":[{"name":"wp","href":"https:\/\/api.w.org\/{rel}","templated":true}]}}