{"id":16029,"date":"2025-01-23T13:39:11","date_gmt":"2025-01-23T13:39:11","guid":{"rendered":"https:\/\/www.welovecycling.com\/pl\/?p=16029"},"modified":"2025-01-27T12:50:35","modified_gmt":"2025-01-27T12:50:35","slug":"wystartowali-polka-otarla-sie-o-podium-teraz-czas-na-panow","status":"publish","type":"post","link":"https:\/\/www.welovecycling.com\/pl\/2025\/01\/23\/wystartowali-polka-otarla-sie-o-podium-teraz-czas-na-panow\/","title":{"rendered":"Wystartowali! Polka otar\u0142a si\u0119 o podium, teraz czas na pan\u00f3w"},"content":{"rendered":"<p><strong>Rozpocz\u0105\u0142 si\u0119 sezon UCI World Tour 2025! Podczas gdy znaczna cz\u0119\u015b\u0107 Europy pokryta jest \u015bniegiem, zawodowcy \u015bcigaj\u0105 si\u0119 w s\u0142onecznej Australii, kt\u00f3ra okaza\u0142a si\u0119 szcz\u0119\u015bliwa dla Dominiki W\u0142odarczyk. Polka zaj\u0119\u0142a czwarte miejsce w klasyfikacji generalnej Santos Women&#8217;s Tour Down Under i otar\u0142a si\u0119 o wygran\u0105 w klasyfikacji g\u00f3rskiej. Teraz czas na wy\u015bcig m\u0119\u017cczyzn.<\/strong><\/p>\n<p>Niespe\u0142na trzy miesi\u0105ce przerwy, ale dla fan\u00f3w kolarstwa potrafi\u0105 ci\u0105gn\u0105\u0107 si\u0119 jak wieczno\u015b\u0107. W drugiej po\u0142owie pa\u017adziernika \u015bwiatowa czo\u0142\u00f3wka odstawi\u0142a rowery i wybra\u0142a si\u0119 na urlopy, ale na szcz\u0119\u015bcie kolarski 2025 rok powoli zaczyna si\u0119 rozkr\u0119ca\u0107.<\/p>\n<h2><strong>Mistrzyni Polski postraszy\u0142a rywalki<\/strong><\/h2>\n<p>Sezon tradycyjnie zacz\u0105\u0142 si\u0119 w Australii. Co prawda wiele zawodniczek i zawodnik\u00f3w w styczniu nie decyduje si\u0119 na tak daleki wyjazd i szlifuje form\u0119 w najcieplejszych zak\u0105tkach Europy, ale to nie oznacza, \u017ce podczas Santos Tour Down Under brakuje emocji.<\/p>\n<p>W Australii nie by\u0142o kilku zawodniczek ze \u015bcis\u0142ego kolarskiego topu. Zabrak\u0142o m.in. Katarzyny Niewiadomej, kt\u00f3ra przygotowuje si\u0119 do sezonu z Canyon-SRAM\u2026<\/p>\n<p><a href=\"https:\/\/www.instagram.com\/reel\/DE5n_XYIm9H\/\">https:\/\/www.instagram.com\/reel\/DE5n_XYIm9H\/<\/a><\/p>\n<p>\u2026za to do g\u0142osu mog\u0142y doj\u015b\u0107 kolarki, kt\u00f3re rzadziej graj\u0105 pierwsze skrzypce w wy\u015bcigach UCI World Tour. W\u015br\u00f3d nich by\u0142a Dominika W\u0142odarczyk z UAE Team ADQ.<\/p>\n<h2><strong>O w\u0142os od podium i najlepszej g\u00f3ralki<\/strong><\/h2>\n<p>Polka z dobrej strony pokazywa\u0142a si\u0119 od pocz\u0105tku wy\u015bcigu. Na pierwszym etapie si\u0119gn\u0119\u0142a po bonifikat\u0119, a tak\u017ce zosta\u0142a wiceliderk\u0105 klasyfikacji g\u00f3rskiej. Gorzej prezentowa\u0142a si\u0119 jej sytuacja w klasyfikacji generalnej, bo na met\u0119 wjecha\u0142a w grupie i zajmowa\u0142a 17. miejsce z 36 sekundami straty do prowadz\u0105cej Daniek Hengeveld (Ceratizit Pro Cycling Team).<\/p>\n<p>W\u0142odarczyk straty zacz\u0119\u0142a nadrabia\u0107 nazajutrz. Polka od pocz\u0105tku mocno nacisn\u0119\u0142a na peda\u0142y i zgarn\u0119\u0142a pierwsz\u0105 premi\u0119 g\u00f3rsk\u0105, p\u00f3\u017aniej te\u017c nie odpuszcza\u0142a i nie do\u015b\u0107, \u017ce etap da\u0142 jej koszulk\u0119 najlepszej g\u00f3ralki, to jeszcze pozwoli\u0142 wskoczy\u0107 na czwarte miejsce w klasyfikacji generalnej.<\/p>\n<p><a href=\"https:\/\/x.com\/tourdownunder\/status\/1880481709944369302\">https:\/\/x.com\/tourdownunder\/status\/1880481709944369302<\/a><\/p>\n<p>To sprawi\u0142o, \u017ce ostatni etap zapowiada\u0142 si\u0119 bardzo emocjonuj\u0105co. W\u0142odarczyk do ko\u0144ca walczy\u0142a o koszulk\u0119 najlepszej g\u00f3ralki, ale na ostatniej premii musia\u0142a uzna\u0107 wy\u017cszo\u015b\u0107 Alyssy Polites i to zawodniczka ARA Australian Cycling Team ostatecznie triumfowa\u0142a w tej klasyfikacji.<\/p>\n<p><a href=\"https:\/\/x.com\/tourdownunder\/status\/1880814432965607816\">https:\/\/x.com\/tourdownunder\/status\/1880814432965607816<\/a><\/p>\n<p>W\u0142odarczyk dzielnie jednak walczy\u0142a o jak najlepsze miejsce w klasyfikacji generalnej i ostatecznie sko\u0144czy\u0142a wy\u015bcig tu\u017c za podium. Do pierwszej Noemi R\u00fcegg (EF Education-Oatly) straci\u0142a 40 sekund, do drugiej Silke Smulders (Liv Alula Jayco) \u2013 27 sekund, a do trzeciej Bjorndal Ottestad (Uno X Mobility) \u2013 zaledwie trzy sekundy.<\/p>\n<h2><strong>Panowie na start<\/strong><\/h2>\n<p>Po rywalizacji pa\u0144 w Australii przyszed\u0142 czas na wy\u015bcig pan\u00f3w. Kryterium poprzedzaj\u0105ce Santos Tour Down Under wygra\u0142 Australijczyk Sam Welsford (Red Bull Bora hansgrohe)\u2026<\/p>\n<p><a href=\"https:\/\/x.com\/RBH_ProCycling\/status\/1880552289863344544\">https:\/\/x.com\/RBH_ProCycling\/status\/1880552289863344544<\/a><\/p>\n<p>\u2026a teraz zawodnicy rywalizuj\u0105 ju\u017c w wy\u015bcigu etapowym. Pierwszy wy\u015bcig tak\u017ce pad\u0142 \u0142upem Welsforda, z kolei Micha\u0142 Kwiatkowski (Ineos Grenadiers) by\u0142 48., a Filip Maciejuk (Red Bull Bora hansgrohe) \u2013 113.<\/p>\n<p>Przed zawodnikami jeszcze pi\u0119\u0107 etap\u00f3w, a zako\u0144czenie w niedziel\u0119, 90-kilometrowym etapem w okolicach Adelaide.<\/p>\n<p><a class=\"in-cell-link\" href=\"http:\/\/www.skoda-auto.pl\/?_gl=1*1uohhqb*_gcl_au*MTA2NzIzODc0My4xNzMyMjg5Mjcw*GA4_ga*amo1aWJ0OXUtZTZ6My1xMTZ2LXI2YWYtZ2dyd3B0bnVraXFu*GA4_ga_KSPVKPC6VY*MTczNzYzODg5NS4xOS4xLjE3Mzc2Mzg5NDkuMC4wLjExMzQ5ODk3MzY.\" target=\"_blank\" rel=\"noopener\">Artyku\u0142 powsta\u0142 we wsp\u00f3\u0142pracy ze skoda-auto.pl<\/a><\/p>\n<p><a href=\"https:\/\/d2p6e6u75xmxt8.cloudfront.net\/5\/2030\/11\/2.webp\"><img loading=\"lazy\" decoding=\"async\" class=\"size-full wp-image-13774 aligncenter\" src=\"https:\/\/d2p6e6u75xmxt8.cloudfront.net\/5\/2030\/11\/2.webp\" alt=\"\" width=\"640\" height=\"350\" srcset=\"https:\/\/d2p6e6u75xmxt8.cloudfront.net\/5\/2030\/11\/2.webp 640w, https:\/\/d2p6e6u75xmxt8.cloudfront.net\/5\/2030\/11\/2-300x164.webp 300w, https:\/\/d2p6e6u75xmxt8.cloudfront.net\/5\/2030\/11\/2-400x219.webp 400w\" sizes=\"auto, (max-width: 640px) 100vw, 640px\" \/><\/a><\/p>\n","protected":false},"excerpt":{"rendered":"<p>Rozpocz\u0105\u0142 si\u0119 sezon UCI World Tour 2025! Podczas gdy znaczna cz\u0119\u015b\u0107 Europy pokryta jest \u015bniegiem, zawodowcy \u015bcigaj\u0105 si\u0119 w s\u0142onecznej [&hellip;]<\/p>\n","protected":false},"author":187,"featured_media":16038,"comment_status":"open","ping_status":"open","sticky":false,"template":"","format":"standard","meta":{"footnotes":""},"categories":[6],"tags":[176,151,191,404,423],"global-categories":[303],"class_list":["post-16029","post","type-post","status-publish","format-standard","has-post-thumbnail","hentry","category-kolarstwo-szosowe","tag-kolarstwo","tag-kolarstwo-szosowe","tag-skoda","tag-skodapolska","tag-wyscigi-szosowe","global-categories-cycling"],"yoast_head":"<!-- This site is optimized with the Yoast SEO Premium plugin v25.3 (Yoast SEO v25.9) - https:\/\/yoast.com\/wordpress\/plugins\/seo\/ -->\n<title>Wystartowali! Polka otar\u0142a si\u0119 o podium, teraz czas na pan\u00f3w - \u0160koda We Love Cycling - Poland<\/title>\n<meta name=\"robots\" content=\"index, follow, max-snippet:-1, max-image-preview:large, max-video-preview:-1\" \/>\n<link rel=\"canonical\" href=\"https:\/\/www.welovecycling.com\/pl\/2025\/01\/23\/wystartowali-polka-otarla-sie-o-podium-teraz-czas-na-panow\/\" \/>\n<meta property=\"og:locale\" content=\"pl_PL\" \/>\n<meta property=\"og:type\" content=\"article\" \/>\n<meta property=\"og:title\" content=\"Wystartowali! Polka otar\u0142a si\u0119 o podium, teraz czas na pan\u00f3w\" \/>\n<meta property=\"og:description\" content=\"Rozpocz\u0105\u0142 si\u0119 sezon UCI World Tour 2025! Podczas gdy znaczna cz\u0119\u015b\u0107 Europy pokryta jest \u015bniegiem, zawodowcy \u015bcigaj\u0105 si\u0119 w s\u0142onecznej [&hellip;]\" \/>\n<meta property=\"og:url\" content=\"https:\/\/www.welovecycling.com\/pl\/2025\/01\/23\/wystartowali-polka-otarla-sie-o-podium-teraz-czas-na-panow\/\" \/>\n<meta property=\"og:site_name\" content=\"\u0160koda We Love Cycling - Poland\" \/>\n<meta property=\"article:published_time\" content=\"2025-01-23T13:39:11+00:00\" \/>\n<meta property=\"article:modified_time\" content=\"2025-01-27T12:50:35+00:00\" \/>\n<meta property=\"og:image\" content=\"https:\/\/d2p6e6u75xmxt8.cloudfront.net\/5\/2025\/01\/Top-Women-Cyclists-to-Watch-in-2025-Across-All-Disciplines.webp\" \/>\n\t<meta property=\"og:image:width\" content=\"800\" \/>\n\t<meta property=\"og:image:height\" content=\"533\" \/>\n\t<meta property=\"og:image:type\" content=\"image\/webp\" \/>\n<meta name=\"author\" content=\"konradbobrowski\" \/>\n<meta name=\"twitter:card\" content=\"summary_large_image\" \/>\n<meta name=\"twitter:label1\" content=\"Written by\" \/>\n\t<meta name=\"twitter:data1\" content=\"Piotr Nowik\" \/>\n\t<meta name=\"twitter:label2\" content=\"Est. reading time\" \/>\n\t<meta name=\"twitter:data2\" content=\"3\" \/>\n<script type=\"application\/ld+json\" class=\"yoast-schema-graph\">{\"@context\":\"https:\/\/schema.org\",\"@graph\":[{\"@type\":\"WebPage\",\"@id\":\"https:\/\/www.welovecycling.com\/pl\/2025\/01\/23\/wystartowali-polka-otarla-sie-o-podium-teraz-czas-na-panow\/\",\"url\":\"https:\/\/www.welovecycling.com\/pl\/2025\/01\/23\/wystartowali-polka-otarla-sie-o-podium-teraz-czas-na-panow\/\",\"name\":\"Wystartowali! Polka otar\u0142a si\u0119 o podium, teraz czas na pan\u00f3w - \u0160koda We Love Cycling - Poland\",\"isPartOf\":{\"@id\":\"https:\/\/www.welovecycling.com\/pl\/#website\"},\"primaryImageOfPage\":{\"@id\":\"https:\/\/www.welovecycling.com\/pl\/2025\/01\/23\/wystartowali-polka-otarla-sie-o-podium-teraz-czas-na-panow\/#primaryimage\"},\"image\":{\"@id\":\"https:\/\/www.welovecycling.com\/pl\/2025\/01\/23\/wystartowali-polka-otarla-sie-o-podium-teraz-czas-na-panow\/#primaryimage\"},\"thumbnailUrl\":\"https:\/\/d2p6e6u75xmxt8.cloudfront.net\/5\/2025\/01\/Top-Women-Cyclists-to-Watch-in-2025-Across-All-Disciplines.webp\",\"datePublished\":\"2025-01-23T13:39:11+00:00\",\"dateModified\":\"2025-01-27T12:50:35+00:00\",\"author\":{\"@id\":\"https:\/\/www.welovecycling.com\/pl\/#\/schema\/person\/e551e469d0b17f4e0b87f3f4fa8fc0f2\"},\"breadcrumb\":{\"@id\":\"https:\/\/www.welovecycling.com\/pl\/2025\/01\/23\/wystartowali-polka-otarla-sie-o-podium-teraz-czas-na-panow\/#breadcrumb\"},\"inLanguage\":\"pl-PL\",\"potentialAction\":[{\"@type\":\"ReadAction\",\"target\":[\"https:\/\/www.welovecycling.com\/pl\/2025\/01\/23\/wystartowali-polka-otarla-sie-o-podium-teraz-czas-na-panow\/\"]}]},{\"@type\":\"ImageObject\",\"inLanguage\":\"pl-PL\",\"@id\":\"https:\/\/www.welovecycling.com\/pl\/2025\/01\/23\/wystartowali-polka-otarla-sie-o-podium-teraz-czas-na-panow\/#primaryimage\",\"url\":\"https:\/\/d2p6e6u75xmxt8.cloudfront.net\/5\/2025\/01\/Top-Women-Cyclists-to-Watch-in-2025-Across-All-Disciplines.webp\",\"contentUrl\":\"https:\/\/d2p6e6u75xmxt8.cloudfront.net\/5\/2025\/01\/Top-Women-Cyclists-to-Watch-in-2025-Across-All-Disciplines.webp\",\"width\":800,\"height\":533},{\"@type\":\"BreadcrumbList\",\"@id\":\"https:\/\/www.welovecycling.com\/pl\/2025\/01\/23\/wystartowali-polka-otarla-sie-o-podium-teraz-czas-na-panow\/#breadcrumb\",\"itemListElement\":[{\"@type\":\"ListItem\",\"position\":1,\"name\":\"Home\",\"item\":\"https:\/\/www.welovecycling.com\/pl\/\"},{\"@type\":\"ListItem\",\"position\":2,\"name\":\"Wystartowali! Polka otar\u0142a si\u0119 o podium, teraz czas na pan\u00f3w\"}]},{\"@type\":\"WebSite\",\"@id\":\"https:\/\/www.welovecycling.com\/pl\/#website\",\"url\":\"https:\/\/www.welovecycling.com\/pl\/\",\"name\":\"\u0160koda We Love Cycling - Poland\",\"description\":\"\",\"potentialAction\":[{\"@type\":\"SearchAction\",\"target\":{\"@type\":\"EntryPoint\",\"urlTemplate\":\"https:\/\/www.welovecycling.com\/pl\/?s={search_term_string}\"},\"query-input\":{\"@type\":\"PropertyValueSpecification\",\"valueRequired\":true,\"valueName\":\"search_term_string\"}}],\"inLanguage\":\"pl-PL\"},{\"@type\":\"Person\",\"@id\":\"https:\/\/www.welovecycling.com\/pl\/#\/schema\/person\/e551e469d0b17f4e0b87f3f4fa8fc0f2\",\"name\":\"konradbobrowski\",\"image\":{\"@type\":\"ImageObject\",\"inLanguage\":\"pl-PL\",\"@id\":\"https:\/\/www.welovecycling.com\/pl\/#\/schema\/person\/image\/\",\"url\":\"https:\/\/secure.gravatar.com\/avatar\/91ac5a8cb4a26d3b32dc77b5e6d46616cf6adf425879538f5e5d7e4ef2333a4c?s=96&d=mm&r=g\",\"contentUrl\":\"https:\/\/secure.gravatar.com\/avatar\/91ac5a8cb4a26d3b32dc77b5e6d46616cf6adf425879538f5e5d7e4ef2333a4c?s=96&d=mm&r=g\",\"caption\":\"konradbobrowski\"},\"url\":\"https:\/\/www.welovecycling.com\/pl\/author\/konradbobrowski\/\"}]}<\/script>\n<!-- \/ Yoast SEO Premium plugin. -->","yoast_head_json":{"title":"Wystartowali! Polka otar\u0142a si\u0119 o podium, teraz czas na pan\u00f3w - \u0160koda We Love Cycling - Poland","robots":{"index":"index","follow":"follow","max-snippet":"max-snippet:-1","max-image-preview":"max-image-preview:large","max-video-preview":"max-video-preview:-1"},"canonical":"https:\/\/www.welovecycling.com\/pl\/2025\/01\/23\/wystartowali-polka-otarla-sie-o-podium-teraz-czas-na-panow\/","og_locale":"pl_PL","og_type":"article","og_title":"Wystartowali! Polka otar\u0142a si\u0119 o podium, teraz czas na pan\u00f3w","og_description":"Rozpocz\u0105\u0142 si\u0119 sezon UCI World Tour 2025! Podczas gdy znaczna cz\u0119\u015b\u0107 Europy pokryta jest \u015bniegiem, zawodowcy \u015bcigaj\u0105 si\u0119 w s\u0142onecznej [&hellip;]","og_url":"https:\/\/www.welovecycling.com\/pl\/2025\/01\/23\/wystartowali-polka-otarla-sie-o-podium-teraz-czas-na-panow\/","og_site_name":"\u0160koda We Love Cycling - Poland","article_published_time":"2025-01-23T13:39:11+00:00","article_modified_time":"2025-01-27T12:50:35+00:00","og_image":[{"width":800,"height":533,"url":"https:\/\/d2p6e6u75xmxt8.cloudfront.net\/5\/2025\/01\/Top-Women-Cyclists-to-Watch-in-2025-Across-All-Disciplines.webp","type":"image\/webp"}],"author":"konradbobrowski","twitter_card":"summary_large_image","twitter_misc":{"Written by":"Piotr Nowik","Est. reading time":"3"},"schema":{"@context":"https:\/\/schema.org","@graph":[{"@type":"WebPage","@id":"https:\/\/www.welovecycling.com\/pl\/2025\/01\/23\/wystartowali-polka-otarla-sie-o-podium-teraz-czas-na-panow\/","url":"https:\/\/www.welovecycling.com\/pl\/2025\/01\/23\/wystartowali-polka-otarla-sie-o-podium-teraz-czas-na-panow\/","name":"Wystartowali! Polka otar\u0142a si\u0119 o podium, teraz czas na pan\u00f3w - \u0160koda We Love Cycling - Poland","isPartOf":{"@id":"https:\/\/www.welovecycling.com\/pl\/#website"},"primaryImageOfPage":{"@id":"https:\/\/www.welovecycling.com\/pl\/2025\/01\/23\/wystartowali-polka-otarla-sie-o-podium-teraz-czas-na-panow\/#primaryimage"},"image":{"@id":"https:\/\/www.welovecycling.com\/pl\/2025\/01\/23\/wystartowali-polka-otarla-sie-o-podium-teraz-czas-na-panow\/#primaryimage"},"thumbnailUrl":"https:\/\/d2p6e6u75xmxt8.cloudfront.net\/5\/2025\/01\/Top-Women-Cyclists-to-Watch-in-2025-Across-All-Disciplines.webp","datePublished":"2025-01-23T13:39:11+00:00","dateModified":"2025-01-27T12:50:35+00:00","author":{"@id":"https:\/\/www.welovecycling.com\/pl\/#\/schema\/person\/e551e469d0b17f4e0b87f3f4fa8fc0f2"},"breadcrumb":{"@id":"https:\/\/www.welovecycling.com\/pl\/2025\/01\/23\/wystartowali-polka-otarla-sie-o-podium-teraz-czas-na-panow\/#breadcrumb"},"inLanguage":"pl-PL","potentialAction":[{"@type":"ReadAction","target":["https:\/\/www.welovecycling.com\/pl\/2025\/01\/23\/wystartowali-polka-otarla-sie-o-podium-teraz-czas-na-panow\/"]}]},{"@type":"ImageObject","inLanguage":"pl-PL","@id":"https:\/\/www.welovecycling.com\/pl\/2025\/01\/23\/wystartowali-polka-otarla-sie-o-podium-teraz-czas-na-panow\/#primaryimage","url":"https:\/\/d2p6e6u75xmxt8.cloudfront.net\/5\/2025\/01\/Top-Women-Cyclists-to-Watch-in-2025-Across-All-Disciplines.webp","contentUrl":"https:\/\/d2p6e6u75xmxt8.cloudfront.net\/5\/2025\/01\/Top-Women-Cyclists-to-Watch-in-2025-Across-All-Disciplines.webp","width":800,"height":533},{"@type":"BreadcrumbList","@id":"https:\/\/www.welovecycling.com\/pl\/2025\/01\/23\/wystartowali-polka-otarla-sie-o-podium-teraz-czas-na-panow\/#breadcrumb","itemListElement":[{"@type":"ListItem","position":1,"name":"Home","item":"https:\/\/www.welovecycling.com\/pl\/"},{"@type":"ListItem","position":2,"name":"Wystartowali! Polka otar\u0142a si\u0119 o podium, teraz czas na pan\u00f3w"}]},{"@type":"WebSite","@id":"https:\/\/www.welovecycling.com\/pl\/#website","url":"https:\/\/www.welovecycling.com\/pl\/","name":"\u0160koda We Love Cycling - Poland","description":"","potentialAction":[{"@type":"SearchAction","target":{"@type":"EntryPoint","urlTemplate":"https:\/\/www.welovecycling.com\/pl\/?s={search_term_string}"},"query-input":{"@type":"PropertyValueSpecification","valueRequired":true,"valueName":"search_term_string"}}],"inLanguage":"pl-PL"},{"@type":"Person","@id":"https:\/\/www.welovecycling.com\/pl\/#\/schema\/person\/e551e469d0b17f4e0b87f3f4fa8fc0f2","name":"konradbobrowski","image":{"@type":"ImageObject","inLanguage":"pl-PL","@id":"https:\/\/www.welovecycling.com\/pl\/#\/schema\/person\/image\/","url":"https:\/\/secure.gravatar.com\/avatar\/91ac5a8cb4a26d3b32dc77b5e6d46616cf6adf425879538f5e5d7e4ef2333a4c?s=96&d=mm&r=g","contentUrl":"https:\/\/secure.gravatar.com\/avatar\/91ac5a8cb4a26d3b32dc77b5e6d46616cf6adf425879538f5e5d7e4ef2333a4c?s=96&d=mm&r=g","caption":"konradbobrowski"},"url":"https:\/\/www.welovecycling.com\/pl\/author\/konradbobrowski\/"}]}},"_links":{"self":[{"href":"https:\/\/www.welovecycling.com\/pl\/wp-json\/wp\/v2\/posts\/16029","targetHints":{"allow":["GET"]}}],"collection":[{"href":"https:\/\/www.welovecycling.com\/pl\/wp-json\/wp\/v2\/posts"}],"about":[{"href":"https:\/\/www.welovecycling.com\/pl\/wp-json\/wp\/v2\/types\/post"}],"author":[{"embeddable":true,"href":"https:\/\/www.welovecycling.com\/pl\/wp-json\/wp\/v2\/users\/187"}],"replies":[{"embeddable":true,"href":"https:\/\/www.welovecycling.com\/pl\/wp-json\/wp\/v2\/comments?post=16029"}],"version-history":[{"count":1,"href":"https:\/\/www.welovecycling.com\/pl\/wp-json\/wp\/v2\/posts\/16029\/revisions"}],"predecessor-version":[{"id":16031,"href":"https:\/\/www.welovecycling.com\/pl\/wp-json\/wp\/v2\/posts\/16029\/revisions\/16031"}],"wp:featuredmedia":[{"embeddable":true,"href":"https:\/\/www.welovecycling.com\/pl\/wp-json\/wp\/v2\/media\/16038"}],"wp:attachment":[{"href":"https:\/\/www.welovecycling.com\/pl\/wp-json\/wp\/v2\/media?parent=16029"}],"wp:term":[{"taxonomy":"category","embeddable":true,"href":"https:\/\/www.welovecycling.com\/pl\/wp-json\/wp\/v2\/categories?post=16029"},{"taxonomy":"post_tag","embeddable":true,"href":"https:\/\/www.welovecycling.com\/pl\/wp-json\/wp\/v2\/tags?post=16029"},{"taxonomy":"global-categories","embeddable":true,"href":"https:\/\/www.welovecycling.com\/pl\/wp-json\/wp\/v2\/global-categories?post=16029"}],"curies":[{"name":"wp","href":"https:\/\/api.w.org\/{rel}","templated":true}]}}