{"id":16007,"date":"2024-12-30T09:16:09","date_gmt":"2024-12-30T09:16:09","guid":{"rendered":"https:\/\/www.welovecycling.com\/pl\/?p=16007"},"modified":"2024-12-30T09:16:09","modified_gmt":"2024-12-30T09:16:09","slug":"tak-wyglada-kalendarz-fana-kolarstwa-na-2025-rok-bedzie-sie-dzialo","status":"publish","type":"post","link":"https:\/\/www.welovecycling.com\/pl\/2024\/12\/30\/tak-wyglada-kalendarz-fana-kolarstwa-na-2025-rok-bedzie-sie-dzialo\/","title":{"rendered":"Tak wygl\u0105da kalendarz fana kolarstwa na 2025 rok. B\u0119dzie si\u0119 dzia\u0142o!"},"content":{"rendered":"<p><strong>Za nami niesamowicie emocjonuj\u0105cy rok, ale wiele zapowiada, \u017ce tak\u017ce w nadchodz\u0105cym sezonie fani kolarstwa nie powinni mie\u0107 powod\u00f3w do narzeka\u0144. Co czeka nas w 2025 roku? Bierzemy do r\u0119ki kalendarze i zakre\u015blamy najwa\u017cniejsze daty!<\/strong><\/p>\n<h2><strong>Panie na start<\/strong><\/h2>\n<p>Kalendarz start\u00f3w pa\u0144 coraz bardziej zaczyna przypomina\u0107 rozk\u0142ad jazdy m\u0119\u017cczyzn. Do rywalizacji pan\u00f3w jest ju\u017c zbli\u017cony liczb\u0105 start\u00f3w (w kalendarzu UCI World Tour m\u0119\u017cczyzn znajduje si\u0119 36 imprez, a kobiet \u2013 28), a brakuje w nim m.in. \u017ce\u0144skiego odpowiednika Tour de Pologne oraz kilku jednodni\u00f3wek.<\/p>\n<p>G\u0142\u00f3wna r\u00f3\u017cnica wyst\u0119puje jednak w przypadku dat najwi\u0119kszych wy\u015bcig\u00f3w. La Vuelta Femenina zostanie rozegrany ju\u017c w maju, a dla Giro d&#8217;Italia Women oraz Tour de France Femmes zarezerwowano lipiec oraz pocz\u0105tek sierpnia.<\/p>\n<h2><strong>Oto dok\u0142adny kalendarz start\u00f3w kobiet w 2025 r.:*<\/strong><\/h2>\n<p>Tour Down Under \u2013 17\u201319 stycznia<\/p>\n<p>Cadel Evans Great Ocean Road Race \u2013 1 lutego<\/p>\n<p>UAE Tour Women \u2013 6\u20139 lutego<\/p>\n<p>Omloop Het Nieuwsblad \u2013 1 marca<\/p>\n<p>Strade Bianche \u2013 8 marca<\/p>\n<p>Trofeo Alfredo Binda\u2013Comune di Cittiglio \u2013 16 marca<\/p>\n<p>Milano\u2013San Remo \u2013 22 marca<\/p>\n<p>Classic Brugge\u2013De Panne \u2013 27 marca<\/p>\n<p>Gent\u2013Wevelgem \u2013 30 marca<\/p>\n<p>Tour of Flanders \u2013 6 kwietnia<\/p>\n<p>Paris\u2013Roubaix \u2013 12 kwietnia<\/p>\n<p>Amstel Gold Race \u2013 20 kwietnia<\/p>\n<p>Walo\u0144ska Strza\u0142a \u2013 23 kwietnia<\/p>\n<p>Li\u00e8ge\u2013Bastogne\u2013Li\u00e8ge \u2013 27 kwietnia<\/p>\n<p>La Vuelta Femenina \u2013 5\u201311 maja<\/p>\n<p>Itzulia Women \u2013 16\u201318 maja<\/p>\n<p>Vuelta a Burgos Feminas \u2013 22\u201325 maja<\/p>\n<p>Tour of Britain Women \u2013 5\u20138 czerwca<\/p>\n<p>Tour de Suisse Women \u2013 12\u201315 czerwca<\/p>\n<p>Copenhagen Sprint \u2013 21 czerwca<\/p>\n<p>Giro d&#8217;Italia Women \u2013 6\u201313 lipca<\/p>\n<p>Tour de France Femmes \u2013 26 lipca\u20133 sierpnia<\/p>\n<p>Tour de Romandie F\u00e9minin \u2013 15\u201317 sierpnia<\/p>\n<p>Classic Lorient Agglom\u00e9ration \u2013 30 sierpnia<\/p>\n<p>Simac Ladies Tour \u2013 7\u201312 pa\u017adziernika<\/p>\n<p>Tour of Chongming Island \u2013 14\u201316 pa\u017adziernika<\/p>\n<p>Tour of Scandinavia \u2013 19 pa\u017adziernika<\/p>\n<p>Tour of Guangxi \u2013 19 pa\u017adziernika<\/p>\n<h2><strong>M\u0119ski peleton r\u00f3wnie\u017c rusza<\/strong><\/h2>\n<p>Emocje tradycyjnie zaczn\u0105 si\u0119 tam, gdzie nawet w styczniu na brak s\u0142o\u0144ca nie mo\u017cna narzeka\u0107. Elita \u015bwiatowego kolarstwa zjedzie w\u00f3wczas do Australii, by zainaugurowa\u0107 UCI World Tour 2025. Tym razem Tour Down Under rozpocznie si\u0119 21 stycznia, a zako\u0144czy pi\u0119\u0107 dni p\u00f3\u017aniej. Z kolei 2 lutego rozegrany zostanie drugi i ostatni wy\u015bcig elity na tym kontynencie \u2013 zawodnicy b\u0119d\u0105 \u015bcigali si\u0119 w jednodniowym Cadel Evans Great Ocean Road Race.<\/p>\n<p><a href=\"https:\/\/x.com\/tourdownunder\/status\/1867718412329451548?t=LGSrA1fGbnf8o44geOg\u2013IQ&amp;s=08\">https:\/\/x.com\/tourdownunder\/status\/1867718412329451548?t=LGSrA1fGbnf8o44geOg\u2013IQ&amp;s=08<\/a><\/p>\n<h2><strong>Wizyta w Azji i w ko\u0144cu Europa<\/strong><\/h2>\n<p>P\u00f3\u017aniej przyjdzie czas na Azj\u0119 i kolejn\u0105 reklam\u0119 kolarstwa na tym kontynencie, czyli UAE Tour. Od 17 lutego w Zjednoczonych Emiratach Arabskich zawodnicy przez tydzie\u0144 b\u0119d\u0105 \u015bcigali si\u0119 w niesamowitych krajobrazach i mo\u017cna spodziewa\u0107 si\u0119, \u017ce tu wygran\u0105 za cel honoru obierze sobie ekipa Rafa\u0142a Majki \u2013 UAE Team Emirates.<\/p>\n<p>1 marca to dzie\u0144, na kt\u00f3ry czekaj\u0105 kibice w Europie. To w\u0142a\u015bnie wtedy na Starym Kontynencie zacznie si\u0119 rywalizacja w ramach UCI World Tour. W tym miesi\u0105cu czeka nas a\u017c sze\u015b\u0107 wy\u015bcig\u00f3w jednodniowych (m.in. Strade Bianche 8 marca i Mediolan\u2013San Remo dwa tygodnie p\u00f3\u017aniej), a tak\u017ce trzy wy\u015bcigi wieloetapowe: Pary\u017c\u2013Nicea (9\u201316 marca), Tirreno\u2013Adriatico (10\u201316 marca) oraz Wy\u015bcig Dooko\u0142a Katalonii (24\u201330 marca).<\/p>\n<p><a href=\"https:\/\/x.com\/ParisNice\/status\/1868968745210986845?t=9T8RNNusS132jqRHok75\u2013A&amp;s=08\">https:\/\/x.com\/ParisNice\/status\/1868968745210986845?t=9T8RNNusS132jqRHok75\u2013A&amp;s=08<\/a><\/p>\n<h2><strong>Oczekiwanie na informacje z Giro d&#8217;Italia<\/strong><\/h2>\n<p>Kwiecie\u0144 niemal tradycyjnie rozpocznie si\u0119 od belgijskich jednodni\u00f3wek, a 13. dnia tego miesi\u0105ca odb\u0119dzie si\u0119 morderczy Pary\u017c\u2013Roubaix. To wszystko jednak tylko przygotowania do wielkich tour\u00f3w, z kt\u00f3rych pierwszy wystartuje 9 maja. To w\u0142a\u015bnie wtedy zawodnicy stan\u0105 na starcie Giro d&#8217;Italia, cho\u0107 \u2013 co jest do\u015b\u0107 niecodzienne \u2013 na razie nie wiadomo, kt\u00f3r\u0119dy zostanie poprowadzony wy\u015bcig. Start zaplanowano w Albanii, ale jaki\u015b czas temu ten pomys\u0142 stan\u0105\u0142 pod du\u017cym znakiem zapytania i oficjalnie trasa Giro d&#8217;Italia 2025 ma zosta\u0107 zaprezentowana w po\u0142owie stycznia. Nie powinna si\u0119 za to zmieni\u0107 data zako\u0144czenia wy\u015bcigu, czyli 1 czerwca.<\/p>\n<p><a href=\"https:\/\/x.com\/parisroubaix\/status\/1866840758335992043?t=FyaBsklZLlDbT0Ieg27yeg&amp;s=08\">https:\/\/x.com\/parisroubaix\/status\/1866840758335992043?t=FyaBsklZLlDbT0Ieg27yeg&amp;s=08<\/a><\/p>\n<h2><strong>Lipcowa uczta<\/strong><\/h2>\n<p>Niewiele ponad miesi\u0105c p\u00f3\u017aniej rozpocznie si\u0119 uczta kibic\u00f3w kolarstwa na ca\u0142ym \u015bwiecie, czyli 112. edycja Tour de France. Tu wszystko wydaje si\u0119 dopi\u0119te na ostatni guzik \u2013 start 5 lipca z Lille, a zako\u0144czenie 27 lipca na Polach Elizejskich.<\/p>\n<p><a href=\"https:\/\/x.com\/LeTour\/status\/1851222818844799342?t=c5EwPGIUrJadmZ0MLZx0yg&amp;s=08\">https:\/\/x.com\/LeTour\/status\/1851222818844799342?t=c5EwPGIUrJadmZ0MLZx0yg&amp;s=08<\/a><\/p>\n<p>Tym razem Wielka P\u0119tla na szcz\u0119\u015bcie nie zaz\u0119bi si\u0119 z Tour de Pologne, wi\u0119c jest szansa, \u017ce w naszym kraju zobaczymy \u015bmietank\u0119 \u015bwiatowego kolarstwa. Polski wy\u015bcig zacznie si\u0119 4 sierpnia, a zako\u0144czy sze\u015b\u0107 dni p\u00f3\u017aniej. Najwi\u0119ksze emocje w sierpniu b\u0119d\u0105 jednak zwi\u0105zane z Vuelta a Espa\u00f1a (23 sierpnia\u201314 wrze\u015bnia). Szczeg\u00f3\u0142y wy\u015bcigu poznali\u015bmy dos\u0142ownie kilka dni temu i ju\u017c wiadomo, \u017ce rywalizacja zacznie si\u0119 we W\u0142oszech (etapem Turyn\u2013Novara), by po czterech dniach przenie\u015b\u0107 si\u0119 do Hiszpanii. Met\u0119 tradycyjnie zaplanowano w Madrycie.<\/p>\n<p><a href=\"https:\/\/x.com\/lavuelta\/status\/1869814047996071984?t=F0ribwNZtADXkCtYlH9WWA&amp;s=08\">https:\/\/x.com\/lavuelta\/status\/1869814047996071984?t=F0ribwNZtADXkCtYlH9WWA&amp;s=08<\/a><\/p>\n<p>Na wrze\u015bniowe \u015bciganie najbardziej czekaj\u0105 z kolei w&#8230; Ameryce P\u00f3\u0142nocnej. To w\u0142a\u015bnie tam przeniesie si\u0119 \u015bwiatowy peleton, gdy w Europie powoli b\u0119dzie zaczyna\u0142a si\u0119 jesienna aura. 12 wrze\u015bnia zawodnicy zmierz\u0105 si\u0119 w Grand Prix Cycliste de Quebec, a dwa dni p\u00f3\u017aniej \u2013 w Grand Prix Cycliste de Montreal.<\/p>\n<h2><strong>W\u0142ochy na po\u017cegnanie Europy, a p\u00f3\u017aniej Azja<\/strong><\/h2>\n<p>Europejskie zamkni\u0119cie sezonu UCI World Tour 2025 b\u0119dzie mia\u0142o miejsce 11 pa\u017adziernika we W\u0142oszech, gdy kolarze pojad\u0105 w Il Lombardia. To nie b\u0119dzie jednak koniec emocji, bo ostatnim wy\u015bcigiem roku ma by\u0107 Tour of Guangxi (14\u201319 pa\u017adziernika) rozgrywany w Chinach.<\/p>\n<p><a href=\"https:\/\/x.com\/lotto_dstny\/status\/1847557408639316137?t=2pRMWlCfs9lyI6s1N9uwjQ&amp;s=08\">https:\/\/x.com\/lotto_dstny\/status\/1847557408639316137?t=2pRMWlCfs9lyI6s1N9uwjQ&amp;s=08<\/a><\/p>\n<h2><strong>M\u015a w Afryce<\/strong><\/h2>\n<p>W 2025 roku wa\u017cnym punktem w kalendarzu b\u0119d\u0105 tak\u017ce mistrzostwa \u015bwiata w kolarstwie szosowym. Impreza zapowiada si\u0119 tym ciekawiej, \u017ce swoje kolarskie pi\u0119\u0107 minut otrzyma Afryka, gdy\u017c wy\u015bcigi rozgrywane b\u0119d\u0105 w Rwandzie (21\u201328 wrze\u015bnia).<\/p>\n<p>* daty wy\u015bcig\u00f3w zar\u00f3wno kobiet, jak i m\u0119\u017cczyzn mog\u0105 si\u0119 zmieni\u0107.<\/p>\n<p><a class=\"in-cell-link\" href=\"http:\/\/www.skoda-auto.pl\/\" target=\"_blank\" rel=\"noopener\">Artyku\u0142 powsta\u0142 we wsp\u00f3\u0142pracy ze skoda-auto.pl<\/a><\/p>\n<p><a href=\"https:\/\/d2p6e6u75xmxt8.cloudfront.net\/5\/2030\/11\/1.webp\"><img loading=\"lazy\" decoding=\"async\" class=\"size-full wp-image-13777 aligncenter\" src=\"https:\/\/d2p6e6u75xmxt8.cloudfront.net\/5\/2030\/11\/1.webp\" alt=\"\" width=\"640\" height=\"350\" srcset=\"https:\/\/d2p6e6u75xmxt8.cloudfront.net\/5\/2030\/11\/1.webp 640w, https:\/\/d2p6e6u75xmxt8.cloudfront.net\/5\/2030\/11\/1-300x164.webp 300w, https:\/\/d2p6e6u75xmxt8.cloudfront.net\/5\/2030\/11\/1-400x219.webp 400w\" sizes=\"auto, (max-width: 640px) 100vw, 640px\" \/><\/a><\/p>\n","protected":false},"excerpt":{"rendered":"<p>Za nami niesamowicie emocjonuj\u0105cy rok, ale wiele zapowiada, \u017ce tak\u017ce w nadchodz\u0105cym sezonie fani kolarstwa nie powinni mie\u0107 powod\u00f3w do [&hellip;]<\/p>\n","protected":false},"author":187,"featured_media":16008,"comment_status":"open","ping_status":"open","sticky":false,"template":"","format":"standard","meta":{"footnotes":""},"categories":[6],"tags":[369,151,191,404,77,264,423],"global-categories":[303],"class_list":["post-16007","post","type-post","status-publish","format-standard","has-post-thumbnail","hentry","category-kolarstwo-szosowe","tag-kasia-niewiadoma","tag-kolarstwo-szosowe","tag-skoda","tag-skodapolska","tag-tour-de-france","tag-wyscig-etapowy","tag-wyscigi-szosowe","global-categories-cycling"],"yoast_head":"<!-- This site is optimized with the Yoast SEO Premium plugin v25.3 (Yoast SEO v25.9) - https:\/\/yoast.com\/wordpress\/plugins\/seo\/ -->\n<title>Tak wygl\u0105da kalendarz fana kolarstwa na 2025 rok. B\u0119dzie si\u0119 dzia\u0142o! - \u0160koda We Love Cycling - Poland<\/title>\n<meta name=\"robots\" content=\"index, follow, max-snippet:-1, max-image-preview:large, max-video-preview:-1\" \/>\n<link rel=\"canonical\" href=\"https:\/\/www.welovecycling.com\/pl\/2024\/12\/30\/tak-wyglada-kalendarz-fana-kolarstwa-na-2025-rok-bedzie-sie-dzialo\/\" \/>\n<meta property=\"og:locale\" content=\"pl_PL\" \/>\n<meta property=\"og:type\" content=\"article\" \/>\n<meta property=\"og:title\" content=\"Tak wygl\u0105da kalendarz fana kolarstwa na 2025 rok. B\u0119dzie si\u0119 dzia\u0142o!\" \/>\n<meta property=\"og:description\" content=\"Za nami niesamowicie emocjonuj\u0105cy rok, ale wiele zapowiada, \u017ce tak\u017ce w nadchodz\u0105cym sezonie fani kolarstwa nie powinni mie\u0107 powod\u00f3w do [&hellip;]\" \/>\n<meta property=\"og:url\" content=\"https:\/\/www.welovecycling.com\/pl\/2024\/12\/30\/tak-wyglada-kalendarz-fana-kolarstwa-na-2025-rok-bedzie-sie-dzialo\/\" \/>\n<meta property=\"og:site_name\" content=\"\u0160koda We Love Cycling - Poland\" \/>\n<meta property=\"article:published_time\" content=\"2024-12-30T09:16:09+00:00\" \/>\n<meta property=\"og:image\" content=\"https:\/\/d2p6e6u75xmxt8.cloudfront.net\/5\/2024\/12\/Cycling-2024_-The-Year-of-the-Crash.webp\" \/>\n\t<meta property=\"og:image:width\" content=\"990\" \/>\n\t<meta property=\"og:image:height\" content=\"660\" \/>\n\t<meta property=\"og:image:type\" content=\"image\/webp\" \/>\n<meta name=\"author\" content=\"konradbobrowski\" \/>\n<meta name=\"twitter:card\" content=\"summary_large_image\" \/>\n<meta name=\"twitter:label1\" content=\"Written by\" \/>\n\t<meta name=\"twitter:data1\" content=\"Piotr Nowik\" \/>\n\t<meta name=\"twitter:label2\" content=\"Est. reading time\" \/>\n\t<meta name=\"twitter:data2\" content=\"4\" \/>\n<script type=\"application\/ld+json\" class=\"yoast-schema-graph\">{\"@context\":\"https:\/\/schema.org\",\"@graph\":[{\"@type\":\"WebPage\",\"@id\":\"https:\/\/www.welovecycling.com\/pl\/2024\/12\/30\/tak-wyglada-kalendarz-fana-kolarstwa-na-2025-rok-bedzie-sie-dzialo\/\",\"url\":\"https:\/\/www.welovecycling.com\/pl\/2024\/12\/30\/tak-wyglada-kalendarz-fana-kolarstwa-na-2025-rok-bedzie-sie-dzialo\/\",\"name\":\"Tak wygl\u0105da kalendarz fana kolarstwa na 2025 rok. B\u0119dzie si\u0119 dzia\u0142o! - \u0160koda We Love Cycling - Poland\",\"isPartOf\":{\"@id\":\"https:\/\/www.welovecycling.com\/pl\/#website\"},\"primaryImageOfPage\":{\"@id\":\"https:\/\/www.welovecycling.com\/pl\/2024\/12\/30\/tak-wyglada-kalendarz-fana-kolarstwa-na-2025-rok-bedzie-sie-dzialo\/#primaryimage\"},\"image\":{\"@id\":\"https:\/\/www.welovecycling.com\/pl\/2024\/12\/30\/tak-wyglada-kalendarz-fana-kolarstwa-na-2025-rok-bedzie-sie-dzialo\/#primaryimage\"},\"thumbnailUrl\":\"https:\/\/d2p6e6u75xmxt8.cloudfront.net\/5\/2024\/12\/Cycling-2024_-The-Year-of-the-Crash.webp\",\"datePublished\":\"2024-12-30T09:16:09+00:00\",\"author\":{\"@id\":\"https:\/\/www.welovecycling.com\/pl\/#\/schema\/person\/e551e469d0b17f4e0b87f3f4fa8fc0f2\"},\"breadcrumb\":{\"@id\":\"https:\/\/www.welovecycling.com\/pl\/2024\/12\/30\/tak-wyglada-kalendarz-fana-kolarstwa-na-2025-rok-bedzie-sie-dzialo\/#breadcrumb\"},\"inLanguage\":\"pl-PL\",\"potentialAction\":[{\"@type\":\"ReadAction\",\"target\":[\"https:\/\/www.welovecycling.com\/pl\/2024\/12\/30\/tak-wyglada-kalendarz-fana-kolarstwa-na-2025-rok-bedzie-sie-dzialo\/\"]}]},{\"@type\":\"ImageObject\",\"inLanguage\":\"pl-PL\",\"@id\":\"https:\/\/www.welovecycling.com\/pl\/2024\/12\/30\/tak-wyglada-kalendarz-fana-kolarstwa-na-2025-rok-bedzie-sie-dzialo\/#primaryimage\",\"url\":\"https:\/\/d2p6e6u75xmxt8.cloudfront.net\/5\/2024\/12\/Cycling-2024_-The-Year-of-the-Crash.webp\",\"contentUrl\":\"https:\/\/d2p6e6u75xmxt8.cloudfront.net\/5\/2024\/12\/Cycling-2024_-The-Year-of-the-Crash.webp\",\"width\":990,\"height\":660},{\"@type\":\"BreadcrumbList\",\"@id\":\"https:\/\/www.welovecycling.com\/pl\/2024\/12\/30\/tak-wyglada-kalendarz-fana-kolarstwa-na-2025-rok-bedzie-sie-dzialo\/#breadcrumb\",\"itemListElement\":[{\"@type\":\"ListItem\",\"position\":1,\"name\":\"Home\",\"item\":\"https:\/\/www.welovecycling.com\/pl\/\"},{\"@type\":\"ListItem\",\"position\":2,\"name\":\"Tak wygl\u0105da kalendarz fana kolarstwa na 2025 rok. B\u0119dzie si\u0119 dzia\u0142o!\"}]},{\"@type\":\"WebSite\",\"@id\":\"https:\/\/www.welovecycling.com\/pl\/#website\",\"url\":\"https:\/\/www.welovecycling.com\/pl\/\",\"name\":\"\u0160koda We Love Cycling - Poland\",\"description\":\"\",\"potentialAction\":[{\"@type\":\"SearchAction\",\"target\":{\"@type\":\"EntryPoint\",\"urlTemplate\":\"https:\/\/www.welovecycling.com\/pl\/?s={search_term_string}\"},\"query-input\":{\"@type\":\"PropertyValueSpecification\",\"valueRequired\":true,\"valueName\":\"search_term_string\"}}],\"inLanguage\":\"pl-PL\"},{\"@type\":\"Person\",\"@id\":\"https:\/\/www.welovecycling.com\/pl\/#\/schema\/person\/e551e469d0b17f4e0b87f3f4fa8fc0f2\",\"name\":\"konradbobrowski\",\"image\":{\"@type\":\"ImageObject\",\"inLanguage\":\"pl-PL\",\"@id\":\"https:\/\/www.welovecycling.com\/pl\/#\/schema\/person\/image\/\",\"url\":\"https:\/\/secure.gravatar.com\/avatar\/91ac5a8cb4a26d3b32dc77b5e6d46616cf6adf425879538f5e5d7e4ef2333a4c?s=96&d=mm&r=g\",\"contentUrl\":\"https:\/\/secure.gravatar.com\/avatar\/91ac5a8cb4a26d3b32dc77b5e6d46616cf6adf425879538f5e5d7e4ef2333a4c?s=96&d=mm&r=g\",\"caption\":\"konradbobrowski\"},\"url\":\"https:\/\/www.welovecycling.com\/pl\/author\/konradbobrowski\/\"}]}<\/script>\n<!-- \/ Yoast SEO Premium plugin. -->","yoast_head_json":{"title":"Tak wygl\u0105da kalendarz fana kolarstwa na 2025 rok. B\u0119dzie si\u0119 dzia\u0142o! - \u0160koda We Love Cycling - Poland","robots":{"index":"index","follow":"follow","max-snippet":"max-snippet:-1","max-image-preview":"max-image-preview:large","max-video-preview":"max-video-preview:-1"},"canonical":"https:\/\/www.welovecycling.com\/pl\/2024\/12\/30\/tak-wyglada-kalendarz-fana-kolarstwa-na-2025-rok-bedzie-sie-dzialo\/","og_locale":"pl_PL","og_type":"article","og_title":"Tak wygl\u0105da kalendarz fana kolarstwa na 2025 rok. B\u0119dzie si\u0119 dzia\u0142o!","og_description":"Za nami niesamowicie emocjonuj\u0105cy rok, ale wiele zapowiada, \u017ce tak\u017ce w nadchodz\u0105cym sezonie fani kolarstwa nie powinni mie\u0107 powod\u00f3w do [&hellip;]","og_url":"https:\/\/www.welovecycling.com\/pl\/2024\/12\/30\/tak-wyglada-kalendarz-fana-kolarstwa-na-2025-rok-bedzie-sie-dzialo\/","og_site_name":"\u0160koda We Love Cycling - Poland","article_published_time":"2024-12-30T09:16:09+00:00","og_image":[{"width":990,"height":660,"url":"https:\/\/d2p6e6u75xmxt8.cloudfront.net\/5\/2024\/12\/Cycling-2024_-The-Year-of-the-Crash.webp","type":"image\/webp"}],"author":"konradbobrowski","twitter_card":"summary_large_image","twitter_misc":{"Written by":"Piotr Nowik","Est. reading time":"4"},"schema":{"@context":"https:\/\/schema.org","@graph":[{"@type":"WebPage","@id":"https:\/\/www.welovecycling.com\/pl\/2024\/12\/30\/tak-wyglada-kalendarz-fana-kolarstwa-na-2025-rok-bedzie-sie-dzialo\/","url":"https:\/\/www.welovecycling.com\/pl\/2024\/12\/30\/tak-wyglada-kalendarz-fana-kolarstwa-na-2025-rok-bedzie-sie-dzialo\/","name":"Tak wygl\u0105da kalendarz fana kolarstwa na 2025 rok. B\u0119dzie si\u0119 dzia\u0142o! - \u0160koda We Love Cycling - Poland","isPartOf":{"@id":"https:\/\/www.welovecycling.com\/pl\/#website"},"primaryImageOfPage":{"@id":"https:\/\/www.welovecycling.com\/pl\/2024\/12\/30\/tak-wyglada-kalendarz-fana-kolarstwa-na-2025-rok-bedzie-sie-dzialo\/#primaryimage"},"image":{"@id":"https:\/\/www.welovecycling.com\/pl\/2024\/12\/30\/tak-wyglada-kalendarz-fana-kolarstwa-na-2025-rok-bedzie-sie-dzialo\/#primaryimage"},"thumbnailUrl":"https:\/\/d2p6e6u75xmxt8.cloudfront.net\/5\/2024\/12\/Cycling-2024_-The-Year-of-the-Crash.webp","datePublished":"2024-12-30T09:16:09+00:00","author":{"@id":"https:\/\/www.welovecycling.com\/pl\/#\/schema\/person\/e551e469d0b17f4e0b87f3f4fa8fc0f2"},"breadcrumb":{"@id":"https:\/\/www.welovecycling.com\/pl\/2024\/12\/30\/tak-wyglada-kalendarz-fana-kolarstwa-na-2025-rok-bedzie-sie-dzialo\/#breadcrumb"},"inLanguage":"pl-PL","potentialAction":[{"@type":"ReadAction","target":["https:\/\/www.welovecycling.com\/pl\/2024\/12\/30\/tak-wyglada-kalendarz-fana-kolarstwa-na-2025-rok-bedzie-sie-dzialo\/"]}]},{"@type":"ImageObject","inLanguage":"pl-PL","@id":"https:\/\/www.welovecycling.com\/pl\/2024\/12\/30\/tak-wyglada-kalendarz-fana-kolarstwa-na-2025-rok-bedzie-sie-dzialo\/#primaryimage","url":"https:\/\/d2p6e6u75xmxt8.cloudfront.net\/5\/2024\/12\/Cycling-2024_-The-Year-of-the-Crash.webp","contentUrl":"https:\/\/d2p6e6u75xmxt8.cloudfront.net\/5\/2024\/12\/Cycling-2024_-The-Year-of-the-Crash.webp","width":990,"height":660},{"@type":"BreadcrumbList","@id":"https:\/\/www.welovecycling.com\/pl\/2024\/12\/30\/tak-wyglada-kalendarz-fana-kolarstwa-na-2025-rok-bedzie-sie-dzialo\/#breadcrumb","itemListElement":[{"@type":"ListItem","position":1,"name":"Home","item":"https:\/\/www.welovecycling.com\/pl\/"},{"@type":"ListItem","position":2,"name":"Tak wygl\u0105da kalendarz fana kolarstwa na 2025 rok. B\u0119dzie si\u0119 dzia\u0142o!"}]},{"@type":"WebSite","@id":"https:\/\/www.welovecycling.com\/pl\/#website","url":"https:\/\/www.welovecycling.com\/pl\/","name":"\u0160koda We Love Cycling - Poland","description":"","potentialAction":[{"@type":"SearchAction","target":{"@type":"EntryPoint","urlTemplate":"https:\/\/www.welovecycling.com\/pl\/?s={search_term_string}"},"query-input":{"@type":"PropertyValueSpecification","valueRequired":true,"valueName":"search_term_string"}}],"inLanguage":"pl-PL"},{"@type":"Person","@id":"https:\/\/www.welovecycling.com\/pl\/#\/schema\/person\/e551e469d0b17f4e0b87f3f4fa8fc0f2","name":"konradbobrowski","image":{"@type":"ImageObject","inLanguage":"pl-PL","@id":"https:\/\/www.welovecycling.com\/pl\/#\/schema\/person\/image\/","url":"https:\/\/secure.gravatar.com\/avatar\/91ac5a8cb4a26d3b32dc77b5e6d46616cf6adf425879538f5e5d7e4ef2333a4c?s=96&d=mm&r=g","contentUrl":"https:\/\/secure.gravatar.com\/avatar\/91ac5a8cb4a26d3b32dc77b5e6d46616cf6adf425879538f5e5d7e4ef2333a4c?s=96&d=mm&r=g","caption":"konradbobrowski"},"url":"https:\/\/www.welovecycling.com\/pl\/author\/konradbobrowski\/"}]}},"_links":{"self":[{"href":"https:\/\/www.welovecycling.com\/pl\/wp-json\/wp\/v2\/posts\/16007","targetHints":{"allow":["GET"]}}],"collection":[{"href":"https:\/\/www.welovecycling.com\/pl\/wp-json\/wp\/v2\/posts"}],"about":[{"href":"https:\/\/www.welovecycling.com\/pl\/wp-json\/wp\/v2\/types\/post"}],"author":[{"embeddable":true,"href":"https:\/\/www.welovecycling.com\/pl\/wp-json\/wp\/v2\/users\/187"}],"replies":[{"embeddable":true,"href":"https:\/\/www.welovecycling.com\/pl\/wp-json\/wp\/v2\/comments?post=16007"}],"version-history":[{"count":2,"href":"https:\/\/www.welovecycling.com\/pl\/wp-json\/wp\/v2\/posts\/16007\/revisions"}],"predecessor-version":[{"id":16010,"href":"https:\/\/www.welovecycling.com\/pl\/wp-json\/wp\/v2\/posts\/16007\/revisions\/16010"}],"wp:featuredmedia":[{"embeddable":true,"href":"https:\/\/www.welovecycling.com\/pl\/wp-json\/wp\/v2\/media\/16008"}],"wp:attachment":[{"href":"https:\/\/www.welovecycling.com\/pl\/wp-json\/wp\/v2\/media?parent=16007"}],"wp:term":[{"taxonomy":"category","embeddable":true,"href":"https:\/\/www.welovecycling.com\/pl\/wp-json\/wp\/v2\/categories?post=16007"},{"taxonomy":"post_tag","embeddable":true,"href":"https:\/\/www.welovecycling.com\/pl\/wp-json\/wp\/v2\/tags?post=16007"},{"taxonomy":"global-categories","embeddable":true,"href":"https:\/\/www.welovecycling.com\/pl\/wp-json\/wp\/v2\/global-categories?post=16007"}],"curies":[{"name":"wp","href":"https:\/\/api.w.org\/{rel}","templated":true}]}}