{"id":15998,"date":"2024-12-23T13:17:32","date_gmt":"2024-12-23T13:17:32","guid":{"rendered":"https:\/\/www.welovecycling.com\/pl\/?p=15998"},"modified":"2024-12-23T13:17:32","modified_gmt":"2024-12-23T13:17:32","slug":"kapitalny-rok-krolowej-kolarstwa-katarzyna-niewiadoma-rzadzi","status":"publish","type":"post","link":"https:\/\/www.welovecycling.com\/pl\/2024\/12\/23\/kapitalny-rok-krolowej-kolarstwa-katarzyna-niewiadoma-rzadzi\/","title":{"rendered":"Kapitalny rok kr\u00f3lowej kolarstwa. Katarzyna Niewiadoma rz\u0105dzi!"},"content":{"rendered":"<p><strong>Wygrana w klasyfikacji generalnej Tour de France Femmes avec Zwift, zwyci\u0119stwo w Strzale Walo\u0144skiej i \u015bwietne wyst\u0119py przez ca\u0142y sezon \u2013 to wszystko sprawi\u0142o, \u017ce 2024 <\/strong><strong>rok <\/strong><strong>nale\u017ca\u0142 do Katarzyny Niewiadomej, kr\u00f3lowej polskiego kolarstwa.<\/strong><\/p>\n<p>To nie by\u0142 \u0142atwy rok dla ca\u0142ej \u015bwiatowej czo\u0142\u00f3wki. W napi\u0119ty niemal do granic grafik start\u00f3w nale\u017ca\u0142o jeszcze wkomponowa\u0107 przygotowania do igrzysk olimpijskich oraz sam udzia\u0142, a zmieniaj\u0105ca si\u0119 data Tour de France i Tour de France Femmes te\u017c nie u\u0142atwia\u0142a logistyki. Katarzyna Niewiadoma poradzi\u0142a sobie jednak lepiej ni\u017c doskonale i zaliczy\u0142a jeden z najlepszych sezon\u00f3w w karierze.<\/p>\n<p><a href=\"https:\/\/x.com\/LeTourFemmes\/status\/1825220977480946075\">https:\/\/x.com\/LeTourFemmes\/status\/1825220977480946075<\/a><\/p>\n<p>Ju\u017c w poprzednim roku zawodniczka Canyon-SRAM Racing wys\u0142a\u0142a jasny sygna\u0142, \u017ce musz\u0105 si\u0119 z ni\u0105 liczy\u0107 najlepsze zawodniczki na \u015bwiecie. Polka zaj\u0119\u0142a trzecie miejsce w klasyfikacji generalnej Tour de France Femmes, wygra\u0142a tak\u017ce klasyfikacj\u0119 g\u00f3rsk\u0105, a na zako\u0144czenie roku nie mia\u0142a sobie r\u00f3wnych w gravelowych mistrzostwach \u015bwiata.<\/p>\n<h2><strong>\u015awietny pocz\u0105tek sezonu<\/strong><\/h2>\n<p>W t\u0119czowej koszulce mistrzyni \u015bwiata nie do\u015b\u0107, \u017ce by\u0142o jej do twarzy, to wydawa\u0142a si\u0119 ona nap\u0119dza\u0107 Niewiadom\u0105 do jeszcze szybszej jazdy. Dow\u00f3d? Drugie miejsce pod koniec marca w Wy\u015bcigu Dooko\u0142a Flandrii oraz pi\u0119kny triumf dwa tygodnie p\u00f3\u017aniej w Strzale Walo\u0144skiej. Je\u015bli wi\u0119c na pocz\u0105tku sezonu kto\u015b nie dowierza\u0142, \u017ce Niewiadoma mo\u017ce by\u0107 jeszcze mocniejsza ni\u017c w 2023 roku, to musia\u0142 b\u0142yskawicznie zweryfikowa\u0107 pogl\u0105dy.<\/p>\n<p><a href=\"https:\/\/www.instagram.com\/p\/C533f6jrWvu\/?img_index=1\">https:\/\/www.instagram.com\/p\/C533f6jrWvu\/?img_index=1<\/a><\/p>\n<p>P\u00f3\u017aniej Polka zaliczy\u0142a jeszcze kilka udanych wyst\u0119p\u00f3w, ale szczyt formy przygotowa\u0142a na sierpniowy Tour de France Femmes. Od niedawna kobiety r\u00f3wnie\u017c maj\u0105 szans\u0119 zdoby\u0107 obiekt westchnie\u0144 zawodowych kolarzy, wi\u0119c Polka zrobi\u0142a wszystko, by \u017c\u00f3\u0142ta koszulka trafi\u0142a w jej r\u0119ce.<\/p>\n<p><a href=\"https:\/\/x.com\/LeTourFemmes\/status\/1825271190812025336\">https:\/\/x.com\/LeTourFemmes\/status\/1825271190812025336<\/a><\/p>\n<h2><strong>\u201e\u017bycie jest szalone\u201d<\/strong><\/h2>\n<p>30-letnia zawodniczka z Limanowej prowadzenie w klasyfikacji generalnej obj\u0119\u0142a w po\u0142owie wy\u015bcigu i p\u00f3\u017aniej musia\u0142a odpiera\u0107 ataki. Robi\u0142a to jednak w kapitalny spos\u00f3b i na koniec by\u0142a pewna, \u017ce przechodzi do historii \u015bwiatowego kolarstwa.<\/p>\n<p>\u2013 Przesz\u0142am ogromne m\u0119czarnie na ostatnim podje\u017adzie, a potem przeci\u0119\u0142am lini\u0119 mety i dowiedzia\u0142am si\u0119, \u017ce wygra\u0142am. To by\u0142o co\u015b niesamowitego. \u017bycie jest szalone. Rok temu o w\u0142os przegra\u0142am drugie miejsce\u2026 To chyba wszystko dzi\u0119ki Bogu, on chyba ma plan dla mnie. To zwyci\u0119stwo jest nagrod\u0105 za t\u0119 trzeci\u0105 pozycj\u0119 rok temu \u2013 cieszy\u0142a si\u0119 na mecie Niewiadoma przed kamerami Eurosportu.<\/p>\n<p><a href=\"https:\/\/x.com\/LeTourFemmes\/status\/1824474581350093118\">https:\/\/x.com\/LeTourFemmes\/status\/1824474581350093118<\/a><\/p>\n<h2><strong>\u201eWszystko jest mo\u017cliwe\u201d<\/strong><\/h2>\n<p>Kapitalna jazda, \u015bwietne wyniki i bardzo rozs\u0105dnie prowadzona kariera niemal daj\u0105 pewno\u015b\u0107, \u017ce Niewiadoma nie powiedzia\u0142a jeszcze ostatniego s\u0142owa. Z rado\u015bci\u0105, ale te\u017c pokor\u0105 podchodzi do kolejnych sukces\u00f3w, a na ka\u017cdym kroku podkre\u015bla, \u017ce jej zwyci\u0119stwa wynikaj\u0105 z ci\u0119\u017ckiej pracy wielu os\u00f3b.<\/p>\n<h2><strong>Czy to oznacza, \u017ce w 2025 roku Polka mo\u017ce dostarczy\u0107 kibicom r\u00f3wnie du\u017co emocji?<\/strong><\/h2>\n<p>\u2013 Wiedzia\u0142am, \u017ce jestem w szczytowej formie, ale zawsze czego\u015b brakowa\u0142o. W tym roku to si\u0119 wreszcie zmieni\u0142o. [\u2026] Ten sukces jest dla mnie niezwykle motywuj\u0105cy \u2013 zach\u0119ci\u0142 mnie na przyk\u0142ad do wyznaczenia nowych cel\u00f3w, takich jak zdobycie koszulki mistrzyni \u015bwiata. Dzi\u0119ki tej wygranej na nowo uwierzy\u0142am, \u017ce ci\u0119\u017cka praca, odrobina cierpliwo\u015bci i szcz\u0119\u015bcia sprawiaj\u0105, \u017ce wszystko jest mo\u017cliwe. [\u2026] Przysz\u0142o\u015b\u0107 kobiecego kolarstwa rysuje si\u0119 w jasnych barwach, a ja ciesz\u0119 si\u0119, \u017ce mog\u0119 by\u0107 jej cz\u0119\u015bci\u0105 \u2013 wyzna\u0142a Niewiadoma specjalnie dla We Love Cycling.<\/p>\n<p><span data-sheets-value=\"{&quot;1&quot;:2,&quot;2&quot;:&quot;Artyku\u0142 powsta\u0142 we wsp\u00f3\u0142pracy ze skoda-auto.pl&quot;}\" data-sheets-userformat=\"{&quot;2&quot;:1,&quot;3&quot;:{&quot;1&quot;:0}}\" data-sheets-hyperlink=\"http:\/\/www.skoda-auto.pl\/\"><a class=\"in-cell-link\" href=\"http:\/\/www.skoda-auto.pl\/\" target=\"_blank\" rel=\"noopener noreferrer\">Artyku\u0142 powsta\u0142 we wsp\u00f3\u0142pracy ze skoda-auto.pl<\/a><\/span><\/p>\n<p><a href=\"https:\/\/d2p6e6u75xmxt8.cloudfront.net\/5\/2030\/11\/3.webp\"><img loading=\"lazy\" decoding=\"async\" class=\"size-full wp-image-13776 aligncenter\" src=\"https:\/\/d2p6e6u75xmxt8.cloudfront.net\/5\/2030\/11\/3.webp\" alt=\"\" width=\"640\" height=\"350\" srcset=\"https:\/\/d2p6e6u75xmxt8.cloudfront.net\/5\/2030\/11\/3.webp 640w, https:\/\/d2p6e6u75xmxt8.cloudfront.net\/5\/2030\/11\/3-300x164.webp 300w, https:\/\/d2p6e6u75xmxt8.cloudfront.net\/5\/2030\/11\/3-400x219.webp 400w\" sizes=\"auto, (max-width: 640px) 100vw, 640px\" \/><\/a><\/p>\n","protected":false},"excerpt":{"rendered":"<p>Wygrana w klasyfikacji generalnej Tour de France Femmes avec Zwift, zwyci\u0119stwo w Strzale Walo\u0144skiej i \u015bwietne wyst\u0119py przez ca\u0142y sezon [&hellip;]<\/p>\n","protected":false},"author":187,"featured_media":15999,"comment_status":"open","ping_status":"open","sticky":false,"template":"","format":"standard","meta":{"footnotes":""},"categories":[407],"tags":[369,151,191,404,406],"global-categories":[303],"class_list":["post-15998","post","type-post","status-publish","format-standard","has-post-thumbnail","hentry","category-kasia-niewiadoma","tag-kasia-niewiadoma","tag-kolarstwo-szosowe","tag-skoda","tag-skodapolska","tag-tour-de-france-femmes","global-categories-cycling"],"yoast_head":"<!-- This site is optimized with the Yoast SEO Premium plugin v25.3 (Yoast SEO v25.9) - https:\/\/yoast.com\/wordpress\/plugins\/seo\/ -->\n<title>Kapitalny rok kr\u00f3lowej kolarstwa. Katarzyna Niewiadoma rz\u0105dzi! - \u0160koda We Love Cycling - Poland<\/title>\n<meta name=\"robots\" content=\"index, follow, max-snippet:-1, max-image-preview:large, max-video-preview:-1\" \/>\n<link rel=\"canonical\" href=\"https:\/\/www.welovecycling.com\/pl\/2024\/12\/23\/kapitalny-rok-krolowej-kolarstwa-katarzyna-niewiadoma-rzadzi\/\" \/>\n<meta property=\"og:locale\" content=\"pl_PL\" \/>\n<meta property=\"og:type\" content=\"article\" \/>\n<meta property=\"og:title\" content=\"Kapitalny rok kr\u00f3lowej kolarstwa. Katarzyna Niewiadoma rz\u0105dzi!\" \/>\n<meta property=\"og:description\" content=\"Wygrana w klasyfikacji generalnej Tour de France Femmes avec Zwift, zwyci\u0119stwo w Strzale Walo\u0144skiej i \u015bwietne wyst\u0119py przez ca\u0142y sezon [&hellip;]\" \/>\n<meta property=\"og:url\" content=\"https:\/\/www.welovecycling.com\/pl\/2024\/12\/23\/kapitalny-rok-krolowej-kolarstwa-katarzyna-niewiadoma-rzadzi\/\" \/>\n<meta property=\"og:site_name\" content=\"\u0160koda We Love Cycling - Poland\" \/>\n<meta property=\"article:published_time\" content=\"2024-12-23T13:17:32+00:00\" \/>\n<meta property=\"og:image\" content=\"https:\/\/d2p6e6u75xmxt8.cloudfront.net\/5\/2024\/12\/Niewiadoma-and-Williams-Survive-Weather-to-Win-the-Brutal-Fleche-Wallonne.webp\" \/>\n\t<meta property=\"og:image:width\" content=\"990\" \/>\n\t<meta property=\"og:image:height\" content=\"660\" \/>\n\t<meta property=\"og:image:type\" content=\"image\/webp\" \/>\n<meta name=\"author\" content=\"konradbobrowski\" \/>\n<meta name=\"twitter:card\" content=\"summary_large_image\" \/>\n<meta name=\"twitter:label1\" content=\"Written by\" \/>\n\t<meta name=\"twitter:data1\" content=\"konradbobrowski\" \/>\n\t<meta name=\"twitter:label2\" content=\"Est. reading time\" \/>\n\t<meta name=\"twitter:data2\" content=\"3 minutes\" \/>\n<script type=\"application\/ld+json\" class=\"yoast-schema-graph\">{\"@context\":\"https:\/\/schema.org\",\"@graph\":[{\"@type\":\"WebPage\",\"@id\":\"https:\/\/www.welovecycling.com\/pl\/2024\/12\/23\/kapitalny-rok-krolowej-kolarstwa-katarzyna-niewiadoma-rzadzi\/\",\"url\":\"https:\/\/www.welovecycling.com\/pl\/2024\/12\/23\/kapitalny-rok-krolowej-kolarstwa-katarzyna-niewiadoma-rzadzi\/\",\"name\":\"Kapitalny rok kr\u00f3lowej kolarstwa. Katarzyna Niewiadoma rz\u0105dzi! - \u0160koda We Love Cycling - Poland\",\"isPartOf\":{\"@id\":\"https:\/\/www.welovecycling.com\/pl\/#website\"},\"primaryImageOfPage\":{\"@id\":\"https:\/\/www.welovecycling.com\/pl\/2024\/12\/23\/kapitalny-rok-krolowej-kolarstwa-katarzyna-niewiadoma-rzadzi\/#primaryimage\"},\"image\":{\"@id\":\"https:\/\/www.welovecycling.com\/pl\/2024\/12\/23\/kapitalny-rok-krolowej-kolarstwa-katarzyna-niewiadoma-rzadzi\/#primaryimage\"},\"thumbnailUrl\":\"https:\/\/d2p6e6u75xmxt8.cloudfront.net\/5\/2024\/12\/Niewiadoma-and-Williams-Survive-Weather-to-Win-the-Brutal-Fleche-Wallonne.webp\",\"datePublished\":\"2024-12-23T13:17:32+00:00\",\"author\":{\"@id\":\"https:\/\/www.welovecycling.com\/pl\/#\/schema\/person\/e551e469d0b17f4e0b87f3f4fa8fc0f2\"},\"breadcrumb\":{\"@id\":\"https:\/\/www.welovecycling.com\/pl\/2024\/12\/23\/kapitalny-rok-krolowej-kolarstwa-katarzyna-niewiadoma-rzadzi\/#breadcrumb\"},\"inLanguage\":\"pl-PL\",\"potentialAction\":[{\"@type\":\"ReadAction\",\"target\":[\"https:\/\/www.welovecycling.com\/pl\/2024\/12\/23\/kapitalny-rok-krolowej-kolarstwa-katarzyna-niewiadoma-rzadzi\/\"]}]},{\"@type\":\"ImageObject\",\"inLanguage\":\"pl-PL\",\"@id\":\"https:\/\/www.welovecycling.com\/pl\/2024\/12\/23\/kapitalny-rok-krolowej-kolarstwa-katarzyna-niewiadoma-rzadzi\/#primaryimage\",\"url\":\"https:\/\/d2p6e6u75xmxt8.cloudfront.net\/5\/2024\/12\/Niewiadoma-and-Williams-Survive-Weather-to-Win-the-Brutal-Fleche-Wallonne.webp\",\"contentUrl\":\"https:\/\/d2p6e6u75xmxt8.cloudfront.net\/5\/2024\/12\/Niewiadoma-and-Williams-Survive-Weather-to-Win-the-Brutal-Fleche-Wallonne.webp\",\"width\":990,\"height\":660},{\"@type\":\"BreadcrumbList\",\"@id\":\"https:\/\/www.welovecycling.com\/pl\/2024\/12\/23\/kapitalny-rok-krolowej-kolarstwa-katarzyna-niewiadoma-rzadzi\/#breadcrumb\",\"itemListElement\":[{\"@type\":\"ListItem\",\"position\":1,\"name\":\"Home\",\"item\":\"https:\/\/www.welovecycling.com\/pl\/\"},{\"@type\":\"ListItem\",\"position\":2,\"name\":\"Kapitalny rok kr\u00f3lowej kolarstwa. Katarzyna Niewiadoma rz\u0105dzi!\"}]},{\"@type\":\"WebSite\",\"@id\":\"https:\/\/www.welovecycling.com\/pl\/#website\",\"url\":\"https:\/\/www.welovecycling.com\/pl\/\",\"name\":\"\u0160koda We Love Cycling - Poland\",\"description\":\"\",\"potentialAction\":[{\"@type\":\"SearchAction\",\"target\":{\"@type\":\"EntryPoint\",\"urlTemplate\":\"https:\/\/www.welovecycling.com\/pl\/?s={search_term_string}\"},\"query-input\":{\"@type\":\"PropertyValueSpecification\",\"valueRequired\":true,\"valueName\":\"search_term_string\"}}],\"inLanguage\":\"pl-PL\"},{\"@type\":\"Person\",\"@id\":\"https:\/\/www.welovecycling.com\/pl\/#\/schema\/person\/e551e469d0b17f4e0b87f3f4fa8fc0f2\",\"name\":\"konradbobrowski\",\"image\":{\"@type\":\"ImageObject\",\"inLanguage\":\"pl-PL\",\"@id\":\"https:\/\/www.welovecycling.com\/pl\/#\/schema\/person\/image\/\",\"url\":\"https:\/\/secure.gravatar.com\/avatar\/91ac5a8cb4a26d3b32dc77b5e6d46616cf6adf425879538f5e5d7e4ef2333a4c?s=96&d=mm&r=g\",\"contentUrl\":\"https:\/\/secure.gravatar.com\/avatar\/91ac5a8cb4a26d3b32dc77b5e6d46616cf6adf425879538f5e5d7e4ef2333a4c?s=96&d=mm&r=g\",\"caption\":\"konradbobrowski\"},\"url\":\"https:\/\/www.welovecycling.com\/pl\/author\/konradbobrowski\/\"}]}<\/script>\n<!-- \/ Yoast SEO Premium plugin. -->","yoast_head_json":{"title":"Kapitalny rok kr\u00f3lowej kolarstwa. Katarzyna Niewiadoma rz\u0105dzi! - \u0160koda We Love Cycling - Poland","robots":{"index":"index","follow":"follow","max-snippet":"max-snippet:-1","max-image-preview":"max-image-preview:large","max-video-preview":"max-video-preview:-1"},"canonical":"https:\/\/www.welovecycling.com\/pl\/2024\/12\/23\/kapitalny-rok-krolowej-kolarstwa-katarzyna-niewiadoma-rzadzi\/","og_locale":"pl_PL","og_type":"article","og_title":"Kapitalny rok kr\u00f3lowej kolarstwa. Katarzyna Niewiadoma rz\u0105dzi!","og_description":"Wygrana w klasyfikacji generalnej Tour de France Femmes avec Zwift, zwyci\u0119stwo w Strzale Walo\u0144skiej i \u015bwietne wyst\u0119py przez ca\u0142y sezon [&hellip;]","og_url":"https:\/\/www.welovecycling.com\/pl\/2024\/12\/23\/kapitalny-rok-krolowej-kolarstwa-katarzyna-niewiadoma-rzadzi\/","og_site_name":"\u0160koda We Love Cycling - Poland","article_published_time":"2024-12-23T13:17:32+00:00","og_image":[{"width":990,"height":660,"url":"https:\/\/d2p6e6u75xmxt8.cloudfront.net\/5\/2024\/12\/Niewiadoma-and-Williams-Survive-Weather-to-Win-the-Brutal-Fleche-Wallonne.webp","type":"image\/webp"}],"author":"konradbobrowski","twitter_card":"summary_large_image","twitter_misc":{"Written by":"konradbobrowski","Est. reading time":"3 minutes"},"schema":{"@context":"https:\/\/schema.org","@graph":[{"@type":"WebPage","@id":"https:\/\/www.welovecycling.com\/pl\/2024\/12\/23\/kapitalny-rok-krolowej-kolarstwa-katarzyna-niewiadoma-rzadzi\/","url":"https:\/\/www.welovecycling.com\/pl\/2024\/12\/23\/kapitalny-rok-krolowej-kolarstwa-katarzyna-niewiadoma-rzadzi\/","name":"Kapitalny rok kr\u00f3lowej kolarstwa. Katarzyna Niewiadoma rz\u0105dzi! - \u0160koda We Love Cycling - Poland","isPartOf":{"@id":"https:\/\/www.welovecycling.com\/pl\/#website"},"primaryImageOfPage":{"@id":"https:\/\/www.welovecycling.com\/pl\/2024\/12\/23\/kapitalny-rok-krolowej-kolarstwa-katarzyna-niewiadoma-rzadzi\/#primaryimage"},"image":{"@id":"https:\/\/www.welovecycling.com\/pl\/2024\/12\/23\/kapitalny-rok-krolowej-kolarstwa-katarzyna-niewiadoma-rzadzi\/#primaryimage"},"thumbnailUrl":"https:\/\/d2p6e6u75xmxt8.cloudfront.net\/5\/2024\/12\/Niewiadoma-and-Williams-Survive-Weather-to-Win-the-Brutal-Fleche-Wallonne.webp","datePublished":"2024-12-23T13:17:32+00:00","author":{"@id":"https:\/\/www.welovecycling.com\/pl\/#\/schema\/person\/e551e469d0b17f4e0b87f3f4fa8fc0f2"},"breadcrumb":{"@id":"https:\/\/www.welovecycling.com\/pl\/2024\/12\/23\/kapitalny-rok-krolowej-kolarstwa-katarzyna-niewiadoma-rzadzi\/#breadcrumb"},"inLanguage":"pl-PL","potentialAction":[{"@type":"ReadAction","target":["https:\/\/www.welovecycling.com\/pl\/2024\/12\/23\/kapitalny-rok-krolowej-kolarstwa-katarzyna-niewiadoma-rzadzi\/"]}]},{"@type":"ImageObject","inLanguage":"pl-PL","@id":"https:\/\/www.welovecycling.com\/pl\/2024\/12\/23\/kapitalny-rok-krolowej-kolarstwa-katarzyna-niewiadoma-rzadzi\/#primaryimage","url":"https:\/\/d2p6e6u75xmxt8.cloudfront.net\/5\/2024\/12\/Niewiadoma-and-Williams-Survive-Weather-to-Win-the-Brutal-Fleche-Wallonne.webp","contentUrl":"https:\/\/d2p6e6u75xmxt8.cloudfront.net\/5\/2024\/12\/Niewiadoma-and-Williams-Survive-Weather-to-Win-the-Brutal-Fleche-Wallonne.webp","width":990,"height":660},{"@type":"BreadcrumbList","@id":"https:\/\/www.welovecycling.com\/pl\/2024\/12\/23\/kapitalny-rok-krolowej-kolarstwa-katarzyna-niewiadoma-rzadzi\/#breadcrumb","itemListElement":[{"@type":"ListItem","position":1,"name":"Home","item":"https:\/\/www.welovecycling.com\/pl\/"},{"@type":"ListItem","position":2,"name":"Kapitalny rok kr\u00f3lowej kolarstwa. Katarzyna Niewiadoma rz\u0105dzi!"}]},{"@type":"WebSite","@id":"https:\/\/www.welovecycling.com\/pl\/#website","url":"https:\/\/www.welovecycling.com\/pl\/","name":"\u0160koda We Love Cycling - Poland","description":"","potentialAction":[{"@type":"SearchAction","target":{"@type":"EntryPoint","urlTemplate":"https:\/\/www.welovecycling.com\/pl\/?s={search_term_string}"},"query-input":{"@type":"PropertyValueSpecification","valueRequired":true,"valueName":"search_term_string"}}],"inLanguage":"pl-PL"},{"@type":"Person","@id":"https:\/\/www.welovecycling.com\/pl\/#\/schema\/person\/e551e469d0b17f4e0b87f3f4fa8fc0f2","name":"konradbobrowski","image":{"@type":"ImageObject","inLanguage":"pl-PL","@id":"https:\/\/www.welovecycling.com\/pl\/#\/schema\/person\/image\/","url":"https:\/\/secure.gravatar.com\/avatar\/91ac5a8cb4a26d3b32dc77b5e6d46616cf6adf425879538f5e5d7e4ef2333a4c?s=96&d=mm&r=g","contentUrl":"https:\/\/secure.gravatar.com\/avatar\/91ac5a8cb4a26d3b32dc77b5e6d46616cf6adf425879538f5e5d7e4ef2333a4c?s=96&d=mm&r=g","caption":"konradbobrowski"},"url":"https:\/\/www.welovecycling.com\/pl\/author\/konradbobrowski\/"}]}},"_links":{"self":[{"href":"https:\/\/www.welovecycling.com\/pl\/wp-json\/wp\/v2\/posts\/15998","targetHints":{"allow":["GET"]}}],"collection":[{"href":"https:\/\/www.welovecycling.com\/pl\/wp-json\/wp\/v2\/posts"}],"about":[{"href":"https:\/\/www.welovecycling.com\/pl\/wp-json\/wp\/v2\/types\/post"}],"author":[{"embeddable":true,"href":"https:\/\/www.welovecycling.com\/pl\/wp-json\/wp\/v2\/users\/187"}],"replies":[{"embeddable":true,"href":"https:\/\/www.welovecycling.com\/pl\/wp-json\/wp\/v2\/comments?post=15998"}],"version-history":[{"count":1,"href":"https:\/\/www.welovecycling.com\/pl\/wp-json\/wp\/v2\/posts\/15998\/revisions"}],"predecessor-version":[{"id":16000,"href":"https:\/\/www.welovecycling.com\/pl\/wp-json\/wp\/v2\/posts\/15998\/revisions\/16000"}],"wp:featuredmedia":[{"embeddable":true,"href":"https:\/\/www.welovecycling.com\/pl\/wp-json\/wp\/v2\/media\/15999"}],"wp:attachment":[{"href":"https:\/\/www.welovecycling.com\/pl\/wp-json\/wp\/v2\/media?parent=15998"}],"wp:term":[{"taxonomy":"category","embeddable":true,"href":"https:\/\/www.welovecycling.com\/pl\/wp-json\/wp\/v2\/categories?post=15998"},{"taxonomy":"post_tag","embeddable":true,"href":"https:\/\/www.welovecycling.com\/pl\/wp-json\/wp\/v2\/tags?post=15998"},{"taxonomy":"global-categories","embeddable":true,"href":"https:\/\/www.welovecycling.com\/pl\/wp-json\/wp\/v2\/global-categories?post=15998"}],"curies":[{"name":"wp","href":"https:\/\/api.w.org\/{rel}","templated":true}]}}