{"id":15982,"date":"2024-12-11T11:18:28","date_gmt":"2024-12-11T11:18:28","guid":{"rendered":"https:\/\/www.welovecycling.com\/pl\/?p=15982"},"modified":"2024-12-11T11:18:28","modified_gmt":"2024-12-11T11:18:28","slug":"bieszczady-poza-sezonem-na-dwoch-kolach","status":"publish","type":"post","link":"https:\/\/www.welovecycling.com\/pl\/2024\/12\/11\/bieszczady-poza-sezonem-na-dwoch-kolach\/","title":{"rendered":"Bieszczady poza sezonem na dw\u00f3ch ko\u0142ach"},"content":{"rendered":"<p><strong>Nowa miejsc\u00f3wka, nowa przygoda. Wyjazdem tym chcia\u0142em sprawdzi\u0107, czy s\u0142ynne \u201ezostawi\u0107 to wszystko i wyjecha\u0107 w Bieszczady\u201d ma jakie\u015b realne prze\u0142o\u017cenie na stan duchowy albo fizyczny. Ju\u017c dzisiaj wiem, \u017ce jecha\u0107 tam na jeden dzie\u0144 czy nawet na weekend nie ma sensu, zbyt rozleg\u0142y i ciekawy jest to obszar. Z perspektywy czasu najlepiej chyba by by\u0142o zaplanowa\u0107 tygodniow\u0105 podr\u00f3\u017c, gdy\u017c atrakcji i miejsc wartych do odwiedzenia w Bieszczadach jest du\u017co. Nocowa\u0107 w przydro\u017cnych hotelikach, chodzi\u0107 po g\u00f3rach, a bardziej odleg\u0142e miejsca zwiedza\u0107 na rowerze.<\/strong><\/p>\n<p>Bieszczady, cho\u0107 nie s\u0105 wysokimi g\u00f3rami, potrafi\u0105 zaskoczy\u0107 zmienno\u015bci\u0105 pogody. Jednego dnia mia\u0142em pi\u0119kne s\u0142o\u0144ce, drugiego od rana pada\u0142 deszcz i by\u0142o zimno. Ryzyko takiego wyjazdu poza sezonem jest spore, ale poniewa\u017c ka\u017cda sytuacja ma swoje plusy i minusy, a ja nie lubi\u0119 podr\u00f3\u017cowa\u0107 w t\u0142umie turyst\u00f3w, niew\u0105tpliw\u0105 zalet\u0105 jesiennego wypadu w Bieszczady jest skromna ich liczba. Bardzo du\u017cym plusem jest te\u017c bieszczadzka jesie\u0144, kolorowa jak chyba nigdzie indziej. Zak\u0142adam, \u017ce wiosna tutaj musi wywo\u0142ywa\u0107 podobne emocje, gdy wszystko budzi si\u0119 do \u017cycia po d\u0142ugiej zimie.<\/p>\n<p><a href=\"https:\/\/d2p6e6u75xmxt8.cloudfront.net\/5\/2024\/12\/IMG_20241022_115315-scaled.webp\"><img loading=\"lazy\" decoding=\"async\" class=\"alignnone size-extra-large wp-image-15984\" src=\"https:\/\/d2p6e6u75xmxt8.cloudfront.net\/5\/2024\/12\/IMG_20241022_115315-1920x1080.webp\" alt=\"\" width=\"1920\" height=\"1080\" srcset=\"https:\/\/d2p6e6u75xmxt8.cloudfront.net\/5\/2024\/12\/IMG_20241022_115315-1920x1080.webp 1920w, https:\/\/d2p6e6u75xmxt8.cloudfront.net\/5\/2024\/12\/IMG_20241022_115315-300x169.webp 300w, https:\/\/d2p6e6u75xmxt8.cloudfront.net\/5\/2024\/12\/IMG_20241022_115315-1024x576.webp 1024w, https:\/\/d2p6e6u75xmxt8.cloudfront.net\/5\/2024\/12\/IMG_20241022_115315-768x432.webp 768w, https:\/\/d2p6e6u75xmxt8.cloudfront.net\/5\/2024\/12\/IMG_20241022_115315-1536x864.webp 1536w, https:\/\/d2p6e6u75xmxt8.cloudfront.net\/5\/2024\/12\/IMG_20241022_115315-2048x1152.webp 2048w, https:\/\/d2p6e6u75xmxt8.cloudfront.net\/5\/2024\/12\/IMG_20241022_115315-400x225.webp 400w, https:\/\/d2p6e6u75xmxt8.cloudfront.net\/5\/2024\/12\/IMG_20241022_115315-1920x1080.webp 1920w\" sizes=\"auto, (max-width: 1920px) 100vw, 1920px\" \/><\/a><\/p>\n<p>W Bieszczady zabrali\u015bmy kamer\u0119 i drona, na pocz\u0105tek wi\u0119c zapraszam Was do obejrzenia kr\u00f3tkiej filmowej opowie\u015bci o tym miejscu.<\/p>\n<lite-youtube videoid=kdnyR3NmJiE params=\"enablejsapi=1\" style=\"background-image: url('https:\/\/i.ytimg.com\/vi_webp\/kdnyR3NmJiE\/maxresdefault.webp');\"><\/lite-youtube>\n<p>Was r\u00f3wnie\u017c zach\u0119cam do rozpocz\u0119cia przygody w Bieszczadach od odwiedzenia Muzeum Przyrodniczego Bieszczadzkiego Parku Narodowego w Ustrzykach Dolnych, tak jak to zrobili\u015bmy my. Jak mo\u017cna przeczyta\u0107 w Wikipedii: \u201eIdea powstania muzeum si\u0119ga 1968 roku, a pierwotnie plac\u00f3wka mia\u0142a funkcjonowa\u0107 jako Muzeum Fauny Bieszczadzkiej. W 1974 roku rozpocz\u0119to budow\u0119 obecnego gmachu muzeum. Obiekt zako\u0144czono i otwarto w 1986 roku, a w 1991 roku zosta\u0142 on przej\u0119ty przez Bieszczadzki Park Narodowy. Opr\u00f3cz funkcji muzealnej w O\u015brodku prowadzona jest r\u00f3wnie\u017c dzia\u0142alno\u015b\u0107 naukowa i dydaktyczna.<\/p>\n<p>Na ekspozycj\u0119 muzealn\u0105 sk\u0142adaj\u0105 si\u0119 eksponaty zwi\u0105zane z terenem\u00a0Bieszczad\u00f3w\u00a0i obejmuj\u0105ce ich\u00a0faun\u0119 i flor\u0119\u00a0(tak\u017ce t\u0119 prehistoryczn\u0105),\u00a0geologi\u0119, hydrologi\u0119, etnografi\u0119, architektur\u0119\u00a0oraz zagadnienia\u00a0ochrony \u015brodowiska\u201d. Muzeum jest czynne ca\u0142y rok.<\/p>\n<p>Bieszczady z uwagi na swoje po\u0142o\u017cenie by\u0142y \u015bwiadkiem burzliwych dziej\u00f3w Polski wraz z jej rozbiorami oraz ca\u0142ym okrucie\u0144stwem II wojny \u015bwiatowej. Obecnie \u017cyj\u0105cemu w Polsce pokoleniu mo\u017ce si\u0119 wydawa\u0107, \u017ce nasze spo\u0142ecze\u0144stwo od zawsze by\u0142o bardzo jednolite etnicznie, co nie jest prawd\u0105. Pi\u0119kne cerkwie, kt\u00f3re wida\u0107 co chwila, tworz\u0105 Szlak Cerkwi Bieszczadzkich i s\u0105 bardzo zr\u00f3\u017cnicowane architektonicznie, bo by\u0142y budowane przez \u0141emk\u00f3w i Bojk\u00f3w, a granic\u0105 panowania tych dw\u00f3ch lud\u00f3w okre\u015bla si\u0119 pasmo Wielkiego Dzia\u0142u. Zazwyczaj cerkwie g\u00f3ruj\u0105 nad otaczaj\u0105cymi je miejscowo\u015bciami, wykazuj\u0105c w ten spos\u00f3b prymat Boga nad \u017cyj\u0105cym ludem.<\/p>\n<p>Cz\u0119\u015b\u0107 z nich funkcjonuje do dzisiaj, cz\u0119\u015b\u0107 zosta\u0142a przej\u0119ta przez stowarzyszenia i jest remontowana, a cz\u0119\u015b\u0107 zosta\u0142a przekszta\u0142cona w ko\u015bcio\u0142y katolickie. Ca\u0142o\u015bciowo jednak tworzy to niesamowity klimat i warto na odwiedzenie kilku takich obiekt\u00f3w po\u015bwi\u0119ci\u0107 dzie\u0144.<\/p>\n<p>Na naszej drodze z Ustrzyk Dolnych do cerkwi \u015bw. Micha\u0142a Archanio\u0142a w Bystrem odwiedzili\u015bmy jeszcze jedno bardzo ciekawe miejsce, Muzeum Historii Bieszczad w Czarnej G\u00f3rnej. Wszystko, co z ziemi wykopane i nie tylko, trafia chyba tylko w to miejsce. Drewniana chata przekszta\u0142cona w muzeum \u2013 pasja w prowadzeniu, pasja w zbieraniu kolejnych skarb\u00f3w tej ziemi bije z niej od samego wej\u015bcia. Miejsca takie maj\u0105 sw\u00f3j klimat tak mocny, \u017ce ci\u0119\u017cko z nich wyj\u015b\u0107.<\/p>\n<p><a href=\"https:\/\/d2p6e6u75xmxt8.cloudfront.net\/5\/2024\/12\/IMG_20241023_151706-scaled.webp\"><img loading=\"lazy\" decoding=\"async\" class=\"alignnone size-extra-large wp-image-15985\" src=\"https:\/\/d2p6e6u75xmxt8.cloudfront.net\/5\/2024\/12\/IMG_20241023_151706-1920x1080.webp\" alt=\"\" width=\"1920\" height=\"1080\" srcset=\"https:\/\/d2p6e6u75xmxt8.cloudfront.net\/5\/2024\/12\/IMG_20241023_151706-1920x1080.webp 1920w, https:\/\/d2p6e6u75xmxt8.cloudfront.net\/5\/2024\/12\/IMG_20241023_151706-300x169.webp 300w, https:\/\/d2p6e6u75xmxt8.cloudfront.net\/5\/2024\/12\/IMG_20241023_151706-1024x576.webp 1024w, https:\/\/d2p6e6u75xmxt8.cloudfront.net\/5\/2024\/12\/IMG_20241023_151706-768x432.webp 768w, https:\/\/d2p6e6u75xmxt8.cloudfront.net\/5\/2024\/12\/IMG_20241023_151706-1536x864.webp 1536w, https:\/\/d2p6e6u75xmxt8.cloudfront.net\/5\/2024\/12\/IMG_20241023_151706-2048x1152.webp 2048w, https:\/\/d2p6e6u75xmxt8.cloudfront.net\/5\/2024\/12\/IMG_20241023_151706-400x225.webp 400w, https:\/\/d2p6e6u75xmxt8.cloudfront.net\/5\/2024\/12\/IMG_20241023_151706-1920x1080.webp 1920w\" sizes=\"auto, (max-width: 1920px) 100vw, 1920px\" \/><\/a><\/p>\n<p>Z g\u0142\u00f3wnej drogi odbili\u015bmy jeszcze do Pokazowej Zagrody \u017bubra. I faktycznie \u017cubra mo\u017cna tam spotka\u0107. Dos\u0142ownie jednego \u2013 przynajmniej ja nie naliczy\u0142em wi\u0119cej, ale by\u0107 w Bieszczadach i \u017cubra nie zobaczy\u0107, to co\u015b by\u0142oby nie tak.<\/p>\n<p>Og\u00f3lnie m\u00f3wi\u0105c, przez \u015brednio przyjemne warunki pogodowe moja podr\u00f3\u017c przez Bieszczady opiera\u0142a si\u0119 na czterech k\u00f3\u0142kach \u0160kody przynajmniej do miejscowo\u015bci Majdan, gdzie stacjonuje Bieszczadzka Kolejka Le\u015bna \u2013 bardzo fajna atrakcja turystyczna, jednak poza moim zasi\u0119giem czasowym. P\u00f3\u017aniej ju\u017c wsiad\u0142em na rower, by rozkoszowa\u0107 si\u0119 cisz\u0105 posezonowych dr\u00f3g, lasem i szumem rzeki Solinka, wzd\u0142u\u017c kt\u00f3rej wr\u00f3ci\u0142em nad Jezioro Soli\u0144skie. O zachodzie s\u0142o\u0144ca powr\u00f3ci\u0142em do samochodu, kt\u00f3rym z pewn\u0105 nostalgi\u0105 i pewnym smutkiem rozpocz\u0105\u0142em podr\u00f3\u017c do domu.<\/p>\n<p>Bieszczady g\u0142\u00f3wnie kojarz\u0105 nam si\u0119 z lasem, \u017cubrami, owcami i ostatnio doniesieniami prasowymi o coraz wi\u0119kszej liczbie wilk\u00f3w. Fakt, las\u00f3w jest tutaj co niemiara, ci\u0119\u017ckie do ogarni\u0119cia wzrokiem po\u0142acie drzew poprzecinane g\u0142\u00f3wnie szutrowymi drogami. Tych asfaltowych nie ma za wiele, wi\u0119c planuj\u0105c tutaj podr\u00f3\u017c na rowerze, trzeba dobrze oceni\u0107 swoje mo\u017cliwo\u015bci i \u015bledzi\u0107 prognozy pogody w niepewne dni. Zawsze te\u017c warto mie\u0107 zapas picia i jedzenia zgodnie z zasad\u0105 \u201elepiej nosi\u0107, ni\u017c si\u0119 prosi\u0107\u201d.<\/p>\n<p><a class=\"in-cell-link\" href=\"http:\/\/www.skoda-auto.pl\/?_gl=1*1j1oy41*GA4_ga*amo1aWJ0OXUtZTZ6My1xMTZ2LXI2YWYtZ2dyd3B0bnVraXFu*GA4_ga_KSPVKPC6VY*MTczMzkxNTQyMi41LjEuMTczMzkxNTU4OC4wLjAuMjA2MzUwMTA4*_gcl_au*MTA2NzIzODc0My4xNzMyMjg5Mjcw\" target=\"_blank\" rel=\"noopener\">Artyku\u0142 powsta\u0142 we wsp\u00f3\u0142pracy ze skoda-auto.pl<\/a><\/p>\n<p><a href=\"https:\/\/d2p6e6u75xmxt8.cloudfront.net\/5\/2030\/11\/3.webp\"><img loading=\"lazy\" decoding=\"async\" class=\"size-full wp-image-13776 aligncenter\" src=\"https:\/\/d2p6e6u75xmxt8.cloudfront.net\/5\/2030\/11\/3.webp\" alt=\"\" width=\"640\" height=\"350\" srcset=\"https:\/\/d2p6e6u75xmxt8.cloudfront.net\/5\/2030\/11\/3.webp 640w, https:\/\/d2p6e6u75xmxt8.cloudfront.net\/5\/2030\/11\/3-300x164.webp 300w, https:\/\/d2p6e6u75xmxt8.cloudfront.net\/5\/2030\/11\/3-400x219.webp 400w\" sizes=\"auto, (max-width: 640px) 100vw, 640px\" \/><\/a><\/p>\n","protected":false},"excerpt":{"rendered":"<p>Nowa miejsc\u00f3wka, nowa przygoda. Wyjazdem tym chcia\u0142em sprawdzi\u0107, czy s\u0142ynne \u201ezostawi\u0107 to wszystko i wyjecha\u0107 w Bieszczady\u201d ma jakie\u015b realne [&hellip;]<\/p>\n","protected":false},"author":187,"featured_media":15986,"comment_status":"open","ping_status":"open","sticky":false,"template":"","format":"standard","meta":{"footnotes":""},"categories":[203],"tags":[108,117,191,404,107],"global-categories":[303],"class_list":["post-15982","post","type-post","status-publish","format-standard","has-post-thumbnail","hentry","category-bartosz-huzarski","tag-bartosz-huzarski","tag-najlepsze-trasy","tag-skoda","tag-skodapolska","tag-trasy-rowerowe","global-categories-cycling"],"yoast_head":"<!-- This site is optimized with the Yoast SEO Premium plugin v25.3 (Yoast SEO v25.9) - https:\/\/yoast.com\/wordpress\/plugins\/seo\/ -->\n<title>Bieszczady poza sezonem na dw\u00f3ch ko\u0142ach - \u0160koda We Love Cycling - Poland<\/title>\n<meta name=\"robots\" content=\"index, follow, max-snippet:-1, max-image-preview:large, max-video-preview:-1\" \/>\n<link rel=\"canonical\" href=\"https:\/\/www.welovecycling.com\/pl\/2024\/12\/11\/bieszczady-poza-sezonem-na-dwoch-kolach\/\" \/>\n<meta property=\"og:locale\" content=\"pl_PL\" \/>\n<meta property=\"og:type\" content=\"article\" \/>\n<meta property=\"og:title\" content=\"Bieszczady poza sezonem na dw\u00f3ch ko\u0142ach\" \/>\n<meta property=\"og:description\" content=\"Nowa miejsc\u00f3wka, nowa przygoda. Wyjazdem tym chcia\u0142em sprawdzi\u0107, czy s\u0142ynne \u201ezostawi\u0107 to wszystko i wyjecha\u0107 w Bieszczady\u201d ma jakie\u015b realne [&hellip;]\" \/>\n<meta property=\"og:url\" content=\"https:\/\/www.welovecycling.com\/pl\/2024\/12\/11\/bieszczady-poza-sezonem-na-dwoch-kolach\/\" \/>\n<meta property=\"og:site_name\" content=\"\u0160koda We Love Cycling - Poland\" \/>\n<meta property=\"article:published_time\" content=\"2024-12-11T11:18:28+00:00\" \/>\n<meta property=\"og:image\" content=\"https:\/\/d2p6e6u75xmxt8.cloudfront.net\/5\/2024\/12\/IMG_20241022_160450-scaled.webp\" \/>\n\t<meta property=\"og:image:width\" content=\"2560\" \/>\n\t<meta property=\"og:image:height\" content=\"1439\" \/>\n\t<meta property=\"og:image:type\" content=\"image\/webp\" \/>\n<meta name=\"author\" content=\"konradbobrowski\" \/>\n<meta name=\"twitter:card\" content=\"summary_large_image\" \/>\n<meta name=\"twitter:label1\" content=\"Written by\" \/>\n\t<meta name=\"twitter:data1\" content=\"Bartosz Huzarski\" \/>\n\t<meta name=\"twitter:label2\" content=\"Est. reading time\" \/>\n\t<meta name=\"twitter:data2\" content=\"4\" \/>\n<script type=\"application\/ld+json\" class=\"yoast-schema-graph\">{\"@context\":\"https:\/\/schema.org\",\"@graph\":[{\"@type\":\"WebPage\",\"@id\":\"https:\/\/www.welovecycling.com\/pl\/2024\/12\/11\/bieszczady-poza-sezonem-na-dwoch-kolach\/\",\"url\":\"https:\/\/www.welovecycling.com\/pl\/2024\/12\/11\/bieszczady-poza-sezonem-na-dwoch-kolach\/\",\"name\":\"Bieszczady poza sezonem na dw\u00f3ch ko\u0142ach - \u0160koda We Love Cycling - Poland\",\"isPartOf\":{\"@id\":\"https:\/\/www.welovecycling.com\/pl\/#website\"},\"primaryImageOfPage\":{\"@id\":\"https:\/\/www.welovecycling.com\/pl\/2024\/12\/11\/bieszczady-poza-sezonem-na-dwoch-kolach\/#primaryimage\"},\"image\":{\"@id\":\"https:\/\/www.welovecycling.com\/pl\/2024\/12\/11\/bieszczady-poza-sezonem-na-dwoch-kolach\/#primaryimage\"},\"thumbnailUrl\":\"https:\/\/d2p6e6u75xmxt8.cloudfront.net\/5\/2024\/12\/IMG_20241022_160450-scaled.webp\",\"datePublished\":\"2024-12-11T11:18:28+00:00\",\"author\":{\"@id\":\"https:\/\/www.welovecycling.com\/pl\/#\/schema\/person\/e551e469d0b17f4e0b87f3f4fa8fc0f2\"},\"breadcrumb\":{\"@id\":\"https:\/\/www.welovecycling.com\/pl\/2024\/12\/11\/bieszczady-poza-sezonem-na-dwoch-kolach\/#breadcrumb\"},\"inLanguage\":\"pl-PL\",\"potentialAction\":[{\"@type\":\"ReadAction\",\"target\":[\"https:\/\/www.welovecycling.com\/pl\/2024\/12\/11\/bieszczady-poza-sezonem-na-dwoch-kolach\/\"]}]},{\"@type\":\"ImageObject\",\"inLanguage\":\"pl-PL\",\"@id\":\"https:\/\/www.welovecycling.com\/pl\/2024\/12\/11\/bieszczady-poza-sezonem-na-dwoch-kolach\/#primaryimage\",\"url\":\"https:\/\/d2p6e6u75xmxt8.cloudfront.net\/5\/2024\/12\/IMG_20241022_160450-scaled.webp\",\"contentUrl\":\"https:\/\/d2p6e6u75xmxt8.cloudfront.net\/5\/2024\/12\/IMG_20241022_160450-scaled.webp\",\"width\":2560,\"height\":1439},{\"@type\":\"BreadcrumbList\",\"@id\":\"https:\/\/www.welovecycling.com\/pl\/2024\/12\/11\/bieszczady-poza-sezonem-na-dwoch-kolach\/#breadcrumb\",\"itemListElement\":[{\"@type\":\"ListItem\",\"position\":1,\"name\":\"Home\",\"item\":\"https:\/\/www.welovecycling.com\/pl\/\"},{\"@type\":\"ListItem\",\"position\":2,\"name\":\"Bieszczady poza sezonem na dw\u00f3ch ko\u0142ach\"}]},{\"@type\":\"WebSite\",\"@id\":\"https:\/\/www.welovecycling.com\/pl\/#website\",\"url\":\"https:\/\/www.welovecycling.com\/pl\/\",\"name\":\"\u0160koda We Love Cycling - Poland\",\"description\":\"\",\"potentialAction\":[{\"@type\":\"SearchAction\",\"target\":{\"@type\":\"EntryPoint\",\"urlTemplate\":\"https:\/\/www.welovecycling.com\/pl\/?s={search_term_string}\"},\"query-input\":{\"@type\":\"PropertyValueSpecification\",\"valueRequired\":true,\"valueName\":\"search_term_string\"}}],\"inLanguage\":\"pl-PL\"},{\"@type\":\"Person\",\"@id\":\"https:\/\/www.welovecycling.com\/pl\/#\/schema\/person\/e551e469d0b17f4e0b87f3f4fa8fc0f2\",\"name\":\"konradbobrowski\",\"image\":{\"@type\":\"ImageObject\",\"inLanguage\":\"pl-PL\",\"@id\":\"https:\/\/www.welovecycling.com\/pl\/#\/schema\/person\/image\/\",\"url\":\"https:\/\/secure.gravatar.com\/avatar\/91ac5a8cb4a26d3b32dc77b5e6d46616cf6adf425879538f5e5d7e4ef2333a4c?s=96&d=mm&r=g\",\"contentUrl\":\"https:\/\/secure.gravatar.com\/avatar\/91ac5a8cb4a26d3b32dc77b5e6d46616cf6adf425879538f5e5d7e4ef2333a4c?s=96&d=mm&r=g\",\"caption\":\"konradbobrowski\"},\"url\":\"https:\/\/www.welovecycling.com\/pl\/author\/konradbobrowski\/\"}]}<\/script>\n<!-- \/ Yoast SEO Premium plugin. -->","yoast_head_json":{"title":"Bieszczady poza sezonem na dw\u00f3ch ko\u0142ach - \u0160koda We Love Cycling - Poland","robots":{"index":"index","follow":"follow","max-snippet":"max-snippet:-1","max-image-preview":"max-image-preview:large","max-video-preview":"max-video-preview:-1"},"canonical":"https:\/\/www.welovecycling.com\/pl\/2024\/12\/11\/bieszczady-poza-sezonem-na-dwoch-kolach\/","og_locale":"pl_PL","og_type":"article","og_title":"Bieszczady poza sezonem na dw\u00f3ch ko\u0142ach","og_description":"Nowa miejsc\u00f3wka, nowa przygoda. Wyjazdem tym chcia\u0142em sprawdzi\u0107, czy s\u0142ynne \u201ezostawi\u0107 to wszystko i wyjecha\u0107 w Bieszczady\u201d ma jakie\u015b realne [&hellip;]","og_url":"https:\/\/www.welovecycling.com\/pl\/2024\/12\/11\/bieszczady-poza-sezonem-na-dwoch-kolach\/","og_site_name":"\u0160koda We Love Cycling - Poland","article_published_time":"2024-12-11T11:18:28+00:00","og_image":[{"width":2560,"height":1439,"url":"https:\/\/d2p6e6u75xmxt8.cloudfront.net\/5\/2024\/12\/IMG_20241022_160450-scaled.webp","type":"image\/webp"}],"author":"konradbobrowski","twitter_card":"summary_large_image","twitter_misc":{"Written by":"Bartosz Huzarski","Est. reading time":"4"},"schema":{"@context":"https:\/\/schema.org","@graph":[{"@type":"WebPage","@id":"https:\/\/www.welovecycling.com\/pl\/2024\/12\/11\/bieszczady-poza-sezonem-na-dwoch-kolach\/","url":"https:\/\/www.welovecycling.com\/pl\/2024\/12\/11\/bieszczady-poza-sezonem-na-dwoch-kolach\/","name":"Bieszczady poza sezonem na dw\u00f3ch ko\u0142ach - \u0160koda We Love Cycling - Poland","isPartOf":{"@id":"https:\/\/www.welovecycling.com\/pl\/#website"},"primaryImageOfPage":{"@id":"https:\/\/www.welovecycling.com\/pl\/2024\/12\/11\/bieszczady-poza-sezonem-na-dwoch-kolach\/#primaryimage"},"image":{"@id":"https:\/\/www.welovecycling.com\/pl\/2024\/12\/11\/bieszczady-poza-sezonem-na-dwoch-kolach\/#primaryimage"},"thumbnailUrl":"https:\/\/d2p6e6u75xmxt8.cloudfront.net\/5\/2024\/12\/IMG_20241022_160450-scaled.webp","datePublished":"2024-12-11T11:18:28+00:00","author":{"@id":"https:\/\/www.welovecycling.com\/pl\/#\/schema\/person\/e551e469d0b17f4e0b87f3f4fa8fc0f2"},"breadcrumb":{"@id":"https:\/\/www.welovecycling.com\/pl\/2024\/12\/11\/bieszczady-poza-sezonem-na-dwoch-kolach\/#breadcrumb"},"inLanguage":"pl-PL","potentialAction":[{"@type":"ReadAction","target":["https:\/\/www.welovecycling.com\/pl\/2024\/12\/11\/bieszczady-poza-sezonem-na-dwoch-kolach\/"]}]},{"@type":"ImageObject","inLanguage":"pl-PL","@id":"https:\/\/www.welovecycling.com\/pl\/2024\/12\/11\/bieszczady-poza-sezonem-na-dwoch-kolach\/#primaryimage","url":"https:\/\/d2p6e6u75xmxt8.cloudfront.net\/5\/2024\/12\/IMG_20241022_160450-scaled.webp","contentUrl":"https:\/\/d2p6e6u75xmxt8.cloudfront.net\/5\/2024\/12\/IMG_20241022_160450-scaled.webp","width":2560,"height":1439},{"@type":"BreadcrumbList","@id":"https:\/\/www.welovecycling.com\/pl\/2024\/12\/11\/bieszczady-poza-sezonem-na-dwoch-kolach\/#breadcrumb","itemListElement":[{"@type":"ListItem","position":1,"name":"Home","item":"https:\/\/www.welovecycling.com\/pl\/"},{"@type":"ListItem","position":2,"name":"Bieszczady poza sezonem na dw\u00f3ch ko\u0142ach"}]},{"@type":"WebSite","@id":"https:\/\/www.welovecycling.com\/pl\/#website","url":"https:\/\/www.welovecycling.com\/pl\/","name":"\u0160koda We Love Cycling - Poland","description":"","potentialAction":[{"@type":"SearchAction","target":{"@type":"EntryPoint","urlTemplate":"https:\/\/www.welovecycling.com\/pl\/?s={search_term_string}"},"query-input":{"@type":"PropertyValueSpecification","valueRequired":true,"valueName":"search_term_string"}}],"inLanguage":"pl-PL"},{"@type":"Person","@id":"https:\/\/www.welovecycling.com\/pl\/#\/schema\/person\/e551e469d0b17f4e0b87f3f4fa8fc0f2","name":"konradbobrowski","image":{"@type":"ImageObject","inLanguage":"pl-PL","@id":"https:\/\/www.welovecycling.com\/pl\/#\/schema\/person\/image\/","url":"https:\/\/secure.gravatar.com\/avatar\/91ac5a8cb4a26d3b32dc77b5e6d46616cf6adf425879538f5e5d7e4ef2333a4c?s=96&d=mm&r=g","contentUrl":"https:\/\/secure.gravatar.com\/avatar\/91ac5a8cb4a26d3b32dc77b5e6d46616cf6adf425879538f5e5d7e4ef2333a4c?s=96&d=mm&r=g","caption":"konradbobrowski"},"url":"https:\/\/www.welovecycling.com\/pl\/author\/konradbobrowski\/"}]}},"_links":{"self":[{"href":"https:\/\/www.welovecycling.com\/pl\/wp-json\/wp\/v2\/posts\/15982","targetHints":{"allow":["GET"]}}],"collection":[{"href":"https:\/\/www.welovecycling.com\/pl\/wp-json\/wp\/v2\/posts"}],"about":[{"href":"https:\/\/www.welovecycling.com\/pl\/wp-json\/wp\/v2\/types\/post"}],"author":[{"embeddable":true,"href":"https:\/\/www.welovecycling.com\/pl\/wp-json\/wp\/v2\/users\/187"}],"replies":[{"embeddable":true,"href":"https:\/\/www.welovecycling.com\/pl\/wp-json\/wp\/v2\/comments?post=15982"}],"version-history":[{"count":2,"href":"https:\/\/www.welovecycling.com\/pl\/wp-json\/wp\/v2\/posts\/15982\/revisions"}],"predecessor-version":[{"id":15987,"href":"https:\/\/www.welovecycling.com\/pl\/wp-json\/wp\/v2\/posts\/15982\/revisions\/15987"}],"wp:featuredmedia":[{"embeddable":true,"href":"https:\/\/www.welovecycling.com\/pl\/wp-json\/wp\/v2\/media\/15986"}],"wp:attachment":[{"href":"https:\/\/www.welovecycling.com\/pl\/wp-json\/wp\/v2\/media?parent=15982"}],"wp:term":[{"taxonomy":"category","embeddable":true,"href":"https:\/\/www.welovecycling.com\/pl\/wp-json\/wp\/v2\/categories?post=15982"},{"taxonomy":"post_tag","embeddable":true,"href":"https:\/\/www.welovecycling.com\/pl\/wp-json\/wp\/v2\/tags?post=15982"},{"taxonomy":"global-categories","embeddable":true,"href":"https:\/\/www.welovecycling.com\/pl\/wp-json\/wp\/v2\/global-categories?post=15982"}],"curies":[{"name":"wp","href":"https:\/\/api.w.org\/{rel}","templated":true}]}}