{"id":1598,"date":"2016-07-28T10:51:55","date_gmt":"2016-07-28T10:51:55","guid":{"rendered":"http:\/\/skoda-rowery.pl\/?p=1598"},"modified":"2016-12-05T08:45:01","modified_gmt":"2016-12-05T08:45:01","slug":"najwazniejszy-samochod-na-tour-de-france","status":"publish","type":"post","link":"https:\/\/www.welovecycling.com\/pl\/2016\/07\/28\/najwazniejszy-samochod-na-tour-de-france\/","title":{"rendered":"Najwa\u017cniejszy samoch\u00f3d na Tour de France (Infografika)"},"content":{"rendered":"<p>Zd\u0105\u017cy\u0142e\u015b och\u0142on\u0105\u0107 po najwa\u017cniejszym wy\u015bcigu w sezonie? Je\u015bli ju\u017c t\u0119sknisz za Tour de France, to z pewno\u015bci\u0105 ch\u0119tnie poznasz par\u0119 ciekawostek zwi\u0105zanych z czerwonym samochodem Dyrektora Wy\u015bcigu.<!--more--><\/p>\n<p><img loading=\"lazy\" decoding=\"async\" class=\"alignnone size-large wp-image-1599\" src=\"http:\/\/skoda-rowery.pl\/wp-content\/uploads\/2016\/07\/TdF-redcar_open_PL_v2-1-867x1024.png\" alt=\"TdF-redcar_open_PL_v2 (1)\" width=\"867\" height=\"1024\" srcset=\"https:\/\/d2p6e6u75xmxt8.cloudfront.net\/5\/2016\/07\/TdF-redcar_open_PL_v2-1-867x1024.png 867w, https:\/\/d2p6e6u75xmxt8.cloudfront.net\/5\/2016\/07\/TdF-redcar_open_PL_v2-1-254x300.png 254w, https:\/\/d2p6e6u75xmxt8.cloudfront.net\/5\/2016\/07\/TdF-redcar_open_PL_v2-1-768x907.png 768w, https:\/\/d2p6e6u75xmxt8.cloudfront.net\/5\/2016\/07\/TdF-redcar_open_PL_v2-1.png 1920w\" sizes=\"auto, (max-width: 867px) 100vw, 867px\" \/><\/p>\n<p>\u0160koda Nap\u0119dza Tour de France, dostarczaj\u0105c niezawodne samochody wspieraj\u0105ce technicznie wy\u015bcig. Wielka P\u0119tla to doskona\u0142a okazja do przetestowania naszych samochod\u00f3w, kt\u00f3re co roku ze swoim zadaniem radz\u0105 sobie doskonale.<\/p>\n","protected":false},"excerpt":{"rendered":"<p>Zd\u0105\u017cy\u0142e\u015b och\u0142on\u0105\u0107 po najwa\u017cniejszym wy\u015bcigu w sezonie? Je\u015bli ju\u017c t\u0119sknisz za Tour de France, to z pewno\u015bci\u0105 ch\u0119tnie poznasz par\u0119 [&hellip;]<\/p>\n","protected":false},"author":76,"featured_media":1600,"comment_status":"open","ping_status":"closed","sticky":false,"template":"","format":"standard","meta":{"footnotes":""},"categories":[1],"tags":[77],"global-categories":[],"class_list":["post-1598","post","type-post","status-publish","format-standard","has-post-thumbnail","hentry","category-uncategorized","tag-tour-de-france"],"yoast_head":"<!-- This site is optimized with the Yoast SEO Premium plugin v25.3 (Yoast SEO v25.9) - https:\/\/yoast.com\/wordpress\/plugins\/seo\/ -->\n<title>Najwa\u017cniejszy samoch\u00f3d na Tour de France (Infografika) - \u0160koda We Love Cycling - Poland<\/title>\n<meta name=\"robots\" content=\"index, follow, max-snippet:-1, max-image-preview:large, max-video-preview:-1\" \/>\n<link rel=\"canonical\" href=\"https:\/\/www.welovecycling.com\/pl\/2016\/07\/28\/najwazniejszy-samochod-na-tour-de-france\/\" \/>\n<meta property=\"og:locale\" content=\"pl_PL\" \/>\n<meta property=\"og:type\" content=\"article\" \/>\n<meta property=\"og:title\" content=\"Najwa\u017cniejszy samoch\u00f3d na Tour de France (Infografika)\" \/>\n<meta property=\"og:description\" content=\"Zd\u0105\u017cy\u0142e\u015b och\u0142on\u0105\u0107 po najwa\u017cniejszym wy\u015bcigu w sezonie? Je\u015bli ju\u017c t\u0119sknisz za Tour de France, to z pewno\u015bci\u0105 ch\u0119tnie poznasz par\u0119 [&hellip;]\" \/>\n<meta property=\"og:url\" content=\"https:\/\/www.welovecycling.com\/pl\/2016\/07\/28\/najwazniejszy-samochod-na-tour-de-france\/\" \/>\n<meta property=\"og:site_name\" content=\"\u0160koda We Love Cycling - Poland\" \/>\n<meta property=\"article:published_time\" content=\"2016-07-28T10:51:55+00:00\" \/>\n<meta property=\"article:modified_time\" content=\"2016-12-05T08:45:01+00:00\" \/>\n<meta property=\"og:image\" content=\"https:\/\/d2p6e6u75xmxt8.cloudfront.net\/5\/2016\/07\/profimedia-0253223535-2.jpg\" \/>\n\t<meta property=\"og:image:width\" content=\"1800\" \/>\n\t<meta property=\"og:image:height\" content=\"1284\" \/>\n\t<meta property=\"og:image:type\" content=\"image\/jpeg\" \/>\n<meta name=\"author\" content=\"piotrboczkowski\" \/>\n<meta name=\"twitter:card\" content=\"summary_large_image\" \/>\n<meta name=\"twitter:label1\" content=\"Written by\" \/>\n\t<meta name=\"twitter:data1\" content=\"piotrboczkowski\" \/>\n<script type=\"application\/ld+json\" class=\"yoast-schema-graph\">{\"@context\":\"https:\/\/schema.org\",\"@graph\":[{\"@type\":\"WebPage\",\"@id\":\"https:\/\/www.welovecycling.com\/pl\/2016\/07\/28\/najwazniejszy-samochod-na-tour-de-france\/\",\"url\":\"https:\/\/www.welovecycling.com\/pl\/2016\/07\/28\/najwazniejszy-samochod-na-tour-de-france\/\",\"name\":\"Najwa\u017cniejszy samoch\u00f3d na Tour de France (Infografika) - \u0160koda We Love Cycling - Poland\",\"isPartOf\":{\"@id\":\"https:\/\/www.welovecycling.com\/pl\/#website\"},\"primaryImageOfPage\":{\"@id\":\"https:\/\/www.welovecycling.com\/pl\/2016\/07\/28\/najwazniejszy-samochod-na-tour-de-france\/#primaryimage\"},\"image\":{\"@id\":\"https:\/\/www.welovecycling.com\/pl\/2016\/07\/28\/najwazniejszy-samochod-na-tour-de-france\/#primaryimage\"},\"thumbnailUrl\":\"https:\/\/d2p6e6u75xmxt8.cloudfront.net\/5\/2016\/07\/profimedia-0253223535-2.jpg\",\"datePublished\":\"2016-07-28T10:51:55+00:00\",\"dateModified\":\"2016-12-05T08:45:01+00:00\",\"author\":{\"@id\":\"https:\/\/www.welovecycling.com\/pl\/#\/schema\/person\/0dba2d39da943db9df3fd8f4687e7f23\"},\"breadcrumb\":{\"@id\":\"https:\/\/www.welovecycling.com\/pl\/2016\/07\/28\/najwazniejszy-samochod-na-tour-de-france\/#breadcrumb\"},\"inLanguage\":\"pl-PL\",\"potentialAction\":[{\"@type\":\"ReadAction\",\"target\":[\"https:\/\/www.welovecycling.com\/pl\/2016\/07\/28\/najwazniejszy-samochod-na-tour-de-france\/\"]}]},{\"@type\":\"ImageObject\",\"inLanguage\":\"pl-PL\",\"@id\":\"https:\/\/www.welovecycling.com\/pl\/2016\/07\/28\/najwazniejszy-samochod-na-tour-de-france\/#primaryimage\",\"url\":\"https:\/\/d2p6e6u75xmxt8.cloudfront.net\/5\/2016\/07\/profimedia-0253223535-2.jpg\",\"contentUrl\":\"https:\/\/d2p6e6u75xmxt8.cloudfront.net\/5\/2016\/07\/profimedia-0253223535-2.jpg\",\"width\":1800,\"height\":1284},{\"@type\":\"BreadcrumbList\",\"@id\":\"https:\/\/www.welovecycling.com\/pl\/2016\/07\/28\/najwazniejszy-samochod-na-tour-de-france\/#breadcrumb\",\"itemListElement\":[{\"@type\":\"ListItem\",\"position\":1,\"name\":\"Home\",\"item\":\"https:\/\/www.welovecycling.com\/pl\/\"},{\"@type\":\"ListItem\",\"position\":2,\"name\":\"Najwa\u017cniejszy samoch\u00f3d na Tour de France (Infografika)\"}]},{\"@type\":\"WebSite\",\"@id\":\"https:\/\/www.welovecycling.com\/pl\/#website\",\"url\":\"https:\/\/www.welovecycling.com\/pl\/\",\"name\":\"\u0160koda We Love Cycling - Poland\",\"description\":\"\",\"potentialAction\":[{\"@type\":\"SearchAction\",\"target\":{\"@type\":\"EntryPoint\",\"urlTemplate\":\"https:\/\/www.welovecycling.com\/pl\/?s={search_term_string}\"},\"query-input\":{\"@type\":\"PropertyValueSpecification\",\"valueRequired\":true,\"valueName\":\"search_term_string\"}}],\"inLanguage\":\"pl-PL\"},{\"@type\":\"Person\",\"@id\":\"https:\/\/www.welovecycling.com\/pl\/#\/schema\/person\/0dba2d39da943db9df3fd8f4687e7f23\",\"name\":\"piotrboczkowski\",\"image\":{\"@type\":\"ImageObject\",\"inLanguage\":\"pl-PL\",\"@id\":\"https:\/\/www.welovecycling.com\/pl\/#\/schema\/person\/image\/\",\"url\":\"https:\/\/secure.gravatar.com\/avatar\/533caccae14752e03a2ce2d3fd62d1b98b93e1393c3195c27819e53344ca1ace?s=96&d=mm&r=g\",\"contentUrl\":\"https:\/\/secure.gravatar.com\/avatar\/533caccae14752e03a2ce2d3fd62d1b98b93e1393c3195c27819e53344ca1ace?s=96&d=mm&r=g\",\"caption\":\"piotrboczkowski\"},\"url\":\"https:\/\/www.welovecycling.com\/pl\/author\/piotrboczkowski\/\"}]}<\/script>\n<!-- \/ Yoast SEO Premium plugin. -->","yoast_head_json":{"title":"Najwa\u017cniejszy samoch\u00f3d na Tour de France (Infografika) - \u0160koda We Love Cycling - Poland","robots":{"index":"index","follow":"follow","max-snippet":"max-snippet:-1","max-image-preview":"max-image-preview:large","max-video-preview":"max-video-preview:-1"},"canonical":"https:\/\/www.welovecycling.com\/pl\/2016\/07\/28\/najwazniejszy-samochod-na-tour-de-france\/","og_locale":"pl_PL","og_type":"article","og_title":"Najwa\u017cniejszy samoch\u00f3d na Tour de France (Infografika)","og_description":"Zd\u0105\u017cy\u0142e\u015b och\u0142on\u0105\u0107 po najwa\u017cniejszym wy\u015bcigu w sezonie? Je\u015bli ju\u017c t\u0119sknisz za Tour de France, to z pewno\u015bci\u0105 ch\u0119tnie poznasz par\u0119 [&hellip;]","og_url":"https:\/\/www.welovecycling.com\/pl\/2016\/07\/28\/najwazniejszy-samochod-na-tour-de-france\/","og_site_name":"\u0160koda We Love Cycling - Poland","article_published_time":"2016-07-28T10:51:55+00:00","article_modified_time":"2016-12-05T08:45:01+00:00","og_image":[{"width":1800,"height":1284,"url":"https:\/\/d2p6e6u75xmxt8.cloudfront.net\/5\/2016\/07\/profimedia-0253223535-2.jpg","type":"image\/jpeg"}],"author":"piotrboczkowski","twitter_card":"summary_large_image","twitter_misc":{"Written by":"piotrboczkowski"},"schema":{"@context":"https:\/\/schema.org","@graph":[{"@type":"WebPage","@id":"https:\/\/www.welovecycling.com\/pl\/2016\/07\/28\/najwazniejszy-samochod-na-tour-de-france\/","url":"https:\/\/www.welovecycling.com\/pl\/2016\/07\/28\/najwazniejszy-samochod-na-tour-de-france\/","name":"Najwa\u017cniejszy samoch\u00f3d na Tour de France (Infografika) - \u0160koda We Love Cycling - Poland","isPartOf":{"@id":"https:\/\/www.welovecycling.com\/pl\/#website"},"primaryImageOfPage":{"@id":"https:\/\/www.welovecycling.com\/pl\/2016\/07\/28\/najwazniejszy-samochod-na-tour-de-france\/#primaryimage"},"image":{"@id":"https:\/\/www.welovecycling.com\/pl\/2016\/07\/28\/najwazniejszy-samochod-na-tour-de-france\/#primaryimage"},"thumbnailUrl":"https:\/\/d2p6e6u75xmxt8.cloudfront.net\/5\/2016\/07\/profimedia-0253223535-2.jpg","datePublished":"2016-07-28T10:51:55+00:00","dateModified":"2016-12-05T08:45:01+00:00","author":{"@id":"https:\/\/www.welovecycling.com\/pl\/#\/schema\/person\/0dba2d39da943db9df3fd8f4687e7f23"},"breadcrumb":{"@id":"https:\/\/www.welovecycling.com\/pl\/2016\/07\/28\/najwazniejszy-samochod-na-tour-de-france\/#breadcrumb"},"inLanguage":"pl-PL","potentialAction":[{"@type":"ReadAction","target":["https:\/\/www.welovecycling.com\/pl\/2016\/07\/28\/najwazniejszy-samochod-na-tour-de-france\/"]}]},{"@type":"ImageObject","inLanguage":"pl-PL","@id":"https:\/\/www.welovecycling.com\/pl\/2016\/07\/28\/najwazniejszy-samochod-na-tour-de-france\/#primaryimage","url":"https:\/\/d2p6e6u75xmxt8.cloudfront.net\/5\/2016\/07\/profimedia-0253223535-2.jpg","contentUrl":"https:\/\/d2p6e6u75xmxt8.cloudfront.net\/5\/2016\/07\/profimedia-0253223535-2.jpg","width":1800,"height":1284},{"@type":"BreadcrumbList","@id":"https:\/\/www.welovecycling.com\/pl\/2016\/07\/28\/najwazniejszy-samochod-na-tour-de-france\/#breadcrumb","itemListElement":[{"@type":"ListItem","position":1,"name":"Home","item":"https:\/\/www.welovecycling.com\/pl\/"},{"@type":"ListItem","position":2,"name":"Najwa\u017cniejszy samoch\u00f3d na Tour de France (Infografika)"}]},{"@type":"WebSite","@id":"https:\/\/www.welovecycling.com\/pl\/#website","url":"https:\/\/www.welovecycling.com\/pl\/","name":"\u0160koda We Love Cycling - Poland","description":"","potentialAction":[{"@type":"SearchAction","target":{"@type":"EntryPoint","urlTemplate":"https:\/\/www.welovecycling.com\/pl\/?s={search_term_string}"},"query-input":{"@type":"PropertyValueSpecification","valueRequired":true,"valueName":"search_term_string"}}],"inLanguage":"pl-PL"},{"@type":"Person","@id":"https:\/\/www.welovecycling.com\/pl\/#\/schema\/person\/0dba2d39da943db9df3fd8f4687e7f23","name":"piotrboczkowski","image":{"@type":"ImageObject","inLanguage":"pl-PL","@id":"https:\/\/www.welovecycling.com\/pl\/#\/schema\/person\/image\/","url":"https:\/\/secure.gravatar.com\/avatar\/533caccae14752e03a2ce2d3fd62d1b98b93e1393c3195c27819e53344ca1ace?s=96&d=mm&r=g","contentUrl":"https:\/\/secure.gravatar.com\/avatar\/533caccae14752e03a2ce2d3fd62d1b98b93e1393c3195c27819e53344ca1ace?s=96&d=mm&r=g","caption":"piotrboczkowski"},"url":"https:\/\/www.welovecycling.com\/pl\/author\/piotrboczkowski\/"}]}},"_links":{"self":[{"href":"https:\/\/www.welovecycling.com\/pl\/wp-json\/wp\/v2\/posts\/1598","targetHints":{"allow":["GET"]}}],"collection":[{"href":"https:\/\/www.welovecycling.com\/pl\/wp-json\/wp\/v2\/posts"}],"about":[{"href":"https:\/\/www.welovecycling.com\/pl\/wp-json\/wp\/v2\/types\/post"}],"author":[{"embeddable":true,"href":"https:\/\/www.welovecycling.com\/pl\/wp-json\/wp\/v2\/users\/76"}],"replies":[{"embeddable":true,"href":"https:\/\/www.welovecycling.com\/pl\/wp-json\/wp\/v2\/comments?post=1598"}],"version-history":[{"count":1,"href":"https:\/\/www.welovecycling.com\/pl\/wp-json\/wp\/v2\/posts\/1598\/revisions"}],"predecessor-version":[{"id":2403,"href":"https:\/\/www.welovecycling.com\/pl\/wp-json\/wp\/v2\/posts\/1598\/revisions\/2403"}],"wp:featuredmedia":[{"embeddable":true,"href":"https:\/\/www.welovecycling.com\/pl\/wp-json\/wp\/v2\/media\/1600"}],"wp:attachment":[{"href":"https:\/\/www.welovecycling.com\/pl\/wp-json\/wp\/v2\/media?parent=1598"}],"wp:term":[{"taxonomy":"category","embeddable":true,"href":"https:\/\/www.welovecycling.com\/pl\/wp-json\/wp\/v2\/categories?post=1598"},{"taxonomy":"post_tag","embeddable":true,"href":"https:\/\/www.welovecycling.com\/pl\/wp-json\/wp\/v2\/tags?post=1598"},{"taxonomy":"global-categories","embeddable":true,"href":"https:\/\/www.welovecycling.com\/pl\/wp-json\/wp\/v2\/global-categories?post=1598"}],"curies":[{"name":"wp","href":"https:\/\/api.w.org\/{rel}","templated":true}]}}