{"id":15975,"date":"2024-12-09T10:58:51","date_gmt":"2024-12-09T10:58:51","guid":{"rendered":"https:\/\/www.welovecycling.com\/pl\/?p=15975"},"modified":"2024-12-09T10:58:51","modified_gmt":"2024-12-09T10:58:51","slug":"solina-poleca-sie-na-jesien","status":"publish","type":"post","link":"https:\/\/www.welovecycling.com\/pl\/2024\/12\/09\/solina-poleca-sie-na-jesien\/","title":{"rendered":"Solina poleca si\u0119 na jesie\u0144"},"content":{"rendered":"<p><strong>Rowerem mo\u017cna je\u017adzi\u0107 przez ca\u0142y rok, a ka\u017cda pora roku ma sw\u00f3j urok. Co wi\u0119cej, poszczeg\u00f3lne miejsca w kraju wygl\u0105daj\u0105 inaczej w ka\u017cdym miesi\u0105cu. Solina jesieni\u0105 urzek\u0142a mnie kilka lat temu, gdy szykowa\u0142em si\u0119 do transmisji Tour de Pologne. W\u0142a\u015bnie wtedy robi\u0142em rekonesans trasy przebiegaj\u0105cej przez te tereny. <\/strong><\/p>\n<p>Tym razem mia\u0142em wi\u0119cej czasu, wi\u0119c i dozna\u0144 by\u0142o zdecydowanie wi\u0119cej. Solin\u0119, korzystaj\u0105c z Ma\u0142ej i Wielkiej P\u0119tli Bieszczadzkiej, objecha\u0107 na raz mo\u017ce i si\u0119 da, ale w trybie turystycznego zwiedzania, kt\u00f3ry przy\u015bwieca moim wyprawom, mo\u017ce to by\u0107 zadanie obarczone sporym stresem zwi\u0105zanym z czasem. Solina to pi\u0119kne widoki, ciche zakola i zatoczki, punkty widokowe, szczeg\u00f3lnie malownicze jesienn\u0105 por\u0105. Solina to te\u017c wiele kilometr\u00f3w zupe\u0142nie bocznych dr\u00f3g o zmiennej nawierzchni, wi\u0119c wybieraj\u0105c si\u0119 w te strony, ci\u0119\u017cko postawi\u0107 tylko na jeden rodzaj roweru. Wiadomo, \u017ce Bieszczady to, co najlepsze, maj\u0105 schowane nieco g\u0142\u0119biej.<\/p>\n<p>Ale zanim przeczytacie wi\u0119cej o tym miejscu, zapraszam Was do zapoznania si\u0119 z filmem.<\/p>\n<div class=\"embed-controller-wrapper\">\n<div class=\"embed-wrapper\"><iframe title=\"Najlepsze polskie trasy rowerowe. Solina\" width=\"500\" height=\"281\" data-src=\"https:\/\/www.youtube.com\/embed\/mRD5ngmP2uM?feature=oembed\" frameborder=\"0\" allow=\"accelerometer; autoplay; clipboard-write; encrypted-media; gyroscope; picture-in-picture; web-share\" referrerpolicy=\"strict-origin-when-cross-origin\" allowfullscreen><\/iframe><\/div>\n<\/div>\n<p>Cho\u0107 to mo\u017ce nie po drodze z Dolnego \u015al\u0105ska, na kt\u00f3rym mieszkam, podr\u00f3\u017c w okolice Jeziora Soli\u0144skiego warto zacz\u0105\u0107 od punktu widokowego w G\u00f3rach S\u0142onnych z naprawd\u0119 przepi\u0119knym widokiem. Zjazd w d\u00f3\u0142 drog\u0105 nr 28 prowadz\u0105c\u0105 z Przemy\u015bla mo\u017ce przyprawi\u0107 o zawr\u00f3t g\u0142owy, a serpentyny wij\u0105 si\u0119 tam w\u015br\u00f3d pi\u0119knego drzewostanu, co tylko dodatkowo podsyca nadzieje na dalsz\u0105 podr\u00f3\u017c. Pierwszym przystankiem na naszej trasie s\u0105 drezyny rowerowe w Uhercach Mineralnych. Ciekawe do\u015bwiadczenie dla mi\u0142o\u015bnik\u00f3w rower\u00f3w, gdy\u017c nap\u0119d jest \u017cywcem zaczerpni\u0119ty w\u0142a\u015bnie z naszego ulubionego \u015brodka transportu. Atrakcja ta oferuje dwie trasy, a same drezyny s\u0105 czteroosobowe, jednak nap\u0119d generuj\u0105 dwie osoby, wi\u0119c je\u015bli podr\u00f3\u017cujemy z ma\u0142ymi dzie\u0107mi, mog\u0105 one spokojnie wypoczywa\u0107 z ty\u0142u na fotelach. Drezyny je\u017cd\u017c\u0105 albo w stron\u0119 \u0141ukawicy, albo Ustrzyk Dolnych. Na tras\u0119 mo\u017cna wyruszy\u0107 tylko o okre\u015blonej godzinie, a ka\u017cdy podr\u00f3\u017cny otrzyma staro\u015bwiecki kartonowy bilet na pami\u0105tk\u0119. Bardzo klimatyczny jest te\u017c sam przystanek w Uhercach Mineralnych \u2013 szczerze, jest to miejsce warte odwiedzenia.<\/p>\n<p><a href=\"https:\/\/d2p6e6u75xmxt8.cloudfront.net\/5\/2024\/12\/Fotka1.webp\"><img loading=\"lazy\" decoding=\"async\" class=\"alignnone size-full wp-image-15977\" src=\"https:\/\/d2p6e6u75xmxt8.cloudfront.net\/5\/2024\/12\/Fotka1.webp\" alt=\"\" width=\"1735\" height=\"975\" srcset=\"https:\/\/d2p6e6u75xmxt8.cloudfront.net\/5\/2024\/12\/Fotka1.webp 1735w, https:\/\/d2p6e6u75xmxt8.cloudfront.net\/5\/2024\/12\/Fotka1-300x169.webp 300w, https:\/\/d2p6e6u75xmxt8.cloudfront.net\/5\/2024\/12\/Fotka1-1024x575.webp 1024w, https:\/\/d2p6e6u75xmxt8.cloudfront.net\/5\/2024\/12\/Fotka1-768x432.webp 768w, https:\/\/d2p6e6u75xmxt8.cloudfront.net\/5\/2024\/12\/Fotka1-1536x863.webp 1536w, https:\/\/d2p6e6u75xmxt8.cloudfront.net\/5\/2024\/12\/Fotka1-400x225.webp 400w\" sizes=\"auto, (max-width: 1735px) 100vw, 1735px\" \/><\/a><\/p>\n<p>Dalej samochodem udajemy si\u0119 pod zapor\u0119 na Solinie, gdzie rozpoczyna si\u0119 rowerowa cz\u0119\u015b\u0107 podr\u00f3\u017cy. Na pocz\u0105tek obowi\u0105zkowy wjazd na sam\u0105 zapor\u0119, kt\u00f3ra ma 664 metry d\u0142ugo\u015bci i a\u017c 81,8 metra wysoko\u015bci, co stawia j\u0105 na najwy\u017cszym stopniu podium w\u015br\u00f3d podobnych konstrukcji w kraju. Budowa zapory rozpocz\u0119\u0142a si\u0119 w 1960 roku, a podczas nape\u0142niania zbiornika zatopieniu uleg\u0142o a\u017c sze\u015b\u0107 miejscowo\u015bci. W bezpo\u015brednim s\u0105siedztwie zapory, ale jakie\u015b 100 metr\u00f3w nad g\u0142owami spacerowicz\u00f3w, zawieszona jest kolej gondolowa sk\u0142adaj\u0105ca si\u0119 z 25 przeszkolonych gondoli. Trasa mo\u017ce nie nale\u017cy do najd\u0142u\u017cszych, gdy\u017c ma jedynie 1,5 km d\u0142ugo\u015bci, ale powietrzna wycieczka wzd\u0142u\u017c najd\u0142u\u017cszej tamy wodnej w Polsce z widokiem na Jezioro Soli\u0144skie i kolorowe wzg\u00f3rza musi by\u0107 genialnym prze\u017cyciem.<\/p>\n<p>Parkingi przy zaporze s\u0105 dobrym miejscem, by zostawi\u0107 tutaj samoch\u00f3d i przesi\u0105\u015b\u0107 si\u0119 na dwa k\u00f3\u0142ka. Moja trasa wyj\u0105tkowo nie b\u0119dzie si\u0119 sk\u0142ada\u0142a z jednej du\u017cej p\u0119tli, ale przejazdu wzd\u0142u\u017c poszarpanego brzegu jeziora do jego najbardziej odleg\u0142ego punktu w okolicy Chrewtu i powrotu najkr\u00f3tsz\u0105 drog\u0105. Ca\u0142a linia brzegowa Jeziora Soli\u0144skiego ma d\u0142ugo\u015b\u0107 160 km, ale to dlatego, \u017ce jest mocno nieregularna, co czyni j\u0105 te\u017c wyj\u0105tkowo ciekaw\u0105. Jezioro tworzy liczne naturalne zatoczki i ma\u0142e wyspy. Ma tylko 22 km\u00b2, ale za to najwi\u0119ksz\u0105 w Polsce pojemno\u015b\u0107 \u2013 472 mln m\u00b3.<\/p>\n<p>Pierwszym przystankiem na trasie jest Pola\u0144czyk. To ma\u0142a, urokliwa miejscowo\u015b\u0107 po\u0142o\u017cona w wi\u0119kszo\u015bci na cyplu wysuni\u0119tym w g\u0142\u0105b Jeziora Soli\u0144skiego. Pola\u0144czyk status uzdrowiska ma od 1999 roku i oferuje ponad 1200 miejsc dla kuracjuszy. W odwiertach wyst\u0119puj\u0105 wody wodorow\u0119glanowo-chlorkowo-sodowo-bromkowe i jodkowe i naturalnym wydaje si\u0119, \u017ce g\u0142\u00f3wnie leczy si\u0119 tutaj choroby uk\u0142adu oddechowego. Sama miejscowo\u015b\u0107 jest do\u015b\u0107 d\u0142uga, gdy\u017c od ronda na g\u0142\u00f3wnej drodze wojew\u00f3dzkiej do najdalej wysuni\u0119tego punktu jest ponad 2,6 km. Ale nie trzeba chodzi\u0107 na a\u017c tak d\u0142ugie spacery, poniewa\u017c w centrum Pola\u0144czyka znajduje si\u0119 pi\u0119kny park zdrojowy z \u0142aweczkami, \u015bcie\u017ckami spacerowymi i t\u0119\u017cni\u0105 solankow\u0105.<\/p>\n<p><a href=\"https:\/\/d2p6e6u75xmxt8.cloudfront.net\/5\/2024\/12\/Fotka2.webp\"><img loading=\"lazy\" decoding=\"async\" class=\"alignnone size-full wp-image-15978\" src=\"https:\/\/d2p6e6u75xmxt8.cloudfront.net\/5\/2024\/12\/Fotka2.webp\" alt=\"\" width=\"1735\" height=\"975\" srcset=\"https:\/\/d2p6e6u75xmxt8.cloudfront.net\/5\/2024\/12\/Fotka2.webp 1735w, https:\/\/d2p6e6u75xmxt8.cloudfront.net\/5\/2024\/12\/Fotka2-300x169.webp 300w, https:\/\/d2p6e6u75xmxt8.cloudfront.net\/5\/2024\/12\/Fotka2-1024x575.webp 1024w, https:\/\/d2p6e6u75xmxt8.cloudfront.net\/5\/2024\/12\/Fotka2-768x432.webp 768w, https:\/\/d2p6e6u75xmxt8.cloudfront.net\/5\/2024\/12\/Fotka2-1536x863.webp 1536w, https:\/\/d2p6e6u75xmxt8.cloudfront.net\/5\/2024\/12\/Fotka2-400x225.webp 400w\" sizes=\"auto, (max-width: 1735px) 100vw, 1735px\" \/><\/a><\/p>\n<p>Z Pola\u0144czyka pokr\u0119con\u0105 i pofa\u0142dowan\u0105 drog\u0105 udajemy si\u0119 na po\u0142udnie, co chwil\u0119 przeje\u017cd\u017caj\u0105c nad meandruj\u0105c\u0105 tutaj rzek\u0105 Solink\u0105, i za miejscowo\u015bci\u0105 Bukowiec uciekamy z g\u0142\u00f3wnej drogi. Tutaj zaczyna si\u0119 prawdziwe zwiedzanie: mocno pag\u00f3rkowaty teren, zmienne nawierzchnie dr\u00f3g poprowadzone w kolejne zakamarki Jeziora Soli\u0144skiego. S\u0105 tutaj miejsca zupe\u0142nie odludne, ale s\u0105 i takie, kt\u00f3re musz\u0105 mocno kwitn\u0105\u0107 \u017cyciem w sezonie letnim. Po drodze mijamy mniejsze i wi\u0119ksze miejscowo\u015bci, restauracje, punkty widokowe. Wszystko to sprawia, \u017ce kilometry lec\u0105 bardzo wolno.<\/p>\n<p>Po powrocie na g\u0142\u00f3wn\u0105 drog\u0119 nr 894 przeje\u017cd\u017camy nad rzek\u0105 San, kt\u00f3ra wp\u0142ywa do Jeziora Soli\u0144skiego. Na tym odcinku San r\u00f3wnie\u017c pi\u0119knie meandruje w\u015br\u00f3d bieszczadzkich las\u00f3w, co wida\u0107 tylko z drona.<\/p>\n<p>Kawa\u0142ek dalej, przy Zatoce Potoku Czarnego, zdecydowa\u0142em si\u0119 na powr\u00f3t do punktu startu. Jesieni\u0105 s\u0142o\u0144ce zachodzi tutaj niespodziewanie szybko, a jeszcze musia\u0142em poszuka\u0107 noclegu, bo w Bieszczadach zostaj\u0119 na d\u0142u\u017cej.<\/p>\n<p><span data-sheets-value=\"{&quot;1&quot;:2,&quot;2&quot;:&quot;Artyku\u0142 powsta\u0142 we wsp\u00f3\u0142pracy ze skoda-auto.pl&quot;}\" data-sheets-userformat=\"{&quot;2&quot;:1,&quot;3&quot;:{&quot;1&quot;:0}}\" data-sheets-hyperlink=\"http:\/\/www.skoda-auto.pl\/\"><a class=\"in-cell-link\" href=\"http:\/\/www.skoda-auto.pl\/\" target=\"_blank\" rel=\"noopener noreferrer\">Artyku\u0142 powsta\u0142 we wsp\u00f3\u0142pracy ze skoda-auto.pl<\/a><\/span><\/p>\n<p><a href=\"https:\/\/d2p6e6u75xmxt8.cloudfront.net\/5\/2030\/11\/1.webp\"><img loading=\"lazy\" decoding=\"async\" class=\"size-full wp-image-13777 aligncenter\" src=\"https:\/\/d2p6e6u75xmxt8.cloudfront.net\/5\/2030\/11\/1.webp\" alt=\"\" width=\"640\" height=\"350\" srcset=\"https:\/\/d2p6e6u75xmxt8.cloudfront.net\/5\/2030\/11\/1.webp 640w, https:\/\/d2p6e6u75xmxt8.cloudfront.net\/5\/2030\/11\/1-300x164.webp 300w, https:\/\/d2p6e6u75xmxt8.cloudfront.net\/5\/2030\/11\/1-400x219.webp 400w\" sizes=\"auto, (max-width: 640px) 100vw, 640px\" \/><\/a><\/p>\n","protected":false},"excerpt":{"rendered":"<p>Rowerem mo\u017cna je\u017adzi\u0107 przez ca\u0142y rok, a ka\u017cda pora roku ma sw\u00f3j urok. Co wi\u0119cej, poszczeg\u00f3lne miejsca w kraju wygl\u0105daj\u0105 [&hellip;]<\/p>\n","protected":false},"author":187,"featured_media":15976,"comment_status":"open","ping_status":"open","sticky":false,"template":"","format":"standard","meta":{"footnotes":""},"categories":[203],"tags":[108,117,191,404,107],"global-categories":[303],"class_list":["post-15975","post","type-post","status-publish","format-standard","has-post-thumbnail","hentry","category-bartosz-huzarski","tag-bartosz-huzarski","tag-najlepsze-trasy","tag-skoda","tag-skodapolska","tag-trasy-rowerowe","global-categories-cycling"],"yoast_head":"<!-- This site is optimized with the Yoast SEO Premium plugin v25.3 (Yoast SEO v25.9) - https:\/\/yoast.com\/wordpress\/plugins\/seo\/ -->\n<title>Solina poleca si\u0119 na jesie\u0144 - \u0160koda We Love Cycling - Poland<\/title>\n<meta name=\"robots\" content=\"index, follow, max-snippet:-1, max-image-preview:large, max-video-preview:-1\" \/>\n<link rel=\"canonical\" href=\"https:\/\/www.welovecycling.com\/pl\/2024\/12\/09\/solina-poleca-sie-na-jesien\/\" \/>\n<meta property=\"og:locale\" content=\"pl_PL\" \/>\n<meta property=\"og:type\" content=\"article\" \/>\n<meta property=\"og:title\" content=\"Solina poleca si\u0119 na jesie\u0144\" \/>\n<meta property=\"og:description\" content=\"Rowerem mo\u017cna je\u017adzi\u0107 przez ca\u0142y rok, a ka\u017cda pora roku ma sw\u00f3j urok. Co wi\u0119cej, poszczeg\u00f3lne miejsca w kraju wygl\u0105daj\u0105 [&hellip;]\" \/>\n<meta property=\"og:url\" content=\"https:\/\/www.welovecycling.com\/pl\/2024\/12\/09\/solina-poleca-sie-na-jesien\/\" \/>\n<meta property=\"og:site_name\" content=\"\u0160koda We Love Cycling - Poland\" \/>\n<meta property=\"article:published_time\" content=\"2024-12-09T10:58:51+00:00\" \/>\n<meta property=\"og:image\" content=\"https:\/\/d2p6e6u75xmxt8.cloudfront.net\/5\/2024\/12\/Fotka3.webp\" \/>\n\t<meta property=\"og:image:width\" content=\"1735\" \/>\n\t<meta property=\"og:image:height\" content=\"975\" \/>\n\t<meta property=\"og:image:type\" content=\"image\/webp\" \/>\n<meta name=\"author\" content=\"konradbobrowski\" \/>\n<meta name=\"twitter:card\" content=\"summary_large_image\" \/>\n<meta name=\"twitter:label1\" content=\"Written by\" \/>\n\t<meta name=\"twitter:data1\" content=\"Bartosz Huzarski\" \/>\n\t<meta name=\"twitter:label2\" content=\"Est. reading time\" \/>\n\t<meta name=\"twitter:data2\" content=\"4\" \/>\n<script type=\"application\/ld+json\" class=\"yoast-schema-graph\">{\"@context\":\"https:\/\/schema.org\",\"@graph\":[{\"@type\":\"WebPage\",\"@id\":\"https:\/\/www.welovecycling.com\/pl\/2024\/12\/09\/solina-poleca-sie-na-jesien\/\",\"url\":\"https:\/\/www.welovecycling.com\/pl\/2024\/12\/09\/solina-poleca-sie-na-jesien\/\",\"name\":\"Solina poleca si\u0119 na jesie\u0144 - \u0160koda We Love Cycling - Poland\",\"isPartOf\":{\"@id\":\"https:\/\/www.welovecycling.com\/pl\/#website\"},\"primaryImageOfPage\":{\"@id\":\"https:\/\/www.welovecycling.com\/pl\/2024\/12\/09\/solina-poleca-sie-na-jesien\/#primaryimage\"},\"image\":{\"@id\":\"https:\/\/www.welovecycling.com\/pl\/2024\/12\/09\/solina-poleca-sie-na-jesien\/#primaryimage\"},\"thumbnailUrl\":\"https:\/\/d2p6e6u75xmxt8.cloudfront.net\/5\/2024\/12\/Fotka3.webp\",\"datePublished\":\"2024-12-09T10:58:51+00:00\",\"author\":{\"@id\":\"https:\/\/www.welovecycling.com\/pl\/#\/schema\/person\/e551e469d0b17f4e0b87f3f4fa8fc0f2\"},\"breadcrumb\":{\"@id\":\"https:\/\/www.welovecycling.com\/pl\/2024\/12\/09\/solina-poleca-sie-na-jesien\/#breadcrumb\"},\"inLanguage\":\"pl-PL\",\"potentialAction\":[{\"@type\":\"ReadAction\",\"target\":[\"https:\/\/www.welovecycling.com\/pl\/2024\/12\/09\/solina-poleca-sie-na-jesien\/\"]}]},{\"@type\":\"ImageObject\",\"inLanguage\":\"pl-PL\",\"@id\":\"https:\/\/www.welovecycling.com\/pl\/2024\/12\/09\/solina-poleca-sie-na-jesien\/#primaryimage\",\"url\":\"https:\/\/d2p6e6u75xmxt8.cloudfront.net\/5\/2024\/12\/Fotka3.webp\",\"contentUrl\":\"https:\/\/d2p6e6u75xmxt8.cloudfront.net\/5\/2024\/12\/Fotka3.webp\",\"width\":1735,\"height\":975},{\"@type\":\"BreadcrumbList\",\"@id\":\"https:\/\/www.welovecycling.com\/pl\/2024\/12\/09\/solina-poleca-sie-na-jesien\/#breadcrumb\",\"itemListElement\":[{\"@type\":\"ListItem\",\"position\":1,\"name\":\"Home\",\"item\":\"https:\/\/www.welovecycling.com\/pl\/\"},{\"@type\":\"ListItem\",\"position\":2,\"name\":\"Solina poleca si\u0119 na jesie\u0144\"}]},{\"@type\":\"WebSite\",\"@id\":\"https:\/\/www.welovecycling.com\/pl\/#website\",\"url\":\"https:\/\/www.welovecycling.com\/pl\/\",\"name\":\"\u0160koda We Love Cycling - Poland\",\"description\":\"\",\"potentialAction\":[{\"@type\":\"SearchAction\",\"target\":{\"@type\":\"EntryPoint\",\"urlTemplate\":\"https:\/\/www.welovecycling.com\/pl\/?s={search_term_string}\"},\"query-input\":{\"@type\":\"PropertyValueSpecification\",\"valueRequired\":true,\"valueName\":\"search_term_string\"}}],\"inLanguage\":\"pl-PL\"},{\"@type\":\"Person\",\"@id\":\"https:\/\/www.welovecycling.com\/pl\/#\/schema\/person\/e551e469d0b17f4e0b87f3f4fa8fc0f2\",\"name\":\"konradbobrowski\",\"image\":{\"@type\":\"ImageObject\",\"inLanguage\":\"pl-PL\",\"@id\":\"https:\/\/www.welovecycling.com\/pl\/#\/schema\/person\/image\/\",\"url\":\"https:\/\/secure.gravatar.com\/avatar\/91ac5a8cb4a26d3b32dc77b5e6d46616cf6adf425879538f5e5d7e4ef2333a4c?s=96&d=mm&r=g\",\"contentUrl\":\"https:\/\/secure.gravatar.com\/avatar\/91ac5a8cb4a26d3b32dc77b5e6d46616cf6adf425879538f5e5d7e4ef2333a4c?s=96&d=mm&r=g\",\"caption\":\"konradbobrowski\"},\"url\":\"https:\/\/www.welovecycling.com\/pl\/author\/konradbobrowski\/\"}]}<\/script>\n<!-- \/ Yoast SEO Premium plugin. -->","yoast_head_json":{"title":"Solina poleca si\u0119 na jesie\u0144 - \u0160koda We Love Cycling - Poland","robots":{"index":"index","follow":"follow","max-snippet":"max-snippet:-1","max-image-preview":"max-image-preview:large","max-video-preview":"max-video-preview:-1"},"canonical":"https:\/\/www.welovecycling.com\/pl\/2024\/12\/09\/solina-poleca-sie-na-jesien\/","og_locale":"pl_PL","og_type":"article","og_title":"Solina poleca si\u0119 na jesie\u0144","og_description":"Rowerem mo\u017cna je\u017adzi\u0107 przez ca\u0142y rok, a ka\u017cda pora roku ma sw\u00f3j urok. Co wi\u0119cej, poszczeg\u00f3lne miejsca w kraju wygl\u0105daj\u0105 [&hellip;]","og_url":"https:\/\/www.welovecycling.com\/pl\/2024\/12\/09\/solina-poleca-sie-na-jesien\/","og_site_name":"\u0160koda We Love Cycling - Poland","article_published_time":"2024-12-09T10:58:51+00:00","og_image":[{"width":1735,"height":975,"url":"https:\/\/d2p6e6u75xmxt8.cloudfront.net\/5\/2024\/12\/Fotka3.webp","type":"image\/webp"}],"author":"konradbobrowski","twitter_card":"summary_large_image","twitter_misc":{"Written by":"Bartosz Huzarski","Est. reading time":"4"},"schema":{"@context":"https:\/\/schema.org","@graph":[{"@type":"WebPage","@id":"https:\/\/www.welovecycling.com\/pl\/2024\/12\/09\/solina-poleca-sie-na-jesien\/","url":"https:\/\/www.welovecycling.com\/pl\/2024\/12\/09\/solina-poleca-sie-na-jesien\/","name":"Solina poleca si\u0119 na jesie\u0144 - \u0160koda We Love Cycling - Poland","isPartOf":{"@id":"https:\/\/www.welovecycling.com\/pl\/#website"},"primaryImageOfPage":{"@id":"https:\/\/www.welovecycling.com\/pl\/2024\/12\/09\/solina-poleca-sie-na-jesien\/#primaryimage"},"image":{"@id":"https:\/\/www.welovecycling.com\/pl\/2024\/12\/09\/solina-poleca-sie-na-jesien\/#primaryimage"},"thumbnailUrl":"https:\/\/d2p6e6u75xmxt8.cloudfront.net\/5\/2024\/12\/Fotka3.webp","datePublished":"2024-12-09T10:58:51+00:00","author":{"@id":"https:\/\/www.welovecycling.com\/pl\/#\/schema\/person\/e551e469d0b17f4e0b87f3f4fa8fc0f2"},"breadcrumb":{"@id":"https:\/\/www.welovecycling.com\/pl\/2024\/12\/09\/solina-poleca-sie-na-jesien\/#breadcrumb"},"inLanguage":"pl-PL","potentialAction":[{"@type":"ReadAction","target":["https:\/\/www.welovecycling.com\/pl\/2024\/12\/09\/solina-poleca-sie-na-jesien\/"]}]},{"@type":"ImageObject","inLanguage":"pl-PL","@id":"https:\/\/www.welovecycling.com\/pl\/2024\/12\/09\/solina-poleca-sie-na-jesien\/#primaryimage","url":"https:\/\/d2p6e6u75xmxt8.cloudfront.net\/5\/2024\/12\/Fotka3.webp","contentUrl":"https:\/\/d2p6e6u75xmxt8.cloudfront.net\/5\/2024\/12\/Fotka3.webp","width":1735,"height":975},{"@type":"BreadcrumbList","@id":"https:\/\/www.welovecycling.com\/pl\/2024\/12\/09\/solina-poleca-sie-na-jesien\/#breadcrumb","itemListElement":[{"@type":"ListItem","position":1,"name":"Home","item":"https:\/\/www.welovecycling.com\/pl\/"},{"@type":"ListItem","position":2,"name":"Solina poleca si\u0119 na jesie\u0144"}]},{"@type":"WebSite","@id":"https:\/\/www.welovecycling.com\/pl\/#website","url":"https:\/\/www.welovecycling.com\/pl\/","name":"\u0160koda We Love Cycling - Poland","description":"","potentialAction":[{"@type":"SearchAction","target":{"@type":"EntryPoint","urlTemplate":"https:\/\/www.welovecycling.com\/pl\/?s={search_term_string}"},"query-input":{"@type":"PropertyValueSpecification","valueRequired":true,"valueName":"search_term_string"}}],"inLanguage":"pl-PL"},{"@type":"Person","@id":"https:\/\/www.welovecycling.com\/pl\/#\/schema\/person\/e551e469d0b17f4e0b87f3f4fa8fc0f2","name":"konradbobrowski","image":{"@type":"ImageObject","inLanguage":"pl-PL","@id":"https:\/\/www.welovecycling.com\/pl\/#\/schema\/person\/image\/","url":"https:\/\/secure.gravatar.com\/avatar\/91ac5a8cb4a26d3b32dc77b5e6d46616cf6adf425879538f5e5d7e4ef2333a4c?s=96&d=mm&r=g","contentUrl":"https:\/\/secure.gravatar.com\/avatar\/91ac5a8cb4a26d3b32dc77b5e6d46616cf6adf425879538f5e5d7e4ef2333a4c?s=96&d=mm&r=g","caption":"konradbobrowski"},"url":"https:\/\/www.welovecycling.com\/pl\/author\/konradbobrowski\/"}]}},"_links":{"self":[{"href":"https:\/\/www.welovecycling.com\/pl\/wp-json\/wp\/v2\/posts\/15975","targetHints":{"allow":["GET"]}}],"collection":[{"href":"https:\/\/www.welovecycling.com\/pl\/wp-json\/wp\/v2\/posts"}],"about":[{"href":"https:\/\/www.welovecycling.com\/pl\/wp-json\/wp\/v2\/types\/post"}],"author":[{"embeddable":true,"href":"https:\/\/www.welovecycling.com\/pl\/wp-json\/wp\/v2\/users\/187"}],"replies":[{"embeddable":true,"href":"https:\/\/www.welovecycling.com\/pl\/wp-json\/wp\/v2\/comments?post=15975"}],"version-history":[{"count":1,"href":"https:\/\/www.welovecycling.com\/pl\/wp-json\/wp\/v2\/posts\/15975\/revisions"}],"predecessor-version":[{"id":15979,"href":"https:\/\/www.welovecycling.com\/pl\/wp-json\/wp\/v2\/posts\/15975\/revisions\/15979"}],"wp:featuredmedia":[{"embeddable":true,"href":"https:\/\/www.welovecycling.com\/pl\/wp-json\/wp\/v2\/media\/15976"}],"wp:attachment":[{"href":"https:\/\/www.welovecycling.com\/pl\/wp-json\/wp\/v2\/media?parent=15975"}],"wp:term":[{"taxonomy":"category","embeddable":true,"href":"https:\/\/www.welovecycling.com\/pl\/wp-json\/wp\/v2\/categories?post=15975"},{"taxonomy":"post_tag","embeddable":true,"href":"https:\/\/www.welovecycling.com\/pl\/wp-json\/wp\/v2\/tags?post=15975"},{"taxonomy":"global-categories","embeddable":true,"href":"https:\/\/www.welovecycling.com\/pl\/wp-json\/wp\/v2\/global-categories?post=15975"}],"curies":[{"name":"wp","href":"https:\/\/api.w.org\/{rel}","templated":true}]}}