{"id":15957,"date":"2024-11-15T08:21:57","date_gmt":"2024-11-15T08:21:57","guid":{"rendered":"https:\/\/www.welovecycling.com\/pl\/?p=15957"},"modified":"2024-11-15T08:21:57","modified_gmt":"2024-11-15T08:21:57","slug":"na-rowerze-elektrycznym-w-swiat-przyszlosci-cyfrowe-innowacje-planowane-na-2025-r","status":"publish","type":"post","link":"https:\/\/www.welovecycling.com\/pl\/2024\/11\/15\/na-rowerze-elektrycznym-w-swiat-przyszlosci-cyfrowe-innowacje-planowane-na-2025-r\/","title":{"rendered":"Na rowerze elektrycznym w \u015bwiat przysz\u0142o\u015bci: cyfrowe innowacje planowane na 2025 r."},"content":{"rendered":"<p><strong>Rowery elektryczne ju\u017c dzi\u015b s\u0105 wyposa\u017cone w cyfrowe wy\u015bwietlacze, a wiele z nich umo\u017cliwia wymian\u0119 informacji z aplikacjami na smartfonach kolarzy. Jednak ilo\u015b\u0107 obs\u0142ugiwanych danych i cz\u0119stotliwo\u015b\u0107 ich wymiany maj\u0105 wkr\u00f3tce znacz\u0105co wzrosn\u0105\u0107. Sprawd\u017amy, jakie funkcje ju\u017c nied\u0142ugo b\u0119d\u0105 oferowa\u0107 tzw. e-rowery.<\/strong><\/p>\n<p>W ostatnim czasie rynek rower\u00f3w elektrycznych gwa\u0142townie si\u0119 rozwija. Analitycy zak\u0142adaj\u0105, \u017ce do 2030 r. jego warto\u015b\u0107 wzro\u015bnie do imponuj\u0105cego poziomu 112,73 mld USD. Wraz z rozkwitem tej bran\u017cy coraz wi\u0119cej zasob\u00f3w przeznacza si\u0119 na rozw\u00f3j e-rower\u00f3w, kt\u00f3ry nabiera zawrotnego tempa.<\/p>\n<p>Podczas niedawnej konferencji prasowej, zorganizowanej w ramach targ\u00f3w Eurobike, przedstawiciele Bosch eBike Systems og\u0142osili, \u017ce ca\u0142a seria tegorocznych produkt\u00f3w firmy opiera si\u0119 na rozwi\u0105zaniach cyfrowych. Ma to zwi\u0105zek z wprowadzonym przez firm\u0119 systemem Connected Biking, kt\u00f3ry zapewnia po\u0142\u0105czenie e-rower\u00f3w ze \u015bwiatem cyfrowym. Rowery elektryczne maj\u0105 zatem pe\u0142ni\u0107 rol\u0119 inteligentnych towarzyszy, stale po\u0142\u0105czonych z sieci\u0105. Co wi\u0119cej, takie pojazdy nieustannie ewoluuj\u0105 dzi\u0119ki aktualizacjom, ucz\u0105 si\u0119 na podstawie kolejnych przeja\u017cd\u017cek i przy ka\u017cdym u\u017cyciu sprawiaj\u0105 wra\u017cenie, jakby by\u0142y zupe\u0142nie nowe.<\/p>\n<p>Co czeka u\u017cytkownik\u00f3w e-rower\u00f3w w najbli\u017cszej przysz\u0142o\u015bci? Przede wszystkim ju\u017c wkr\u00f3tce uzyskaj\u0105 dost\u0119p do danych o innych uczestnikach ruchu oraz infrastrukturze drogowej, co znacznie zwi\u0119kszy bezpiecze\u0144stwo podczas jazdy. Obs\u0142uga szerszego zakresu danych pomo\u017ce r\u00f3wnie\u017c w planowaniu tras i zarz\u0105dzaniu \u0142adowaniem akumulatora. Zamiast zmienia\u0107 biegi r\u0119cznie, rowerzy\u015bci b\u0119d\u0105 mogli polega\u0107 na systemie automatycznej zmiany prze\u0142o\u017ce\u0144. Nie s\u0105 to jednak jedyne innowacje, kt\u00f3re nied\u0142ugo pojawi\u0105 si\u0119 na rynku. Przyjrzyjmy si\u0119 zatem innym nadchodz\u0105cym rozwi\u0105zaniom.<\/p>\n<p>E-rowery b\u0119d\u0105 jeszcze lepiej zintegrowane z inteligentnymi urz\u0105dzeniami i stan\u0105 si\u0119 bardziej interaktywne. Podczas postoju kolarz b\u0119dzie m\u00f3g\u0142 sprawdzi\u0107, ile czasu pozosta\u0142o do pe\u0142nego na\u0142adowania akumulatora, i u\u017cy\u0107 telefonu, by zablokowa\u0107 sw\u00f3j rower. Aplikacja wy\u015ble te\u017c alert, je\u015bli kto\u015b spr\u00f3buje go ukra\u015b\u0107. Rowerzy\u015bci sami zdecyduj\u0105, do jakich informacji chc\u0105 mie\u0107 dost\u0119p \u2013 b\u0119d\u0105 mogli na przyk\u0142ad sprawdzi\u0107, ile wysi\u0142ku sami w\u0142o\u017cyli w jazd\u0119, a w jakim stopniu wyr\u0119czy\u0142o ich wspomaganie elektryczne.<\/p>\n<p>Wymiana informacji staje si\u0119 wielokierunkowa. Za zgod\u0105 u\u017cytkownik\u00f3w producenci uk\u0142ad\u00f3w nap\u0119dowych zbieraj\u0105 cenne dane dotycz\u0105ce nawyk\u00f3w zwi\u0105zanych z jazd\u0105 i u\u017cytkowania silnika, a nast\u0119pnie wykorzystuj\u0105 te informacje w celu zwi\u0119kszania jego wydajno\u015bci.<\/p>\n<p>Czo\u0142owi producenci anga\u017cuj\u0105 si\u0119 r\u00f3wnie\u017c w rozw\u00f3j nowych sieci, kt\u00f3re umo\u017cliwi\u0105 komunikacj\u0119 mi\u0119dzy e-rowerami, samochodami, sygnalizacj\u0105 \u015bwietln\u0105 i innymi elementami infrastruktury transportowej, aby zwi\u0119kszy\u0107 bezpiecze\u0144stwo na drogach. Inicjatyw\u0119 t\u0119 wspiera m.in. organizacja Cyclists\u2019 Safety Coalition (Koalicja na Rzecz Bezpiecze\u0144stwa Rowerzyst\u00f3w), kt\u00f3ra podejmuje w tym celu skoordynowane wysi\u0142ki i wykorzystuje ustandaryzowane technologie. Jednocze\u015bnie trwaj\u0105 prace nad rozwojem pojazd\u00f3w autonomicznych. Kluczow\u0105 rol\u0119 w tym procesie odgrywa technologia Vehicle-to-Everything (V2X). Polega to na tym, \u017ce pojazdy wykrywaj\u0105 si\u0119 nawzajem za pomoc\u0105 czujnik\u00f3w i wymieniaj\u0105 mi\u0119dzy sob\u0105 dane dotycz\u0105ce pozycji na drodze i innych aspekt\u00f3w jazdy, co pomaga unika\u0107 kolizji. Elementy takie jak sygnalizacja \u015bwietlna, znaki drogowe czy przej\u015bcia dla pieszych r\u00f3wnie\u017c stanowi\u0105 cz\u0119\u015b\u0107 tej sieci komunikacyjnej.<\/p>\n<p>Dzi\u015b ma\u0142o kogo dziwi fakt, \u017ce w rowerach wykorzystywane s\u0105 technologie pierwotnie stosowane w innych pojazdach. Dobrym przyk\u0142adem jest system ABS \u2013 wspomaganie hamowania najpierw sta\u0142o si\u0119 standardowym wyposa\u017ceniem samochod\u00f3w i motocykli, a obecnie zosta\u0142o zaadaptowane w mniejszej i l\u017cejszej wersji do e-rower\u00f3w, by pom\u00f3c optymalizowa\u0107 si\u0142\u0119 hamowania i zapobiega\u0107 upadkom. ABS umo\u017cliwia bezpieczne hamowanie nawet na nieutwardzonym lub \u015bliskim pod\u0142o\u017cu, a dzi\u0119ki aplikacji mobilnej rowerzy\u015bci wiedz\u0105, jak cz\u0119sto system by\u0142 aktywowany.<\/p>\n<p>Z kolei funkcja Range Control u\u0142atwia kolarzom planowanie trasy za pomoc\u0105 aplikacji mobilnej po\u0142\u0105czonej z rowerem. System przewiduje m.in., ile energii zostanie zu\u017cyte w czasie podr\u00f3\u017cy i jaki b\u0119dzie poziom na\u0142adowania akumulatora po dotarciu do celu. W dokonywaniu jak najdok\u0142adniejszych szacunk\u00f3w pomaga sztuczna inteligencja, a obliczenia opieraj\u0105 si\u0119 na wielu zmiennych, takich jak profil trasy, temperatura, ci\u015bnienie w oponach, si\u0142a wiatru, masa cia\u0142a rowerzysty i inne czynniki. Je\u015bli cz\u0119sto je\u017adzimy w tej samej okolicy, system uwzgl\u0119dni to w swoim algorytmie.<\/p>\n<p>Podczas tegorocznych targ\u00f3w Eurobike zaprezentowano r\u00f3wnie\u017c kilka interesuj\u0105cych nowo\u015bci w zakresie automatycznej zmiany prze\u0142o\u017ce\u0144. Najciekawszym i najbardziej innowacyjnym rozwi\u0105zaniem jest nowa przerzutka TRP E.A.S.I. A12 od firmy Tektro Racing Parts, zaprojektowana z my\u015bl\u0105 o elektrycznych rowerach MTB. W trybie automatycznym system eShift samodzielnie zmienia prze\u0142o\u017cenia, dostosowuj\u0105c je do kadencji preferowanej przez u\u017cytkownika. System wykrywa nawet momenty, gdy jedziemy bez peda\u0142owania, aby okre\u015bli\u0107, czy pr\u0119dko\u015b\u0107 w tym czasie ro\u015bnie, czy maleje, a nast\u0119pnie wybra\u0107 prze\u0142o\u017cenie, kt\u00f3re umo\u017cliwi jak najp\u0142ynniejsze wznowienie peda\u0142owania.<\/p>\n<p>W rowerach elektrycznych nieustannie wdra\u017cane s\u0105 najnowocze\u015bniejsze technologie, dzi\u0119ki czemu jazda staje si\u0119 bardziej p\u0142ynna i intuicyjna, a kolarze maj\u0105 do dyspozycji coraz ciekawsze rozwi\u0105zania cyfrowe. Patrz\u0105c na innowacje, kt\u00f3re maj\u0105 pojawi\u0107 si\u0119 na rynku w 2025 r. i kolejnych latach, mo\u017cna bez cienia w\u0105tpliwo\u015bci stwierdzi\u0107, \u017ce e-rowery nie tylko ewoluuj\u0105, lecz tak\u017ce wyznaczaj\u0105 kierunek zmian, wprowadzaj\u0105c nas w now\u0105 er\u0119 inteligentnych, po\u0142\u0105czonych do\u015bwiadcze\u0144.<\/p>\n<p><a class=\"in-cell-link\" href=\"http:\/\/www.skoda-auto.pl\/\" target=\"_blank\" rel=\"noopener\">Artyku\u0142 powsta\u0142 we wsp\u00f3\u0142pracy ze skoda-auto.pl<\/a><\/p>\n<p><a href=\"https:\/\/d2p6e6u75xmxt8.cloudfront.net\/5\/2030\/11\/2.webp\"><img loading=\"lazy\" decoding=\"async\" class=\"size-full wp-image-13774 aligncenter\" src=\"https:\/\/d2p6e6u75xmxt8.cloudfront.net\/5\/2030\/11\/2.webp\" alt=\"\" width=\"640\" height=\"350\" srcset=\"https:\/\/d2p6e6u75xmxt8.cloudfront.net\/5\/2030\/11\/2.webp 640w, https:\/\/d2p6e6u75xmxt8.cloudfront.net\/5\/2030\/11\/2-300x164.webp 300w, https:\/\/d2p6e6u75xmxt8.cloudfront.net\/5\/2030\/11\/2-400x219.webp 400w\" sizes=\"auto, (max-width: 640px) 100vw, 640px\" \/><\/a><\/p>\n","protected":false},"excerpt":{"rendered":"<p>Rowery elektryczne ju\u017c dzi\u015b s\u0105 wyposa\u017cone w cyfrowe wy\u015bwietlacze, a wiele z nich umo\u017cliwia wymian\u0119 informacji z aplikacjami na smartfonach [&hellip;]<\/p>\n","protected":false},"author":187,"featured_media":15958,"comment_status":"open","ping_status":"open","sticky":false,"template":"","format":"standard","meta":{"footnotes":""},"categories":[371],"tags":[263,200,191,404,373],"global-categories":[303],"class_list":["post-15957","post","type-post","status-publish","format-standard","has-post-thumbnail","hentry","category-kultura-i-zycie-spoleczne","tag-e-bike","tag-rower-elektryczny","tag-skoda","tag-skodapolska","tag-zycie-spoleczne","global-categories-cycling"],"yoast_head":"<!-- This site is optimized with the Yoast SEO Premium plugin v25.3 (Yoast SEO v25.9) - https:\/\/yoast.com\/wordpress\/plugins\/seo\/ -->\n<title>Na rowerze elektrycznym w \u015bwiat przysz\u0142o\u015bci: cyfrowe innowacje planowane na 2025 r. - \u0160koda We Love Cycling - Poland<\/title>\n<meta name=\"robots\" content=\"index, follow, max-snippet:-1, max-image-preview:large, max-video-preview:-1\" \/>\n<link rel=\"canonical\" href=\"https:\/\/www.welovecycling.com\/pl\/2024\/11\/15\/na-rowerze-elektrycznym-w-swiat-przyszlosci-cyfrowe-innowacje-planowane-na-2025-r\/\" \/>\n<meta property=\"og:locale\" content=\"pl_PL\" \/>\n<meta property=\"og:type\" content=\"article\" \/>\n<meta property=\"og:title\" content=\"Na rowerze elektrycznym w \u015bwiat przysz\u0142o\u015bci: cyfrowe innowacje planowane na 2025 r.\" \/>\n<meta property=\"og:description\" content=\"Rowery elektryczne ju\u017c dzi\u015b s\u0105 wyposa\u017cone w cyfrowe wy\u015bwietlacze, a wiele z nich umo\u017cliwia wymian\u0119 informacji z aplikacjami na smartfonach [&hellip;]\" \/>\n<meta property=\"og:url\" content=\"https:\/\/www.welovecycling.com\/pl\/2024\/11\/15\/na-rowerze-elektrycznym-w-swiat-przyszlosci-cyfrowe-innowacje-planowane-na-2025-r\/\" \/>\n<meta property=\"og:site_name\" content=\"\u0160koda We Love Cycling - Poland\" \/>\n<meta property=\"article:published_time\" content=\"2024-11-15T08:21:57+00:00\" \/>\n<meta property=\"og:image\" content=\"https:\/\/d2p6e6u75xmxt8.cloudfront.net\/5\/2024\/11\/Pedal-into-the-Future_-E-Bikes-Go-Digital-in-2025-1.webp\" \/>\n\t<meta property=\"og:image:width\" content=\"990\" \/>\n\t<meta property=\"og:image:height\" content=\"660\" \/>\n\t<meta property=\"og:image:type\" content=\"image\/webp\" \/>\n<meta name=\"author\" content=\"konradbobrowski\" \/>\n<meta name=\"twitter:card\" content=\"summary_large_image\" \/>\n<meta name=\"twitter:label1\" content=\"Written by\" \/>\n\t<meta name=\"twitter:data1\" content=\"Adam Marsal\" \/>\n\t<meta name=\"twitter:label2\" content=\"Est. reading time\" \/>\n\t<meta name=\"twitter:data2\" content=\"5 minutes\" \/>\n<script type=\"application\/ld+json\" class=\"yoast-schema-graph\">{\"@context\":\"https:\/\/schema.org\",\"@graph\":[{\"@type\":\"WebPage\",\"@id\":\"https:\/\/www.welovecycling.com\/pl\/2024\/11\/15\/na-rowerze-elektrycznym-w-swiat-przyszlosci-cyfrowe-innowacje-planowane-na-2025-r\/\",\"url\":\"https:\/\/www.welovecycling.com\/pl\/2024\/11\/15\/na-rowerze-elektrycznym-w-swiat-przyszlosci-cyfrowe-innowacje-planowane-na-2025-r\/\",\"name\":\"Na rowerze elektrycznym w \u015bwiat przysz\u0142o\u015bci: cyfrowe innowacje planowane na 2025 r. - \u0160koda We Love Cycling - Poland\",\"isPartOf\":{\"@id\":\"https:\/\/www.welovecycling.com\/pl\/#website\"},\"primaryImageOfPage\":{\"@id\":\"https:\/\/www.welovecycling.com\/pl\/2024\/11\/15\/na-rowerze-elektrycznym-w-swiat-przyszlosci-cyfrowe-innowacje-planowane-na-2025-r\/#primaryimage\"},\"image\":{\"@id\":\"https:\/\/www.welovecycling.com\/pl\/2024\/11\/15\/na-rowerze-elektrycznym-w-swiat-przyszlosci-cyfrowe-innowacje-planowane-na-2025-r\/#primaryimage\"},\"thumbnailUrl\":\"https:\/\/d2p6e6u75xmxt8.cloudfront.net\/5\/2024\/11\/Pedal-into-the-Future_-E-Bikes-Go-Digital-in-2025-1.webp\",\"datePublished\":\"2024-11-15T08:21:57+00:00\",\"author\":{\"@id\":\"https:\/\/www.welovecycling.com\/pl\/#\/schema\/person\/e551e469d0b17f4e0b87f3f4fa8fc0f2\"},\"breadcrumb\":{\"@id\":\"https:\/\/www.welovecycling.com\/pl\/2024\/11\/15\/na-rowerze-elektrycznym-w-swiat-przyszlosci-cyfrowe-innowacje-planowane-na-2025-r\/#breadcrumb\"},\"inLanguage\":\"pl-PL\",\"potentialAction\":[{\"@type\":\"ReadAction\",\"target\":[\"https:\/\/www.welovecycling.com\/pl\/2024\/11\/15\/na-rowerze-elektrycznym-w-swiat-przyszlosci-cyfrowe-innowacje-planowane-na-2025-r\/\"]}]},{\"@type\":\"ImageObject\",\"inLanguage\":\"pl-PL\",\"@id\":\"https:\/\/www.welovecycling.com\/pl\/2024\/11\/15\/na-rowerze-elektrycznym-w-swiat-przyszlosci-cyfrowe-innowacje-planowane-na-2025-r\/#primaryimage\",\"url\":\"https:\/\/d2p6e6u75xmxt8.cloudfront.net\/5\/2024\/11\/Pedal-into-the-Future_-E-Bikes-Go-Digital-in-2025-1.webp\",\"contentUrl\":\"https:\/\/d2p6e6u75xmxt8.cloudfront.net\/5\/2024\/11\/Pedal-into-the-Future_-E-Bikes-Go-Digital-in-2025-1.webp\",\"width\":990,\"height\":660},{\"@type\":\"BreadcrumbList\",\"@id\":\"https:\/\/www.welovecycling.com\/pl\/2024\/11\/15\/na-rowerze-elektrycznym-w-swiat-przyszlosci-cyfrowe-innowacje-planowane-na-2025-r\/#breadcrumb\",\"itemListElement\":[{\"@type\":\"ListItem\",\"position\":1,\"name\":\"Home\",\"item\":\"https:\/\/www.welovecycling.com\/pl\/\"},{\"@type\":\"ListItem\",\"position\":2,\"name\":\"Na rowerze elektrycznym w \u015bwiat przysz\u0142o\u015bci: cyfrowe innowacje planowane na 2025 r.\"}]},{\"@type\":\"WebSite\",\"@id\":\"https:\/\/www.welovecycling.com\/pl\/#website\",\"url\":\"https:\/\/www.welovecycling.com\/pl\/\",\"name\":\"\u0160koda We Love Cycling - Poland\",\"description\":\"\",\"potentialAction\":[{\"@type\":\"SearchAction\",\"target\":{\"@type\":\"EntryPoint\",\"urlTemplate\":\"https:\/\/www.welovecycling.com\/pl\/?s={search_term_string}\"},\"query-input\":{\"@type\":\"PropertyValueSpecification\",\"valueRequired\":true,\"valueName\":\"search_term_string\"}}],\"inLanguage\":\"pl-PL\"},{\"@type\":\"Person\",\"@id\":\"https:\/\/www.welovecycling.com\/pl\/#\/schema\/person\/e551e469d0b17f4e0b87f3f4fa8fc0f2\",\"name\":\"konradbobrowski\",\"image\":{\"@type\":\"ImageObject\",\"inLanguage\":\"pl-PL\",\"@id\":\"https:\/\/www.welovecycling.com\/pl\/#\/schema\/person\/image\/\",\"url\":\"https:\/\/secure.gravatar.com\/avatar\/91ac5a8cb4a26d3b32dc77b5e6d46616cf6adf425879538f5e5d7e4ef2333a4c?s=96&d=mm&r=g\",\"contentUrl\":\"https:\/\/secure.gravatar.com\/avatar\/91ac5a8cb4a26d3b32dc77b5e6d46616cf6adf425879538f5e5d7e4ef2333a4c?s=96&d=mm&r=g\",\"caption\":\"konradbobrowski\"},\"url\":\"https:\/\/www.welovecycling.com\/pl\/author\/konradbobrowski\/\"}]}<\/script>\n<!-- \/ Yoast SEO Premium plugin. -->","yoast_head_json":{"title":"Na rowerze elektrycznym w \u015bwiat przysz\u0142o\u015bci: cyfrowe innowacje planowane na 2025 r. - \u0160koda We Love Cycling - Poland","robots":{"index":"index","follow":"follow","max-snippet":"max-snippet:-1","max-image-preview":"max-image-preview:large","max-video-preview":"max-video-preview:-1"},"canonical":"https:\/\/www.welovecycling.com\/pl\/2024\/11\/15\/na-rowerze-elektrycznym-w-swiat-przyszlosci-cyfrowe-innowacje-planowane-na-2025-r\/","og_locale":"pl_PL","og_type":"article","og_title":"Na rowerze elektrycznym w \u015bwiat przysz\u0142o\u015bci: cyfrowe innowacje planowane na 2025 r.","og_description":"Rowery elektryczne ju\u017c dzi\u015b s\u0105 wyposa\u017cone w cyfrowe wy\u015bwietlacze, a wiele z nich umo\u017cliwia wymian\u0119 informacji z aplikacjami na smartfonach [&hellip;]","og_url":"https:\/\/www.welovecycling.com\/pl\/2024\/11\/15\/na-rowerze-elektrycznym-w-swiat-przyszlosci-cyfrowe-innowacje-planowane-na-2025-r\/","og_site_name":"\u0160koda We Love Cycling - Poland","article_published_time":"2024-11-15T08:21:57+00:00","og_image":[{"width":990,"height":660,"url":"https:\/\/d2p6e6u75xmxt8.cloudfront.net\/5\/2024\/11\/Pedal-into-the-Future_-E-Bikes-Go-Digital-in-2025-1.webp","type":"image\/webp"}],"author":"konradbobrowski","twitter_card":"summary_large_image","twitter_misc":{"Written by":"Adam Marsal","Est. reading time":"5 minutes"},"schema":{"@context":"https:\/\/schema.org","@graph":[{"@type":"WebPage","@id":"https:\/\/www.welovecycling.com\/pl\/2024\/11\/15\/na-rowerze-elektrycznym-w-swiat-przyszlosci-cyfrowe-innowacje-planowane-na-2025-r\/","url":"https:\/\/www.welovecycling.com\/pl\/2024\/11\/15\/na-rowerze-elektrycznym-w-swiat-przyszlosci-cyfrowe-innowacje-planowane-na-2025-r\/","name":"Na rowerze elektrycznym w \u015bwiat przysz\u0142o\u015bci: cyfrowe innowacje planowane na 2025 r. - \u0160koda We Love Cycling - Poland","isPartOf":{"@id":"https:\/\/www.welovecycling.com\/pl\/#website"},"primaryImageOfPage":{"@id":"https:\/\/www.welovecycling.com\/pl\/2024\/11\/15\/na-rowerze-elektrycznym-w-swiat-przyszlosci-cyfrowe-innowacje-planowane-na-2025-r\/#primaryimage"},"image":{"@id":"https:\/\/www.welovecycling.com\/pl\/2024\/11\/15\/na-rowerze-elektrycznym-w-swiat-przyszlosci-cyfrowe-innowacje-planowane-na-2025-r\/#primaryimage"},"thumbnailUrl":"https:\/\/d2p6e6u75xmxt8.cloudfront.net\/5\/2024\/11\/Pedal-into-the-Future_-E-Bikes-Go-Digital-in-2025-1.webp","datePublished":"2024-11-15T08:21:57+00:00","author":{"@id":"https:\/\/www.welovecycling.com\/pl\/#\/schema\/person\/e551e469d0b17f4e0b87f3f4fa8fc0f2"},"breadcrumb":{"@id":"https:\/\/www.welovecycling.com\/pl\/2024\/11\/15\/na-rowerze-elektrycznym-w-swiat-przyszlosci-cyfrowe-innowacje-planowane-na-2025-r\/#breadcrumb"},"inLanguage":"pl-PL","potentialAction":[{"@type":"ReadAction","target":["https:\/\/www.welovecycling.com\/pl\/2024\/11\/15\/na-rowerze-elektrycznym-w-swiat-przyszlosci-cyfrowe-innowacje-planowane-na-2025-r\/"]}]},{"@type":"ImageObject","inLanguage":"pl-PL","@id":"https:\/\/www.welovecycling.com\/pl\/2024\/11\/15\/na-rowerze-elektrycznym-w-swiat-przyszlosci-cyfrowe-innowacje-planowane-na-2025-r\/#primaryimage","url":"https:\/\/d2p6e6u75xmxt8.cloudfront.net\/5\/2024\/11\/Pedal-into-the-Future_-E-Bikes-Go-Digital-in-2025-1.webp","contentUrl":"https:\/\/d2p6e6u75xmxt8.cloudfront.net\/5\/2024\/11\/Pedal-into-the-Future_-E-Bikes-Go-Digital-in-2025-1.webp","width":990,"height":660},{"@type":"BreadcrumbList","@id":"https:\/\/www.welovecycling.com\/pl\/2024\/11\/15\/na-rowerze-elektrycznym-w-swiat-przyszlosci-cyfrowe-innowacje-planowane-na-2025-r\/#breadcrumb","itemListElement":[{"@type":"ListItem","position":1,"name":"Home","item":"https:\/\/www.welovecycling.com\/pl\/"},{"@type":"ListItem","position":2,"name":"Na rowerze elektrycznym w \u015bwiat przysz\u0142o\u015bci: cyfrowe innowacje planowane na 2025 r."}]},{"@type":"WebSite","@id":"https:\/\/www.welovecycling.com\/pl\/#website","url":"https:\/\/www.welovecycling.com\/pl\/","name":"\u0160koda We Love Cycling - Poland","description":"","potentialAction":[{"@type":"SearchAction","target":{"@type":"EntryPoint","urlTemplate":"https:\/\/www.welovecycling.com\/pl\/?s={search_term_string}"},"query-input":{"@type":"PropertyValueSpecification","valueRequired":true,"valueName":"search_term_string"}}],"inLanguage":"pl-PL"},{"@type":"Person","@id":"https:\/\/www.welovecycling.com\/pl\/#\/schema\/person\/e551e469d0b17f4e0b87f3f4fa8fc0f2","name":"konradbobrowski","image":{"@type":"ImageObject","inLanguage":"pl-PL","@id":"https:\/\/www.welovecycling.com\/pl\/#\/schema\/person\/image\/","url":"https:\/\/secure.gravatar.com\/avatar\/91ac5a8cb4a26d3b32dc77b5e6d46616cf6adf425879538f5e5d7e4ef2333a4c?s=96&d=mm&r=g","contentUrl":"https:\/\/secure.gravatar.com\/avatar\/91ac5a8cb4a26d3b32dc77b5e6d46616cf6adf425879538f5e5d7e4ef2333a4c?s=96&d=mm&r=g","caption":"konradbobrowski"},"url":"https:\/\/www.welovecycling.com\/pl\/author\/konradbobrowski\/"}]}},"_links":{"self":[{"href":"https:\/\/www.welovecycling.com\/pl\/wp-json\/wp\/v2\/posts\/15957","targetHints":{"allow":["GET"]}}],"collection":[{"href":"https:\/\/www.welovecycling.com\/pl\/wp-json\/wp\/v2\/posts"}],"about":[{"href":"https:\/\/www.welovecycling.com\/pl\/wp-json\/wp\/v2\/types\/post"}],"author":[{"embeddable":true,"href":"https:\/\/www.welovecycling.com\/pl\/wp-json\/wp\/v2\/users\/187"}],"replies":[{"embeddable":true,"href":"https:\/\/www.welovecycling.com\/pl\/wp-json\/wp\/v2\/comments?post=15957"}],"version-history":[{"count":2,"href":"https:\/\/www.welovecycling.com\/pl\/wp-json\/wp\/v2\/posts\/15957\/revisions"}],"predecessor-version":[{"id":15961,"href":"https:\/\/www.welovecycling.com\/pl\/wp-json\/wp\/v2\/posts\/15957\/revisions\/15961"}],"wp:featuredmedia":[{"embeddable":true,"href":"https:\/\/www.welovecycling.com\/pl\/wp-json\/wp\/v2\/media\/15958"}],"wp:attachment":[{"href":"https:\/\/www.welovecycling.com\/pl\/wp-json\/wp\/v2\/media?parent=15957"}],"wp:term":[{"taxonomy":"category","embeddable":true,"href":"https:\/\/www.welovecycling.com\/pl\/wp-json\/wp\/v2\/categories?post=15957"},{"taxonomy":"post_tag","embeddable":true,"href":"https:\/\/www.welovecycling.com\/pl\/wp-json\/wp\/v2\/tags?post=15957"},{"taxonomy":"global-categories","embeddable":true,"href":"https:\/\/www.welovecycling.com\/pl\/wp-json\/wp\/v2\/global-categories?post=15957"}],"curies":[{"name":"wp","href":"https:\/\/api.w.org\/{rel}","templated":true}]}}