{"id":15949,"date":"2024-11-04T15:12:00","date_gmt":"2024-11-04T15:12:00","guid":{"rendered":"https:\/\/www.welovecycling.com\/pl\/?p=15949"},"modified":"2024-11-04T15:12:00","modified_gmt":"2024-11-04T15:12:00","slug":"karty-odkryte-tak-bedzie-wygladal-najwiekszy-wyscig-swiata","status":"publish","type":"post","link":"https:\/\/www.welovecycling.com\/pl\/2024\/11\/04\/karty-odkryte-tak-bedzie-wygladal-najwiekszy-wyscig-swiata\/","title":{"rendered":"Karty odkryte! Tak b\u0119dzie wygl\u0105da\u0142 najwi\u0119kszy wy\u015bcig \u015bwiata"},"content":{"rendered":"<p><strong>3320 km, sze\u015b\u0107 etap\u00f3w g\u00f3rskich, dwie \u201eczas\u00f3wki\u201d i niezmierzona ilo\u015b\u0107 emocji. Zaprezentowano w\u0142a\u015bnie tras\u0119 Tour de France 2025, wi\u0119c oficjalnie mo\u017cna rozpocz\u0105\u0107 odliczanie do najwi\u0119kszej kolarskiej imprezy na \u015bwiecie. Start 5 lipca w Lille, meta 27 lipca w Pary\u017cu. Z kolei Tour de France Femmes avec Zwift zacznie si\u0119 26 lipca, a zako\u0144czy 3 sierpnia.<\/strong><\/p>\n<p>To wydarzenie, kt\u00f3re cho\u0107 na chwil\u0119 pozwala zapomnie\u0107 fanom kolarstwa, \u017ce sezon si\u0119 zako\u0144czy\u0142, a na kolejne wy\u015bcigi b\u0119d\u0119 musieli poczeka\u0107 kilka d\u0142ugich zimowych miesi\u0119cy. Podczas gali w Pa\u0142acu Kongresowym w Pary\u017cu zaprezentowano tras\u0119 Tour de France 2025.<\/p>\n<p><a href=\"https:\/\/x.com\/LeTour\/status\/1851222818844799342\">https:\/\/x.com\/LeTour\/status\/1851222818844799342<\/a><\/p>\n<h2><strong>\u201eZapowiada si\u0119 mordercza jazda\u201d<\/strong><\/h2>\n<p>Koniec spekulacji, karty odkryte, wi\u0119c mo\u017cna powoli snu\u0107 plany na najwa\u017cniejszy wy\u015bcig w kolejnym sezonie. A jest si\u0119 nad czym zastanawia\u0107, bo w przysz\u0142ym roku zar\u00f3wno wy\u015bcig pa\u0144, jak i pan\u00f3w zapowiada si\u0119 bardzo ciekawie.<\/p>\n<p><a href=\"https:\/\/x.com\/UCI_cycling\/status\/1851264730674946302\">https:\/\/x.com\/UCI_cycling\/status\/1851264730674946302<\/a><\/p>\n<p>W przysz\u0142ym roku Wielka P\u0119tla nie wyje\u017cd\u017ca poza Francj\u0119, a zaczyna si\u0119 na p\u00f3\u0142nocy \u2013 w Lille. Rywalizacja b\u0119dzie rozkr\u0119ca\u0142a si\u0119 na etapach p\u0142askich i pag\u00f3rkowatych, a pi\u0105tego dnia organizatorzy zaserwowali zawodnikom jazd\u0119 na czas.<\/p>\n<p>Nowo\u015bci\u0105 b\u0119dzie wyj\u0105tkowo d\u0142ugie oczekiwanie na dzie\u0144 przerwy, bo na og\u00f3\u0142 kolarze mieli j\u0105 po tygodniu \u015bcigania, a teraz na odpoczynek b\u0119d\u0105 musieli czeka\u0107 a\u017c 10 dni. I odpoczywa\u0107 b\u0119d\u0119 mieli po czym, bo dzie\u0144 wcze\u015bniej zmierz\u0105 si\u0119 z pierwszym g\u00f3rskim etapem \u2013 163-kilometrow\u0105 jazd\u0105 z Ennezat do Mont-Dore.<\/p>\n<lite-youtube videoid=-5NKLTugga8 params=\"enablejsapi=1\" style=\"background-image: url('https:\/\/i.ytimg.com\/vi_webp\/-5NKLTugga8\/maxresdefault.webp');\"><\/lite-youtube>\n<p>Walka na dobre rozkr\u0119ci si\u0119 po przerwie. W kolejnych dniach zaplanowano a\u017c trzy etapy g\u00f3rskie, w tym jeden nietypowy, poniewa\u017c b\u0119dzie to jazda na czas. Zawodnicy zmierz\u0105 si\u0119 na 11-kilometrowej trasie z Loudenvielle do Peyragudes.<\/p>\n<p>Wszystko rozstrzygnie si\u0119 jednak w dniach 22 \u2013 27 lipca. Jeden etap p\u0142aski, jeden pag\u00f3rkowaty i a\u017c trzy g\u00f3rskie zdecyduj\u0105, kto na Pola Elizejskie wjedzie w \u017c\u00f3\u0142tej koszulce lidera.<\/p>\n<p><a href=\"https:\/\/x.com\/Mantes_la_Ville\/status\/1851263219811164553\">https:\/\/x.com\/Mantes_la_Ville\/status\/1851263219811164553<\/a><\/p>\n<p>&#8211; Trasa wygl\u0105da na do\u015b\u0107 m\u0119cz\u0105c\u0105. Zaczyna si\u0119 od d\u0142ugiego \u201epierwszego tygodnia\u201d na p\u00f3\u0142nocy Francji. Tam b\u0119dzie interesuj\u0105co, poniewa\u017c zaplanowano trudne etapy, do tego jest te\u017c 33-kilometrowa jazda na czas. Nast\u0119pnie przejedziemy przez Francj\u0119 w kierunku Pirenej\u00f3w, z pierwszym dniem odpoczynku w Tuluzie, zanim zaatakujemy kilka ciekawych etap\u00f3w. Szczeg\u00f3lnie podoba mi si\u0119 jazda w Peyragudes, bo nigdy wcze\u015bniej nie wyje\u017cd\u017ca\u0142em tam na czas. No i p\u00f3\u017aniej Alpy, a tam zawsze jest ci\u0119\u017cko. Zapowiada si\u0119 mordercza jazda \u2013 ocenia tras\u0119 na \u0142amach \u201eL&#8217;Equipe\u201d Tadej Pogacar (UAE Team Emirates), tegoroczny zwyci\u0119zca Wielkiej P\u0119tli.<\/p>\n<h2><strong>Wielki cel Katarzyny Niewiadomej<\/strong><\/h2>\n<p>Panie na starcie Tour de France Femmes 2025 stan\u0105 dzie\u0144 przed tym, gdy panowie zjawi\u0105 si\u0119 na Polach Elizejskich. Do przejechania b\u0119d\u0105 mia\u0142y 1165 km, podzielonych na dziewi\u0119\u0107 etap\u00f3w.<\/p>\n<p><a href=\"https:\/\/x.com\/LeTourFemmes\/status\/1851212143099588923\">https:\/\/x.com\/LeTourFemmes\/status\/1851212143099588923<\/a><\/p>\n<p>Rywalizacja zacznie si\u0119 p\u0142askim i pag\u00f3rkowatym \u015bciganiem w Bretanii, ale druga cz\u0119\u015b\u0107 wy\u015bcigu b\u0119dzie ju\u017c zdominowana przez g\u00f3ry. Trzy etapy g\u00f3rskie oraz dwa nieco \u0142atwiejsze wy\u0142oni\u0105 zwyci\u0119zc\u0119 Tour de France 2025 Femmes.<\/p>\n<p>Poprzedni wy\u015bcig w \u017c\u00f3\u0142tej koszulce zako\u0144czy\u0142a Katarzyna Niewiadoma (Canyon\/\/SRAM), kt\u00f3ra ju\u017c zapowiada, \u017ce chce zosta\u0107 pierwsz\u0105 zawodniczk\u0105, kt\u00f3rej uda si\u0119 obroni\u0107 zwyci\u0119stwo w Wielkiej P\u0119tli.<\/p>\n<p>&#8211; To m\u00f3j wielki cel \u2013 nie kryje Polka w rozmowie z Cyclingnews. &#8211; Trasa Tour de France 2025 jest bardzo r\u00f3\u017cnorodna, a m\u00f3j zesp\u00f3\u0142 w zdobycie \u017c\u00f3\u0142tej koszulki mo\u017ce celowa\u0107 ju\u017c na pierwszym etapie. Co prawda my\u015bla\u0142am, \u017ce etapy b\u0119d\u0105 d\u0142u\u017csze i trudniejsze, ale zamiast tego otrzyma\u0142y\u015bmy mieszank\u0119. Og\u00f3lnie jednak rzec ujmuj\u0105c \u2013 ta trasa mi si\u0119 podoba \u2013 dodaje Niewiadoma.<\/p>\n<p><a class=\"in-cell-link\" href=\"http:\/\/www.skoda-auto.pl\/\" target=\"_blank\" rel=\"noopener\">Artyku\u0142 powsta\u0142 we wsp\u00f3\u0142pracy ze skoda-auto.pl<\/a><\/p>\n<p><a href=\"https:\/\/d2p6e6u75xmxt8.cloudfront.net\/5\/2030\/11\/1.webp\"><img loading=\"lazy\" decoding=\"async\" class=\"size-full wp-image-13777 aligncenter\" src=\"https:\/\/d2p6e6u75xmxt8.cloudfront.net\/5\/2030\/11\/1.webp\" alt=\"\" width=\"640\" height=\"350\" srcset=\"https:\/\/d2p6e6u75xmxt8.cloudfront.net\/5\/2030\/11\/1.webp 640w, https:\/\/d2p6e6u75xmxt8.cloudfront.net\/5\/2030\/11\/1-300x164.webp 300w, https:\/\/d2p6e6u75xmxt8.cloudfront.net\/5\/2030\/11\/1-400x219.webp 400w\" sizes=\"auto, (max-width: 640px) 100vw, 640px\" \/><\/a><\/p>\n","protected":false},"excerpt":{"rendered":"<p>3320 km, sze\u015b\u0107 etap\u00f3w g\u00f3rskich, dwie \u201eczas\u00f3wki\u201d i niezmierzona ilo\u015b\u0107 emocji. Zaprezentowano w\u0142a\u015bnie tras\u0119 Tour de France 2025, wi\u0119c oficjalnie [&hellip;]<\/p>\n","protected":false},"author":187,"featured_media":15950,"comment_status":"open","ping_status":"open","sticky":false,"template":"","format":"standard","meta":{"footnotes":""},"categories":[6],"tags":[151,191,404,77,406],"global-categories":[303],"class_list":["post-15949","post","type-post","status-publish","format-standard","has-post-thumbnail","hentry","category-kolarstwo-szosowe","tag-kolarstwo-szosowe","tag-skoda","tag-skodapolska","tag-tour-de-france","tag-tour-de-france-femmes","global-categories-cycling"],"yoast_head":"<!-- This site is optimized with the Yoast SEO Premium plugin v25.3 (Yoast SEO v25.9) - https:\/\/yoast.com\/wordpress\/plugins\/seo\/ -->\n<title>Karty odkryte! Tak b\u0119dzie wygl\u0105da\u0142 najwi\u0119kszy wy\u015bcig \u015bwiata - \u0160koda We Love Cycling - Poland<\/title>\n<meta name=\"robots\" content=\"index, follow, max-snippet:-1, max-image-preview:large, max-video-preview:-1\" \/>\n<link rel=\"canonical\" href=\"https:\/\/www.welovecycling.com\/pl\/2024\/11\/04\/karty-odkryte-tak-bedzie-wygladal-najwiekszy-wyscig-swiata\/\" \/>\n<meta property=\"og:locale\" content=\"pl_PL\" \/>\n<meta property=\"og:type\" content=\"article\" \/>\n<meta property=\"og:title\" content=\"Karty odkryte! Tak b\u0119dzie wygl\u0105da\u0142 najwi\u0119kszy wy\u015bcig \u015bwiata\" \/>\n<meta property=\"og:description\" content=\"3320 km, sze\u015b\u0107 etap\u00f3w g\u00f3rskich, dwie \u201eczas\u00f3wki\u201d i niezmierzona ilo\u015b\u0107 emocji. Zaprezentowano w\u0142a\u015bnie tras\u0119 Tour de France 2025, wi\u0119c oficjalnie [&hellip;]\" \/>\n<meta property=\"og:url\" content=\"https:\/\/www.welovecycling.com\/pl\/2024\/11\/04\/karty-odkryte-tak-bedzie-wygladal-najwiekszy-wyscig-swiata\/\" \/>\n<meta property=\"og:site_name\" content=\"\u0160koda We Love Cycling - Poland\" \/>\n<meta property=\"article:published_time\" content=\"2024-11-04T15:12:00+00:00\" \/>\n<meta property=\"og:image\" content=\"https:\/\/d2p6e6u75xmxt8.cloudfront.net\/5\/2024\/11\/First-Strike_-UCIs-Yellow-Card-System-Launched-at-Tour-de-France-Femmes-avec-Zwift-2024-1.webp\" \/>\n\t<meta property=\"og:image:width\" content=\"990\" \/>\n\t<meta property=\"og:image:height\" content=\"660\" \/>\n\t<meta property=\"og:image:type\" content=\"image\/webp\" \/>\n<meta name=\"author\" content=\"konradbobrowski\" \/>\n<meta name=\"twitter:card\" content=\"summary_large_image\" \/>\n<meta name=\"twitter:label1\" content=\"Written by\" \/>\n\t<meta name=\"twitter:data1\" content=\"Piotr Nowik\" \/>\n\t<meta name=\"twitter:label2\" content=\"Est. reading time\" \/>\n\t<meta name=\"twitter:data2\" content=\"3\" \/>\n<script type=\"application\/ld+json\" class=\"yoast-schema-graph\">{\"@context\":\"https:\/\/schema.org\",\"@graph\":[{\"@type\":\"WebPage\",\"@id\":\"https:\/\/www.welovecycling.com\/pl\/2024\/11\/04\/karty-odkryte-tak-bedzie-wygladal-najwiekszy-wyscig-swiata\/\",\"url\":\"https:\/\/www.welovecycling.com\/pl\/2024\/11\/04\/karty-odkryte-tak-bedzie-wygladal-najwiekszy-wyscig-swiata\/\",\"name\":\"Karty odkryte! Tak b\u0119dzie wygl\u0105da\u0142 najwi\u0119kszy wy\u015bcig \u015bwiata - \u0160koda We Love Cycling - Poland\",\"isPartOf\":{\"@id\":\"https:\/\/www.welovecycling.com\/pl\/#website\"},\"primaryImageOfPage\":{\"@id\":\"https:\/\/www.welovecycling.com\/pl\/2024\/11\/04\/karty-odkryte-tak-bedzie-wygladal-najwiekszy-wyscig-swiata\/#primaryimage\"},\"image\":{\"@id\":\"https:\/\/www.welovecycling.com\/pl\/2024\/11\/04\/karty-odkryte-tak-bedzie-wygladal-najwiekszy-wyscig-swiata\/#primaryimage\"},\"thumbnailUrl\":\"https:\/\/d2p6e6u75xmxt8.cloudfront.net\/5\/2024\/11\/First-Strike_-UCIs-Yellow-Card-System-Launched-at-Tour-de-France-Femmes-avec-Zwift-2024-1.webp\",\"datePublished\":\"2024-11-04T15:12:00+00:00\",\"author\":{\"@id\":\"https:\/\/www.welovecycling.com\/pl\/#\/schema\/person\/e551e469d0b17f4e0b87f3f4fa8fc0f2\"},\"breadcrumb\":{\"@id\":\"https:\/\/www.welovecycling.com\/pl\/2024\/11\/04\/karty-odkryte-tak-bedzie-wygladal-najwiekszy-wyscig-swiata\/#breadcrumb\"},\"inLanguage\":\"pl-PL\",\"potentialAction\":[{\"@type\":\"ReadAction\",\"target\":[\"https:\/\/www.welovecycling.com\/pl\/2024\/11\/04\/karty-odkryte-tak-bedzie-wygladal-najwiekszy-wyscig-swiata\/\"]}]},{\"@type\":\"ImageObject\",\"inLanguage\":\"pl-PL\",\"@id\":\"https:\/\/www.welovecycling.com\/pl\/2024\/11\/04\/karty-odkryte-tak-bedzie-wygladal-najwiekszy-wyscig-swiata\/#primaryimage\",\"url\":\"https:\/\/d2p6e6u75xmxt8.cloudfront.net\/5\/2024\/11\/First-Strike_-UCIs-Yellow-Card-System-Launched-at-Tour-de-France-Femmes-avec-Zwift-2024-1.webp\",\"contentUrl\":\"https:\/\/d2p6e6u75xmxt8.cloudfront.net\/5\/2024\/11\/First-Strike_-UCIs-Yellow-Card-System-Launched-at-Tour-de-France-Femmes-avec-Zwift-2024-1.webp\",\"width\":990,\"height\":660},{\"@type\":\"BreadcrumbList\",\"@id\":\"https:\/\/www.welovecycling.com\/pl\/2024\/11\/04\/karty-odkryte-tak-bedzie-wygladal-najwiekszy-wyscig-swiata\/#breadcrumb\",\"itemListElement\":[{\"@type\":\"ListItem\",\"position\":1,\"name\":\"Home\",\"item\":\"https:\/\/www.welovecycling.com\/pl\/\"},{\"@type\":\"ListItem\",\"position\":2,\"name\":\"Karty odkryte! Tak b\u0119dzie wygl\u0105da\u0142 najwi\u0119kszy wy\u015bcig \u015bwiata\"}]},{\"@type\":\"WebSite\",\"@id\":\"https:\/\/www.welovecycling.com\/pl\/#website\",\"url\":\"https:\/\/www.welovecycling.com\/pl\/\",\"name\":\"\u0160koda We Love Cycling - Poland\",\"description\":\"\",\"potentialAction\":[{\"@type\":\"SearchAction\",\"target\":{\"@type\":\"EntryPoint\",\"urlTemplate\":\"https:\/\/www.welovecycling.com\/pl\/?s={search_term_string}\"},\"query-input\":{\"@type\":\"PropertyValueSpecification\",\"valueRequired\":true,\"valueName\":\"search_term_string\"}}],\"inLanguage\":\"pl-PL\"},{\"@type\":\"Person\",\"@id\":\"https:\/\/www.welovecycling.com\/pl\/#\/schema\/person\/e551e469d0b17f4e0b87f3f4fa8fc0f2\",\"name\":\"konradbobrowski\",\"image\":{\"@type\":\"ImageObject\",\"inLanguage\":\"pl-PL\",\"@id\":\"https:\/\/www.welovecycling.com\/pl\/#\/schema\/person\/image\/\",\"url\":\"https:\/\/secure.gravatar.com\/avatar\/91ac5a8cb4a26d3b32dc77b5e6d46616cf6adf425879538f5e5d7e4ef2333a4c?s=96&d=mm&r=g\",\"contentUrl\":\"https:\/\/secure.gravatar.com\/avatar\/91ac5a8cb4a26d3b32dc77b5e6d46616cf6adf425879538f5e5d7e4ef2333a4c?s=96&d=mm&r=g\",\"caption\":\"konradbobrowski\"},\"url\":\"https:\/\/www.welovecycling.com\/pl\/author\/konradbobrowski\/\"}]}<\/script>\n<!-- \/ Yoast SEO Premium plugin. -->","yoast_head_json":{"title":"Karty odkryte! Tak b\u0119dzie wygl\u0105da\u0142 najwi\u0119kszy wy\u015bcig \u015bwiata - \u0160koda We Love Cycling - Poland","robots":{"index":"index","follow":"follow","max-snippet":"max-snippet:-1","max-image-preview":"max-image-preview:large","max-video-preview":"max-video-preview:-1"},"canonical":"https:\/\/www.welovecycling.com\/pl\/2024\/11\/04\/karty-odkryte-tak-bedzie-wygladal-najwiekszy-wyscig-swiata\/","og_locale":"pl_PL","og_type":"article","og_title":"Karty odkryte! Tak b\u0119dzie wygl\u0105da\u0142 najwi\u0119kszy wy\u015bcig \u015bwiata","og_description":"3320 km, sze\u015b\u0107 etap\u00f3w g\u00f3rskich, dwie \u201eczas\u00f3wki\u201d i niezmierzona ilo\u015b\u0107 emocji. Zaprezentowano w\u0142a\u015bnie tras\u0119 Tour de France 2025, wi\u0119c oficjalnie [&hellip;]","og_url":"https:\/\/www.welovecycling.com\/pl\/2024\/11\/04\/karty-odkryte-tak-bedzie-wygladal-najwiekszy-wyscig-swiata\/","og_site_name":"\u0160koda We Love Cycling - Poland","article_published_time":"2024-11-04T15:12:00+00:00","og_image":[{"width":990,"height":660,"url":"https:\/\/d2p6e6u75xmxt8.cloudfront.net\/5\/2024\/11\/First-Strike_-UCIs-Yellow-Card-System-Launched-at-Tour-de-France-Femmes-avec-Zwift-2024-1.webp","type":"image\/webp"}],"author":"konradbobrowski","twitter_card":"summary_large_image","twitter_misc":{"Written by":"Piotr Nowik","Est. reading time":"3"},"schema":{"@context":"https:\/\/schema.org","@graph":[{"@type":"WebPage","@id":"https:\/\/www.welovecycling.com\/pl\/2024\/11\/04\/karty-odkryte-tak-bedzie-wygladal-najwiekszy-wyscig-swiata\/","url":"https:\/\/www.welovecycling.com\/pl\/2024\/11\/04\/karty-odkryte-tak-bedzie-wygladal-najwiekszy-wyscig-swiata\/","name":"Karty odkryte! Tak b\u0119dzie wygl\u0105da\u0142 najwi\u0119kszy wy\u015bcig \u015bwiata - \u0160koda We Love Cycling - Poland","isPartOf":{"@id":"https:\/\/www.welovecycling.com\/pl\/#website"},"primaryImageOfPage":{"@id":"https:\/\/www.welovecycling.com\/pl\/2024\/11\/04\/karty-odkryte-tak-bedzie-wygladal-najwiekszy-wyscig-swiata\/#primaryimage"},"image":{"@id":"https:\/\/www.welovecycling.com\/pl\/2024\/11\/04\/karty-odkryte-tak-bedzie-wygladal-najwiekszy-wyscig-swiata\/#primaryimage"},"thumbnailUrl":"https:\/\/d2p6e6u75xmxt8.cloudfront.net\/5\/2024\/11\/First-Strike_-UCIs-Yellow-Card-System-Launched-at-Tour-de-France-Femmes-avec-Zwift-2024-1.webp","datePublished":"2024-11-04T15:12:00+00:00","author":{"@id":"https:\/\/www.welovecycling.com\/pl\/#\/schema\/person\/e551e469d0b17f4e0b87f3f4fa8fc0f2"},"breadcrumb":{"@id":"https:\/\/www.welovecycling.com\/pl\/2024\/11\/04\/karty-odkryte-tak-bedzie-wygladal-najwiekszy-wyscig-swiata\/#breadcrumb"},"inLanguage":"pl-PL","potentialAction":[{"@type":"ReadAction","target":["https:\/\/www.welovecycling.com\/pl\/2024\/11\/04\/karty-odkryte-tak-bedzie-wygladal-najwiekszy-wyscig-swiata\/"]}]},{"@type":"ImageObject","inLanguage":"pl-PL","@id":"https:\/\/www.welovecycling.com\/pl\/2024\/11\/04\/karty-odkryte-tak-bedzie-wygladal-najwiekszy-wyscig-swiata\/#primaryimage","url":"https:\/\/d2p6e6u75xmxt8.cloudfront.net\/5\/2024\/11\/First-Strike_-UCIs-Yellow-Card-System-Launched-at-Tour-de-France-Femmes-avec-Zwift-2024-1.webp","contentUrl":"https:\/\/d2p6e6u75xmxt8.cloudfront.net\/5\/2024\/11\/First-Strike_-UCIs-Yellow-Card-System-Launched-at-Tour-de-France-Femmes-avec-Zwift-2024-1.webp","width":990,"height":660},{"@type":"BreadcrumbList","@id":"https:\/\/www.welovecycling.com\/pl\/2024\/11\/04\/karty-odkryte-tak-bedzie-wygladal-najwiekszy-wyscig-swiata\/#breadcrumb","itemListElement":[{"@type":"ListItem","position":1,"name":"Home","item":"https:\/\/www.welovecycling.com\/pl\/"},{"@type":"ListItem","position":2,"name":"Karty odkryte! Tak b\u0119dzie wygl\u0105da\u0142 najwi\u0119kszy wy\u015bcig \u015bwiata"}]},{"@type":"WebSite","@id":"https:\/\/www.welovecycling.com\/pl\/#website","url":"https:\/\/www.welovecycling.com\/pl\/","name":"\u0160koda We Love Cycling - Poland","description":"","potentialAction":[{"@type":"SearchAction","target":{"@type":"EntryPoint","urlTemplate":"https:\/\/www.welovecycling.com\/pl\/?s={search_term_string}"},"query-input":{"@type":"PropertyValueSpecification","valueRequired":true,"valueName":"search_term_string"}}],"inLanguage":"pl-PL"},{"@type":"Person","@id":"https:\/\/www.welovecycling.com\/pl\/#\/schema\/person\/e551e469d0b17f4e0b87f3f4fa8fc0f2","name":"konradbobrowski","image":{"@type":"ImageObject","inLanguage":"pl-PL","@id":"https:\/\/www.welovecycling.com\/pl\/#\/schema\/person\/image\/","url":"https:\/\/secure.gravatar.com\/avatar\/91ac5a8cb4a26d3b32dc77b5e6d46616cf6adf425879538f5e5d7e4ef2333a4c?s=96&d=mm&r=g","contentUrl":"https:\/\/secure.gravatar.com\/avatar\/91ac5a8cb4a26d3b32dc77b5e6d46616cf6adf425879538f5e5d7e4ef2333a4c?s=96&d=mm&r=g","caption":"konradbobrowski"},"url":"https:\/\/www.welovecycling.com\/pl\/author\/konradbobrowski\/"}]}},"_links":{"self":[{"href":"https:\/\/www.welovecycling.com\/pl\/wp-json\/wp\/v2\/posts\/15949","targetHints":{"allow":["GET"]}}],"collection":[{"href":"https:\/\/www.welovecycling.com\/pl\/wp-json\/wp\/v2\/posts"}],"about":[{"href":"https:\/\/www.welovecycling.com\/pl\/wp-json\/wp\/v2\/types\/post"}],"author":[{"embeddable":true,"href":"https:\/\/www.welovecycling.com\/pl\/wp-json\/wp\/v2\/users\/187"}],"replies":[{"embeddable":true,"href":"https:\/\/www.welovecycling.com\/pl\/wp-json\/wp\/v2\/comments?post=15949"}],"version-history":[{"count":1,"href":"https:\/\/www.welovecycling.com\/pl\/wp-json\/wp\/v2\/posts\/15949\/revisions"}],"predecessor-version":[{"id":15951,"href":"https:\/\/www.welovecycling.com\/pl\/wp-json\/wp\/v2\/posts\/15949\/revisions\/15951"}],"wp:featuredmedia":[{"embeddable":true,"href":"https:\/\/www.welovecycling.com\/pl\/wp-json\/wp\/v2\/media\/15950"}],"wp:attachment":[{"href":"https:\/\/www.welovecycling.com\/pl\/wp-json\/wp\/v2\/media?parent=15949"}],"wp:term":[{"taxonomy":"category","embeddable":true,"href":"https:\/\/www.welovecycling.com\/pl\/wp-json\/wp\/v2\/categories?post=15949"},{"taxonomy":"post_tag","embeddable":true,"href":"https:\/\/www.welovecycling.com\/pl\/wp-json\/wp\/v2\/tags?post=15949"},{"taxonomy":"global-categories","embeddable":true,"href":"https:\/\/www.welovecycling.com\/pl\/wp-json\/wp\/v2\/global-categories?post=15949"}],"curies":[{"name":"wp","href":"https:\/\/api.w.org\/{rel}","templated":true}]}}