{"id":15942,"date":"2024-10-25T08:49:54","date_gmt":"2024-10-25T08:49:54","guid":{"rendered":"https:\/\/www.welovecycling.com\/pl\/?p=15942"},"modified":"2024-10-25T08:49:54","modified_gmt":"2024-10-25T08:49:54","slug":"8-najlepszych-podjazdow-w-hiszpanii-na-twoje-nastepne-wakacje-na-rowerze","status":"publish","type":"post","link":"https:\/\/www.welovecycling.com\/pl\/2024\/10\/25\/8-najlepszych-podjazdow-w-hiszpanii-na-twoje-nastepne-wakacje-na-rowerze\/","title":{"rendered":"8 najlepszych podjazd\u00f3w w Hiszpanii na Twoje nast\u0119pne wakacje na rowerze"},"content":{"rendered":"<p><strong>Zr\u00f3\u017cnicowany krajobraz i umiarkowany klimat Hiszpanii sprawiaj\u0105, \u017ce jest to prawdziwy raj dla kolarzy. Odbywaj\u0105 si\u0119 tam trzy wy\u015bcigi etapowe z cyklu World Tour (Vuelta a\u00a0Espa\u00f1a, Vuelta al Pa\u00eds Vasco i Volta Ciclista a Catalunya), a tak\u017ce jednodniowy wy\u015bcig Cl\u00e1sica de San Sebasti\u00e1n. Hiszpania oferuje wiele atrakcyjnych podjazd\u00f3w, kt\u00f3re spe\u0142ni\u0105 oczekiwania ka\u017cdego \u2013 zar\u00f3wno zaprawionych kolarzy spragnionych kolejnych wyzwa\u0144, jak i mniej do\u015bwiadczonych rowerzyst\u00f3w poszukuj\u0105cych malowniczych tras. Poni\u017cej przedstawiamy przewodnik po najbardziej spektakularnych podjazdach, z kt\u00f3rymi mo\u017cna si\u0119 zmierzy\u0107 podczas wakacji na rowerze w Hiszpanii \u2013\u00a0od\u00a0wspinaczek w stromych g\u00f3rach Sierra Nevada po trasy w regionie Costa Brava, kt\u00f3re gwarantuj\u0105 zapieraj\u0105ce dech w piersiach widoki.<\/strong><\/p>\n<h2><strong>Puerto de las Palomas \u2013 Sierra de Grazalema<\/strong><\/h2>\n<p>Podjazd Puerto de las Palomas biegnie przez urzekaj\u0105ce g\u00f3ry Grazalema. To obowi\u0105zkowa trasa dla ka\u017cdego rowerzysty odwiedzaj\u0105cego po\u0142udniow\u0105 Hiszpani\u0119. Wspinaczka s\u0142ynie ze stromych wzniesie\u0144 i pi\u0119knych widok\u00f3w. Rozpoczyna si\u0119 w pobli\u017cu malowniczego zbiornika Zahara-El Gastor, a\u00a0nast\u0119pnie wiedzie przez seri\u0119 tzw. agrafek, czyli bardzo ostrych zakr\u0119t\u00f3w. Podczas jazdy mo\u017cna podziwia\u0107 zar\u00f3wno turkusow\u0105 wod\u0119, jak i otaczaj\u0105ce j\u0105 g\u00f3ry. Nachylenie na trasie wynosi oko\u0142o 7%, co sprawia, \u017ce jest ona stosunkowo przyst\u0119pna, a zarazem stanowi satysfakcjonuj\u0105ce wyzwanie. Co wi\u0119cej, podjazd Puerto de las Palomas by\u0142 cz\u0119\u015bci\u0105 8. etapu wy\u015bcigu La Vuelta w 2024 roku (jako wspinaczka drugiej kategorii).<\/p>\n<h2><span style=\"font-size: 18pt;\"><strong>Pico Veleta \u2013 Sierra Nevada<\/strong><\/span><\/h2>\n<figure id=\"attachment_15945\" aria-describedby=\"caption-attachment-15945\" style=\"width: 900px\" class=\"wp-caption alignnone\"><a href=\"https:\/\/d2p6e6u75xmxt8.cloudfront.net\/5\/2024\/10\/pico-de-veleta-2-profimedia-0296163867-CVR.webp\"><img loading=\"lazy\" decoding=\"async\" class=\"wp-image-15945 size-full\" src=\"https:\/\/d2p6e6u75xmxt8.cloudfront.net\/5\/2024\/10\/pico-de-veleta-2-profimedia-0296163867-CVR.webp\" alt=\"\" width=\"900\" height=\"600\" srcset=\"https:\/\/d2p6e6u75xmxt8.cloudfront.net\/5\/2024\/10\/pico-de-veleta-2-profimedia-0296163867-CVR.webp 900w, https:\/\/d2p6e6u75xmxt8.cloudfront.net\/5\/2024\/10\/pico-de-veleta-2-profimedia-0296163867-CVR-300x200.webp 300w, https:\/\/d2p6e6u75xmxt8.cloudfront.net\/5\/2024\/10\/pico-de-veleta-2-profimedia-0296163867-CVR-768x512.webp 768w, https:\/\/d2p6e6u75xmxt8.cloudfront.net\/5\/2024\/10\/pico-de-veleta-2-profimedia-0296163867-CVR-400x267.webp 400w, https:\/\/d2p6e6u75xmxt8.cloudfront.net\/5\/2024\/10\/pico-de-veleta-2-profimedia-0296163867-CVR-272x182.webp 272w\" sizes=\"auto, (max-width: 900px) 100vw, 900px\" \/><\/a><figcaption id=\"caption-attachment-15945\" class=\"wp-caption-text\">Ka\u017cdy \u015bmia\u0142ek, kt\u00f3ry zdecyduje si\u0119 pokona\u0107 podjazd Pico Veleta, powinien psychicznie przygotowa\u0107 si\u0119 na to wyzwanie. \u00a9 Profimedia<\/figcaption><\/figure>\n<p>W pa\u015bmie g\u00f3rskim Sierra Nevada znajduje si\u0119 najwy\u017cej po\u0142o\u017cona droga asfaltowa w Europie, prowadz\u0105ca na szczyt Pico Veleta, kt\u00f3ry wznosi si\u0119 na\u00a0imponuj\u0105c\u0105 wysoko\u015b\u0107 3398 metr\u00f3w. Ta wspinaczka wystawia ka\u017cdego kolarza na pr\u00f3b\u0119 wytrzyma\u0142o\u015bci i kondycji. Uwaga, na wysoko\u015bci 2550 metr\u00f3w droga dociera do Hoya de la Mora, gdzie czasem zalega \u015bnieg, kt\u00f3ry mo\u017ce uniemo\u017cliwi\u0107 dalsz\u0105 jazd\u0119. Warto jednak zaryzykowa\u0107, bo trasa wiod\u0105ca do tego miejsca jest naprawd\u0119 spektakularna \u2013 pozwala cieszy\u0107 si\u0119 rozleg\u0142ymi widokami na\u00a0okoliczne doliny i rze\u015bkim g\u00f3rskim powietrzem. Osoby poszukuj\u0105ce mniej wymagaj\u0105cego, ale r\u00f3wnie malowniczego podjazdu mog\u0105 z kolei wybra\u0107 alternatywn\u0105 tras\u0119 do g\u00f3rskiej wioski Trev\u00e9lez po\u0142o\u017conej na wysoko\u015bci 1500 metr\u00f3w n.p.m.<\/p>\n<h2><span style=\"font-size: 18pt;\"><strong>Alto de Velefique i Calar Alto \u2013 pustynia Tabernas<\/strong><\/span><\/h2>\n<p>Hiszpania skrywa r\u00f3wnie\u017c kilka prawdziwych pere\u0142ek dla mi\u0142o\u015bnik\u00f3w wspinaczki w stylu alpejskim. W pierwszej kolejno\u015bci warto wybra\u0107 si\u0119 na\u00a0pustyni\u0119 Tabernas i zmierzy\u0107 si\u0119 z podjazdem Alto de Velefique, o kt\u00f3rym cz\u0119sto m\u00f3wi si\u0119, \u017ce biegnie przez \u201ehiszpa\u0144skie Alpy\u201d. W tej wspinaczce na \u015bmia\u0142k\u00f3w czeka a\u017c 20 agrafek (czyli tylko jedna mniej ni\u017c na s\u0142ynnym podje\u017adzie Alpe d\u2019Huez), a do tego sta\u0142e nachylenie, wi\u0119c b\u0119dzie to wyzwanie nawet dla najbardziej do\u015bwiadczonych kolarzy. Osoby, kt\u00f3re maj\u0105 ochot\u0119 na\u00a0ca\u0142odniow\u0105 g\u00f3rsk\u0105 przygod\u0119 na miar\u0119 La Vuelty, mog\u0105 wzbogaci\u0107 swoj\u0105 wypraw\u0119 o pobliski podjazd do obserwatori\u00f3w na Calar Alto. Wyd\u0142u\u017cy to tras\u0119 o 16 kilometr\u00f3w \u2013 w tym ponad 1000 metr\u00f3w wspinaczki prowadz\u0105cej na\u00a0wysoko\u015b\u0107 prawie 2200 metr\u00f3w.<\/p>\n<h2><span style=\"font-size: 18pt;\"><strong>Els \u00c0ngels i Mare de D\u00e9u del Mont \u2013 Girona, Costa Brava<\/strong><\/span><\/h2>\n<p>Czas przenie\u015b\u0107 si\u0119 na p\u00f3\u0142noc Hiszpanii \u2013 do prowincji Girona (a zw\u0142aszcza do\u00a0regionu Costa Brava). Okolice te obfituj\u0105 zar\u00f3wno w p\u0142askie drogi, jak i wymagaj\u0105ce wspinaczki, dzi\u0119ki czemu stanowi\u0105 doskona\u0142y cel podr\u00f3\u017cy dla kolarzy. W\u015br\u00f3d najlepszych tras mo\u017cna wymieni\u0107 m.in. podjazd Els\u00a0\u00c0ngels s\u0142yn\u0105cy ze wspania\u0142ych widok\u00f3w na miasto Girona i odleg\u0142e Pireneje rozci\u0105gaj\u0105cych si\u0119 z klasztoru na szczycie g\u00f3ry. Ten umiarkowanie trudny podjazd rozpoczyna si\u0119 w Gironie \u2013 ma 10 km d\u0142ugo\u015bci, a jego \u015brednie nachylenie wynosi 5%. Kolarzom poszukuj\u0105cym trudniejszych wyzwa\u0144 polecamy tras\u0119 na Mare de D\u00e9u del Mont, kt\u00f3ra charakteryzuje si\u0119 nachyleniem na poziomie \u015brednio 6,5% (a miejscami si\u0119gaj\u0105cym nawet 18%). Na \u015bmia\u0142k\u00f3w czeka 18 kilometr\u00f3w wspinaczki!<\/p>\n<h2><span style=\"font-size: 18pt;\"><strong>Alto de l\u2019Angliru \u2013 Asturia<\/strong><\/span><\/h2>\n<figure id=\"attachment_15943\" aria-describedby=\"caption-attachment-15943\" style=\"width: 990px\" class=\"wp-caption alignnone\"><a href=\"https:\/\/d2p6e6u75xmxt8.cloudfront.net\/5\/2024\/10\/Alto-de-L39Angliru.webp\"><img loading=\"lazy\" decoding=\"async\" class=\"wp-image-15943 size-full\" src=\"https:\/\/d2p6e6u75xmxt8.cloudfront.net\/5\/2024\/10\/Alto-de-L39Angliru.webp\" alt=\"\" width=\"990\" height=\"660\" srcset=\"https:\/\/d2p6e6u75xmxt8.cloudfront.net\/5\/2024\/10\/Alto-de-L39Angliru.webp 990w, https:\/\/d2p6e6u75xmxt8.cloudfront.net\/5\/2024\/10\/Alto-de-L39Angliru-300x200.webp 300w, https:\/\/d2p6e6u75xmxt8.cloudfront.net\/5\/2024\/10\/Alto-de-L39Angliru-768x512.webp 768w, https:\/\/d2p6e6u75xmxt8.cloudfront.net\/5\/2024\/10\/Alto-de-L39Angliru-400x267.webp 400w, https:\/\/d2p6e6u75xmxt8.cloudfront.net\/5\/2024\/10\/Alto-de-L39Angliru-272x182.webp 272w\" sizes=\"auto, (max-width: 990px) 100vw, 990px\" \/><\/a><figcaption id=\"caption-attachment-15943\" class=\"wp-caption-text\">Podjazd Alto de L\u2019Angliru to wyzwanie, kt\u00f3re zahartuje ka\u017cdego kolarza, ale mo\u017ce r\u00f3wnie\u017c mocno da\u0107 si\u0119 we znaki. \u00a9 Profimedia<\/figcaption><\/figure>\n<p>Asturia to prowincja w Kraju Bask\u00f3w, w kt\u00f3rej znajdziemy jedne z najbardziej kultowych podjazd\u00f3w w \u015bwiecie kolarstwa. Prawdziw\u0105 per\u0142\u0105 w koronie jest zdecydowanie Alto de L\u2019Angliru. Ten podjazd, znany z bardzo stromych odcink\u00f3w o nachyleniu ponad 20%, by\u0142 scen\u0105 wielu emocjonuj\u0105cych wydarze\u0144. Jedno z nich mia\u0142o miejsce w ubieg\u0142ym roku podczas 17. etapu wy\u015bcigu La Vuelta 2023 \u2013 Sepp Kuss, Jonas Vingegaard i Primo\u017e Rogli\u010d zacz\u0119li ze sob\u0105 rywalizowa\u0107, mimo \u017ce byli w tym samym zespole. Droga na szczyt nie pozwala nawet na chwil\u0119 wytchnienia, a w\u0105skie \u015bcie\u017cki i ostre zakr\u0119ty wymagaj\u0105 si\u0142y oraz nie lada umiej\u0119tno\u015bci. Poczucie spe\u0142nienia, kt\u00f3re pojawia si\u0119 po dotarciu na szczyt, wynagradza jednak ca\u0142y wysi\u0142ek \u2013 szczeg\u00f3lnie w po\u0142\u0105czeniu z\u00a0zachwycaj\u0105cymi widokami na g\u00f3ry Asturii.<\/p>\n<h2><strong>Bola del Mundo \u2013 Madryt<\/strong><\/h2>\n<p>Kolarze planuj\u0105cy sp\u0119dzi\u0107 wakacje na rowerze w pobli\u017cu stolicy Hiszpanii mog\u0105 spr\u00f3bowa\u0107 pokona\u0107 podjazd Bola del Mundo, uznawany za jeden z\u00a0najtrudniejszych szlak\u00f3w w tym regionie. Wspinaczka rozpoczyna si\u0119 w\u00a0pobli\u017cu miasta Collado Villalba i prowadzi na wysoko\u015b\u0107 2257 metr\u00f3w. Niezwykle strome odcinki wycisn\u0105 si\u00f3dme poty nawet z najsprawniejszych rowerzyst\u00f3w. Najtrudniejszym zadaniem oka\u017c\u0105 si\u0119 zapewne ostatnie 3 kilometry trasy s\u0142yn\u0105ce z nier\u00f3wnej nawierzchni i nachylenia si\u0119gaj\u0105cego nawet 20%. Z uwagi na tak wyczerpuj\u0105cy finisz tego wyzwania powinni podj\u0105\u0107 si\u0119 wy\u0142\u0105cznie najbardziej zdeterminowani kolarze. Na zdobywc\u00f3w szczytu czeka nagroda w\u00a0postaci wspania\u0142ych widok\u00f3w \u2013 od po\u0142udniowej strony rozci\u0105ga si\u0119 panorama Madrytu, natomiast na p\u00f3\u0142nocy podziwia\u0107 mo\u017cna rozleg\u0142e pasmo g\u00f3rskie Sierra de Guadarrama.<\/p>\n<p>Zr\u00f3\u017cnicowana topografia Hiszpanii zapewnia niezwykle szeroki wyb\u00f3r fantastycznych podjazd\u00f3w, a ka\u017cdy z nich niesie za sob\u0105 unikalny zestaw wyzwa\u0144 i nagr\u00f3d. Wszystkie opisane wy\u017cej wspinaczki gwarantuj\u0105 kolarzom niezapomnian\u0105 przygod\u0119 \u2013 niezale\u017cnie od tego, czy spr\u00f3buj\u0105 zdoby\u0107 szczyty g\u00f3r Sierra Nevada, czy te\u017c stawi\u0105 czo\u0142a stromym wzniesieniom w Asturii.<\/p>\n<p><a class=\"in-cell-link\" href=\"http:\/\/www.skoda-auto.pl\/\" target=\"_blank\" rel=\"noopener\">Artyku\u0142 powsta\u0142 we wsp\u00f3\u0142pracy ze skoda-auto.pl<\/a><\/p>\n<p><a href=\"https:\/\/d2p6e6u75xmxt8.cloudfront.net\/5\/2030\/11\/2.webp\"><img loading=\"lazy\" decoding=\"async\" class=\"size-full wp-image-13774 aligncenter\" src=\"https:\/\/d2p6e6u75xmxt8.cloudfront.net\/5\/2030\/11\/2.webp\" alt=\"\" width=\"640\" height=\"350\" srcset=\"https:\/\/d2p6e6u75xmxt8.cloudfront.net\/5\/2030\/11\/2.webp 640w, https:\/\/d2p6e6u75xmxt8.cloudfront.net\/5\/2030\/11\/2-300x164.webp 300w, https:\/\/d2p6e6u75xmxt8.cloudfront.net\/5\/2030\/11\/2-400x219.webp 400w\" sizes=\"auto, (max-width: 640px) 100vw, 640px\" \/><\/a><\/p>\n","protected":false},"excerpt":{"rendered":"<p>Zr\u00f3\u017cnicowany krajobraz i umiarkowany klimat Hiszpanii sprawiaj\u0105, \u017ce jest to prawdziwy raj dla kolarzy. Odbywaj\u0105 si\u0119 tam trzy wy\u015bcigi etapowe [&hellip;]<\/p>\n","protected":false},"author":187,"featured_media":15944,"comment_status":"open","ping_status":"open","sticky":false,"template":"","format":"standard","meta":{"footnotes":""},"categories":[6],"tags":[117,89,191,404,107],"global-categories":[303],"class_list":["post-15942","post","type-post","status-publish","format-standard","has-post-thumbnail","hentry","category-kolarstwo-szosowe","tag-najlepsze-trasy","tag-podroze","tag-skoda","tag-skodapolska","tag-trasy-rowerowe","global-categories-cycling"],"yoast_head":"<!-- This site is optimized with the Yoast SEO Premium plugin v25.3 (Yoast SEO v25.9) - https:\/\/yoast.com\/wordpress\/plugins\/seo\/ -->\n<title>8 najlepszych podjazd\u00f3w w Hiszpanii na Twoje nast\u0119pne wakacje na rowerze - \u0160koda We Love Cycling - Poland<\/title>\n<meta name=\"robots\" content=\"index, follow, max-snippet:-1, max-image-preview:large, max-video-preview:-1\" \/>\n<link rel=\"canonical\" href=\"https:\/\/www.welovecycling.com\/pl\/2024\/10\/25\/8-najlepszych-podjazdow-w-hiszpanii-na-twoje-nastepne-wakacje-na-rowerze\/\" \/>\n<meta property=\"og:locale\" content=\"pl_PL\" \/>\n<meta property=\"og:type\" content=\"article\" \/>\n<meta property=\"og:title\" content=\"8 najlepszych podjazd\u00f3w w Hiszpanii na Twoje nast\u0119pne wakacje na rowerze\" \/>\n<meta property=\"og:description\" content=\"Zr\u00f3\u017cnicowany krajobraz i umiarkowany klimat Hiszpanii sprawiaj\u0105, \u017ce jest to prawdziwy raj dla kolarzy. Odbywaj\u0105 si\u0119 tam trzy wy\u015bcigi etapowe [&hellip;]\" \/>\n<meta property=\"og:url\" content=\"https:\/\/www.welovecycling.com\/pl\/2024\/10\/25\/8-najlepszych-podjazdow-w-hiszpanii-na-twoje-nastepne-wakacje-na-rowerze\/\" \/>\n<meta property=\"og:site_name\" content=\"\u0160koda We Love Cycling - Poland\" \/>\n<meta property=\"article:published_time\" content=\"2024-10-25T08:49:54+00:00\" \/>\n<meta property=\"og:image\" content=\"https:\/\/d2p6e6u75xmxt8.cloudfront.net\/5\/2024\/10\/8-Most-Epic-Climbs-for-Your-Next-Cycling-Vacation-in-Spain.webp\" \/>\n\t<meta property=\"og:image:width\" content=\"990\" \/>\n\t<meta property=\"og:image:height\" content=\"660\" \/>\n\t<meta property=\"og:image:type\" content=\"image\/webp\" \/>\n<meta name=\"author\" content=\"konradbobrowski\" \/>\n<meta name=\"twitter:card\" content=\"summary_large_image\" \/>\n<meta name=\"twitter:label1\" content=\"Written by\" \/>\n\t<meta name=\"twitter:data1\" content=\"Jiri Kaloc\" \/>\n\t<meta name=\"twitter:label2\" content=\"Est. reading time\" \/>\n\t<meta name=\"twitter:data2\" content=\"4\" \/>\n<script type=\"application\/ld+json\" class=\"yoast-schema-graph\">{\"@context\":\"https:\/\/schema.org\",\"@graph\":[{\"@type\":\"WebPage\",\"@id\":\"https:\/\/www.welovecycling.com\/pl\/2024\/10\/25\/8-najlepszych-podjazdow-w-hiszpanii-na-twoje-nastepne-wakacje-na-rowerze\/\",\"url\":\"https:\/\/www.welovecycling.com\/pl\/2024\/10\/25\/8-najlepszych-podjazdow-w-hiszpanii-na-twoje-nastepne-wakacje-na-rowerze\/\",\"name\":\"8 najlepszych podjazd\u00f3w w Hiszpanii na Twoje nast\u0119pne wakacje na rowerze - \u0160koda We Love Cycling - Poland\",\"isPartOf\":{\"@id\":\"https:\/\/www.welovecycling.com\/pl\/#website\"},\"primaryImageOfPage\":{\"@id\":\"https:\/\/www.welovecycling.com\/pl\/2024\/10\/25\/8-najlepszych-podjazdow-w-hiszpanii-na-twoje-nastepne-wakacje-na-rowerze\/#primaryimage\"},\"image\":{\"@id\":\"https:\/\/www.welovecycling.com\/pl\/2024\/10\/25\/8-najlepszych-podjazdow-w-hiszpanii-na-twoje-nastepne-wakacje-na-rowerze\/#primaryimage\"},\"thumbnailUrl\":\"https:\/\/d2p6e6u75xmxt8.cloudfront.net\/5\/2024\/10\/8-Most-Epic-Climbs-for-Your-Next-Cycling-Vacation-in-Spain.webp\",\"datePublished\":\"2024-10-25T08:49:54+00:00\",\"author\":{\"@id\":\"https:\/\/www.welovecycling.com\/pl\/#\/schema\/person\/e551e469d0b17f4e0b87f3f4fa8fc0f2\"},\"breadcrumb\":{\"@id\":\"https:\/\/www.welovecycling.com\/pl\/2024\/10\/25\/8-najlepszych-podjazdow-w-hiszpanii-na-twoje-nastepne-wakacje-na-rowerze\/#breadcrumb\"},\"inLanguage\":\"pl-PL\",\"potentialAction\":[{\"@type\":\"ReadAction\",\"target\":[\"https:\/\/www.welovecycling.com\/pl\/2024\/10\/25\/8-najlepszych-podjazdow-w-hiszpanii-na-twoje-nastepne-wakacje-na-rowerze\/\"]}]},{\"@type\":\"ImageObject\",\"inLanguage\":\"pl-PL\",\"@id\":\"https:\/\/www.welovecycling.com\/pl\/2024\/10\/25\/8-najlepszych-podjazdow-w-hiszpanii-na-twoje-nastepne-wakacje-na-rowerze\/#primaryimage\",\"url\":\"https:\/\/d2p6e6u75xmxt8.cloudfront.net\/5\/2024\/10\/8-Most-Epic-Climbs-for-Your-Next-Cycling-Vacation-in-Spain.webp\",\"contentUrl\":\"https:\/\/d2p6e6u75xmxt8.cloudfront.net\/5\/2024\/10\/8-Most-Epic-Climbs-for-Your-Next-Cycling-Vacation-in-Spain.webp\",\"width\":990,\"height\":660},{\"@type\":\"BreadcrumbList\",\"@id\":\"https:\/\/www.welovecycling.com\/pl\/2024\/10\/25\/8-najlepszych-podjazdow-w-hiszpanii-na-twoje-nastepne-wakacje-na-rowerze\/#breadcrumb\",\"itemListElement\":[{\"@type\":\"ListItem\",\"position\":1,\"name\":\"Home\",\"item\":\"https:\/\/www.welovecycling.com\/pl\/\"},{\"@type\":\"ListItem\",\"position\":2,\"name\":\"8 najlepszych podjazd\u00f3w w Hiszpanii na Twoje nast\u0119pne wakacje na rowerze\"}]},{\"@type\":\"WebSite\",\"@id\":\"https:\/\/www.welovecycling.com\/pl\/#website\",\"url\":\"https:\/\/www.welovecycling.com\/pl\/\",\"name\":\"\u0160koda We Love Cycling - Poland\",\"description\":\"\",\"potentialAction\":[{\"@type\":\"SearchAction\",\"target\":{\"@type\":\"EntryPoint\",\"urlTemplate\":\"https:\/\/www.welovecycling.com\/pl\/?s={search_term_string}\"},\"query-input\":{\"@type\":\"PropertyValueSpecification\",\"valueRequired\":true,\"valueName\":\"search_term_string\"}}],\"inLanguage\":\"pl-PL\"},{\"@type\":\"Person\",\"@id\":\"https:\/\/www.welovecycling.com\/pl\/#\/schema\/person\/e551e469d0b17f4e0b87f3f4fa8fc0f2\",\"name\":\"konradbobrowski\",\"image\":{\"@type\":\"ImageObject\",\"inLanguage\":\"pl-PL\",\"@id\":\"https:\/\/www.welovecycling.com\/pl\/#\/schema\/person\/image\/\",\"url\":\"https:\/\/secure.gravatar.com\/avatar\/91ac5a8cb4a26d3b32dc77b5e6d46616cf6adf425879538f5e5d7e4ef2333a4c?s=96&d=mm&r=g\",\"contentUrl\":\"https:\/\/secure.gravatar.com\/avatar\/91ac5a8cb4a26d3b32dc77b5e6d46616cf6adf425879538f5e5d7e4ef2333a4c?s=96&d=mm&r=g\",\"caption\":\"konradbobrowski\"},\"url\":\"https:\/\/www.welovecycling.com\/pl\/author\/konradbobrowski\/\"}]}<\/script>\n<!-- \/ Yoast SEO Premium plugin. -->","yoast_head_json":{"title":"8 najlepszych podjazd\u00f3w w Hiszpanii na Twoje nast\u0119pne wakacje na rowerze - \u0160koda We Love Cycling - Poland","robots":{"index":"index","follow":"follow","max-snippet":"max-snippet:-1","max-image-preview":"max-image-preview:large","max-video-preview":"max-video-preview:-1"},"canonical":"https:\/\/www.welovecycling.com\/pl\/2024\/10\/25\/8-najlepszych-podjazdow-w-hiszpanii-na-twoje-nastepne-wakacje-na-rowerze\/","og_locale":"pl_PL","og_type":"article","og_title":"8 najlepszych podjazd\u00f3w w Hiszpanii na Twoje nast\u0119pne wakacje na rowerze","og_description":"Zr\u00f3\u017cnicowany krajobraz i umiarkowany klimat Hiszpanii sprawiaj\u0105, \u017ce jest to prawdziwy raj dla kolarzy. Odbywaj\u0105 si\u0119 tam trzy wy\u015bcigi etapowe [&hellip;]","og_url":"https:\/\/www.welovecycling.com\/pl\/2024\/10\/25\/8-najlepszych-podjazdow-w-hiszpanii-na-twoje-nastepne-wakacje-na-rowerze\/","og_site_name":"\u0160koda We Love Cycling - Poland","article_published_time":"2024-10-25T08:49:54+00:00","og_image":[{"width":990,"height":660,"url":"https:\/\/d2p6e6u75xmxt8.cloudfront.net\/5\/2024\/10\/8-Most-Epic-Climbs-for-Your-Next-Cycling-Vacation-in-Spain.webp","type":"image\/webp"}],"author":"konradbobrowski","twitter_card":"summary_large_image","twitter_misc":{"Written by":"Jiri Kaloc","Est. reading time":"4"},"schema":{"@context":"https:\/\/schema.org","@graph":[{"@type":"WebPage","@id":"https:\/\/www.welovecycling.com\/pl\/2024\/10\/25\/8-najlepszych-podjazdow-w-hiszpanii-na-twoje-nastepne-wakacje-na-rowerze\/","url":"https:\/\/www.welovecycling.com\/pl\/2024\/10\/25\/8-najlepszych-podjazdow-w-hiszpanii-na-twoje-nastepne-wakacje-na-rowerze\/","name":"8 najlepszych podjazd\u00f3w w Hiszpanii na Twoje nast\u0119pne wakacje na rowerze - \u0160koda We Love Cycling - Poland","isPartOf":{"@id":"https:\/\/www.welovecycling.com\/pl\/#website"},"primaryImageOfPage":{"@id":"https:\/\/www.welovecycling.com\/pl\/2024\/10\/25\/8-najlepszych-podjazdow-w-hiszpanii-na-twoje-nastepne-wakacje-na-rowerze\/#primaryimage"},"image":{"@id":"https:\/\/www.welovecycling.com\/pl\/2024\/10\/25\/8-najlepszych-podjazdow-w-hiszpanii-na-twoje-nastepne-wakacje-na-rowerze\/#primaryimage"},"thumbnailUrl":"https:\/\/d2p6e6u75xmxt8.cloudfront.net\/5\/2024\/10\/8-Most-Epic-Climbs-for-Your-Next-Cycling-Vacation-in-Spain.webp","datePublished":"2024-10-25T08:49:54+00:00","author":{"@id":"https:\/\/www.welovecycling.com\/pl\/#\/schema\/person\/e551e469d0b17f4e0b87f3f4fa8fc0f2"},"breadcrumb":{"@id":"https:\/\/www.welovecycling.com\/pl\/2024\/10\/25\/8-najlepszych-podjazdow-w-hiszpanii-na-twoje-nastepne-wakacje-na-rowerze\/#breadcrumb"},"inLanguage":"pl-PL","potentialAction":[{"@type":"ReadAction","target":["https:\/\/www.welovecycling.com\/pl\/2024\/10\/25\/8-najlepszych-podjazdow-w-hiszpanii-na-twoje-nastepne-wakacje-na-rowerze\/"]}]},{"@type":"ImageObject","inLanguage":"pl-PL","@id":"https:\/\/www.welovecycling.com\/pl\/2024\/10\/25\/8-najlepszych-podjazdow-w-hiszpanii-na-twoje-nastepne-wakacje-na-rowerze\/#primaryimage","url":"https:\/\/d2p6e6u75xmxt8.cloudfront.net\/5\/2024\/10\/8-Most-Epic-Climbs-for-Your-Next-Cycling-Vacation-in-Spain.webp","contentUrl":"https:\/\/d2p6e6u75xmxt8.cloudfront.net\/5\/2024\/10\/8-Most-Epic-Climbs-for-Your-Next-Cycling-Vacation-in-Spain.webp","width":990,"height":660},{"@type":"BreadcrumbList","@id":"https:\/\/www.welovecycling.com\/pl\/2024\/10\/25\/8-najlepszych-podjazdow-w-hiszpanii-na-twoje-nastepne-wakacje-na-rowerze\/#breadcrumb","itemListElement":[{"@type":"ListItem","position":1,"name":"Home","item":"https:\/\/www.welovecycling.com\/pl\/"},{"@type":"ListItem","position":2,"name":"8 najlepszych podjazd\u00f3w w Hiszpanii na Twoje nast\u0119pne wakacje na rowerze"}]},{"@type":"WebSite","@id":"https:\/\/www.welovecycling.com\/pl\/#website","url":"https:\/\/www.welovecycling.com\/pl\/","name":"\u0160koda We Love Cycling - Poland","description":"","potentialAction":[{"@type":"SearchAction","target":{"@type":"EntryPoint","urlTemplate":"https:\/\/www.welovecycling.com\/pl\/?s={search_term_string}"},"query-input":{"@type":"PropertyValueSpecification","valueRequired":true,"valueName":"search_term_string"}}],"inLanguage":"pl-PL"},{"@type":"Person","@id":"https:\/\/www.welovecycling.com\/pl\/#\/schema\/person\/e551e469d0b17f4e0b87f3f4fa8fc0f2","name":"konradbobrowski","image":{"@type":"ImageObject","inLanguage":"pl-PL","@id":"https:\/\/www.welovecycling.com\/pl\/#\/schema\/person\/image\/","url":"https:\/\/secure.gravatar.com\/avatar\/91ac5a8cb4a26d3b32dc77b5e6d46616cf6adf425879538f5e5d7e4ef2333a4c?s=96&d=mm&r=g","contentUrl":"https:\/\/secure.gravatar.com\/avatar\/91ac5a8cb4a26d3b32dc77b5e6d46616cf6adf425879538f5e5d7e4ef2333a4c?s=96&d=mm&r=g","caption":"konradbobrowski"},"url":"https:\/\/www.welovecycling.com\/pl\/author\/konradbobrowski\/"}]}},"_links":{"self":[{"href":"https:\/\/www.welovecycling.com\/pl\/wp-json\/wp\/v2\/posts\/15942","targetHints":{"allow":["GET"]}}],"collection":[{"href":"https:\/\/www.welovecycling.com\/pl\/wp-json\/wp\/v2\/posts"}],"about":[{"href":"https:\/\/www.welovecycling.com\/pl\/wp-json\/wp\/v2\/types\/post"}],"author":[{"embeddable":true,"href":"https:\/\/www.welovecycling.com\/pl\/wp-json\/wp\/v2\/users\/187"}],"replies":[{"embeddable":true,"href":"https:\/\/www.welovecycling.com\/pl\/wp-json\/wp\/v2\/comments?post=15942"}],"version-history":[{"count":2,"href":"https:\/\/www.welovecycling.com\/pl\/wp-json\/wp\/v2\/posts\/15942\/revisions"}],"predecessor-version":[{"id":15947,"href":"https:\/\/www.welovecycling.com\/pl\/wp-json\/wp\/v2\/posts\/15942\/revisions\/15947"}],"wp:featuredmedia":[{"embeddable":true,"href":"https:\/\/www.welovecycling.com\/pl\/wp-json\/wp\/v2\/media\/15944"}],"wp:attachment":[{"href":"https:\/\/www.welovecycling.com\/pl\/wp-json\/wp\/v2\/media?parent=15942"}],"wp:term":[{"taxonomy":"category","embeddable":true,"href":"https:\/\/www.welovecycling.com\/pl\/wp-json\/wp\/v2\/categories?post=15942"},{"taxonomy":"post_tag","embeddable":true,"href":"https:\/\/www.welovecycling.com\/pl\/wp-json\/wp\/v2\/tags?post=15942"},{"taxonomy":"global-categories","embeddable":true,"href":"https:\/\/www.welovecycling.com\/pl\/wp-json\/wp\/v2\/global-categories?post=15942"}],"curies":[{"name":"wp","href":"https:\/\/api.w.org\/{rel}","templated":true}]}}