{"id":15938,"date":"2024-10-23T13:19:19","date_gmt":"2024-10-23T13:19:19","guid":{"rendered":"https:\/\/www.welovecycling.com\/pl\/?p=15938"},"modified":"2024-10-23T13:19:19","modified_gmt":"2024-10-23T13:19:19","slug":"tadej-pogacar-buduje-pomnik-swietne-miejsce-katarzyny-niewiadomej","status":"publish","type":"post","link":"https:\/\/www.welovecycling.com\/pl\/2024\/10\/23\/tadej-pogacar-buduje-pomnik-swietne-miejsce-katarzyny-niewiadomej\/","title":{"rendered":"Tadej Poga\u010dar buduje pomnik, \u015bwietne miejsce Katarzyny Niewiadomej"},"content":{"rendered":"<p><strong>Wystartowali w Australii, a finiszowali w Chinach. W\u0142a\u015bnie zako\u0144czy\u0142 si\u0119 sezon UCI World Tour 2024, w kt\u00f3rym kr\u00f3lowa\u0142 Tadej Poga\u010dar. W\u015br\u00f3d kobiet swoje wielkie chwile mia\u0142a Katarzyna Niewiadoma, co ma odzwierciedlenie w wysokiej pozycji w klasyfikacji ko\u0144cowej.<\/strong><\/p>\n<p>M\u0119\u017cczy\u017ani rywalizacj\u0119 w UCI World Tour zako\u0144czyli sze\u015bciodniowym \u015bciganiem w Chinach. Zawodnicy do przejechania mieli ponad tysi\u0105c kilometr\u00f3w i trzeba przyzna\u0107, \u017ce w tym czasie sporo si\u0119 dzia\u0142o. Niemal po ka\u017cdym etapie zmienia\u0142 si\u0119 lider klasyfikacji generalnej, wi\u0119c wszystko rozstrzygn\u0119\u0142o si\u0119 na pag\u00f3rkowatym etapie w okolicach Nanning.<\/p>\n<h2><strong>Tak si\u0119 przechodzi do historii<\/strong><\/h2>\n<p>Tego dnia najszybszy by\u0142 S\u0142oweniec Matev\u017e Govekar (Bahrain \u2013 Victorious), kt\u00f3ry wygra\u0142 sprint z peletonu. Z kolei w klasyfikacji generalnej zwyci\u0119\u017cy\u0142 Lennert Van Eetvelt (Lotto Dstny), kt\u00f3ry obroni\u0142 pierwsze miejsce zajmowane po pi\u0105tym etapie. Pi\u0119\u0107 sekund straci\u0142 do niego Oscar Onley (Team dsm-firmenich PostNL), a 15 sekund \u2013 Alex Baudin (Decathlon-AG2R La Mondiale).<\/p>\n<p>Wszystkiemu z Europy przygl\u0105da\u0142 si\u0119 Tadej Poga\u010dar (UAE Team Emirates), kt\u00f3ry by\u0142 bezsprzecznym zwyci\u0119zc\u0105 tego sezonu. Wygrana w Giro d\u2019Italia oraz Tour de France, a do tego zdobycie mistrzostwa \u015bwiata sprawi\u0142y, \u017ce S\u0142oweniec przeszed\u0142 do historii kolarstwa.<\/p>\n<p><a href=\"https:\/\/www.instagram.com\/p\/DAgW48eM8i3\/\">https:\/\/www.instagram.com\/p\/DAgW48eM8i3\/<\/a><\/p>\n<p>\u201e2024 rok zosta\u0142 zdominowany przez niezwykle utalentowanego Tadeja Poga\u010dara i jego partner\u00f3w z UAE Team Emirates. Si\u0142a S\u0142owe\u0144ca i jego ekipy znana jest od dawna, bo ju\u017c w zesz\u0142ym roku rz\u0105dzili w rankingu dru\u017cynowym UCI, a S\u0142oweniec jest na szczycie rankingu indywidualnego od 2020 roku. Na drogach UCI World Tour nie brakowa\u0142o gwiazd, ale w 2024 roku nikt nie m\u00f3g\u0142 dor\u00f3wna\u0107 geniuszowi Poga\u010dara. On \u015bciga si\u0119 nie tylko ze wsp\u00f3\u0142czesnymi rywalami, ale buduje sw\u00f3j kolarski pomnik\u201d \u2013 podsumowuje sezon Mi\u0119dzynarodowa Unia Kolarska na swojej stronie internetowej.<\/p>\n<p><a href=\"https:\/\/www.instagram.com\/p\/DBEMwoXuk87\/?img_index=1\">https:\/\/www.instagram.com\/p\/DBEMwoXuk87\/?img_index=1<\/a><\/p>\n<h2><strong>\u015awietny sezon Katarzyny Niewiadomej<\/strong><\/h2>\n<p>W tym sezonie polscy kolarze nie zanotowali spektakularnych osi\u0105gni\u0119\u0107, za to g\u0142o\u015bno by\u0142o o Polkach, g\u0142\u00f3wnie za spraw\u0105 Katarzyny Niewiadomej (Canyon\/\/SRAM Racing). 30-letnia zawodniczka z Limanowej m.in. zaj\u0119\u0142a drugie miejsce w Ronde van Vlaanderen, wygra\u0142a La Fleche Wallone, a przede wszystkim triumfowa\u0142a w Tour de France Femmes!<\/p>\n<p><a href=\"https:\/\/x.com\/LeTourFemmes\/status\/1836328221022867665\">https:\/\/x.com\/LeTourFemmes\/status\/1836328221022867665<\/a><\/p>\n<p>To wszystko sprawi\u0142o, \u017ce Polka zaj\u0119\u0142a bardzo wysokie sz\u00f3ste miejsce w rankingu Women\u2019s World Tour w sezonie 2024. Bardzo obiecuj\u0105co w tym zestawieniu wypad\u0142y tak\u017ce inne Polki \u2013 na 22. pozycji sklasyfikowana zosta\u0142a Marta Lach (CERATIZIT-WNT Pro Cycling Team), a na 32. Dominika W\u0142odarczyk (UAE Team ADQ).<\/p>\n<p>Lach pozycj\u0119 poprawi\u0142a w\u0142a\u015bnie w Chinach, gdzie po raz kolejny zako\u0144czy\u0142a presti\u017cowe zawody na podium \u2013 w Tour of Guangxi zaj\u0119\u0142a trzecie miejsce.<\/p>\n<p>Klasyfikacj\u0119 Women\u2019s World Tour wygra\u0142a Lotte Kopecky (Team SD Worx), przed swoj\u0105 dru\u017cynow\u0105 kole\u017cank\u0105 Demi Vollering oraz Elis\u0105 Longo Borghini (Lidl-Trek).<\/p>\n<p><a class=\"in-cell-link\" href=\"http:\/\/www.skoda-auto.pl\/\" target=\"_blank\" rel=\"noopener\">Artyku\u0142 powsta\u0142 we wsp\u00f3\u0142pracy ze skoda-auto.pl<\/a><\/p>\n<p><a href=\"https:\/\/d2p6e6u75xmxt8.cloudfront.net\/5\/2030\/11\/3.webp\"><img loading=\"lazy\" decoding=\"async\" class=\"size-full wp-image-13776 aligncenter\" src=\"https:\/\/d2p6e6u75xmxt8.cloudfront.net\/5\/2030\/11\/3.webp\" alt=\"\" width=\"640\" height=\"350\" srcset=\"https:\/\/d2p6e6u75xmxt8.cloudfront.net\/5\/2030\/11\/3.webp 640w, https:\/\/d2p6e6u75xmxt8.cloudfront.net\/5\/2030\/11\/3-300x164.webp 300w, https:\/\/d2p6e6u75xmxt8.cloudfront.net\/5\/2030\/11\/3-400x219.webp 400w\" sizes=\"auto, (max-width: 640px) 100vw, 640px\" \/><\/a><\/p>\n","protected":false},"excerpt":{"rendered":"<p>Wystartowali w Australii, a finiszowali w Chinach. W\u0142a\u015bnie zako\u0144czy\u0142 si\u0119 sezon UCI World Tour 2024, w kt\u00f3rym kr\u00f3lowa\u0142 Tadej Poga\u010dar. [&hellip;]<\/p>\n","protected":false},"author":187,"featured_media":15939,"comment_status":"open","ping_status":"open","sticky":false,"template":"","format":"standard","meta":{"footnotes":""},"categories":[6],"tags":[369,151,191,404,379],"global-categories":[303],"class_list":["post-15938","post","type-post","status-publish","format-standard","has-post-thumbnail","hentry","category-kolarstwo-szosowe","tag-kasia-niewiadoma","tag-kolarstwo-szosowe","tag-skoda","tag-skodapolska","tag-tadej-pogacar","global-categories-cycling"],"yoast_head":"<!-- This site is optimized with the Yoast SEO Premium plugin v25.3 (Yoast SEO v25.9) - https:\/\/yoast.com\/wordpress\/plugins\/seo\/ -->\n<title>Tadej Poga\u010dar buduje pomnik, \u015bwietne miejsce Katarzyny Niewiadomej - \u0160koda We Love Cycling - Poland<\/title>\n<meta name=\"robots\" content=\"index, follow, max-snippet:-1, max-image-preview:large, max-video-preview:-1\" \/>\n<link rel=\"canonical\" href=\"https:\/\/www.welovecycling.com\/pl\/2024\/10\/23\/tadej-pogacar-buduje-pomnik-swietne-miejsce-katarzyny-niewiadomej\/\" \/>\n<meta property=\"og:locale\" content=\"pl_PL\" \/>\n<meta property=\"og:type\" content=\"article\" \/>\n<meta property=\"og:title\" content=\"Tadej Poga\u010dar buduje pomnik, \u015bwietne miejsce Katarzyny Niewiadomej\" \/>\n<meta property=\"og:description\" content=\"Wystartowali w Australii, a finiszowali w Chinach. W\u0142a\u015bnie zako\u0144czy\u0142 si\u0119 sezon UCI World Tour 2024, w kt\u00f3rym kr\u00f3lowa\u0142 Tadej Poga\u010dar. [&hellip;]\" \/>\n<meta property=\"og:url\" content=\"https:\/\/www.welovecycling.com\/pl\/2024\/10\/23\/tadej-pogacar-buduje-pomnik-swietne-miejsce-katarzyny-niewiadomej\/\" \/>\n<meta property=\"og:site_name\" content=\"\u0160koda We Love Cycling - Poland\" \/>\n<meta property=\"article:published_time\" content=\"2024-10-23T13:19:19+00:00\" \/>\n<meta property=\"og:image\" content=\"https:\/\/d2p6e6u75xmxt8.cloudfront.net\/5\/2024\/10\/Embracing-the-Moments-of-Victory-with-Kasia-Niewiadoma-1.webp\" \/>\n\t<meta property=\"og:image:width\" content=\"990\" \/>\n\t<meta property=\"og:image:height\" content=\"660\" \/>\n\t<meta property=\"og:image:type\" content=\"image\/webp\" \/>\n<meta name=\"author\" content=\"konradbobrowski\" \/>\n<meta name=\"twitter:card\" content=\"summary_large_image\" \/>\n<meta name=\"twitter:label1\" content=\"Written by\" \/>\n\t<meta name=\"twitter:data1\" content=\"Piotr Nowik\" \/>\n\t<meta name=\"twitter:label2\" content=\"Est. reading time\" \/>\n\t<meta name=\"twitter:data2\" content=\"4\" \/>\n<script type=\"application\/ld+json\" class=\"yoast-schema-graph\">{\"@context\":\"https:\/\/schema.org\",\"@graph\":[{\"@type\":\"WebPage\",\"@id\":\"https:\/\/www.welovecycling.com\/pl\/2024\/10\/23\/tadej-pogacar-buduje-pomnik-swietne-miejsce-katarzyny-niewiadomej\/\",\"url\":\"https:\/\/www.welovecycling.com\/pl\/2024\/10\/23\/tadej-pogacar-buduje-pomnik-swietne-miejsce-katarzyny-niewiadomej\/\",\"name\":\"Tadej Poga\u010dar buduje pomnik, \u015bwietne miejsce Katarzyny Niewiadomej - \u0160koda We Love Cycling - Poland\",\"isPartOf\":{\"@id\":\"https:\/\/www.welovecycling.com\/pl\/#website\"},\"primaryImageOfPage\":{\"@id\":\"https:\/\/www.welovecycling.com\/pl\/2024\/10\/23\/tadej-pogacar-buduje-pomnik-swietne-miejsce-katarzyny-niewiadomej\/#primaryimage\"},\"image\":{\"@id\":\"https:\/\/www.welovecycling.com\/pl\/2024\/10\/23\/tadej-pogacar-buduje-pomnik-swietne-miejsce-katarzyny-niewiadomej\/#primaryimage\"},\"thumbnailUrl\":\"https:\/\/d2p6e6u75xmxt8.cloudfront.net\/5\/2024\/10\/Embracing-the-Moments-of-Victory-with-Kasia-Niewiadoma-1.webp\",\"datePublished\":\"2024-10-23T13:19:19+00:00\",\"author\":{\"@id\":\"https:\/\/www.welovecycling.com\/pl\/#\/schema\/person\/e551e469d0b17f4e0b87f3f4fa8fc0f2\"},\"breadcrumb\":{\"@id\":\"https:\/\/www.welovecycling.com\/pl\/2024\/10\/23\/tadej-pogacar-buduje-pomnik-swietne-miejsce-katarzyny-niewiadomej\/#breadcrumb\"},\"inLanguage\":\"pl-PL\",\"potentialAction\":[{\"@type\":\"ReadAction\",\"target\":[\"https:\/\/www.welovecycling.com\/pl\/2024\/10\/23\/tadej-pogacar-buduje-pomnik-swietne-miejsce-katarzyny-niewiadomej\/\"]}]},{\"@type\":\"ImageObject\",\"inLanguage\":\"pl-PL\",\"@id\":\"https:\/\/www.welovecycling.com\/pl\/2024\/10\/23\/tadej-pogacar-buduje-pomnik-swietne-miejsce-katarzyny-niewiadomej\/#primaryimage\",\"url\":\"https:\/\/d2p6e6u75xmxt8.cloudfront.net\/5\/2024\/10\/Embracing-the-Moments-of-Victory-with-Kasia-Niewiadoma-1.webp\",\"contentUrl\":\"https:\/\/d2p6e6u75xmxt8.cloudfront.net\/5\/2024\/10\/Embracing-the-Moments-of-Victory-with-Kasia-Niewiadoma-1.webp\",\"width\":990,\"height\":660},{\"@type\":\"BreadcrumbList\",\"@id\":\"https:\/\/www.welovecycling.com\/pl\/2024\/10\/23\/tadej-pogacar-buduje-pomnik-swietne-miejsce-katarzyny-niewiadomej\/#breadcrumb\",\"itemListElement\":[{\"@type\":\"ListItem\",\"position\":1,\"name\":\"Home\",\"item\":\"https:\/\/www.welovecycling.com\/pl\/\"},{\"@type\":\"ListItem\",\"position\":2,\"name\":\"Tadej Poga\u010dar buduje pomnik, \u015bwietne miejsce Katarzyny Niewiadomej\"}]},{\"@type\":\"WebSite\",\"@id\":\"https:\/\/www.welovecycling.com\/pl\/#website\",\"url\":\"https:\/\/www.welovecycling.com\/pl\/\",\"name\":\"\u0160koda We Love Cycling - Poland\",\"description\":\"\",\"potentialAction\":[{\"@type\":\"SearchAction\",\"target\":{\"@type\":\"EntryPoint\",\"urlTemplate\":\"https:\/\/www.welovecycling.com\/pl\/?s={search_term_string}\"},\"query-input\":{\"@type\":\"PropertyValueSpecification\",\"valueRequired\":true,\"valueName\":\"search_term_string\"}}],\"inLanguage\":\"pl-PL\"},{\"@type\":\"Person\",\"@id\":\"https:\/\/www.welovecycling.com\/pl\/#\/schema\/person\/e551e469d0b17f4e0b87f3f4fa8fc0f2\",\"name\":\"konradbobrowski\",\"image\":{\"@type\":\"ImageObject\",\"inLanguage\":\"pl-PL\",\"@id\":\"https:\/\/www.welovecycling.com\/pl\/#\/schema\/person\/image\/\",\"url\":\"https:\/\/secure.gravatar.com\/avatar\/91ac5a8cb4a26d3b32dc77b5e6d46616cf6adf425879538f5e5d7e4ef2333a4c?s=96&d=mm&r=g\",\"contentUrl\":\"https:\/\/secure.gravatar.com\/avatar\/91ac5a8cb4a26d3b32dc77b5e6d46616cf6adf425879538f5e5d7e4ef2333a4c?s=96&d=mm&r=g\",\"caption\":\"konradbobrowski\"},\"url\":\"https:\/\/www.welovecycling.com\/pl\/author\/konradbobrowski\/\"}]}<\/script>\n<!-- \/ Yoast SEO Premium plugin. -->","yoast_head_json":{"title":"Tadej Poga\u010dar buduje pomnik, \u015bwietne miejsce Katarzyny Niewiadomej - \u0160koda We Love Cycling - Poland","robots":{"index":"index","follow":"follow","max-snippet":"max-snippet:-1","max-image-preview":"max-image-preview:large","max-video-preview":"max-video-preview:-1"},"canonical":"https:\/\/www.welovecycling.com\/pl\/2024\/10\/23\/tadej-pogacar-buduje-pomnik-swietne-miejsce-katarzyny-niewiadomej\/","og_locale":"pl_PL","og_type":"article","og_title":"Tadej Poga\u010dar buduje pomnik, \u015bwietne miejsce Katarzyny Niewiadomej","og_description":"Wystartowali w Australii, a finiszowali w Chinach. W\u0142a\u015bnie zako\u0144czy\u0142 si\u0119 sezon UCI World Tour 2024, w kt\u00f3rym kr\u00f3lowa\u0142 Tadej Poga\u010dar. [&hellip;]","og_url":"https:\/\/www.welovecycling.com\/pl\/2024\/10\/23\/tadej-pogacar-buduje-pomnik-swietne-miejsce-katarzyny-niewiadomej\/","og_site_name":"\u0160koda We Love Cycling - Poland","article_published_time":"2024-10-23T13:19:19+00:00","og_image":[{"width":990,"height":660,"url":"https:\/\/d2p6e6u75xmxt8.cloudfront.net\/5\/2024\/10\/Embracing-the-Moments-of-Victory-with-Kasia-Niewiadoma-1.webp","type":"image\/webp"}],"author":"konradbobrowski","twitter_card":"summary_large_image","twitter_misc":{"Written by":"Piotr Nowik","Est. reading time":"4"},"schema":{"@context":"https:\/\/schema.org","@graph":[{"@type":"WebPage","@id":"https:\/\/www.welovecycling.com\/pl\/2024\/10\/23\/tadej-pogacar-buduje-pomnik-swietne-miejsce-katarzyny-niewiadomej\/","url":"https:\/\/www.welovecycling.com\/pl\/2024\/10\/23\/tadej-pogacar-buduje-pomnik-swietne-miejsce-katarzyny-niewiadomej\/","name":"Tadej Poga\u010dar buduje pomnik, \u015bwietne miejsce Katarzyny Niewiadomej - \u0160koda We Love Cycling - Poland","isPartOf":{"@id":"https:\/\/www.welovecycling.com\/pl\/#website"},"primaryImageOfPage":{"@id":"https:\/\/www.welovecycling.com\/pl\/2024\/10\/23\/tadej-pogacar-buduje-pomnik-swietne-miejsce-katarzyny-niewiadomej\/#primaryimage"},"image":{"@id":"https:\/\/www.welovecycling.com\/pl\/2024\/10\/23\/tadej-pogacar-buduje-pomnik-swietne-miejsce-katarzyny-niewiadomej\/#primaryimage"},"thumbnailUrl":"https:\/\/d2p6e6u75xmxt8.cloudfront.net\/5\/2024\/10\/Embracing-the-Moments-of-Victory-with-Kasia-Niewiadoma-1.webp","datePublished":"2024-10-23T13:19:19+00:00","author":{"@id":"https:\/\/www.welovecycling.com\/pl\/#\/schema\/person\/e551e469d0b17f4e0b87f3f4fa8fc0f2"},"breadcrumb":{"@id":"https:\/\/www.welovecycling.com\/pl\/2024\/10\/23\/tadej-pogacar-buduje-pomnik-swietne-miejsce-katarzyny-niewiadomej\/#breadcrumb"},"inLanguage":"pl-PL","potentialAction":[{"@type":"ReadAction","target":["https:\/\/www.welovecycling.com\/pl\/2024\/10\/23\/tadej-pogacar-buduje-pomnik-swietne-miejsce-katarzyny-niewiadomej\/"]}]},{"@type":"ImageObject","inLanguage":"pl-PL","@id":"https:\/\/www.welovecycling.com\/pl\/2024\/10\/23\/tadej-pogacar-buduje-pomnik-swietne-miejsce-katarzyny-niewiadomej\/#primaryimage","url":"https:\/\/d2p6e6u75xmxt8.cloudfront.net\/5\/2024\/10\/Embracing-the-Moments-of-Victory-with-Kasia-Niewiadoma-1.webp","contentUrl":"https:\/\/d2p6e6u75xmxt8.cloudfront.net\/5\/2024\/10\/Embracing-the-Moments-of-Victory-with-Kasia-Niewiadoma-1.webp","width":990,"height":660},{"@type":"BreadcrumbList","@id":"https:\/\/www.welovecycling.com\/pl\/2024\/10\/23\/tadej-pogacar-buduje-pomnik-swietne-miejsce-katarzyny-niewiadomej\/#breadcrumb","itemListElement":[{"@type":"ListItem","position":1,"name":"Home","item":"https:\/\/www.welovecycling.com\/pl\/"},{"@type":"ListItem","position":2,"name":"Tadej Poga\u010dar buduje pomnik, \u015bwietne miejsce Katarzyny Niewiadomej"}]},{"@type":"WebSite","@id":"https:\/\/www.welovecycling.com\/pl\/#website","url":"https:\/\/www.welovecycling.com\/pl\/","name":"\u0160koda We Love Cycling - Poland","description":"","potentialAction":[{"@type":"SearchAction","target":{"@type":"EntryPoint","urlTemplate":"https:\/\/www.welovecycling.com\/pl\/?s={search_term_string}"},"query-input":{"@type":"PropertyValueSpecification","valueRequired":true,"valueName":"search_term_string"}}],"inLanguage":"pl-PL"},{"@type":"Person","@id":"https:\/\/www.welovecycling.com\/pl\/#\/schema\/person\/e551e469d0b17f4e0b87f3f4fa8fc0f2","name":"konradbobrowski","image":{"@type":"ImageObject","inLanguage":"pl-PL","@id":"https:\/\/www.welovecycling.com\/pl\/#\/schema\/person\/image\/","url":"https:\/\/secure.gravatar.com\/avatar\/91ac5a8cb4a26d3b32dc77b5e6d46616cf6adf425879538f5e5d7e4ef2333a4c?s=96&d=mm&r=g","contentUrl":"https:\/\/secure.gravatar.com\/avatar\/91ac5a8cb4a26d3b32dc77b5e6d46616cf6adf425879538f5e5d7e4ef2333a4c?s=96&d=mm&r=g","caption":"konradbobrowski"},"url":"https:\/\/www.welovecycling.com\/pl\/author\/konradbobrowski\/"}]}},"_links":{"self":[{"href":"https:\/\/www.welovecycling.com\/pl\/wp-json\/wp\/v2\/posts\/15938","targetHints":{"allow":["GET"]}}],"collection":[{"href":"https:\/\/www.welovecycling.com\/pl\/wp-json\/wp\/v2\/posts"}],"about":[{"href":"https:\/\/www.welovecycling.com\/pl\/wp-json\/wp\/v2\/types\/post"}],"author":[{"embeddable":true,"href":"https:\/\/www.welovecycling.com\/pl\/wp-json\/wp\/v2\/users\/187"}],"replies":[{"embeddable":true,"href":"https:\/\/www.welovecycling.com\/pl\/wp-json\/wp\/v2\/comments?post=15938"}],"version-history":[{"count":2,"href":"https:\/\/www.welovecycling.com\/pl\/wp-json\/wp\/v2\/posts\/15938\/revisions"}],"predecessor-version":[{"id":15941,"href":"https:\/\/www.welovecycling.com\/pl\/wp-json\/wp\/v2\/posts\/15938\/revisions\/15941"}],"wp:featuredmedia":[{"embeddable":true,"href":"https:\/\/www.welovecycling.com\/pl\/wp-json\/wp\/v2\/media\/15939"}],"wp:attachment":[{"href":"https:\/\/www.welovecycling.com\/pl\/wp-json\/wp\/v2\/media?parent=15938"}],"wp:term":[{"taxonomy":"category","embeddable":true,"href":"https:\/\/www.welovecycling.com\/pl\/wp-json\/wp\/v2\/categories?post=15938"},{"taxonomy":"post_tag","embeddable":true,"href":"https:\/\/www.welovecycling.com\/pl\/wp-json\/wp\/v2\/tags?post=15938"},{"taxonomy":"global-categories","embeddable":true,"href":"https:\/\/www.welovecycling.com\/pl\/wp-json\/wp\/v2\/global-categories?post=15938"}],"curies":[{"name":"wp","href":"https:\/\/api.w.org\/{rel}","templated":true}]}}