{"id":15931,"date":"2024-10-21T07:55:43","date_gmt":"2024-10-21T07:55:43","guid":{"rendered":"https:\/\/www.welovecycling.com\/pl\/?p=15931"},"modified":"2024-10-21T07:55:43","modified_gmt":"2024-10-21T07:55:43","slug":"nowe-miejsce-na-naszej-wspolnej-rowerowej-mapie","status":"publish","type":"post","link":"https:\/\/www.welovecycling.com\/pl\/2024\/10\/21\/nowe-miejsce-na-naszej-wspolnej-rowerowej-mapie\/","title":{"rendered":"Nowe miejsce na naszej wsp\u00f3lnej rowerowej mapie"},"content":{"rendered":"<p><strong>Coraz bardziej podoba mi si\u0119 to wyszukiwanie ciekawych geograficznie i przyjaznych rowerzystom miejsc\u00f3wek w naszym kraju. Tym razem postanowi\u0142em odwiedzi\u0107 z rowerem i kamer\u0105 region Szwajcarii Po\u0142czy\u0144skiej. Swoj\u0105 charakterystyk\u0105 przypomina szwajcarskie pofalowane krajobrazy z du\u017c\u0105 liczb\u0105 pastwisk, jezior i ma\u0142ych miejscowo\u015bci. Co warto wspomnie\u0107, to fakt, \u017ce nazwa tej krainy funkcjonuje od pocz\u0105tk\u00f3w ubieg\u0142ego wieku, czyli w czasach, gdy ziemie te by\u0142y terenami niemieckimi. Ludno\u015b\u0107 polska, kt\u00f3ra powoli nap\u0142ywa\u0142a w to miejsce, nie zmieni\u0142a nazwy, poniewa\u017c by\u0142a zachwycona widokami. Z tego, co wyczyta\u0142em i dowiedzia\u0142em si\u0119 na miejscu, to tak jak w Szwajcarii, okolica ma wielonarodow\u0105 spu\u015bcizn\u0119, w kt\u00f3rej mieszaj\u0105 si\u0119 \u015blady z Niemiec, Izraela, Prus, Rzeczpospolitej, dawnych pomorskich ksi\u0119stw, a dzi\u015b tak\u017ce ukrai\u0144skie i romskie. Przez Po\u0142czyn-Zdr\u00f3j przebiega\u0142 dawny g\u0142\u00f3wny trakt handlowy \u2013 Szlak Solny.<\/strong><\/p>\n<p>Mi\u0142o\u015bnicy natury i przyrody b\u0119d\u0105 zachwyceni ka\u017cdym kawa\u0142kiem Szwajcarii Po\u0142czy\u0144skiej, gdy\u017c miejsce to na mapie Europy jest jednym z ostatnich takich naturalnie dzikich obszar\u00f3w. Niemal nienaruszony ekosystem upodabnia j\u0105, cho\u0107 oczywi\u015bcie w mniejszej skali, do takich \u015bwiatowych przyrodniczych unikat\u00f3w jak park Yellowstone.<\/p>\n<p>Najwi\u0119kszym bogactwem okolicy s\u0105 solanka i borowina, kt\u00f3re od kilkuset lat s\u0142u\u017c\u0105 do leczenia w pobliskim kurorcie uzdrowiskowym \u2013 Po\u0142czynie-Zdroju.<\/p>\n<p>Zanim opowiem Wam wi\u0119cej o Szwajcarii Po\u0142czy\u0144skiej, zobaczcie, jak uda\u0142o nam si\u0119 uchwyci\u0107 to miejsce w obiektywie kamery.<\/p>\n<div class=\"embed-controller-wrapper\">\n<div class=\"embed-wrapper\"><iframe title=\"Najlepsze polskie trasy rowerowe. Szwajcaria Po\u0142czy\u0144ska\" width=\"500\" height=\"281\" data-src=\"https:\/\/www.youtube.com\/embed\/LOSAhHL7HSw?feature=oembed\" frameborder=\"0\" allow=\"accelerometer; autoplay; clipboard-write; encrypted-media; gyroscope; picture-in-picture; web-share\" referrerpolicy=\"strict-origin-when-cross-origin\" allowfullscreen><\/iframe><\/div>\n<\/div>\n<p>Szwajcaria Po\u0142czy\u0144ska rozci\u0105ga si\u0119 na obszarze gmin Po\u0142czyn-Zdr\u00f3j, Z\u0142ocieniec, Barwice, Czaplinek i gminy wiejskiej \u015awidwin. Miejscem wyj\u0105tkowym, uwa\u017canym za serce ca\u0142ego regionu, jest Dolina Pi\u0119ciu Jezior, czyli teren rezerwatu krajobrazowego pomi\u0119dzy Po\u0142czynem-Zdrojem a Czaplinkiem, kt\u00f3ry jest jednym z najbardziej malowniczych miejsc na terenie ca\u0142ego wojew\u00f3dztwa zachodniopomorskiego. Nad jeziorami g\u00f3ruj\u0105 wysokie na ponad 200 m wzg\u00f3rza morenowe, kt\u00f3re w wi\u0119kszo\u015bci pokryte s\u0105 pastwiskami i lasami. To w\u0142a\u015bnie tutaj wdrapa\u0107 si\u0119 mo\u017cemy na jedno z najwy\u017cszych wzniesie\u0144 ca\u0142ego Pomorza Zachodniego, czyli Wol\u0105 G\u00f3r\u0119 o wysoko\u015bci 219,2 m n.p.m., na kt\u00f3rej szczycie znajduje si\u0119 wie\u017ca obserwacyjna.<\/p>\n<p>Miejsce, kt\u00f3re odwiedzi\u0142em, ma r\u00f3wnie\u017c bogat\u0105 ofert\u0119 dla bardziej wysportowanej grupy kuracjuszy \u2013 jest tutaj sporo szlak\u00f3w pieszych i rowerowych. Prawdziwa pere\u0142ka to trasa \u201eZwini\u0119tych tor\u00f3w\u201d, czyli \u015bcie\u017cka rowerowa poprowadzona dok\u0142adnie po \u015bladzie dawnej kolei. Jest p\u0142aska i zarezerwowana tylko dla rowerzyst\u00f3w. Prowadzi z Po\u0142czyna-Zdroju do Z\u0142ocie\u0144ca i ma d\u0142ugo\u015b\u0107 27 km.<\/p>\n<p><a href=\"https:\/\/d2p6e6u75xmxt8.cloudfront.net\/5\/2024\/10\/Fotka3.webp\"><img loading=\"lazy\" decoding=\"async\" class=\"alignnone size-full wp-image-15934\" src=\"https:\/\/d2p6e6u75xmxt8.cloudfront.net\/5\/2024\/10\/Fotka3.webp\" alt=\"\" width=\"1728\" height=\"970\" srcset=\"https:\/\/d2p6e6u75xmxt8.cloudfront.net\/5\/2024\/10\/Fotka3.webp 1728w, https:\/\/d2p6e6u75xmxt8.cloudfront.net\/5\/2024\/10\/Fotka3-300x168.webp 300w, https:\/\/d2p6e6u75xmxt8.cloudfront.net\/5\/2024\/10\/Fotka3-1024x575.webp 1024w, https:\/\/d2p6e6u75xmxt8.cloudfront.net\/5\/2024\/10\/Fotka3-768x431.webp 768w, https:\/\/d2p6e6u75xmxt8.cloudfront.net\/5\/2024\/10\/Fotka3-1536x862.webp 1536w, https:\/\/d2p6e6u75xmxt8.cloudfront.net\/5\/2024\/10\/Fotka3-400x225.webp 400w\" sizes=\"auto, (max-width: 1728px) 100vw, 1728px\" \/><\/a><\/p>\n<p>Nadle\u015bnictwo Po\u0142czyn przygotowa\u0142o dla turyst\u00f3w \u015bcie\u017ck\u0119 edukacyjn\u0105 pod nazw\u0105 \u201eDbaj\u0105c o figur\u0119, poznaj\u0119 natur\u0119\u201d. Oddany do u\u017cytku w 2013 roku odcinek o d\u0142ugo\u015bci 6,5 km rozpoczyna si\u0119 przy schronisku Tadeusz\u00f3wka, a na trasie znajduj\u0105 si\u0119 liczne si\u0142ownie zewn\u0119trzne, wiaty, \u0142awosto\u0142y oraz oczywi\u015bcie tablice informacyjne i edukacyjne opisuj\u0105ce ro\u015blinno\u015b\u0107 i zwierz\u0119ta. Trasa prowadzi mi\u0119dzy innymi przez Wilcze Jary i Grodzisko.<\/p>\n<p>34-kilometrowy szlak rowerowy \u201eSzwajcaria Po\u0142czy\u0144ska\u201d oznaczony jest kolorem czerwonym, a 15 km to drogi utwardzone. Na trasie znale\u017a\u0107 mo\u017cna liczne wzniesienia, kt\u00f3re poczujemy w nogach, ale widoki i blisko\u015b\u0107 natury na pewno b\u0119d\u0105 tego warte.<\/p>\n<p><a href=\"https:\/\/d2p6e6u75xmxt8.cloudfront.net\/5\/2024\/10\/Fotka2.webp\"><img loading=\"lazy\" decoding=\"async\" class=\"alignnone size-full wp-image-15933\" src=\"https:\/\/d2p6e6u75xmxt8.cloudfront.net\/5\/2024\/10\/Fotka2.webp\" alt=\"\" width=\"1735\" height=\"975\" srcset=\"https:\/\/d2p6e6u75xmxt8.cloudfront.net\/5\/2024\/10\/Fotka2.webp 1735w, https:\/\/d2p6e6u75xmxt8.cloudfront.net\/5\/2024\/10\/Fotka2-300x169.webp 300w, https:\/\/d2p6e6u75xmxt8.cloudfront.net\/5\/2024\/10\/Fotka2-1024x575.webp 1024w, https:\/\/d2p6e6u75xmxt8.cloudfront.net\/5\/2024\/10\/Fotka2-768x432.webp 768w, https:\/\/d2p6e6u75xmxt8.cloudfront.net\/5\/2024\/10\/Fotka2-1536x863.webp 1536w, https:\/\/d2p6e6u75xmxt8.cloudfront.net\/5\/2024\/10\/Fotka2-400x225.webp 400w\" sizes=\"auto, (max-width: 1735px) 100vw, 1735px\" \/><\/a><\/p>\n<p>Sam Po\u0142czyn-Zdr\u00f3j oferuje pi\u0119kny park zdrojowy z t\u0119\u017cni\u0105 solankow\u0105. Deptak na ul. Grunwaldzkiej to bez dw\u00f3ch zda\u0144 miejsce, kt\u00f3re nale\u017cy odwiedzi\u0107, gdy\u017c w cieplejszych miesi\u0105cach instalowane s\u0105 tutaj kolorowe parasolki, kt\u00f3re robi\u0105 niesamowite wra\u017cenie. Zalew w Po\u0142czynie, kt\u00f3ry znajduje si\u0119 w zasi\u0119gu d\u0142u\u017cszego spaceru od centrum miasta, mie\u015bci si\u0119 na terenie Drawskiego Parku Narodowego. Jest to zbiornik retencyjny o powierzchni 23 ha po\u0142o\u017cony bardzo blisko sanatorium Borkowo, nie dziwi wi\u0119c liczba spacerowicz\u00f3w w tej okolicy.<\/p>\n<p><a class=\"in-cell-link\" href=\"http:\/\/www.skoda-auto.pl\/\" target=\"_blank\" rel=\"noopener\">Artyku\u0142 powsta\u0142 we wsp\u00f3\u0142pracy ze skoda-auto.pl<\/a><\/p>\n<p><a href=\"https:\/\/d2p6e6u75xmxt8.cloudfront.net\/5\/2030\/11\/1.webp\"><img loading=\"lazy\" decoding=\"async\" class=\"size-full wp-image-13777 aligncenter\" src=\"https:\/\/d2p6e6u75xmxt8.cloudfront.net\/5\/2030\/11\/1.webp\" alt=\"\" width=\"640\" height=\"350\" srcset=\"https:\/\/d2p6e6u75xmxt8.cloudfront.net\/5\/2030\/11\/1.webp 640w, https:\/\/d2p6e6u75xmxt8.cloudfront.net\/5\/2030\/11\/1-300x164.webp 300w, https:\/\/d2p6e6u75xmxt8.cloudfront.net\/5\/2030\/11\/1-400x219.webp 400w\" sizes=\"auto, (max-width: 640px) 100vw, 640px\" \/><\/a><\/p>\n","protected":false},"excerpt":{"rendered":"<p>Coraz bardziej podoba mi si\u0119 to wyszukiwanie ciekawych geograficznie i przyjaznych rowerzystom miejsc\u00f3wek w naszym kraju. Tym razem postanowi\u0142em odwiedzi\u0107 [&hellip;]<\/p>\n","protected":false},"author":187,"featured_media":15932,"comment_status":"open","ping_status":"open","sticky":false,"template":"","format":"standard","meta":{"footnotes":""},"categories":[203],"tags":[108,117,191,404,107],"global-categories":[303],"class_list":["post-15931","post","type-post","status-publish","format-standard","has-post-thumbnail","hentry","category-bartosz-huzarski","tag-bartosz-huzarski","tag-najlepsze-trasy","tag-skoda","tag-skodapolska","tag-trasy-rowerowe","global-categories-cycling"],"yoast_head":"<!-- This site is optimized with the Yoast SEO Premium plugin v25.3 (Yoast SEO v25.9) - https:\/\/yoast.com\/wordpress\/plugins\/seo\/ -->\n<title>Nowe miejsce na naszej wsp\u00f3lnej rowerowej mapie - \u0160koda We Love Cycling - Poland<\/title>\n<meta name=\"robots\" content=\"index, follow, max-snippet:-1, max-image-preview:large, max-video-preview:-1\" \/>\n<link rel=\"canonical\" href=\"https:\/\/www.welovecycling.com\/pl\/2024\/10\/21\/nowe-miejsce-na-naszej-wspolnej-rowerowej-mapie\/\" \/>\n<meta property=\"og:locale\" content=\"pl_PL\" \/>\n<meta property=\"og:type\" content=\"article\" \/>\n<meta property=\"og:title\" content=\"Nowe miejsce na naszej wsp\u00f3lnej rowerowej mapie\" \/>\n<meta property=\"og:description\" content=\"Coraz bardziej podoba mi si\u0119 to wyszukiwanie ciekawych geograficznie i przyjaznych rowerzystom miejsc\u00f3wek w naszym kraju. Tym razem postanowi\u0142em odwiedzi\u0107 [&hellip;]\" \/>\n<meta property=\"og:url\" content=\"https:\/\/www.welovecycling.com\/pl\/2024\/10\/21\/nowe-miejsce-na-naszej-wspolnej-rowerowej-mapie\/\" \/>\n<meta property=\"og:site_name\" content=\"\u0160koda We Love Cycling - Poland\" \/>\n<meta property=\"article:published_time\" content=\"2024-10-21T07:55:43+00:00\" \/>\n<meta property=\"og:image\" content=\"https:\/\/d2p6e6u75xmxt8.cloudfront.net\/5\/2024\/10\/Fotka1.webp\" \/>\n\t<meta property=\"og:image:width\" content=\"1731\" \/>\n\t<meta property=\"og:image:height\" content=\"976\" \/>\n\t<meta property=\"og:image:type\" content=\"image\/webp\" \/>\n<meta name=\"author\" content=\"konradbobrowski\" \/>\n<meta name=\"twitter:card\" content=\"summary_large_image\" \/>\n<meta name=\"twitter:label1\" content=\"Written by\" \/>\n\t<meta name=\"twitter:data1\" content=\"Bartosz Huzarski\" \/>\n\t<meta name=\"twitter:label2\" content=\"Est. reading time\" \/>\n\t<meta name=\"twitter:data2\" content=\"4\" \/>\n<script type=\"application\/ld+json\" class=\"yoast-schema-graph\">{\"@context\":\"https:\/\/schema.org\",\"@graph\":[{\"@type\":\"WebPage\",\"@id\":\"https:\/\/www.welovecycling.com\/pl\/2024\/10\/21\/nowe-miejsce-na-naszej-wspolnej-rowerowej-mapie\/\",\"url\":\"https:\/\/www.welovecycling.com\/pl\/2024\/10\/21\/nowe-miejsce-na-naszej-wspolnej-rowerowej-mapie\/\",\"name\":\"Nowe miejsce na naszej wsp\u00f3lnej rowerowej mapie - \u0160koda We Love Cycling - Poland\",\"isPartOf\":{\"@id\":\"https:\/\/www.welovecycling.com\/pl\/#website\"},\"primaryImageOfPage\":{\"@id\":\"https:\/\/www.welovecycling.com\/pl\/2024\/10\/21\/nowe-miejsce-na-naszej-wspolnej-rowerowej-mapie\/#primaryimage\"},\"image\":{\"@id\":\"https:\/\/www.welovecycling.com\/pl\/2024\/10\/21\/nowe-miejsce-na-naszej-wspolnej-rowerowej-mapie\/#primaryimage\"},\"thumbnailUrl\":\"https:\/\/d2p6e6u75xmxt8.cloudfront.net\/5\/2024\/10\/Fotka1.webp\",\"datePublished\":\"2024-10-21T07:55:43+00:00\",\"author\":{\"@id\":\"https:\/\/www.welovecycling.com\/pl\/#\/schema\/person\/e551e469d0b17f4e0b87f3f4fa8fc0f2\"},\"breadcrumb\":{\"@id\":\"https:\/\/www.welovecycling.com\/pl\/2024\/10\/21\/nowe-miejsce-na-naszej-wspolnej-rowerowej-mapie\/#breadcrumb\"},\"inLanguage\":\"pl-PL\",\"potentialAction\":[{\"@type\":\"ReadAction\",\"target\":[\"https:\/\/www.welovecycling.com\/pl\/2024\/10\/21\/nowe-miejsce-na-naszej-wspolnej-rowerowej-mapie\/\"]}]},{\"@type\":\"ImageObject\",\"inLanguage\":\"pl-PL\",\"@id\":\"https:\/\/www.welovecycling.com\/pl\/2024\/10\/21\/nowe-miejsce-na-naszej-wspolnej-rowerowej-mapie\/#primaryimage\",\"url\":\"https:\/\/d2p6e6u75xmxt8.cloudfront.net\/5\/2024\/10\/Fotka1.webp\",\"contentUrl\":\"https:\/\/d2p6e6u75xmxt8.cloudfront.net\/5\/2024\/10\/Fotka1.webp\",\"width\":1731,\"height\":976},{\"@type\":\"BreadcrumbList\",\"@id\":\"https:\/\/www.welovecycling.com\/pl\/2024\/10\/21\/nowe-miejsce-na-naszej-wspolnej-rowerowej-mapie\/#breadcrumb\",\"itemListElement\":[{\"@type\":\"ListItem\",\"position\":1,\"name\":\"Home\",\"item\":\"https:\/\/www.welovecycling.com\/pl\/\"},{\"@type\":\"ListItem\",\"position\":2,\"name\":\"Nowe miejsce na naszej wsp\u00f3lnej rowerowej mapie\"}]},{\"@type\":\"WebSite\",\"@id\":\"https:\/\/www.welovecycling.com\/pl\/#website\",\"url\":\"https:\/\/www.welovecycling.com\/pl\/\",\"name\":\"\u0160koda We Love Cycling - Poland\",\"description\":\"\",\"potentialAction\":[{\"@type\":\"SearchAction\",\"target\":{\"@type\":\"EntryPoint\",\"urlTemplate\":\"https:\/\/www.welovecycling.com\/pl\/?s={search_term_string}\"},\"query-input\":{\"@type\":\"PropertyValueSpecification\",\"valueRequired\":true,\"valueName\":\"search_term_string\"}}],\"inLanguage\":\"pl-PL\"},{\"@type\":\"Person\",\"@id\":\"https:\/\/www.welovecycling.com\/pl\/#\/schema\/person\/e551e469d0b17f4e0b87f3f4fa8fc0f2\",\"name\":\"konradbobrowski\",\"image\":{\"@type\":\"ImageObject\",\"inLanguage\":\"pl-PL\",\"@id\":\"https:\/\/www.welovecycling.com\/pl\/#\/schema\/person\/image\/\",\"url\":\"https:\/\/secure.gravatar.com\/avatar\/91ac5a8cb4a26d3b32dc77b5e6d46616cf6adf425879538f5e5d7e4ef2333a4c?s=96&d=mm&r=g\",\"contentUrl\":\"https:\/\/secure.gravatar.com\/avatar\/91ac5a8cb4a26d3b32dc77b5e6d46616cf6adf425879538f5e5d7e4ef2333a4c?s=96&d=mm&r=g\",\"caption\":\"konradbobrowski\"},\"url\":\"https:\/\/www.welovecycling.com\/pl\/author\/konradbobrowski\/\"}]}<\/script>\n<!-- \/ Yoast SEO Premium plugin. -->","yoast_head_json":{"title":"Nowe miejsce na naszej wsp\u00f3lnej rowerowej mapie - \u0160koda We Love Cycling - Poland","robots":{"index":"index","follow":"follow","max-snippet":"max-snippet:-1","max-image-preview":"max-image-preview:large","max-video-preview":"max-video-preview:-1"},"canonical":"https:\/\/www.welovecycling.com\/pl\/2024\/10\/21\/nowe-miejsce-na-naszej-wspolnej-rowerowej-mapie\/","og_locale":"pl_PL","og_type":"article","og_title":"Nowe miejsce na naszej wsp\u00f3lnej rowerowej mapie","og_description":"Coraz bardziej podoba mi si\u0119 to wyszukiwanie ciekawych geograficznie i przyjaznych rowerzystom miejsc\u00f3wek w naszym kraju. Tym razem postanowi\u0142em odwiedzi\u0107 [&hellip;]","og_url":"https:\/\/www.welovecycling.com\/pl\/2024\/10\/21\/nowe-miejsce-na-naszej-wspolnej-rowerowej-mapie\/","og_site_name":"\u0160koda We Love Cycling - Poland","article_published_time":"2024-10-21T07:55:43+00:00","og_image":[{"width":1731,"height":976,"url":"https:\/\/d2p6e6u75xmxt8.cloudfront.net\/5\/2024\/10\/Fotka1.webp","type":"image\/webp"}],"author":"konradbobrowski","twitter_card":"summary_large_image","twitter_misc":{"Written by":"Bartosz Huzarski","Est. reading time":"4"},"schema":{"@context":"https:\/\/schema.org","@graph":[{"@type":"WebPage","@id":"https:\/\/www.welovecycling.com\/pl\/2024\/10\/21\/nowe-miejsce-na-naszej-wspolnej-rowerowej-mapie\/","url":"https:\/\/www.welovecycling.com\/pl\/2024\/10\/21\/nowe-miejsce-na-naszej-wspolnej-rowerowej-mapie\/","name":"Nowe miejsce na naszej wsp\u00f3lnej rowerowej mapie - \u0160koda We Love Cycling - Poland","isPartOf":{"@id":"https:\/\/www.welovecycling.com\/pl\/#website"},"primaryImageOfPage":{"@id":"https:\/\/www.welovecycling.com\/pl\/2024\/10\/21\/nowe-miejsce-na-naszej-wspolnej-rowerowej-mapie\/#primaryimage"},"image":{"@id":"https:\/\/www.welovecycling.com\/pl\/2024\/10\/21\/nowe-miejsce-na-naszej-wspolnej-rowerowej-mapie\/#primaryimage"},"thumbnailUrl":"https:\/\/d2p6e6u75xmxt8.cloudfront.net\/5\/2024\/10\/Fotka1.webp","datePublished":"2024-10-21T07:55:43+00:00","author":{"@id":"https:\/\/www.welovecycling.com\/pl\/#\/schema\/person\/e551e469d0b17f4e0b87f3f4fa8fc0f2"},"breadcrumb":{"@id":"https:\/\/www.welovecycling.com\/pl\/2024\/10\/21\/nowe-miejsce-na-naszej-wspolnej-rowerowej-mapie\/#breadcrumb"},"inLanguage":"pl-PL","potentialAction":[{"@type":"ReadAction","target":["https:\/\/www.welovecycling.com\/pl\/2024\/10\/21\/nowe-miejsce-na-naszej-wspolnej-rowerowej-mapie\/"]}]},{"@type":"ImageObject","inLanguage":"pl-PL","@id":"https:\/\/www.welovecycling.com\/pl\/2024\/10\/21\/nowe-miejsce-na-naszej-wspolnej-rowerowej-mapie\/#primaryimage","url":"https:\/\/d2p6e6u75xmxt8.cloudfront.net\/5\/2024\/10\/Fotka1.webp","contentUrl":"https:\/\/d2p6e6u75xmxt8.cloudfront.net\/5\/2024\/10\/Fotka1.webp","width":1731,"height":976},{"@type":"BreadcrumbList","@id":"https:\/\/www.welovecycling.com\/pl\/2024\/10\/21\/nowe-miejsce-na-naszej-wspolnej-rowerowej-mapie\/#breadcrumb","itemListElement":[{"@type":"ListItem","position":1,"name":"Home","item":"https:\/\/www.welovecycling.com\/pl\/"},{"@type":"ListItem","position":2,"name":"Nowe miejsce na naszej wsp\u00f3lnej rowerowej mapie"}]},{"@type":"WebSite","@id":"https:\/\/www.welovecycling.com\/pl\/#website","url":"https:\/\/www.welovecycling.com\/pl\/","name":"\u0160koda We Love Cycling - Poland","description":"","potentialAction":[{"@type":"SearchAction","target":{"@type":"EntryPoint","urlTemplate":"https:\/\/www.welovecycling.com\/pl\/?s={search_term_string}"},"query-input":{"@type":"PropertyValueSpecification","valueRequired":true,"valueName":"search_term_string"}}],"inLanguage":"pl-PL"},{"@type":"Person","@id":"https:\/\/www.welovecycling.com\/pl\/#\/schema\/person\/e551e469d0b17f4e0b87f3f4fa8fc0f2","name":"konradbobrowski","image":{"@type":"ImageObject","inLanguage":"pl-PL","@id":"https:\/\/www.welovecycling.com\/pl\/#\/schema\/person\/image\/","url":"https:\/\/secure.gravatar.com\/avatar\/91ac5a8cb4a26d3b32dc77b5e6d46616cf6adf425879538f5e5d7e4ef2333a4c?s=96&d=mm&r=g","contentUrl":"https:\/\/secure.gravatar.com\/avatar\/91ac5a8cb4a26d3b32dc77b5e6d46616cf6adf425879538f5e5d7e4ef2333a4c?s=96&d=mm&r=g","caption":"konradbobrowski"},"url":"https:\/\/www.welovecycling.com\/pl\/author\/konradbobrowski\/"}]}},"_links":{"self":[{"href":"https:\/\/www.welovecycling.com\/pl\/wp-json\/wp\/v2\/posts\/15931","targetHints":{"allow":["GET"]}}],"collection":[{"href":"https:\/\/www.welovecycling.com\/pl\/wp-json\/wp\/v2\/posts"}],"about":[{"href":"https:\/\/www.welovecycling.com\/pl\/wp-json\/wp\/v2\/types\/post"}],"author":[{"embeddable":true,"href":"https:\/\/www.welovecycling.com\/pl\/wp-json\/wp\/v2\/users\/187"}],"replies":[{"embeddable":true,"href":"https:\/\/www.welovecycling.com\/pl\/wp-json\/wp\/v2\/comments?post=15931"}],"version-history":[{"count":2,"href":"https:\/\/www.welovecycling.com\/pl\/wp-json\/wp\/v2\/posts\/15931\/revisions"}],"predecessor-version":[{"id":15936,"href":"https:\/\/www.welovecycling.com\/pl\/wp-json\/wp\/v2\/posts\/15931\/revisions\/15936"}],"wp:featuredmedia":[{"embeddable":true,"href":"https:\/\/www.welovecycling.com\/pl\/wp-json\/wp\/v2\/media\/15932"}],"wp:attachment":[{"href":"https:\/\/www.welovecycling.com\/pl\/wp-json\/wp\/v2\/media?parent=15931"}],"wp:term":[{"taxonomy":"category","embeddable":true,"href":"https:\/\/www.welovecycling.com\/pl\/wp-json\/wp\/v2\/categories?post=15931"},{"taxonomy":"post_tag","embeddable":true,"href":"https:\/\/www.welovecycling.com\/pl\/wp-json\/wp\/v2\/tags?post=15931"},{"taxonomy":"global-categories","embeddable":true,"href":"https:\/\/www.welovecycling.com\/pl\/wp-json\/wp\/v2\/global-categories?post=15931"}],"curies":[{"name":"wp","href":"https:\/\/api.w.org\/{rel}","templated":true}]}}