{"id":15918,"date":"2024-10-14T14:43:34","date_gmt":"2024-10-14T14:43:34","guid":{"rendered":"https:\/\/www.welovecycling.com\/pl\/?p=15918"},"modified":"2024-10-15T06:54:22","modified_gmt":"2024-10-15T06:54:22","slug":"w-zyciu-pewne-sa-trzy-rzeczy-krol-nie-odpuszcza","status":"publish","type":"post","link":"https:\/\/www.welovecycling.com\/pl\/2024\/10\/14\/w-zyciu-pewne-sa-trzy-rzeczy-krol-nie-odpuszcza\/","title":{"rendered":"W \u017cyciu pewne s\u0105 trzy rzeczy&#8230; Kr\u00f3l nie odpuszcza!"},"content":{"rendered":"<p><strong>Napisa\u0107, \u017ce to sezon Tadeja Poga\u010dara (UAE Team Emirates), to nic nie napisa\u0107. <span data-olk-copy-source=\"MessageBody\">S\u0142oweniec odni\u00f3s\u0142 sw\u00f3j pierwszy triumf w t\u0119czowej koszulce mistrza \u015bwiata, tym razem wygrywaj\u0105c presti\u017cowy Il Lombardia.<\/span><br \/>\n<\/strong><\/p>\n<p>Je\u015bli tak dalej p\u00f3jdzie, to b\u0119dzie mo\u017cna napisa\u0107, \u017ce w \u017cyciu pewne s\u0105 trzy rzeczy: \u015bmier\u0107, podatki i wygrane Tadeja Poga\u010dara. Czego bowiem S\u0142oweniec w tym sezonie nie dotknie, to zamienia w z\u0142oto, a tym razem mia\u0142o to miejsce podczas wy\u015bcigu Il Lombardia.<\/p>\n<p><a href=\"https:\/\/x.com\/UCI_cycling\/status\/1845137783616164059\">https:\/\/x.com\/UCI_cycling\/status\/1845137783616164059<\/a><\/p>\n<p>Ju\u017c przed wy\u015bcigiem by\u0142o wiadomo, \u017ce Poga\u010dar nie odpu\u015bci ko\u0144c\u00f3wki sezonu. Pokusa by\u0142a bowiem zbyt du\u017ca \u2013 najbardziej g\u00f3rzysty klasyk wielkiej pi\u0105tki. A skoro g\u00f3ry, to jest niemal pewne, \u017ce mo\u017cna liczy\u0107 na atak S\u0142owe\u0144ca.<\/p>\n<p>I tak w\u0142a\u015bnie by\u0142o. Poga\u010dar zn\u00f3w mocno depn\u0105\u0142 i zn\u00f3w by\u0142o to daleko przed met\u0105. Co prawda nie wykona\u0142 takiej szar\u017cy jak podczas mistrzostw \u015bwiata, ale odstawienie stawki ju\u017c 50 km przed met\u0105 \u015bwiadczy o sile i niesamowitej formie 26-letniego zawodnika UEA Team Emirates.<\/p>\n<p><span style=\"font-size: 18pt;\"><strong>Wielka wygrana mistrza \u015bwiata<\/strong><\/span><\/p>\n<p>Trzeba jednak przyzna\u0107, \u017ce \u015bwietn\u0105 prac\u0119 dla swojego lidera po raz kolejny wykona\u0142a dru\u017cyna. Zawodnicy p\u0142ynnie zmieniali si\u0119 na czele grupy po\u015bcigowej, a w tym czasie Poga\u010dar sposobi\u0142 si\u0119 do ataku. Wykona\u0142 go dok\u0142adnie 48,5 km przed met\u0105 i po raz kolejny zrobi\u0142 to w wielkim stylu \u2013 gdy tylko mocniej depn\u0105\u0142 na peda\u0142y, odebra\u0142 nadziej\u0119 na podj\u0119cie walki nawet najwi\u0119kszym optymistom.<\/p>\n<p><a href=\"https:\/\/x.com\/Il_Lombardia\/status\/1845136354402832698\">https:\/\/x.com\/Il_Lombardia\/status\/1845136354402832698<\/a><\/p>\n<p>\u2013 Drugi stopie\u0144 podium to jak zwyci\u0119stwo, a zaj\u0119cie miejsca tu\u017c po Tadeju napawa mnie dum\u0105. C\u00f3\u017c, musz\u0119 po prostu by\u0107 realist\u0105&#8230; \u2013 przyzna\u0142 tu\u017c po wy\u015bcigu przed kamerami Remco Evenepoel (Soudal Quick-Step), kt\u00f3ry na mecie zameldowa\u0142 si\u0119 ponad 3 minuty po Poga\u010darze.<\/p>\n<p>\u2013 Jecha\u0142em swoim tempem i stara\u0142em si\u0119 ograniczy\u0107 strat\u0119 do lidera. Wszyscy widzieli jednak, kto jest najlepszym kolarzem i zas\u0142u\u017cy\u0142 na wygran\u0105, a ja na ostatnich kilometrach toczy\u0142em walk\u0119 sam ze sob\u0105. Drugie miejsce we W\u0142oszech to dobre zako\u0144czenie sezonu \u2013 doda\u0142 mistrz olimpijski.<\/p>\n<p><a href=\"https:\/\/x.com\/Il_Lombardia\/status\/1845117795085832676\">https:\/\/x.com\/Il_Lombardia\/status\/1845117795085832676<\/a><\/p>\n<p>Poga\u010dar do\u0142o\u017cy\u0142 wi\u0119c kolejn\u0105 wygran\u0105 w tym sezonie, dorzucaj\u0105c j\u0105 do m.in. zwyci\u0119stwa w Tour de France, Giro d&#8217;Italia oraz mistrzostwach \u015bwiata.<\/p>\n<p><span style=\"font-size: 18pt;\"><strong>\u015awietne wie\u015bci dla Rafa\u0142a Majki<\/strong><\/span><\/p>\n<p>Tu\u017c przed wy\u015bcigiem dodatkow\u0105 motywacj\u0119 zyska\u0142 klubowy kolega Poga\u010dara \u2013 Rafa\u0142 Majka. Polak przed\u0142u\u017cy\u0142 umow\u0119 z najmocniejsz\u0105 obecnie ekip\u0105 na \u015bwiecie, a to oznacza, \u017ce w UAE Team Emirates b\u0119dzie je\u017adzi\u0142 tak\u017ce w przysz\u0142ym sezonie.<\/p>\n<p>\u2013 Bardzo si\u0119 ciesz\u0119, \u017ce zostaj\u0119. Czuj\u0119 si\u0119 tu jak w domu i jestem podekscytowany tym, co jeszcze mo\u017cemy osi\u0105gn\u0105\u0107. My\u015bl\u0119, \u017ce mam jeszcze wiele do zaoferowania w roli, kt\u00f3ra sprawia mi du\u017co przyjemno\u015bci \u2013 podkre\u015bla\u0142 Polak na oficjalnej stronie UEA Team Emirates.<\/p>\n<p><a href=\"https:\/\/x.com\/TeamEmiratesUAE\/status\/1844359775561318440\">https:\/\/x.com\/TeamEmiratesUAE\/status\/1844359775561318440<\/a><\/p>\n<p>\u2013 Jeste\u015bmy szcz\u0119\u015bliwi, \u017ce Rafa\u0142 wci\u0105\u017c b\u0119dzie z nami \u2013 m\u00f3wi Mauro Gianetti, dyrektor generalny zespo\u0142u. \u2013 Nasz team ma wiele m\u0142odych talent\u00f3w, ale tak do\u015bwiadczony zawodnik mo\u017ce odegra\u0107 u nas wa\u017cn\u0105 rol\u0119. To przyk\u0142ad kolarza, kt\u00f3ry wr\u00f3s\u0142 w swoj\u0105 funkcj\u0119 w dru\u017cynie i nadal potrafi by\u0107 jednym z najlepszych \u201eg\u00f3rali\u201d na \u015bwiecie.<\/p>\n<p><a class=\"in-cell-link\" href=\"http:\/\/www.skoda-auto.pl\/\" target=\"_blank\" rel=\"noopener\">Artyku\u0142 powsta\u0142 we wsp\u00f3\u0142pracy ze skoda-auto.pl<\/a><\/p>\n<p><a href=\"https:\/\/d2p6e6u75xmxt8.cloudfront.net\/5\/2030\/11\/3.webp\"><img loading=\"lazy\" decoding=\"async\" class=\"size-full wp-image-13776 aligncenter\" src=\"https:\/\/d2p6e6u75xmxt8.cloudfront.net\/5\/2030\/11\/3.webp\" alt=\"\" width=\"640\" height=\"350\" srcset=\"https:\/\/d2p6e6u75xmxt8.cloudfront.net\/5\/2030\/11\/3.webp 640w, https:\/\/d2p6e6u75xmxt8.cloudfront.net\/5\/2030\/11\/3-300x164.webp 300w, https:\/\/d2p6e6u75xmxt8.cloudfront.net\/5\/2030\/11\/3-400x219.webp 400w\" sizes=\"auto, (max-width: 640px) 100vw, 640px\" \/><\/a><\/p>\n","protected":false},"excerpt":{"rendered":"<p>Napisa\u0107, \u017ce to sezon Tadeja Poga\u010dara (UAE Team Emirates), to nic nie napisa\u0107. S\u0142oweniec odni\u00f3s\u0142 sw\u00f3j pierwszy triumf w t\u0119czowej [&hellip;]<\/p>\n","protected":false},"author":187,"featured_media":15919,"comment_status":"open","ping_status":"open","sticky":false,"template":"","format":"standard","meta":{"footnotes":""},"categories":[6],"tags":[151,191,404,379,423],"global-categories":[303],"class_list":["post-15918","post","type-post","status-publish","format-standard","has-post-thumbnail","hentry","category-kolarstwo-szosowe","tag-kolarstwo-szosowe","tag-skoda","tag-skodapolska","tag-tadej-pogacar","tag-wyscigi-szosowe","global-categories-cycling"],"yoast_head":"<!-- This site is optimized with the Yoast SEO Premium plugin v25.3 (Yoast SEO v25.9) - https:\/\/yoast.com\/wordpress\/plugins\/seo\/ -->\n<title>W \u017cyciu pewne s\u0105 trzy rzeczy... Kr\u00f3l nie odpuszcza! - \u0160koda We Love Cycling - Poland<\/title>\n<meta name=\"robots\" content=\"index, follow, max-snippet:-1, max-image-preview:large, max-video-preview:-1\" \/>\n<link rel=\"canonical\" href=\"https:\/\/www.welovecycling.com\/pl\/2024\/10\/14\/w-zyciu-pewne-sa-trzy-rzeczy-krol-nie-odpuszcza\/\" \/>\n<meta property=\"og:locale\" content=\"pl_PL\" \/>\n<meta property=\"og:type\" content=\"article\" \/>\n<meta property=\"og:title\" content=\"W \u017cyciu pewne s\u0105 trzy rzeczy... Kr\u00f3l nie odpuszcza!\" \/>\n<meta property=\"og:description\" content=\"Napisa\u0107, \u017ce to sezon Tadeja Poga\u010dara (UAE Team Emirates), to nic nie napisa\u0107. S\u0142oweniec odni\u00f3s\u0142 sw\u00f3j pierwszy triumf w t\u0119czowej [&hellip;]\" \/>\n<meta property=\"og:url\" content=\"https:\/\/www.welovecycling.com\/pl\/2024\/10\/14\/w-zyciu-pewne-sa-trzy-rzeczy-krol-nie-odpuszcza\/\" \/>\n<meta property=\"og:site_name\" content=\"\u0160koda We Love Cycling - Poland\" \/>\n<meta property=\"article:published_time\" content=\"2024-10-14T14:43:34+00:00\" \/>\n<meta property=\"article:modified_time\" content=\"2024-10-15T06:54:22+00:00\" \/>\n<meta property=\"og:image\" content=\"https:\/\/d2p6e6u75xmxt8.cloudfront.net\/5\/2024\/10\/Pogacar-on-Winning-the-Vuelta-a-Andalucia_-We-did-a-perfect-job-throughout-the-week.webp\" \/>\n\t<meta property=\"og:image:width\" content=\"990\" \/>\n\t<meta property=\"og:image:height\" content=\"660\" \/>\n\t<meta property=\"og:image:type\" content=\"image\/webp\" \/>\n<meta name=\"author\" content=\"konradbobrowski\" \/>\n<meta name=\"twitter:card\" content=\"summary_large_image\" \/>\n<meta name=\"twitter:label1\" content=\"Written by\" \/>\n\t<meta name=\"twitter:data1\" content=\"Piotr Nowik\" \/>\n\t<meta name=\"twitter:label2\" content=\"Est. reading time\" \/>\n\t<meta name=\"twitter:data2\" content=\"3\" \/>\n<script type=\"application\/ld+json\" class=\"yoast-schema-graph\">{\"@context\":\"https:\/\/schema.org\",\"@graph\":[{\"@type\":\"WebPage\",\"@id\":\"https:\/\/www.welovecycling.com\/pl\/2024\/10\/14\/w-zyciu-pewne-sa-trzy-rzeczy-krol-nie-odpuszcza\/\",\"url\":\"https:\/\/www.welovecycling.com\/pl\/2024\/10\/14\/w-zyciu-pewne-sa-trzy-rzeczy-krol-nie-odpuszcza\/\",\"name\":\"W \u017cyciu pewne s\u0105 trzy rzeczy... Kr\u00f3l nie odpuszcza! - \u0160koda We Love Cycling - Poland\",\"isPartOf\":{\"@id\":\"https:\/\/www.welovecycling.com\/pl\/#website\"},\"primaryImageOfPage\":{\"@id\":\"https:\/\/www.welovecycling.com\/pl\/2024\/10\/14\/w-zyciu-pewne-sa-trzy-rzeczy-krol-nie-odpuszcza\/#primaryimage\"},\"image\":{\"@id\":\"https:\/\/www.welovecycling.com\/pl\/2024\/10\/14\/w-zyciu-pewne-sa-trzy-rzeczy-krol-nie-odpuszcza\/#primaryimage\"},\"thumbnailUrl\":\"https:\/\/d2p6e6u75xmxt8.cloudfront.net\/5\/2024\/10\/Pogacar-on-Winning-the-Vuelta-a-Andalucia_-We-did-a-perfect-job-throughout-the-week.webp\",\"datePublished\":\"2024-10-14T14:43:34+00:00\",\"dateModified\":\"2024-10-15T06:54:22+00:00\",\"author\":{\"@id\":\"https:\/\/www.welovecycling.com\/pl\/#\/schema\/person\/e551e469d0b17f4e0b87f3f4fa8fc0f2\"},\"breadcrumb\":{\"@id\":\"https:\/\/www.welovecycling.com\/pl\/2024\/10\/14\/w-zyciu-pewne-sa-trzy-rzeczy-krol-nie-odpuszcza\/#breadcrumb\"},\"inLanguage\":\"pl-PL\",\"potentialAction\":[{\"@type\":\"ReadAction\",\"target\":[\"https:\/\/www.welovecycling.com\/pl\/2024\/10\/14\/w-zyciu-pewne-sa-trzy-rzeczy-krol-nie-odpuszcza\/\"]}]},{\"@type\":\"ImageObject\",\"inLanguage\":\"pl-PL\",\"@id\":\"https:\/\/www.welovecycling.com\/pl\/2024\/10\/14\/w-zyciu-pewne-sa-trzy-rzeczy-krol-nie-odpuszcza\/#primaryimage\",\"url\":\"https:\/\/d2p6e6u75xmxt8.cloudfront.net\/5\/2024\/10\/Pogacar-on-Winning-the-Vuelta-a-Andalucia_-We-did-a-perfect-job-throughout-the-week.webp\",\"contentUrl\":\"https:\/\/d2p6e6u75xmxt8.cloudfront.net\/5\/2024\/10\/Pogacar-on-Winning-the-Vuelta-a-Andalucia_-We-did-a-perfect-job-throughout-the-week.webp\",\"width\":990,\"height\":660},{\"@type\":\"BreadcrumbList\",\"@id\":\"https:\/\/www.welovecycling.com\/pl\/2024\/10\/14\/w-zyciu-pewne-sa-trzy-rzeczy-krol-nie-odpuszcza\/#breadcrumb\",\"itemListElement\":[{\"@type\":\"ListItem\",\"position\":1,\"name\":\"Home\",\"item\":\"https:\/\/www.welovecycling.com\/pl\/\"},{\"@type\":\"ListItem\",\"position\":2,\"name\":\"W \u017cyciu pewne s\u0105 trzy rzeczy&#8230; Kr\u00f3l nie odpuszcza!\"}]},{\"@type\":\"WebSite\",\"@id\":\"https:\/\/www.welovecycling.com\/pl\/#website\",\"url\":\"https:\/\/www.welovecycling.com\/pl\/\",\"name\":\"\u0160koda We Love Cycling - Poland\",\"description\":\"\",\"potentialAction\":[{\"@type\":\"SearchAction\",\"target\":{\"@type\":\"EntryPoint\",\"urlTemplate\":\"https:\/\/www.welovecycling.com\/pl\/?s={search_term_string}\"},\"query-input\":{\"@type\":\"PropertyValueSpecification\",\"valueRequired\":true,\"valueName\":\"search_term_string\"}}],\"inLanguage\":\"pl-PL\"},{\"@type\":\"Person\",\"@id\":\"https:\/\/www.welovecycling.com\/pl\/#\/schema\/person\/e551e469d0b17f4e0b87f3f4fa8fc0f2\",\"name\":\"konradbobrowski\",\"image\":{\"@type\":\"ImageObject\",\"inLanguage\":\"pl-PL\",\"@id\":\"https:\/\/www.welovecycling.com\/pl\/#\/schema\/person\/image\/\",\"url\":\"https:\/\/secure.gravatar.com\/avatar\/91ac5a8cb4a26d3b32dc77b5e6d46616cf6adf425879538f5e5d7e4ef2333a4c?s=96&d=mm&r=g\",\"contentUrl\":\"https:\/\/secure.gravatar.com\/avatar\/91ac5a8cb4a26d3b32dc77b5e6d46616cf6adf425879538f5e5d7e4ef2333a4c?s=96&d=mm&r=g\",\"caption\":\"konradbobrowski\"},\"url\":\"https:\/\/www.welovecycling.com\/pl\/author\/konradbobrowski\/\"}]}<\/script>\n<!-- \/ Yoast SEO Premium plugin. -->","yoast_head_json":{"title":"W \u017cyciu pewne s\u0105 trzy rzeczy... Kr\u00f3l nie odpuszcza! - \u0160koda We Love Cycling - Poland","robots":{"index":"index","follow":"follow","max-snippet":"max-snippet:-1","max-image-preview":"max-image-preview:large","max-video-preview":"max-video-preview:-1"},"canonical":"https:\/\/www.welovecycling.com\/pl\/2024\/10\/14\/w-zyciu-pewne-sa-trzy-rzeczy-krol-nie-odpuszcza\/","og_locale":"pl_PL","og_type":"article","og_title":"W \u017cyciu pewne s\u0105 trzy rzeczy... Kr\u00f3l nie odpuszcza!","og_description":"Napisa\u0107, \u017ce to sezon Tadeja Poga\u010dara (UAE Team Emirates), to nic nie napisa\u0107. S\u0142oweniec odni\u00f3s\u0142 sw\u00f3j pierwszy triumf w t\u0119czowej [&hellip;]","og_url":"https:\/\/www.welovecycling.com\/pl\/2024\/10\/14\/w-zyciu-pewne-sa-trzy-rzeczy-krol-nie-odpuszcza\/","og_site_name":"\u0160koda We Love Cycling - Poland","article_published_time":"2024-10-14T14:43:34+00:00","article_modified_time":"2024-10-15T06:54:22+00:00","og_image":[{"width":990,"height":660,"url":"https:\/\/d2p6e6u75xmxt8.cloudfront.net\/5\/2024\/10\/Pogacar-on-Winning-the-Vuelta-a-Andalucia_-We-did-a-perfect-job-throughout-the-week.webp","type":"image\/webp"}],"author":"konradbobrowski","twitter_card":"summary_large_image","twitter_misc":{"Written by":"Piotr Nowik","Est. reading time":"3"},"schema":{"@context":"https:\/\/schema.org","@graph":[{"@type":"WebPage","@id":"https:\/\/www.welovecycling.com\/pl\/2024\/10\/14\/w-zyciu-pewne-sa-trzy-rzeczy-krol-nie-odpuszcza\/","url":"https:\/\/www.welovecycling.com\/pl\/2024\/10\/14\/w-zyciu-pewne-sa-trzy-rzeczy-krol-nie-odpuszcza\/","name":"W \u017cyciu pewne s\u0105 trzy rzeczy... Kr\u00f3l nie odpuszcza! - \u0160koda We Love Cycling - Poland","isPartOf":{"@id":"https:\/\/www.welovecycling.com\/pl\/#website"},"primaryImageOfPage":{"@id":"https:\/\/www.welovecycling.com\/pl\/2024\/10\/14\/w-zyciu-pewne-sa-trzy-rzeczy-krol-nie-odpuszcza\/#primaryimage"},"image":{"@id":"https:\/\/www.welovecycling.com\/pl\/2024\/10\/14\/w-zyciu-pewne-sa-trzy-rzeczy-krol-nie-odpuszcza\/#primaryimage"},"thumbnailUrl":"https:\/\/d2p6e6u75xmxt8.cloudfront.net\/5\/2024\/10\/Pogacar-on-Winning-the-Vuelta-a-Andalucia_-We-did-a-perfect-job-throughout-the-week.webp","datePublished":"2024-10-14T14:43:34+00:00","dateModified":"2024-10-15T06:54:22+00:00","author":{"@id":"https:\/\/www.welovecycling.com\/pl\/#\/schema\/person\/e551e469d0b17f4e0b87f3f4fa8fc0f2"},"breadcrumb":{"@id":"https:\/\/www.welovecycling.com\/pl\/2024\/10\/14\/w-zyciu-pewne-sa-trzy-rzeczy-krol-nie-odpuszcza\/#breadcrumb"},"inLanguage":"pl-PL","potentialAction":[{"@type":"ReadAction","target":["https:\/\/www.welovecycling.com\/pl\/2024\/10\/14\/w-zyciu-pewne-sa-trzy-rzeczy-krol-nie-odpuszcza\/"]}]},{"@type":"ImageObject","inLanguage":"pl-PL","@id":"https:\/\/www.welovecycling.com\/pl\/2024\/10\/14\/w-zyciu-pewne-sa-trzy-rzeczy-krol-nie-odpuszcza\/#primaryimage","url":"https:\/\/d2p6e6u75xmxt8.cloudfront.net\/5\/2024\/10\/Pogacar-on-Winning-the-Vuelta-a-Andalucia_-We-did-a-perfect-job-throughout-the-week.webp","contentUrl":"https:\/\/d2p6e6u75xmxt8.cloudfront.net\/5\/2024\/10\/Pogacar-on-Winning-the-Vuelta-a-Andalucia_-We-did-a-perfect-job-throughout-the-week.webp","width":990,"height":660},{"@type":"BreadcrumbList","@id":"https:\/\/www.welovecycling.com\/pl\/2024\/10\/14\/w-zyciu-pewne-sa-trzy-rzeczy-krol-nie-odpuszcza\/#breadcrumb","itemListElement":[{"@type":"ListItem","position":1,"name":"Home","item":"https:\/\/www.welovecycling.com\/pl\/"},{"@type":"ListItem","position":2,"name":"W \u017cyciu pewne s\u0105 trzy rzeczy&#8230; Kr\u00f3l nie odpuszcza!"}]},{"@type":"WebSite","@id":"https:\/\/www.welovecycling.com\/pl\/#website","url":"https:\/\/www.welovecycling.com\/pl\/","name":"\u0160koda We Love Cycling - Poland","description":"","potentialAction":[{"@type":"SearchAction","target":{"@type":"EntryPoint","urlTemplate":"https:\/\/www.welovecycling.com\/pl\/?s={search_term_string}"},"query-input":{"@type":"PropertyValueSpecification","valueRequired":true,"valueName":"search_term_string"}}],"inLanguage":"pl-PL"},{"@type":"Person","@id":"https:\/\/www.welovecycling.com\/pl\/#\/schema\/person\/e551e469d0b17f4e0b87f3f4fa8fc0f2","name":"konradbobrowski","image":{"@type":"ImageObject","inLanguage":"pl-PL","@id":"https:\/\/www.welovecycling.com\/pl\/#\/schema\/person\/image\/","url":"https:\/\/secure.gravatar.com\/avatar\/91ac5a8cb4a26d3b32dc77b5e6d46616cf6adf425879538f5e5d7e4ef2333a4c?s=96&d=mm&r=g","contentUrl":"https:\/\/secure.gravatar.com\/avatar\/91ac5a8cb4a26d3b32dc77b5e6d46616cf6adf425879538f5e5d7e4ef2333a4c?s=96&d=mm&r=g","caption":"konradbobrowski"},"url":"https:\/\/www.welovecycling.com\/pl\/author\/konradbobrowski\/"}]}},"_links":{"self":[{"href":"https:\/\/www.welovecycling.com\/pl\/wp-json\/wp\/v2\/posts\/15918","targetHints":{"allow":["GET"]}}],"collection":[{"href":"https:\/\/www.welovecycling.com\/pl\/wp-json\/wp\/v2\/posts"}],"about":[{"href":"https:\/\/www.welovecycling.com\/pl\/wp-json\/wp\/v2\/types\/post"}],"author":[{"embeddable":true,"href":"https:\/\/www.welovecycling.com\/pl\/wp-json\/wp\/v2\/users\/187"}],"replies":[{"embeddable":true,"href":"https:\/\/www.welovecycling.com\/pl\/wp-json\/wp\/v2\/comments?post=15918"}],"version-history":[{"count":3,"href":"https:\/\/www.welovecycling.com\/pl\/wp-json\/wp\/v2\/posts\/15918\/revisions"}],"predecessor-version":[{"id":15923,"href":"https:\/\/www.welovecycling.com\/pl\/wp-json\/wp\/v2\/posts\/15918\/revisions\/15923"}],"wp:featuredmedia":[{"embeddable":true,"href":"https:\/\/www.welovecycling.com\/pl\/wp-json\/wp\/v2\/media\/15919"}],"wp:attachment":[{"href":"https:\/\/www.welovecycling.com\/pl\/wp-json\/wp\/v2\/media?parent=15918"}],"wp:term":[{"taxonomy":"category","embeddable":true,"href":"https:\/\/www.welovecycling.com\/pl\/wp-json\/wp\/v2\/categories?post=15918"},{"taxonomy":"post_tag","embeddable":true,"href":"https:\/\/www.welovecycling.com\/pl\/wp-json\/wp\/v2\/tags?post=15918"},{"taxonomy":"global-categories","embeddable":true,"href":"https:\/\/www.welovecycling.com\/pl\/wp-json\/wp\/v2\/global-categories?post=15918"}],"curies":[{"name":"wp","href":"https:\/\/api.w.org\/{rel}","templated":true}]}}