{"id":15909,"date":"2024-10-04T13:37:14","date_gmt":"2024-10-04T13:37:14","guid":{"rendered":"https:\/\/www.welovecycling.com\/pl\/?p=15909"},"modified":"2024-10-04T13:37:14","modified_gmt":"2024-10-04T13:37:14","slug":"moja-droga-do-zwyciestwa-w-tour-de-france-femmes-avec-zwift-2024","status":"publish","type":"post","link":"https:\/\/www.welovecycling.com\/pl\/2024\/10\/04\/moja-droga-do-zwyciestwa-w-tour-de-france-femmes-avec-zwift-2024\/","title":{"rendered":"Moja droga do zwyci\u0119stwa w Tour de France Femmes avec Zwift 2024"},"content":{"rendered":"<p><b><span data-contrast=\"none\">Zwyci\u0119stwo w Tour de France Femmes avec Zwift 2024 to niezwykle surrealistyczne uczucie. Jest troch\u0119 jak sen i wci\u0105\u017c nie mie\u015bci mi si\u0119 w g\u0142owie. Mimo \u017ce od fina\u0142owego podjazdu na Alpe d\u2019Huez min\u0119\u0142o ju\u017c troch\u0119 czasu, nadal nie dociera do mnie, \u017ce zaj\u0119\u0142am pierwsze miejsce. Przepe\u0142nia mnie poczucie ogromnej satysfakcji i rado\u015bci \u2013 w ko\u0144cu znalaz\u0142y uj\u015bcie emocje, kt\u00f3re gromadzi\u0142y si\u0119 we mnie przez lata, gdy niestrudzenie pracowa\u0142am przy wsparciu mojego trenera i zespo\u0142u oraz moich bliskich. Dzi\u015b czuj\u0119, \u017ce ca\u0142y ten wysi\u0142ek oraz niepowodzenia i trudne chwile nie posz\u0142y na marne. Nie jest to wy\u0142\u0105cznie moje osobiste zwyci\u0119stwo, ale tak\u017ce nagroda dla wszystkich os\u00f3b, kt\u00f3re mnie wspiera\u0142y i we mnie wierzy\u0142y.<\/span><\/b><span data-ccp-props=\"{&quot;201341983&quot;:0,&quot;335559739&quot;:160,&quot;335559740&quot;:259}\">\u00a0<\/span><\/p>\n<p><span data-contrast=\"none\">Ten sukces jest dla mnie niezwykle motywuj\u0105cy \u2013 zach\u0119ci\u0142 mnie na przyk\u0142ad do wyznaczenia nowych cel\u00f3w, takich jak zdobycie koszulki mistrzyni \u015bwiata. Dzi\u0119ki tej wygranej na nowo uwierzy\u0142am, \u017ce ci\u0119\u017cka praca, odrobina cierpliwo\u015bci i szcz\u0119\u015bcia sprawiaj\u0105, \u017ce wszystko jest mo\u017cliwe.<\/span><span data-ccp-props=\"{&quot;201341983&quot;:0,&quot;335559739&quot;:160,&quot;335559740&quot;:259}\">\u00a0<\/span><\/p>\n<p><b><span data-contrast=\"none\">Przezwyci\u0119\u017canie trudno\u015bci na drodze do zwyci\u0119stwa<\/span><\/b><span data-ccp-props=\"{&quot;201341983&quot;:0,&quot;335559739&quot;:160,&quot;335559740&quot;:259}\">\u00a0<\/span><\/p>\n<p><span data-contrast=\"none\">Do tej pory nie czu\u0142am si\u0119 w pe\u0142ni spe\u0142niona \u2013 wielokrotnie by\u0142am bardzo blisko osi\u0105gni\u0119cia celu. Cho\u0107 zajmowa\u0142am drugie lub trzecie miejsce na podium, nigdy nie udawa\u0142o mi si\u0119 stan\u0105\u0107 najwy\u017cej. Wiedzia\u0142am, \u017ce jestem w szczytowej formie, ale zawsze czego\u015b brakowa\u0142o. W tym roku to si\u0119 wreszcie zmieni\u0142o.<\/span><span data-ccp-props=\"{&quot;201341983&quot;:0,&quot;335559739&quot;:160,&quot;335559740&quot;:259}\">\u00a0<\/span><\/p>\n<p><span data-contrast=\"none\">Tour de France Femmes avec Zwift to wy\u015bcig, kt\u00f3rego ostateczny rezultat zale\u017cy od du\u017cej liczby czynnik\u00f3w, w tym dynamiki mojego zespo\u0142u i sk\u0142ad\u00f3w rywalizuj\u0105cych dru\u017cyn, a tak\u017ce od zwyk\u0142ego szcz\u0119\u015bcia. W tym roku wszystko u\u0142o\u017cy\u0142o si\u0119 po naszej my\u015bli. Nawet mimo kraks w pocz\u0105tkowych etapach zesp\u00f3\u0142 nie straci\u0142 ducha walki. Utrata naszej kole\u017canki z dru\u017cyny, Elise Chabbey, by\u0142a bolesnym ciosem, ale nigdy nie przesta\u0142y\u015bmy d\u0105\u017cy\u0107 do wyznaczonego celu. W wy\u015bcigu etapowym kluczowa jest konsekwencja. Trzeba codziennie ci\u0119\u017cko pracowa\u0107 oraz stara\u0107 si\u0119 nie traci\u0107 czasu i wykorzystywa\u0107 ka\u017cd\u0105 nadarzaj\u0105c\u0105 si\u0119 okazj\u0119, by zyska\u0107 przewag\u0119. By\u0107 mo\u017ce w zdobyciu Maillot Jaune, czyli \u017c\u00f3\u0142tej koszulki liderki, pomog\u0142a mi moja reputacja osoby konsekwentnej, kt\u00f3ra zawsze pr\u00f3buje uplasowa\u0107 si\u0119 w czo\u0142\u00f3wce wy\u015bcigu.<\/span><span data-ccp-props=\"{&quot;201341983&quot;:0,&quot;335559739&quot;:160,&quot;335559740&quot;:259}\">\u00a0<\/span><\/p>\n<p><b><span data-contrast=\"none\">Zaci\u0119ta rywalizacja i najtrudniejsza walka<\/span><\/b><span data-ccp-props=\"{&quot;201341983&quot;:0,&quot;335559739&quot;:160,&quot;335559740&quot;:259}\">\u00a0<\/span><\/p>\n<p><span data-contrast=\"none\">W tym roku przysz\u0142o nam si\u0119 zmierzy\u0107 z naprawd\u0119 siln\u0105 konkurencj\u0105. Ka\u017cdego dnia jazdy w peletonie czu\u0142am, ile wysi\u0142ku wszystkie zawodniczki wk\u0142ada\u0142y w te zmagania. Znalaz\u0142o to odzwierciedlenie w naszych wynikach \u2013 ka\u017cda z nas pobi\u0142a swoje indywidualne rekordy pod wzgl\u0119dem mocy i pr\u0119dko\u015bci. To pokazuje, jak wiele ten wy\u015bcig znaczy dla kolarek bior\u0105cych w nim udzia\u0142.<\/span><span data-ccp-props=\"{&quot;201341983&quot;:0,&quot;335559739&quot;:160,&quot;335559740&quot;:259}\">\u00a0<\/span><\/p>\n<p><span data-contrast=\"none\">Po siedmiu dniach wyczerpuj\u0105cej jazdy nadszed\u0142 czas, by stawi\u0107 czo\u0142a najwy\u017cszym g\u00f3rom na trasie wy\u015bcigu. Nieko\u0144cz\u0105ce si\u0119 przewy\u017cszenia sprawi\u0142y, \u017ce by\u0142 to jeden z najtrudniejszych etap\u00f3w. Prawdziwa walka rozpocz\u0119\u0142a si\u0119 jednak od przedostatniego podjazdu. Gdy Demi Vollering zaatakowa\u0142a, nie mia\u0142am si\u0142, by zareagowa\u0107. W tamtym momencie poczu\u0142am, \u017ce wszystko, na co pracowa\u0142am, wymyka mi si\u0119 z r\u0105k. Mia\u0142am wra\u017cenie, \u017ce w u\u0142amku sekundy straci\u0142am szans\u0119 na realizacj\u0119 moich marze\u0144 i cel\u00f3w, co by\u0142o dla mnie naprawd\u0119 druzgoc\u0105ce.<\/span><span data-ccp-props=\"{&quot;201341983&quot;:0,&quot;335559739&quot;:160,&quot;335559740&quot;:259}\">\u00a0<\/span><\/p>\n<p><span data-contrast=\"none\">W ko\u0144cu dotar\u0142y\u015bmy jednak do zjazdu i uda\u0142o mi si\u0119 doj\u015b\u0107 do siebie. Odzyska\u0142am energi\u0119 i pewno\u015b\u0107 siebie, a nast\u0119pnie skupi\u0142am si\u0119 na zmniejszeniu dystansu do grupy Demi. Pozwoli\u0142o mi to znale\u017a\u0107 si\u0142\u0119, by da\u0107 z siebie wszystko na ostatnim podje\u017adzie. Szczerze m\u00f3wi\u0105c, by\u0142a to najtrudniejsza walka, jak\u0105 stoczy\u0142am w \u017cyciu. Przez ca\u0142y czas towarzyszy\u0142 mi straszny b\u00f3l \u2013 momentami mia\u0142am wra\u017cenie, \u017ce to si\u0119 nigdy nie sko\u0144czy. Ka\u017cda sekunda jazdy by\u0142a dla mnie prawdziw\u0105 m\u0119czarni\u0105 \u2013 ale gdy tylko przekroczy\u0142am lini\u0119 mety i zda\u0142am sobie spraw\u0119, \u017ce wygra\u0142am, ca\u0142y b\u00f3l znikn\u0105\u0142. Jego miejsce zaj\u0119\u0142a czysta euforia!<\/span><span data-ccp-props=\"{&quot;201341983&quot;:0,&quot;335559739&quot;:160,&quot;335559740&quot;:259}\">\u00a0<\/span><\/p>\n<p><b><span data-contrast=\"none\">Pokonanie podjazdu na Alpe d\u2019Huez<\/span><\/b><span data-ccp-props=\"{&quot;201341983&quot;:0,&quot;335559739&quot;:160,&quot;335559740&quot;:259}\">\u00a0<\/span><\/p>\n<p><span data-contrast=\"none\">Gdy zbli\u017ca\u0142am si\u0119 do ostatnich etap\u00f3w wy\u015bcigu (zw\u0142aszcza Alpe d\u2019Huez), zrozumia\u0142am, \u017ce wszystko b\u0119dzie zale\u017ce\u0107 od moich umiej\u0119tno\u015bci wspinaczkowych. Nad d\u0142ugimi podjazdami od lat intensywnie pracuj\u0119, ale nadal sprawiaj\u0105 mi trudno\u015b\u0107. S\u0105 te\u017c dla mnie prawdziw\u0105 m\u0119czarni\u0105, dlatego wsp\u00f3lnie z trenerem dostosowali\u015bmy m\u00f3j plan treningowy specjalnie pod to wyzwanie. Wiedzia\u0142am, jak wa\u017cne jest odpowiednie roz\u0142o\u017cenie si\u0142, ale na przedostatnim podje\u017adzie dopad\u0142 mnie kryzys i poczu\u0142am, \u017ce zrobi\u0142am co\u015b nie tak. Jednak gdy nadszed\u0142 czas na pokonanie Alpe d\u2019Huez, skupi\u0142am si\u0119 g\u0142\u00f3wnie na zebraniu wystarczaj\u0105cej ilo\u015bci energii, by pokaza\u0107, na co mnie sta\u0107.<\/span><span data-ccp-props=\"{&quot;201341983&quot;:0,&quot;335559739&quot;:160,&quot;335559740&quot;:259}\">\u00a0<\/span><\/p>\n<p><span data-contrast=\"none\">Alpe d\u2019Huez to d\u0142ugi podjazd, na kt\u00f3rym kluczowe jest zachowanie stabilnego tempa. Utrzymywa\u0142am je, dop\u00f3ki do mety nie zosta\u0142o oko\u0142o 6 kilometr\u00f3w, bo wiedzia\u0142am, \u017ce ich pokonanie b\u0119dzie wymaga\u0142o oko\u0142o 25 minut cierpienia. W tamtej chwili mog\u0142am tylko wykrzesa\u0107 z siebie wszystkie si\u0142y i zobaczy\u0107, co si\u0119 stanie. Zawsze czuj\u0119 si\u0119 bardzo niekomfortowo, gdy mam \u015bwiadomo\u015b\u0107, \u017ce jedyne, co mog\u0119 zrobi\u0107, to da\u0107 z siebie wszystko i mie\u0107 nadziej\u0119, \u017ce to wystarczy. Moja strategia by\u0142a prosta: zyska\u0107 na czasie i utrzyma\u0107 \u017c\u00f3\u0142t\u0105 koszulk\u0119 liderki. Przyznam, \u017ce nie by\u0142am pewna, czy mi si\u0119 to uda, ale jednocze\u015bnie wierzy\u0142am w swoj\u0105 zdolno\u015b\u0107 do przekraczania w\u0142asnych granic. Ta my\u015bl nap\u0119dza\u0142a mnie podczas tego trudnego podjazdu.<\/span><span data-ccp-props=\"{&quot;201341983&quot;:0,&quot;335559739&quot;:160,&quot;335559740&quot;:259}\">\u00a0<\/span><\/p>\n<p><a href=\"https:\/\/www.instagram.com\/reel\/C-3AeFdI1AQ\/?utm_source=ig_embed&amp;ig_rid=1ad1af57-f866-4fde-8881-8aa65acfb532\"><span data-contrast=\"none\">https:\/\/www.instagram.com\/reel\/C-3AeFdI1AQ\/?utm_source=ig_embed&amp;ig_rid=1ad1af57-f866-4fde-8881-8aa65acfb532<\/span><\/a><span data-ccp-props=\"{&quot;201341983&quot;:0,&quot;335559739&quot;:160,&quot;335559740&quot;:259}\">\u00a0<\/span><\/p>\n<p><b><span data-contrast=\"none\">Nauka p\u0142ynie z w\u0142asnych do\u015bwiadcze\u0144<\/span><\/b><span data-ccp-props=\"{&quot;201341983&quot;:0,&quot;335559739&quot;:160,&quot;335559740&quot;:259}\">\u00a0<\/span><\/p>\n<p><span data-contrast=\"none\">Poprzednie edycje Tour de France Femmes bardzo pomog\u0142y mi si\u0119 rozwin\u0105\u0107 jako kolarce. Z wiekiem stajemy si\u0119 dojrzalsi i nabieramy do\u015bwiadczenia \u2013 jest to proces, kt\u00f3ry wymaga czasu i kt\u00f3rego nie da si\u0119 przyspieszy\u0107. Jedn\u0105 z takich lekcji jest to, \u017ce przed rozpocz\u0119ciem przygotowa\u0144 koniecznie trzeba zapozna\u0107 si\u0119 z tras\u0105 i czekaj\u0105cymi nas wyzwaniami.<\/span><span data-ccp-props=\"{&quot;201341983&quot;:0,&quot;335559739&quot;:160,&quot;335559740&quot;:259}\">\u00a0<\/span><\/p>\n<p><span data-contrast=\"none\">Wraz z moim trenerem opracowali\u015bmy plan, kt\u00f3ry by\u0142 w pe\u0142ni po\u015bwi\u0119cony Tour de France i igrzyskom olimpijskim. Po sezonie klasyk\u00f3w skupi\u0142am ca\u0142\u0105 energi\u0119 na dostosowaniu trening\u00f3w do cel\u00f3w zwi\u0105zanych z tymi dwoma wydarzeniami. Fakt, \u017ce osi\u0105gn\u0119li\u015bmy to, co sobie za\u0142o\u017cyli\u015bmy, sprawia mi wielk\u0105 satysfakcj\u0119 i rado\u015b\u0107. Ten sukces nie nale\u017cy jednak tylko do mnie, ale r\u00f3wnie\u017c do mojego zespo\u0142u, trenera i m\u0119\u017ca, jak r\u00f3wnie\u017c przyjaci\u00f3\u0142 i rodziny. \u017ba\u0142uj\u0119, \u017ce nie mog\u0119 zabra\u0107 ich wszystkich ze sob\u0105 na podium, poniewa\u017c bez w\u0105tpienia odegrali du\u017c\u0105 rol\u0119 w tym zwyci\u0119stwie.<\/span><span data-ccp-props=\"{&quot;201341983&quot;:0,&quot;335559739&quot;:160,&quot;335559740&quot;:259}\">\u00a0<\/span><\/p>\n<p><b><span data-contrast=\"none\">Ogromne znaczenie pracy zespo\u0142owej<\/span><\/b><span data-ccp-props=\"{&quot;201341983&quot;:0,&quot;335559739&quot;:160,&quot;335559740&quot;:259}\">\u00a0<\/span><\/p>\n<p><span data-contrast=\"none\">Ten sukces nie by\u0142by mo\u017cliwy bez mojego zespo\u0142u, kt\u00f3ry od lat wspiera mnie bez wzgl\u0119du na wyniki. Jestem cz\u0119\u015bci\u0105 tej dru\u017cyny ju\u017c od o\u015bmiu sezon\u00f3w. W tym czasie zbudowali\u015bmy blisk\u0105 wi\u0119\u017a i naprawd\u0119 dobrze si\u0119 poznali\u015bmy, dlatego cieszy\u0142o mnie, \u017ce wszyscy byli tak mocno zdeterminowani, by osi\u0105gn\u0105\u0107 nasz wsp\u00f3lny cel. Nawet gdy sprawy nie sz\u0142y po naszej my\u015bli, gdy ka\u017cda z nas krytycznie ocenia\u0142a sw\u00f3j wyst\u0119p, zawsze jako dru\u017cyna d\u0105\u017cyli\u015bmy do tego, by nast\u0119pnego dnia wypa\u015b\u0107 lepiej. Zaanga\u017cowanie i energia szybko rozprzestrzeni\u0142y si\u0119 w ca\u0142ym zespole.<\/span><span data-ccp-props=\"{&quot;201341983&quot;:0,&quot;335559739&quot;:160,&quot;335559740&quot;:259}\">\u00a0<\/span><\/p>\n<p><span data-contrast=\"none\">W trakcie Tour de France prze\u017cywali\u015bmy trudne chwile, ale to w\u0142a\u015bnie one nas wzmocni\u0142y i jeszcze bardziej podsyci\u0142y g\u0142\u00f3d sukcesu. Na ostatnim etapie, gdy od peletonu odjecha\u0142a grupa rywalek, moja dru\u017cyna zareagowa\u0142a bezb\u0142\u0119dnie i sprawnie zmniejszy\u0142a dystans. Zesp\u00f3\u0142 wspiera\u0142 mnie tak\u017ce podczas ostatnich podjazd\u00f3w, dodaj\u0105c mi otuchy przez radio, bym nie czu\u0142a si\u0119 zdana na sam\u0105 siebie.<\/span><span data-ccp-props=\"{&quot;201341983&quot;:0,&quot;335559739&quot;:160,&quot;335559740&quot;:259}\">\u00a0<\/span><\/p>\n<p><span data-contrast=\"none\">W kolarstwie wi\u0119kszo\u015b\u0107 uwagi po\u015bwi\u0119ca si\u0119 indywidualnym zwyci\u0119zcom, ale prawda jest taka, \u017ce jest to sport zespo\u0142owy. Za kulisami niestrudzenie pracuje mn\u00f3stwo ludzi: fizjoterapeuci, mechanicy, dyrektorzy sportowi, mened\u017cerowie. Ka\u017cdy z nich odgrywa niezwykle wa\u017cn\u0105 rol\u0119. M\u00f3j zesp\u00f3\u0142 spisa\u0142 si\u0119 na medal, za co jestem bardzo wdzi\u0119czna. Razem napisali\u015bmy kolejny rozdzia\u0142 w historii, co jeszcze mocniej nas do siebie zbli\u017cy\u0142o. Poczucie jedno\u015bci i wzajemnego zrozumienia w zespole jest wyj\u0105tkowo wa\u017cne.<\/span><span data-ccp-props=\"{&quot;201341983&quot;:0,&quot;335559739&quot;:160,&quot;335559740&quot;:259}\">\u00a0<\/span><\/p>\n<p><b><span data-contrast=\"none\">Inspiracja dla nast\u0119pnego pokolenia<\/span><\/b><span data-ccp-props=\"{&quot;201341983&quot;:0,&quot;335559739&quot;:160,&quot;335559740&quot;:259}\">\u00a0<\/span><\/p>\n<p><span data-contrast=\"none\">Mam nadziej\u0119, \u017ce moje zwyci\u0119stwo zainspiruje wi\u0119cej os\u00f3b, by wsi\u0105\u015b\u0107 na rower \u2013 zw\u0142aszcza w Polsce. Kolarstwo wci\u0105\u017c jest u nas stosunkowo ma\u0142o popularnym sportem, ale ju\u017c dostrzegam pewn\u0105 zmian\u0119. Ludzie oznaczaj\u0105 mnie w mediach spo\u0142eczno\u015bciowych i pisz\u0105, \u017ce dzi\u0119ki mnie zacz\u0119li je\u017adzi\u0107 na rowerze lub chc\u0105 spr\u00f3bowa\u0107 swoich si\u0142 w tym sporcie. To naprawd\u0119 du\u017co dla mnie znaczy.<\/span><span data-ccp-props=\"{&quot;201341983&quot;:0,&quot;335559739&quot;:160,&quot;335559740&quot;:259}\">\u00a0<\/span><\/p>\n<p><span data-contrast=\"none\">Od najm\u0142odszych lat inspirowali mnie polscy sportowcy, a moim marzeniem by\u0142o p\u00f3j\u015bcie w ich \u015blady. Dzi\u015b mam nadziej\u0119, \u017ce moja wygrana nie tylko zmotywuje ludzi, by uprawiali sport i sp\u0119dzali czas na \u015bwie\u017cym powietrzu, ale tak\u017ce sprawi, \u017ce na du\u017cych wy\u015bcigach etapowych b\u0119dziemy mogli zobaczy\u0107 wi\u0119cej polskich kolarzy i kolarek.<\/span><span data-ccp-props=\"{&quot;201341983&quot;:0,&quot;335559739&quot;:160,&quot;335559740&quot;:259}\">\u00a0<\/span><\/p>\n<p><b><span data-contrast=\"none\">Co dalej?<\/span><\/b><span data-ccp-props=\"{&quot;201341983&quot;:0,&quot;335559739&quot;:160,&quot;335559740&quot;:259}\">\u00a0<\/span><\/p>\n<p><span data-contrast=\"none\">D\u0142ugi okres przygotowa\u0144 do realizacji moich najwa\u017cniejszych cel\u00f3w na lato jest ju\u017c za mn\u0105, dlatego planuj\u0119 zrobi\u0107 sobie kr\u00f3tk\u0105 przerw\u0119. Czeka mnie jeszcze kilka dni spotka\u0144 z mediami, ale potem zamierzam na jaki\u015b czas znikn\u0105\u0107 z radaru. Prawdopodobnie pojedziemy z m\u0119\u017cem do Polski i sp\u0119dzimy troch\u0119 czasu z rodzin\u0105. Nied\u0142ugo jednak wr\u00f3c\u0119 do przygotowa\u0144 do mistrzostw \u015bwiata. Zanim sezon dobiegnie ko\u0144ca, postaram si\u0119 osi\u0105gn\u0105\u0107 jeszcze jeden wa\u017cny cel.<\/span><span data-ccp-props=\"{&quot;201341983&quot;:0,&quot;335559739&quot;:160,&quot;335559740&quot;:259}\">\u00a0<\/span><\/p>\n<p><span data-contrast=\"none\">Nie jest \u0142atwo w pe\u0142ni poj\u0105\u0107, jak wielki wp\u0142yw na kobiece kolarstwo wywar\u0142 Tour de France Femmes. Ten presti\u017cowy wy\u015bcig organizowano w r\u00f3\u017cnych formach od wielu lat, ale w obecnej postaci przyci\u0105ga uwag\u0119 i budzi emocje na skal\u0119 niespotykan\u0105 wcze\u015bniej w tym sporcie. Kobiece kolarstwo wci\u0105\u017c pisze swoj\u0105 w\u0142asn\u0105 histori\u0119, a udzia\u0142 w tak legendarnym wydarzeniu jest niepowtarzalnym do\u015bwiadczeniem.<\/span><span data-ccp-props=\"{&quot;201341983&quot;:0,&quot;335559739&quot;:160,&quot;335559740&quot;:259}\">\u00a0<\/span><\/p>\n<p><span data-contrast=\"none\">My\u015bl\u0119, \u017ce Tour de France Femmes avec Zwift podni\u00f3s\u0142 poziom rywalizacji w peletonie. Zawodniczki wk\u0142adaj\u0105 w jazd\u0119 wi\u0119cej wysi\u0142ku \u2013 zaciekle walcz\u0105 o swoje pi\u0119\u0107 minut, co znacznie poprawia og\u00f3lny poziom zmaga\u0144. Wystarczy raz wzi\u0105\u0107 udzia\u0142 w tym wy\u015bcigu, by u\u015bwiadomi\u0107 sobie, \u017ce \u017cadne inne zawody nie mog\u0105 si\u0119 z nim r\u00f3wna\u0107, zw\u0142aszcza pod wzgl\u0119dem rozg\u0142osu i uwagi (mo\u017ce z wyj\u0105tkiem klasyk\u00f3w, ale takie wy\u015bcigi maj\u0105 zupe\u0142nie inny format).<\/span><span data-ccp-props=\"{&quot;201341983&quot;:0,&quot;335559739&quot;:160,&quot;335559740&quot;:259}\">\u00a0<\/span><\/p>\n<p><span data-contrast=\"none\">Wierz\u0119, \u017ce za kilka lat b\u0119dziemy \u015bciga\u0107 si\u0119 nawet przez 14 dni, z jeszcze silniejszym peletonem i wi\u0119ksz\u0105 liczb\u0105 profesjonalnych dru\u017cyn d\u0105\u017c\u0105cych do wprowadzenia drobnych usprawnie\u0144 (tzw. marginal gains), kt\u00f3re ostatecznie zadecyduj\u0105 o sukcesie. Przysz\u0142o\u015b\u0107 kobiecego kolarstwa rysuje si\u0119 w jasnych barwach, a ja ciesz\u0119 si\u0119, \u017ce mog\u0119 by\u0107 jej cz\u0119\u015bci\u0105.<\/span><span data-ccp-props=\"{&quot;201341983&quot;:0,&quot;335559739&quot;:160,&quot;335559740&quot;:259}\">\u00a0<\/span><\/p>\n<p><span data-sheets-value=\"{&quot;1&quot;:2,&quot;2&quot;:&quot;Artyku\u0142 powsta\u0142 we wsp\u00f3\u0142pracy ze skoda-auto.pl&quot;}\" data-sheets-userformat=\"{&quot;2&quot;:1,&quot;3&quot;:{&quot;1&quot;:0}}\" data-sheets-hyperlink=\"http:\/\/www.skoda-auto.pl\/\"><a class=\"in-cell-link\" href=\"http:\/\/www.skoda-auto.pl\/\" target=\"_blank\" rel=\"noopener noreferrer\">Artyku\u0142 powsta\u0142 we wsp\u00f3\u0142pracy ze skoda-auto.pl<\/a><\/span><\/p>\n<p><a href=\"https:\/\/d2p6e6u75xmxt8.cloudfront.net\/5\/2030\/11\/2.webp\"><img loading=\"lazy\" decoding=\"async\" class=\"size-full wp-image-13774 aligncenter\" src=\"https:\/\/d2p6e6u75xmxt8.cloudfront.net\/5\/2030\/11\/2.webp\" alt=\"\" width=\"640\" height=\"350\" srcset=\"https:\/\/d2p6e6u75xmxt8.cloudfront.net\/5\/2030\/11\/2.webp 640w, https:\/\/d2p6e6u75xmxt8.cloudfront.net\/5\/2030\/11\/2-300x164.webp 300w, https:\/\/d2p6e6u75xmxt8.cloudfront.net\/5\/2030\/11\/2-400x219.webp 400w\" sizes=\"auto, (max-width: 640px) 100vw, 640px\" \/><\/a><\/p>\n","protected":false},"excerpt":{"rendered":"<p>Zwyci\u0119stwo w Tour de France Femmes avec Zwift 2024 to niezwykle surrealistyczne uczucie. Jest troch\u0119 jak sen i wci\u0105\u017c nie [&hellip;]<\/p>\n","protected":false},"author":188,"featured_media":15912,"comment_status":"open","ping_status":"open","sticky":false,"template":"","format":"standard","meta":{"footnotes":""},"categories":[407],"tags":[382,405,191,404,421,406,146],"global-categories":[303],"class_list":["post-15909","post","type-post","status-publish","format-standard","has-post-thumbnail","hentry","category-kasia-niewiadoma","tag-jazda-na-rowerze","tag-rower","tag-skoda","tag-skodapolska","tag-tdff","tag-tour-de-france-femmes","tag-wyscig","global-categories-cycling"],"yoast_head":"<!-- This site is optimized with the Yoast SEO Premium plugin v25.3 (Yoast SEO v25.9) - https:\/\/yoast.com\/wordpress\/plugins\/seo\/ -->\n<title>Moja droga do zwyci\u0119stwa w Tour de France Femmes avec Zwift 2024 - \u0160koda We Love Cycling - Poland<\/title>\n<meta name=\"robots\" content=\"index, follow, max-snippet:-1, max-image-preview:large, max-video-preview:-1\" \/>\n<link rel=\"canonical\" href=\"https:\/\/www.welovecycling.com\/pl\/2024\/10\/04\/moja-droga-do-zwyciestwa-w-tour-de-france-femmes-avec-zwift-2024\/\" \/>\n<meta property=\"og:locale\" content=\"pl_PL\" \/>\n<meta property=\"og:type\" content=\"article\" \/>\n<meta property=\"og:title\" content=\"Moja droga do zwyci\u0119stwa w Tour de France Femmes avec Zwift 2024\" \/>\n<meta property=\"og:description\" content=\"Zwyci\u0119stwo w Tour de France Femmes avec Zwift 2024 to niezwykle surrealistyczne uczucie. Jest troch\u0119 jak sen i wci\u0105\u017c nie [&hellip;]\" \/>\n<meta property=\"og:url\" content=\"https:\/\/www.welovecycling.com\/pl\/2024\/10\/04\/moja-droga-do-zwyciestwa-w-tour-de-france-femmes-avec-zwift-2024\/\" \/>\n<meta property=\"og:site_name\" content=\"\u0160koda We Love Cycling - Poland\" \/>\n<meta property=\"article:published_time\" content=\"2024-10-04T13:37:14+00:00\" \/>\n<meta property=\"og:image\" content=\"https:\/\/d2p6e6u75xmxt8.cloudfront.net\/5\/2024\/10\/20240818TDFFAZ0050-A.S.O.-Thomas-Maheux-1-scaled.webp\" \/>\n\t<meta property=\"og:image:width\" content=\"2560\" \/>\n\t<meta property=\"og:image:height\" content=\"1707\" \/>\n\t<meta property=\"og:image:type\" content=\"image\/webp\" \/>\n<meta name=\"author\" content=\"wiktoriaklysiak\" \/>\n<meta name=\"twitter:card\" content=\"summary_large_image\" \/>\n<meta name=\"twitter:label1\" content=\"Written by\" \/>\n\t<meta name=\"twitter:data1\" content=\"Kasia Niewiadoma\" \/>\n\t<meta name=\"twitter:label2\" content=\"Est. reading time\" \/>\n\t<meta name=\"twitter:data2\" content=\"4\" \/>\n<script type=\"application\/ld+json\" class=\"yoast-schema-graph\">{\"@context\":\"https:\/\/schema.org\",\"@graph\":[{\"@type\":\"WebPage\",\"@id\":\"https:\/\/www.welovecycling.com\/pl\/2024\/10\/04\/moja-droga-do-zwyciestwa-w-tour-de-france-femmes-avec-zwift-2024\/\",\"url\":\"https:\/\/www.welovecycling.com\/pl\/2024\/10\/04\/moja-droga-do-zwyciestwa-w-tour-de-france-femmes-avec-zwift-2024\/\",\"name\":\"Moja droga do zwyci\u0119stwa w Tour de France Femmes avec Zwift 2024 - \u0160koda We Love Cycling - Poland\",\"isPartOf\":{\"@id\":\"https:\/\/www.welovecycling.com\/pl\/#website\"},\"primaryImageOfPage\":{\"@id\":\"https:\/\/www.welovecycling.com\/pl\/2024\/10\/04\/moja-droga-do-zwyciestwa-w-tour-de-france-femmes-avec-zwift-2024\/#primaryimage\"},\"image\":{\"@id\":\"https:\/\/www.welovecycling.com\/pl\/2024\/10\/04\/moja-droga-do-zwyciestwa-w-tour-de-france-femmes-avec-zwift-2024\/#primaryimage\"},\"thumbnailUrl\":\"https:\/\/d2p6e6u75xmxt8.cloudfront.net\/5\/2024\/10\/20240818TDFFAZ0050-A.S.O.-Thomas-Maheux-1-scaled.webp\",\"datePublished\":\"2024-10-04T13:37:14+00:00\",\"author\":{\"@id\":\"https:\/\/www.welovecycling.com\/pl\/#\/schema\/person\/56ea9a30bacc6eb0f3058333b42c33b5\"},\"breadcrumb\":{\"@id\":\"https:\/\/www.welovecycling.com\/pl\/2024\/10\/04\/moja-droga-do-zwyciestwa-w-tour-de-france-femmes-avec-zwift-2024\/#breadcrumb\"},\"inLanguage\":\"pl-PL\",\"potentialAction\":[{\"@type\":\"ReadAction\",\"target\":[\"https:\/\/www.welovecycling.com\/pl\/2024\/10\/04\/moja-droga-do-zwyciestwa-w-tour-de-france-femmes-avec-zwift-2024\/\"]}]},{\"@type\":\"ImageObject\",\"inLanguage\":\"pl-PL\",\"@id\":\"https:\/\/www.welovecycling.com\/pl\/2024\/10\/04\/moja-droga-do-zwyciestwa-w-tour-de-france-femmes-avec-zwift-2024\/#primaryimage\",\"url\":\"https:\/\/d2p6e6u75xmxt8.cloudfront.net\/5\/2024\/10\/20240818TDFFAZ0050-A.S.O.-Thomas-Maheux-1-scaled.webp\",\"contentUrl\":\"https:\/\/d2p6e6u75xmxt8.cloudfront.net\/5\/2024\/10\/20240818TDFFAZ0050-A.S.O.-Thomas-Maheux-1-scaled.webp\",\"width\":2560,\"height\":1707},{\"@type\":\"BreadcrumbList\",\"@id\":\"https:\/\/www.welovecycling.com\/pl\/2024\/10\/04\/moja-droga-do-zwyciestwa-w-tour-de-france-femmes-avec-zwift-2024\/#breadcrumb\",\"itemListElement\":[{\"@type\":\"ListItem\",\"position\":1,\"name\":\"Home\",\"item\":\"https:\/\/www.welovecycling.com\/pl\/\"},{\"@type\":\"ListItem\",\"position\":2,\"name\":\"Moja droga do zwyci\u0119stwa w Tour de France Femmes avec Zwift 2024\"}]},{\"@type\":\"WebSite\",\"@id\":\"https:\/\/www.welovecycling.com\/pl\/#website\",\"url\":\"https:\/\/www.welovecycling.com\/pl\/\",\"name\":\"\u0160koda We Love Cycling - Poland\",\"description\":\"\",\"potentialAction\":[{\"@type\":\"SearchAction\",\"target\":{\"@type\":\"EntryPoint\",\"urlTemplate\":\"https:\/\/www.welovecycling.com\/pl\/?s={search_term_string}\"},\"query-input\":{\"@type\":\"PropertyValueSpecification\",\"valueRequired\":true,\"valueName\":\"search_term_string\"}}],\"inLanguage\":\"pl-PL\"},{\"@type\":\"Person\",\"@id\":\"https:\/\/www.welovecycling.com\/pl\/#\/schema\/person\/56ea9a30bacc6eb0f3058333b42c33b5\",\"name\":\"wiktoriaklysiak\",\"image\":{\"@type\":\"ImageObject\",\"inLanguage\":\"pl-PL\",\"@id\":\"https:\/\/www.welovecycling.com\/pl\/#\/schema\/person\/image\/\",\"url\":\"https:\/\/secure.gravatar.com\/avatar\/e7187f3438810deaa01ab87ee7747652f1ee0c1c236ed6ff14c6eff187cdddcb?s=96&d=mm&r=g\",\"contentUrl\":\"https:\/\/secure.gravatar.com\/avatar\/e7187f3438810deaa01ab87ee7747652f1ee0c1c236ed6ff14c6eff187cdddcb?s=96&d=mm&r=g\",\"caption\":\"wiktoriaklysiak\"},\"url\":\"https:\/\/www.welovecycling.com\/pl\/author\/wiktoriaklysiak\/\"}]}<\/script>\n<!-- \/ Yoast SEO Premium plugin. -->","yoast_head_json":{"title":"Moja droga do zwyci\u0119stwa w Tour de France Femmes avec Zwift 2024 - \u0160koda We Love Cycling - Poland","robots":{"index":"index","follow":"follow","max-snippet":"max-snippet:-1","max-image-preview":"max-image-preview:large","max-video-preview":"max-video-preview:-1"},"canonical":"https:\/\/www.welovecycling.com\/pl\/2024\/10\/04\/moja-droga-do-zwyciestwa-w-tour-de-france-femmes-avec-zwift-2024\/","og_locale":"pl_PL","og_type":"article","og_title":"Moja droga do zwyci\u0119stwa w Tour de France Femmes avec Zwift 2024","og_description":"Zwyci\u0119stwo w Tour de France Femmes avec Zwift 2024 to niezwykle surrealistyczne uczucie. Jest troch\u0119 jak sen i wci\u0105\u017c nie [&hellip;]","og_url":"https:\/\/www.welovecycling.com\/pl\/2024\/10\/04\/moja-droga-do-zwyciestwa-w-tour-de-france-femmes-avec-zwift-2024\/","og_site_name":"\u0160koda We Love Cycling - Poland","article_published_time":"2024-10-04T13:37:14+00:00","og_image":[{"width":2560,"height":1707,"url":"https:\/\/d2p6e6u75xmxt8.cloudfront.net\/5\/2024\/10\/20240818TDFFAZ0050-A.S.O.-Thomas-Maheux-1-scaled.webp","type":"image\/webp"}],"author":"wiktoriaklysiak","twitter_card":"summary_large_image","twitter_misc":{"Written by":"Kasia Niewiadoma","Est. reading time":"4"},"schema":{"@context":"https:\/\/schema.org","@graph":[{"@type":"WebPage","@id":"https:\/\/www.welovecycling.com\/pl\/2024\/10\/04\/moja-droga-do-zwyciestwa-w-tour-de-france-femmes-avec-zwift-2024\/","url":"https:\/\/www.welovecycling.com\/pl\/2024\/10\/04\/moja-droga-do-zwyciestwa-w-tour-de-france-femmes-avec-zwift-2024\/","name":"Moja droga do zwyci\u0119stwa w Tour de France Femmes avec Zwift 2024 - \u0160koda We Love Cycling - Poland","isPartOf":{"@id":"https:\/\/www.welovecycling.com\/pl\/#website"},"primaryImageOfPage":{"@id":"https:\/\/www.welovecycling.com\/pl\/2024\/10\/04\/moja-droga-do-zwyciestwa-w-tour-de-france-femmes-avec-zwift-2024\/#primaryimage"},"image":{"@id":"https:\/\/www.welovecycling.com\/pl\/2024\/10\/04\/moja-droga-do-zwyciestwa-w-tour-de-france-femmes-avec-zwift-2024\/#primaryimage"},"thumbnailUrl":"https:\/\/d2p6e6u75xmxt8.cloudfront.net\/5\/2024\/10\/20240818TDFFAZ0050-A.S.O.-Thomas-Maheux-1-scaled.webp","datePublished":"2024-10-04T13:37:14+00:00","author":{"@id":"https:\/\/www.welovecycling.com\/pl\/#\/schema\/person\/56ea9a30bacc6eb0f3058333b42c33b5"},"breadcrumb":{"@id":"https:\/\/www.welovecycling.com\/pl\/2024\/10\/04\/moja-droga-do-zwyciestwa-w-tour-de-france-femmes-avec-zwift-2024\/#breadcrumb"},"inLanguage":"pl-PL","potentialAction":[{"@type":"ReadAction","target":["https:\/\/www.welovecycling.com\/pl\/2024\/10\/04\/moja-droga-do-zwyciestwa-w-tour-de-france-femmes-avec-zwift-2024\/"]}]},{"@type":"ImageObject","inLanguage":"pl-PL","@id":"https:\/\/www.welovecycling.com\/pl\/2024\/10\/04\/moja-droga-do-zwyciestwa-w-tour-de-france-femmes-avec-zwift-2024\/#primaryimage","url":"https:\/\/d2p6e6u75xmxt8.cloudfront.net\/5\/2024\/10\/20240818TDFFAZ0050-A.S.O.-Thomas-Maheux-1-scaled.webp","contentUrl":"https:\/\/d2p6e6u75xmxt8.cloudfront.net\/5\/2024\/10\/20240818TDFFAZ0050-A.S.O.-Thomas-Maheux-1-scaled.webp","width":2560,"height":1707},{"@type":"BreadcrumbList","@id":"https:\/\/www.welovecycling.com\/pl\/2024\/10\/04\/moja-droga-do-zwyciestwa-w-tour-de-france-femmes-avec-zwift-2024\/#breadcrumb","itemListElement":[{"@type":"ListItem","position":1,"name":"Home","item":"https:\/\/www.welovecycling.com\/pl\/"},{"@type":"ListItem","position":2,"name":"Moja droga do zwyci\u0119stwa w Tour de France Femmes avec Zwift 2024"}]},{"@type":"WebSite","@id":"https:\/\/www.welovecycling.com\/pl\/#website","url":"https:\/\/www.welovecycling.com\/pl\/","name":"\u0160koda We Love Cycling - Poland","description":"","potentialAction":[{"@type":"SearchAction","target":{"@type":"EntryPoint","urlTemplate":"https:\/\/www.welovecycling.com\/pl\/?s={search_term_string}"},"query-input":{"@type":"PropertyValueSpecification","valueRequired":true,"valueName":"search_term_string"}}],"inLanguage":"pl-PL"},{"@type":"Person","@id":"https:\/\/www.welovecycling.com\/pl\/#\/schema\/person\/56ea9a30bacc6eb0f3058333b42c33b5","name":"wiktoriaklysiak","image":{"@type":"ImageObject","inLanguage":"pl-PL","@id":"https:\/\/www.welovecycling.com\/pl\/#\/schema\/person\/image\/","url":"https:\/\/secure.gravatar.com\/avatar\/e7187f3438810deaa01ab87ee7747652f1ee0c1c236ed6ff14c6eff187cdddcb?s=96&d=mm&r=g","contentUrl":"https:\/\/secure.gravatar.com\/avatar\/e7187f3438810deaa01ab87ee7747652f1ee0c1c236ed6ff14c6eff187cdddcb?s=96&d=mm&r=g","caption":"wiktoriaklysiak"},"url":"https:\/\/www.welovecycling.com\/pl\/author\/wiktoriaklysiak\/"}]}},"_links":{"self":[{"href":"https:\/\/www.welovecycling.com\/pl\/wp-json\/wp\/v2\/posts\/15909","targetHints":{"allow":["GET"]}}],"collection":[{"href":"https:\/\/www.welovecycling.com\/pl\/wp-json\/wp\/v2\/posts"}],"about":[{"href":"https:\/\/www.welovecycling.com\/pl\/wp-json\/wp\/v2\/types\/post"}],"author":[{"embeddable":true,"href":"https:\/\/www.welovecycling.com\/pl\/wp-json\/wp\/v2\/users\/188"}],"replies":[{"embeddable":true,"href":"https:\/\/www.welovecycling.com\/pl\/wp-json\/wp\/v2\/comments?post=15909"}],"version-history":[{"count":1,"href":"https:\/\/www.welovecycling.com\/pl\/wp-json\/wp\/v2\/posts\/15909\/revisions"}],"predecessor-version":[{"id":15911,"href":"https:\/\/www.welovecycling.com\/pl\/wp-json\/wp\/v2\/posts\/15909\/revisions\/15911"}],"wp:featuredmedia":[{"embeddable":true,"href":"https:\/\/www.welovecycling.com\/pl\/wp-json\/wp\/v2\/media\/15912"}],"wp:attachment":[{"href":"https:\/\/www.welovecycling.com\/pl\/wp-json\/wp\/v2\/media?parent=15909"}],"wp:term":[{"taxonomy":"category","embeddable":true,"href":"https:\/\/www.welovecycling.com\/pl\/wp-json\/wp\/v2\/categories?post=15909"},{"taxonomy":"post_tag","embeddable":true,"href":"https:\/\/www.welovecycling.com\/pl\/wp-json\/wp\/v2\/tags?post=15909"},{"taxonomy":"global-categories","embeddable":true,"href":"https:\/\/www.welovecycling.com\/pl\/wp-json\/wp\/v2\/global-categories?post=15909"}],"curies":[{"name":"wp","href":"https:\/\/api.w.org\/{rel}","templated":true}]}}