{"id":15905,"date":"2024-09-30T12:02:55","date_gmt":"2024-09-30T12:02:55","guid":{"rendered":"https:\/\/www.welovecycling.com\/pl\/?p=15905"},"modified":"2024-09-30T12:02:55","modified_gmt":"2024-09-30T12:02:55","slug":"niesamowity-wyczyn-mistrza-to-bylo-cos-glupiego","status":"publish","type":"post","link":"https:\/\/www.welovecycling.com\/pl\/2024\/09\/30\/niesamowity-wyczyn-mistrza-to-bylo-cos-glupiego\/","title":{"rendered":"Niesamowity wyczyn mistrza. \u201eTo by\u0142o co\u015b g\u0142upiego\u201d"},"content":{"rendered":"<p><strong>Tadej Poga\u010dar przesuwa granice kolarskich mo\u017cliwo\u015bci. Po wygraniu Giro d\u2019Italia oraz Tour de France S\u0142oweniec si\u0119gn\u0105\u0142 po mistrzostwo \u015bwiata w wy\u015bcigu ze startu wsp\u00f3lnego! Mistrzyni\u0105 \u015bwiata zosta\u0142a Belgijka Lotte Kopecky.\u00a0<\/strong><\/p>\n<p><span data-contrast=\"auto\">To, co wyczynia w tym sezonie Poga\u010dar, zaczyna powoli wymyka\u0107 si\u0119 kolarskim ramom. Czego S\u0142oweniec nie dotknie, zamienia w z\u0142oto, a jego najnowsza zdobycz to tytu\u0142 mistrza \u015bwiata, kt\u00f3rego w kolekcji jeszcze nie mia\u0142.<\/span><span data-ccp-props=\"{&quot;134245417&quot;:false}\">\u00a0<\/span><\/p>\n<p><b><span data-contrast=\"auto\">Utar\u0142 nosa krytykom<\/span><\/b><span data-ccp-props=\"{&quot;134245417&quot;:false}\">\u00a0<\/span><\/p>\n<p><span data-contrast=\"auto\">Po poprzednim sezonie pesymi\u015bci wieszczyli, \u017ce Poga\u010dar ma problemy z wej\u015bciem w kolarsk\u0105 dojrza\u0142o\u015b\u0107 i mo\u017ce nie spe\u0142ni\u0107 pok\u0142adanych w nim nadziei. S\u0142oweniec rzeczywi\u015bcie spisa\u0142 si\u0119 w\u00f3wczas poni\u017cej swoich mo\u017cliwo\u015bci, ale w tym roku utar\u0142 nosa wszystkim, kt\u00f3rzy w niego w\u0105tpili.<\/span><span data-ccp-props=\"{&quot;134245417&quot;:false}\">\u00a0<\/span><\/p>\n<p><a href=\"https:\/\/x.com\/UCI_cycling\/status\/1840425533118492883\"><span data-contrast=\"auto\">https:\/\/x.com\/UCI_cycling\/status\/1840425533118492883<\/span><\/a><span data-ccp-props=\"{&quot;134245417&quot;:false}\">\u00a0<\/span><\/p>\n<p><span data-contrast=\"auto\">Zapowiedz\u0105 mocnego powrotu do gry by\u0142a wygrana klasyfikacji generalnej Giro d\u2019Italia. P\u00f3\u017aniej Poga\u010dar nie da\u0142 rywalom szans podczas Tour de France, a niekt\u00f3rzy twierdz\u0105, \u017ce zdoby\u0142by komplet Grand Tour\u00f3w, gdyby tylko zdecydowa\u0142 si\u0119 wystartowa\u0107 w Vuelta a Espa\u00f1a. 26-letni S\u0142oweniec pomys\u0142 na kolarski hat trick mia\u0142 jednak inny i zrealizowa\u0142 go w niedzielne popo\u0142udnie.<\/span><span data-ccp-props=\"{&quot;134245417&quot;:false}\">\u00a0<\/span><\/p>\n<p><b><span data-contrast=\"auto\">\u201eDo mety by\u0142o jeszcze daleko&#8230;\u201d<\/span><\/b><span data-ccp-props=\"{&quot;134245417&quot;:false}\">\u00a0<\/span><\/p>\n<p><span data-contrast=\"auto\">Na pocz\u0105tku wy\u015bcigu nic nie zapowiada\u0142o, \u017ce Poga\u010dar przez ponad 50 km b\u0119dzie sun\u0105\u0142 samotnie. \u015aciganie zacz\u0119\u0142o si\u0119 w Winterthur, a nast\u0119pnie zawodnicy rozgrzewali si\u0119 przed decyduj\u0105cymi fragmentami. Blisko 200 kolarzy zacz\u0119\u0142o do\u015b\u0107 intensywnie, ale by\u0142o wiadomo, \u017ce to b\u0119dzie co najwy\u017cej pokaz si\u0142y. P\u00f3\u017aniej rozpocz\u0119\u0142y si\u0119 p\u0119tle, z kt\u00f3rych zacz\u0119li wy\u0142ania\u0107 si\u0119 pierwsi ch\u0119tni do walki o najwy\u017csze cele. I gdy wszyscy oczekiwali kolarskich szach\u00f3w, blisko 100 km przed met\u0105 na odjazd zdecydowa\u0142 si\u0119 Poga\u010dar.<\/span><span data-ccp-props=\"{&quot;134245417&quot;:false}\">\u00a0<\/span><\/p>\n<p><a href=\"https:\/\/x.com\/UCI_cycling\/status\/1840662560204374246\"><span data-contrast=\"auto\">https:\/\/x.com\/UCI_cycling\/status\/1840662560204374246<\/span><\/a><span data-ccp-props=\"{&quot;134245417&quot;:false}\">\u00a0<\/span><\/p>\n<p><span data-contrast=\"auto\">\u2013 Wtedy powiedzia\u0142em sam do siebie: \u201eCo ty robisz? Strzelasz sobie w stop\u0119!\u201d. Zobaczy\u0142em jednak czekaj\u0105cego Jana Tratnika [kolega Poga\u010dara z kadry S\u0142owenii \u2013 przyp. red.]. Da\u0142 mi kilka mocnych zmian, bardzo mi tym pomagaj\u0105c. By\u0142em naprawd\u0119 szcz\u0119\u015bliwy, \u017ce tam by\u0142, ale do mety by\u0142o jeszcze daleko \u2013 tak na spokojnie Poga\u010dar analizowa\u0142 wy\u015bcig ju\u017c podczas konferencji prasowej.<\/span><span data-ccp-props=\"{&quot;134245417&quot;:false}\">\u00a0<\/span><\/p>\n<p><span data-contrast=\"auto\">Ostatnie 50 km S\u0142oweniec przejecha\u0142 w samotno\u015bci. Na mecie przyzna\u0142, \u017ce pod koniec zaczyna\u0142o brakowa\u0107 mu si\u0142 i obawia\u0142 si\u0119, \u017ce zostanie do\u015bcigni\u0119ty.\u00a0<\/span><span data-ccp-props=\"{&quot;134245417&quot;:false}\">\u00a0<\/span><\/p>\n<p><span data-contrast=\"auto\">\u2013 Ta ucieczka to nie by\u0142 plan, ale raczej g\u0142upota. By\u0142o ci\u0119\u017cko, jednak zacisn\u0105\u0142em z\u0119by. No i uda\u0142o si\u0119, wi\u0119c mo\u017ce to wszystko nie by\u0142o jednak a\u017c tak g\u0142upie \u2013 m\u00f3wi\u0142 z u\u015bmiechem Poga\u010dar.<\/span><span data-ccp-props=\"{&quot;134245417&quot;:false}\">\u00a0<\/span><\/p>\n<p><b><span data-contrast=\"auto\">Rado\u015b\u0107 Belg\u00f3w<\/span><\/b><span data-ccp-props=\"{&quot;134245417&quot;:false}\">\u00a0<\/span><\/p>\n<p><span data-contrast=\"auto\">S\u0142oweniec, kt\u00f3ry m.in. ju\u017c trzykrotnie wygra\u0142 Tour de France, zosta\u0142 mistrzem \u015bwiata po raz pierwszy. Drugie miejsce zaj\u0105\u0142 Australijczyk Ben O\u2019Connor, a trzecie \u2013 Holender Mathieu van der Poel. Z kolei mistrzostwo \u015bwiata w je\u017adzie na czas pad\u0142o \u0142upem Belga Remco Evenepoela.<\/span><span data-ccp-props=\"{&quot;134245417&quot;:false}\">\u00a0<\/span><\/p>\n<p><a href=\"https:\/\/x.com\/UCI_cycling\/status\/1840417628147335262\"><span data-contrast=\"auto\">https:\/\/x.com\/UCI_cycling\/status\/1840417628147335262<\/span><\/a><span data-ccp-props=\"{&quot;134245417&quot;:false}\">\u00a0<\/span><\/p>\n<p><span data-contrast=\"auto\">Ciekawa walka rozegra\u0142a si\u0119 tak\u017ce w\u015br\u00f3d kobiet. Mistrzyni\u0105 \u015bwiata w wy\u015bcigu ze startu wsp\u00f3lnego zosta\u0142a Belgijka Lotte Kopecky, druga by\u0142a Amerykanka Chloe Dygert, a trzecia \u2013 W\u0142oszka Elisa Longo Borghini. W je\u017adzie na czas zwyci\u0119\u017cy\u0142a z kolei Australijka Grace Brown.<\/span><span data-ccp-props=\"{&quot;134245417&quot;:false}\">\u00a0<\/span><\/p>\n<p><a href=\"https:\/\/x.com\/LotteKopecky\/status\/1840674576457490563\"><span data-contrast=\"auto\">https:\/\/x.com\/LotteKopecky\/status\/1840674576457490563<\/span><\/a><span data-ccp-props=\"{&quot;134245417&quot;:false}\">\u00a0<\/span><\/p>\n<p><span data-sheets-value=\"{&quot;1&quot;:2,&quot;2&quot;:&quot;Artyku\u0142 powsta\u0142 we wsp\u00f3\u0142pracy ze skoda-auto.pl&quot;}\" data-sheets-userformat=\"{&quot;2&quot;:1,&quot;3&quot;:{&quot;1&quot;:0}}\" data-sheets-hyperlink=\"http:\/\/www.skoda-auto.pl\/\"><a class=\"in-cell-link\" href=\"http:\/\/www.skoda-auto.pl\/\" target=\"_blank\" rel=\"noopener noreferrer\">Artyku\u0142 powsta\u0142 we wsp\u00f3\u0142pracy ze skoda-auto.pl<\/a><\/span><\/p>\n<p><a href=\"https:\/\/d2p6e6u75xmxt8.cloudfront.net\/5\/2030\/11\/3.webp\"><img loading=\"lazy\" decoding=\"async\" class=\"size-full wp-image-13776 aligncenter\" src=\"https:\/\/d2p6e6u75xmxt8.cloudfront.net\/5\/2030\/11\/3.webp\" alt=\"\" width=\"640\" height=\"350\" srcset=\"https:\/\/d2p6e6u75xmxt8.cloudfront.net\/5\/2030\/11\/3.webp 640w, https:\/\/d2p6e6u75xmxt8.cloudfront.net\/5\/2030\/11\/3-300x164.webp 300w, https:\/\/d2p6e6u75xmxt8.cloudfront.net\/5\/2030\/11\/3-400x219.webp 400w\" sizes=\"auto, (max-width: 640px) 100vw, 640px\" \/><\/a><\/p>\n","protected":false},"excerpt":{"rendered":"<p>Tadej Poga\u010dar przesuwa granice kolarskich mo\u017cliwo\u015bci. Po wygraniu Giro d\u2019Italia oraz Tour de France S\u0142oweniec si\u0119gn\u0105\u0142 po mistrzostwo \u015bwiata w [&hellip;]<\/p>\n","protected":false},"author":188,"featured_media":15906,"comment_status":"open","ping_status":"open","sticky":false,"template":"","format":"standard","meta":{"footnotes":""},"categories":[6],"tags":[372,405,404,146,423],"global-categories":[303],"class_list":["post-15905","post","type-post","status-publish","format-standard","has-post-thumbnail","hentry","category-kolarstwo-szosowe","tag-jazda-rowerem","tag-rower","tag-skodapolska","tag-wyscig","tag-wyscigi-szosowe","global-categories-cycling"],"yoast_head":"<!-- This site is optimized with the Yoast SEO Premium plugin v25.3 (Yoast SEO v25.9) - https:\/\/yoast.com\/wordpress\/plugins\/seo\/ -->\n<title>Niesamowity wyczyn mistrza. \u201eTo by\u0142o co\u015b g\u0142upiego\u201d - \u0160koda We Love Cycling - Poland<\/title>\n<meta name=\"robots\" content=\"index, follow, max-snippet:-1, max-image-preview:large, max-video-preview:-1\" \/>\n<link rel=\"canonical\" href=\"https:\/\/www.welovecycling.com\/pl\/2024\/09\/30\/niesamowity-wyczyn-mistrza-to-bylo-cos-glupiego\/\" \/>\n<meta property=\"og:locale\" content=\"pl_PL\" \/>\n<meta property=\"og:type\" content=\"article\" \/>\n<meta property=\"og:title\" content=\"Niesamowity wyczyn mistrza. \u201eTo by\u0142o co\u015b g\u0142upiego\u201d\" \/>\n<meta property=\"og:description\" content=\"Tadej Poga\u010dar przesuwa granice kolarskich mo\u017cliwo\u015bci. Po wygraniu Giro d\u2019Italia oraz Tour de France S\u0142oweniec si\u0119gn\u0105\u0142 po mistrzostwo \u015bwiata w [&hellip;]\" \/>\n<meta property=\"og:url\" content=\"https:\/\/www.welovecycling.com\/pl\/2024\/09\/30\/niesamowity-wyczyn-mistrza-to-bylo-cos-glupiego\/\" \/>\n<meta property=\"og:site_name\" content=\"\u0160koda We Love Cycling - Poland\" \/>\n<meta property=\"article:published_time\" content=\"2024-09-30T12:02:55+00:00\" \/>\n<meta property=\"og:image\" content=\"https:\/\/d2p6e6u75xmxt8.cloudfront.net\/5\/2024\/09\/Pogacar-Wins-Road-Race-World-Championship-With-Eye-Popping-100-km-Attack.webp\" \/>\n\t<meta property=\"og:image:width\" content=\"990\" \/>\n\t<meta property=\"og:image:height\" content=\"660\" \/>\n\t<meta property=\"og:image:type\" content=\"image\/webp\" \/>\n<meta name=\"author\" content=\"wiktoriaklysiak\" \/>\n<meta name=\"twitter:card\" content=\"summary_large_image\" \/>\n<meta name=\"twitter:label1\" content=\"Written by\" \/>\n\t<meta name=\"twitter:data1\" content=\"Piotr Nowik\" \/>\n\t<meta name=\"twitter:label2\" content=\"Est. reading time\" \/>\n\t<meta name=\"twitter:data2\" content=\"5\" \/>\n<script type=\"application\/ld+json\" class=\"yoast-schema-graph\">{\"@context\":\"https:\/\/schema.org\",\"@graph\":[{\"@type\":\"WebPage\",\"@id\":\"https:\/\/www.welovecycling.com\/pl\/2024\/09\/30\/niesamowity-wyczyn-mistrza-to-bylo-cos-glupiego\/\",\"url\":\"https:\/\/www.welovecycling.com\/pl\/2024\/09\/30\/niesamowity-wyczyn-mistrza-to-bylo-cos-glupiego\/\",\"name\":\"Niesamowity wyczyn mistrza. \u201eTo by\u0142o co\u015b g\u0142upiego\u201d - \u0160koda We Love Cycling - Poland\",\"isPartOf\":{\"@id\":\"https:\/\/www.welovecycling.com\/pl\/#website\"},\"primaryImageOfPage\":{\"@id\":\"https:\/\/www.welovecycling.com\/pl\/2024\/09\/30\/niesamowity-wyczyn-mistrza-to-bylo-cos-glupiego\/#primaryimage\"},\"image\":{\"@id\":\"https:\/\/www.welovecycling.com\/pl\/2024\/09\/30\/niesamowity-wyczyn-mistrza-to-bylo-cos-glupiego\/#primaryimage\"},\"thumbnailUrl\":\"https:\/\/d2p6e6u75xmxt8.cloudfront.net\/5\/2024\/09\/Pogacar-Wins-Road-Race-World-Championship-With-Eye-Popping-100-km-Attack.webp\",\"datePublished\":\"2024-09-30T12:02:55+00:00\",\"author\":{\"@id\":\"https:\/\/www.welovecycling.com\/pl\/#\/schema\/person\/56ea9a30bacc6eb0f3058333b42c33b5\"},\"breadcrumb\":{\"@id\":\"https:\/\/www.welovecycling.com\/pl\/2024\/09\/30\/niesamowity-wyczyn-mistrza-to-bylo-cos-glupiego\/#breadcrumb\"},\"inLanguage\":\"pl-PL\",\"potentialAction\":[{\"@type\":\"ReadAction\",\"target\":[\"https:\/\/www.welovecycling.com\/pl\/2024\/09\/30\/niesamowity-wyczyn-mistrza-to-bylo-cos-glupiego\/\"]}]},{\"@type\":\"ImageObject\",\"inLanguage\":\"pl-PL\",\"@id\":\"https:\/\/www.welovecycling.com\/pl\/2024\/09\/30\/niesamowity-wyczyn-mistrza-to-bylo-cos-glupiego\/#primaryimage\",\"url\":\"https:\/\/d2p6e6u75xmxt8.cloudfront.net\/5\/2024\/09\/Pogacar-Wins-Road-Race-World-Championship-With-Eye-Popping-100-km-Attack.webp\",\"contentUrl\":\"https:\/\/d2p6e6u75xmxt8.cloudfront.net\/5\/2024\/09\/Pogacar-Wins-Road-Race-World-Championship-With-Eye-Popping-100-km-Attack.webp\",\"width\":990,\"height\":660},{\"@type\":\"BreadcrumbList\",\"@id\":\"https:\/\/www.welovecycling.com\/pl\/2024\/09\/30\/niesamowity-wyczyn-mistrza-to-bylo-cos-glupiego\/#breadcrumb\",\"itemListElement\":[{\"@type\":\"ListItem\",\"position\":1,\"name\":\"Home\",\"item\":\"https:\/\/www.welovecycling.com\/pl\/\"},{\"@type\":\"ListItem\",\"position\":2,\"name\":\"Niesamowity wyczyn mistrza. \u201eTo by\u0142o co\u015b g\u0142upiego\u201d\"}]},{\"@type\":\"WebSite\",\"@id\":\"https:\/\/www.welovecycling.com\/pl\/#website\",\"url\":\"https:\/\/www.welovecycling.com\/pl\/\",\"name\":\"\u0160koda We Love Cycling - Poland\",\"description\":\"\",\"potentialAction\":[{\"@type\":\"SearchAction\",\"target\":{\"@type\":\"EntryPoint\",\"urlTemplate\":\"https:\/\/www.welovecycling.com\/pl\/?s={search_term_string}\"},\"query-input\":{\"@type\":\"PropertyValueSpecification\",\"valueRequired\":true,\"valueName\":\"search_term_string\"}}],\"inLanguage\":\"pl-PL\"},{\"@type\":\"Person\",\"@id\":\"https:\/\/www.welovecycling.com\/pl\/#\/schema\/person\/56ea9a30bacc6eb0f3058333b42c33b5\",\"name\":\"wiktoriaklysiak\",\"image\":{\"@type\":\"ImageObject\",\"inLanguage\":\"pl-PL\",\"@id\":\"https:\/\/www.welovecycling.com\/pl\/#\/schema\/person\/image\/\",\"url\":\"https:\/\/secure.gravatar.com\/avatar\/e7187f3438810deaa01ab87ee7747652f1ee0c1c236ed6ff14c6eff187cdddcb?s=96&d=mm&r=g\",\"contentUrl\":\"https:\/\/secure.gravatar.com\/avatar\/e7187f3438810deaa01ab87ee7747652f1ee0c1c236ed6ff14c6eff187cdddcb?s=96&d=mm&r=g\",\"caption\":\"wiktoriaklysiak\"},\"url\":\"https:\/\/www.welovecycling.com\/pl\/author\/wiktoriaklysiak\/\"}]}<\/script>\n<!-- \/ Yoast SEO Premium plugin. -->","yoast_head_json":{"title":"Niesamowity wyczyn mistrza. \u201eTo by\u0142o co\u015b g\u0142upiego\u201d - \u0160koda We Love Cycling - Poland","robots":{"index":"index","follow":"follow","max-snippet":"max-snippet:-1","max-image-preview":"max-image-preview:large","max-video-preview":"max-video-preview:-1"},"canonical":"https:\/\/www.welovecycling.com\/pl\/2024\/09\/30\/niesamowity-wyczyn-mistrza-to-bylo-cos-glupiego\/","og_locale":"pl_PL","og_type":"article","og_title":"Niesamowity wyczyn mistrza. \u201eTo by\u0142o co\u015b g\u0142upiego\u201d","og_description":"Tadej Poga\u010dar przesuwa granice kolarskich mo\u017cliwo\u015bci. Po wygraniu Giro d\u2019Italia oraz Tour de France S\u0142oweniec si\u0119gn\u0105\u0142 po mistrzostwo \u015bwiata w [&hellip;]","og_url":"https:\/\/www.welovecycling.com\/pl\/2024\/09\/30\/niesamowity-wyczyn-mistrza-to-bylo-cos-glupiego\/","og_site_name":"\u0160koda We Love Cycling - Poland","article_published_time":"2024-09-30T12:02:55+00:00","og_image":[{"width":990,"height":660,"url":"https:\/\/d2p6e6u75xmxt8.cloudfront.net\/5\/2024\/09\/Pogacar-Wins-Road-Race-World-Championship-With-Eye-Popping-100-km-Attack.webp","type":"image\/webp"}],"author":"wiktoriaklysiak","twitter_card":"summary_large_image","twitter_misc":{"Written by":"Piotr Nowik","Est. reading time":"5"},"schema":{"@context":"https:\/\/schema.org","@graph":[{"@type":"WebPage","@id":"https:\/\/www.welovecycling.com\/pl\/2024\/09\/30\/niesamowity-wyczyn-mistrza-to-bylo-cos-glupiego\/","url":"https:\/\/www.welovecycling.com\/pl\/2024\/09\/30\/niesamowity-wyczyn-mistrza-to-bylo-cos-glupiego\/","name":"Niesamowity wyczyn mistrza. \u201eTo by\u0142o co\u015b g\u0142upiego\u201d - \u0160koda We Love Cycling - Poland","isPartOf":{"@id":"https:\/\/www.welovecycling.com\/pl\/#website"},"primaryImageOfPage":{"@id":"https:\/\/www.welovecycling.com\/pl\/2024\/09\/30\/niesamowity-wyczyn-mistrza-to-bylo-cos-glupiego\/#primaryimage"},"image":{"@id":"https:\/\/www.welovecycling.com\/pl\/2024\/09\/30\/niesamowity-wyczyn-mistrza-to-bylo-cos-glupiego\/#primaryimage"},"thumbnailUrl":"https:\/\/d2p6e6u75xmxt8.cloudfront.net\/5\/2024\/09\/Pogacar-Wins-Road-Race-World-Championship-With-Eye-Popping-100-km-Attack.webp","datePublished":"2024-09-30T12:02:55+00:00","author":{"@id":"https:\/\/www.welovecycling.com\/pl\/#\/schema\/person\/56ea9a30bacc6eb0f3058333b42c33b5"},"breadcrumb":{"@id":"https:\/\/www.welovecycling.com\/pl\/2024\/09\/30\/niesamowity-wyczyn-mistrza-to-bylo-cos-glupiego\/#breadcrumb"},"inLanguage":"pl-PL","potentialAction":[{"@type":"ReadAction","target":["https:\/\/www.welovecycling.com\/pl\/2024\/09\/30\/niesamowity-wyczyn-mistrza-to-bylo-cos-glupiego\/"]}]},{"@type":"ImageObject","inLanguage":"pl-PL","@id":"https:\/\/www.welovecycling.com\/pl\/2024\/09\/30\/niesamowity-wyczyn-mistrza-to-bylo-cos-glupiego\/#primaryimage","url":"https:\/\/d2p6e6u75xmxt8.cloudfront.net\/5\/2024\/09\/Pogacar-Wins-Road-Race-World-Championship-With-Eye-Popping-100-km-Attack.webp","contentUrl":"https:\/\/d2p6e6u75xmxt8.cloudfront.net\/5\/2024\/09\/Pogacar-Wins-Road-Race-World-Championship-With-Eye-Popping-100-km-Attack.webp","width":990,"height":660},{"@type":"BreadcrumbList","@id":"https:\/\/www.welovecycling.com\/pl\/2024\/09\/30\/niesamowity-wyczyn-mistrza-to-bylo-cos-glupiego\/#breadcrumb","itemListElement":[{"@type":"ListItem","position":1,"name":"Home","item":"https:\/\/www.welovecycling.com\/pl\/"},{"@type":"ListItem","position":2,"name":"Niesamowity wyczyn mistrza. \u201eTo by\u0142o co\u015b g\u0142upiego\u201d"}]},{"@type":"WebSite","@id":"https:\/\/www.welovecycling.com\/pl\/#website","url":"https:\/\/www.welovecycling.com\/pl\/","name":"\u0160koda We Love Cycling - Poland","description":"","potentialAction":[{"@type":"SearchAction","target":{"@type":"EntryPoint","urlTemplate":"https:\/\/www.welovecycling.com\/pl\/?s={search_term_string}"},"query-input":{"@type":"PropertyValueSpecification","valueRequired":true,"valueName":"search_term_string"}}],"inLanguage":"pl-PL"},{"@type":"Person","@id":"https:\/\/www.welovecycling.com\/pl\/#\/schema\/person\/56ea9a30bacc6eb0f3058333b42c33b5","name":"wiktoriaklysiak","image":{"@type":"ImageObject","inLanguage":"pl-PL","@id":"https:\/\/www.welovecycling.com\/pl\/#\/schema\/person\/image\/","url":"https:\/\/secure.gravatar.com\/avatar\/e7187f3438810deaa01ab87ee7747652f1ee0c1c236ed6ff14c6eff187cdddcb?s=96&d=mm&r=g","contentUrl":"https:\/\/secure.gravatar.com\/avatar\/e7187f3438810deaa01ab87ee7747652f1ee0c1c236ed6ff14c6eff187cdddcb?s=96&d=mm&r=g","caption":"wiktoriaklysiak"},"url":"https:\/\/www.welovecycling.com\/pl\/author\/wiktoriaklysiak\/"}]}},"_links":{"self":[{"href":"https:\/\/www.welovecycling.com\/pl\/wp-json\/wp\/v2\/posts\/15905","targetHints":{"allow":["GET"]}}],"collection":[{"href":"https:\/\/www.welovecycling.com\/pl\/wp-json\/wp\/v2\/posts"}],"about":[{"href":"https:\/\/www.welovecycling.com\/pl\/wp-json\/wp\/v2\/types\/post"}],"author":[{"embeddable":true,"href":"https:\/\/www.welovecycling.com\/pl\/wp-json\/wp\/v2\/users\/188"}],"replies":[{"embeddable":true,"href":"https:\/\/www.welovecycling.com\/pl\/wp-json\/wp\/v2\/comments?post=15905"}],"version-history":[{"count":2,"href":"https:\/\/www.welovecycling.com\/pl\/wp-json\/wp\/v2\/posts\/15905\/revisions"}],"predecessor-version":[{"id":15908,"href":"https:\/\/www.welovecycling.com\/pl\/wp-json\/wp\/v2\/posts\/15905\/revisions\/15908"}],"wp:featuredmedia":[{"embeddable":true,"href":"https:\/\/www.welovecycling.com\/pl\/wp-json\/wp\/v2\/media\/15906"}],"wp:attachment":[{"href":"https:\/\/www.welovecycling.com\/pl\/wp-json\/wp\/v2\/media?parent=15905"}],"wp:term":[{"taxonomy":"category","embeddable":true,"href":"https:\/\/www.welovecycling.com\/pl\/wp-json\/wp\/v2\/categories?post=15905"},{"taxonomy":"post_tag","embeddable":true,"href":"https:\/\/www.welovecycling.com\/pl\/wp-json\/wp\/v2\/tags?post=15905"},{"taxonomy":"global-categories","embeddable":true,"href":"https:\/\/www.welovecycling.com\/pl\/wp-json\/wp\/v2\/global-categories?post=15905"}],"curies":[{"name":"wp","href":"https:\/\/api.w.org\/{rel}","templated":true}]}}