{"id":15896,"date":"2024-09-25T13:04:52","date_gmt":"2024-09-25T13:04:52","guid":{"rendered":"https:\/\/www.welovecycling.com\/pl\/?p=15896"},"modified":"2024-09-25T13:04:52","modified_gmt":"2024-09-25T13:04:52","slug":"pierwsza-wyprawa-z-synem-w-stylu-bikepackingowym","status":"publish","type":"post","link":"https:\/\/www.welovecycling.com\/pl\/2024\/09\/25\/pierwsza-wyprawa-z-synem-w-stylu-bikepackingowym\/","title":{"rendered":"Pierwsza wyprawa z synem w stylu bikepackingowym"},"content":{"rendered":"<p><strong>Nie mog\u0142o si\u0119 to lepiej posk\u0142ada\u0107 w ca\u0142o\u015b\u0107. Wygrana Kasi Niewiadomej w kobiecym Tour de France i m\u00f3j m\u0119ski wypad na dwa dni w stylu bikepackingowym z dziewi\u0119cioletnim synem. <\/strong><\/p>\n<p>Trzy etapy jako kibic i obserwator na naszym narodowym Tour de Pologne, a p\u00f3\u017aniej przed telewizorem \u015bledzenie los\u00f3w TdF Femmes i mamy kolejne impulsy do megazajawki na kolarstwo. Cho\u0107 Wiktor ju\u017c od kilku lat regularnie \u0107wiczy, to ten tydzie\u0144 by\u0142 dla niego ogromn\u0105 motywacj\u0105. Dlatego planowanie trasy na nasz pierwszy wsp\u00f3lny bikepacking musia\u0142o jako\u015b do tego nawi\u0105zywa\u0107. Du\u017co s\u0142ysza\u0142em i czyta\u0142em o Velo Dunajec. Znam te tereny z wy\u015bcig\u00f3w \u2013 zar\u00f3wno tych, w kt\u00f3rych jecha\u0142em sam, jak i tych, kt\u00f3re ogl\u0105da\u0142em. Nie bez znaczenia by\u0142 tutaj aspekt Kasi i jej rodzinnych stron, czyli Ochotnicy G\u00f3rnej, kt\u00f3ra musia\u0142a znale\u017a\u0107 si\u0119 na naszej trasie.<\/p>\n<p><a href=\"https:\/\/d2p6e6u75xmxt8.cloudfront.net\/5\/2024\/09\/IMG_20240825_092643-scaled.webp\"><img loading=\"lazy\" decoding=\"async\" class=\"alignnone size-extra-large wp-image-15899\" src=\"https:\/\/d2p6e6u75xmxt8.cloudfront.net\/5\/2024\/09\/IMG_20240825_092643-1920x1080.webp\" alt=\"\" width=\"1920\" height=\"1080\" srcset=\"https:\/\/d2p6e6u75xmxt8.cloudfront.net\/5\/2024\/09\/IMG_20240825_092643-1920x1080.webp 1920w, https:\/\/d2p6e6u75xmxt8.cloudfront.net\/5\/2024\/09\/IMG_20240825_092643-300x169.webp 300w, https:\/\/d2p6e6u75xmxt8.cloudfront.net\/5\/2024\/09\/IMG_20240825_092643-1024x576.webp 1024w, https:\/\/d2p6e6u75xmxt8.cloudfront.net\/5\/2024\/09\/IMG_20240825_092643-768x432.webp 768w, https:\/\/d2p6e6u75xmxt8.cloudfront.net\/5\/2024\/09\/IMG_20240825_092643-1536x864.webp 1536w, https:\/\/d2p6e6u75xmxt8.cloudfront.net\/5\/2024\/09\/IMG_20240825_092643-2048x1152.webp 2048w, https:\/\/d2p6e6u75xmxt8.cloudfront.net\/5\/2024\/09\/IMG_20240825_092643-400x225.webp 400w, https:\/\/d2p6e6u75xmxt8.cloudfront.net\/5\/2024\/09\/IMG_20240825_092643-1920x1080.webp 1920w\" sizes=\"auto, (max-width: 1920px) 100vw, 1920px\" \/><\/a><\/p>\n<p>Z pakowaniem rower\u00f3w na t\u0119 ekscytuj\u0105c\u0105 i zarazem wymagaj\u0105c\u0105 wypraw\u0119 posz\u0142o sprawnie, podr\u00f3\u017c te\u017c by\u0142a przyjemna, cho\u0107 czu\u0107 by\u0142o w powietrzu lekki strach przed dystansem, jaki mieli\u015bmy do pokonania. Pierwszego dnia by\u0142o to pi\u0119\u0107dziesi\u0105t kilometr\u00f3w. O dwadzie\u015bcia wi\u0119cej ni\u017c kiedykolwiek w \u017cyciu przejecha\u0142 Wiktor, ale mieli\u015bmy na to p\u00f3\u0142 dnia oraz, w razie kryzysu, link\u0119 holownicz\u0105. Samoch\u00f3d zostawili\u015bmy pod stacj\u0105 PKP. Jest tam du\u017cy parking, na kt\u00f3rym by\u0142o sporo wolnych miejsc, wi\u0119c \u015bmia\u0142o mog\u0119 poleci\u0107 to miejsce. Wyruszyli\u015bmy w kierunku Dunajca i trasy Velo Dunajec, kt\u00f3ra rozpocz\u0119\u0142a si\u0119 po oko\u0142o trzech kilometrach przeprawy przez miasto. Pocz\u0105tek by\u0142 p\u0142aski, poprowadzony wzd\u0142u\u017c rzeki, oczywi\u015bcie \u015bcie\u017ck\u0105 rowerow\u0105. Sz\u0142o g\u0142adko i szybko. Schody jednak zacz\u0119\u0142y si\u0119 po oko\u0142o dziesi\u0119ciu kilometrach, gdy rozpocz\u0105\u0142 si\u0119 podjazd od mostu na Dunajcu do Prze\u0142\u0119czy Knurowskiej, kt\u00f3ra jest jednocze\u015bnie ostatni\u0105 wspinaczk\u0105 na szlaku Kasi Niewiadomej \u2014 Ochotnica Challenge. Wjechanie na g\u00f3r\u0119 zaj\u0119\u0142o nam blisko godzin\u0119, ale dali\u015bmy rad\u0119 o w\u0142asnych si\u0142ach. P\u00f3\u017aniej czeka\u0142 nas bardzo d\u0142ugi zjazd przez Ochotnic\u0119 G\u00f3rn\u0105 i Doln\u0105. Po drodze obiad i ch\u0142odna lemoniada podbudowa\u0142y morale Wiktora i doda\u0142y si\u0142 na ostatnie kilometry tego dnia. Zjazd do Dunajca by\u0142 mi\u0142y, g\u0142\u00f3wnie dlatego, \u017ce zazwyczaj zjazdy do takich nale\u017c\u0105, wi\u0119c kilometry lecia\u0142y szybko, a po drodze jeszcze szumia\u0142a nam Ochotnica, kt\u00f3ra na wysoko\u015bci miejscowo\u015bci Talafusy wpada w\u0142a\u015bnie do Dunajca. Tam te\u017c pojawi\u0142y si\u0119 \u015bcie\u017cki rowerowe i p\u0142aska trasa do Kro\u015bcienka nad Dunajcem, gdzie mieli\u015bmy zaplanowany nocleg.<\/p>\n<p><a href=\"https:\/\/d2p6e6u75xmxt8.cloudfront.net\/5\/2024\/09\/IMG_20240825_085806-scaled.webp\"><img loading=\"lazy\" decoding=\"async\" class=\"alignnone size-extra-large wp-image-15900\" src=\"https:\/\/d2p6e6u75xmxt8.cloudfront.net\/5\/2024\/09\/IMG_20240825_085806-1920x1080.webp\" alt=\"\" width=\"1920\" height=\"1080\" srcset=\"https:\/\/d2p6e6u75xmxt8.cloudfront.net\/5\/2024\/09\/IMG_20240825_085806-1920x1080.webp 1920w, https:\/\/d2p6e6u75xmxt8.cloudfront.net\/5\/2024\/09\/IMG_20240825_085806-300x169.webp 300w, https:\/\/d2p6e6u75xmxt8.cloudfront.net\/5\/2024\/09\/IMG_20240825_085806-1024x576.webp 1024w, https:\/\/d2p6e6u75xmxt8.cloudfront.net\/5\/2024\/09\/IMG_20240825_085806-768x432.webp 768w, https:\/\/d2p6e6u75xmxt8.cloudfront.net\/5\/2024\/09\/IMG_20240825_085806-1536x864.webp 1536w, https:\/\/d2p6e6u75xmxt8.cloudfront.net\/5\/2024\/09\/IMG_20240825_085806-2048x1152.webp 2048w, https:\/\/d2p6e6u75xmxt8.cloudfront.net\/5\/2024\/09\/IMG_20240825_085806-400x225.webp 400w, https:\/\/d2p6e6u75xmxt8.cloudfront.net\/5\/2024\/09\/IMG_20240825_085806-1920x1080.webp 1920w\" sizes=\"auto, (max-width: 1920px) 100vw, 1920px\" \/><\/a><\/p>\n<p>Kro\u015bcienko nad Dunajcem dysponuje ca\u0142kiem poka\u017an\u0105 list\u0105 atrakcji sportowych i turystycznych. Gdyby\u015bmy tylko mieli wi\u0119cej czasu, to, opr\u00f3cz pumptracku, ch\u0119tnie by\u015bmy z nich skorzystali, jednak byli\u015bmy zm\u0119czeni po pierwszym dniu, a przed sob\u0105 mieli\u015bmy jeszcze d\u0142u\u017csz\u0105 wypraw\u0119 zaplanowan\u0105 na dzie\u0144 drugi. W Kro\u015bcienku, zaraz obok wspomnianego pumptracku, jest fajny park linowy z trasami dla dzieci i wariantami o r\u00f3\u017cnym stopniu zaawansowania dla doros\u0142ych. Jest te\u017c oczywi\u015bcie rafting, czyli sp\u0142ywy Dunajcem, zar\u00f3wno w pontonach, jak i w kajakach, oraz sp\u0142ywy rzek\u0105 w drewnianych \u0142odziach flisak\u00f3w. Do tego zewn\u0119trzna si\u0142ownia po\u0142\u0105czona ze stref\u0105 zewn\u0119trznych aktywno\u015bci oraz kilometry \u015bcie\u017cek pieszych i rowerowych. Bezpo\u015brednio przy Dunajcu jest te\u017c pole campingowe, wi\u0119c dla mi\u0142o\u015bnik\u00f3w podr\u00f3\u017cy z namiotem Kro\u015bcienko r\u00f3wnie\u017c ma co\u015b w ofercie.<\/p>\n<p>My \u017cegnali\u015bmy si\u0119 z tym miejscem z lekkim smutkiem, ale te\u017c wielk\u0105 nadziej\u0105 na kolejne magiczne kilometry trasy Velo Dunajec, szczeg\u00f3lnie te poprowadzone przez Pieni\u0144ski Park Narodowy. Praktycznie od samego miejsca naszego noclegu prowadzi\u0142a nas \u015bcie\u017cka rowerowa. By\u0142 niedzielny poranek, a ruch okaza\u0142 si\u0119 ju\u017c ca\u0142kiem spory, co podzia\u0142a\u0142o motywuj\u0105co na Wiktora, wi\u0119c mieli\u015bmy doskona\u0142e tempo. Co chwil\u0119 jednak przystawali\u015bmy, \u017ceby zrobi\u0107 zdj\u0119cia, bo pami\u0105tki s\u0105 najwa\u017cniejsze i ch\u0119tnie takie zbieramy. By\u0142o przyjemnie ch\u0142odno, wi\u0119c chcieli\u015bmy przejecha\u0107 jak najwi\u0119cej, bo oko\u0142o po\u0142udnia temperatura mia\u0142a przekroczy\u0107 trzydzie\u015bci stopni Celsjusza.<\/p>\n<p><a href=\"https:\/\/d2p6e6u75xmxt8.cloudfront.net\/5\/2024\/09\/1000033864-01.webp\"><img loading=\"lazy\" decoding=\"async\" class=\"alignnone size-full wp-image-15897\" src=\"https:\/\/d2p6e6u75xmxt8.cloudfront.net\/5\/2024\/09\/1000033864-01.webp\" alt=\"\" width=\"1836\" height=\"1033\" srcset=\"https:\/\/d2p6e6u75xmxt8.cloudfront.net\/5\/2024\/09\/1000033864-01.webp 1836w, https:\/\/d2p6e6u75xmxt8.cloudfront.net\/5\/2024\/09\/1000033864-01-300x169.webp 300w, https:\/\/d2p6e6u75xmxt8.cloudfront.net\/5\/2024\/09\/1000033864-01-1024x576.webp 1024w, https:\/\/d2p6e6u75xmxt8.cloudfront.net\/5\/2024\/09\/1000033864-01-768x432.webp 768w, https:\/\/d2p6e6u75xmxt8.cloudfront.net\/5\/2024\/09\/1000033864-01-1536x864.webp 1536w, https:\/\/d2p6e6u75xmxt8.cloudfront.net\/5\/2024\/09\/1000033864-01-400x225.webp 400w\" sizes=\"auto, (max-width: 1836px) 100vw, 1836px\" \/><\/a><\/p>\n<p>Pieniny s\u0105 genialne! Trasa Velo Dunajec poprowadzona jest bezpo\u015brednio przy Dunajcu, nad g\u0142owami strzelaj\u0105 co chwil\u0119 pionowe, l\u015bni\u0105ce w s\u0142o\u0144cu ska\u0142y. Tak pisa\u0142 o tych g\u00f3rach Wincenty Pol\u00a0w 1867. I \u0142odzie flisak\u00f3w, dziesi\u0105tki \u0142odzi flisak\u00f3w p\u0142yn\u0105cych z biegiem rzeki \u2013 to robi\u0142o ogromne wra\u017cenie. Jad\u0105c raz po polskiej, raz po s\u0142owackiej stronie Dunajca, dotarli\u015bmy pod zamek Niedzica, gdzie rozpocz\u0119\u0142a si\u0119 genialna \u015bcie\u017cka okalaj\u0105ca Jezioro Czorszty\u0144skie. My z uwagi na ograniczony czas pokonali\u015bmy tylko po\u0142udniow\u0105 jej cz\u0119\u015b\u0107, kt\u00f3ra, cho\u0107 mocno oblegana przez rowerzyst\u00f3w, by\u0142a bardzo urozmaicona. Liczne podjazdy i zjazdy sprawi\u0142y, \u017ce \u015bwietnie si\u0119 tam bawili\u015bmy, a kilometry lecia\u0142y szybko, cho\u0107 czu\u0107 ju\u017c by\u0142o upa\u0142 w powietrzu.<\/p>\n<p>T\u0119 tras\u0119 spokojnie mo\u017cna by by\u0142o podzieli\u0107 na trzy dni. Jad\u0105c z mniejszym dzieckiem, mo\u017cna \u015bmia\u0142o zaplanowa\u0107 dwa noclegi. Jeden gdzie\u015b w Ochotnicy Dolnej, drugi mi\u0119dzy Pieninami a zamkiem Niedzica, a na ostatni dzie\u0144 zostaje przejazd brzegiem Jeziora Czorszty\u0144skiego i wzd\u0142u\u017c Dunajca do Nowego Targu. Nam w drugi dzie\u0144 wysz\u0142o sze\u015b\u0107dziesi\u0105t kilometr\u00f3w i, szczerze m\u00f3wi\u0105c, najwi\u0119kszym problemem by\u0142 upa\u0142. Wiktor okaza\u0142 si\u0119 bardzo wytrzyma\u0142ym podr\u00f3\u017cnikiem i \u015bwietnie poradzi\u0142 sobie z dystansem, ale ostatnie dziesi\u0119\u0107 kilometr\u00f3w by\u0142o ju\u017c ci\u0119\u017ckie, cho\u0107 bardzo malownicze. Jak si\u0119 w takim razie ratowali\u015bmy przed wi\u0119kszym kryzysem? Oczywi\u015bcie lodami i moczeniem n\u00f3g w Dunajcu \ud83d\ude0a<\/p>\n<p><a class=\"in-cell-link\" href=\"http:\/\/www.skoda-auto.pl\/\" target=\"_blank\" rel=\"noopener\">Artyku\u0142 powsta\u0142 we wsp\u00f3\u0142pracy ze skoda-auto.pl<\/a><\/p>\n<p><a href=\"https:\/\/d2p6e6u75xmxt8.cloudfront.net\/5\/2030\/11\/2.webp\"><img loading=\"lazy\" decoding=\"async\" class=\"size-full wp-image-13774 aligncenter\" src=\"https:\/\/d2p6e6u75xmxt8.cloudfront.net\/5\/2030\/11\/2.webp\" alt=\"\" width=\"640\" height=\"350\" srcset=\"https:\/\/d2p6e6u75xmxt8.cloudfront.net\/5\/2030\/11\/2.webp 640w, https:\/\/d2p6e6u75xmxt8.cloudfront.net\/5\/2030\/11\/2-300x164.webp 300w, https:\/\/d2p6e6u75xmxt8.cloudfront.net\/5\/2030\/11\/2-400x219.webp 400w\" sizes=\"auto, (max-width: 640px) 100vw, 640px\" \/><\/a><\/p>\n","protected":false},"excerpt":{"rendered":"<p>Nie mog\u0142o si\u0119 to lepiej posk\u0142ada\u0107 w ca\u0142o\u015b\u0107. Wygrana Kasi Niewiadomej w kobiecym Tour de France i m\u00f3j m\u0119ski wypad [&hellip;]<\/p>\n","protected":false},"author":187,"featured_media":15898,"comment_status":"open","ping_status":"open","sticky":false,"template":"","format":"standard","meta":{"footnotes":""},"categories":[203],"tags":[108,117,191,404,107],"global-categories":[303],"class_list":["post-15896","post","type-post","status-publish","format-standard","has-post-thumbnail","hentry","category-bartosz-huzarski","tag-bartosz-huzarski","tag-najlepsze-trasy","tag-skoda","tag-skodapolska","tag-trasy-rowerowe","global-categories-cycling"],"yoast_head":"<!-- This site is optimized with the Yoast SEO Premium plugin v25.3 (Yoast SEO v25.9) - https:\/\/yoast.com\/wordpress\/plugins\/seo\/ -->\n<title>Pierwsza wyprawa z synem w stylu bikepackingowym - \u0160koda We Love Cycling - Poland<\/title>\n<meta name=\"robots\" content=\"index, follow, max-snippet:-1, max-image-preview:large, max-video-preview:-1\" \/>\n<link rel=\"canonical\" href=\"https:\/\/www.welovecycling.com\/pl\/2024\/09\/25\/pierwsza-wyprawa-z-synem-w-stylu-bikepackingowym\/\" \/>\n<meta property=\"og:locale\" content=\"pl_PL\" \/>\n<meta property=\"og:type\" content=\"article\" \/>\n<meta property=\"og:title\" content=\"Pierwsza wyprawa z synem w stylu bikepackingowym\" \/>\n<meta property=\"og:description\" content=\"Nie mog\u0142o si\u0119 to lepiej posk\u0142ada\u0107 w ca\u0142o\u015b\u0107. Wygrana Kasi Niewiadomej w kobiecym Tour de France i m\u00f3j m\u0119ski wypad [&hellip;]\" \/>\n<meta property=\"og:url\" content=\"https:\/\/www.welovecycling.com\/pl\/2024\/09\/25\/pierwsza-wyprawa-z-synem-w-stylu-bikepackingowym\/\" \/>\n<meta property=\"og:site_name\" content=\"\u0160koda We Love Cycling - Poland\" \/>\n<meta property=\"article:published_time\" content=\"2024-09-25T13:04:52+00:00\" \/>\n<meta property=\"og:image\" content=\"https:\/\/d2p6e6u75xmxt8.cloudfront.net\/5\/2024\/09\/IMG_20240824_125544-scaled.webp\" \/>\n\t<meta property=\"og:image:width\" content=\"2560\" \/>\n\t<meta property=\"og:image:height\" content=\"1440\" \/>\n\t<meta property=\"og:image:type\" content=\"image\/webp\" \/>\n<meta name=\"author\" content=\"konradbobrowski\" \/>\n<meta name=\"twitter:card\" content=\"summary_large_image\" \/>\n<meta name=\"twitter:label1\" content=\"Written by\" \/>\n\t<meta name=\"twitter:data1\" content=\"Bartosz Huzarski\" \/>\n\t<meta name=\"twitter:label2\" content=\"Est. reading time\" \/>\n\t<meta name=\"twitter:data2\" content=\"4\" \/>\n<script type=\"application\/ld+json\" class=\"yoast-schema-graph\">{\"@context\":\"https:\/\/schema.org\",\"@graph\":[{\"@type\":\"WebPage\",\"@id\":\"https:\/\/www.welovecycling.com\/pl\/2024\/09\/25\/pierwsza-wyprawa-z-synem-w-stylu-bikepackingowym\/\",\"url\":\"https:\/\/www.welovecycling.com\/pl\/2024\/09\/25\/pierwsza-wyprawa-z-synem-w-stylu-bikepackingowym\/\",\"name\":\"Pierwsza wyprawa z synem w stylu bikepackingowym - \u0160koda We Love Cycling - Poland\",\"isPartOf\":{\"@id\":\"https:\/\/www.welovecycling.com\/pl\/#website\"},\"primaryImageOfPage\":{\"@id\":\"https:\/\/www.welovecycling.com\/pl\/2024\/09\/25\/pierwsza-wyprawa-z-synem-w-stylu-bikepackingowym\/#primaryimage\"},\"image\":{\"@id\":\"https:\/\/www.welovecycling.com\/pl\/2024\/09\/25\/pierwsza-wyprawa-z-synem-w-stylu-bikepackingowym\/#primaryimage\"},\"thumbnailUrl\":\"https:\/\/d2p6e6u75xmxt8.cloudfront.net\/5\/2024\/09\/IMG_20240824_125544-scaled.webp\",\"datePublished\":\"2024-09-25T13:04:52+00:00\",\"author\":{\"@id\":\"https:\/\/www.welovecycling.com\/pl\/#\/schema\/person\/e551e469d0b17f4e0b87f3f4fa8fc0f2\"},\"breadcrumb\":{\"@id\":\"https:\/\/www.welovecycling.com\/pl\/2024\/09\/25\/pierwsza-wyprawa-z-synem-w-stylu-bikepackingowym\/#breadcrumb\"},\"inLanguage\":\"pl-PL\",\"potentialAction\":[{\"@type\":\"ReadAction\",\"target\":[\"https:\/\/www.welovecycling.com\/pl\/2024\/09\/25\/pierwsza-wyprawa-z-synem-w-stylu-bikepackingowym\/\"]}]},{\"@type\":\"ImageObject\",\"inLanguage\":\"pl-PL\",\"@id\":\"https:\/\/www.welovecycling.com\/pl\/2024\/09\/25\/pierwsza-wyprawa-z-synem-w-stylu-bikepackingowym\/#primaryimage\",\"url\":\"https:\/\/d2p6e6u75xmxt8.cloudfront.net\/5\/2024\/09\/IMG_20240824_125544-scaled.webp\",\"contentUrl\":\"https:\/\/d2p6e6u75xmxt8.cloudfront.net\/5\/2024\/09\/IMG_20240824_125544-scaled.webp\",\"width\":2560,\"height\":1440},{\"@type\":\"BreadcrumbList\",\"@id\":\"https:\/\/www.welovecycling.com\/pl\/2024\/09\/25\/pierwsza-wyprawa-z-synem-w-stylu-bikepackingowym\/#breadcrumb\",\"itemListElement\":[{\"@type\":\"ListItem\",\"position\":1,\"name\":\"Home\",\"item\":\"https:\/\/www.welovecycling.com\/pl\/\"},{\"@type\":\"ListItem\",\"position\":2,\"name\":\"Pierwsza wyprawa z synem w stylu bikepackingowym\"}]},{\"@type\":\"WebSite\",\"@id\":\"https:\/\/www.welovecycling.com\/pl\/#website\",\"url\":\"https:\/\/www.welovecycling.com\/pl\/\",\"name\":\"\u0160koda We Love Cycling - Poland\",\"description\":\"\",\"potentialAction\":[{\"@type\":\"SearchAction\",\"target\":{\"@type\":\"EntryPoint\",\"urlTemplate\":\"https:\/\/www.welovecycling.com\/pl\/?s={search_term_string}\"},\"query-input\":{\"@type\":\"PropertyValueSpecification\",\"valueRequired\":true,\"valueName\":\"search_term_string\"}}],\"inLanguage\":\"pl-PL\"},{\"@type\":\"Person\",\"@id\":\"https:\/\/www.welovecycling.com\/pl\/#\/schema\/person\/e551e469d0b17f4e0b87f3f4fa8fc0f2\",\"name\":\"konradbobrowski\",\"image\":{\"@type\":\"ImageObject\",\"inLanguage\":\"pl-PL\",\"@id\":\"https:\/\/www.welovecycling.com\/pl\/#\/schema\/person\/image\/\",\"url\":\"https:\/\/secure.gravatar.com\/avatar\/91ac5a8cb4a26d3b32dc77b5e6d46616cf6adf425879538f5e5d7e4ef2333a4c?s=96&d=mm&r=g\",\"contentUrl\":\"https:\/\/secure.gravatar.com\/avatar\/91ac5a8cb4a26d3b32dc77b5e6d46616cf6adf425879538f5e5d7e4ef2333a4c?s=96&d=mm&r=g\",\"caption\":\"konradbobrowski\"},\"url\":\"https:\/\/www.welovecycling.com\/pl\/author\/konradbobrowski\/\"}]}<\/script>\n<!-- \/ Yoast SEO Premium plugin. -->","yoast_head_json":{"title":"Pierwsza wyprawa z synem w stylu bikepackingowym - \u0160koda We Love Cycling - Poland","robots":{"index":"index","follow":"follow","max-snippet":"max-snippet:-1","max-image-preview":"max-image-preview:large","max-video-preview":"max-video-preview:-1"},"canonical":"https:\/\/www.welovecycling.com\/pl\/2024\/09\/25\/pierwsza-wyprawa-z-synem-w-stylu-bikepackingowym\/","og_locale":"pl_PL","og_type":"article","og_title":"Pierwsza wyprawa z synem w stylu bikepackingowym","og_description":"Nie mog\u0142o si\u0119 to lepiej posk\u0142ada\u0107 w ca\u0142o\u015b\u0107. Wygrana Kasi Niewiadomej w kobiecym Tour de France i m\u00f3j m\u0119ski wypad [&hellip;]","og_url":"https:\/\/www.welovecycling.com\/pl\/2024\/09\/25\/pierwsza-wyprawa-z-synem-w-stylu-bikepackingowym\/","og_site_name":"\u0160koda We Love Cycling - Poland","article_published_time":"2024-09-25T13:04:52+00:00","og_image":[{"width":2560,"height":1440,"url":"https:\/\/d2p6e6u75xmxt8.cloudfront.net\/5\/2024\/09\/IMG_20240824_125544-scaled.webp","type":"image\/webp"}],"author":"konradbobrowski","twitter_card":"summary_large_image","twitter_misc":{"Written by":"Bartosz Huzarski","Est. reading time":"4"},"schema":{"@context":"https:\/\/schema.org","@graph":[{"@type":"WebPage","@id":"https:\/\/www.welovecycling.com\/pl\/2024\/09\/25\/pierwsza-wyprawa-z-synem-w-stylu-bikepackingowym\/","url":"https:\/\/www.welovecycling.com\/pl\/2024\/09\/25\/pierwsza-wyprawa-z-synem-w-stylu-bikepackingowym\/","name":"Pierwsza wyprawa z synem w stylu bikepackingowym - \u0160koda We Love Cycling - Poland","isPartOf":{"@id":"https:\/\/www.welovecycling.com\/pl\/#website"},"primaryImageOfPage":{"@id":"https:\/\/www.welovecycling.com\/pl\/2024\/09\/25\/pierwsza-wyprawa-z-synem-w-stylu-bikepackingowym\/#primaryimage"},"image":{"@id":"https:\/\/www.welovecycling.com\/pl\/2024\/09\/25\/pierwsza-wyprawa-z-synem-w-stylu-bikepackingowym\/#primaryimage"},"thumbnailUrl":"https:\/\/d2p6e6u75xmxt8.cloudfront.net\/5\/2024\/09\/IMG_20240824_125544-scaled.webp","datePublished":"2024-09-25T13:04:52+00:00","author":{"@id":"https:\/\/www.welovecycling.com\/pl\/#\/schema\/person\/e551e469d0b17f4e0b87f3f4fa8fc0f2"},"breadcrumb":{"@id":"https:\/\/www.welovecycling.com\/pl\/2024\/09\/25\/pierwsza-wyprawa-z-synem-w-stylu-bikepackingowym\/#breadcrumb"},"inLanguage":"pl-PL","potentialAction":[{"@type":"ReadAction","target":["https:\/\/www.welovecycling.com\/pl\/2024\/09\/25\/pierwsza-wyprawa-z-synem-w-stylu-bikepackingowym\/"]}]},{"@type":"ImageObject","inLanguage":"pl-PL","@id":"https:\/\/www.welovecycling.com\/pl\/2024\/09\/25\/pierwsza-wyprawa-z-synem-w-stylu-bikepackingowym\/#primaryimage","url":"https:\/\/d2p6e6u75xmxt8.cloudfront.net\/5\/2024\/09\/IMG_20240824_125544-scaled.webp","contentUrl":"https:\/\/d2p6e6u75xmxt8.cloudfront.net\/5\/2024\/09\/IMG_20240824_125544-scaled.webp","width":2560,"height":1440},{"@type":"BreadcrumbList","@id":"https:\/\/www.welovecycling.com\/pl\/2024\/09\/25\/pierwsza-wyprawa-z-synem-w-stylu-bikepackingowym\/#breadcrumb","itemListElement":[{"@type":"ListItem","position":1,"name":"Home","item":"https:\/\/www.welovecycling.com\/pl\/"},{"@type":"ListItem","position":2,"name":"Pierwsza wyprawa z synem w stylu bikepackingowym"}]},{"@type":"WebSite","@id":"https:\/\/www.welovecycling.com\/pl\/#website","url":"https:\/\/www.welovecycling.com\/pl\/","name":"\u0160koda We Love Cycling - Poland","description":"","potentialAction":[{"@type":"SearchAction","target":{"@type":"EntryPoint","urlTemplate":"https:\/\/www.welovecycling.com\/pl\/?s={search_term_string}"},"query-input":{"@type":"PropertyValueSpecification","valueRequired":true,"valueName":"search_term_string"}}],"inLanguage":"pl-PL"},{"@type":"Person","@id":"https:\/\/www.welovecycling.com\/pl\/#\/schema\/person\/e551e469d0b17f4e0b87f3f4fa8fc0f2","name":"konradbobrowski","image":{"@type":"ImageObject","inLanguage":"pl-PL","@id":"https:\/\/www.welovecycling.com\/pl\/#\/schema\/person\/image\/","url":"https:\/\/secure.gravatar.com\/avatar\/91ac5a8cb4a26d3b32dc77b5e6d46616cf6adf425879538f5e5d7e4ef2333a4c?s=96&d=mm&r=g","contentUrl":"https:\/\/secure.gravatar.com\/avatar\/91ac5a8cb4a26d3b32dc77b5e6d46616cf6adf425879538f5e5d7e4ef2333a4c?s=96&d=mm&r=g","caption":"konradbobrowski"},"url":"https:\/\/www.welovecycling.com\/pl\/author\/konradbobrowski\/"}]}},"_links":{"self":[{"href":"https:\/\/www.welovecycling.com\/pl\/wp-json\/wp\/v2\/posts\/15896","targetHints":{"allow":["GET"]}}],"collection":[{"href":"https:\/\/www.welovecycling.com\/pl\/wp-json\/wp\/v2\/posts"}],"about":[{"href":"https:\/\/www.welovecycling.com\/pl\/wp-json\/wp\/v2\/types\/post"}],"author":[{"embeddable":true,"href":"https:\/\/www.welovecycling.com\/pl\/wp-json\/wp\/v2\/users\/187"}],"replies":[{"embeddable":true,"href":"https:\/\/www.welovecycling.com\/pl\/wp-json\/wp\/v2\/comments?post=15896"}],"version-history":[{"count":1,"href":"https:\/\/www.welovecycling.com\/pl\/wp-json\/wp\/v2\/posts\/15896\/revisions"}],"predecessor-version":[{"id":15901,"href":"https:\/\/www.welovecycling.com\/pl\/wp-json\/wp\/v2\/posts\/15896\/revisions\/15901"}],"wp:featuredmedia":[{"embeddable":true,"href":"https:\/\/www.welovecycling.com\/pl\/wp-json\/wp\/v2\/media\/15898"}],"wp:attachment":[{"href":"https:\/\/www.welovecycling.com\/pl\/wp-json\/wp\/v2\/media?parent=15896"}],"wp:term":[{"taxonomy":"category","embeddable":true,"href":"https:\/\/www.welovecycling.com\/pl\/wp-json\/wp\/v2\/categories?post=15896"},{"taxonomy":"post_tag","embeddable":true,"href":"https:\/\/www.welovecycling.com\/pl\/wp-json\/wp\/v2\/tags?post=15896"},{"taxonomy":"global-categories","embeddable":true,"href":"https:\/\/www.welovecycling.com\/pl\/wp-json\/wp\/v2\/global-categories?post=15896"}],"curies":[{"name":"wp","href":"https:\/\/api.w.org\/{rel}","templated":true}]}}