{"id":15852,"date":"2024-08-20T07:15:53","date_gmt":"2024-08-20T07:15:53","guid":{"rendered":"https:\/\/www.welovecycling.com\/pl\/?p=15852"},"modified":"2024-08-20T07:15:53","modified_gmt":"2024-08-20T07:15:53","slug":"brawo-brawo-brawo-katarzyna-niewiadoma-krolowa-tour-de-france-femmes","status":"publish","type":"post","link":"https:\/\/www.welovecycling.com\/pl\/2024\/08\/20\/brawo-brawo-brawo-katarzyna-niewiadoma-krolowa-tour-de-france-femmes\/","title":{"rendered":"Brawo, brawo, brawo! Katarzyna Niewiadoma kr\u00f3low\u0105 Tour de France Femmes!"},"content":{"rendered":"<p><strong>Katarzyna Niewiadoma (CANYON\/\/SRAM Racing) wygra\u0142a Wielk\u0105 P\u0119tl\u0119! Polka kapitalnie spisywa\u0142a si\u0119 przez ca\u0142y Tour de France Femmes avec Zwift, ale w samej ko\u0144c\u00f3wce rywalki da\u0142y o sobie zna\u0107. Niewiadoma w wielkim stylu zdo\u0142a\u0142a jednak odeprze\u0107 atak i przesz\u0142a do historii \u015bwiatowego kolarstwa!<\/strong><\/p>\n<p>Je\u015bli wygrywa\u0107 najwi\u0119ksze wy\u015bcigi \u015bwiata, to w\u0142a\u015bnie w takim stylu. Katarzyna Niewiadoma otwarcie m\u00f3wi\u0142a, \u017ce ostrzy sobie z\u0119by na Tour de France, ale podobne deklaracje sk\u0142ada\u0142o co najmniej kilkana\u015bcie zawodniczek. Jednak tylko Polce uda\u0142o si\u0119 zrealizowa\u0107 marzenia i ju\u017c nikt nie odbierze jej miejsca w\u015br\u00f3d najwi\u0119kszych zawodniczek.<\/p>\n<p><a href=\"https:\/\/x.com\/LeTourFemmes\/status\/1825220977480946075\">https:\/\/x.com\/LeTourFemmes\/status\/1825220977480946075<\/a><\/p>\n<p>&#8211; Przesz\u0142am ogromne m\u0119czarnie na ostatnim podje\u017adzie. A potem przeci\u0119\u0142am lini\u0119 mety i dowiedzia\u0142am si\u0119, \u017ce wygra\u0142am. To by\u0142o co\u015b niesamowitego. \u017bycie jest szalone. Rok temu o w\u0142os przegra\u0142am drugie miejsce&#8230; To chyba wszystko dzi\u0119ki Bogu, on chyba ma plan dla mnie. To zwyci\u0119stwo jest nagrod\u0105 za t\u0105 trzeci\u0105 pozycj\u0119 rok temu \u2013 cieszy\u0142a si\u0119 na mecie Niewiadoma przed kamerami Eurosportu.<\/p>\n<h2><strong>Pasjonuj\u0105ca walka<\/strong><\/h2>\n<p>Polka od pocz\u0105tku wy\u015bcigu zdawa\u0142a si\u0119 kontrolowa\u0107 sytuacj\u0119. Jecha\u0142a pewnie, ale nie forsowa\u0142a tempa. I nie przera\u017ca\u0142 jej nawet fakt, \u017ce po trzecim etapie prowadzenie w klasyfikacji generalnej obj\u0119\u0142a Demi Vollering (SD Worx-Protime), zwyci\u0119\u017cczyni poprzedniej edycji Tour de France.<\/p>\n<p>Polka na peda\u0142y mocniej nacisn\u0119\u0142a podczas pi\u0105tego etapu i za\u0142o\u017cy\u0142a \u017c\u00f3\u0142t\u0105 koszulk\u0119 liderki. Wtedy sta\u0142o si\u0119 jasne, \u017ce albo j\u0105 obroni, albo zn\u00f3w b\u0119dzie musia\u0142a zadowoli\u0107 si\u0119 miejscem na ni\u017cszym stopniu podium.<\/p>\n<p><a href=\"https:\/\/x.com\/LeTourFemmes\/status\/1824474581350093118\">https:\/\/x.com\/LeTourFemmes\/status\/1824474581350093118<\/a><\/p>\n<h2><strong>\u201ePoczu\u0142am, \u017ce znowu jestem gotowa do walki\u201d<\/strong><\/h2>\n<p>Polka odpiera\u0142a kolejne ataki, a\u017c do dnia ostatecznej batalii. Niewiadoma by\u0142a faworytk\u0105, ale szanse na zwyci\u0119stwo mia\u0142o jeszcze kilka zawodniczek. G\u0142\u00f3wn\u0105 rywalk\u0105 by\u0142a w\u0142a\u015bnie Vollering, kt\u00f3ry pokaz mocy da\u0142a podczas podjazdu na Col du Glandon.<\/p>\n<p>&#8211; Tam straci\u0142am pewno\u015b\u0107 siebie, czu\u0142am si\u0119 fatalnie. Nie by\u0142o \u0142atwo, ale p\u00f3\u017aniej si\u0142y wr\u00f3ci\u0142y. Poczu\u0142am, \u017ce znowu jestem gotowa do walki \u2013 podkre\u015bla\u0142a przed kamerami Niewiadoma.<\/p>\n<p><a href=\"https:\/\/x.com\/LeTourFemmes\/status\/1824378386459816293\">https:\/\/x.com\/LeTourFemmes\/status\/1824378386459816293<\/a><\/p>\n<h2><strong>\u201eKrzyczeli\u015bmy, \u017ceby jecha\u0142a wszystko\u201d<\/strong><\/h2>\n<p>Rozstrzygni\u0119cie mia\u0142a wi\u0119c przynie\u015b\u0107 wspinaczka na legendarny Alpe d&#8217;Huez. Polka na ten ostatni fragment mia\u0142a przygotowany plan, cho\u0107 rywalki bardzo mocno naciska\u0142y. Kulisy walki o wygran\u0105 zdradzi\u0142 przed kamerami Eurosportu Erik Zabel, cz\u0142onek sztabu CANYON\/\/SRAM Racing.<\/p>\n<p>&#8211; Kasia kaza\u0142a nam si\u0119 uciszy\u0107 10 kilometr\u00f3w przed met\u0105. Powiedzieli\u015bmy jej, \u017ceby jecha\u0142a swoje i nie przekracza\u0142a granic swoich mo\u017cliwo\u015bci. Cztery kilometry przed met\u0105 krzyczeli\u015bmy jednak, \u017ceby jecha\u0142a po wszystko \u2013 opowiada\u0142 Zabel.<\/p>\n<p><a href=\"https:\/\/x.com\/LeTourFemmes\/status\/1825271190812025336\">https:\/\/x.com\/LeTourFemmes\/status\/1825271190812025336<\/a><\/p>\n<p>&#8211; Wiedzia\u0142am, \u017ce musz\u0119 jecha\u0107 swoim tempem, a na ostatnich pi\u0119ciu kilometrach da\u0107 z siebie wszystko. Straci\u0142am wiar\u0119, \u017ce to si\u0119 uda. W radiu wrzeszczeli przez ca\u0142y ostatni fragment. Na ostatnim podje\u017adzie przesz\u0142am m\u0119czarni\u0119, a potem dojecha\u0142am na met\u0119 i dowiedzia\u0142am si\u0119, \u017ce wygra\u0142am. To co\u015b niesamowitego \u2013 doda\u0142a Niewiadoma.<\/p>\n<p>W poprzednich dw\u00f3ch edycjach Tour de France Femmes Polka by\u0142a trzecia. W tym roku wygra\u0142a Wielk\u0105 P\u0119tl\u0119, co jest jednym z najwi\u0119kszych osi\u0105gni\u0119\u0107 w jej karierze. Drugie miejsce zaj\u0119\u0142a Vollering, a trzecie Pauliena Rooijakkers (Fenix-Deceuninck).<\/p>\n<p><span data-sheets-value=\"{&quot;1&quot;:2,&quot;2&quot;:&quot;Artyku\u0142 powsta\u0142 we wsp\u00f3\u0142pracy ze skoda-auto.pl&quot;}\" data-sheets-userformat=\"{&quot;2&quot;:1,&quot;3&quot;:{&quot;1&quot;:0}}\" data-sheets-hyperlink=\"http:\/\/www.skoda-auto.pl\/\"><a class=\"in-cell-link\" href=\"http:\/\/www.skoda-auto.pl\/\" target=\"_blank\" rel=\"noopener noreferrer\">Artyku\u0142 powsta\u0142 we wsp\u00f3\u0142pracy ze skoda-auto.pl<\/a><\/span><\/p>\n<p><a href=\"https:\/\/d2p6e6u75xmxt8.cloudfront.net\/5\/2030\/11\/2.webp\"><img loading=\"lazy\" decoding=\"async\" class=\"size-full wp-image-13774 aligncenter\" src=\"https:\/\/d2p6e6u75xmxt8.cloudfront.net\/5\/2030\/11\/2.webp\" alt=\"\" width=\"640\" height=\"350\" srcset=\"https:\/\/d2p6e6u75xmxt8.cloudfront.net\/5\/2030\/11\/2.webp 640w, https:\/\/d2p6e6u75xmxt8.cloudfront.net\/5\/2030\/11\/2-300x164.webp 300w, https:\/\/d2p6e6u75xmxt8.cloudfront.net\/5\/2030\/11\/2-400x219.webp 400w\" sizes=\"auto, (max-width: 640px) 100vw, 640px\" \/><\/a><\/p>\n","protected":false},"excerpt":{"rendered":"<p>Katarzyna Niewiadoma (CANYON\/\/SRAM Racing) wygra\u0142a Wielk\u0105 P\u0119tl\u0119! Polka kapitalnie spisywa\u0142a si\u0119 przez ca\u0142y Tour de France Femmes avec Zwift, ale [&hellip;]<\/p>\n","protected":false},"author":187,"featured_media":15854,"comment_status":"open","ping_status":"open","sticky":false,"template":"","format":"standard","meta":{"footnotes":""},"categories":[407],"tags":[369,191,404,436,406],"global-categories":[303],"class_list":["post-15852","post","type-post","status-publish","format-standard","has-post-thumbnail","hentry","category-kasia-niewiadoma","tag-kasia-niewiadoma","tag-skoda","tag-skodapolska","tag-tour-de-france-2024","tag-tour-de-france-femmes","global-categories-cycling"],"yoast_head":"<!-- This site is optimized with the Yoast SEO Premium plugin v25.3 (Yoast SEO v25.9) - https:\/\/yoast.com\/wordpress\/plugins\/seo\/ -->\n<title>Brawo, brawo, brawo! Katarzyna Niewiadoma kr\u00f3low\u0105 Tour de France Femmes! - \u0160koda We Love Cycling - Poland<\/title>\n<meta name=\"robots\" content=\"index, follow, max-snippet:-1, max-image-preview:large, max-video-preview:-1\" \/>\n<link rel=\"canonical\" href=\"https:\/\/www.welovecycling.com\/pl\/2024\/08\/20\/brawo-brawo-brawo-katarzyna-niewiadoma-krolowa-tour-de-france-femmes\/\" \/>\n<meta property=\"og:locale\" content=\"pl_PL\" \/>\n<meta property=\"og:type\" content=\"article\" \/>\n<meta property=\"og:title\" content=\"Brawo, brawo, brawo! Katarzyna Niewiadoma kr\u00f3low\u0105 Tour de France Femmes!\" \/>\n<meta property=\"og:description\" content=\"Katarzyna Niewiadoma (CANYON\/\/SRAM Racing) wygra\u0142a Wielk\u0105 P\u0119tl\u0119! Polka kapitalnie spisywa\u0142a si\u0119 przez ca\u0142y Tour de France Femmes avec Zwift, ale [&hellip;]\" \/>\n<meta property=\"og:url\" content=\"https:\/\/www.welovecycling.com\/pl\/2024\/08\/20\/brawo-brawo-brawo-katarzyna-niewiadoma-krolowa-tour-de-france-femmes\/\" \/>\n<meta property=\"og:site_name\" content=\"\u0160koda We Love Cycling - Poland\" \/>\n<meta property=\"article:published_time\" content=\"2024-08-20T07:15:53+00:00\" \/>\n<meta property=\"og:image\" content=\"https:\/\/d2p6e6u75xmxt8.cloudfront.net\/5\/2024\/08\/Niewiadoma-Wins-Tour-de-France-Femmes-avec-Zwift-After-Dramatic-Finale-on-the-Alpe-dHuez-1.webp\" \/>\n\t<meta property=\"og:image:width\" content=\"990\" \/>\n\t<meta property=\"og:image:height\" content=\"660\" \/>\n\t<meta property=\"og:image:type\" content=\"image\/webp\" \/>\n<meta name=\"author\" content=\"konradbobrowski\" \/>\n<meta name=\"twitter:card\" content=\"summary_large_image\" \/>\n<meta name=\"twitter:label1\" content=\"Written by\" \/>\n\t<meta name=\"twitter:data1\" content=\"Piotr Nowik\" \/>\n\t<meta name=\"twitter:label2\" content=\"Est. reading time\" \/>\n\t<meta name=\"twitter:data2\" content=\"4\" \/>\n<script type=\"application\/ld+json\" class=\"yoast-schema-graph\">{\"@context\":\"https:\/\/schema.org\",\"@graph\":[{\"@type\":\"WebPage\",\"@id\":\"https:\/\/www.welovecycling.com\/pl\/2024\/08\/20\/brawo-brawo-brawo-katarzyna-niewiadoma-krolowa-tour-de-france-femmes\/\",\"url\":\"https:\/\/www.welovecycling.com\/pl\/2024\/08\/20\/brawo-brawo-brawo-katarzyna-niewiadoma-krolowa-tour-de-france-femmes\/\",\"name\":\"Brawo, brawo, brawo! Katarzyna Niewiadoma kr\u00f3low\u0105 Tour de France Femmes! - \u0160koda We Love Cycling - Poland\",\"isPartOf\":{\"@id\":\"https:\/\/www.welovecycling.com\/pl\/#website\"},\"primaryImageOfPage\":{\"@id\":\"https:\/\/www.welovecycling.com\/pl\/2024\/08\/20\/brawo-brawo-brawo-katarzyna-niewiadoma-krolowa-tour-de-france-femmes\/#primaryimage\"},\"image\":{\"@id\":\"https:\/\/www.welovecycling.com\/pl\/2024\/08\/20\/brawo-brawo-brawo-katarzyna-niewiadoma-krolowa-tour-de-france-femmes\/#primaryimage\"},\"thumbnailUrl\":\"https:\/\/d2p6e6u75xmxt8.cloudfront.net\/5\/2024\/08\/Niewiadoma-Wins-Tour-de-France-Femmes-avec-Zwift-After-Dramatic-Finale-on-the-Alpe-dHuez-1.webp\",\"datePublished\":\"2024-08-20T07:15:53+00:00\",\"author\":{\"@id\":\"https:\/\/www.welovecycling.com\/pl\/#\/schema\/person\/e551e469d0b17f4e0b87f3f4fa8fc0f2\"},\"breadcrumb\":{\"@id\":\"https:\/\/www.welovecycling.com\/pl\/2024\/08\/20\/brawo-brawo-brawo-katarzyna-niewiadoma-krolowa-tour-de-france-femmes\/#breadcrumb\"},\"inLanguage\":\"pl-PL\",\"potentialAction\":[{\"@type\":\"ReadAction\",\"target\":[\"https:\/\/www.welovecycling.com\/pl\/2024\/08\/20\/brawo-brawo-brawo-katarzyna-niewiadoma-krolowa-tour-de-france-femmes\/\"]}]},{\"@type\":\"ImageObject\",\"inLanguage\":\"pl-PL\",\"@id\":\"https:\/\/www.welovecycling.com\/pl\/2024\/08\/20\/brawo-brawo-brawo-katarzyna-niewiadoma-krolowa-tour-de-france-femmes\/#primaryimage\",\"url\":\"https:\/\/d2p6e6u75xmxt8.cloudfront.net\/5\/2024\/08\/Niewiadoma-Wins-Tour-de-France-Femmes-avec-Zwift-After-Dramatic-Finale-on-the-Alpe-dHuez-1.webp\",\"contentUrl\":\"https:\/\/d2p6e6u75xmxt8.cloudfront.net\/5\/2024\/08\/Niewiadoma-Wins-Tour-de-France-Femmes-avec-Zwift-After-Dramatic-Finale-on-the-Alpe-dHuez-1.webp\",\"width\":990,\"height\":660},{\"@type\":\"BreadcrumbList\",\"@id\":\"https:\/\/www.welovecycling.com\/pl\/2024\/08\/20\/brawo-brawo-brawo-katarzyna-niewiadoma-krolowa-tour-de-france-femmes\/#breadcrumb\",\"itemListElement\":[{\"@type\":\"ListItem\",\"position\":1,\"name\":\"Home\",\"item\":\"https:\/\/www.welovecycling.com\/pl\/\"},{\"@type\":\"ListItem\",\"position\":2,\"name\":\"Brawo, brawo, brawo! Katarzyna Niewiadoma kr\u00f3low\u0105 Tour de France Femmes!\"}]},{\"@type\":\"WebSite\",\"@id\":\"https:\/\/www.welovecycling.com\/pl\/#website\",\"url\":\"https:\/\/www.welovecycling.com\/pl\/\",\"name\":\"\u0160koda We Love Cycling - Poland\",\"description\":\"\",\"potentialAction\":[{\"@type\":\"SearchAction\",\"target\":{\"@type\":\"EntryPoint\",\"urlTemplate\":\"https:\/\/www.welovecycling.com\/pl\/?s={search_term_string}\"},\"query-input\":{\"@type\":\"PropertyValueSpecification\",\"valueRequired\":true,\"valueName\":\"search_term_string\"}}],\"inLanguage\":\"pl-PL\"},{\"@type\":\"Person\",\"@id\":\"https:\/\/www.welovecycling.com\/pl\/#\/schema\/person\/e551e469d0b17f4e0b87f3f4fa8fc0f2\",\"name\":\"konradbobrowski\",\"image\":{\"@type\":\"ImageObject\",\"inLanguage\":\"pl-PL\",\"@id\":\"https:\/\/www.welovecycling.com\/pl\/#\/schema\/person\/image\/\",\"url\":\"https:\/\/secure.gravatar.com\/avatar\/91ac5a8cb4a26d3b32dc77b5e6d46616cf6adf425879538f5e5d7e4ef2333a4c?s=96&d=mm&r=g\",\"contentUrl\":\"https:\/\/secure.gravatar.com\/avatar\/91ac5a8cb4a26d3b32dc77b5e6d46616cf6adf425879538f5e5d7e4ef2333a4c?s=96&d=mm&r=g\",\"caption\":\"konradbobrowski\"},\"url\":\"https:\/\/www.welovecycling.com\/pl\/author\/konradbobrowski\/\"}]}<\/script>\n<!-- \/ Yoast SEO Premium plugin. -->","yoast_head_json":{"title":"Brawo, brawo, brawo! Katarzyna Niewiadoma kr\u00f3low\u0105 Tour de France Femmes! - \u0160koda We Love Cycling - Poland","robots":{"index":"index","follow":"follow","max-snippet":"max-snippet:-1","max-image-preview":"max-image-preview:large","max-video-preview":"max-video-preview:-1"},"canonical":"https:\/\/www.welovecycling.com\/pl\/2024\/08\/20\/brawo-brawo-brawo-katarzyna-niewiadoma-krolowa-tour-de-france-femmes\/","og_locale":"pl_PL","og_type":"article","og_title":"Brawo, brawo, brawo! Katarzyna Niewiadoma kr\u00f3low\u0105 Tour de France Femmes!","og_description":"Katarzyna Niewiadoma (CANYON\/\/SRAM Racing) wygra\u0142a Wielk\u0105 P\u0119tl\u0119! Polka kapitalnie spisywa\u0142a si\u0119 przez ca\u0142y Tour de France Femmes avec Zwift, ale [&hellip;]","og_url":"https:\/\/www.welovecycling.com\/pl\/2024\/08\/20\/brawo-brawo-brawo-katarzyna-niewiadoma-krolowa-tour-de-france-femmes\/","og_site_name":"\u0160koda We Love Cycling - Poland","article_published_time":"2024-08-20T07:15:53+00:00","og_image":[{"width":990,"height":660,"url":"https:\/\/d2p6e6u75xmxt8.cloudfront.net\/5\/2024\/08\/Niewiadoma-Wins-Tour-de-France-Femmes-avec-Zwift-After-Dramatic-Finale-on-the-Alpe-dHuez-1.webp","type":"image\/webp"}],"author":"konradbobrowski","twitter_card":"summary_large_image","twitter_misc":{"Written by":"Piotr Nowik","Est. reading time":"4"},"schema":{"@context":"https:\/\/schema.org","@graph":[{"@type":"WebPage","@id":"https:\/\/www.welovecycling.com\/pl\/2024\/08\/20\/brawo-brawo-brawo-katarzyna-niewiadoma-krolowa-tour-de-france-femmes\/","url":"https:\/\/www.welovecycling.com\/pl\/2024\/08\/20\/brawo-brawo-brawo-katarzyna-niewiadoma-krolowa-tour-de-france-femmes\/","name":"Brawo, brawo, brawo! Katarzyna Niewiadoma kr\u00f3low\u0105 Tour de France Femmes! - \u0160koda We Love Cycling - Poland","isPartOf":{"@id":"https:\/\/www.welovecycling.com\/pl\/#website"},"primaryImageOfPage":{"@id":"https:\/\/www.welovecycling.com\/pl\/2024\/08\/20\/brawo-brawo-brawo-katarzyna-niewiadoma-krolowa-tour-de-france-femmes\/#primaryimage"},"image":{"@id":"https:\/\/www.welovecycling.com\/pl\/2024\/08\/20\/brawo-brawo-brawo-katarzyna-niewiadoma-krolowa-tour-de-france-femmes\/#primaryimage"},"thumbnailUrl":"https:\/\/d2p6e6u75xmxt8.cloudfront.net\/5\/2024\/08\/Niewiadoma-Wins-Tour-de-France-Femmes-avec-Zwift-After-Dramatic-Finale-on-the-Alpe-dHuez-1.webp","datePublished":"2024-08-20T07:15:53+00:00","author":{"@id":"https:\/\/www.welovecycling.com\/pl\/#\/schema\/person\/e551e469d0b17f4e0b87f3f4fa8fc0f2"},"breadcrumb":{"@id":"https:\/\/www.welovecycling.com\/pl\/2024\/08\/20\/brawo-brawo-brawo-katarzyna-niewiadoma-krolowa-tour-de-france-femmes\/#breadcrumb"},"inLanguage":"pl-PL","potentialAction":[{"@type":"ReadAction","target":["https:\/\/www.welovecycling.com\/pl\/2024\/08\/20\/brawo-brawo-brawo-katarzyna-niewiadoma-krolowa-tour-de-france-femmes\/"]}]},{"@type":"ImageObject","inLanguage":"pl-PL","@id":"https:\/\/www.welovecycling.com\/pl\/2024\/08\/20\/brawo-brawo-brawo-katarzyna-niewiadoma-krolowa-tour-de-france-femmes\/#primaryimage","url":"https:\/\/d2p6e6u75xmxt8.cloudfront.net\/5\/2024\/08\/Niewiadoma-Wins-Tour-de-France-Femmes-avec-Zwift-After-Dramatic-Finale-on-the-Alpe-dHuez-1.webp","contentUrl":"https:\/\/d2p6e6u75xmxt8.cloudfront.net\/5\/2024\/08\/Niewiadoma-Wins-Tour-de-France-Femmes-avec-Zwift-After-Dramatic-Finale-on-the-Alpe-dHuez-1.webp","width":990,"height":660},{"@type":"BreadcrumbList","@id":"https:\/\/www.welovecycling.com\/pl\/2024\/08\/20\/brawo-brawo-brawo-katarzyna-niewiadoma-krolowa-tour-de-france-femmes\/#breadcrumb","itemListElement":[{"@type":"ListItem","position":1,"name":"Home","item":"https:\/\/www.welovecycling.com\/pl\/"},{"@type":"ListItem","position":2,"name":"Brawo, brawo, brawo! Katarzyna Niewiadoma kr\u00f3low\u0105 Tour de France Femmes!"}]},{"@type":"WebSite","@id":"https:\/\/www.welovecycling.com\/pl\/#website","url":"https:\/\/www.welovecycling.com\/pl\/","name":"\u0160koda We Love Cycling - Poland","description":"","potentialAction":[{"@type":"SearchAction","target":{"@type":"EntryPoint","urlTemplate":"https:\/\/www.welovecycling.com\/pl\/?s={search_term_string}"},"query-input":{"@type":"PropertyValueSpecification","valueRequired":true,"valueName":"search_term_string"}}],"inLanguage":"pl-PL"},{"@type":"Person","@id":"https:\/\/www.welovecycling.com\/pl\/#\/schema\/person\/e551e469d0b17f4e0b87f3f4fa8fc0f2","name":"konradbobrowski","image":{"@type":"ImageObject","inLanguage":"pl-PL","@id":"https:\/\/www.welovecycling.com\/pl\/#\/schema\/person\/image\/","url":"https:\/\/secure.gravatar.com\/avatar\/91ac5a8cb4a26d3b32dc77b5e6d46616cf6adf425879538f5e5d7e4ef2333a4c?s=96&d=mm&r=g","contentUrl":"https:\/\/secure.gravatar.com\/avatar\/91ac5a8cb4a26d3b32dc77b5e6d46616cf6adf425879538f5e5d7e4ef2333a4c?s=96&d=mm&r=g","caption":"konradbobrowski"},"url":"https:\/\/www.welovecycling.com\/pl\/author\/konradbobrowski\/"}]}},"_links":{"self":[{"href":"https:\/\/www.welovecycling.com\/pl\/wp-json\/wp\/v2\/posts\/15852","targetHints":{"allow":["GET"]}}],"collection":[{"href":"https:\/\/www.welovecycling.com\/pl\/wp-json\/wp\/v2\/posts"}],"about":[{"href":"https:\/\/www.welovecycling.com\/pl\/wp-json\/wp\/v2\/types\/post"}],"author":[{"embeddable":true,"href":"https:\/\/www.welovecycling.com\/pl\/wp-json\/wp\/v2\/users\/187"}],"replies":[{"embeddable":true,"href":"https:\/\/www.welovecycling.com\/pl\/wp-json\/wp\/v2\/comments?post=15852"}],"version-history":[{"count":1,"href":"https:\/\/www.welovecycling.com\/pl\/wp-json\/wp\/v2\/posts\/15852\/revisions"}],"predecessor-version":[{"id":15855,"href":"https:\/\/www.welovecycling.com\/pl\/wp-json\/wp\/v2\/posts\/15852\/revisions\/15855"}],"wp:featuredmedia":[{"embeddable":true,"href":"https:\/\/www.welovecycling.com\/pl\/wp-json\/wp\/v2\/media\/15854"}],"wp:attachment":[{"href":"https:\/\/www.welovecycling.com\/pl\/wp-json\/wp\/v2\/media?parent=15852"}],"wp:term":[{"taxonomy":"category","embeddable":true,"href":"https:\/\/www.welovecycling.com\/pl\/wp-json\/wp\/v2\/categories?post=15852"},{"taxonomy":"post_tag","embeddable":true,"href":"https:\/\/www.welovecycling.com\/pl\/wp-json\/wp\/v2\/tags?post=15852"},{"taxonomy":"global-categories","embeddable":true,"href":"https:\/\/www.welovecycling.com\/pl\/wp-json\/wp\/v2\/global-categories?post=15852"}],"curies":[{"name":"wp","href":"https:\/\/api.w.org\/{rel}","templated":true}]}}