{"id":15836,"date":"2024-08-12T11:20:15","date_gmt":"2024-08-12T11:20:15","guid":{"rendered":"https:\/\/www.welovecycling.com\/pl\/?p=15836"},"modified":"2024-08-12T11:20:15","modified_gmt":"2024-08-12T11:20:15","slug":"zaczyna-sie-tour-de-france-kobiet-wielkie-cele-katarzyny-niewiadomej","status":"publish","type":"post","link":"https:\/\/www.welovecycling.com\/pl\/2024\/08\/12\/zaczyna-sie-tour-de-france-kobiet-wielkie-cele-katarzyny-niewiadomej\/","title":{"rendered":"Zaczyna si\u0119 Tour de France kobiet. Wielkie cele Katarzyny Niewiadomej"},"content":{"rendered":"<p><strong>Panie na start! Dzi\u015b zaczyna si\u0119 rywalizacja w Tour de France Femmes avec Zwift, a jedn\u0105 z gwiazd presti\u017cowego wy\u015bcigu b\u0119dzie Katarzyna Niewiadoma. \u2013 Jestem w wy\u017cszej formie ni\u017c roku temu i chc\u0119 to udowodni\u0107 \u2013 podkre\u015bla liderka ekipy Canyon\/\/SRAM.<\/strong><\/p>\n<p>Fani kolarstwa nie mieli wiele czasu na odpoczynek. Po pasjonuj\u0105cych wy\u015bcigach podczas Igrzysk Olimpijskich w Pary\u017cu zawodniczki i zawodnicy wracaj\u0105 do codziennej rywalizacji, a kobiety od razu czeka jeden z najwa\u017cniejszych wy\u015bcig\u00f3w w sezonie \u2013 Tour de France Femmes avec Zwift.<\/p>\n<h2><strong>Cztery Polki na starcie<\/strong><\/h2>\n<p>154 kolarki przez siedem dni b\u0119d\u0105 walczy\u0142y o \u017c\u00f3\u0142t\u0105 koszulk\u0119 liderki, a do przejechania maj\u0105 blisko 950 km. Na starcie stan\u0105 cztery Polki: Marta Lach (CERATIZIT-WNT Pro Cycling Team), srebrna medalistka olimpijska Daria Pikulik (Human Powered Health), Agnieszka Skalniak-S\u00f3jka oraz Katarzyna Niewiadoma (obie Canyon\/\/SRAM Racing), a z\u0119by na \u017c\u00f3\u0142t\u0105 koszulk\u0119 ostrzy sobie przede wszystkim ta ostatnia.<\/p>\n<p><a href=\"https:\/\/x.com\/LeTourFemmes\/status\/1800910155644547183\">https:\/\/x.com\/LeTourFemmes\/status\/1800910155644547183<\/a><\/p>\n<p>\u2013 Tegoroczna edycja z ka\u017cdym etapem b\u0119dzie coraz bardziej m\u0119cz\u0105ca. Nie b\u0119dzie mo\u017cna pokonywa\u0107 kolejnych etap\u00f3w, my\u015bl\u0105c tylko o podjazdach, bo ka\u017cdy dzie\u0144 b\u0119dzie bardzo wymagaj\u0105cy \u2013 m\u00f3wi Niewiadoma na stronie swojego zespo\u0142u Canyon\/\/SRAM.<\/p>\n<p>\u2013 Jestem w wy\u017cszej formie ni\u017c roku temu i chc\u0119 to udowodni\u0107. Da\u0107 z siebie wszystko i nie pozwoli\u0107, \u017ceby umkn\u0119\u0142a mi jakakolwiek szansa na \u015bwietny wynik \u2013 dodaje Polka, kt\u00f3ra w poprzedniej edycji Wielkiej P\u0119tli zaj\u0119\u0142a trzecie miejsce w klasyfikacji generalnej.<\/p>\n<p><a href=\"https:\/\/x.com\/WMNcycling\/status\/1821185326968402188\">https:\/\/x.com\/WMNcycling\/status\/1821185326968402188<\/a><\/p>\n<h2><strong>Holandia i Belgia, a dopiero p\u00f3\u017aniej Francja<\/strong><\/h2>\n<p>Trasa tegorocznej Wielkiej P\u0119tli kobiet jest do\u015b\u0107 nietypowa, bo mniej ni\u017c po\u0142owa wy\u015bcigu rozgrywana jest we Francji. Poniedzia\u0142kowy etap zaczyna si\u0119 w Rotterdamie, sk\u0105d zawodniczki przejad\u0105 123 km do Hagi. P\u00f3\u017aniej kolejny p\u0142aski etap i jazda na czas ulicami Rotterdamu. W \u015brod\u0119 kolarki zahacz\u0105 jeszcze o Belgi\u0119, a nazajutrz znajd\u0105 si\u0119 ju\u017c we Francji.<\/p>\n<p>To w\u0142a\u015bnie tutaj rywalizacja rozpocznie si\u0119 na dobre, a kluczowe b\u0119d\u0105 dwa ostatnie etapy, gdy zawodniczki b\u0119d\u0105 rywalizowa\u0142y w g\u00f3rach. W sobot\u0119 przejad\u0105 166 km z Champagnole do Le Grand-Bornand, a w niedziel\u0119 rozegra si\u0119 mordercza wspinaczka na legendarny L\u2019Alpe d\u2019Huez.<\/p>\n<p>\u2013 Jestem wi\u0119ksz\u0105 fank\u0105 ko\u0144czenia Touru na kultowej g\u00f3rze ni\u017c jazd\u0105 na czas, poniewa\u017c nie jestem specjalistk\u0105 od czas\u00f3wek. Czuj\u0119 si\u0119 bardziej komfortowo, wiedz\u0105c, \u017ce wszystko b\u0119dzie zale\u017ca\u0142o od moich mocnych stron \u2013 podkre\u015bla Niewiadoma.<\/p>\n<p><a href=\"https:\/\/x.com\/LeTourFemmes\/status\/1821562011022762185\">https:\/\/x.com\/LeTourFemmes\/status\/1821562011022762185<\/a><\/p>\n<h2><strong>\u201eKasia jest w szczytowej formie\u201d<\/strong><\/h2>\n<p>Niewiadoma b\u0119dzie liderk\u0105 swojego zespo\u0142u, a w walce o czo\u0142owe lokaty wspiera\u0107 j\u0105 b\u0119d\u0105: Neve Bradbury, Elise Chabbey, Chloe Dygert, Soraya Paladin, Alice Towers i Agnieszka Skalniak-S\u00f3jka.<\/p>\n<p>\u201eKasia Niewiadoma podczas Igrzysk Olimpijskich pokaza\u0142a, \u017ce jest w szczytowej formie i mo\u017ce celowa\u0107 w klasyfikacj\u0119 generaln\u0105 Tour de France Femmes avec Zwift\u201d \u2013 zapewnia na swojej stronie internetowej ekipa Canyon\/\/SRAM.<\/p>\n<p><a class=\"in-cell-link\" href=\"http:\/\/www.skoda-auto.pl\/?_gl=1*12ym11m*GA4_ga*dDg0dXprN2otdGl4Mi00bDNxLXJiZHMtZzFoZm9qbGFvdDdq*GA4_ga_KSPVKPC6VY*MTcyMzEyNjc5OC44LjEuMTcyMzEyNjgwMi4wLjAuODk0ODkwNzI4*_gcl_au*MTU3NjUxNTI0Mi4xNzIyNTg1NTc2\" target=\"_blank\" rel=\"noopener\">Artyku\u0142 powsta\u0142 we wsp\u00f3\u0142pracy ze skoda-auto.pl<\/a><\/p>\n<p><a href=\"https:\/\/d2p6e6u75xmxt8.cloudfront.net\/5\/2030\/11\/2.webp\"><img loading=\"lazy\" decoding=\"async\" class=\"size-full wp-image-13774 aligncenter\" src=\"https:\/\/d2p6e6u75xmxt8.cloudfront.net\/5\/2030\/11\/2.webp\" alt=\"\" width=\"640\" height=\"350\" srcset=\"https:\/\/d2p6e6u75xmxt8.cloudfront.net\/5\/2030\/11\/2.webp 640w, https:\/\/d2p6e6u75xmxt8.cloudfront.net\/5\/2030\/11\/2-300x164.webp 300w, https:\/\/d2p6e6u75xmxt8.cloudfront.net\/5\/2030\/11\/2-400x219.webp 400w\" sizes=\"auto, (max-width: 640px) 100vw, 640px\" \/><\/a><\/p>\n","protected":false},"excerpt":{"rendered":"<p>Panie na start! Dzi\u015b zaczyna si\u0119 rywalizacja w Tour de France Femmes avec Zwift, a jedn\u0105 z gwiazd presti\u017cowego wy\u015bcigu [&hellip;]<\/p>\n","protected":false},"author":187,"featured_media":15837,"comment_status":"open","ping_status":"open","sticky":false,"template":"","format":"standard","meta":{"footnotes":""},"categories":[407],"tags":[369,151,191,404,77,264],"global-categories":[303],"class_list":["post-15836","post","type-post","status-publish","format-standard","has-post-thumbnail","hentry","category-kasia-niewiadoma","tag-kasia-niewiadoma","tag-kolarstwo-szosowe","tag-skoda","tag-skodapolska","tag-tour-de-france","tag-wyscig-etapowy","global-categories-cycling"],"yoast_head":"<!-- This site is optimized with the Yoast SEO Premium plugin v25.3 (Yoast SEO v25.9) - https:\/\/yoast.com\/wordpress\/plugins\/seo\/ -->\n<title>Zaczyna si\u0119 Tour de France kobiet. Wielkie cele Katarzyny Niewiadomej - \u0160koda We Love Cycling - Poland<\/title>\n<meta name=\"robots\" content=\"index, follow, max-snippet:-1, max-image-preview:large, max-video-preview:-1\" \/>\n<link rel=\"canonical\" href=\"https:\/\/www.welovecycling.com\/pl\/2024\/08\/12\/zaczyna-sie-tour-de-france-kobiet-wielkie-cele-katarzyny-niewiadomej\/\" \/>\n<meta property=\"og:locale\" content=\"pl_PL\" \/>\n<meta property=\"og:type\" content=\"article\" \/>\n<meta property=\"og:title\" content=\"Zaczyna si\u0119 Tour de France kobiet. Wielkie cele Katarzyny Niewiadomej\" \/>\n<meta property=\"og:description\" content=\"Panie na start! Dzi\u015b zaczyna si\u0119 rywalizacja w Tour de France Femmes avec Zwift, a jedn\u0105 z gwiazd presti\u017cowego wy\u015bcigu [&hellip;]\" \/>\n<meta property=\"og:url\" content=\"https:\/\/www.welovecycling.com\/pl\/2024\/08\/12\/zaczyna-sie-tour-de-france-kobiet-wielkie-cele-katarzyny-niewiadomej\/\" \/>\n<meta property=\"og:site_name\" content=\"\u0160koda We Love Cycling - Poland\" \/>\n<meta property=\"article:published_time\" content=\"2024-08-12T11:20:15+00:00\" \/>\n<meta property=\"og:image\" content=\"https:\/\/d2p6e6u75xmxt8.cloudfront.net\/5\/2024\/08\/Kasia-Niewiadoma_-My-Season-so-Far.webp\" \/>\n\t<meta property=\"og:image:width\" content=\"990\" \/>\n\t<meta property=\"og:image:height\" content=\"660\" \/>\n\t<meta property=\"og:image:type\" content=\"image\/webp\" \/>\n<meta name=\"author\" content=\"konradbobrowski\" \/>\n<meta name=\"twitter:card\" content=\"summary_large_image\" \/>\n<meta name=\"twitter:label1\" content=\"Written by\" \/>\n\t<meta name=\"twitter:data1\" content=\"Piotr Nowik\" \/>\n\t<meta name=\"twitter:label2\" content=\"Est. reading time\" \/>\n\t<meta name=\"twitter:data2\" content=\"3\" \/>\n<script type=\"application\/ld+json\" class=\"yoast-schema-graph\">{\"@context\":\"https:\/\/schema.org\",\"@graph\":[{\"@type\":\"WebPage\",\"@id\":\"https:\/\/www.welovecycling.com\/pl\/2024\/08\/12\/zaczyna-sie-tour-de-france-kobiet-wielkie-cele-katarzyny-niewiadomej\/\",\"url\":\"https:\/\/www.welovecycling.com\/pl\/2024\/08\/12\/zaczyna-sie-tour-de-france-kobiet-wielkie-cele-katarzyny-niewiadomej\/\",\"name\":\"Zaczyna si\u0119 Tour de France kobiet. Wielkie cele Katarzyny Niewiadomej - \u0160koda We Love Cycling - Poland\",\"isPartOf\":{\"@id\":\"https:\/\/www.welovecycling.com\/pl\/#website\"},\"primaryImageOfPage\":{\"@id\":\"https:\/\/www.welovecycling.com\/pl\/2024\/08\/12\/zaczyna-sie-tour-de-france-kobiet-wielkie-cele-katarzyny-niewiadomej\/#primaryimage\"},\"image\":{\"@id\":\"https:\/\/www.welovecycling.com\/pl\/2024\/08\/12\/zaczyna-sie-tour-de-france-kobiet-wielkie-cele-katarzyny-niewiadomej\/#primaryimage\"},\"thumbnailUrl\":\"https:\/\/d2p6e6u75xmxt8.cloudfront.net\/5\/2024\/08\/Kasia-Niewiadoma_-My-Season-so-Far.webp\",\"datePublished\":\"2024-08-12T11:20:15+00:00\",\"author\":{\"@id\":\"https:\/\/www.welovecycling.com\/pl\/#\/schema\/person\/e551e469d0b17f4e0b87f3f4fa8fc0f2\"},\"breadcrumb\":{\"@id\":\"https:\/\/www.welovecycling.com\/pl\/2024\/08\/12\/zaczyna-sie-tour-de-france-kobiet-wielkie-cele-katarzyny-niewiadomej\/#breadcrumb\"},\"inLanguage\":\"pl-PL\",\"potentialAction\":[{\"@type\":\"ReadAction\",\"target\":[\"https:\/\/www.welovecycling.com\/pl\/2024\/08\/12\/zaczyna-sie-tour-de-france-kobiet-wielkie-cele-katarzyny-niewiadomej\/\"]}]},{\"@type\":\"ImageObject\",\"inLanguage\":\"pl-PL\",\"@id\":\"https:\/\/www.welovecycling.com\/pl\/2024\/08\/12\/zaczyna-sie-tour-de-france-kobiet-wielkie-cele-katarzyny-niewiadomej\/#primaryimage\",\"url\":\"https:\/\/d2p6e6u75xmxt8.cloudfront.net\/5\/2024\/08\/Kasia-Niewiadoma_-My-Season-so-Far.webp\",\"contentUrl\":\"https:\/\/d2p6e6u75xmxt8.cloudfront.net\/5\/2024\/08\/Kasia-Niewiadoma_-My-Season-so-Far.webp\",\"width\":990,\"height\":660},{\"@type\":\"BreadcrumbList\",\"@id\":\"https:\/\/www.welovecycling.com\/pl\/2024\/08\/12\/zaczyna-sie-tour-de-france-kobiet-wielkie-cele-katarzyny-niewiadomej\/#breadcrumb\",\"itemListElement\":[{\"@type\":\"ListItem\",\"position\":1,\"name\":\"Home\",\"item\":\"https:\/\/www.welovecycling.com\/pl\/\"},{\"@type\":\"ListItem\",\"position\":2,\"name\":\"Zaczyna si\u0119 Tour de France kobiet. Wielkie cele Katarzyny Niewiadomej\"}]},{\"@type\":\"WebSite\",\"@id\":\"https:\/\/www.welovecycling.com\/pl\/#website\",\"url\":\"https:\/\/www.welovecycling.com\/pl\/\",\"name\":\"\u0160koda We Love Cycling - Poland\",\"description\":\"\",\"potentialAction\":[{\"@type\":\"SearchAction\",\"target\":{\"@type\":\"EntryPoint\",\"urlTemplate\":\"https:\/\/www.welovecycling.com\/pl\/?s={search_term_string}\"},\"query-input\":{\"@type\":\"PropertyValueSpecification\",\"valueRequired\":true,\"valueName\":\"search_term_string\"}}],\"inLanguage\":\"pl-PL\"},{\"@type\":\"Person\",\"@id\":\"https:\/\/www.welovecycling.com\/pl\/#\/schema\/person\/e551e469d0b17f4e0b87f3f4fa8fc0f2\",\"name\":\"konradbobrowski\",\"image\":{\"@type\":\"ImageObject\",\"inLanguage\":\"pl-PL\",\"@id\":\"https:\/\/www.welovecycling.com\/pl\/#\/schema\/person\/image\/\",\"url\":\"https:\/\/secure.gravatar.com\/avatar\/91ac5a8cb4a26d3b32dc77b5e6d46616cf6adf425879538f5e5d7e4ef2333a4c?s=96&d=mm&r=g\",\"contentUrl\":\"https:\/\/secure.gravatar.com\/avatar\/91ac5a8cb4a26d3b32dc77b5e6d46616cf6adf425879538f5e5d7e4ef2333a4c?s=96&d=mm&r=g\",\"caption\":\"konradbobrowski\"},\"url\":\"https:\/\/www.welovecycling.com\/pl\/author\/konradbobrowski\/\"}]}<\/script>\n<!-- \/ Yoast SEO Premium plugin. -->","yoast_head_json":{"title":"Zaczyna si\u0119 Tour de France kobiet. Wielkie cele Katarzyny Niewiadomej - \u0160koda We Love Cycling - Poland","robots":{"index":"index","follow":"follow","max-snippet":"max-snippet:-1","max-image-preview":"max-image-preview:large","max-video-preview":"max-video-preview:-1"},"canonical":"https:\/\/www.welovecycling.com\/pl\/2024\/08\/12\/zaczyna-sie-tour-de-france-kobiet-wielkie-cele-katarzyny-niewiadomej\/","og_locale":"pl_PL","og_type":"article","og_title":"Zaczyna si\u0119 Tour de France kobiet. Wielkie cele Katarzyny Niewiadomej","og_description":"Panie na start! Dzi\u015b zaczyna si\u0119 rywalizacja w Tour de France Femmes avec Zwift, a jedn\u0105 z gwiazd presti\u017cowego wy\u015bcigu [&hellip;]","og_url":"https:\/\/www.welovecycling.com\/pl\/2024\/08\/12\/zaczyna-sie-tour-de-france-kobiet-wielkie-cele-katarzyny-niewiadomej\/","og_site_name":"\u0160koda We Love Cycling - Poland","article_published_time":"2024-08-12T11:20:15+00:00","og_image":[{"width":990,"height":660,"url":"https:\/\/d2p6e6u75xmxt8.cloudfront.net\/5\/2024\/08\/Kasia-Niewiadoma_-My-Season-so-Far.webp","type":"image\/webp"}],"author":"konradbobrowski","twitter_card":"summary_large_image","twitter_misc":{"Written by":"Piotr Nowik","Est. reading time":"3"},"schema":{"@context":"https:\/\/schema.org","@graph":[{"@type":"WebPage","@id":"https:\/\/www.welovecycling.com\/pl\/2024\/08\/12\/zaczyna-sie-tour-de-france-kobiet-wielkie-cele-katarzyny-niewiadomej\/","url":"https:\/\/www.welovecycling.com\/pl\/2024\/08\/12\/zaczyna-sie-tour-de-france-kobiet-wielkie-cele-katarzyny-niewiadomej\/","name":"Zaczyna si\u0119 Tour de France kobiet. Wielkie cele Katarzyny Niewiadomej - \u0160koda We Love Cycling - Poland","isPartOf":{"@id":"https:\/\/www.welovecycling.com\/pl\/#website"},"primaryImageOfPage":{"@id":"https:\/\/www.welovecycling.com\/pl\/2024\/08\/12\/zaczyna-sie-tour-de-france-kobiet-wielkie-cele-katarzyny-niewiadomej\/#primaryimage"},"image":{"@id":"https:\/\/www.welovecycling.com\/pl\/2024\/08\/12\/zaczyna-sie-tour-de-france-kobiet-wielkie-cele-katarzyny-niewiadomej\/#primaryimage"},"thumbnailUrl":"https:\/\/d2p6e6u75xmxt8.cloudfront.net\/5\/2024\/08\/Kasia-Niewiadoma_-My-Season-so-Far.webp","datePublished":"2024-08-12T11:20:15+00:00","author":{"@id":"https:\/\/www.welovecycling.com\/pl\/#\/schema\/person\/e551e469d0b17f4e0b87f3f4fa8fc0f2"},"breadcrumb":{"@id":"https:\/\/www.welovecycling.com\/pl\/2024\/08\/12\/zaczyna-sie-tour-de-france-kobiet-wielkie-cele-katarzyny-niewiadomej\/#breadcrumb"},"inLanguage":"pl-PL","potentialAction":[{"@type":"ReadAction","target":["https:\/\/www.welovecycling.com\/pl\/2024\/08\/12\/zaczyna-sie-tour-de-france-kobiet-wielkie-cele-katarzyny-niewiadomej\/"]}]},{"@type":"ImageObject","inLanguage":"pl-PL","@id":"https:\/\/www.welovecycling.com\/pl\/2024\/08\/12\/zaczyna-sie-tour-de-france-kobiet-wielkie-cele-katarzyny-niewiadomej\/#primaryimage","url":"https:\/\/d2p6e6u75xmxt8.cloudfront.net\/5\/2024\/08\/Kasia-Niewiadoma_-My-Season-so-Far.webp","contentUrl":"https:\/\/d2p6e6u75xmxt8.cloudfront.net\/5\/2024\/08\/Kasia-Niewiadoma_-My-Season-so-Far.webp","width":990,"height":660},{"@type":"BreadcrumbList","@id":"https:\/\/www.welovecycling.com\/pl\/2024\/08\/12\/zaczyna-sie-tour-de-france-kobiet-wielkie-cele-katarzyny-niewiadomej\/#breadcrumb","itemListElement":[{"@type":"ListItem","position":1,"name":"Home","item":"https:\/\/www.welovecycling.com\/pl\/"},{"@type":"ListItem","position":2,"name":"Zaczyna si\u0119 Tour de France kobiet. Wielkie cele Katarzyny Niewiadomej"}]},{"@type":"WebSite","@id":"https:\/\/www.welovecycling.com\/pl\/#website","url":"https:\/\/www.welovecycling.com\/pl\/","name":"\u0160koda We Love Cycling - Poland","description":"","potentialAction":[{"@type":"SearchAction","target":{"@type":"EntryPoint","urlTemplate":"https:\/\/www.welovecycling.com\/pl\/?s={search_term_string}"},"query-input":{"@type":"PropertyValueSpecification","valueRequired":true,"valueName":"search_term_string"}}],"inLanguage":"pl-PL"},{"@type":"Person","@id":"https:\/\/www.welovecycling.com\/pl\/#\/schema\/person\/e551e469d0b17f4e0b87f3f4fa8fc0f2","name":"konradbobrowski","image":{"@type":"ImageObject","inLanguage":"pl-PL","@id":"https:\/\/www.welovecycling.com\/pl\/#\/schema\/person\/image\/","url":"https:\/\/secure.gravatar.com\/avatar\/91ac5a8cb4a26d3b32dc77b5e6d46616cf6adf425879538f5e5d7e4ef2333a4c?s=96&d=mm&r=g","contentUrl":"https:\/\/secure.gravatar.com\/avatar\/91ac5a8cb4a26d3b32dc77b5e6d46616cf6adf425879538f5e5d7e4ef2333a4c?s=96&d=mm&r=g","caption":"konradbobrowski"},"url":"https:\/\/www.welovecycling.com\/pl\/author\/konradbobrowski\/"}]}},"_links":{"self":[{"href":"https:\/\/www.welovecycling.com\/pl\/wp-json\/wp\/v2\/posts\/15836","targetHints":{"allow":["GET"]}}],"collection":[{"href":"https:\/\/www.welovecycling.com\/pl\/wp-json\/wp\/v2\/posts"}],"about":[{"href":"https:\/\/www.welovecycling.com\/pl\/wp-json\/wp\/v2\/types\/post"}],"author":[{"embeddable":true,"href":"https:\/\/www.welovecycling.com\/pl\/wp-json\/wp\/v2\/users\/187"}],"replies":[{"embeddable":true,"href":"https:\/\/www.welovecycling.com\/pl\/wp-json\/wp\/v2\/comments?post=15836"}],"version-history":[{"count":1,"href":"https:\/\/www.welovecycling.com\/pl\/wp-json\/wp\/v2\/posts\/15836\/revisions"}],"predecessor-version":[{"id":15838,"href":"https:\/\/www.welovecycling.com\/pl\/wp-json\/wp\/v2\/posts\/15836\/revisions\/15838"}],"wp:featuredmedia":[{"embeddable":true,"href":"https:\/\/www.welovecycling.com\/pl\/wp-json\/wp\/v2\/media\/15837"}],"wp:attachment":[{"href":"https:\/\/www.welovecycling.com\/pl\/wp-json\/wp\/v2\/media?parent=15836"}],"wp:term":[{"taxonomy":"category","embeddable":true,"href":"https:\/\/www.welovecycling.com\/pl\/wp-json\/wp\/v2\/categories?post=15836"},{"taxonomy":"post_tag","embeddable":true,"href":"https:\/\/www.welovecycling.com\/pl\/wp-json\/wp\/v2\/tags?post=15836"},{"taxonomy":"global-categories","embeddable":true,"href":"https:\/\/www.welovecycling.com\/pl\/wp-json\/wp\/v2\/global-categories?post=15836"}],"curies":[{"name":"wp","href":"https:\/\/api.w.org\/{rel}","templated":true}]}}