{"id":15833,"date":"2024-08-09T06:55:02","date_gmt":"2024-08-09T06:55:02","guid":{"rendered":"https:\/\/www.welovecycling.com\/pl\/?p=15833"},"modified":"2024-08-09T06:55:02","modified_gmt":"2024-08-09T06:55:02","slug":"na-nastepne-wakacje-w-europie-wybierz-hotel-przyjazny-rowerzystom","status":"publish","type":"post","link":"https:\/\/www.welovecycling.com\/pl\/2024\/08\/09\/na-nastepne-wakacje-w-europie-wybierz-hotel-przyjazny-rowerzystom\/","title":{"rendered":"Na nast\u0119pne wakacje w Europie wybierz hotel przyjazny rowerzystom"},"content":{"rendered":"<p><strong>Planujesz wakacje i chcesz zabra\u0107 ze sob\u0105 rower? \u015awietny pomys\u0142! Rowerzy\u015bci wiedz\u0105, \u017ce powolne odkrywanie Europy na dw\u00f3ch k\u00f3\u0142kach to do\u015bwiadczenie, kt\u00f3re nie ma sobie r\u00f3wnych. Pozwala zapozna\u0107 si\u0119 z ca\u0142ym bogactwem kontynentu: od historii i kultury po zapieraj\u0105ce dech w piersiach krajobrazy, pyszn\u0105 kuchni\u0119 oraz urocze miasteczka i wioski.<\/strong><\/p>\n<p>O tym, czy wakacje oka\u017c\u0105 si\u0119 ostatecznie udane, mo\u017ce jednak zadecydowa\u0107 wyb\u00f3r odpowiedniej kwatery. Hotele przyjazne rowerzystom w ca\u0142ej Europie zapewniaj\u0105 komfortowy pobyt i zaspokajaj\u0105 potrzeby mi\u0142o\u015bnik\u00f3w dw\u00f3ch k\u00f3\u0142ek, oferuj\u0105c udogodnienia i us\u0142ugi dostosowane do ich pasji. Sprawd\u017amy, dlaczego to m\u0105dry wyb\u00f3r. Przyjrzyjmy si\u0119 wybranym europejskim hotelom dla rowerzyst\u00f3w, kt\u00f3re pozwalaj\u0105 zwiedza\u0107 ciekawe miejsca, zaspokoi\u0107 kulinarne \u017c\u0105dze \u2013 i odpoczywa\u0107 do woli.<\/p>\n<h2><strong>Na co zwr\u00f3ci\u0107 uwag\u0119?<\/strong><\/h2>\n<p>Je\u015bli sprawdzasz opcje zakwaterowania na w\u0142asn\u0105 r\u0119k\u0119 lub jest to Twoja pierwsza wyprawa na rowerowe wakacje, przed dokonaniem rezerwacji warto zwr\u00f3ci\u0107 uwag\u0119 na kilka element\u00f3w.<\/p>\n<p><strong>Bezpieczne przechowywanie rower\u00f3w:<\/strong> Szykuj\u0105c si\u0119 do odpoczynku po ca\u0142ym dniu jazdy, niew\u0105tpliwie zechcesz upewni\u0107 si\u0119, \u017ce Tw\u00f3j dwuko\u0142owy wehiku\u0142 jest bezpieczny. Spok\u00f3j ducha zapewni Ci specjalna, zamykana na klucz przechowalnia. Je\u015bli mimo to boisz si\u0119 straci\u0107 sw\u00f3j rower z oczu, niekt\u00f3re przechowalnie wyposa\u017cone s\u0105 w monitoring. Mo\u017cesz te\u017c zabra\u0107 ze sob\u0105 odpowiednie zapi\u0119cie, buty zawiesi\u0107 na d\u017awigniach hamulca, a kask przypi\u0105\u0107 do kierownicy.<\/p>\n<p><strong>Narz\u0119dzia rowerowe:<\/strong> By\u0107 mo\u017ce Tw\u00f3j rower jest w doskona\u0142ym stanie lub w\u0142a\u015bnie przeszed\u0142 przegl\u0105d, ale nadal trzeba by\u0107 ostro\u017cnym \u2013 szczeg\u00f3lnie podczas podr\u00f3\u017cy z rowerem. Kto chcia\u0142by wozi\u0107 w walizce ci\u0119\u017ckie narz\u0119dzia, pompk\u0119 i klucze do napraw? Wybierz hotel, kt\u00f3ry dysponuje niezb\u0119dnymi akcesoriami.<\/p>\n<p><strong>Pralnia:<\/strong> Mo\u017cliwo\u015b\u0107 skorzystania z pralki jest bardzo cenna, je\u015bli chcesz unikn\u0105\u0107 zabierania ze sob\u0105 ca\u0142ej rowerowej garderoby. We\u017a dwie pary spodenek i dwie koszulki \u2013 podczas gdy jeden komplet schnie, mo\u017cesz za\u0142o\u017cy\u0107 drugi. Niekt\u00f3re hotele pobieraj\u0105 op\u0142aty za us\u0142ugi pralnicze lub za korzystanie z pralki. Mo\u017cesz zredukowa\u0107 taki wydatek, je\u015bli znajdziesz lokaln\u0105 pralni\u0119 \u2013 albo wypierzesz sw\u00f3j str\u00f3j r\u0119cznie. Nie wieszaj ubra\u0144 na gor\u0105cym grzejniku \u2013 nadmierne ciep\u0142o mo\u017ce je uszkodzi\u0107. Najlepiej suszy\u0107 je na powietrzu.<\/p>\n<p><strong>Lod\u00f3wka i woda:<\/strong> Ch\u0142odny nap\u00f3j po je\u017adzie przynosi przyjemne orze\u017awienie. Dodatkowym atutem jest dost\u0119p do lod\u00f3wki, w kt\u00f3rej mo\u017cna sch\u0142odzi\u0107 butelk\u0119 z wod\u0105 przez noc lub ewentualnie przechowa\u0107 inny nap\u00f3j na czas wycieczki. Je\u015bli nie znajdziesz jej w pobli\u017cu przechowalni rower\u00f3w, by\u0107 mo\u017ce jest w Twoim pokoju. \u0179r\u00f3d\u0142o wody blisko roweru pozwoli Ci nape\u0142ni\u0107 bidon przed wyruszeniem w drog\u0119.<\/p>\n<h2><strong>Rocacorba Cycling \u2013 Girona, Hiszpania<\/strong><\/h2>\n<p><a href=\"https:\/\/www.instagram.com\/p\/C8JaVAdMRPt\/?utm_source=ig_embed&amp;ig_rid=462a3fc7-d090-498f-b496-b987a99de34e\">https:\/\/www.instagram.com\/p\/C8JaVAdMRPt\/?utm_source=ig_embed&amp;ig_rid=462a3fc7-d090-498f-b496-b987a99de34e<\/a><\/p>\n<p>Hiszpa\u0144ska Girona jest zag\u0142\u0119biem kolarstwa i zarazem siedzib\u0105 Rocacorba Cycling. Nazwa pochodzi od pobliskiej legendarnej trasy do wspinaczki \u2013 Rocacorby \u2013 na kt\u00f3rej mo\u017cesz sprawdzi\u0107 si\u0142\u0119 swoich n\u00f3g i por\u00f3wna\u0107 sw\u00f3j czas z osi\u0105gni\u0119ciami zawodowc\u00f3w. Przebudowane na hotel XVII-wieczne gospodarstwo po\u0142o\u017cone w otoczeniu urzekaj\u0105cego krajobrazu to doskona\u0142e miejsce na kolejn\u0105 rowerow\u0105 wypraw\u0119. Rocacorba Cycling zapewni Ci nocleg i wszelkie udogodnienia, pozwalaj\u0105c w pe\u0142ni po\u015bwi\u0119ci\u0107 si\u0119 odkrywaniu pi\u0119kna Girony i okolicznych dr\u00f3g Costa Brava \u2013 niezale\u017cnie od tego, czy podr\u00f3\u017cujesz w pojedynk\u0119, w grupie przyjaci\u00f3\u0142 czy z ca\u0142\u0105 dru\u017cyn\u0105.<\/p>\n<h2><strong>Hotel Virrey Finca \u2013 Majorka, Hiszpania<\/strong><\/h2>\n<p>Je\u017celi masz na swojej li\u015bcie dwie majorka\u0144skie trasy wspinaczkowe \u2013 Sa Calobr\u0119 i Sa Batall\u0119 \u2013 to hotel Virrey Finca w Ince na Majorce b\u0119dzie doskona\u0142ym wyborem. Znajduje si\u0119 w pobli\u017cu tych dw\u00f3ch wspinaczek \u2013 u podn\u00f3\u017ca pasma g\u00f3rskiego Serra de Tramuntana, wpisanego na List\u0119 \u015bwiatowego dziedzictwa UNESCO. W niewielkiej odleg\u0142o\u015bci od hotelu znajduje si\u0119 r\u00f3wnie\u017c wiele innych wzniesie\u0144. A je\u015bli nie lubisz si\u0119 wspina\u0107, wskocz na jedn\u0105 z wielu cam\u00eds (czyli dr\u00f3g polnych), \u017ceby poje\u017adzi\u0107 po \u0142agodniejszym terenie. Po po\u0142udniu nic nie stoi na przeszkodzie, by wyr\u00f3wna\u0107 opalenizn\u0119 nad basenem.<\/p>\n<h2><strong>Hotel Tofana \u2013 Badia (Tyrol Po\u0142udniowy), W\u0142ochy<\/strong><\/h2>\n<p><a href=\"https:\/\/www.instagram.com\/p\/CbmfolNojby\/?utm_source=ig_embed&amp;ig_rid=06e8a032-a4b4-4faa-9ee3-c6851770c7d9\">https:\/\/www.instagram.com\/p\/CbmfolNojby\/?utm_source=ig_embed&amp;ig_rid=06e8a032-a4b4-4faa-9ee3-c6851770c7d9<\/a><\/p>\n<p>Chcesz pokona\u0107 w\u0142asne ograniczenia w trudnym terenie, na legendarnych podjazdach w Dolomitach w p\u00f3\u0142nocnych W\u0142oszech, niedaleko austriackiej i szwajcarskiej granicy? Wybierz Hotel Tofana! B\u0119dzie to idealna miejsc\u00f3wka, je\u015bli planujesz wzi\u0105\u0107 udzia\u0142 w Gran Fondo (wy\u015bcigu szosowym) Maratona dles Dolomites. Do wyboru s\u0105 trzy dystanse. Po pokonaniu cho\u0107by jednej z siedmiu pobliskich prze\u0142\u0119czy, z kt\u00f3rych tylko dwie znajduj\u0105 si\u0119 poni\u017cej 2000 m n.p.m.<\/p>\n<p>W\u0142a\u015bciciele tego hotelu, podobnie jak gospodarze wi\u0119kszo\u015bci plac\u00f3wek przyjaznych rowerzystom, sami s\u0105 cyklistami i ch\u0119tnie dziel\u0105 si\u0119 swoj\u0105 wiedz\u0105, by pom\u00f3c go\u015bciom wykorzysta\u0107 wakacyjne dni mo\u017cliwie jak najlepiej. Podr\u00f3\u017cujesz w grupie? Zapewni\u0105 Wam nawet wsparcie podczas jazdy. Trudno to przebi\u0107!<\/p>\n<h2><strong>La Croix Blanche \u2013 Fontevraud, Francja<\/strong><\/h2>\n<p>Je\u015bli masz ochot\u0119 na spokojniejsz\u0105 wycieczk\u0119 rowerow\u0105 w \u0142atwiejszym terenie z przyjaci\u00f3\u0142mi lub rodzin\u0105, pomy\u015bl o La Croix Blanche w Fontevraud (Francja). To doskona\u0142a okazja, \u017ceby odwiedzi\u0107 liczne zamki i winnice w Dolinie Loary. Podczas jazdy wyznaczonymi trasami rowerowymi mi\u0119dzy Tours a Anger nacieszysz si\u0119 francuskim stylem \u017cycia. Po drodze odwiedzisz s\u0142ynne opactwo Fontevraud \u2013 miejsce poch\u00f3wku Ryszarda Lwie Serce.<\/p>\n<p>W niewielkiej odleg\u0142o\u015bci od hotelu znajduj\u0105 si\u0119 r\u00f3wnie\u017c zamek w Villandry i jego s\u0142ynne ogrody, kt\u00f3re z pewno\u015bci\u0105 zainteresuj\u0105 ka\u017cdego, nawet je\u015bli w tej dziedzinie jest ca\u0142kowicie zielony (przepraszam, nie mog\u0142am si\u0119 powstrzyma\u0107). La Croix Blanche wynajmuje rowery elektryczne i tradycyjne mechaniczne, jak r\u00f3wnie\u017c \u015bwiadczy dodatkowe, przydatne us\u0142ugi (na przyk\u0142ad zaopatrzenie piknik\u00f3w).<\/p>\n<p><a class=\"in-cell-link\" href=\"http:\/\/www.skoda-auto.pl\/?_gl=1*12ym11m*GA4_ga*dDg0dXprN2otdGl4Mi00bDNxLXJiZHMtZzFoZm9qbGFvdDdq*GA4_ga_KSPVKPC6VY*MTcyMzEyNjc5OC44LjEuMTcyMzEyNjgwMi4wLjAuODk0ODkwNzI4*_gcl_au*MTU3NjUxNTI0Mi4xNzIyNTg1NTc2\" target=\"_blank\" rel=\"noopener\">Artyku\u0142 powsta\u0142 we wsp\u00f3\u0142pracy ze skoda-auto.pl<\/a><\/p>\n<p><a href=\"https:\/\/d2p6e6u75xmxt8.cloudfront.net\/5\/2030\/11\/3.webp\"><img loading=\"lazy\" decoding=\"async\" class=\"size-full wp-image-13776 aligncenter\" src=\"https:\/\/d2p6e6u75xmxt8.cloudfront.net\/5\/2030\/11\/3.webp\" alt=\"\" width=\"640\" height=\"350\" srcset=\"https:\/\/d2p6e6u75xmxt8.cloudfront.net\/5\/2030\/11\/3.webp 640w, https:\/\/d2p6e6u75xmxt8.cloudfront.net\/5\/2030\/11\/3-300x164.webp 300w, https:\/\/d2p6e6u75xmxt8.cloudfront.net\/5\/2030\/11\/3-400x219.webp 400w\" sizes=\"auto, (max-width: 640px) 100vw, 640px\" \/><\/a><\/p>\n","protected":false},"excerpt":{"rendered":"<p>Planujesz wakacje i chcesz zabra\u0107 ze sob\u0105 rower? \u015awietny pomys\u0142! Rowerzy\u015bci wiedz\u0105, \u017ce powolne odkrywanie Europy na dw\u00f3ch k\u00f3\u0142kach to [&hellip;]<\/p>\n","protected":false},"author":187,"featured_media":15834,"comment_status":"open","ping_status":"open","sticky":false,"template":"","format":"standard","meta":{"footnotes":""},"categories":[332],"tags":[191,404,437,88,269],"global-categories":[303],"class_list":["post-15833","post","type-post","status-publish","format-standard","has-post-thumbnail","hentry","category-lifestyle","tag-skoda","tag-skodapolska","tag-wakacje","tag-wycieczka","tag-wyprawy-rowerowe","global-categories-cycling"],"yoast_head":"<!-- This site is optimized with the Yoast SEO Premium plugin v25.3 (Yoast SEO v25.9) - https:\/\/yoast.com\/wordpress\/plugins\/seo\/ -->\n<title>Na nast\u0119pne wakacje w Europie wybierz hotel przyjazny rowerzystom - \u0160koda We Love Cycling - Poland<\/title>\n<meta name=\"robots\" content=\"index, follow, max-snippet:-1, max-image-preview:large, max-video-preview:-1\" \/>\n<link rel=\"canonical\" href=\"https:\/\/www.welovecycling.com\/pl\/2024\/08\/09\/na-nastepne-wakacje-w-europie-wybierz-hotel-przyjazny-rowerzystom\/\" \/>\n<meta property=\"og:locale\" content=\"pl_PL\" \/>\n<meta property=\"og:type\" content=\"article\" \/>\n<meta property=\"og:title\" content=\"Na nast\u0119pne wakacje w Europie wybierz hotel przyjazny rowerzystom\" \/>\n<meta property=\"og:description\" content=\"Planujesz wakacje i chcesz zabra\u0107 ze sob\u0105 rower? \u015awietny pomys\u0142! Rowerzy\u015bci wiedz\u0105, \u017ce powolne odkrywanie Europy na dw\u00f3ch k\u00f3\u0142kach to [&hellip;]\" \/>\n<meta property=\"og:url\" content=\"https:\/\/www.welovecycling.com\/pl\/2024\/08\/09\/na-nastepne-wakacje-w-europie-wybierz-hotel-przyjazny-rowerzystom\/\" \/>\n<meta property=\"og:site_name\" content=\"\u0160koda We Love Cycling - Poland\" \/>\n<meta property=\"article:published_time\" content=\"2024-08-09T06:55:02+00:00\" \/>\n<meta property=\"og:image\" content=\"https:\/\/d2p6e6u75xmxt8.cloudfront.net\/5\/2024\/08\/Book-Your-Next-European-Holiday-at-a-Cycling-Friendly-Hotel-1.webp\" \/>\n\t<meta property=\"og:image:width\" content=\"990\" \/>\n\t<meta property=\"og:image:height\" content=\"660\" \/>\n\t<meta property=\"og:image:type\" content=\"image\/webp\" \/>\n<meta name=\"author\" content=\"konradbobrowski\" \/>\n<meta name=\"twitter:card\" content=\"summary_large_image\" \/>\n<meta name=\"twitter:label1\" content=\"Written by\" \/>\n\t<meta name=\"twitter:data1\" content=\"Andrea Champredonde\" \/>\n\t<meta name=\"twitter:label2\" content=\"Est. reading time\" \/>\n\t<meta name=\"twitter:data2\" content=\"4\" \/>\n<script type=\"application\/ld+json\" class=\"yoast-schema-graph\">{\"@context\":\"https:\/\/schema.org\",\"@graph\":[{\"@type\":\"WebPage\",\"@id\":\"https:\/\/www.welovecycling.com\/pl\/2024\/08\/09\/na-nastepne-wakacje-w-europie-wybierz-hotel-przyjazny-rowerzystom\/\",\"url\":\"https:\/\/www.welovecycling.com\/pl\/2024\/08\/09\/na-nastepne-wakacje-w-europie-wybierz-hotel-przyjazny-rowerzystom\/\",\"name\":\"Na nast\u0119pne wakacje w Europie wybierz hotel przyjazny rowerzystom - \u0160koda We Love Cycling - Poland\",\"isPartOf\":{\"@id\":\"https:\/\/www.welovecycling.com\/pl\/#website\"},\"primaryImageOfPage\":{\"@id\":\"https:\/\/www.welovecycling.com\/pl\/2024\/08\/09\/na-nastepne-wakacje-w-europie-wybierz-hotel-przyjazny-rowerzystom\/#primaryimage\"},\"image\":{\"@id\":\"https:\/\/www.welovecycling.com\/pl\/2024\/08\/09\/na-nastepne-wakacje-w-europie-wybierz-hotel-przyjazny-rowerzystom\/#primaryimage\"},\"thumbnailUrl\":\"https:\/\/d2p6e6u75xmxt8.cloudfront.net\/5\/2024\/08\/Book-Your-Next-European-Holiday-at-a-Cycling-Friendly-Hotel-1.webp\",\"datePublished\":\"2024-08-09T06:55:02+00:00\",\"author\":{\"@id\":\"https:\/\/www.welovecycling.com\/pl\/#\/schema\/person\/e551e469d0b17f4e0b87f3f4fa8fc0f2\"},\"breadcrumb\":{\"@id\":\"https:\/\/www.welovecycling.com\/pl\/2024\/08\/09\/na-nastepne-wakacje-w-europie-wybierz-hotel-przyjazny-rowerzystom\/#breadcrumb\"},\"inLanguage\":\"pl-PL\",\"potentialAction\":[{\"@type\":\"ReadAction\",\"target\":[\"https:\/\/www.welovecycling.com\/pl\/2024\/08\/09\/na-nastepne-wakacje-w-europie-wybierz-hotel-przyjazny-rowerzystom\/\"]}]},{\"@type\":\"ImageObject\",\"inLanguage\":\"pl-PL\",\"@id\":\"https:\/\/www.welovecycling.com\/pl\/2024\/08\/09\/na-nastepne-wakacje-w-europie-wybierz-hotel-przyjazny-rowerzystom\/#primaryimage\",\"url\":\"https:\/\/d2p6e6u75xmxt8.cloudfront.net\/5\/2024\/08\/Book-Your-Next-European-Holiday-at-a-Cycling-Friendly-Hotel-1.webp\",\"contentUrl\":\"https:\/\/d2p6e6u75xmxt8.cloudfront.net\/5\/2024\/08\/Book-Your-Next-European-Holiday-at-a-Cycling-Friendly-Hotel-1.webp\",\"width\":990,\"height\":660},{\"@type\":\"BreadcrumbList\",\"@id\":\"https:\/\/www.welovecycling.com\/pl\/2024\/08\/09\/na-nastepne-wakacje-w-europie-wybierz-hotel-przyjazny-rowerzystom\/#breadcrumb\",\"itemListElement\":[{\"@type\":\"ListItem\",\"position\":1,\"name\":\"Home\",\"item\":\"https:\/\/www.welovecycling.com\/pl\/\"},{\"@type\":\"ListItem\",\"position\":2,\"name\":\"Na nast\u0119pne wakacje w Europie wybierz hotel przyjazny rowerzystom\"}]},{\"@type\":\"WebSite\",\"@id\":\"https:\/\/www.welovecycling.com\/pl\/#website\",\"url\":\"https:\/\/www.welovecycling.com\/pl\/\",\"name\":\"\u0160koda We Love Cycling - Poland\",\"description\":\"\",\"potentialAction\":[{\"@type\":\"SearchAction\",\"target\":{\"@type\":\"EntryPoint\",\"urlTemplate\":\"https:\/\/www.welovecycling.com\/pl\/?s={search_term_string}\"},\"query-input\":{\"@type\":\"PropertyValueSpecification\",\"valueRequired\":true,\"valueName\":\"search_term_string\"}}],\"inLanguage\":\"pl-PL\"},{\"@type\":\"Person\",\"@id\":\"https:\/\/www.welovecycling.com\/pl\/#\/schema\/person\/e551e469d0b17f4e0b87f3f4fa8fc0f2\",\"name\":\"konradbobrowski\",\"image\":{\"@type\":\"ImageObject\",\"inLanguage\":\"pl-PL\",\"@id\":\"https:\/\/www.welovecycling.com\/pl\/#\/schema\/person\/image\/\",\"url\":\"https:\/\/secure.gravatar.com\/avatar\/91ac5a8cb4a26d3b32dc77b5e6d46616cf6adf425879538f5e5d7e4ef2333a4c?s=96&d=mm&r=g\",\"contentUrl\":\"https:\/\/secure.gravatar.com\/avatar\/91ac5a8cb4a26d3b32dc77b5e6d46616cf6adf425879538f5e5d7e4ef2333a4c?s=96&d=mm&r=g\",\"caption\":\"konradbobrowski\"},\"url\":\"https:\/\/www.welovecycling.com\/pl\/author\/konradbobrowski\/\"}]}<\/script>\n<!-- \/ Yoast SEO Premium plugin. -->","yoast_head_json":{"title":"Na nast\u0119pne wakacje w Europie wybierz hotel przyjazny rowerzystom - \u0160koda We Love Cycling - Poland","robots":{"index":"index","follow":"follow","max-snippet":"max-snippet:-1","max-image-preview":"max-image-preview:large","max-video-preview":"max-video-preview:-1"},"canonical":"https:\/\/www.welovecycling.com\/pl\/2024\/08\/09\/na-nastepne-wakacje-w-europie-wybierz-hotel-przyjazny-rowerzystom\/","og_locale":"pl_PL","og_type":"article","og_title":"Na nast\u0119pne wakacje w Europie wybierz hotel przyjazny rowerzystom","og_description":"Planujesz wakacje i chcesz zabra\u0107 ze sob\u0105 rower? \u015awietny pomys\u0142! Rowerzy\u015bci wiedz\u0105, \u017ce powolne odkrywanie Europy na dw\u00f3ch k\u00f3\u0142kach to [&hellip;]","og_url":"https:\/\/www.welovecycling.com\/pl\/2024\/08\/09\/na-nastepne-wakacje-w-europie-wybierz-hotel-przyjazny-rowerzystom\/","og_site_name":"\u0160koda We Love Cycling - Poland","article_published_time":"2024-08-09T06:55:02+00:00","og_image":[{"width":990,"height":660,"url":"https:\/\/d2p6e6u75xmxt8.cloudfront.net\/5\/2024\/08\/Book-Your-Next-European-Holiday-at-a-Cycling-Friendly-Hotel-1.webp","type":"image\/webp"}],"author":"konradbobrowski","twitter_card":"summary_large_image","twitter_misc":{"Written by":"Andrea Champredonde","Est. reading time":"4"},"schema":{"@context":"https:\/\/schema.org","@graph":[{"@type":"WebPage","@id":"https:\/\/www.welovecycling.com\/pl\/2024\/08\/09\/na-nastepne-wakacje-w-europie-wybierz-hotel-przyjazny-rowerzystom\/","url":"https:\/\/www.welovecycling.com\/pl\/2024\/08\/09\/na-nastepne-wakacje-w-europie-wybierz-hotel-przyjazny-rowerzystom\/","name":"Na nast\u0119pne wakacje w Europie wybierz hotel przyjazny rowerzystom - \u0160koda We Love Cycling - Poland","isPartOf":{"@id":"https:\/\/www.welovecycling.com\/pl\/#website"},"primaryImageOfPage":{"@id":"https:\/\/www.welovecycling.com\/pl\/2024\/08\/09\/na-nastepne-wakacje-w-europie-wybierz-hotel-przyjazny-rowerzystom\/#primaryimage"},"image":{"@id":"https:\/\/www.welovecycling.com\/pl\/2024\/08\/09\/na-nastepne-wakacje-w-europie-wybierz-hotel-przyjazny-rowerzystom\/#primaryimage"},"thumbnailUrl":"https:\/\/d2p6e6u75xmxt8.cloudfront.net\/5\/2024\/08\/Book-Your-Next-European-Holiday-at-a-Cycling-Friendly-Hotel-1.webp","datePublished":"2024-08-09T06:55:02+00:00","author":{"@id":"https:\/\/www.welovecycling.com\/pl\/#\/schema\/person\/e551e469d0b17f4e0b87f3f4fa8fc0f2"},"breadcrumb":{"@id":"https:\/\/www.welovecycling.com\/pl\/2024\/08\/09\/na-nastepne-wakacje-w-europie-wybierz-hotel-przyjazny-rowerzystom\/#breadcrumb"},"inLanguage":"pl-PL","potentialAction":[{"@type":"ReadAction","target":["https:\/\/www.welovecycling.com\/pl\/2024\/08\/09\/na-nastepne-wakacje-w-europie-wybierz-hotel-przyjazny-rowerzystom\/"]}]},{"@type":"ImageObject","inLanguage":"pl-PL","@id":"https:\/\/www.welovecycling.com\/pl\/2024\/08\/09\/na-nastepne-wakacje-w-europie-wybierz-hotel-przyjazny-rowerzystom\/#primaryimage","url":"https:\/\/d2p6e6u75xmxt8.cloudfront.net\/5\/2024\/08\/Book-Your-Next-European-Holiday-at-a-Cycling-Friendly-Hotel-1.webp","contentUrl":"https:\/\/d2p6e6u75xmxt8.cloudfront.net\/5\/2024\/08\/Book-Your-Next-European-Holiday-at-a-Cycling-Friendly-Hotel-1.webp","width":990,"height":660},{"@type":"BreadcrumbList","@id":"https:\/\/www.welovecycling.com\/pl\/2024\/08\/09\/na-nastepne-wakacje-w-europie-wybierz-hotel-przyjazny-rowerzystom\/#breadcrumb","itemListElement":[{"@type":"ListItem","position":1,"name":"Home","item":"https:\/\/www.welovecycling.com\/pl\/"},{"@type":"ListItem","position":2,"name":"Na nast\u0119pne wakacje w Europie wybierz hotel przyjazny rowerzystom"}]},{"@type":"WebSite","@id":"https:\/\/www.welovecycling.com\/pl\/#website","url":"https:\/\/www.welovecycling.com\/pl\/","name":"\u0160koda We Love Cycling - Poland","description":"","potentialAction":[{"@type":"SearchAction","target":{"@type":"EntryPoint","urlTemplate":"https:\/\/www.welovecycling.com\/pl\/?s={search_term_string}"},"query-input":{"@type":"PropertyValueSpecification","valueRequired":true,"valueName":"search_term_string"}}],"inLanguage":"pl-PL"},{"@type":"Person","@id":"https:\/\/www.welovecycling.com\/pl\/#\/schema\/person\/e551e469d0b17f4e0b87f3f4fa8fc0f2","name":"konradbobrowski","image":{"@type":"ImageObject","inLanguage":"pl-PL","@id":"https:\/\/www.welovecycling.com\/pl\/#\/schema\/person\/image\/","url":"https:\/\/secure.gravatar.com\/avatar\/91ac5a8cb4a26d3b32dc77b5e6d46616cf6adf425879538f5e5d7e4ef2333a4c?s=96&d=mm&r=g","contentUrl":"https:\/\/secure.gravatar.com\/avatar\/91ac5a8cb4a26d3b32dc77b5e6d46616cf6adf425879538f5e5d7e4ef2333a4c?s=96&d=mm&r=g","caption":"konradbobrowski"},"url":"https:\/\/www.welovecycling.com\/pl\/author\/konradbobrowski\/"}]}},"_links":{"self":[{"href":"https:\/\/www.welovecycling.com\/pl\/wp-json\/wp\/v2\/posts\/15833","targetHints":{"allow":["GET"]}}],"collection":[{"href":"https:\/\/www.welovecycling.com\/pl\/wp-json\/wp\/v2\/posts"}],"about":[{"href":"https:\/\/www.welovecycling.com\/pl\/wp-json\/wp\/v2\/types\/post"}],"author":[{"embeddable":true,"href":"https:\/\/www.welovecycling.com\/pl\/wp-json\/wp\/v2\/users\/187"}],"replies":[{"embeddable":true,"href":"https:\/\/www.welovecycling.com\/pl\/wp-json\/wp\/v2\/comments?post=15833"}],"version-history":[{"count":1,"href":"https:\/\/www.welovecycling.com\/pl\/wp-json\/wp\/v2\/posts\/15833\/revisions"}],"predecessor-version":[{"id":15835,"href":"https:\/\/www.welovecycling.com\/pl\/wp-json\/wp\/v2\/posts\/15833\/revisions\/15835"}],"wp:featuredmedia":[{"embeddable":true,"href":"https:\/\/www.welovecycling.com\/pl\/wp-json\/wp\/v2\/media\/15834"}],"wp:attachment":[{"href":"https:\/\/www.welovecycling.com\/pl\/wp-json\/wp\/v2\/media?parent=15833"}],"wp:term":[{"taxonomy":"category","embeddable":true,"href":"https:\/\/www.welovecycling.com\/pl\/wp-json\/wp\/v2\/categories?post=15833"},{"taxonomy":"post_tag","embeddable":true,"href":"https:\/\/www.welovecycling.com\/pl\/wp-json\/wp\/v2\/tags?post=15833"},{"taxonomy":"global-categories","embeddable":true,"href":"https:\/\/www.welovecycling.com\/pl\/wp-json\/wp\/v2\/global-categories?post=15833"}],"curies":[{"name":"wp","href":"https:\/\/api.w.org\/{rel}","templated":true}]}}