{"id":1573,"date":"2016-07-28T10:34:03","date_gmt":"2016-07-28T10:34:03","guid":{"rendered":"http:\/\/skoda-rowery.pl\/?p=1573"},"modified":"2016-12-05T08:45:13","modified_gmt":"2016-12-05T08:45:13","slug":"skoda-napedza-ix-memorial-im-kazimierza-gazdy-w-pszczynie","status":"publish","type":"post","link":"https:\/\/www.welovecycling.com\/pl\/2016\/07\/28\/skoda-napedza-ix-memorial-im-kazimierza-gazdy-w-pszczynie\/","title":{"rendered":"\u0160koda nap\u0119dza IX memoria\u0142 im. Kazimierza Gazdy w Pszczynie"},"content":{"rendered":"<p>Po 13 latach przerwy, 24 lipca do ma\u0142ego miasta w po\u0142udniowej Polsce powr\u00f3ci\u0142o najwi\u0119ksze kolarskie wydarzenie w regionie &#8211; Memoria\u0142 im. Kazimierza Gazdy. Zobacz fotorelacj\u0119 z wydarzenia nap\u0119dzanego przez Auto Gazda Pszczyna.<\/p>\n<p style=\"text-align: justify\"><!--more--><\/p>\n<p><img loading=\"lazy\" decoding=\"async\" class=\"size-large wp-image-1587\" src=\"http:\/\/skoda-rowery.pl\/wp-content\/uploads\/2016\/07\/IMG_20160724_102435-1024x768.jpg\" alt=\"sdr\" width=\"1024\" height=\"768\" srcset=\"https:\/\/d2p6e6u75xmxt8.cloudfront.net\/5\/2016\/07\/IMG_20160724_102435-1024x768.jpg 1024w, https:\/\/d2p6e6u75xmxt8.cloudfront.net\/5\/2016\/07\/IMG_20160724_102435-300x225.jpg 300w, https:\/\/d2p6e6u75xmxt8.cloudfront.net\/5\/2016\/07\/IMG_20160724_102435-768x576.jpg 768w\" sizes=\"auto, (max-width: 1024px) 100vw, 1024px\" \/><\/p>\n<p style=\"text-align: justify\"><img loading=\"lazy\" decoding=\"async\" class=\"alignnone size-large wp-image-1588\" src=\"http:\/\/skoda-rowery.pl\/wp-content\/uploads\/2016\/07\/ix_memorial_kolarski_im_kaziemierza_gazdy_w_pszczynie_dekoracje_zwyciezcow_24_07_b00d-1024x682.jpg\" alt=\"ix_memorial_kolarski_im_kaziemierza_gazdy_w_pszczynie_dekoracje_zwyciezcow_24_07_b00d\" width=\"1024\" height=\"682\" srcset=\"https:\/\/d2p6e6u75xmxt8.cloudfront.net\/5\/2016\/07\/ix_memorial_kolarski_im_kaziemierza_gazdy_w_pszczynie_dekoracje_zwyciezcow_24_07_b00d-1024x682.jpg 1024w, https:\/\/d2p6e6u75xmxt8.cloudfront.net\/5\/2016\/07\/ix_memorial_kolarski_im_kaziemierza_gazdy_w_pszczynie_dekoracje_zwyciezcow_24_07_b00d-300x200.jpg 300w, https:\/\/d2p6e6u75xmxt8.cloudfront.net\/5\/2016\/07\/ix_memorial_kolarski_im_kaziemierza_gazdy_w_pszczynie_dekoracje_zwyciezcow_24_07_b00d-768x512.jpg 768w, https:\/\/d2p6e6u75xmxt8.cloudfront.net\/5\/2016\/07\/ix_memorial_kolarski_im_kaziemierza_gazdy_w_pszczynie_dekoracje_zwyciezcow_24_07_b00d-272x182.jpg 272w, https:\/\/d2p6e6u75xmxt8.cloudfront.net\/5\/2016\/07\/ix_memorial_kolarski_im_kaziemierza_gazdy_w_pszczynie_dekoracje_zwyciezcow_24_07_b00d.jpg 1400w\" sizes=\"auto, (max-width: 1024px) 100vw, 1024px\" \/><\/p>\n<p style=\"text-align: justify\"><img loading=\"lazy\" decoding=\"async\" class=\"alignnone size-large wp-image-1590\" src=\"http:\/\/skoda-rowery.pl\/wp-content\/uploads\/2016\/07\/ix_memorial_kolarski_im_kaziemierza_gazdy_w_pszczynie_wyscigi_juniorow_i_doroslych_5ea6-1024x682.jpg\" alt=\"ix_memorial_kolarski_im_kaziemierza_gazdy_w_pszczynie_wyscigi_juniorow_i_doroslych_5ea6\" width=\"1024\" height=\"682\" srcset=\"https:\/\/d2p6e6u75xmxt8.cloudfront.net\/5\/2016\/07\/ix_memorial_kolarski_im_kaziemierza_gazdy_w_pszczynie_wyscigi_juniorow_i_doroslych_5ea6-1024x682.jpg 1024w, https:\/\/d2p6e6u75xmxt8.cloudfront.net\/5\/2016\/07\/ix_memorial_kolarski_im_kaziemierza_gazdy_w_pszczynie_wyscigi_juniorow_i_doroslych_5ea6-300x200.jpg 300w, https:\/\/d2p6e6u75xmxt8.cloudfront.net\/5\/2016\/07\/ix_memorial_kolarski_im_kaziemierza_gazdy_w_pszczynie_wyscigi_juniorow_i_doroslych_5ea6-768x512.jpg 768w, https:\/\/d2p6e6u75xmxt8.cloudfront.net\/5\/2016\/07\/ix_memorial_kolarski_im_kaziemierza_gazdy_w_pszczynie_wyscigi_juniorow_i_doroslych_5ea6-272x182.jpg 272w, https:\/\/d2p6e6u75xmxt8.cloudfront.net\/5\/2016\/07\/ix_memorial_kolarski_im_kaziemierza_gazdy_w_pszczynie_wyscigi_juniorow_i_doroslych_5ea6.jpg 1400w\" sizes=\"auto, (max-width: 1024px) 100vw, 1024px\" \/><\/p>\n<p><img loading=\"lazy\" decoding=\"async\" class=\"size-large wp-image-1591\" src=\"http:\/\/skoda-rowery.pl\/wp-content\/uploads\/2016\/07\/IMG_20160724_135550-1024x768.jpg\" alt=\"mde\" width=\"1024\" height=\"768\" srcset=\"https:\/\/d2p6e6u75xmxt8.cloudfront.net\/5\/2016\/07\/IMG_20160724_135550-1024x768.jpg 1024w, https:\/\/d2p6e6u75xmxt8.cloudfront.net\/5\/2016\/07\/IMG_20160724_135550-300x225.jpg 300w, https:\/\/d2p6e6u75xmxt8.cloudfront.net\/5\/2016\/07\/IMG_20160724_135550-768x576.jpg 768w\" sizes=\"auto, (max-width: 1024px) 100vw, 1024px\" \/><\/p>\n<p style=\"text-align: justify\">Trasa tegorocznego wy\u015bcigu przebiega\u0142a przebiega\u0142a przez Rynek, ul. Chrobrego, Kopernika, Bielsk\u0105 i Wojska Polskiego. Wy\u015bcig kolarski rozgrywany jest w formie kryterium, co czyni go najbardziej widowiskowym spektaklem kolarstwa szosowego.<\/p>\n<p style=\"text-align: justify\">Na okr\u0105\u017ceniu o d\u0142ugo\u015bci 1300 metr\u00f3w, gdzie meta i start znajduj\u0105 si\u0119 na Pszczy\u0144skim Rynku zgromadzi\u0142o si\u0119 setki kibic\u00f3w, dopinguj\u0105cych uczestnik\u00f3w zawod\u00f3w, najlepszych Polskich kolarzy, kolarzy zagranicznych oraz uczestnicz\u0105cych w zabawie rowerowej dzieci i m\u0142odzie\u017cy wraz z rodzinami.<\/p>\n<p style=\"text-align: justify\"><img loading=\"lazy\" decoding=\"async\" class=\"alignnone size-large wp-image-1574\" src=\"http:\/\/skoda-rowery.pl\/wp-content\/uploads\/2016\/07\/ix_memorial_kolarski_im_kaziemierza_gazdy_w_pszczynie_dekoracje_zwyciezcow_24_07_90d1-1024x682.jpg\" alt=\"ix_memorial_kolarski_im_kaziemierza_gazdy_w_pszczynie_dekoracje_zwyciezcow_24_07_90d1\" width=\"1024\" height=\"682\" srcset=\"https:\/\/d2p6e6u75xmxt8.cloudfront.net\/5\/2016\/07\/ix_memorial_kolarski_im_kaziemierza_gazdy_w_pszczynie_dekoracje_zwyciezcow_24_07_90d1-1024x682.jpg 1024w, https:\/\/d2p6e6u75xmxt8.cloudfront.net\/5\/2016\/07\/ix_memorial_kolarski_im_kaziemierza_gazdy_w_pszczynie_dekoracje_zwyciezcow_24_07_90d1-300x200.jpg 300w, https:\/\/d2p6e6u75xmxt8.cloudfront.net\/5\/2016\/07\/ix_memorial_kolarski_im_kaziemierza_gazdy_w_pszczynie_dekoracje_zwyciezcow_24_07_90d1-768x512.jpg 768w, https:\/\/d2p6e6u75xmxt8.cloudfront.net\/5\/2016\/07\/ix_memorial_kolarski_im_kaziemierza_gazdy_w_pszczynie_dekoracje_zwyciezcow_24_07_90d1-272x182.jpg 272w, https:\/\/d2p6e6u75xmxt8.cloudfront.net\/5\/2016\/07\/ix_memorial_kolarski_im_kaziemierza_gazdy_w_pszczynie_dekoracje_zwyciezcow_24_07_90d1.jpg 1400w\" sizes=\"auto, (max-width: 1024px) 100vw, 1024px\" \/><\/p>\n<p style=\"text-align: justify\"><img loading=\"lazy\" decoding=\"async\" class=\"alignnone size-large wp-image-1575\" src=\"http:\/\/skoda-rowery.pl\/wp-content\/uploads\/2016\/07\/ix_memorial_kolarski_im_kaziemierza_gazdy_w_pszczynie_dekoracje_zwyciezcow_24_07_903f-1024x682.jpg\" alt=\"ix_memorial_kolarski_im_kaziemierza_gazdy_w_pszczynie_dekoracje_zwyciezcow_24_07_903f\" width=\"1024\" height=\"682\" srcset=\"https:\/\/d2p6e6u75xmxt8.cloudfront.net\/5\/2016\/07\/ix_memorial_kolarski_im_kaziemierza_gazdy_w_pszczynie_dekoracje_zwyciezcow_24_07_903f-1024x682.jpg 1024w, https:\/\/d2p6e6u75xmxt8.cloudfront.net\/5\/2016\/07\/ix_memorial_kolarski_im_kaziemierza_gazdy_w_pszczynie_dekoracje_zwyciezcow_24_07_903f-300x200.jpg 300w, https:\/\/d2p6e6u75xmxt8.cloudfront.net\/5\/2016\/07\/ix_memorial_kolarski_im_kaziemierza_gazdy_w_pszczynie_dekoracje_zwyciezcow_24_07_903f-768x512.jpg 768w, https:\/\/d2p6e6u75xmxt8.cloudfront.net\/5\/2016\/07\/ix_memorial_kolarski_im_kaziemierza_gazdy_w_pszczynie_dekoracje_zwyciezcow_24_07_903f-272x182.jpg 272w, https:\/\/d2p6e6u75xmxt8.cloudfront.net\/5\/2016\/07\/ix_memorial_kolarski_im_kaziemierza_gazdy_w_pszczynie_dekoracje_zwyciezcow_24_07_903f.jpg 1400w\" sizes=\"auto, (max-width: 1024px) 100vw, 1024px\" \/><\/p>\n<p style=\"text-align: justify\"><img loading=\"lazy\" decoding=\"async\" class=\"alignnone size-large wp-image-1576\" src=\"http:\/\/skoda-rowery.pl\/wp-content\/uploads\/2016\/07\/ix_memorial_kolarski_im_kaziemierza_gazdy_w_pszczynie_wyscigi_dzieci_niezrzeszonyc_804e-1024x682.jpg\" alt=\"ix_memorial_kolarski_im_kaziemierza_gazdy_w_pszczynie_wyscigi_dzieci_niezrzeszonyc_804e\" width=\"1024\" height=\"682\" srcset=\"https:\/\/d2p6e6u75xmxt8.cloudfront.net\/5\/2016\/07\/ix_memorial_kolarski_im_kaziemierza_gazdy_w_pszczynie_wyscigi_dzieci_niezrzeszonyc_804e-1024x682.jpg 1024w, https:\/\/d2p6e6u75xmxt8.cloudfront.net\/5\/2016\/07\/ix_memorial_kolarski_im_kaziemierza_gazdy_w_pszczynie_wyscigi_dzieci_niezrzeszonyc_804e-300x200.jpg 300w, https:\/\/d2p6e6u75xmxt8.cloudfront.net\/5\/2016\/07\/ix_memorial_kolarski_im_kaziemierza_gazdy_w_pszczynie_wyscigi_dzieci_niezrzeszonyc_804e-768x512.jpg 768w, https:\/\/d2p6e6u75xmxt8.cloudfront.net\/5\/2016\/07\/ix_memorial_kolarski_im_kaziemierza_gazdy_w_pszczynie_wyscigi_dzieci_niezrzeszonyc_804e-272x182.jpg 272w, https:\/\/d2p6e6u75xmxt8.cloudfront.net\/5\/2016\/07\/ix_memorial_kolarski_im_kaziemierza_gazdy_w_pszczynie_wyscigi_dzieci_niezrzeszonyc_804e.jpg 1400w\" sizes=\"auto, (max-width: 1024px) 100vw, 1024px\" \/><\/p>\n<p style=\"text-align: justify\"><img loading=\"lazy\" decoding=\"async\" class=\"alignnone size-large wp-image-1577\" src=\"http:\/\/skoda-rowery.pl\/wp-content\/uploads\/2016\/07\/ix_memorial_kolarski_im_kaziemierza_gazdy_w_pszczynie_wyscigi_dzieci_niezrzeszonyc_a25a-1024x682.jpg\" alt=\"ix_memorial_kolarski_im_kaziemierza_gazdy_w_pszczynie_wyscigi_dzieci_niezrzeszonyc_a25a\" width=\"1024\" height=\"682\" srcset=\"https:\/\/d2p6e6u75xmxt8.cloudfront.net\/5\/2016\/07\/ix_memorial_kolarski_im_kaziemierza_gazdy_w_pszczynie_wyscigi_dzieci_niezrzeszonyc_a25a-1024x682.jpg 1024w, https:\/\/d2p6e6u75xmxt8.cloudfront.net\/5\/2016\/07\/ix_memorial_kolarski_im_kaziemierza_gazdy_w_pszczynie_wyscigi_dzieci_niezrzeszonyc_a25a-300x200.jpg 300w, https:\/\/d2p6e6u75xmxt8.cloudfront.net\/5\/2016\/07\/ix_memorial_kolarski_im_kaziemierza_gazdy_w_pszczynie_wyscigi_dzieci_niezrzeszonyc_a25a-768x512.jpg 768w, https:\/\/d2p6e6u75xmxt8.cloudfront.net\/5\/2016\/07\/ix_memorial_kolarski_im_kaziemierza_gazdy_w_pszczynie_wyscigi_dzieci_niezrzeszonyc_a25a-272x182.jpg 272w, https:\/\/d2p6e6u75xmxt8.cloudfront.net\/5\/2016\/07\/ix_memorial_kolarski_im_kaziemierza_gazdy_w_pszczynie_wyscigi_dzieci_niezrzeszonyc_a25a.jpg 1400w\" sizes=\"auto, (max-width: 1024px) 100vw, 1024px\" \/><\/p>\n<p style=\"text-align: justify\"><img loading=\"lazy\" decoding=\"async\" class=\"alignnone size-large wp-image-1578\" src=\"http:\/\/skoda-rowery.pl\/wp-content\/uploads\/2016\/07\/ix_memorial_kolarski_im_kaziemierza_gazdy_w_pszczynie_wyscigi_dzieci_niezrzeszonyc_a275-1024x682.jpg\" alt=\"ix_memorial_kolarski_im_kaziemierza_gazdy_w_pszczynie_wyscigi_dzieci_niezrzeszonyc_a275\" width=\"1024\" height=\"682\" srcset=\"https:\/\/d2p6e6u75xmxt8.cloudfront.net\/5\/2016\/07\/ix_memorial_kolarski_im_kaziemierza_gazdy_w_pszczynie_wyscigi_dzieci_niezrzeszonyc_a275-1024x682.jpg 1024w, https:\/\/d2p6e6u75xmxt8.cloudfront.net\/5\/2016\/07\/ix_memorial_kolarski_im_kaziemierza_gazdy_w_pszczynie_wyscigi_dzieci_niezrzeszonyc_a275-300x200.jpg 300w, https:\/\/d2p6e6u75xmxt8.cloudfront.net\/5\/2016\/07\/ix_memorial_kolarski_im_kaziemierza_gazdy_w_pszczynie_wyscigi_dzieci_niezrzeszonyc_a275-768x512.jpg 768w, https:\/\/d2p6e6u75xmxt8.cloudfront.net\/5\/2016\/07\/ix_memorial_kolarski_im_kaziemierza_gazdy_w_pszczynie_wyscigi_dzieci_niezrzeszonyc_a275-272x182.jpg 272w, https:\/\/d2p6e6u75xmxt8.cloudfront.net\/5\/2016\/07\/ix_memorial_kolarski_im_kaziemierza_gazdy_w_pszczynie_wyscigi_dzieci_niezrzeszonyc_a275.jpg 1400w\" sizes=\"auto, (max-width: 1024px) 100vw, 1024px\" \/><\/p>\n<p style=\"text-align: justify\"><img loading=\"lazy\" decoding=\"async\" class=\"alignnone size-large wp-image-1579\" src=\"http:\/\/skoda-rowery.pl\/wp-content\/uploads\/2016\/07\/ix_memorial_kolarski_im_kaziemierza_gazdy_w_pszczynie_wyscigi_dzieci_niezrzeszonyc_c2c6-1024x682.jpg\" alt=\"ix_memorial_kolarski_im_kaziemierza_gazdy_w_pszczynie_wyscigi_dzieci_niezrzeszonyc_c2c6\" width=\"1024\" height=\"682\" srcset=\"https:\/\/d2p6e6u75xmxt8.cloudfront.net\/5\/2016\/07\/ix_memorial_kolarski_im_kaziemierza_gazdy_w_pszczynie_wyscigi_dzieci_niezrzeszonyc_c2c6-1024x682.jpg 1024w, https:\/\/d2p6e6u75xmxt8.cloudfront.net\/5\/2016\/07\/ix_memorial_kolarski_im_kaziemierza_gazdy_w_pszczynie_wyscigi_dzieci_niezrzeszonyc_c2c6-300x200.jpg 300w, https:\/\/d2p6e6u75xmxt8.cloudfront.net\/5\/2016\/07\/ix_memorial_kolarski_im_kaziemierza_gazdy_w_pszczynie_wyscigi_dzieci_niezrzeszonyc_c2c6-768x512.jpg 768w, https:\/\/d2p6e6u75xmxt8.cloudfront.net\/5\/2016\/07\/ix_memorial_kolarski_im_kaziemierza_gazdy_w_pszczynie_wyscigi_dzieci_niezrzeszonyc_c2c6-272x182.jpg 272w, https:\/\/d2p6e6u75xmxt8.cloudfront.net\/5\/2016\/07\/ix_memorial_kolarski_im_kaziemierza_gazdy_w_pszczynie_wyscigi_dzieci_niezrzeszonyc_c2c6.jpg 1400w\" sizes=\"auto, (max-width: 1024px) 100vw, 1024px\" \/><\/p>\n<p style=\"text-align: justify\"><img loading=\"lazy\" decoding=\"async\" class=\"alignnone size-large wp-image-1580\" src=\"http:\/\/skoda-rowery.pl\/wp-content\/uploads\/2016\/07\/ix_memorial_kolarski_im_kaziemierza_gazdy_w_pszczynie_wyscigi_dzieci_niezrzeszonyc_e427-1024x682.jpg\" alt=\"ix_memorial_kolarski_im_kaziemierza_gazdy_w_pszczynie_wyscigi_dzieci_niezrzeszonyc_e427\" width=\"1024\" height=\"682\" srcset=\"https:\/\/d2p6e6u75xmxt8.cloudfront.net\/5\/2016\/07\/ix_memorial_kolarski_im_kaziemierza_gazdy_w_pszczynie_wyscigi_dzieci_niezrzeszonyc_e427-1024x682.jpg 1024w, https:\/\/d2p6e6u75xmxt8.cloudfront.net\/5\/2016\/07\/ix_memorial_kolarski_im_kaziemierza_gazdy_w_pszczynie_wyscigi_dzieci_niezrzeszonyc_e427-300x200.jpg 300w, https:\/\/d2p6e6u75xmxt8.cloudfront.net\/5\/2016\/07\/ix_memorial_kolarski_im_kaziemierza_gazdy_w_pszczynie_wyscigi_dzieci_niezrzeszonyc_e427-768x512.jpg 768w, https:\/\/d2p6e6u75xmxt8.cloudfront.net\/5\/2016\/07\/ix_memorial_kolarski_im_kaziemierza_gazdy_w_pszczynie_wyscigi_dzieci_niezrzeszonyc_e427-272x182.jpg 272w, https:\/\/d2p6e6u75xmxt8.cloudfront.net\/5\/2016\/07\/ix_memorial_kolarski_im_kaziemierza_gazdy_w_pszczynie_wyscigi_dzieci_niezrzeszonyc_e427.jpg 1400w\" sizes=\"auto, (max-width: 1024px) 100vw, 1024px\" \/><\/p>\n<p style=\"text-align: justify\"><img loading=\"lazy\" decoding=\"async\" class=\"alignnone size-large wp-image-1581\" src=\"http:\/\/skoda-rowery.pl\/wp-content\/uploads\/2016\/07\/ix_memorial_kolarski_im_kaziemierza_gazdy_w_pszczynie_wyscigi_juniorow_i_doroslych_3f88-1024x682.jpg\" alt=\"ix_memorial_kolarski_im_kaziemierza_gazdy_w_pszczynie_wyscigi_juniorow_i_doroslych_3f88\" width=\"1024\" height=\"682\" srcset=\"https:\/\/d2p6e6u75xmxt8.cloudfront.net\/5\/2016\/07\/ix_memorial_kolarski_im_kaziemierza_gazdy_w_pszczynie_wyscigi_juniorow_i_doroslych_3f88-1024x682.jpg 1024w, https:\/\/d2p6e6u75xmxt8.cloudfront.net\/5\/2016\/07\/ix_memorial_kolarski_im_kaziemierza_gazdy_w_pszczynie_wyscigi_juniorow_i_doroslych_3f88-300x200.jpg 300w, https:\/\/d2p6e6u75xmxt8.cloudfront.net\/5\/2016\/07\/ix_memorial_kolarski_im_kaziemierza_gazdy_w_pszczynie_wyscigi_juniorow_i_doroslych_3f88-768x512.jpg 768w, https:\/\/d2p6e6u75xmxt8.cloudfront.net\/5\/2016\/07\/ix_memorial_kolarski_im_kaziemierza_gazdy_w_pszczynie_wyscigi_juniorow_i_doroslych_3f88-272x182.jpg 272w, https:\/\/d2p6e6u75xmxt8.cloudfront.net\/5\/2016\/07\/ix_memorial_kolarski_im_kaziemierza_gazdy_w_pszczynie_wyscigi_juniorow_i_doroslych_3f88.jpg 1400w\" sizes=\"auto, (max-width: 1024px) 100vw, 1024px\" \/><\/p>\n<p style=\"text-align: justify\"><img loading=\"lazy\" decoding=\"async\" class=\"alignnone size-large wp-image-1582\" src=\"http:\/\/skoda-rowery.pl\/wp-content\/uploads\/2016\/07\/ix_memorial_kolarski_im_kaziemierza_gazdy_w_pszczynie_wyscigi_juniorow_i_doroslych_cd2f-1024x682.jpg\" alt=\"ix_memorial_kolarski_im_kaziemierza_gazdy_w_pszczynie_wyscigi_juniorow_i_doroslych_cd2f\" width=\"1024\" height=\"682\" srcset=\"https:\/\/d2p6e6u75xmxt8.cloudfront.net\/5\/2016\/07\/ix_memorial_kolarski_im_kaziemierza_gazdy_w_pszczynie_wyscigi_juniorow_i_doroslych_cd2f-1024x682.jpg 1024w, https:\/\/d2p6e6u75xmxt8.cloudfront.net\/5\/2016\/07\/ix_memorial_kolarski_im_kaziemierza_gazdy_w_pszczynie_wyscigi_juniorow_i_doroslych_cd2f-300x200.jpg 300w, https:\/\/d2p6e6u75xmxt8.cloudfront.net\/5\/2016\/07\/ix_memorial_kolarski_im_kaziemierza_gazdy_w_pszczynie_wyscigi_juniorow_i_doroslych_cd2f-768x512.jpg 768w, https:\/\/d2p6e6u75xmxt8.cloudfront.net\/5\/2016\/07\/ix_memorial_kolarski_im_kaziemierza_gazdy_w_pszczynie_wyscigi_juniorow_i_doroslych_cd2f-272x182.jpg 272w, https:\/\/d2p6e6u75xmxt8.cloudfront.net\/5\/2016\/07\/ix_memorial_kolarski_im_kaziemierza_gazdy_w_pszczynie_wyscigi_juniorow_i_doroslych_cd2f.jpg 1400w\" sizes=\"auto, (max-width: 1024px) 100vw, 1024px\" \/><\/p>\n<p style=\"text-align: justify\"><img loading=\"lazy\" decoding=\"async\" class=\"alignnone size-large wp-image-1583\" src=\"http:\/\/skoda-rowery.pl\/wp-content\/uploads\/2016\/07\/ix_memorial_kolarski_im_kaziemierza_gazdy_w_pszczynie_wyscigi_juniorow_i_doroslych_ce1d-1024x682.jpg\" alt=\"ix_memorial_kolarski_im_kaziemierza_gazdy_w_pszczynie_wyscigi_juniorow_i_doroslych_ce1d\" width=\"1024\" height=\"682\" srcset=\"https:\/\/d2p6e6u75xmxt8.cloudfront.net\/5\/2016\/07\/ix_memorial_kolarski_im_kaziemierza_gazdy_w_pszczynie_wyscigi_juniorow_i_doroslych_ce1d-1024x682.jpg 1024w, https:\/\/d2p6e6u75xmxt8.cloudfront.net\/5\/2016\/07\/ix_memorial_kolarski_im_kaziemierza_gazdy_w_pszczynie_wyscigi_juniorow_i_doroslych_ce1d-300x200.jpg 300w, https:\/\/d2p6e6u75xmxt8.cloudfront.net\/5\/2016\/07\/ix_memorial_kolarski_im_kaziemierza_gazdy_w_pszczynie_wyscigi_juniorow_i_doroslych_ce1d-768x512.jpg 768w, https:\/\/d2p6e6u75xmxt8.cloudfront.net\/5\/2016\/07\/ix_memorial_kolarski_im_kaziemierza_gazdy_w_pszczynie_wyscigi_juniorow_i_doroslych_ce1d-272x182.jpg 272w, https:\/\/d2p6e6u75xmxt8.cloudfront.net\/5\/2016\/07\/ix_memorial_kolarski_im_kaziemierza_gazdy_w_pszczynie_wyscigi_juniorow_i_doroslych_ce1d.jpg 1400w\" sizes=\"auto, (max-width: 1024px) 100vw, 1024px\" \/><\/p>\n<p style=\"text-align: justify\">\n<p style=\"text-align: justify\"><img loading=\"lazy\" decoding=\"async\" class=\"alignnone size-large wp-image-1585\" src=\"http:\/\/skoda-rowery.pl\/wp-content\/uploads\/2016\/07\/ix_memorial_kolarski_im_kaziemierza_gazdy_w_pszczynie_wyscigi_juniorow_i_doroslych_f7f6-1-1024x682.jpg\" alt=\"ix_memorial_kolarski_im_kaziemierza_gazdy_w_pszczynie_wyscigi_juniorow_i_doroslych_f7f6 (1)\" width=\"1024\" height=\"682\" srcset=\"https:\/\/d2p6e6u75xmxt8.cloudfront.net\/5\/2016\/07\/ix_memorial_kolarski_im_kaziemierza_gazdy_w_pszczynie_wyscigi_juniorow_i_doroslych_f7f6-1-1024x682.jpg 1024w, https:\/\/d2p6e6u75xmxt8.cloudfront.net\/5\/2016\/07\/ix_memorial_kolarski_im_kaziemierza_gazdy_w_pszczynie_wyscigi_juniorow_i_doroslych_f7f6-1-300x200.jpg 300w, https:\/\/d2p6e6u75xmxt8.cloudfront.net\/5\/2016\/07\/ix_memorial_kolarski_im_kaziemierza_gazdy_w_pszczynie_wyscigi_juniorow_i_doroslych_f7f6-1-768x512.jpg 768w, https:\/\/d2p6e6u75xmxt8.cloudfront.net\/5\/2016\/07\/ix_memorial_kolarski_im_kaziemierza_gazdy_w_pszczynie_wyscigi_juniorow_i_doroslych_f7f6-1-272x182.jpg 272w, https:\/\/d2p6e6u75xmxt8.cloudfront.net\/5\/2016\/07\/ix_memorial_kolarski_im_kaziemierza_gazdy_w_pszczynie_wyscigi_juniorow_i_doroslych_f7f6-1.jpg 1400w\" sizes=\"auto, (max-width: 1024px) 100vw, 1024px\" \/><\/p>\n<p style=\"text-align: justify\"><img loading=\"lazy\" decoding=\"async\" class=\"alignnone size-large wp-image-1586\" src=\"http:\/\/skoda-rowery.pl\/wp-content\/uploads\/2016\/07\/ix_memorial_kolarski_im_kaziemierza_gazdy_w_pszczynie_wyscigi_mlodziezowe_24_07_dfd6-1024x682.jpg\" alt=\"ix_memorial_kolarski_im_kaziemierza_gazdy_w_pszczynie_wyscigi_mlodziezowe_24_07_dfd6\" width=\"1024\" height=\"682\" srcset=\"https:\/\/d2p6e6u75xmxt8.cloudfront.net\/5\/2016\/07\/ix_memorial_kolarski_im_kaziemierza_gazdy_w_pszczynie_wyscigi_mlodziezowe_24_07_dfd6-1024x682.jpg 1024w, https:\/\/d2p6e6u75xmxt8.cloudfront.net\/5\/2016\/07\/ix_memorial_kolarski_im_kaziemierza_gazdy_w_pszczynie_wyscigi_mlodziezowe_24_07_dfd6-300x200.jpg 300w, https:\/\/d2p6e6u75xmxt8.cloudfront.net\/5\/2016\/07\/ix_memorial_kolarski_im_kaziemierza_gazdy_w_pszczynie_wyscigi_mlodziezowe_24_07_dfd6-768x512.jpg 768w, https:\/\/d2p6e6u75xmxt8.cloudfront.net\/5\/2016\/07\/ix_memorial_kolarski_im_kaziemierza_gazdy_w_pszczynie_wyscigi_mlodziezowe_24_07_dfd6-272x182.jpg 272w, https:\/\/d2p6e6u75xmxt8.cloudfront.net\/5\/2016\/07\/ix_memorial_kolarski_im_kaziemierza_gazdy_w_pszczynie_wyscigi_mlodziezowe_24_07_dfd6.jpg 1400w\" sizes=\"auto, (max-width: 1024px) 100vw, 1024px\" \/><\/p>\n<p style=\"text-align: justify\">Kolarze w zale\u017cno\u015bci od kategorii wiekowej od kilku do kilkudziesi\u0119ciu razy pokonywali okr\u0105\u017cenia przez Pszczy\u0144ski Rynek na kt\u00f3rym finiszowali, co gwarantowa\u0142o widowiskow\u0105 walk\u0119 na ka\u017cdym etapie wy\u015bcigu, zdobywaj\u0105c punkty do \u0142\u0105cznej klasyfikacji, a zwyci\u0119zc\u0105 zosta\u0142 zawodnik, kt\u00f3ry zdoby\u0142 najwi\u0119ksz\u0105 ilo\u015b\u0107 punkt\u00f3w na finiszach.<\/p>\n<p style=\"text-align: justify\">Opr\u00f3cz wy\u015bcig\u00f3w, na p\u0142ycie rynku odby\u0142 si\u0119 r\u00f3wnie\u017c szereg konkurs\u00f3w oraz zabawa rowerowa dla dzieci i m\u0142odzie\u017cy nie posiadaj\u0105cych licencji kolarskiej.<\/p>\n<p style=\"text-align: justify\">Organizatorom gratulujemy frekwencji i do zobaczenia za rok!<\/p>\n","protected":false},"excerpt":{"rendered":"<p>Po 13 latach przerwy, 24 lipca do ma\u0142ego miasta w po\u0142udniowej Polsce powr\u00f3ci\u0142o najwi\u0119ksze kolarskie wydarzenie w regionie &#8211; Memoria\u0142 [&hellip;]<\/p>\n","protected":false},"author":1,"featured_media":1584,"comment_status":"open","ping_status":"closed","sticky":false,"template":"","format":"standard","meta":{"footnotes":""},"categories":[1],"tags":[66],"global-categories":[],"class_list":["post-1573","post","type-post","status-publish","format-standard","has-post-thumbnail","hentry","category-uncategorized","tag-skodanapedzarowery"],"yoast_head":"<!-- This site is optimized with the Yoast SEO Premium plugin v25.3 (Yoast SEO v25.9) - https:\/\/yoast.com\/wordpress\/plugins\/seo\/ -->\n<title>\u0160koda nap\u0119dza IX memoria\u0142 im. Kazimierza Gazdy w Pszczynie - \u0160koda We Love Cycling - Poland<\/title>\n<meta name=\"robots\" content=\"index, follow, max-snippet:-1, max-image-preview:large, max-video-preview:-1\" \/>\n<link rel=\"canonical\" href=\"https:\/\/www.welovecycling.com\/pl\/2016\/07\/28\/skoda-napedza-ix-memorial-im-kazimierza-gazdy-w-pszczynie\/\" \/>\n<meta property=\"og:locale\" content=\"pl_PL\" \/>\n<meta property=\"og:type\" content=\"article\" \/>\n<meta property=\"og:title\" content=\"\u0160koda nap\u0119dza IX memoria\u0142 im. Kazimierza Gazdy w Pszczynie\" \/>\n<meta property=\"og:description\" content=\"Po 13 latach przerwy, 24 lipca do ma\u0142ego miasta w po\u0142udniowej Polsce powr\u00f3ci\u0142o najwi\u0119ksze kolarskie wydarzenie w regionie &#8211; Memoria\u0142 [&hellip;]\" \/>\n<meta property=\"og:url\" content=\"https:\/\/www.welovecycling.com\/pl\/2016\/07\/28\/skoda-napedza-ix-memorial-im-kazimierza-gazdy-w-pszczynie\/\" \/>\n<meta property=\"og:site_name\" content=\"\u0160koda We Love Cycling - Poland\" \/>\n<meta property=\"article:published_time\" content=\"2016-07-28T10:34:03+00:00\" \/>\n<meta property=\"article:modified_time\" content=\"2016-12-05T08:45:13+00:00\" \/>\n<meta property=\"og:image\" content=\"https:\/\/d2p6e6u75xmxt8.cloudfront.net\/5\/2016\/07\/ix_memorial_kolarski_im_kaziemierza_gazdy_w_pszczynie_wyscigi_juniorow_i_doroslych_eca1.jpg\" \/>\n\t<meta property=\"og:image:width\" content=\"1400\" \/>\n\t<meta property=\"og:image:height\" content=\"933\" \/>\n\t<meta property=\"og:image:type\" content=\"image\/jpeg\" \/>\n<meta name=\"author\" content=\"WeLoveCycling\" \/>\n<meta name=\"twitter:card\" content=\"summary_large_image\" \/>\n<meta name=\"twitter:label1\" content=\"Written by\" \/>\n\t<meta name=\"twitter:data1\" content=\"WeLoveCycling\" \/>\n\t<meta name=\"twitter:label2\" content=\"Est. reading time\" \/>\n\t<meta name=\"twitter:data2\" content=\"1 minute\" \/>\n<script type=\"application\/ld+json\" class=\"yoast-schema-graph\">{\"@context\":\"https:\/\/schema.org\",\"@graph\":[{\"@type\":\"WebPage\",\"@id\":\"https:\/\/www.welovecycling.com\/pl\/2016\/07\/28\/skoda-napedza-ix-memorial-im-kazimierza-gazdy-w-pszczynie\/\",\"url\":\"https:\/\/www.welovecycling.com\/pl\/2016\/07\/28\/skoda-napedza-ix-memorial-im-kazimierza-gazdy-w-pszczynie\/\",\"name\":\"\u0160koda nap\u0119dza IX memoria\u0142 im. Kazimierza Gazdy w Pszczynie - \u0160koda We Love Cycling - Poland\",\"isPartOf\":{\"@id\":\"https:\/\/www.welovecycling.com\/pl\/#website\"},\"primaryImageOfPage\":{\"@id\":\"https:\/\/www.welovecycling.com\/pl\/2016\/07\/28\/skoda-napedza-ix-memorial-im-kazimierza-gazdy-w-pszczynie\/#primaryimage\"},\"image\":{\"@id\":\"https:\/\/www.welovecycling.com\/pl\/2016\/07\/28\/skoda-napedza-ix-memorial-im-kazimierza-gazdy-w-pszczynie\/#primaryimage\"},\"thumbnailUrl\":\"https:\/\/d2p6e6u75xmxt8.cloudfront.net\/5\/2016\/07\/ix_memorial_kolarski_im_kaziemierza_gazdy_w_pszczynie_wyscigi_juniorow_i_doroslych_eca1.jpg\",\"datePublished\":\"2016-07-28T10:34:03+00:00\",\"dateModified\":\"2016-12-05T08:45:13+00:00\",\"author\":{\"@id\":\"https:\/\/www.welovecycling.com\/pl\/#\/schema\/person\/e5187c9cac8dd619ebc7b41bd73c2fd9\"},\"breadcrumb\":{\"@id\":\"https:\/\/www.welovecycling.com\/pl\/2016\/07\/28\/skoda-napedza-ix-memorial-im-kazimierza-gazdy-w-pszczynie\/#breadcrumb\"},\"inLanguage\":\"pl-PL\",\"potentialAction\":[{\"@type\":\"ReadAction\",\"target\":[\"https:\/\/www.welovecycling.com\/pl\/2016\/07\/28\/skoda-napedza-ix-memorial-im-kazimierza-gazdy-w-pszczynie\/\"]}]},{\"@type\":\"ImageObject\",\"inLanguage\":\"pl-PL\",\"@id\":\"https:\/\/www.welovecycling.com\/pl\/2016\/07\/28\/skoda-napedza-ix-memorial-im-kazimierza-gazdy-w-pszczynie\/#primaryimage\",\"url\":\"https:\/\/d2p6e6u75xmxt8.cloudfront.net\/5\/2016\/07\/ix_memorial_kolarski_im_kaziemierza_gazdy_w_pszczynie_wyscigi_juniorow_i_doroslych_eca1.jpg\",\"contentUrl\":\"https:\/\/d2p6e6u75xmxt8.cloudfront.net\/5\/2016\/07\/ix_memorial_kolarski_im_kaziemierza_gazdy_w_pszczynie_wyscigi_juniorow_i_doroslych_eca1.jpg\",\"width\":1400,\"height\":933},{\"@type\":\"BreadcrumbList\",\"@id\":\"https:\/\/www.welovecycling.com\/pl\/2016\/07\/28\/skoda-napedza-ix-memorial-im-kazimierza-gazdy-w-pszczynie\/#breadcrumb\",\"itemListElement\":[{\"@type\":\"ListItem\",\"position\":1,\"name\":\"Home\",\"item\":\"https:\/\/www.welovecycling.com\/pl\/\"},{\"@type\":\"ListItem\",\"position\":2,\"name\":\"\u0160koda nap\u0119dza IX memoria\u0142 im. Kazimierza Gazdy w Pszczynie\"}]},{\"@type\":\"WebSite\",\"@id\":\"https:\/\/www.welovecycling.com\/pl\/#website\",\"url\":\"https:\/\/www.welovecycling.com\/pl\/\",\"name\":\"\u0160koda We Love Cycling - Poland\",\"description\":\"\",\"potentialAction\":[{\"@type\":\"SearchAction\",\"target\":{\"@type\":\"EntryPoint\",\"urlTemplate\":\"https:\/\/www.welovecycling.com\/pl\/?s={search_term_string}\"},\"query-input\":{\"@type\":\"PropertyValueSpecification\",\"valueRequired\":true,\"valueName\":\"search_term_string\"}}],\"inLanguage\":\"pl-PL\"},{\"@type\":\"Person\",\"@id\":\"https:\/\/www.welovecycling.com\/pl\/#\/schema\/person\/e5187c9cac8dd619ebc7b41bd73c2fd9\",\"name\":\"WeLoveCycling\",\"image\":{\"@type\":\"ImageObject\",\"inLanguage\":\"pl-PL\",\"@id\":\"https:\/\/www.welovecycling.com\/pl\/#\/schema\/person\/image\/\",\"url\":\"https:\/\/secure.gravatar.com\/avatar\/7e1ee0ecc5e294b19ef32b9f6086e0afbb9da00c3cb0d465ba4695331f4a9187?s=96&d=mm&r=g\",\"contentUrl\":\"https:\/\/secure.gravatar.com\/avatar\/7e1ee0ecc5e294b19ef32b9f6086e0afbb9da00c3cb0d465ba4695331f4a9187?s=96&d=mm&r=g\",\"caption\":\"WeLoveCycling\"},\"url\":\"https:\/\/www.welovecycling.com\/pl\/author\/lukascech\/\"}]}<\/script>\n<!-- \/ Yoast SEO Premium plugin. -->","yoast_head_json":{"title":"\u0160koda nap\u0119dza IX memoria\u0142 im. Kazimierza Gazdy w Pszczynie - \u0160koda We Love Cycling - Poland","robots":{"index":"index","follow":"follow","max-snippet":"max-snippet:-1","max-image-preview":"max-image-preview:large","max-video-preview":"max-video-preview:-1"},"canonical":"https:\/\/www.welovecycling.com\/pl\/2016\/07\/28\/skoda-napedza-ix-memorial-im-kazimierza-gazdy-w-pszczynie\/","og_locale":"pl_PL","og_type":"article","og_title":"\u0160koda nap\u0119dza IX memoria\u0142 im. Kazimierza Gazdy w Pszczynie","og_description":"Po 13 latach przerwy, 24 lipca do ma\u0142ego miasta w po\u0142udniowej Polsce powr\u00f3ci\u0142o najwi\u0119ksze kolarskie wydarzenie w regionie &#8211; Memoria\u0142 [&hellip;]","og_url":"https:\/\/www.welovecycling.com\/pl\/2016\/07\/28\/skoda-napedza-ix-memorial-im-kazimierza-gazdy-w-pszczynie\/","og_site_name":"\u0160koda We Love Cycling - Poland","article_published_time":"2016-07-28T10:34:03+00:00","article_modified_time":"2016-12-05T08:45:13+00:00","og_image":[{"width":1400,"height":933,"url":"https:\/\/d2p6e6u75xmxt8.cloudfront.net\/5\/2016\/07\/ix_memorial_kolarski_im_kaziemierza_gazdy_w_pszczynie_wyscigi_juniorow_i_doroslych_eca1.jpg","type":"image\/jpeg"}],"author":"WeLoveCycling","twitter_card":"summary_large_image","twitter_misc":{"Written by":"WeLoveCycling","Est. reading time":"1 minute"},"schema":{"@context":"https:\/\/schema.org","@graph":[{"@type":"WebPage","@id":"https:\/\/www.welovecycling.com\/pl\/2016\/07\/28\/skoda-napedza-ix-memorial-im-kazimierza-gazdy-w-pszczynie\/","url":"https:\/\/www.welovecycling.com\/pl\/2016\/07\/28\/skoda-napedza-ix-memorial-im-kazimierza-gazdy-w-pszczynie\/","name":"\u0160koda nap\u0119dza IX memoria\u0142 im. Kazimierza Gazdy w Pszczynie - \u0160koda We Love Cycling - Poland","isPartOf":{"@id":"https:\/\/www.welovecycling.com\/pl\/#website"},"primaryImageOfPage":{"@id":"https:\/\/www.welovecycling.com\/pl\/2016\/07\/28\/skoda-napedza-ix-memorial-im-kazimierza-gazdy-w-pszczynie\/#primaryimage"},"image":{"@id":"https:\/\/www.welovecycling.com\/pl\/2016\/07\/28\/skoda-napedza-ix-memorial-im-kazimierza-gazdy-w-pszczynie\/#primaryimage"},"thumbnailUrl":"https:\/\/d2p6e6u75xmxt8.cloudfront.net\/5\/2016\/07\/ix_memorial_kolarski_im_kaziemierza_gazdy_w_pszczynie_wyscigi_juniorow_i_doroslych_eca1.jpg","datePublished":"2016-07-28T10:34:03+00:00","dateModified":"2016-12-05T08:45:13+00:00","author":{"@id":"https:\/\/www.welovecycling.com\/pl\/#\/schema\/person\/e5187c9cac8dd619ebc7b41bd73c2fd9"},"breadcrumb":{"@id":"https:\/\/www.welovecycling.com\/pl\/2016\/07\/28\/skoda-napedza-ix-memorial-im-kazimierza-gazdy-w-pszczynie\/#breadcrumb"},"inLanguage":"pl-PL","potentialAction":[{"@type":"ReadAction","target":["https:\/\/www.welovecycling.com\/pl\/2016\/07\/28\/skoda-napedza-ix-memorial-im-kazimierza-gazdy-w-pszczynie\/"]}]},{"@type":"ImageObject","inLanguage":"pl-PL","@id":"https:\/\/www.welovecycling.com\/pl\/2016\/07\/28\/skoda-napedza-ix-memorial-im-kazimierza-gazdy-w-pszczynie\/#primaryimage","url":"https:\/\/d2p6e6u75xmxt8.cloudfront.net\/5\/2016\/07\/ix_memorial_kolarski_im_kaziemierza_gazdy_w_pszczynie_wyscigi_juniorow_i_doroslych_eca1.jpg","contentUrl":"https:\/\/d2p6e6u75xmxt8.cloudfront.net\/5\/2016\/07\/ix_memorial_kolarski_im_kaziemierza_gazdy_w_pszczynie_wyscigi_juniorow_i_doroslych_eca1.jpg","width":1400,"height":933},{"@type":"BreadcrumbList","@id":"https:\/\/www.welovecycling.com\/pl\/2016\/07\/28\/skoda-napedza-ix-memorial-im-kazimierza-gazdy-w-pszczynie\/#breadcrumb","itemListElement":[{"@type":"ListItem","position":1,"name":"Home","item":"https:\/\/www.welovecycling.com\/pl\/"},{"@type":"ListItem","position":2,"name":"\u0160koda nap\u0119dza IX memoria\u0142 im. Kazimierza Gazdy w Pszczynie"}]},{"@type":"WebSite","@id":"https:\/\/www.welovecycling.com\/pl\/#website","url":"https:\/\/www.welovecycling.com\/pl\/","name":"\u0160koda We Love Cycling - Poland","description":"","potentialAction":[{"@type":"SearchAction","target":{"@type":"EntryPoint","urlTemplate":"https:\/\/www.welovecycling.com\/pl\/?s={search_term_string}"},"query-input":{"@type":"PropertyValueSpecification","valueRequired":true,"valueName":"search_term_string"}}],"inLanguage":"pl-PL"},{"@type":"Person","@id":"https:\/\/www.welovecycling.com\/pl\/#\/schema\/person\/e5187c9cac8dd619ebc7b41bd73c2fd9","name":"WeLoveCycling","image":{"@type":"ImageObject","inLanguage":"pl-PL","@id":"https:\/\/www.welovecycling.com\/pl\/#\/schema\/person\/image\/","url":"https:\/\/secure.gravatar.com\/avatar\/7e1ee0ecc5e294b19ef32b9f6086e0afbb9da00c3cb0d465ba4695331f4a9187?s=96&d=mm&r=g","contentUrl":"https:\/\/secure.gravatar.com\/avatar\/7e1ee0ecc5e294b19ef32b9f6086e0afbb9da00c3cb0d465ba4695331f4a9187?s=96&d=mm&r=g","caption":"WeLoveCycling"},"url":"https:\/\/www.welovecycling.com\/pl\/author\/lukascech\/"}]}},"_links":{"self":[{"href":"https:\/\/www.welovecycling.com\/pl\/wp-json\/wp\/v2\/posts\/1573","targetHints":{"allow":["GET"]}}],"collection":[{"href":"https:\/\/www.welovecycling.com\/pl\/wp-json\/wp\/v2\/posts"}],"about":[{"href":"https:\/\/www.welovecycling.com\/pl\/wp-json\/wp\/v2\/types\/post"}],"author":[{"embeddable":true,"href":"https:\/\/www.welovecycling.com\/pl\/wp-json\/wp\/v2\/users\/1"}],"replies":[{"embeddable":true,"href":"https:\/\/www.welovecycling.com\/pl\/wp-json\/wp\/v2\/comments?post=1573"}],"version-history":[{"count":1,"href":"https:\/\/www.welovecycling.com\/pl\/wp-json\/wp\/v2\/posts\/1573\/revisions"}],"predecessor-version":[{"id":2404,"href":"https:\/\/www.welovecycling.com\/pl\/wp-json\/wp\/v2\/posts\/1573\/revisions\/2404"}],"wp:featuredmedia":[{"embeddable":true,"href":"https:\/\/www.welovecycling.com\/pl\/wp-json\/wp\/v2\/media\/1584"}],"wp:attachment":[{"href":"https:\/\/www.welovecycling.com\/pl\/wp-json\/wp\/v2\/media?parent=1573"}],"wp:term":[{"taxonomy":"category","embeddable":true,"href":"https:\/\/www.welovecycling.com\/pl\/wp-json\/wp\/v2\/categories?post=1573"},{"taxonomy":"post_tag","embeddable":true,"href":"https:\/\/www.welovecycling.com\/pl\/wp-json\/wp\/v2\/tags?post=1573"},{"taxonomy":"global-categories","embeddable":true,"href":"https:\/\/www.welovecycling.com\/pl\/wp-json\/wp\/v2\/global-categories?post=1573"}],"curies":[{"name":"wp","href":"https:\/\/api.w.org\/{rel}","templated":true}]}}