{"id":1569,"date":"2016-07-27T13:51:34","date_gmt":"2016-07-27T13:51:34","guid":{"rendered":"http:\/\/skoda-rowery.pl\/?p=1569"},"modified":"2016-12-05T08:46:05","modified_gmt":"2016-12-05T08:46:05","slug":"rafal-majka-czyli-trwa-polska-bajka","status":"publish","type":"post","link":"https:\/\/www.welovecycling.com\/pl\/2016\/07\/27\/rafal-majka-czyli-trwa-polska-bajka\/","title":{"rendered":"Rafa\u0142 Majka, czyli trwa polska bajka!"},"content":{"rendered":"<p style=\"text-align: justify\">Kiedy\u015b mia\u0142 problemy ze znalezieniem odpowiedniej wielko\u015bci roweru. Dzi\u015b ma tak\u0105 pozycj\u0119, \u017ce m\u00f3g\u0142by za\u017cyczy\u0107 sobie dwuko\u0142owca z klimatyzacj\u0105, rozk\u0142adanym dachem i tysi\u0105cem innych gad\u017cet\u00f3w. Polak z Zegartowic, dzi\u0119ki wygraniu klasyfikacji g\u00f3rskiej Tour de France, na dobre wszed\u0142 do kolarskiej elity.<!--more--><\/p>\n<p style=\"text-align: justify\">\u201eRafa\u0142 Majka, czyli trwa polska bajka\u201d &#8211; rymowali komentatorzy Eurosportu, gdy Polak zdobywa\u0142 kolejne punkty na g\u00f3rskich premiach tegorocznego Tour de France. Majka by\u0142 jak snajper, kt\u00f3ry nie traci si\u0142 na p\u00f3\u0142\u015brodki, tylko wybiera konkretny cel i go po prostu zdobywa.<\/p>\n<p style=\"text-align: justify\"><strong>Pocz\u0105tki jak listonosz<\/strong><\/p>\n<p style=\"text-align: justify\">Wraz z nim zwyci\u0119zcami czuj\u0105 si\u0119 tysi\u0105ce Polak\u00f3w \u2013 zar\u00f3wno ci przed telewizorami, jak i rodacy, kt\u00f3rzy planuj\u0105 wakacje we Francji specjalnie po to, by raz dziennie przez kilkana\u015bcie sekund m\u00f3c dopingowa\u0107 polskich kolarzy.<\/p>\n<p style=\"text-align: justify\">Ale jeszcze kilka lat temu ogl\u0105da\u0107 Majk\u0119 mogli tylko nieliczni, bo m\u0142ody ch\u0142opak po prostu je\u017adzi\u0142 na rowerze po Pog\u00f3rzu Wi\u015bnickim. Pewnie wi\u0119cej os\u00f3b wr\u00f3\u017cy\u0142o mu wtedy karier\u0119 listonosza krz\u0105taj\u0105cego si\u0119 od domu do domu ni\u017c wielkiego kolarza, kt\u00f3ry podbije Tour de France.<\/p>\n<p style=\"text-align: justify\"><strong>Spodenki s\u0105 za lu\u017ane, koszulka wisi<\/strong><\/p>\n<p style=\"text-align: justify\">Zegartowice \u2013 wie\u015b w Ma\u0142opolsce, nieoficjalnie mieszka tam oko\u0142o 500 os\u00f3b. Do ko\u015bcio\u0142a zegartowiczanie musz\u0105 uda\u0107 si\u0119 do s\u0105siedniej miejscowo\u015bci, bo u nich jest tylko kaplica. Ot, wie\u015b, jakich w Polsce wiele. Ale ta wyr\u00f3\u017cnia si\u0119 w spos\u00f3b znakomity \u2013 to tu na \u015bwiat przyszed\u0142 Rafa\u0142 Majka.<\/p>\n<p style=\"text-align: justify\">Od ma\u0142ego by\u0142 bardzo ambitny, bo&#8230; po prostu musia\u0142. Jako dziecko by\u0142 niewielkiego wzrostu i trudno by\u0142o znale\u017a\u0107 dla niego rower. Rafa\u0142ek jednak zacisn\u0105\u0142 z\u0119by i na niezbyt wygodnym sprz\u0119cie jako\u015b dawa\u0142 rad\u0119. I by\u0142o warto, bo dzi\u015b to producenci rower\u00f3w robi\u0105 wszystko, by Polak by\u0142 z ich sprz\u0119tu zadowolony. Dow\u00f3d? Na ostatni, niedzielny etap Tour de France rower Majki wymalowano w pi\u0119kne grochy, kt\u00f3re wyr\u00f3\u017cniaj\u0105 zwyci\u0119zc\u0119 klasyfikacji g\u00f3rskiej.<\/p>\n<p style=\"text-align: justify\">To jednak kolarstwo znalaz\u0142o Majk\u0119, a nie na odwr\u00f3t. Pewnego dnia do szko\u0142y Rafa\u0142a przyjecha\u0142 trener Zbigniew Kl\u0119k i zacz\u0105\u0142 zara\u017ca\u0107 m\u0142odzie\u017c t\u0105 pi\u0119kn\u0105 dyscyplin\u0105 sportu. Z czasem koledzy Majki rezygnowali, ale on po\u0142kn\u0105\u0142 bakcyla na dobre.<\/p>\n<p style=\"text-align: justify\">Cieszy\u0142 si\u0119 ka\u017cdym startem. Nie przejmowa\u0142 si\u0119, \u017ce spodenki by\u0142y za lu\u017ane, a koszulka wisia\u0142a. Nie zra\u017ca\u0142y go tak\u017ce upadki, czy wizyty na pogotowiu. Liczy\u0142o si\u0119 tylko jedno &#8211; jak najszybciej dotrze\u0107 do linii mety.<\/p>\n<p style=\"text-align: justify\"><strong>Lod\u00f3wka z szampanami<\/strong><\/p>\n<p style=\"text-align: justify\">Na kolarskie szczyty wdrapywa\u0142 si\u0119 powoli, bo na zaufanie musia\u0142 dopiero zapracowa\u0107. W 2013 r. by\u0142 drugim najlepszym m\u0142odzie\u017cowcem w Giro d&#8217;Italia, a w klasyfikacji generalnej zaj\u0105\u0142 si\u00f3dme miejsce. Rok p\u00f3\u017aniej us\u0142ysza\u0142 ju\u017c o nim ca\u0142y \u015bwiat, bo wygra\u0142 dwa etapy Tour de France, a do tego zosta\u0142 najlepszym g\u00f3ralem.<\/p>\n<p style=\"text-align: justify\">W 2015 r. by\u0142o trzecie miejsce w Vuelta a Espana, a teraz ponownie pewna wygrana w klasyfikacji g\u00f3rskiej Tour de France. \u201eGratulacje, to jest smak zwyci\u0119stwa\u201d &#8211; napisa\u0142 jeden z kibic\u00f3w Majki w komentarzu pod zdj\u0119ciem, kt\u00f3re wrzuci\u0142 Polak na Facebooka. Na fotografii widnia\u0142a lod\u00f3wka z szampanami, kt\u00f3re bezwzgl\u0119dnie si\u0119 Polakowi nale\u017ca\u0142y!<\/p>\n<p style=\"text-align: justify\">Gratulujemy!<\/p>\n<p style=\"text-align: justify\">\n","protected":false},"excerpt":{"rendered":"<p>Kiedy\u015b mia\u0142 problemy ze znalezieniem odpowiedniej wielko\u015bci roweru. Dzi\u015b ma tak\u0105 pozycj\u0119, \u017ce m\u00f3g\u0142by za\u017cyczy\u0107 sobie dwuko\u0142owca z klimatyzacj\u0105, rozk\u0142adanym [&hellip;]<\/p>\n","protected":false},"author":1,"featured_media":1570,"comment_status":"open","ping_status":"closed","sticky":false,"template":"","format":"standard","meta":{"footnotes":""},"categories":[1],"tags":[77],"global-categories":[],"class_list":["post-1569","post","type-post","status-publish","format-standard","has-post-thumbnail","hentry","category-uncategorized","tag-tour-de-france"],"yoast_head":"<!-- This site is optimized with the Yoast SEO Premium plugin v25.3 (Yoast SEO v25.9) - https:\/\/yoast.com\/wordpress\/plugins\/seo\/ -->\n<title>Rafa\u0142 Majka, czyli trwa polska bajka! - \u0160koda We Love Cycling - Poland<\/title>\n<meta name=\"robots\" content=\"index, follow, max-snippet:-1, max-image-preview:large, max-video-preview:-1\" \/>\n<link rel=\"canonical\" href=\"https:\/\/www.welovecycling.com\/pl\/2016\/07\/27\/rafal-majka-czyli-trwa-polska-bajka\/\" \/>\n<meta property=\"og:locale\" content=\"pl_PL\" \/>\n<meta property=\"og:type\" content=\"article\" \/>\n<meta property=\"og:title\" content=\"Rafa\u0142 Majka, czyli trwa polska bajka!\" \/>\n<meta property=\"og:description\" content=\"Kiedy\u015b mia\u0142 problemy ze znalezieniem odpowiedniej wielko\u015bci roweru. Dzi\u015b ma tak\u0105 pozycj\u0119, \u017ce m\u00f3g\u0142by za\u017cyczy\u0107 sobie dwuko\u0142owca z klimatyzacj\u0105, rozk\u0142adanym [&hellip;]\" \/>\n<meta property=\"og:url\" content=\"https:\/\/www.welovecycling.com\/pl\/2016\/07\/27\/rafal-majka-czyli-trwa-polska-bajka\/\" \/>\n<meta property=\"og:site_name\" content=\"\u0160koda We Love Cycling - Poland\" \/>\n<meta property=\"article:published_time\" content=\"2016-07-27T13:51:34+00:00\" \/>\n<meta property=\"article:modified_time\" content=\"2016-12-05T08:46:05+00:00\" \/>\n<meta property=\"og:image\" content=\"https:\/\/d2p6e6u75xmxt8.cloudfront.net\/5\/2016\/07\/20160724284_242000.jpg\" \/>\n\t<meta property=\"og:image:width\" content=\"1000\" \/>\n\t<meta property=\"og:image:height\" content=\"666\" \/>\n\t<meta property=\"og:image:type\" content=\"image\/jpeg\" \/>\n<meta name=\"author\" content=\"WeLoveCycling\" \/>\n<meta name=\"twitter:card\" content=\"summary_large_image\" \/>\n<meta name=\"twitter:label1\" content=\"Written by\" \/>\n\t<meta name=\"twitter:data1\" content=\"WeLoveCycling\" \/>\n\t<meta name=\"twitter:label2\" content=\"Est. reading time\" \/>\n\t<meta name=\"twitter:data2\" content=\"3 minutes\" \/>\n<script type=\"application\/ld+json\" class=\"yoast-schema-graph\">{\"@context\":\"https:\/\/schema.org\",\"@graph\":[{\"@type\":\"WebPage\",\"@id\":\"https:\/\/www.welovecycling.com\/pl\/2016\/07\/27\/rafal-majka-czyli-trwa-polska-bajka\/\",\"url\":\"https:\/\/www.welovecycling.com\/pl\/2016\/07\/27\/rafal-majka-czyli-trwa-polska-bajka\/\",\"name\":\"Rafa\u0142 Majka, czyli trwa polska bajka! - \u0160koda We Love Cycling - Poland\",\"isPartOf\":{\"@id\":\"https:\/\/www.welovecycling.com\/pl\/#website\"},\"primaryImageOfPage\":{\"@id\":\"https:\/\/www.welovecycling.com\/pl\/2016\/07\/27\/rafal-majka-czyli-trwa-polska-bajka\/#primaryimage\"},\"image\":{\"@id\":\"https:\/\/www.welovecycling.com\/pl\/2016\/07\/27\/rafal-majka-czyli-trwa-polska-bajka\/#primaryimage\"},\"thumbnailUrl\":\"https:\/\/d2p6e6u75xmxt8.cloudfront.net\/5\/2016\/07\/20160724284_242000.jpg\",\"datePublished\":\"2016-07-27T13:51:34+00:00\",\"dateModified\":\"2016-12-05T08:46:05+00:00\",\"author\":{\"@id\":\"https:\/\/www.welovecycling.com\/pl\/#\/schema\/person\/e5187c9cac8dd619ebc7b41bd73c2fd9\"},\"breadcrumb\":{\"@id\":\"https:\/\/www.welovecycling.com\/pl\/2016\/07\/27\/rafal-majka-czyli-trwa-polska-bajka\/#breadcrumb\"},\"inLanguage\":\"pl-PL\",\"potentialAction\":[{\"@type\":\"ReadAction\",\"target\":[\"https:\/\/www.welovecycling.com\/pl\/2016\/07\/27\/rafal-majka-czyli-trwa-polska-bajka\/\"]}]},{\"@type\":\"ImageObject\",\"inLanguage\":\"pl-PL\",\"@id\":\"https:\/\/www.welovecycling.com\/pl\/2016\/07\/27\/rafal-majka-czyli-trwa-polska-bajka\/#primaryimage\",\"url\":\"https:\/\/d2p6e6u75xmxt8.cloudfront.net\/5\/2016\/07\/20160724284_242000.jpg\",\"contentUrl\":\"https:\/\/d2p6e6u75xmxt8.cloudfront.net\/5\/2016\/07\/20160724284_242000.jpg\",\"width\":1000,\"height\":666},{\"@type\":\"BreadcrumbList\",\"@id\":\"https:\/\/www.welovecycling.com\/pl\/2016\/07\/27\/rafal-majka-czyli-trwa-polska-bajka\/#breadcrumb\",\"itemListElement\":[{\"@type\":\"ListItem\",\"position\":1,\"name\":\"Home\",\"item\":\"https:\/\/www.welovecycling.com\/pl\/\"},{\"@type\":\"ListItem\",\"position\":2,\"name\":\"Rafa\u0142 Majka, czyli trwa polska bajka!\"}]},{\"@type\":\"WebSite\",\"@id\":\"https:\/\/www.welovecycling.com\/pl\/#website\",\"url\":\"https:\/\/www.welovecycling.com\/pl\/\",\"name\":\"\u0160koda We Love Cycling - Poland\",\"description\":\"\",\"potentialAction\":[{\"@type\":\"SearchAction\",\"target\":{\"@type\":\"EntryPoint\",\"urlTemplate\":\"https:\/\/www.welovecycling.com\/pl\/?s={search_term_string}\"},\"query-input\":{\"@type\":\"PropertyValueSpecification\",\"valueRequired\":true,\"valueName\":\"search_term_string\"}}],\"inLanguage\":\"pl-PL\"},{\"@type\":\"Person\",\"@id\":\"https:\/\/www.welovecycling.com\/pl\/#\/schema\/person\/e5187c9cac8dd619ebc7b41bd73c2fd9\",\"name\":\"WeLoveCycling\",\"image\":{\"@type\":\"ImageObject\",\"inLanguage\":\"pl-PL\",\"@id\":\"https:\/\/www.welovecycling.com\/pl\/#\/schema\/person\/image\/\",\"url\":\"https:\/\/secure.gravatar.com\/avatar\/7e1ee0ecc5e294b19ef32b9f6086e0afbb9da00c3cb0d465ba4695331f4a9187?s=96&d=mm&r=g\",\"contentUrl\":\"https:\/\/secure.gravatar.com\/avatar\/7e1ee0ecc5e294b19ef32b9f6086e0afbb9da00c3cb0d465ba4695331f4a9187?s=96&d=mm&r=g\",\"caption\":\"WeLoveCycling\"},\"url\":\"https:\/\/www.welovecycling.com\/pl\/author\/lukascech\/\"}]}<\/script>\n<!-- \/ Yoast SEO Premium plugin. -->","yoast_head_json":{"title":"Rafa\u0142 Majka, czyli trwa polska bajka! - \u0160koda We Love Cycling - Poland","robots":{"index":"index","follow":"follow","max-snippet":"max-snippet:-1","max-image-preview":"max-image-preview:large","max-video-preview":"max-video-preview:-1"},"canonical":"https:\/\/www.welovecycling.com\/pl\/2016\/07\/27\/rafal-majka-czyli-trwa-polska-bajka\/","og_locale":"pl_PL","og_type":"article","og_title":"Rafa\u0142 Majka, czyli trwa polska bajka!","og_description":"Kiedy\u015b mia\u0142 problemy ze znalezieniem odpowiedniej wielko\u015bci roweru. Dzi\u015b ma tak\u0105 pozycj\u0119, \u017ce m\u00f3g\u0142by za\u017cyczy\u0107 sobie dwuko\u0142owca z klimatyzacj\u0105, rozk\u0142adanym [&hellip;]","og_url":"https:\/\/www.welovecycling.com\/pl\/2016\/07\/27\/rafal-majka-czyli-trwa-polska-bajka\/","og_site_name":"\u0160koda We Love Cycling - Poland","article_published_time":"2016-07-27T13:51:34+00:00","article_modified_time":"2016-12-05T08:46:05+00:00","og_image":[{"width":1000,"height":666,"url":"https:\/\/d2p6e6u75xmxt8.cloudfront.net\/5\/2016\/07\/20160724284_242000.jpg","type":"image\/jpeg"}],"author":"WeLoveCycling","twitter_card":"summary_large_image","twitter_misc":{"Written by":"WeLoveCycling","Est. reading time":"3 minutes"},"schema":{"@context":"https:\/\/schema.org","@graph":[{"@type":"WebPage","@id":"https:\/\/www.welovecycling.com\/pl\/2016\/07\/27\/rafal-majka-czyli-trwa-polska-bajka\/","url":"https:\/\/www.welovecycling.com\/pl\/2016\/07\/27\/rafal-majka-czyli-trwa-polska-bajka\/","name":"Rafa\u0142 Majka, czyli trwa polska bajka! - \u0160koda We Love Cycling - Poland","isPartOf":{"@id":"https:\/\/www.welovecycling.com\/pl\/#website"},"primaryImageOfPage":{"@id":"https:\/\/www.welovecycling.com\/pl\/2016\/07\/27\/rafal-majka-czyli-trwa-polska-bajka\/#primaryimage"},"image":{"@id":"https:\/\/www.welovecycling.com\/pl\/2016\/07\/27\/rafal-majka-czyli-trwa-polska-bajka\/#primaryimage"},"thumbnailUrl":"https:\/\/d2p6e6u75xmxt8.cloudfront.net\/5\/2016\/07\/20160724284_242000.jpg","datePublished":"2016-07-27T13:51:34+00:00","dateModified":"2016-12-05T08:46:05+00:00","author":{"@id":"https:\/\/www.welovecycling.com\/pl\/#\/schema\/person\/e5187c9cac8dd619ebc7b41bd73c2fd9"},"breadcrumb":{"@id":"https:\/\/www.welovecycling.com\/pl\/2016\/07\/27\/rafal-majka-czyli-trwa-polska-bajka\/#breadcrumb"},"inLanguage":"pl-PL","potentialAction":[{"@type":"ReadAction","target":["https:\/\/www.welovecycling.com\/pl\/2016\/07\/27\/rafal-majka-czyli-trwa-polska-bajka\/"]}]},{"@type":"ImageObject","inLanguage":"pl-PL","@id":"https:\/\/www.welovecycling.com\/pl\/2016\/07\/27\/rafal-majka-czyli-trwa-polska-bajka\/#primaryimage","url":"https:\/\/d2p6e6u75xmxt8.cloudfront.net\/5\/2016\/07\/20160724284_242000.jpg","contentUrl":"https:\/\/d2p6e6u75xmxt8.cloudfront.net\/5\/2016\/07\/20160724284_242000.jpg","width":1000,"height":666},{"@type":"BreadcrumbList","@id":"https:\/\/www.welovecycling.com\/pl\/2016\/07\/27\/rafal-majka-czyli-trwa-polska-bajka\/#breadcrumb","itemListElement":[{"@type":"ListItem","position":1,"name":"Home","item":"https:\/\/www.welovecycling.com\/pl\/"},{"@type":"ListItem","position":2,"name":"Rafa\u0142 Majka, czyli trwa polska bajka!"}]},{"@type":"WebSite","@id":"https:\/\/www.welovecycling.com\/pl\/#website","url":"https:\/\/www.welovecycling.com\/pl\/","name":"\u0160koda We Love Cycling - Poland","description":"","potentialAction":[{"@type":"SearchAction","target":{"@type":"EntryPoint","urlTemplate":"https:\/\/www.welovecycling.com\/pl\/?s={search_term_string}"},"query-input":{"@type":"PropertyValueSpecification","valueRequired":true,"valueName":"search_term_string"}}],"inLanguage":"pl-PL"},{"@type":"Person","@id":"https:\/\/www.welovecycling.com\/pl\/#\/schema\/person\/e5187c9cac8dd619ebc7b41bd73c2fd9","name":"WeLoveCycling","image":{"@type":"ImageObject","inLanguage":"pl-PL","@id":"https:\/\/www.welovecycling.com\/pl\/#\/schema\/person\/image\/","url":"https:\/\/secure.gravatar.com\/avatar\/7e1ee0ecc5e294b19ef32b9f6086e0afbb9da00c3cb0d465ba4695331f4a9187?s=96&d=mm&r=g","contentUrl":"https:\/\/secure.gravatar.com\/avatar\/7e1ee0ecc5e294b19ef32b9f6086e0afbb9da00c3cb0d465ba4695331f4a9187?s=96&d=mm&r=g","caption":"WeLoveCycling"},"url":"https:\/\/www.welovecycling.com\/pl\/author\/lukascech\/"}]}},"_links":{"self":[{"href":"https:\/\/www.welovecycling.com\/pl\/wp-json\/wp\/v2\/posts\/1569","targetHints":{"allow":["GET"]}}],"collection":[{"href":"https:\/\/www.welovecycling.com\/pl\/wp-json\/wp\/v2\/posts"}],"about":[{"href":"https:\/\/www.welovecycling.com\/pl\/wp-json\/wp\/v2\/types\/post"}],"author":[{"embeddable":true,"href":"https:\/\/www.welovecycling.com\/pl\/wp-json\/wp\/v2\/users\/1"}],"replies":[{"embeddable":true,"href":"https:\/\/www.welovecycling.com\/pl\/wp-json\/wp\/v2\/comments?post=1569"}],"version-history":[{"count":1,"href":"https:\/\/www.welovecycling.com\/pl\/wp-json\/wp\/v2\/posts\/1569\/revisions"}],"predecessor-version":[{"id":2405,"href":"https:\/\/www.welovecycling.com\/pl\/wp-json\/wp\/v2\/posts\/1569\/revisions\/2405"}],"wp:featuredmedia":[{"embeddable":true,"href":"https:\/\/www.welovecycling.com\/pl\/wp-json\/wp\/v2\/media\/1570"}],"wp:attachment":[{"href":"https:\/\/www.welovecycling.com\/pl\/wp-json\/wp\/v2\/media?parent=1569"}],"wp:term":[{"taxonomy":"category","embeddable":true,"href":"https:\/\/www.welovecycling.com\/pl\/wp-json\/wp\/v2\/categories?post=1569"},{"taxonomy":"post_tag","embeddable":true,"href":"https:\/\/www.welovecycling.com\/pl\/wp-json\/wp\/v2\/tags?post=1569"},{"taxonomy":"global-categories","embeddable":true,"href":"https:\/\/www.welovecycling.com\/pl\/wp-json\/wp\/v2\/global-categories?post=1569"}],"curies":[{"name":"wp","href":"https:\/\/api.w.org\/{rel}","templated":true}]}}