{"id":15683,"date":"2024-08-07T09:46:49","date_gmt":"2024-08-07T09:46:49","guid":{"rendered":"https:\/\/www.welovecycling.com\/pl\/?p=15683"},"modified":"2024-08-07T09:46:49","modified_gmt":"2024-08-07T09:46:49","slug":"test-elektrycznego-skladaka-wycieczka-po-opolu","status":"publish","type":"post","link":"https:\/\/www.welovecycling.com\/pl\/2024\/08\/07\/test-elektrycznego-skladaka-wycieczka-po-opolu\/","title":{"rendered":"Test elektrycznego sk\u0142adaka \u2013 wycieczka po Opolu"},"content":{"rendered":"<p><strong>Jakie by\u0142oby nasze \u017cycie bez nowych smak\u00f3w, dozna\u0144 i przyg\u00f3d? Nudne i mia\u0142kie, dlatego dzisiaj zapraszam Was na kr\u00f3tk\u0105 wycieczk\u0119 po Opolu \u2013 Stolicy Polskiej Piosenki.<\/strong><\/p>\n<p>Do tego celu wypo\u017cyczy\u0142em w popularnej sieci sklep\u00f3w sportowych rower \u2013 elektryczny model sk\u0142adany. A co \u2013 jak nowo\u015bci, to niech b\u0119dzie ich jak najwi\u0119cej. Przy okazji chcia\u0142em sprawdzi\u0107 funkcjonalno\u015b\u0107 i kompaktowo\u015b\u0107 tego typu jedno\u015blad\u00f3w. Szczerze m\u00f3wi\u0105c, jestem mi\u0142o zaskoczony, gdy\u017c po pe\u0142nym z\u0142o\u017ceniu wybrany przeze mnie rower by\u0142 mniej wi\u0119cej wielko\u015bci ko\u0142a samochodowego. Po roz\u0142o\u017ceniu osoba o moim wzro\u015bcie, a mam ponad 180 cm, z powodzeniem i w pe\u0142nym komforcie mo\u017ce na nim je\u017adzi\u0107. Dzi\u0119ki specjalnej torbie podr\u00f3\u017cnej sk\u0142adaka mo\u017cna traktowa\u0107 jako baga\u017c i wygodnie przewozi\u0107 poci\u0105giem. A gdy ju\u017c dotrzemy na miejsce, wspomaganie elektryczne na pewno bardziej pomaga, ni\u017c przeszkadza w zwiedzaniu. My\u015bl\u0119, \u017ce je\u017cd\u017c\u0105c spokojnie po mie\u015bcie i co chwil\u0119 zatrzymuj\u0105c si\u0119, by co\u015b zobaczy\u0107 czy zrobi\u0107 zdj\u0119cie, mo\u017cemy bez wi\u0119kszego problemu nakr\u0119ci\u0107 nawet 100 km.<\/p>\n<p><a href=\"https:\/\/d2p6e6u75xmxt8.cloudfront.net\/5\/2024\/07\/kolaz-1-scaled.webp\"><img loading=\"lazy\" decoding=\"async\" class=\"alignnone size-extra-large wp-image-15685\" src=\"https:\/\/d2p6e6u75xmxt8.cloudfront.net\/5\/2024\/07\/kolaz-1-1920x1920.webp\" alt=\"\" width=\"1920\" height=\"1920\" srcset=\"https:\/\/d2p6e6u75xmxt8.cloudfront.net\/5\/2024\/07\/kolaz-1-1920x1920.webp 1920w, https:\/\/d2p6e6u75xmxt8.cloudfront.net\/5\/2024\/07\/kolaz-1-300x300.webp 300w, https:\/\/d2p6e6u75xmxt8.cloudfront.net\/5\/2024\/07\/kolaz-1-1024x1024.webp 1024w, https:\/\/d2p6e6u75xmxt8.cloudfront.net\/5\/2024\/07\/kolaz-1-150x150.webp 150w, https:\/\/d2p6e6u75xmxt8.cloudfront.net\/5\/2024\/07\/kolaz-1-768x768.webp 768w, https:\/\/d2p6e6u75xmxt8.cloudfront.net\/5\/2024\/07\/kolaz-1-1536x1536.webp 1536w, https:\/\/d2p6e6u75xmxt8.cloudfront.net\/5\/2024\/07\/kolaz-1-2048x2048.webp 2048w, https:\/\/d2p6e6u75xmxt8.cloudfront.net\/5\/2024\/07\/kolaz-1-400x400.webp 400w, https:\/\/d2p6e6u75xmxt8.cloudfront.net\/5\/2024\/07\/kolaz-1-1920x1920.webp 1920w\" sizes=\"auto, (max-width: 1920px) 100vw, 1920px\" \/><\/a><\/p>\n<p>Gdy ju\u017c postanowi\u0142em, \u017ce na wycieczk\u0119 wybior\u0119 si\u0119 do Opola, do ostatniej chwili zastanawia\u0142em si\u0119, jak tam dojecha\u0107 \u2013 rozwa\u017ca\u0142em poci\u0105g lub samoch\u00f3d. Dzie\u0144 przed wyjazdem wpad\u0142em nawet na pomys\u0142, kt\u00f3ry jednak sam sobie szybko wybi\u0142em z g\u0142owy, \u017ceby przynajmniej w jedn\u0105 stron\u0119 pojecha\u0107 rowerem, ok. 100 km. Ostatecznie pad\u0142o na samoch\u00f3d, gdy\u017c prosto z Opola musia\u0142em podjecha\u0107 do wypo\u017cyczalni.<\/p>\n<p>Rower w du\u017cym baga\u017cniku \u0160kody Superb zajmowa\u0142 naprawd\u0119 ma\u0142o miejsca. Sama podr\u00f3\u017c by\u0142a kr\u00f3tka, a p\u00f3\u017aniej ju\u017c zosta\u0142o tylko zwiedzanie. Wst\u0119pnie Opole pozna\u0142em w zesz\u0142ym roku, gdy szykowa\u0142em si\u0119 do transmisji z Tour de Pologne, bo to w\u0142a\u015bnie tutaj ko\u0144czy\u0142 si\u0119 jeden z etap\u00f3w. Jednak wtedy to by\u0142 wy\u015bcig z czasem, a teraz mia\u0142em od samego rana totalny spok\u00f3j.<\/p>\n<p><a href=\"https:\/\/d2p6e6u75xmxt8.cloudfront.net\/5\/2024\/07\/kolaz-2-scaled.webp\"><img loading=\"lazy\" decoding=\"async\" class=\"alignnone size-extra-large wp-image-15686\" src=\"https:\/\/d2p6e6u75xmxt8.cloudfront.net\/5\/2024\/07\/kolaz-2-1920x1920.webp\" alt=\"\" width=\"1920\" height=\"1920\" srcset=\"https:\/\/d2p6e6u75xmxt8.cloudfront.net\/5\/2024\/07\/kolaz-2-1920x1920.webp 1920w, https:\/\/d2p6e6u75xmxt8.cloudfront.net\/5\/2024\/07\/kolaz-2-300x300.webp 300w, https:\/\/d2p6e6u75xmxt8.cloudfront.net\/5\/2024\/07\/kolaz-2-1024x1024.webp 1024w, https:\/\/d2p6e6u75xmxt8.cloudfront.net\/5\/2024\/07\/kolaz-2-150x150.webp 150w, https:\/\/d2p6e6u75xmxt8.cloudfront.net\/5\/2024\/07\/kolaz-2-768x768.webp 768w, https:\/\/d2p6e6u75xmxt8.cloudfront.net\/5\/2024\/07\/kolaz-2-1536x1536.webp 1536w, https:\/\/d2p6e6u75xmxt8.cloudfront.net\/5\/2024\/07\/kolaz-2-2048x2048.webp 2048w, https:\/\/d2p6e6u75xmxt8.cloudfront.net\/5\/2024\/07\/kolaz-2-400x400.webp 400w, https:\/\/d2p6e6u75xmxt8.cloudfront.net\/5\/2024\/07\/kolaz-2-1920x1920.webp 1920w\" sizes=\"auto, (max-width: 1920px) 100vw, 1920px\" \/><\/a><\/p>\n<p>Opole to miasto, kt\u00f3re zmieni\u0142o si\u0119 w ostatnich latach, dzi\u0119ki czemu znajdziemy tutaj wiele miejsc wartych odwiedzenia. Pi\u0119knie odnowiony zosta\u0142 dworzec PKP i jego okolica, je\u015bli wi\u0119c wybierzecie opcj\u0119 przyjazdu poci\u0105giem, to powita Was zielony teren z atrakcjami dla najm\u0142odszych. W\u015br\u00f3d nich s\u0105 mi\u0119dzy innymi kr\u0119te \u015bcie\u017cki idealne do jazdy na rolkach czy hulajnogach, trampoliny, siatka wspinaczkowa, a nawet stary parow\u00f3z, kt\u00f3ry robi ogromne wra\u017cenie i mo\u017cna go dotkn\u0105\u0107. Dalej jest tylko lepiej: mo\u017cemy poje\u017adzi\u0107 bardzo przyjemnie zacienionymi \u015bcie\u017ckami rowerowymi wzd\u0142u\u017c kana\u0142u M\u0142yn\u00f3wka i dalej Odry, przejecha\u0107 kultowy most Groszowy \u0142\u0105cz\u0105cy cz\u0119\u015b\u0107 sta\u0142\u0105 miasta z wysp\u0105 Pasieka i zwiedzi\u0107 rynek, na kt\u00f3rym warto zobaczy\u0107 Alej\u0119 Gwiazd Polskiej Piosenki.<\/p>\n<p>Przygoda ze sk\u0142adanym rowerem \u2013 tym razem w wydaniu elektrycznym \u2013 nie by\u0142a d\u0142uga, jednak warto doceni\u0107 jego funkcjonalno\u015b\u0107 i wygod\u0119. Z podobnym rozwi\u0105zaniem spotka\u0142em si\u0119 kilka lat temu, gdy by\u0142em na Tour de France z ekip\u0105 Eurosport wspieran\u0105 przez \u0160koda Polska. Bardzo cz\u0119sto obserwowa\u0142em, jak Matt Stephens, by\u0142y brytyjski kolarz, a w\u00f3wczas komentator, je\u017adzi rano lub po wy\u015bcigu w\u0142a\u015bnie na takim rowerze. Jak sam mi wtedy m\u00f3wi\u0142, tradycyjnej wielko\u015bci pojazd trudno by\u0142oby mu ze sob\u0105 wozi\u0107 z etapu na etap, a na tym r\u00f3wnie\u017c mo\u017cna fajnie poje\u017adzi\u0107 dla samego siebie i dla zdrowia. I cho\u0107 ja wtedy wybra\u0142em bieganie, to teraz, po do\u015bwiadczeniach z Opola, by\u0107 mo\u017ce m\u00f3j wyb\u00f3r by\u0142by inny.<\/p>\n<p><span data-sheets-value=\"{&quot;1&quot;:2,&quot;2&quot;:&quot;Artyku\u0142 powsta\u0142 we wsp\u00f3\u0142pracy ze skoda-auto.pl&quot;}\" data-sheets-userformat=\"{&quot;2&quot;:1,&quot;3&quot;:{&quot;1&quot;:0}}\" data-sheets-hyperlink=\"http:\/\/www.skoda-auto.pl\/\"><a class=\"in-cell-link\" href=\"http:\/\/www.skoda-auto.pl\/\" target=\"_blank\" rel=\"noopener\">Artyku\u0142 powsta\u0142 we wsp\u00f3\u0142pracy ze skoda-auto.pl<\/a><\/span><\/p>\n<p><a href=\"https:\/\/d2p6e6u75xmxt8.cloudfront.net\/5\/2030\/11\/1.webp\"><img loading=\"lazy\" decoding=\"async\" class=\"size-full wp-image-13777 aligncenter\" src=\"https:\/\/d2p6e6u75xmxt8.cloudfront.net\/5\/2030\/11\/1.webp\" alt=\"\" width=\"640\" height=\"350\" srcset=\"https:\/\/d2p6e6u75xmxt8.cloudfront.net\/5\/2030\/11\/1.webp 640w, https:\/\/d2p6e6u75xmxt8.cloudfront.net\/5\/2030\/11\/1-300x164.webp 300w, https:\/\/d2p6e6u75xmxt8.cloudfront.net\/5\/2030\/11\/1-400x219.webp 400w\" sizes=\"auto, (max-width: 640px) 100vw, 640px\" \/><\/a><\/p>\n","protected":false},"excerpt":{"rendered":"<p>Jakie by\u0142oby nasze \u017cycie bez nowych smak\u00f3w, dozna\u0144 i przyg\u00f3d? Nudne i mia\u0142kie, dlatego dzisiaj zapraszam Was na kr\u00f3tk\u0105 wycieczk\u0119 [&hellip;]<\/p>\n","protected":false},"author":187,"featured_media":15684,"comment_status":"open","ping_status":"open","sticky":false,"template":"","format":"standard","meta":{"footnotes":""},"categories":[203],"tags":[108,386,89,191,404],"global-categories":[303],"class_list":["post-15683","post","type-post","status-publish","format-standard","has-post-thumbnail","hentry","category-bartosz-huzarski","tag-bartosz-huzarski","tag-podroz","tag-podroze","tag-skoda","tag-skodapolska","global-categories-cycling"],"yoast_head":"<!-- This site is optimized with the Yoast SEO Premium plugin v25.3 (Yoast SEO v25.9) - https:\/\/yoast.com\/wordpress\/plugins\/seo\/ -->\n<title>Test elektrycznego sk\u0142adaka \u2013 wycieczka po Opolu - \u0160koda We Love Cycling - Poland<\/title>\n<meta name=\"robots\" content=\"index, follow, max-snippet:-1, max-image-preview:large, max-video-preview:-1\" \/>\n<link rel=\"canonical\" href=\"https:\/\/www.welovecycling.com\/pl\/2024\/08\/07\/test-elektrycznego-skladaka-wycieczka-po-opolu\/\" \/>\n<meta property=\"og:locale\" content=\"pl_PL\" \/>\n<meta property=\"og:type\" content=\"article\" \/>\n<meta property=\"og:title\" content=\"Test elektrycznego sk\u0142adaka \u2013 wycieczka po Opolu\" \/>\n<meta property=\"og:description\" content=\"Jakie by\u0142oby nasze \u017cycie bez nowych smak\u00f3w, dozna\u0144 i przyg\u00f3d? Nudne i mia\u0142kie, dlatego dzisiaj zapraszam Was na kr\u00f3tk\u0105 wycieczk\u0119 [&hellip;]\" \/>\n<meta property=\"og:url\" content=\"https:\/\/www.welovecycling.com\/pl\/2024\/08\/07\/test-elektrycznego-skladaka-wycieczka-po-opolu\/\" \/>\n<meta property=\"og:site_name\" content=\"\u0160koda We Love Cycling - Poland\" \/>\n<meta property=\"article:published_time\" content=\"2024-08-07T09:46:49+00:00\" \/>\n<meta property=\"og:image\" content=\"https:\/\/d2p6e6u75xmxt8.cloudfront.net\/5\/2024\/07\/bh-57-scaled.webp\" \/>\n\t<meta property=\"og:image:width\" content=\"2560\" \/>\n\t<meta property=\"og:image:height\" content=\"1707\" \/>\n\t<meta property=\"og:image:type\" content=\"image\/webp\" \/>\n<meta name=\"author\" content=\"konradbobrowski\" \/>\n<meta name=\"twitter:card\" content=\"summary_large_image\" \/>\n<meta name=\"twitter:label1\" content=\"Written by\" \/>\n\t<meta name=\"twitter:data1\" content=\"Bartosz Huzarski\" \/>\n\t<meta name=\"twitter:label2\" content=\"Est. reading time\" \/>\n\t<meta name=\"twitter:data2\" content=\"4\" \/>\n<script type=\"application\/ld+json\" class=\"yoast-schema-graph\">{\"@context\":\"https:\/\/schema.org\",\"@graph\":[{\"@type\":\"WebPage\",\"@id\":\"https:\/\/www.welovecycling.com\/pl\/2024\/08\/07\/test-elektrycznego-skladaka-wycieczka-po-opolu\/\",\"url\":\"https:\/\/www.welovecycling.com\/pl\/2024\/08\/07\/test-elektrycznego-skladaka-wycieczka-po-opolu\/\",\"name\":\"Test elektrycznego sk\u0142adaka \u2013 wycieczka po Opolu - \u0160koda We Love Cycling - Poland\",\"isPartOf\":{\"@id\":\"https:\/\/www.welovecycling.com\/pl\/#website\"},\"primaryImageOfPage\":{\"@id\":\"https:\/\/www.welovecycling.com\/pl\/2024\/08\/07\/test-elektrycznego-skladaka-wycieczka-po-opolu\/#primaryimage\"},\"image\":{\"@id\":\"https:\/\/www.welovecycling.com\/pl\/2024\/08\/07\/test-elektrycznego-skladaka-wycieczka-po-opolu\/#primaryimage\"},\"thumbnailUrl\":\"https:\/\/d2p6e6u75xmxt8.cloudfront.net\/5\/2024\/07\/bh-57-scaled.webp\",\"datePublished\":\"2024-08-07T09:46:49+00:00\",\"author\":{\"@id\":\"https:\/\/www.welovecycling.com\/pl\/#\/schema\/person\/e551e469d0b17f4e0b87f3f4fa8fc0f2\"},\"breadcrumb\":{\"@id\":\"https:\/\/www.welovecycling.com\/pl\/2024\/08\/07\/test-elektrycznego-skladaka-wycieczka-po-opolu\/#breadcrumb\"},\"inLanguage\":\"pl-PL\",\"potentialAction\":[{\"@type\":\"ReadAction\",\"target\":[\"https:\/\/www.welovecycling.com\/pl\/2024\/08\/07\/test-elektrycznego-skladaka-wycieczka-po-opolu\/\"]}]},{\"@type\":\"ImageObject\",\"inLanguage\":\"pl-PL\",\"@id\":\"https:\/\/www.welovecycling.com\/pl\/2024\/08\/07\/test-elektrycznego-skladaka-wycieczka-po-opolu\/#primaryimage\",\"url\":\"https:\/\/d2p6e6u75xmxt8.cloudfront.net\/5\/2024\/07\/bh-57-scaled.webp\",\"contentUrl\":\"https:\/\/d2p6e6u75xmxt8.cloudfront.net\/5\/2024\/07\/bh-57-scaled.webp\",\"width\":2560,\"height\":1707},{\"@type\":\"BreadcrumbList\",\"@id\":\"https:\/\/www.welovecycling.com\/pl\/2024\/08\/07\/test-elektrycznego-skladaka-wycieczka-po-opolu\/#breadcrumb\",\"itemListElement\":[{\"@type\":\"ListItem\",\"position\":1,\"name\":\"Home\",\"item\":\"https:\/\/www.welovecycling.com\/pl\/\"},{\"@type\":\"ListItem\",\"position\":2,\"name\":\"Test elektrycznego sk\u0142adaka \u2013 wycieczka po Opolu\"}]},{\"@type\":\"WebSite\",\"@id\":\"https:\/\/www.welovecycling.com\/pl\/#website\",\"url\":\"https:\/\/www.welovecycling.com\/pl\/\",\"name\":\"\u0160koda We Love Cycling - Poland\",\"description\":\"\",\"potentialAction\":[{\"@type\":\"SearchAction\",\"target\":{\"@type\":\"EntryPoint\",\"urlTemplate\":\"https:\/\/www.welovecycling.com\/pl\/?s={search_term_string}\"},\"query-input\":{\"@type\":\"PropertyValueSpecification\",\"valueRequired\":true,\"valueName\":\"search_term_string\"}}],\"inLanguage\":\"pl-PL\"},{\"@type\":\"Person\",\"@id\":\"https:\/\/www.welovecycling.com\/pl\/#\/schema\/person\/e551e469d0b17f4e0b87f3f4fa8fc0f2\",\"name\":\"konradbobrowski\",\"image\":{\"@type\":\"ImageObject\",\"inLanguage\":\"pl-PL\",\"@id\":\"https:\/\/www.welovecycling.com\/pl\/#\/schema\/person\/image\/\",\"url\":\"https:\/\/secure.gravatar.com\/avatar\/91ac5a8cb4a26d3b32dc77b5e6d46616cf6adf425879538f5e5d7e4ef2333a4c?s=96&d=mm&r=g\",\"contentUrl\":\"https:\/\/secure.gravatar.com\/avatar\/91ac5a8cb4a26d3b32dc77b5e6d46616cf6adf425879538f5e5d7e4ef2333a4c?s=96&d=mm&r=g\",\"caption\":\"konradbobrowski\"},\"url\":\"https:\/\/www.welovecycling.com\/pl\/author\/konradbobrowski\/\"}]}<\/script>\n<!-- \/ Yoast SEO Premium plugin. -->","yoast_head_json":{"title":"Test elektrycznego sk\u0142adaka \u2013 wycieczka po Opolu - \u0160koda We Love Cycling - Poland","robots":{"index":"index","follow":"follow","max-snippet":"max-snippet:-1","max-image-preview":"max-image-preview:large","max-video-preview":"max-video-preview:-1"},"canonical":"https:\/\/www.welovecycling.com\/pl\/2024\/08\/07\/test-elektrycznego-skladaka-wycieczka-po-opolu\/","og_locale":"pl_PL","og_type":"article","og_title":"Test elektrycznego sk\u0142adaka \u2013 wycieczka po Opolu","og_description":"Jakie by\u0142oby nasze \u017cycie bez nowych smak\u00f3w, dozna\u0144 i przyg\u00f3d? Nudne i mia\u0142kie, dlatego dzisiaj zapraszam Was na kr\u00f3tk\u0105 wycieczk\u0119 [&hellip;]","og_url":"https:\/\/www.welovecycling.com\/pl\/2024\/08\/07\/test-elektrycznego-skladaka-wycieczka-po-opolu\/","og_site_name":"\u0160koda We Love Cycling - Poland","article_published_time":"2024-08-07T09:46:49+00:00","og_image":[{"width":2560,"height":1707,"url":"https:\/\/d2p6e6u75xmxt8.cloudfront.net\/5\/2024\/07\/bh-57-scaled.webp","type":"image\/webp"}],"author":"konradbobrowski","twitter_card":"summary_large_image","twitter_misc":{"Written by":"Bartosz Huzarski","Est. reading time":"4"},"schema":{"@context":"https:\/\/schema.org","@graph":[{"@type":"WebPage","@id":"https:\/\/www.welovecycling.com\/pl\/2024\/08\/07\/test-elektrycznego-skladaka-wycieczka-po-opolu\/","url":"https:\/\/www.welovecycling.com\/pl\/2024\/08\/07\/test-elektrycznego-skladaka-wycieczka-po-opolu\/","name":"Test elektrycznego sk\u0142adaka \u2013 wycieczka po Opolu - \u0160koda We Love Cycling - Poland","isPartOf":{"@id":"https:\/\/www.welovecycling.com\/pl\/#website"},"primaryImageOfPage":{"@id":"https:\/\/www.welovecycling.com\/pl\/2024\/08\/07\/test-elektrycznego-skladaka-wycieczka-po-opolu\/#primaryimage"},"image":{"@id":"https:\/\/www.welovecycling.com\/pl\/2024\/08\/07\/test-elektrycznego-skladaka-wycieczka-po-opolu\/#primaryimage"},"thumbnailUrl":"https:\/\/d2p6e6u75xmxt8.cloudfront.net\/5\/2024\/07\/bh-57-scaled.webp","datePublished":"2024-08-07T09:46:49+00:00","author":{"@id":"https:\/\/www.welovecycling.com\/pl\/#\/schema\/person\/e551e469d0b17f4e0b87f3f4fa8fc0f2"},"breadcrumb":{"@id":"https:\/\/www.welovecycling.com\/pl\/2024\/08\/07\/test-elektrycznego-skladaka-wycieczka-po-opolu\/#breadcrumb"},"inLanguage":"pl-PL","potentialAction":[{"@type":"ReadAction","target":["https:\/\/www.welovecycling.com\/pl\/2024\/08\/07\/test-elektrycznego-skladaka-wycieczka-po-opolu\/"]}]},{"@type":"ImageObject","inLanguage":"pl-PL","@id":"https:\/\/www.welovecycling.com\/pl\/2024\/08\/07\/test-elektrycznego-skladaka-wycieczka-po-opolu\/#primaryimage","url":"https:\/\/d2p6e6u75xmxt8.cloudfront.net\/5\/2024\/07\/bh-57-scaled.webp","contentUrl":"https:\/\/d2p6e6u75xmxt8.cloudfront.net\/5\/2024\/07\/bh-57-scaled.webp","width":2560,"height":1707},{"@type":"BreadcrumbList","@id":"https:\/\/www.welovecycling.com\/pl\/2024\/08\/07\/test-elektrycznego-skladaka-wycieczka-po-opolu\/#breadcrumb","itemListElement":[{"@type":"ListItem","position":1,"name":"Home","item":"https:\/\/www.welovecycling.com\/pl\/"},{"@type":"ListItem","position":2,"name":"Test elektrycznego sk\u0142adaka \u2013 wycieczka po Opolu"}]},{"@type":"WebSite","@id":"https:\/\/www.welovecycling.com\/pl\/#website","url":"https:\/\/www.welovecycling.com\/pl\/","name":"\u0160koda We Love Cycling - Poland","description":"","potentialAction":[{"@type":"SearchAction","target":{"@type":"EntryPoint","urlTemplate":"https:\/\/www.welovecycling.com\/pl\/?s={search_term_string}"},"query-input":{"@type":"PropertyValueSpecification","valueRequired":true,"valueName":"search_term_string"}}],"inLanguage":"pl-PL"},{"@type":"Person","@id":"https:\/\/www.welovecycling.com\/pl\/#\/schema\/person\/e551e469d0b17f4e0b87f3f4fa8fc0f2","name":"konradbobrowski","image":{"@type":"ImageObject","inLanguage":"pl-PL","@id":"https:\/\/www.welovecycling.com\/pl\/#\/schema\/person\/image\/","url":"https:\/\/secure.gravatar.com\/avatar\/91ac5a8cb4a26d3b32dc77b5e6d46616cf6adf425879538f5e5d7e4ef2333a4c?s=96&d=mm&r=g","contentUrl":"https:\/\/secure.gravatar.com\/avatar\/91ac5a8cb4a26d3b32dc77b5e6d46616cf6adf425879538f5e5d7e4ef2333a4c?s=96&d=mm&r=g","caption":"konradbobrowski"},"url":"https:\/\/www.welovecycling.com\/pl\/author\/konradbobrowski\/"}]}},"_links":{"self":[{"href":"https:\/\/www.welovecycling.com\/pl\/wp-json\/wp\/v2\/posts\/15683","targetHints":{"allow":["GET"]}}],"collection":[{"href":"https:\/\/www.welovecycling.com\/pl\/wp-json\/wp\/v2\/posts"}],"about":[{"href":"https:\/\/www.welovecycling.com\/pl\/wp-json\/wp\/v2\/types\/post"}],"author":[{"embeddable":true,"href":"https:\/\/www.welovecycling.com\/pl\/wp-json\/wp\/v2\/users\/187"}],"replies":[{"embeddable":true,"href":"https:\/\/www.welovecycling.com\/pl\/wp-json\/wp\/v2\/comments?post=15683"}],"version-history":[{"count":2,"href":"https:\/\/www.welovecycling.com\/pl\/wp-json\/wp\/v2\/posts\/15683\/revisions"}],"predecessor-version":[{"id":15812,"href":"https:\/\/www.welovecycling.com\/pl\/wp-json\/wp\/v2\/posts\/15683\/revisions\/15812"}],"wp:featuredmedia":[{"embeddable":true,"href":"https:\/\/www.welovecycling.com\/pl\/wp-json\/wp\/v2\/media\/15684"}],"wp:attachment":[{"href":"https:\/\/www.welovecycling.com\/pl\/wp-json\/wp\/v2\/media?parent=15683"}],"wp:term":[{"taxonomy":"category","embeddable":true,"href":"https:\/\/www.welovecycling.com\/pl\/wp-json\/wp\/v2\/categories?post=15683"},{"taxonomy":"post_tag","embeddable":true,"href":"https:\/\/www.welovecycling.com\/pl\/wp-json\/wp\/v2\/tags?post=15683"},{"taxonomy":"global-categories","embeddable":true,"href":"https:\/\/www.welovecycling.com\/pl\/wp-json\/wp\/v2\/global-categories?post=15683"}],"curies":[{"name":"wp","href":"https:\/\/api.w.org\/{rel}","templated":true}]}}