{"id":15669,"date":"2024-07-26T08:27:29","date_gmt":"2024-07-26T08:27:29","guid":{"rendered":"https:\/\/www.welovecycling.com\/pl\/?p=15669"},"modified":"2024-07-26T08:28:14","modified_gmt":"2024-07-26T08:28:14","slug":"na-rowerze-ku-rownowadze-psychicznej","status":"publish","type":"post","link":"https:\/\/www.welovecycling.com\/pl\/2024\/07\/26\/na-rowerze-ku-rownowadze-psychicznej\/","title":{"rendered":"Na rowerze ku r\u00f3wnowadze psychicznej"},"content":{"rendered":"<p><strong>Wyobra\u017a sobie, \u017ce samo wyj\u015bcie na zewn\u0105trz i promienie s\u0142o\u0144ca wystarcz\u0105, by odczu\u0107 przyp\u0142yw energii, jasno\u015b\u0107 my\u015bli \u2013 i po prostu szcz\u0119\u015bcie. Zbyt pi\u0119kne, by mog\u0142o by\u0107 prawdziwe? Niekoniecznie! Jak by\u0107 mo\u017ce wiesz, badania doros\u0142ych myszy wykaza\u0142y, \u017ce ruch mo\u017ce pobudzi\u0107 wzrost nowych kom\u00f3rek m\u00f3zgowych. <\/strong><\/p>\n<p>Oczywi\u015bcie to nie pierwszy raz, kiedy s\u0142yszymy o tym, \u017ce aktywno\u015b\u0107 fizyczna (taka jak jazda na rowerze) wp\u0142ywa korzystnie na funkcje poznawcze i nastr\u00f3j. Niezliczone dowody potwierdzaj\u0105 obecnie to, z czego wiele os\u00f3b intuicyjnie zdaje sobie spraw\u0119: ruch to nie tylko sprawno\u015b\u0107 fizyczna, lecz przede wszystkim pot\u0119\u017cne narz\u0119dzie, zbawienne dla zdrowia psychicznego. Wedle wynik\u00f3w wielu bada\u0144 aktywno\u015b\u0107 zapewnia kr\u00f3tkotrwa\u0142e wzmocnienie funkcji poznawczych, a tak\u017ce poprawia pami\u0119\u0107 i koncentracj\u0119. Pomy\u015bl o ruchu jak o naturalnym wzmocnieniu potencja\u0142u umys\u0142owego, kt\u00f3re nast\u0119puje tu\u017c po je\u017adzie na rowerze!<\/p>\n<p>Nie zapominajmy te\u017c o pozytywnym wp\u0142ywie aktywno\u015bci na nastr\u00f3j. \u0106wiczenia powoduj\u0105 uwalnianie neuroprzeka\u017anik\u00f3w dobrego samopoczucia, takich jak dopamina i serotonina, dzi\u0119ki kt\u00f3rym poczujemy si\u0119 rado\u015bni i pe\u0142ni energii. To idealne antidotum na stres i obni\u017cony nastr\u00f3j.<\/p>\n<p>Przyjrzyjmy si\u0119 odkryciom naukowym, kt\u00f3re potwierdzaj\u0105 wyj\u0105tkowe korzy\u015bci dla zdrowia psychicznego wynikaj\u0105ce z jazdy na rowerze. Dowiedzmy si\u0119, w jaki spos\u00f3b mo\u017cemy wykorzysta\u0107 t\u0119 aktywno\u015b\u0107, by znale\u017a\u0107 si\u0119 na drodze ku dobremu samopoczuciu.<\/p>\n<h2><strong>Rowerowa euforia w uj\u0119ciu naukowym<\/strong><\/h2>\n<p>Wp\u0142yw jazdy na rowerze na dobre samopoczucie potwierdzaj\u0105 ugruntowane badania naukowe. Wspomniane wy\u017cej potencjalne wytwarzanie nowych kom\u00f3rek m\u00f3zgowych to niejedyna korzy\u015b\u0107. Oto kilka innych czynnik\u00f3w, w jakie jazda na rowerze wp\u0142ywa na Twoj\u0105 r\u00f3wnowag\u0119 psychiczn\u0105.<\/p>\n<h3><strong>S\u0142o\u0144ce i zalety witaminy D<\/strong><\/h3>\n<p>S\u0142o\u0144ce stanowi bogate \u017ar\u00f3d\u0142o witaminy D \u2013 sk\u0142adnika od\u017cywczego o istotnym znaczeniu dla og\u00f3lnego stanu zdrowia, w tym dobrostanu psychicznego. Badania wykaza\u0142y silny zwi\u0105zek mi\u0119dzy niskim poziomem witaminy D a depresj\u0105. Ekspozycja na \u015bwiat\u0142o s\u0142oneczne pomaga organizmowi wytwarza\u0107 witamin\u0119 D, kt\u00f3ra z kolei bierze udzia\u0142 w regulacji neuroprzeka\u017anik\u00f3w (takich jak np. serotonina, czyli kluczowy czynnik wp\u0142ywaj\u0105cy na stabilno\u015b\u0107 nastroju). Przeja\u017cd\u017cki w promieniach s\u0142o\u0144ca dzia\u0142aj\u0105 zatem jak naturalny antydepresant.<\/p>\n<h3><strong>Uk\u0142ad endokannabinoidowy a uniesienia wywo\u0142ane wysi\u0142kiem fizycznym<\/strong><\/h3>\n<p>Uczucie rowerowej euforii, kt\u00f3rego do\u015bwiadczasz po udanej je\u017adzie, to nie fikcja. Wysi\u0142ek stymuluje uk\u0142ad endokannabinoidowy organizmu, kt\u00f3ry wytwarza wtedy naturalne kannabinoidy. Pe\u0142ni\u0105 one wa\u017cn\u0105 rol\u0119 w regulacji nastroju, o\u015brodka nagrody i percepcji b\u00f3lu, przyczyniaj\u0105c si\u0119 do uczucia euforii i relaksu zwi\u0105zanych z aktywno\u015bci\u0105 fizyczn\u0105.<\/p>\n<h3><strong>Praktyka uwa\u017cno\u015bci w ruchu<\/strong><\/h3>\n<p>Jazda na rowerze mo\u017ce by\u0107 cenn\u0105 form\u0105 medytacji w ruchu. Rytmiczne peda\u0142owanie i koncentracja wymagana do sterowania rowerem tworz\u0105 poczucie uwa\u017cno\u015bci. Pozwala ono oderwa\u0107 si\u0119 od codziennych zmartwie\u0144, u\u0142atwiaj\u0105c bycie tu i teraz. Praktyka ta zmniejsza stres, poprawia skupienie i og\u00f3lne samopoczucie. Badania dowiod\u0142y, \u017ce medytacyjna uwa\u017cno\u015b\u0107 mo\u017ce by\u0107 skuteczna w leczeniu l\u0119ku i depresji.<\/p>\n<p><a href=\"https:\/\/d2p6e6u75xmxt8.cloudfront.net\/5\/2024\/07\/Cycling-in-Alps.webp\"><img loading=\"lazy\" decoding=\"async\" class=\"alignnone size-full wp-image-15670\" src=\"https:\/\/d2p6e6u75xmxt8.cloudfront.net\/5\/2024\/07\/Cycling-in-Alps.webp\" alt=\"\" width=\"990\" height=\"660\" srcset=\"https:\/\/d2p6e6u75xmxt8.cloudfront.net\/5\/2024\/07\/Cycling-in-Alps.webp 990w, https:\/\/d2p6e6u75xmxt8.cloudfront.net\/5\/2024\/07\/Cycling-in-Alps-300x200.webp 300w, https:\/\/d2p6e6u75xmxt8.cloudfront.net\/5\/2024\/07\/Cycling-in-Alps-768x512.webp 768w, https:\/\/d2p6e6u75xmxt8.cloudfront.net\/5\/2024\/07\/Cycling-in-Alps-400x267.webp 400w, https:\/\/d2p6e6u75xmxt8.cloudfront.net\/5\/2024\/07\/Cycling-in-Alps-272x182.webp 272w\" sizes=\"auto, (max-width: 990px) 100vw, 990px\" \/><\/a><\/p>\n<h2><strong>Spo\u0142eczne i emocjonalne korzy\u015bci wynikaj\u0105ce z jazdy na rowerze<\/strong><\/h2>\n<p>Oczywi\u015bcie korzy\u015bci dla zdrowia psychicznego p\u0142yn\u0105ce z jazdy na rowerze wykraczaj\u0105 poza poziom fizjologiczny. Rower mo\u017ce by\u0107 aktywno\u015bci\u0105 spo\u0142eczn\u0105, wzmacniaj\u0105c\u0105 poczucie wi\u0119zi i przynale\u017cno\u015bci. Do\u0142\u0105czenie do grupy rowerowej lub przeja\u017cd\u017cka z przyjacielem wzmacniaj\u0105 potrzebne nam interakcje spo\u0142eczne, b\u0119d\u0105ce wa\u017cnym komponentem psychicznej r\u00f3wnowagi. W grupach rowerowych cz\u0119sto tworz\u0105 si\u0119 silne wi\u0119zi, kt\u00f3re staj\u0105 si\u0119 \u017ar\u00f3d\u0142em kole\u017ce\u0144stwa, wsparcia i motywacji.<\/p>\n<p>Dzi\u0119ki je\u017adzie na rowerze czujemy si\u0119 spe\u0142nieni i bardziej pewni siebie. Pokonanie wymagaj\u0105cej trasy lub ustanowienie nowego rekordu przejechanych kilometr\u00f3w bardzo wzmacniaj\u0105 nas mentalnie. Takie dokonania daj\u0105 nam poczucie sprawczo\u015bci i pewno\u015bci siebie, kt\u00f3re przek\u0142adaj\u0105 si\u0119 na inne obszary \u017cycia.<\/p>\n<h2><strong>Krok dalej: d\u0142ugoterminowa ochrona zdrowia psychicznego<\/strong><\/h2>\n<p>Oto chyba najbardziej niesamowity fakt: regularna aktywno\u015b\u0107 fizyczna mo\u017ce chroni\u0107 nawet przed chorobami neurodegeneracyjnymi, takimi jak choroba Alzheimera i demencja. Naukowcy uwa\u017caj\u0105, \u017ce sednem tego zjawiska jest kaskada przemian kom\u00f3rkowych. Podczas wysi\u0142ku fizycznego mi\u0119\u015bnie uwalniaj\u0105 cz\u0105steczki, kt\u00f3re przemieszczaj\u0105 si\u0119 do m\u00f3zgu. Niekt\u00f3re z nich maj\u0105 w\u0142a\u015bciwo\u015bci neuroochronne. Ruch poprawia r\u00f3wnie\u017c przep\u0142yw krwi i stymuluje wzrost nowych naczy\u0144 krwiono\u015bnych w m\u00f3zgu, tworz\u0105c autostrad\u0119 dla tych drogocennych cz\u0105steczek, kt\u00f3ra u\u0142atwia im dotarcie do celu.<\/p>\n<p>M\u00f3zg (gdy te sygna\u0142y do niego trafi\u0105) wprowadza na boisko swojego najlepszego zawodnika: neurotroficzny czynnik pochodzenia m\u00f3zgowego (BDNF, ang. Brain-Derived Neurotrophic Factor). BDNF to rodzaj bod\u017aca dla m\u00f3zgu, kt\u00f3ry wp\u0142ywa korzystnie na zdrowie neuron\u00f3w i wytwarzanie nowych po\u0142\u0105cze\u0144 mi\u0119dzy nimi. W efekcie zwi\u0119kszaj\u0105 si\u0119 odporno\u015b\u0107 m\u00f3zgu i jego og\u00f3lna wydajno\u015b\u0107, a tak\u017ce poprawia si\u0119 pami\u0119\u0107.<\/p>\n<p>Korzy\u015bci s\u0105 jeszcze bardziej widoczne u os\u00f3b starszych, u kt\u00f3rych aktywno\u015b\u0107 fizyczna pomaga zrekompensowa\u0107 naturalny spadek obj\u0119to\u015bci m\u00f3zgu. Jest to szczeg\u00f3lnie istotne w przypadku hipokampu \u2013 niezwykle wa\u017cnej cz\u0119\u015bci m\u00f3zgu odpowiedzialnej za pami\u0119\u0107 i nastr\u00f3j. Badania dowodz\u0105, \u017ce regularne \u0107wiczenia zapobiegaj\u0105 kurczeniu si\u0119 hipokampu, czyli charakterystycznemu objawowi zar\u00f3wno depresji, jak i choroby Alzheimera.<\/p>\n<h2><strong>Rowerem po zdrowie psychiczne: podej\u015bcie indywidualne<\/strong><\/h2>\n<p>Pi\u0119kno jazdy na rowerze w kontek\u015bcie troski o zdrowie psychiczne le\u017cy w jej wszechstronno\u015bci. Niezale\u017cnie od tego, czy szukasz szybkiego odstresowania, ucieczki w uwa\u017cno\u015b\u0107 czy sposobu na nawi\u0105zanie kontaktu z innymi, rower zawsze ma Ci co\u015b do zaoferowania.<\/p>\n<p>Oto kilka pomys\u0142\u00f3w, jak dostosowa\u0107 jazd\u0119 na rowerze pod k\u0105tem optymalnych korzy\u015bci dla zdrowia psychicznego.<\/p>\n<h3><strong>Trening interwa\u0142owy o wysokiej intensywno\u015bci (HIIT) dla z\u0142agodzenia stresu<\/strong><\/h3>\n<p>Badania dowodz\u0105, \u017ce treningi HIIT, kt\u00f3re obejmuj\u0105 naprzemienne okresy intensywnego wysi\u0142ku i odpoczynku, mog\u0105 skutecznie zredukowa\u0107 poziom stresu i niepokoju. Mo\u017cesz w\u0142\u0105czy\u0107 HIIT do swoich rowerowych sesji, wprowadzaj\u0105c po prostu kr\u00f3tkie odcinki pokonywane z du\u017c\u0105 pr\u0119dko\u015bci\u0105.<\/p>\n<h3><strong>Odpr\u0119\u017caj\u0105ca jazda na rowerze w duchu uwa\u017cno\u015bci<\/strong><\/h3>\n<p>Czasami potrzebujesz po prostu uciec od zgie\u0142ku, by odnowi\u0107 swoje wi\u0119zi z natur\u0105 i samym sob\u0105. Warto wtedy wybra\u0107 si\u0119 na przeja\u017cd\u017ck\u0119. Skoncentruj si\u0119 na rytmie peda\u0142owania, poczuj wiatr na sk\u00f3rze, zwracaj uwag\u0119 na otaczaj\u0105ce Ci\u0119 widoki i d\u017awi\u0119ki. Taka uwa\u017cno\u015b\u0107 pomo\u017ce Ci zmniejszy\u0107 poziom stresu oraz pozwoli skupi\u0107 si\u0119 na tu i teraz.<\/p>\n<h3><strong>Bli\u017cej siebie na rowerach<\/strong><\/h3>\n<p>Odczuwasz przygn\u0119bienie, ale nie wiesz, z jakiego powodu? Do\u0142\u0105czenie do lokalnej grupy rowerowej lub znalezienie partnera rowerowego do wsp\u00f3lnej jazdy mo\u017ce bardzo Ci pom\u00f3c. Interakcje spo\u0142eczne i wsp\u00f3lne do\u015bwiadczenia stanowi\u0105 pot\u0119\u017cne antidotum na samotno\u015b\u0107 i izolacj\u0119.<\/p>\n<h3><strong>Sprawd\u017a si\u0119, by poczu\u0107 si\u0119 pewniej<\/strong><\/h3>\n<p>Gdy motywacja i poczucie w\u0142asnej warto\u015bci s\u0142abn\u0105, mo\u017ce to oznacza\u0107, \u017ce nadszed\u0142 czas na wyznaczenie sobie realnych cel\u00f3w i stopniowe ich osi\u0105ganie. Uko\u0144czenie wymagaj\u0105cej trasy lub pokonanie nowego dystansu ogromnie wzmacniaj\u0105 pewno\u015b\u0107 siebie.<\/p>\n<h2><strong>Rowerem ku dobrostanowi psychicznemu: wa\u017cny element uk\u0142adanki<\/strong><\/h2>\n<p>Jazda na rowerze ma niezwykle korzystny wp\u0142yw na dobrostan psychiczny. Nale\u017cy jednak pami\u0119ta\u0107, \u017ce w przypadku os\u00f3b zmagaj\u0105cych si\u0119 z powa\u017cnymi wyzwaniami zwi\u0105zanymi ze zdrowiem psychicznym rower nale\u017cy postrzega\u0107 jako strategi\u0119 uzupe\u0142niaj\u0105c\u0105, a nie jedyne rozwi\u0105zanie.<\/p>\n<p>Je\u015bli do\u015bwiadczasz przed\u0142u\u017caj\u0105cych si\u0119 objaw\u00f3w depresji, l\u0119ku lub innych zaburze\u0144 psychicznych, musisz zwr\u00f3ci\u0107 si\u0119 po profesjonaln\u0105 pomoc. Mo\u017ce ona obejmowa\u0107 psychoterapi\u0119, farmakoterapi\u0119 lub po\u0142\u0105czenie obu tych metod. Jazda na rowerze mo\u017ce sta\u0107 si\u0119 wa\u017cnym elementem sk\u0142adowym Twojego planu leczenia, niemniej jednak nie powinna zast\u0119powa\u0107 porad i wsparcia udzielanych przez wykwalifikowanych specjalist\u00f3w w dziedzinie zdrowia psychicznego.<\/p>\n<p>Dobrym pomys\u0142em jest om\u00f3wienie swoich cel\u00f3w rowerowych z terapeut\u0105 lub lekarzem \u2013 bo warto upewni\u0107 si\u0119, \u017ce nie stoj\u0105 one w sprzeczno\u015bci z planem leczenia. Zacznij stopniowo. Ws\u0142uchaj si\u0119 w sw\u00f3j organizm i nie wahaj si\u0119 modyfikowa\u0107 planu treningowego, je\u015bli zajdzie taka potrzeba.<\/p>\n<p>W\u0142\u0105czaj\u0105c jazd\u0119 na rowerze do kompleksowej troski o r\u00f3wnowag\u0119 mentaln\u0105, mo\u017cna wykorzysta\u0107 jej potencja\u0142 na drodze ku dobrostanowi psychicznemu. Robi si\u0119 coraz cieplej \u2013 skorzystaj wi\u0119c z promieni s\u0142o\u0144ca, wskocz na rower i zacznij peda\u0142owa\u0107, aby odnale\u017a\u0107 r\u00f3wnowag\u0119 i sta\u0107 si\u0119 szcz\u0119\u015bliwszym cz\u0142owiekiem.<\/p>\n<p><span data-sheets-value=\"{&quot;1&quot;:2,&quot;2&quot;:&quot;Artyku\u0142 powsta\u0142 we wsp\u00f3\u0142pracy ze skoda-auto.pl&quot;}\" data-sheets-userformat=\"{&quot;2&quot;:1,&quot;3&quot;:{&quot;1&quot;:0}}\" data-sheets-hyperlink=\"http:\/\/www.skoda-auto.pl\/\"><a class=\"in-cell-link\" href=\"http:\/\/www.skoda-auto.pl\/\" target=\"_blank\" rel=\"noopener noreferrer\">Artyku\u0142 powsta\u0142 we wsp\u00f3\u0142pracy ze skoda-auto.pl<\/a><\/span><\/p>\n<p><a href=\"https:\/\/d2p6e6u75xmxt8.cloudfront.net\/5\/2030\/11\/1.webp\"><img loading=\"lazy\" decoding=\"async\" class=\"size-full wp-image-13777 aligncenter\" src=\"https:\/\/d2p6e6u75xmxt8.cloudfront.net\/5\/2030\/11\/1.webp\" alt=\"\" width=\"640\" height=\"350\" srcset=\"https:\/\/d2p6e6u75xmxt8.cloudfront.net\/5\/2030\/11\/1.webp 640w, https:\/\/d2p6e6u75xmxt8.cloudfront.net\/5\/2030\/11\/1-300x164.webp 300w, https:\/\/d2p6e6u75xmxt8.cloudfront.net\/5\/2030\/11\/1-400x219.webp 400w\" sizes=\"auto, (max-width: 640px) 100vw, 640px\" \/><\/a><\/p>\n","protected":false},"excerpt":{"rendered":"<p>Wyobra\u017a sobie, \u017ce samo wyj\u015bcie na zewn\u0105trz i promienie s\u0142o\u0144ca wystarcz\u0105, by odczu\u0107 przyp\u0142yw energii, jasno\u015b\u0107 my\u015bli \u2013 i po [&hellip;]<\/p>\n","protected":false},"author":187,"featured_media":15671,"comment_status":"open","ping_status":"open","sticky":false,"template":"","format":"standard","meta":{"footnotes":""},"categories":[4],"tags":[191,404,16,123,381],"global-categories":[303],"class_list":["post-15669","post","type-post","status-publish","format-standard","has-post-thumbnail","hentry","category-zdrowie-i-trening","tag-skoda","tag-skodapolska","tag-zdrowie","tag-zdrowie-i-trening","tag-zdrowie-psychiczne","global-categories-cycling"],"yoast_head":"<!-- This site is optimized with the Yoast SEO Premium plugin v25.3 (Yoast SEO v25.9) - https:\/\/yoast.com\/wordpress\/plugins\/seo\/ -->\n<title>Na rowerze ku r\u00f3wnowadze psychicznej - \u0160koda We Love Cycling - Poland<\/title>\n<meta name=\"robots\" content=\"index, follow, max-snippet:-1, max-image-preview:large, max-video-preview:-1\" \/>\n<link rel=\"canonical\" href=\"https:\/\/www.welovecycling.com\/pl\/2024\/07\/26\/na-rowerze-ku-rownowadze-psychicznej\/\" \/>\n<meta property=\"og:locale\" content=\"pl_PL\" \/>\n<meta property=\"og:type\" content=\"article\" \/>\n<meta property=\"og:title\" content=\"Na rowerze ku r\u00f3wnowadze psychicznej\" \/>\n<meta property=\"og:description\" content=\"Wyobra\u017a sobie, \u017ce samo wyj\u015bcie na zewn\u0105trz i promienie s\u0142o\u0144ca wystarcz\u0105, by odczu\u0107 przyp\u0142yw energii, jasno\u015b\u0107 my\u015bli \u2013 i po [&hellip;]\" \/>\n<meta property=\"og:url\" content=\"https:\/\/www.welovecycling.com\/pl\/2024\/07\/26\/na-rowerze-ku-rownowadze-psychicznej\/\" \/>\n<meta property=\"og:site_name\" content=\"\u0160koda We Love Cycling - Poland\" \/>\n<meta property=\"article:published_time\" content=\"2024-07-26T08:27:29+00:00\" \/>\n<meta property=\"article:modified_time\" content=\"2024-07-26T08:28:14+00:00\" \/>\n<meta property=\"og:image\" content=\"https:\/\/d2p6e6u75xmxt8.cloudfront.net\/5\/2024\/07\/Use-Cycling-to-Get-Your-Mental-Health-on-Track.webp\" \/>\n\t<meta property=\"og:image:width\" content=\"990\" \/>\n\t<meta property=\"og:image:height\" content=\"660\" \/>\n\t<meta property=\"og:image:type\" content=\"image\/webp\" \/>\n<meta name=\"author\" content=\"konradbobrowski\" \/>\n<meta name=\"twitter:card\" content=\"summary_large_image\" \/>\n<meta name=\"twitter:label1\" content=\"Written by\" \/>\n\t<meta name=\"twitter:data1\" content=\"Megan Flottorp\" \/>\n\t<meta name=\"twitter:label2\" content=\"Est. reading time\" \/>\n\t<meta name=\"twitter:data2\" content=\"4\" \/>\n<script type=\"application\/ld+json\" class=\"yoast-schema-graph\">{\"@context\":\"https:\/\/schema.org\",\"@graph\":[{\"@type\":\"WebPage\",\"@id\":\"https:\/\/www.welovecycling.com\/pl\/2024\/07\/26\/na-rowerze-ku-rownowadze-psychicznej\/\",\"url\":\"https:\/\/www.welovecycling.com\/pl\/2024\/07\/26\/na-rowerze-ku-rownowadze-psychicznej\/\",\"name\":\"Na rowerze ku r\u00f3wnowadze psychicznej - \u0160koda We Love Cycling - Poland\",\"isPartOf\":{\"@id\":\"https:\/\/www.welovecycling.com\/pl\/#website\"},\"primaryImageOfPage\":{\"@id\":\"https:\/\/www.welovecycling.com\/pl\/2024\/07\/26\/na-rowerze-ku-rownowadze-psychicznej\/#primaryimage\"},\"image\":{\"@id\":\"https:\/\/www.welovecycling.com\/pl\/2024\/07\/26\/na-rowerze-ku-rownowadze-psychicznej\/#primaryimage\"},\"thumbnailUrl\":\"https:\/\/d2p6e6u75xmxt8.cloudfront.net\/5\/2024\/07\/Use-Cycling-to-Get-Your-Mental-Health-on-Track.webp\",\"datePublished\":\"2024-07-26T08:27:29+00:00\",\"dateModified\":\"2024-07-26T08:28:14+00:00\",\"author\":{\"@id\":\"https:\/\/www.welovecycling.com\/pl\/#\/schema\/person\/e551e469d0b17f4e0b87f3f4fa8fc0f2\"},\"breadcrumb\":{\"@id\":\"https:\/\/www.welovecycling.com\/pl\/2024\/07\/26\/na-rowerze-ku-rownowadze-psychicznej\/#breadcrumb\"},\"inLanguage\":\"pl-PL\",\"potentialAction\":[{\"@type\":\"ReadAction\",\"target\":[\"https:\/\/www.welovecycling.com\/pl\/2024\/07\/26\/na-rowerze-ku-rownowadze-psychicznej\/\"]}]},{\"@type\":\"ImageObject\",\"inLanguage\":\"pl-PL\",\"@id\":\"https:\/\/www.welovecycling.com\/pl\/2024\/07\/26\/na-rowerze-ku-rownowadze-psychicznej\/#primaryimage\",\"url\":\"https:\/\/d2p6e6u75xmxt8.cloudfront.net\/5\/2024\/07\/Use-Cycling-to-Get-Your-Mental-Health-on-Track.webp\",\"contentUrl\":\"https:\/\/d2p6e6u75xmxt8.cloudfront.net\/5\/2024\/07\/Use-Cycling-to-Get-Your-Mental-Health-on-Track.webp\",\"width\":990,\"height\":660},{\"@type\":\"BreadcrumbList\",\"@id\":\"https:\/\/www.welovecycling.com\/pl\/2024\/07\/26\/na-rowerze-ku-rownowadze-psychicznej\/#breadcrumb\",\"itemListElement\":[{\"@type\":\"ListItem\",\"position\":1,\"name\":\"Home\",\"item\":\"https:\/\/www.welovecycling.com\/pl\/\"},{\"@type\":\"ListItem\",\"position\":2,\"name\":\"Na rowerze ku r\u00f3wnowadze psychicznej\"}]},{\"@type\":\"WebSite\",\"@id\":\"https:\/\/www.welovecycling.com\/pl\/#website\",\"url\":\"https:\/\/www.welovecycling.com\/pl\/\",\"name\":\"\u0160koda We Love Cycling - Poland\",\"description\":\"\",\"potentialAction\":[{\"@type\":\"SearchAction\",\"target\":{\"@type\":\"EntryPoint\",\"urlTemplate\":\"https:\/\/www.welovecycling.com\/pl\/?s={search_term_string}\"},\"query-input\":{\"@type\":\"PropertyValueSpecification\",\"valueRequired\":true,\"valueName\":\"search_term_string\"}}],\"inLanguage\":\"pl-PL\"},{\"@type\":\"Person\",\"@id\":\"https:\/\/www.welovecycling.com\/pl\/#\/schema\/person\/e551e469d0b17f4e0b87f3f4fa8fc0f2\",\"name\":\"konradbobrowski\",\"image\":{\"@type\":\"ImageObject\",\"inLanguage\":\"pl-PL\",\"@id\":\"https:\/\/www.welovecycling.com\/pl\/#\/schema\/person\/image\/\",\"url\":\"https:\/\/secure.gravatar.com\/avatar\/91ac5a8cb4a26d3b32dc77b5e6d46616cf6adf425879538f5e5d7e4ef2333a4c?s=96&d=mm&r=g\",\"contentUrl\":\"https:\/\/secure.gravatar.com\/avatar\/91ac5a8cb4a26d3b32dc77b5e6d46616cf6adf425879538f5e5d7e4ef2333a4c?s=96&d=mm&r=g\",\"caption\":\"konradbobrowski\"},\"url\":\"https:\/\/www.welovecycling.com\/pl\/author\/konradbobrowski\/\"}]}<\/script>\n<!-- \/ Yoast SEO Premium plugin. -->","yoast_head_json":{"title":"Na rowerze ku r\u00f3wnowadze psychicznej - \u0160koda We Love Cycling - Poland","robots":{"index":"index","follow":"follow","max-snippet":"max-snippet:-1","max-image-preview":"max-image-preview:large","max-video-preview":"max-video-preview:-1"},"canonical":"https:\/\/www.welovecycling.com\/pl\/2024\/07\/26\/na-rowerze-ku-rownowadze-psychicznej\/","og_locale":"pl_PL","og_type":"article","og_title":"Na rowerze ku r\u00f3wnowadze psychicznej","og_description":"Wyobra\u017a sobie, \u017ce samo wyj\u015bcie na zewn\u0105trz i promienie s\u0142o\u0144ca wystarcz\u0105, by odczu\u0107 przyp\u0142yw energii, jasno\u015b\u0107 my\u015bli \u2013 i po [&hellip;]","og_url":"https:\/\/www.welovecycling.com\/pl\/2024\/07\/26\/na-rowerze-ku-rownowadze-psychicznej\/","og_site_name":"\u0160koda We Love Cycling - Poland","article_published_time":"2024-07-26T08:27:29+00:00","article_modified_time":"2024-07-26T08:28:14+00:00","og_image":[{"width":990,"height":660,"url":"https:\/\/d2p6e6u75xmxt8.cloudfront.net\/5\/2024\/07\/Use-Cycling-to-Get-Your-Mental-Health-on-Track.webp","type":"image\/webp"}],"author":"konradbobrowski","twitter_card":"summary_large_image","twitter_misc":{"Written by":"Megan Flottorp","Est. reading time":"4"},"schema":{"@context":"https:\/\/schema.org","@graph":[{"@type":"WebPage","@id":"https:\/\/www.welovecycling.com\/pl\/2024\/07\/26\/na-rowerze-ku-rownowadze-psychicznej\/","url":"https:\/\/www.welovecycling.com\/pl\/2024\/07\/26\/na-rowerze-ku-rownowadze-psychicznej\/","name":"Na rowerze ku r\u00f3wnowadze psychicznej - \u0160koda We Love Cycling - Poland","isPartOf":{"@id":"https:\/\/www.welovecycling.com\/pl\/#website"},"primaryImageOfPage":{"@id":"https:\/\/www.welovecycling.com\/pl\/2024\/07\/26\/na-rowerze-ku-rownowadze-psychicznej\/#primaryimage"},"image":{"@id":"https:\/\/www.welovecycling.com\/pl\/2024\/07\/26\/na-rowerze-ku-rownowadze-psychicznej\/#primaryimage"},"thumbnailUrl":"https:\/\/d2p6e6u75xmxt8.cloudfront.net\/5\/2024\/07\/Use-Cycling-to-Get-Your-Mental-Health-on-Track.webp","datePublished":"2024-07-26T08:27:29+00:00","dateModified":"2024-07-26T08:28:14+00:00","author":{"@id":"https:\/\/www.welovecycling.com\/pl\/#\/schema\/person\/e551e469d0b17f4e0b87f3f4fa8fc0f2"},"breadcrumb":{"@id":"https:\/\/www.welovecycling.com\/pl\/2024\/07\/26\/na-rowerze-ku-rownowadze-psychicznej\/#breadcrumb"},"inLanguage":"pl-PL","potentialAction":[{"@type":"ReadAction","target":["https:\/\/www.welovecycling.com\/pl\/2024\/07\/26\/na-rowerze-ku-rownowadze-psychicznej\/"]}]},{"@type":"ImageObject","inLanguage":"pl-PL","@id":"https:\/\/www.welovecycling.com\/pl\/2024\/07\/26\/na-rowerze-ku-rownowadze-psychicznej\/#primaryimage","url":"https:\/\/d2p6e6u75xmxt8.cloudfront.net\/5\/2024\/07\/Use-Cycling-to-Get-Your-Mental-Health-on-Track.webp","contentUrl":"https:\/\/d2p6e6u75xmxt8.cloudfront.net\/5\/2024\/07\/Use-Cycling-to-Get-Your-Mental-Health-on-Track.webp","width":990,"height":660},{"@type":"BreadcrumbList","@id":"https:\/\/www.welovecycling.com\/pl\/2024\/07\/26\/na-rowerze-ku-rownowadze-psychicznej\/#breadcrumb","itemListElement":[{"@type":"ListItem","position":1,"name":"Home","item":"https:\/\/www.welovecycling.com\/pl\/"},{"@type":"ListItem","position":2,"name":"Na rowerze ku r\u00f3wnowadze psychicznej"}]},{"@type":"WebSite","@id":"https:\/\/www.welovecycling.com\/pl\/#website","url":"https:\/\/www.welovecycling.com\/pl\/","name":"\u0160koda We Love Cycling - Poland","description":"","potentialAction":[{"@type":"SearchAction","target":{"@type":"EntryPoint","urlTemplate":"https:\/\/www.welovecycling.com\/pl\/?s={search_term_string}"},"query-input":{"@type":"PropertyValueSpecification","valueRequired":true,"valueName":"search_term_string"}}],"inLanguage":"pl-PL"},{"@type":"Person","@id":"https:\/\/www.welovecycling.com\/pl\/#\/schema\/person\/e551e469d0b17f4e0b87f3f4fa8fc0f2","name":"konradbobrowski","image":{"@type":"ImageObject","inLanguage":"pl-PL","@id":"https:\/\/www.welovecycling.com\/pl\/#\/schema\/person\/image\/","url":"https:\/\/secure.gravatar.com\/avatar\/91ac5a8cb4a26d3b32dc77b5e6d46616cf6adf425879538f5e5d7e4ef2333a4c?s=96&d=mm&r=g","contentUrl":"https:\/\/secure.gravatar.com\/avatar\/91ac5a8cb4a26d3b32dc77b5e6d46616cf6adf425879538f5e5d7e4ef2333a4c?s=96&d=mm&r=g","caption":"konradbobrowski"},"url":"https:\/\/www.welovecycling.com\/pl\/author\/konradbobrowski\/"}]}},"_links":{"self":[{"href":"https:\/\/www.welovecycling.com\/pl\/wp-json\/wp\/v2\/posts\/15669","targetHints":{"allow":["GET"]}}],"collection":[{"href":"https:\/\/www.welovecycling.com\/pl\/wp-json\/wp\/v2\/posts"}],"about":[{"href":"https:\/\/www.welovecycling.com\/pl\/wp-json\/wp\/v2\/types\/post"}],"author":[{"embeddable":true,"href":"https:\/\/www.welovecycling.com\/pl\/wp-json\/wp\/v2\/users\/187"}],"replies":[{"embeddable":true,"href":"https:\/\/www.welovecycling.com\/pl\/wp-json\/wp\/v2\/comments?post=15669"}],"version-history":[{"count":3,"href":"https:\/\/www.welovecycling.com\/pl\/wp-json\/wp\/v2\/posts\/15669\/revisions"}],"predecessor-version":[{"id":15674,"href":"https:\/\/www.welovecycling.com\/pl\/wp-json\/wp\/v2\/posts\/15669\/revisions\/15674"}],"wp:featuredmedia":[{"embeddable":true,"href":"https:\/\/www.welovecycling.com\/pl\/wp-json\/wp\/v2\/media\/15671"}],"wp:attachment":[{"href":"https:\/\/www.welovecycling.com\/pl\/wp-json\/wp\/v2\/media?parent=15669"}],"wp:term":[{"taxonomy":"category","embeddable":true,"href":"https:\/\/www.welovecycling.com\/pl\/wp-json\/wp\/v2\/categories?post=15669"},{"taxonomy":"post_tag","embeddable":true,"href":"https:\/\/www.welovecycling.com\/pl\/wp-json\/wp\/v2\/tags?post=15669"},{"taxonomy":"global-categories","embeddable":true,"href":"https:\/\/www.welovecycling.com\/pl\/wp-json\/wp\/v2\/global-categories?post=15669"}],"curies":[{"name":"wp","href":"https:\/\/api.w.org\/{rel}","templated":true}]}}