{"id":15660,"date":"2024-07-22T12:58:12","date_gmt":"2024-07-22T12:58:12","guid":{"rendered":"https:\/\/www.welovecycling.com\/pl\/?p=15660"},"modified":"2024-07-22T12:58:12","modified_gmt":"2024-07-22T12:58:12","slug":"to-byl-prawdziwy-show-tak-wygrywa-sie-tour-de-france","status":"publish","type":"post","link":"https:\/\/www.welovecycling.com\/pl\/2024\/07\/22\/to-byl-prawdziwy-show-tak-wygrywa-sie-tour-de-france\/","title":{"rendered":"To by\u0142 prawdziwy show! Tak wygrywa si\u0119 Tour de France"},"content":{"rendered":"<p>Fe-no-men! Tadej Poga\u010dar w kapitalnym stylu wygra\u0142 111. Tour de France i z nieprawdopodobnym wynikiem przeszed\u0142 do historii. Na koniec S\u0142oweniec zgarn\u0105\u0142 kr\u00f3lewski etap oraz czas\u00f3wk\u0119 i tym samym udowodni\u0142, \u017ce w takiej formie nie ma sobie r\u00f3wnych.<\/p>\n<p><a href=\"https:\/\/x.com\/LeTour\/status\/1815079698071703902\">https:\/\/x.com\/LeTour\/status\/1815079698071703902<\/a><\/p>\n<p>To by\u0142 show jednego zawodnika. Tadej Poga\u010dar (UAE Team Emirates) ju\u017c przed wy\u015bcigiem zapowiada\u0142, \u017ce w tym sezonie stawia na Wielk\u0105 P\u0119tl\u0119, ale takiej eksplozji formy chyba nawet on si\u0119 nie spodziewa\u0142. Dwudziestosze\u015bcioletni S\u0142oweniec nie tylko pokazywa\u0142 rywalom plecy, ale te\u017c b\u0142yskawicznie pozbawia\u0142 ich z\u0142udze\u0144 co do szans na nawi\u0105zanie walki.<\/p>\n<h2><strong>\u201eWy\u015bcig u\u0142o\u017cy\u0142 si\u0119 perfekcyjnie\u201d<\/strong><\/h2>\n<p>Poga\u010dar jecha\u0142 jak cz\u0142owiek z innej planety i z u\u015bmiechem na ustach wygra\u0142 sw\u00f3j trzeci Tour de France. Przy okazji pobi\u0142 kilka rekord\u00f3w i wys\u0142a\u0142 jasny sygna\u0142, \u017ce te najwi\u0119ksze s\u0105 zdecydowanie w jego zasi\u0119gu.<\/p>\n<p>\u2013 Jestem niesamowicie szcz\u0119\u015bliwy, bo po dw\u00f3ch latach zn\u00f3w wygra\u0142em Tour de France. Wy\u015bcig u\u0142o\u017cy\u0142 si\u0119 dla mnie perfekcyjnie. Codziennie czu\u0142em si\u0119 pewnie i traktowa\u0142em ten wy\u015bcig jak wielk\u0105 przygod\u0119 \u2013 cieszy\u0142 si\u0119 po wygranej Poga\u010dar.<\/p>\n<p><a href=\"https:\/\/x.com\/LeTour\/status\/1815091364587311283\">https:\/\/x.com\/LeTour\/status\/1815091364587311283<\/a><\/p>\n<p>Niewiele b\u0119dzie zdj\u0119\u0107 z tegorocznego Tour de France, na kt\u00f3rych S\u0142oweniec b\u0119dzie w innej koszulce ni\u017c \u017c\u00f3\u0142ty trykot lidera. Nie mia\u0142 go na sobie tylko przez dwa dni \u2013 po pierwszym etapie oraz po trzecim. P\u00f3\u017aniej jakby przyklei\u0142 do siebie najcenniejsz\u0105 koszulk\u0119 w kolarstwie i nikt nie by\u0142 w stanie jej dotkn\u0105\u0107, o przej\u0119ciu nie wspominaj\u0105c.<\/p>\n<p><a href=\"https:\/\/x.com\/UCI_cycling\/status\/1815095541740843169\">https:\/\/x.com\/UCI_cycling\/status\/1815095541740843169<\/a><\/p>\n<h2><strong>Rekordy Tadeja Poga\u010dara<\/strong><\/h2>\n<p>\u0141\u0105cznie Poga\u010dar na czele klasyfikacji generalnej by\u0142 przez dziewi\u0119tna\u015bcie dni i tym samym ustanowi\u0142 rekord pod wzgl\u0119dem jazdy w koszulce lidera wielkich tour\u00f3w w jednym sezonie. Wcze\u015bniej bowiem dwadzie\u015bcia razy zak\u0142ada\u0142 r\u00f3\u017cow\u0105 koszulk\u0119 Giro d\u2019Italia i dzi\u0119ki temu liderem by\u0142 \u0142\u0105cznie przez trzydzie\u015bci dziewi\u0119\u0107 dni, czyli o dwa d\u0142u\u017cej od legendarnego Eddy\u2019ego Merckxa, kt\u00f3ry po trasach W\u0142och oraz Francji szala\u0142 w 1970 r. i na prowadzeniu by\u0142 przez trzydzie\u015bci siedem dni.<\/p>\n<p>Ale to nie wszystko. Dzi\u0119ki zwyci\u0119stwu w tegorocznym Tour de France oraz Giro d\u2019Italia Poga\u010dar jako pierwszy zawodnik w XXI w. wygra\u0142 dwa wielkie toury w jednym sezonie. Po raz ostatni uda\u0142o si\u0119 to Marcowi Pantaniemu w 1998 r., a w\u00f3wczas S\u0142owe\u0144ca nie by\u0142o jeszcze na \u015bwiecie\u2026<\/p>\n<p><a href=\"https:\/\/x.com\/LeTour\/status\/1815082527226519787\">https:\/\/x.com\/LeTour\/status\/1815082527226519787<\/a><\/p>\n<p>\u2013 Ju\u017c samo wygranie Giro by\u0142o niesamowite, ale tak naprawd\u0119 to nie my\u015bla\u0142em o zwyci\u0119stwie w dw\u00f3ch wielkich tourach. Jestem dumny z tego, co wraz z zespo\u0142em uda\u0142o nam si\u0119 osi\u0105gn\u0105\u0107. To co\u015b niesamowitego \u2013 m\u00f3wi\u0142 na mecie szcz\u0119\u015bliwy Poga\u010dar.<\/p>\n<p><span style=\"font-size: 18pt;\"><strong>W pogoni za legendami<\/strong><\/span><\/p>\n<p>Teraz S\u0142oweniec marzy o wygraniu mistrzostw \u015bwiata, ale w Tour de France mo\u017ce \u015bmia\u0142o stawia\u0107 sobie kolejne cele. W tym ten najwi\u0119kszy \u2013 pobi\u0107 rekord w liczbie wygranych Wielkich P\u0119tli. Do tej pory Poga\u010dar triumfowa\u0142 trzykrotnie (wcze\u015bniej w 2020 i 2021), a cz\u0142onkowie legendarnego kwartetu (Jacques Anquetil, Eddy Merckx, Bernard Hinault i Miguel Indurain) maj\u0105 na koncie po pi\u0119\u0107 wygranych w klasyfikacji generalnej Tour de France.<\/p>\n<p><a href=\"https:\/\/x.com\/LeTour\/status\/1815077243825119319\">https:\/\/x.com\/LeTour\/status\/1815077243825119319<\/a><\/p>\n<p>Drugie miejsce w klasyfikacji generalnej tegorocznej Wielkiej P\u0119tli zaj\u0105\u0142 Du\u0144czyk Jonas Vingegaard (Jumbo-Visma), a trzecie \u2013 Belg Remco Evenepoel (Soudal Quick-Step). Klasyfikacj\u0119 g\u00f3rsk\u0105 wygra\u0142 Ekwadorczyk Richard Carapaz (EF Education-EasyPost), kt\u00f3ry zosta\u0142 tak\u017ce najbardziej walecznym kolarzem wy\u015bcigu. Z kolei zielon\u0105 koszulk\u0119 dla najlepiej punktuj\u0105cego zawodnika otrzyma\u0142 Erytrejczyk Biniam Girmay (Intermarch\u00e9-Wanty), kt\u00f3ry jest pierwszym afryka\u0144skim zwyci\u0119zc\u0105 klasyfikacji w historii Wielkiej P\u0119tli. Najlepszym m\u0142odzie\u017cowcem zosta\u0142 Evenepoel.<\/p>\n<p><a href=\"https:\/\/x.com\/IntermarcheW\/status\/1815131393736974556\">https:\/\/x.com\/IntermarcheW\/status\/1815131393736974556<\/a><\/p>\n<p><span data-sheets-value=\"{&quot;1&quot;:2,&quot;2&quot;:&quot;Artyku\u0142 powsta\u0142 we wsp\u00f3\u0142pracy ze skoda-auto.pl&quot;}\" data-sheets-userformat=\"{&quot;2&quot;:1,&quot;3&quot;:{&quot;1&quot;:0}}\" data-sheets-hyperlink=\"http:\/\/www.skoda-auto.pl\/\"><a class=\"in-cell-link\" href=\"http:\/\/www.skoda-auto.pl\/\" target=\"_blank\" rel=\"noopener\">Artyku\u0142 powsta\u0142 we wsp\u00f3\u0142pracy ze skoda-auto.pl<\/a><\/span><\/p>\n<p><a href=\"https:\/\/d2p6e6u75xmxt8.cloudfront.net\/5\/2030\/11\/2.webp\"><img loading=\"lazy\" decoding=\"async\" class=\"size-full wp-image-13774 aligncenter\" src=\"https:\/\/d2p6e6u75xmxt8.cloudfront.net\/5\/2030\/11\/2.webp\" alt=\"\" width=\"640\" height=\"350\" srcset=\"https:\/\/d2p6e6u75xmxt8.cloudfront.net\/5\/2030\/11\/2.webp 640w, https:\/\/d2p6e6u75xmxt8.cloudfront.net\/5\/2030\/11\/2-300x164.webp 300w, https:\/\/d2p6e6u75xmxt8.cloudfront.net\/5\/2030\/11\/2-400x219.webp 400w\" sizes=\"auto, (max-width: 640px) 100vw, 640px\" \/><\/a><\/p>\n","protected":false},"excerpt":{"rendered":"<p>Fe-no-men! Tadej Poga\u010dar w kapitalnym stylu wygra\u0142 111. Tour de France i z nieprawdopodobnym wynikiem przeszed\u0142 do historii. Na koniec [&hellip;]<\/p>\n","protected":false},"author":187,"featured_media":15661,"comment_status":"open","ping_status":"open","sticky":false,"template":"","format":"standard","meta":{"footnotes":""},"categories":[337],"tags":[191,404,379,77,146,264,423],"global-categories":[303],"class_list":["post-15660","post","type-post","status-publish","format-standard","has-post-thumbnail","hentry","category-tour-de-france","tag-skoda","tag-skodapolska","tag-tadej-pogacar","tag-tour-de-france","tag-wyscig","tag-wyscig-etapowy","tag-wyscigi-szosowe","global-categories-cycling"],"yoast_head":"<!-- This site is optimized with the Yoast SEO Premium plugin v25.3 (Yoast SEO v25.9) - https:\/\/yoast.com\/wordpress\/plugins\/seo\/ -->\n<title>To by\u0142 prawdziwy show! Tak wygrywa si\u0119 Tour de France - \u0160koda We Love Cycling - Poland<\/title>\n<meta name=\"robots\" content=\"index, follow, max-snippet:-1, max-image-preview:large, max-video-preview:-1\" \/>\n<link rel=\"canonical\" href=\"https:\/\/www.welovecycling.com\/pl\/2024\/07\/22\/to-byl-prawdziwy-show-tak-wygrywa-sie-tour-de-france\/\" \/>\n<meta property=\"og:locale\" content=\"pl_PL\" \/>\n<meta property=\"og:type\" content=\"article\" \/>\n<meta property=\"og:title\" content=\"To by\u0142 prawdziwy show! Tak wygrywa si\u0119 Tour de France\" \/>\n<meta property=\"og:description\" content=\"Fe-no-men! Tadej Poga\u010dar w kapitalnym stylu wygra\u0142 111. Tour de France i z nieprawdopodobnym wynikiem przeszed\u0142 do historii. Na koniec [&hellip;]\" \/>\n<meta property=\"og:url\" content=\"https:\/\/www.welovecycling.com\/pl\/2024\/07\/22\/to-byl-prawdziwy-show-tak-wygrywa-sie-tour-de-france\/\" \/>\n<meta property=\"og:site_name\" content=\"\u0160koda We Love Cycling - Poland\" \/>\n<meta property=\"article:published_time\" content=\"2024-07-22T12:58:12+00:00\" \/>\n<meta property=\"og:image\" content=\"https:\/\/d2p6e6u75xmxt8.cloudfront.net\/5\/2024\/07\/obraz-3.webp\" \/>\n\t<meta property=\"og:image:width\" content=\"990\" \/>\n\t<meta property=\"og:image:height\" content=\"660\" \/>\n\t<meta property=\"og:image:type\" content=\"image\/webp\" \/>\n<meta name=\"author\" content=\"konradbobrowski\" \/>\n<meta name=\"twitter:card\" content=\"summary_large_image\" \/>\n<meta name=\"twitter:label1\" content=\"Written by\" \/>\n\t<meta name=\"twitter:data1\" content=\"Piotr Nowik\" \/>\n\t<meta name=\"twitter:label2\" content=\"Est. reading time\" \/>\n\t<meta name=\"twitter:data2\" content=\"3\" \/>\n<script type=\"application\/ld+json\" class=\"yoast-schema-graph\">{\"@context\":\"https:\/\/schema.org\",\"@graph\":[{\"@type\":\"WebPage\",\"@id\":\"https:\/\/www.welovecycling.com\/pl\/2024\/07\/22\/to-byl-prawdziwy-show-tak-wygrywa-sie-tour-de-france\/\",\"url\":\"https:\/\/www.welovecycling.com\/pl\/2024\/07\/22\/to-byl-prawdziwy-show-tak-wygrywa-sie-tour-de-france\/\",\"name\":\"To by\u0142 prawdziwy show! Tak wygrywa si\u0119 Tour de France - \u0160koda We Love Cycling - Poland\",\"isPartOf\":{\"@id\":\"https:\/\/www.welovecycling.com\/pl\/#website\"},\"primaryImageOfPage\":{\"@id\":\"https:\/\/www.welovecycling.com\/pl\/2024\/07\/22\/to-byl-prawdziwy-show-tak-wygrywa-sie-tour-de-france\/#primaryimage\"},\"image\":{\"@id\":\"https:\/\/www.welovecycling.com\/pl\/2024\/07\/22\/to-byl-prawdziwy-show-tak-wygrywa-sie-tour-de-france\/#primaryimage\"},\"thumbnailUrl\":\"https:\/\/d2p6e6u75xmxt8.cloudfront.net\/5\/2024\/07\/obraz-3.webp\",\"datePublished\":\"2024-07-22T12:58:12+00:00\",\"author\":{\"@id\":\"https:\/\/www.welovecycling.com\/pl\/#\/schema\/person\/e551e469d0b17f4e0b87f3f4fa8fc0f2\"},\"breadcrumb\":{\"@id\":\"https:\/\/www.welovecycling.com\/pl\/2024\/07\/22\/to-byl-prawdziwy-show-tak-wygrywa-sie-tour-de-france\/#breadcrumb\"},\"inLanguage\":\"pl-PL\",\"potentialAction\":[{\"@type\":\"ReadAction\",\"target\":[\"https:\/\/www.welovecycling.com\/pl\/2024\/07\/22\/to-byl-prawdziwy-show-tak-wygrywa-sie-tour-de-france\/\"]}]},{\"@type\":\"ImageObject\",\"inLanguage\":\"pl-PL\",\"@id\":\"https:\/\/www.welovecycling.com\/pl\/2024\/07\/22\/to-byl-prawdziwy-show-tak-wygrywa-sie-tour-de-france\/#primaryimage\",\"url\":\"https:\/\/d2p6e6u75xmxt8.cloudfront.net\/5\/2024\/07\/obraz-3.webp\",\"contentUrl\":\"https:\/\/d2p6e6u75xmxt8.cloudfront.net\/5\/2024\/07\/obraz-3.webp\",\"width\":990,\"height\":660},{\"@type\":\"BreadcrumbList\",\"@id\":\"https:\/\/www.welovecycling.com\/pl\/2024\/07\/22\/to-byl-prawdziwy-show-tak-wygrywa-sie-tour-de-france\/#breadcrumb\",\"itemListElement\":[{\"@type\":\"ListItem\",\"position\":1,\"name\":\"Home\",\"item\":\"https:\/\/www.welovecycling.com\/pl\/\"},{\"@type\":\"ListItem\",\"position\":2,\"name\":\"To by\u0142 prawdziwy show! Tak wygrywa si\u0119 Tour de France\"}]},{\"@type\":\"WebSite\",\"@id\":\"https:\/\/www.welovecycling.com\/pl\/#website\",\"url\":\"https:\/\/www.welovecycling.com\/pl\/\",\"name\":\"\u0160koda We Love Cycling - Poland\",\"description\":\"\",\"potentialAction\":[{\"@type\":\"SearchAction\",\"target\":{\"@type\":\"EntryPoint\",\"urlTemplate\":\"https:\/\/www.welovecycling.com\/pl\/?s={search_term_string}\"},\"query-input\":{\"@type\":\"PropertyValueSpecification\",\"valueRequired\":true,\"valueName\":\"search_term_string\"}}],\"inLanguage\":\"pl-PL\"},{\"@type\":\"Person\",\"@id\":\"https:\/\/www.welovecycling.com\/pl\/#\/schema\/person\/e551e469d0b17f4e0b87f3f4fa8fc0f2\",\"name\":\"konradbobrowski\",\"image\":{\"@type\":\"ImageObject\",\"inLanguage\":\"pl-PL\",\"@id\":\"https:\/\/www.welovecycling.com\/pl\/#\/schema\/person\/image\/\",\"url\":\"https:\/\/secure.gravatar.com\/avatar\/91ac5a8cb4a26d3b32dc77b5e6d46616cf6adf425879538f5e5d7e4ef2333a4c?s=96&d=mm&r=g\",\"contentUrl\":\"https:\/\/secure.gravatar.com\/avatar\/91ac5a8cb4a26d3b32dc77b5e6d46616cf6adf425879538f5e5d7e4ef2333a4c?s=96&d=mm&r=g\",\"caption\":\"konradbobrowski\"},\"url\":\"https:\/\/www.welovecycling.com\/pl\/author\/konradbobrowski\/\"}]}<\/script>\n<!-- \/ Yoast SEO Premium plugin. -->","yoast_head_json":{"title":"To by\u0142 prawdziwy show! Tak wygrywa si\u0119 Tour de France - \u0160koda We Love Cycling - Poland","robots":{"index":"index","follow":"follow","max-snippet":"max-snippet:-1","max-image-preview":"max-image-preview:large","max-video-preview":"max-video-preview:-1"},"canonical":"https:\/\/www.welovecycling.com\/pl\/2024\/07\/22\/to-byl-prawdziwy-show-tak-wygrywa-sie-tour-de-france\/","og_locale":"pl_PL","og_type":"article","og_title":"To by\u0142 prawdziwy show! Tak wygrywa si\u0119 Tour de France","og_description":"Fe-no-men! Tadej Poga\u010dar w kapitalnym stylu wygra\u0142 111. Tour de France i z nieprawdopodobnym wynikiem przeszed\u0142 do historii. Na koniec [&hellip;]","og_url":"https:\/\/www.welovecycling.com\/pl\/2024\/07\/22\/to-byl-prawdziwy-show-tak-wygrywa-sie-tour-de-france\/","og_site_name":"\u0160koda We Love Cycling - Poland","article_published_time":"2024-07-22T12:58:12+00:00","og_image":[{"width":990,"height":660,"url":"https:\/\/d2p6e6u75xmxt8.cloudfront.net\/5\/2024\/07\/obraz-3.webp","type":"image\/webp"}],"author":"konradbobrowski","twitter_card":"summary_large_image","twitter_misc":{"Written by":"Piotr Nowik","Est. reading time":"3"},"schema":{"@context":"https:\/\/schema.org","@graph":[{"@type":"WebPage","@id":"https:\/\/www.welovecycling.com\/pl\/2024\/07\/22\/to-byl-prawdziwy-show-tak-wygrywa-sie-tour-de-france\/","url":"https:\/\/www.welovecycling.com\/pl\/2024\/07\/22\/to-byl-prawdziwy-show-tak-wygrywa-sie-tour-de-france\/","name":"To by\u0142 prawdziwy show! Tak wygrywa si\u0119 Tour de France - \u0160koda We Love Cycling - Poland","isPartOf":{"@id":"https:\/\/www.welovecycling.com\/pl\/#website"},"primaryImageOfPage":{"@id":"https:\/\/www.welovecycling.com\/pl\/2024\/07\/22\/to-byl-prawdziwy-show-tak-wygrywa-sie-tour-de-france\/#primaryimage"},"image":{"@id":"https:\/\/www.welovecycling.com\/pl\/2024\/07\/22\/to-byl-prawdziwy-show-tak-wygrywa-sie-tour-de-france\/#primaryimage"},"thumbnailUrl":"https:\/\/d2p6e6u75xmxt8.cloudfront.net\/5\/2024\/07\/obraz-3.webp","datePublished":"2024-07-22T12:58:12+00:00","author":{"@id":"https:\/\/www.welovecycling.com\/pl\/#\/schema\/person\/e551e469d0b17f4e0b87f3f4fa8fc0f2"},"breadcrumb":{"@id":"https:\/\/www.welovecycling.com\/pl\/2024\/07\/22\/to-byl-prawdziwy-show-tak-wygrywa-sie-tour-de-france\/#breadcrumb"},"inLanguage":"pl-PL","potentialAction":[{"@type":"ReadAction","target":["https:\/\/www.welovecycling.com\/pl\/2024\/07\/22\/to-byl-prawdziwy-show-tak-wygrywa-sie-tour-de-france\/"]}]},{"@type":"ImageObject","inLanguage":"pl-PL","@id":"https:\/\/www.welovecycling.com\/pl\/2024\/07\/22\/to-byl-prawdziwy-show-tak-wygrywa-sie-tour-de-france\/#primaryimage","url":"https:\/\/d2p6e6u75xmxt8.cloudfront.net\/5\/2024\/07\/obraz-3.webp","contentUrl":"https:\/\/d2p6e6u75xmxt8.cloudfront.net\/5\/2024\/07\/obraz-3.webp","width":990,"height":660},{"@type":"BreadcrumbList","@id":"https:\/\/www.welovecycling.com\/pl\/2024\/07\/22\/to-byl-prawdziwy-show-tak-wygrywa-sie-tour-de-france\/#breadcrumb","itemListElement":[{"@type":"ListItem","position":1,"name":"Home","item":"https:\/\/www.welovecycling.com\/pl\/"},{"@type":"ListItem","position":2,"name":"To by\u0142 prawdziwy show! Tak wygrywa si\u0119 Tour de France"}]},{"@type":"WebSite","@id":"https:\/\/www.welovecycling.com\/pl\/#website","url":"https:\/\/www.welovecycling.com\/pl\/","name":"\u0160koda We Love Cycling - Poland","description":"","potentialAction":[{"@type":"SearchAction","target":{"@type":"EntryPoint","urlTemplate":"https:\/\/www.welovecycling.com\/pl\/?s={search_term_string}"},"query-input":{"@type":"PropertyValueSpecification","valueRequired":true,"valueName":"search_term_string"}}],"inLanguage":"pl-PL"},{"@type":"Person","@id":"https:\/\/www.welovecycling.com\/pl\/#\/schema\/person\/e551e469d0b17f4e0b87f3f4fa8fc0f2","name":"konradbobrowski","image":{"@type":"ImageObject","inLanguage":"pl-PL","@id":"https:\/\/www.welovecycling.com\/pl\/#\/schema\/person\/image\/","url":"https:\/\/secure.gravatar.com\/avatar\/91ac5a8cb4a26d3b32dc77b5e6d46616cf6adf425879538f5e5d7e4ef2333a4c?s=96&d=mm&r=g","contentUrl":"https:\/\/secure.gravatar.com\/avatar\/91ac5a8cb4a26d3b32dc77b5e6d46616cf6adf425879538f5e5d7e4ef2333a4c?s=96&d=mm&r=g","caption":"konradbobrowski"},"url":"https:\/\/www.welovecycling.com\/pl\/author\/konradbobrowski\/"}]}},"_links":{"self":[{"href":"https:\/\/www.welovecycling.com\/pl\/wp-json\/wp\/v2\/posts\/15660","targetHints":{"allow":["GET"]}}],"collection":[{"href":"https:\/\/www.welovecycling.com\/pl\/wp-json\/wp\/v2\/posts"}],"about":[{"href":"https:\/\/www.welovecycling.com\/pl\/wp-json\/wp\/v2\/types\/post"}],"author":[{"embeddable":true,"href":"https:\/\/www.welovecycling.com\/pl\/wp-json\/wp\/v2\/users\/187"}],"replies":[{"embeddable":true,"href":"https:\/\/www.welovecycling.com\/pl\/wp-json\/wp\/v2\/comments?post=15660"}],"version-history":[{"count":1,"href":"https:\/\/www.welovecycling.com\/pl\/wp-json\/wp\/v2\/posts\/15660\/revisions"}],"predecessor-version":[{"id":15662,"href":"https:\/\/www.welovecycling.com\/pl\/wp-json\/wp\/v2\/posts\/15660\/revisions\/15662"}],"wp:featuredmedia":[{"embeddable":true,"href":"https:\/\/www.welovecycling.com\/pl\/wp-json\/wp\/v2\/media\/15661"}],"wp:attachment":[{"href":"https:\/\/www.welovecycling.com\/pl\/wp-json\/wp\/v2\/media?parent=15660"}],"wp:term":[{"taxonomy":"category","embeddable":true,"href":"https:\/\/www.welovecycling.com\/pl\/wp-json\/wp\/v2\/categories?post=15660"},{"taxonomy":"post_tag","embeddable":true,"href":"https:\/\/www.welovecycling.com\/pl\/wp-json\/wp\/v2\/tags?post=15660"},{"taxonomy":"global-categories","embeddable":true,"href":"https:\/\/www.welovecycling.com\/pl\/wp-json\/wp\/v2\/global-categories?post=15660"}],"curies":[{"name":"wp","href":"https:\/\/api.w.org\/{rel}","templated":true}]}}