{"id":15648,"date":"2024-07-19T06:57:21","date_gmt":"2024-07-19T06:57:21","guid":{"rendered":"https:\/\/www.welovecycling.com\/pl\/?p=15648"},"modified":"2024-07-19T06:57:21","modified_gmt":"2024-07-19T06:57:21","slug":"rodzinny-przewodnik-rowerowy-po-galicji-odkrywanie-krainy-czarow","status":"publish","type":"post","link":"https:\/\/www.welovecycling.com\/pl\/2024\/07\/19\/rodzinny-przewodnik-rowerowy-po-galicji-odkrywanie-krainy-czarow\/","title":{"rendered":"Rodzinny przewodnik rowerowy po Galicji: odkrywanie krainy czar\u00f3w"},"content":{"rendered":"<p><strong>Galicja, zielony klejnot w p\u00f3\u0142nocno-zachodniej Hiszpanii, odznacza si\u0119 wspania\u0142\u0105 mozaik\u0105 bujnych krajobraz\u00f3w, z\u0142o\u017con\u0105 histori\u0105 i t\u0119tni\u0105c\u0105 \u017cyciem kultur\u0105. Wszystko to czyni j\u0105 idealnym miejscem na rodzinne eskapady rowerowe. Gdy wiosna budzi nowe \u017cycie na poszarpanych wybrze\u017cach i w mistycznych lasach, Galicja staje si\u0119 sanktuarium dla dwuko\u0142owych odkrywc\u00f3w. Wyrusz w podr\u00f3\u017c przez najbardziej urokliwe trasy rowerowe w regionie, z kt\u00f3rych ka\u017cda oferuje unikatow\u0105 mieszank\u0119 malowniczych widok\u00f3w, historycznej g\u0142\u0119bi i atrakcji dla ca\u0142ej rodziny. Zapraszamy na niezapomniane wakacje!<\/strong><\/p>\n<h2><strong>Santiago de Compostela \u2013 Negreira (ok. 22 km)<\/strong><\/h2>\n<figure id=\"attachment_15653\" aria-describedby=\"caption-attachment-15653\" style=\"width: 990px\" class=\"wp-caption alignnone\"><a href=\"https:\/\/d2p6e6u75xmxt8.cloudfront.net\/5\/2024\/07\/obraz-16.webp\"><img loading=\"lazy\" decoding=\"async\" class=\"wp-image-15653 size-full\" src=\"https:\/\/d2p6e6u75xmxt8.cloudfront.net\/5\/2024\/07\/obraz-16.webp\" alt=\"\" width=\"990\" height=\"660\" srcset=\"https:\/\/d2p6e6u75xmxt8.cloudfront.net\/5\/2024\/07\/obraz-16.webp 990w, https:\/\/d2p6e6u75xmxt8.cloudfront.net\/5\/2024\/07\/obraz-16-300x200.webp 300w, https:\/\/d2p6e6u75xmxt8.cloudfront.net\/5\/2024\/07\/obraz-16-768x512.webp 768w, https:\/\/d2p6e6u75xmxt8.cloudfront.net\/5\/2024\/07\/obraz-16-400x267.webp 400w, https:\/\/d2p6e6u75xmxt8.cloudfront.net\/5\/2024\/07\/obraz-16-272x182.webp 272w\" sizes=\"auto, (max-width: 990px) 100vw, 990px\" \/><\/a><figcaption id=\"caption-attachment-15653\" class=\"wp-caption-text\">Odwied\u017a historyczne miasto Santiago de Compostela<\/figcaption><\/figure>\n<p><strong>Trasa odpowiednia dla dzieci w wieku 7 lat i starszych<\/strong><\/p>\n<p>Rozpocznij swoj\u0105 galicyjsk\u0105 wypraw\u0119 rowerow\u0105 od inspiruj\u0105cej przeja\u017cd\u017cki z historycznego o\u015brodka pielgrzymkowego Santiago de Compostela do spokojnego miasteczka Negreira. Ten 22-kilometrowy szlak, stanowi\u0105cy cz\u0119\u015b\u0107 s\u0142ynnej drogi \u015bw. Jakuba, wije si\u0119 przez pradawne lasy i spokojne wioski. Pocz\u0105tek trasy jest magiczny. \u015aredniowieczny urok katedry pod wezwaniem \u015bw. Jakuba odprowadza rowerzyst\u00f3w ku zielonym \u015bcie\u017ckom, kt\u00f3re zapraszaj\u0105 m\u0142odych (nawet 7-letnich) podr\u00f3\u017cnik\u00f3w do prze\u017cycia spokojnej przygody. Rodziny mog\u0105 zanurzy\u0107 si\u0119 w urzekaj\u0105cym pi\u0119knie przyrody Galicji i jej duchowym dziedzictwie. To wspania\u0142y pomys\u0142 na idealny wiosenny dzie\u0144!<\/p>\n<h2><strong>A Coru\u00f1a \u2013 Arteixo (ok. 15 km)<\/strong><\/h2>\n<figure id=\"attachment_15652\" aria-describedby=\"caption-attachment-15652\" style=\"width: 990px\" class=\"wp-caption alignnone\"><a href=\"https:\/\/d2p6e6u75xmxt8.cloudfront.net\/5\/2024\/07\/obraz-15.webp\"><img loading=\"lazy\" decoding=\"async\" class=\"wp-image-15652 size-full\" src=\"https:\/\/d2p6e6u75xmxt8.cloudfront.net\/5\/2024\/07\/obraz-15.webp\" alt=\"\" width=\"990\" height=\"660\" srcset=\"https:\/\/d2p6e6u75xmxt8.cloudfront.net\/5\/2024\/07\/obraz-15.webp 990w, https:\/\/d2p6e6u75xmxt8.cloudfront.net\/5\/2024\/07\/obraz-15-300x200.webp 300w, https:\/\/d2p6e6u75xmxt8.cloudfront.net\/5\/2024\/07\/obraz-15-768x512.webp 768w, https:\/\/d2p6e6u75xmxt8.cloudfront.net\/5\/2024\/07\/obraz-15-400x267.webp 400w, https:\/\/d2p6e6u75xmxt8.cloudfront.net\/5\/2024\/07\/obraz-15-272x182.webp 272w\" sizes=\"auto, (max-width: 990px) 100vw, 990px\" \/><\/a><figcaption id=\"caption-attachment-15652\" class=\"wp-caption-text\">Podziwiaj widoki z latarni morskiej na przyl\u0105dku Finisterra \u00a9 Profimedia<\/figcaption><\/figure>\n<p><strong>Trasa odpowiednia dla dzieci w wieku 6 lat i starszych<\/strong><\/p>\n<p>Uchwy\u0107 esencj\u0119 Atlantyku podczas koj\u0105cej przeja\u017cd\u017cki z t\u0119tni\u0105cej \u017cyciem A Coru\u00f1i do nadmorskiego miasta Arteixo. Ta 15-kilometrowa nadbrze\u017cna trasa pe\u0142na jest imponuj\u0105cych klif\u00f3w, piaszczystych pla\u017c i s\u0142ynnych galicyjskich latarni morskich. \u015acie\u017cka, idealna dla dzieci w wieku 6 lat i starszych, kusi urzekaj\u0105cym, cudownym wybrze\u017cem i przyjaznymi warunkami dla rodzin na rowerach. Morski duch regionu zauroczy podr\u00f3\u017cnik\u00f3w do tego stopnia, \u017ce na pewno skorzystaj\u0105 z okazji, by odpocz\u0105\u0107 podczas pikniku nad oceanem.<\/p>\n<h2><strong>Vigo \u2013 Baiona (ok. 25 km)<\/strong><\/h2>\n<figure id=\"attachment_15651\" aria-describedby=\"caption-attachment-15651\" style=\"width: 990px\" class=\"wp-caption alignnone\"><a href=\"https:\/\/d2p6e6u75xmxt8.cloudfront.net\/5\/2024\/07\/obraz-14.webp\"><img loading=\"lazy\" decoding=\"async\" class=\"wp-image-15651 size-full\" src=\"https:\/\/d2p6e6u75xmxt8.cloudfront.net\/5\/2024\/07\/obraz-14.webp\" alt=\"\" width=\"990\" height=\"660\" srcset=\"https:\/\/d2p6e6u75xmxt8.cloudfront.net\/5\/2024\/07\/obraz-14.webp 990w, https:\/\/d2p6e6u75xmxt8.cloudfront.net\/5\/2024\/07\/obraz-14-300x200.webp 300w, https:\/\/d2p6e6u75xmxt8.cloudfront.net\/5\/2024\/07\/obraz-14-768x512.webp 768w, https:\/\/d2p6e6u75xmxt8.cloudfront.net\/5\/2024\/07\/obraz-14-400x267.webp 400w, https:\/\/d2p6e6u75xmxt8.cloudfront.net\/5\/2024\/07\/obraz-14-272x182.webp 272w\" sizes=\"auto, (max-width: 990px) 100vw, 990px\" \/><\/a><figcaption id=\"caption-attachment-15651\" class=\"wp-caption-text\">Podziwiaj pi\u0119kno Oceanu Atlantyckiego \u00a9 Profimedia<\/figcaption><\/figure>\n<p><strong>Trasa odpowiednia dla rowerzyst\u00f3w w ka\u017cdym wieku<\/strong><\/p>\n<p>Rowerzy\u015bci szukaj\u0105cy miejskiej przygody mog\u0105 wybra\u0107 malownicz\u0105 tras\u0119, kt\u00f3ra biegnie z pe\u0142nego energii miasta Vigo do historycznej Baiony. Ten efektowny szlak prowadzi wzd\u0142u\u017c po\u0142udniowego wybrze\u017ca Galicji. Jest odpowiedni dla rowerzyst\u00f3w w ka\u017cdym wieku. Dystans 25 kilometr\u00f3w \u0142\u0105czy w sobie pi\u0119kno architektury i uroki wybrze\u017ca, a zarazem zaprasza do odkrywania t\u0119tni\u0105cych \u017cyciem ulic Vigo i \u015bredniowiecznej fortecy w Baionie. To idealne po\u0142\u0105czenie wypoczynku i eksploracji na tle b\u0142\u0119kitnego atlantyckiego bezkresu.<\/p>\n<p><span style=\"font-size: 18pt;\"><strong>P\u0119tla wzd\u0142u\u017c mur\u00f3w rzymskich w Lugo (ok. 5 km)<\/strong><\/span><\/p>\n<figure id=\"attachment_15650\" aria-describedby=\"caption-attachment-15650\" style=\"width: 990px\" class=\"wp-caption alignnone\"><a href=\"https:\/\/d2p6e6u75xmxt8.cloudfront.net\/5\/2024\/07\/obraz-13.webp\"><img loading=\"lazy\" decoding=\"async\" class=\"wp-image-15650 size-full\" src=\"https:\/\/d2p6e6u75xmxt8.cloudfront.net\/5\/2024\/07\/obraz-13.webp\" alt=\"\" width=\"990\" height=\"660\" srcset=\"https:\/\/d2p6e6u75xmxt8.cloudfront.net\/5\/2024\/07\/obraz-13.webp 990w, https:\/\/d2p6e6u75xmxt8.cloudfront.net\/5\/2024\/07\/obraz-13-300x200.webp 300w, https:\/\/d2p6e6u75xmxt8.cloudfront.net\/5\/2024\/07\/obraz-13-768x512.webp 768w, https:\/\/d2p6e6u75xmxt8.cloudfront.net\/5\/2024\/07\/obraz-13-400x267.webp 400w, https:\/\/d2p6e6u75xmxt8.cloudfront.net\/5\/2024\/07\/obraz-13-272x182.webp 272w\" sizes=\"auto, (max-width: 990px) 100vw, 990px\" \/><\/a><figcaption id=\"caption-attachment-15650\" class=\"wp-caption-text\">Poznaj przesz\u0142o\u015b\u0107 Galicji utrwalon\u0105 w Lugo \u00a9 Profimedia<\/figcaption><\/figure>\n<p><strong>Trasa odpowiednia dla rodzin z ma\u0142ymi dzie\u0107mi<\/strong><\/p>\n<p>Wybierz si\u0119 na przeja\u017cd\u017ck\u0119 historyczn\u0105 p\u0119tl\u0105 wzd\u0142u\u017c staro\u017cytnych rzymskich mur\u00f3w w Lugo otaczaj\u0105cych stare miasto i wpisanych na List\u0119 \u015awiatowego Dziedzictwa UNESCO. Ta pi\u0119ciokilometrowa trasa jest bardzo \u0142atwa, nadaje si\u0119 wi\u0119c dla rodzin z ma\u0142ymi dzie\u0107mi. Droga wiedzie przez jedn\u0105 z najlepiej zachowanych rzymskich fortyfikacji w Europie, dzi\u0119ki czemu gwarantuje niezapomniane wra\u017cenia wizualne. P\u0119tla ma tak\u017ce walory edukacyjne, bo zapewnia wyj\u0105tkowy wgl\u0105d w przesz\u0142o\u015b\u0107 Galicji i mo\u017cliwo\u015b\u0107 podziwiania panoramicznych widok\u00f3w ze szczytu monumentalnych mur\u00f3w.<\/p>\n<p><span style=\"font-size: 18pt;\"><strong>Ourense \u2013 Allariz (ok. 20 km)<\/strong><\/span><\/p>\n<figure id=\"attachment_15649\" aria-describedby=\"caption-attachment-15649\" style=\"width: 990px\" class=\"wp-caption alignnone\"><a href=\"https:\/\/d2p6e6u75xmxt8.cloudfront.net\/5\/2024\/07\/obraz-12.webp\"><img loading=\"lazy\" decoding=\"async\" class=\"wp-image-15649 size-full\" src=\"https:\/\/d2p6e6u75xmxt8.cloudfront.net\/5\/2024\/07\/obraz-12.webp\" alt=\"\" width=\"990\" height=\"660\" srcset=\"https:\/\/d2p6e6u75xmxt8.cloudfront.net\/5\/2024\/07\/obraz-12.webp 990w, https:\/\/d2p6e6u75xmxt8.cloudfront.net\/5\/2024\/07\/obraz-12-300x200.webp 300w, https:\/\/d2p6e6u75xmxt8.cloudfront.net\/5\/2024\/07\/obraz-12-768x512.webp 768w, https:\/\/d2p6e6u75xmxt8.cloudfront.net\/5\/2024\/07\/obraz-12-400x267.webp 400w, https:\/\/d2p6e6u75xmxt8.cloudfront.net\/5\/2024\/07\/obraz-12-272x182.webp 272w\" sizes=\"auto, (max-width: 990px) 100vw, 990px\" \/><\/a><figcaption id=\"caption-attachment-15649\" class=\"wp-caption-text\">\u015aredniowieczny kamienny most nad rzek\u0105 Arnoia w pi\u0119knej wiosce Allariz \u00a9 Profimedia<\/figcaption><\/figure>\n<p><strong>Trasa odpowiednia dla dzieci w wieku 8 lat i starszych<\/strong><\/p>\n<p>Dla rowerzyst\u00f3w, kt\u00f3rzy chc\u0105 po\u0142\u0105czy\u0107 poznawanie kultury z podziwianiem przyrody, pokonanie trasy prowadz\u0105cej znad w\u00f3d termalnych w Ourense do historycznego miasteczka Allariz to po prostu obowi\u0105zek. Ten 20-kilometrowy szlak wije si\u0119 wzd\u0142u\u017c malowniczej rzeki Mi\u00f1o, prowadz\u0105c przez bujne krajobrazy w\u015br\u00f3d gor\u0105cych \u017ar\u00f3de\u0142. Z t\u0105 tras\u0105 poradz\u0105 sobie dzieci ju\u017c w wieku 8 lat. Wynagrodzi im ona wysi\u0142ek licznymi historycznymi ciekawostkami, malowniczymi widokami i okazj\u0105 do odpoczynku w naturalnych gor\u0105cych \u017ar\u00f3d\u0142ach. Taka rodzinna wycieczka rowerowa na pewno nikogo nie zawiedzie!<\/p>\n<p>Galicja serdecznie zaprasza! Trudno o lepsz\u0105 sceneri\u0119 do wzbogacenia swojej kolekcji wyj\u0105tkowych wspomnie\u0144.<\/p>\n<p><span data-sheets-value=\"{&quot;1&quot;:2,&quot;2&quot;:&quot;Artyku\u0142 powsta\u0142 we wsp\u00f3\u0142pracy ze skoda-auto.pl&quot;}\" data-sheets-userformat=\"{&quot;2&quot;:1,&quot;3&quot;:{&quot;1&quot;:0}}\" data-sheets-hyperlink=\"http:\/\/www.skoda-auto.pl\/\"><a class=\"in-cell-link\" href=\"http:\/\/www.skoda-auto.pl\/\" target=\"_blank\" rel=\"noopener noreferrer\">Artyku\u0142 powsta\u0142 we wsp\u00f3\u0142pracy ze skoda-auto.pl<\/a><\/span><\/p>\n<p><a href=\"https:\/\/d2p6e6u75xmxt8.cloudfront.net\/5\/2030\/11\/3.webp\"><img loading=\"lazy\" decoding=\"async\" class=\"size-full wp-image-13776 aligncenter\" src=\"https:\/\/d2p6e6u75xmxt8.cloudfront.net\/5\/2030\/11\/3.webp\" alt=\"\" width=\"640\" height=\"350\" srcset=\"https:\/\/d2p6e6u75xmxt8.cloudfront.net\/5\/2030\/11\/3.webp 640w, https:\/\/d2p6e6u75xmxt8.cloudfront.net\/5\/2030\/11\/3-300x164.webp 300w, https:\/\/d2p6e6u75xmxt8.cloudfront.net\/5\/2030\/11\/3-400x219.webp 400w\" sizes=\"auto, (max-width: 640px) 100vw, 640px\" \/><\/a><\/p>\n","protected":false},"excerpt":{"rendered":"<p>Galicja, zielony klejnot w p\u00f3\u0142nocno-zachodniej Hiszpanii, odznacza si\u0119 wspania\u0142\u0105 mozaik\u0105 bujnych krajobraz\u00f3w, z\u0142o\u017con\u0105 histori\u0105 i t\u0119tni\u0105c\u0105 \u017cyciem kultur\u0105. Wszystko to [&hellip;]<\/p>\n","protected":false},"author":187,"featured_media":15654,"comment_status":"open","ping_status":"open","sticky":false,"template":"","format":"standard","meta":{"footnotes":""},"categories":[268],"tags":[25,191,404,88,269],"global-categories":[303],"class_list":["post-15648","post","type-post","status-publish","format-standard","has-post-thumbnail","hentry","category-rodzina","tag-rodzina","tag-skoda","tag-skodapolska","tag-wycieczka","tag-wyprawy-rowerowe","global-categories-cycling"],"yoast_head":"<!-- This site is optimized with the Yoast SEO Premium plugin v25.3 (Yoast SEO v25.9) - https:\/\/yoast.com\/wordpress\/plugins\/seo\/ -->\n<title>Rodzinny przewodnik rowerowy po Galicji: odkrywanie krainy czar\u00f3w - \u0160koda We Love Cycling - Poland<\/title>\n<meta name=\"robots\" content=\"index, follow, max-snippet:-1, max-image-preview:large, max-video-preview:-1\" \/>\n<link rel=\"canonical\" href=\"https:\/\/www.welovecycling.com\/pl\/2024\/07\/19\/rodzinny-przewodnik-rowerowy-po-galicji-odkrywanie-krainy-czarow\/\" \/>\n<meta property=\"og:locale\" content=\"pl_PL\" \/>\n<meta property=\"og:type\" content=\"article\" \/>\n<meta property=\"og:title\" content=\"Rodzinny przewodnik rowerowy po Galicji: odkrywanie krainy czar\u00f3w\" \/>\n<meta property=\"og:description\" content=\"Galicja, zielony klejnot w p\u00f3\u0142nocno-zachodniej Hiszpanii, odznacza si\u0119 wspania\u0142\u0105 mozaik\u0105 bujnych krajobraz\u00f3w, z\u0142o\u017con\u0105 histori\u0105 i t\u0119tni\u0105c\u0105 \u017cyciem kultur\u0105. Wszystko to [&hellip;]\" \/>\n<meta property=\"og:url\" content=\"https:\/\/www.welovecycling.com\/pl\/2024\/07\/19\/rodzinny-przewodnik-rowerowy-po-galicji-odkrywanie-krainy-czarow\/\" \/>\n<meta property=\"og:site_name\" content=\"\u0160koda We Love Cycling - Poland\" \/>\n<meta property=\"article:published_time\" content=\"2024-07-19T06:57:21+00:00\" \/>\n<meta property=\"og:image\" content=\"https:\/\/d2p6e6u75xmxt8.cloudfront.net\/5\/2024\/07\/obraz-17.webp\" \/>\n\t<meta property=\"og:image:width\" content=\"990\" \/>\n\t<meta property=\"og:image:height\" content=\"660\" \/>\n\t<meta property=\"og:image:type\" content=\"image\/webp\" \/>\n<meta name=\"author\" content=\"konradbobrowski\" \/>\n<meta name=\"twitter:card\" content=\"summary_large_image\" \/>\n<meta name=\"twitter:label1\" content=\"Written by\" \/>\n\t<meta name=\"twitter:data1\" content=\"Monica Buck\" \/>\n\t<meta name=\"twitter:label2\" content=\"Est. reading time\" \/>\n\t<meta name=\"twitter:data2\" content=\"4\" \/>\n<script type=\"application\/ld+json\" class=\"yoast-schema-graph\">{\"@context\":\"https:\/\/schema.org\",\"@graph\":[{\"@type\":\"WebPage\",\"@id\":\"https:\/\/www.welovecycling.com\/pl\/2024\/07\/19\/rodzinny-przewodnik-rowerowy-po-galicji-odkrywanie-krainy-czarow\/\",\"url\":\"https:\/\/www.welovecycling.com\/pl\/2024\/07\/19\/rodzinny-przewodnik-rowerowy-po-galicji-odkrywanie-krainy-czarow\/\",\"name\":\"Rodzinny przewodnik rowerowy po Galicji: odkrywanie krainy czar\u00f3w - \u0160koda We Love Cycling - Poland\",\"isPartOf\":{\"@id\":\"https:\/\/www.welovecycling.com\/pl\/#website\"},\"primaryImageOfPage\":{\"@id\":\"https:\/\/www.welovecycling.com\/pl\/2024\/07\/19\/rodzinny-przewodnik-rowerowy-po-galicji-odkrywanie-krainy-czarow\/#primaryimage\"},\"image\":{\"@id\":\"https:\/\/www.welovecycling.com\/pl\/2024\/07\/19\/rodzinny-przewodnik-rowerowy-po-galicji-odkrywanie-krainy-czarow\/#primaryimage\"},\"thumbnailUrl\":\"https:\/\/d2p6e6u75xmxt8.cloudfront.net\/5\/2024\/07\/obraz-17.webp\",\"datePublished\":\"2024-07-19T06:57:21+00:00\",\"author\":{\"@id\":\"https:\/\/www.welovecycling.com\/pl\/#\/schema\/person\/e551e469d0b17f4e0b87f3f4fa8fc0f2\"},\"breadcrumb\":{\"@id\":\"https:\/\/www.welovecycling.com\/pl\/2024\/07\/19\/rodzinny-przewodnik-rowerowy-po-galicji-odkrywanie-krainy-czarow\/#breadcrumb\"},\"inLanguage\":\"pl-PL\",\"potentialAction\":[{\"@type\":\"ReadAction\",\"target\":[\"https:\/\/www.welovecycling.com\/pl\/2024\/07\/19\/rodzinny-przewodnik-rowerowy-po-galicji-odkrywanie-krainy-czarow\/\"]}]},{\"@type\":\"ImageObject\",\"inLanguage\":\"pl-PL\",\"@id\":\"https:\/\/www.welovecycling.com\/pl\/2024\/07\/19\/rodzinny-przewodnik-rowerowy-po-galicji-odkrywanie-krainy-czarow\/#primaryimage\",\"url\":\"https:\/\/d2p6e6u75xmxt8.cloudfront.net\/5\/2024\/07\/obraz-17.webp\",\"contentUrl\":\"https:\/\/d2p6e6u75xmxt8.cloudfront.net\/5\/2024\/07\/obraz-17.webp\",\"width\":990,\"height\":660},{\"@type\":\"BreadcrumbList\",\"@id\":\"https:\/\/www.welovecycling.com\/pl\/2024\/07\/19\/rodzinny-przewodnik-rowerowy-po-galicji-odkrywanie-krainy-czarow\/#breadcrumb\",\"itemListElement\":[{\"@type\":\"ListItem\",\"position\":1,\"name\":\"Home\",\"item\":\"https:\/\/www.welovecycling.com\/pl\/\"},{\"@type\":\"ListItem\",\"position\":2,\"name\":\"Rodzinny przewodnik rowerowy po Galicji: odkrywanie krainy czar\u00f3w\"}]},{\"@type\":\"WebSite\",\"@id\":\"https:\/\/www.welovecycling.com\/pl\/#website\",\"url\":\"https:\/\/www.welovecycling.com\/pl\/\",\"name\":\"\u0160koda We Love Cycling - Poland\",\"description\":\"\",\"potentialAction\":[{\"@type\":\"SearchAction\",\"target\":{\"@type\":\"EntryPoint\",\"urlTemplate\":\"https:\/\/www.welovecycling.com\/pl\/?s={search_term_string}\"},\"query-input\":{\"@type\":\"PropertyValueSpecification\",\"valueRequired\":true,\"valueName\":\"search_term_string\"}}],\"inLanguage\":\"pl-PL\"},{\"@type\":\"Person\",\"@id\":\"https:\/\/www.welovecycling.com\/pl\/#\/schema\/person\/e551e469d0b17f4e0b87f3f4fa8fc0f2\",\"name\":\"konradbobrowski\",\"image\":{\"@type\":\"ImageObject\",\"inLanguage\":\"pl-PL\",\"@id\":\"https:\/\/www.welovecycling.com\/pl\/#\/schema\/person\/image\/\",\"url\":\"https:\/\/secure.gravatar.com\/avatar\/91ac5a8cb4a26d3b32dc77b5e6d46616cf6adf425879538f5e5d7e4ef2333a4c?s=96&d=mm&r=g\",\"contentUrl\":\"https:\/\/secure.gravatar.com\/avatar\/91ac5a8cb4a26d3b32dc77b5e6d46616cf6adf425879538f5e5d7e4ef2333a4c?s=96&d=mm&r=g\",\"caption\":\"konradbobrowski\"},\"url\":\"https:\/\/www.welovecycling.com\/pl\/author\/konradbobrowski\/\"}]}<\/script>\n<!-- \/ Yoast SEO Premium plugin. -->","yoast_head_json":{"title":"Rodzinny przewodnik rowerowy po Galicji: odkrywanie krainy czar\u00f3w - \u0160koda We Love Cycling - Poland","robots":{"index":"index","follow":"follow","max-snippet":"max-snippet:-1","max-image-preview":"max-image-preview:large","max-video-preview":"max-video-preview:-1"},"canonical":"https:\/\/www.welovecycling.com\/pl\/2024\/07\/19\/rodzinny-przewodnik-rowerowy-po-galicji-odkrywanie-krainy-czarow\/","og_locale":"pl_PL","og_type":"article","og_title":"Rodzinny przewodnik rowerowy po Galicji: odkrywanie krainy czar\u00f3w","og_description":"Galicja, zielony klejnot w p\u00f3\u0142nocno-zachodniej Hiszpanii, odznacza si\u0119 wspania\u0142\u0105 mozaik\u0105 bujnych krajobraz\u00f3w, z\u0142o\u017con\u0105 histori\u0105 i t\u0119tni\u0105c\u0105 \u017cyciem kultur\u0105. Wszystko to [&hellip;]","og_url":"https:\/\/www.welovecycling.com\/pl\/2024\/07\/19\/rodzinny-przewodnik-rowerowy-po-galicji-odkrywanie-krainy-czarow\/","og_site_name":"\u0160koda We Love Cycling - Poland","article_published_time":"2024-07-19T06:57:21+00:00","og_image":[{"width":990,"height":660,"url":"https:\/\/d2p6e6u75xmxt8.cloudfront.net\/5\/2024\/07\/obraz-17.webp","type":"image\/webp"}],"author":"konradbobrowski","twitter_card":"summary_large_image","twitter_misc":{"Written by":"Monica Buck","Est. reading time":"4"},"schema":{"@context":"https:\/\/schema.org","@graph":[{"@type":"WebPage","@id":"https:\/\/www.welovecycling.com\/pl\/2024\/07\/19\/rodzinny-przewodnik-rowerowy-po-galicji-odkrywanie-krainy-czarow\/","url":"https:\/\/www.welovecycling.com\/pl\/2024\/07\/19\/rodzinny-przewodnik-rowerowy-po-galicji-odkrywanie-krainy-czarow\/","name":"Rodzinny przewodnik rowerowy po Galicji: odkrywanie krainy czar\u00f3w - \u0160koda We Love Cycling - Poland","isPartOf":{"@id":"https:\/\/www.welovecycling.com\/pl\/#website"},"primaryImageOfPage":{"@id":"https:\/\/www.welovecycling.com\/pl\/2024\/07\/19\/rodzinny-przewodnik-rowerowy-po-galicji-odkrywanie-krainy-czarow\/#primaryimage"},"image":{"@id":"https:\/\/www.welovecycling.com\/pl\/2024\/07\/19\/rodzinny-przewodnik-rowerowy-po-galicji-odkrywanie-krainy-czarow\/#primaryimage"},"thumbnailUrl":"https:\/\/d2p6e6u75xmxt8.cloudfront.net\/5\/2024\/07\/obraz-17.webp","datePublished":"2024-07-19T06:57:21+00:00","author":{"@id":"https:\/\/www.welovecycling.com\/pl\/#\/schema\/person\/e551e469d0b17f4e0b87f3f4fa8fc0f2"},"breadcrumb":{"@id":"https:\/\/www.welovecycling.com\/pl\/2024\/07\/19\/rodzinny-przewodnik-rowerowy-po-galicji-odkrywanie-krainy-czarow\/#breadcrumb"},"inLanguage":"pl-PL","potentialAction":[{"@type":"ReadAction","target":["https:\/\/www.welovecycling.com\/pl\/2024\/07\/19\/rodzinny-przewodnik-rowerowy-po-galicji-odkrywanie-krainy-czarow\/"]}]},{"@type":"ImageObject","inLanguage":"pl-PL","@id":"https:\/\/www.welovecycling.com\/pl\/2024\/07\/19\/rodzinny-przewodnik-rowerowy-po-galicji-odkrywanie-krainy-czarow\/#primaryimage","url":"https:\/\/d2p6e6u75xmxt8.cloudfront.net\/5\/2024\/07\/obraz-17.webp","contentUrl":"https:\/\/d2p6e6u75xmxt8.cloudfront.net\/5\/2024\/07\/obraz-17.webp","width":990,"height":660},{"@type":"BreadcrumbList","@id":"https:\/\/www.welovecycling.com\/pl\/2024\/07\/19\/rodzinny-przewodnik-rowerowy-po-galicji-odkrywanie-krainy-czarow\/#breadcrumb","itemListElement":[{"@type":"ListItem","position":1,"name":"Home","item":"https:\/\/www.welovecycling.com\/pl\/"},{"@type":"ListItem","position":2,"name":"Rodzinny przewodnik rowerowy po Galicji: odkrywanie krainy czar\u00f3w"}]},{"@type":"WebSite","@id":"https:\/\/www.welovecycling.com\/pl\/#website","url":"https:\/\/www.welovecycling.com\/pl\/","name":"\u0160koda We Love Cycling - Poland","description":"","potentialAction":[{"@type":"SearchAction","target":{"@type":"EntryPoint","urlTemplate":"https:\/\/www.welovecycling.com\/pl\/?s={search_term_string}"},"query-input":{"@type":"PropertyValueSpecification","valueRequired":true,"valueName":"search_term_string"}}],"inLanguage":"pl-PL"},{"@type":"Person","@id":"https:\/\/www.welovecycling.com\/pl\/#\/schema\/person\/e551e469d0b17f4e0b87f3f4fa8fc0f2","name":"konradbobrowski","image":{"@type":"ImageObject","inLanguage":"pl-PL","@id":"https:\/\/www.welovecycling.com\/pl\/#\/schema\/person\/image\/","url":"https:\/\/secure.gravatar.com\/avatar\/91ac5a8cb4a26d3b32dc77b5e6d46616cf6adf425879538f5e5d7e4ef2333a4c?s=96&d=mm&r=g","contentUrl":"https:\/\/secure.gravatar.com\/avatar\/91ac5a8cb4a26d3b32dc77b5e6d46616cf6adf425879538f5e5d7e4ef2333a4c?s=96&d=mm&r=g","caption":"konradbobrowski"},"url":"https:\/\/www.welovecycling.com\/pl\/author\/konradbobrowski\/"}]}},"_links":{"self":[{"href":"https:\/\/www.welovecycling.com\/pl\/wp-json\/wp\/v2\/posts\/15648","targetHints":{"allow":["GET"]}}],"collection":[{"href":"https:\/\/www.welovecycling.com\/pl\/wp-json\/wp\/v2\/posts"}],"about":[{"href":"https:\/\/www.welovecycling.com\/pl\/wp-json\/wp\/v2\/types\/post"}],"author":[{"embeddable":true,"href":"https:\/\/www.welovecycling.com\/pl\/wp-json\/wp\/v2\/users\/187"}],"replies":[{"embeddable":true,"href":"https:\/\/www.welovecycling.com\/pl\/wp-json\/wp\/v2\/comments?post=15648"}],"version-history":[{"count":1,"href":"https:\/\/www.welovecycling.com\/pl\/wp-json\/wp\/v2\/posts\/15648\/revisions"}],"predecessor-version":[{"id":15655,"href":"https:\/\/www.welovecycling.com\/pl\/wp-json\/wp\/v2\/posts\/15648\/revisions\/15655"}],"wp:featuredmedia":[{"embeddable":true,"href":"https:\/\/www.welovecycling.com\/pl\/wp-json\/wp\/v2\/media\/15654"}],"wp:attachment":[{"href":"https:\/\/www.welovecycling.com\/pl\/wp-json\/wp\/v2\/media?parent=15648"}],"wp:term":[{"taxonomy":"category","embeddable":true,"href":"https:\/\/www.welovecycling.com\/pl\/wp-json\/wp\/v2\/categories?post=15648"},{"taxonomy":"post_tag","embeddable":true,"href":"https:\/\/www.welovecycling.com\/pl\/wp-json\/wp\/v2\/tags?post=15648"},{"taxonomy":"global-categories","embeddable":true,"href":"https:\/\/www.welovecycling.com\/pl\/wp-json\/wp\/v2\/global-categories?post=15648"}],"curies":[{"name":"wp","href":"https:\/\/api.w.org\/{rel}","templated":true}]}}