{"id":15640,"date":"2024-07-17T13:29:53","date_gmt":"2024-07-17T13:29:53","guid":{"rendered":"https:\/\/www.welovecycling.com\/pl\/?p=15640"},"modified":"2024-07-17T13:29:53","modified_gmt":"2024-07-17T13:29:53","slug":"bartosz-huzarski-przydatne-funkcje-samochodu","status":"publish","type":"post","link":"https:\/\/www.welovecycling.com\/pl\/2024\/07\/17\/bartosz-huzarski-przydatne-funkcje-samochodu\/","title":{"rendered":"Bartosz Huzarski: Przydatne funkcje samochodu"},"content":{"rendered":"<p><strong>Ka\u017cdy z nas, wybieraj\u0105c model samochodu, kieruje si\u0119 swoimi indywidualnymi potrzebami oraz ilo\u015bci\u0105 funkcjonalnych rozwi\u0105za\u0144 zar\u00f3wno wewn\u0105trz, jak i z zewn\u0105trz pojazdu. Bardzo wa\u017cne jest r\u00f3wnie\u017c po\u0142\u0105czenie codziennej praktyczno\u015bci z innowacjami, kt\u00f3re sprzyjaj\u0105 rozwijaniu naszych pasji. W moim przypadku \u2013 ojca i kolarza (ju\u017c amatora) \u2013 samoch\u00f3d jest bardzo wa\u017cnym \u015brodkiem transportu. Rano s\u0142u\u017cy mi do podwo\u017cenia dzieci do szk\u00f3\u0142 czy wypadu na szybkie zakupy. W czasie pracy pozwala mi przemieszcza\u0107 si\u0119 mi\u0119dzy spotkaniami. Z kolei w wolnym czasie bardzo cz\u0119sto wykorzystuj\u0119 go do przewo\u017cenia jedno\u015bladu i przer\u00f3\u017cnych materia\u0142\u00f3w potrzebnych mi do produkcji film\u00f3w i realizowania rowerowej pasji. <\/strong><\/p>\n<p>Zatem jakie funkcje s\u0105 najbardziej przydatne i sprawiaj\u0105, \u017ce samoch\u00f3d u\u0142atwia nam codzienne czynno\u015bci oraz robienie tego, co kochamy? Postaram si\u0119 wyr\u00f3\u017cni\u0107 kilka praktycznych rozwi\u0105za\u0144 na w\u0142asnym przyk\u0142adzie.<\/p>\n<p><span style=\"font-size: 18pt;\"><strong><em>1. Pojemno\u015b\u0107 baga\u017cnika\u00a0<\/em><\/strong><\/span><\/p>\n<p>Zaczniemy od pojemno\u015bci baga\u017cnika zar\u00f3wno przed z\u0142o\u017ceniem tylnej kanapy, jak i po nim. Dla mnie najwa\u017cniejsze jest to, by rower wchodzi\u0142 w ca\u0142o\u015bci bez sk\u0142adania k\u00f3\u0142, bo bardzo cz\u0119sto podczas kr\u0119cenia materia\u0142\u00f3w, cho\u0107by dla We Love Cycling, przemieszczam si\u0119 samochodem, a rower wyci\u0105gam tylko w wyznaczonych lokalizacjach. Bywa, \u017ce podczas dnia zdj\u0119ciowego takich miejsc jest ok. 20. Sk\u0142adanie i rozk\u0142adanie roweru by\u0142oby bardzo uci\u0105\u017cliwe.<br \/>\nPonadto jako rodzic zawsze potrzebuj\u0119 du\u017co przestrzeni baga\u017cowej. Na wakacyjny wyjazd z dzie\u0107mi trzeba zabra\u0107\u2026 ca\u0142kiem sporo. Walizki, w\u00f3zek, zabawki do piasku \u2013 to wszystko bez problemu wype\u0142nia przestrze\u0144 baga\u017cnika w ca\u0142o\u015bci.<\/p>\n<h2><strong><em>2. Mocowania Isofix do fotelik\u00f3w dla dzieci\u00a0<\/em><\/strong><\/h2>\n<p><a href=\"https:\/\/d2p6e6u75xmxt8.cloudfront.net\/5\/2024\/07\/1000030472-01-scaled.webp\"><img loading=\"lazy\" decoding=\"async\" class=\"alignnone size-extra-large wp-image-15645\" src=\"https:\/\/d2p6e6u75xmxt8.cloudfront.net\/5\/2024\/07\/1000030472-01-1920x1080.webp\" alt=\"\" width=\"1920\" height=\"1080\" srcset=\"https:\/\/d2p6e6u75xmxt8.cloudfront.net\/5\/2024\/07\/1000030472-01-1920x1080.webp 1920w, https:\/\/d2p6e6u75xmxt8.cloudfront.net\/5\/2024\/07\/1000030472-01-300x169.webp 300w, https:\/\/d2p6e6u75xmxt8.cloudfront.net\/5\/2024\/07\/1000030472-01-1024x576.webp 1024w, https:\/\/d2p6e6u75xmxt8.cloudfront.net\/5\/2024\/07\/1000030472-01-768x432.webp 768w, https:\/\/d2p6e6u75xmxt8.cloudfront.net\/5\/2024\/07\/1000030472-01-1536x864.webp 1536w, https:\/\/d2p6e6u75xmxt8.cloudfront.net\/5\/2024\/07\/1000030472-01-2048x1152.webp 2048w, https:\/\/d2p6e6u75xmxt8.cloudfront.net\/5\/2024\/07\/1000030472-01-400x225.webp 400w, https:\/\/d2p6e6u75xmxt8.cloudfront.net\/5\/2024\/07\/1000030472-01-1920x1080.webp 1920w\" sizes=\"auto, (max-width: 1920px) 100vw, 1920px\" \/><\/a>Bezpieczna podr\u00f3\u017c to dobra podr\u00f3\u017c, dlatego uwa\u017cam, \u017ce mocowania Isofix s\u0105 bardzo wa\u017cnym elementem wyposa\u017cenia tylnej kanapy. Dzi\u0119ki nim mam pewno\u015b\u0107, \u017ce foteliki dla dzieci zosta\u0142y prawid\u0142owo zamocowane, a ma\u0142y pasa\u017cer ma zapewnione bezpiecze\u0144stwo podczas podr\u00f3\u017cy.<\/p>\n<h2><strong><em>3. Blokada otwierania tylnych okien<\/em><\/strong><\/h2>\n<p>Zakazany owoc smakuje najlepiej, wiemy to nie od dzi\u015b. Dzieci lubi\u0105 wszystko wciska\u0107 i w ten spos\u00f3b poznawa\u0107 \u015bwiat. Blokada otwierania tylnych szyb trafia wi\u0119c na moj\u0105 list\u0119 przydatnych funkcji w samochodach. To kolejne rozwi\u0105zanie, kt\u00f3re pomaga zadba\u0107 o bezpiecze\u0144stwo naszych dzieci podczas podr\u00f3\u017cy, a nawet w trakcie postoju. Nie wiem jak Wy, ale ja lubi\u0119 mie\u0107 kontrol\u0119 nad tym, co dzieje si\u0119 w samochodzie, szczeg\u00f3lnie gdy prowadz\u0119.<\/p>\n<h2><strong><em>4. Kamera 360 stopni<a href=\"https:\/\/d2p6e6u75xmxt8.cloudfront.net\/5\/2024\/07\/1000030458-01-scaled.webp\"><img loading=\"lazy\" decoding=\"async\" class=\"alignnone size-extra-large wp-image-15644\" src=\"https:\/\/d2p6e6u75xmxt8.cloudfront.net\/5\/2024\/07\/1000030458-01-1920x1080.webp\" alt=\"\" width=\"1920\" height=\"1080\" srcset=\"https:\/\/d2p6e6u75xmxt8.cloudfront.net\/5\/2024\/07\/1000030458-01-1920x1080.webp 1920w, https:\/\/d2p6e6u75xmxt8.cloudfront.net\/5\/2024\/07\/1000030458-01-300x169.webp 300w, https:\/\/d2p6e6u75xmxt8.cloudfront.net\/5\/2024\/07\/1000030458-01-1024x576.webp 1024w, https:\/\/d2p6e6u75xmxt8.cloudfront.net\/5\/2024\/07\/1000030458-01-768x432.webp 768w, https:\/\/d2p6e6u75xmxt8.cloudfront.net\/5\/2024\/07\/1000030458-01-1536x864.webp 1536w, https:\/\/d2p6e6u75xmxt8.cloudfront.net\/5\/2024\/07\/1000030458-01-2048x1152.webp 2048w, https:\/\/d2p6e6u75xmxt8.cloudfront.net\/5\/2024\/07\/1000030458-01-400x225.webp 400w, https:\/\/d2p6e6u75xmxt8.cloudfront.net\/5\/2024\/07\/1000030458-01-1920x1080.webp 1920w\" sizes=\"auto, (max-width: 1920px) 100vw, 1920px\" \/><\/a><\/em><\/strong><\/h2>\n<p>To naprawd\u0119 pomocne rozwi\u0105zanie. Niekt\u00f3rzy m\u00f3wi\u0105, \u017ce kamera 360 stopni nas uwstecznia, ale ja si\u0119 z tym nie zgadzam. Szczeg\u00f3lnie na ciasnych podziemnych parkingach, gdy manewrujemy na centymetry pomi\u0119dzy elementami konstrukcyjnymi budynk\u00f3w a innymi samochodami, kamera, kt\u00f3ra pokazuje wszystko dooko\u0142a, jest bardzo przydatna. R\u00f3wnie praktyczna okazuje si\u0119 podczas parkowania ko\u0142o domu pe\u0142nego dzieci, kt\u00f3re w sekund\u0119 potrafi\u0105 kopn\u0105\u0107 pi\u0142k\u0119 w stron\u0119 samochodu lub nagle porzuci\u0107 rowerek tu\u017c obok auta.<\/p>\n<h2><strong><em>5. Transport rower\u00f3w \u2013 relingi dachowe i chowany hak<a href=\"https:\/\/d2p6e6u75xmxt8.cloudfront.net\/5\/2024\/07\/1000030446-01-1-scaled.webp\"><img loading=\"lazy\" decoding=\"async\" class=\"alignnone size-extra-large wp-image-15643\" src=\"https:\/\/d2p6e6u75xmxt8.cloudfront.net\/5\/2024\/07\/1000030446-01-1-1920x1080.webp\" alt=\"\" width=\"1920\" height=\"1080\" srcset=\"https:\/\/d2p6e6u75xmxt8.cloudfront.net\/5\/2024\/07\/1000030446-01-1-1920x1080.webp 1920w, https:\/\/d2p6e6u75xmxt8.cloudfront.net\/5\/2024\/07\/1000030446-01-1-300x169.webp 300w, https:\/\/d2p6e6u75xmxt8.cloudfront.net\/5\/2024\/07\/1000030446-01-1-1024x576.webp 1024w, https:\/\/d2p6e6u75xmxt8.cloudfront.net\/5\/2024\/07\/1000030446-01-1-768x432.webp 768w, https:\/\/d2p6e6u75xmxt8.cloudfront.net\/5\/2024\/07\/1000030446-01-1-1536x864.webp 1536w, https:\/\/d2p6e6u75xmxt8.cloudfront.net\/5\/2024\/07\/1000030446-01-1-2048x1152.webp 2048w, https:\/\/d2p6e6u75xmxt8.cloudfront.net\/5\/2024\/07\/1000030446-01-1-400x225.webp 400w, https:\/\/d2p6e6u75xmxt8.cloudfront.net\/5\/2024\/07\/1000030446-01-1-1920x1080.webp 1920w\" sizes=\"auto, (max-width: 1920px) 100vw, 1920px\" \/><\/a><\/em><\/strong><\/h2>\n<p>Aktywnie uczestniczysz w wy\u015bcigach kolarskich lub je\u017adzisz z ca\u0142\u0105 rodzin\u0105 na rowerowe wakacje? A mo\u017ce prowadzisz ekip\u0119 kolarsk\u0105 i masz baga\u017cnik na siedem, osiem rower\u00f3w? We wszystkich tych przypadkach i pewnie wielu innych potrzebne jest praktyczne i niezawodne rozwi\u0105zanie, kt\u00f3re umo\u017cliwi przewiezienie niezb\u0119dnych rzeczy, w tym przypadku rower\u00f3w. Zar\u00f3wno relingi dachowe, jak i hak pozwalaj\u0105 na bardzo wygodne i bezpieczne transportowanie jedno\u015blad\u00f3w. W moim klubie kolarskim mamy dwie \u0160kody Superb z profesjonalnymi baga\u017cnikami na dachu, dzi\u0119ki kt\u00f3rym mo\u017cna przewie\u017a\u0107 a\u017c siedem rower\u00f3w. A to stanowi powa\u017cny op\u00f3r powietrza, wi\u0119c system mocowania musi by\u0107 pewny i niezawodny. Asortyment baga\u017cnik\u00f3w na hak holowniczy te\u017c jest mocno rozbudowany i pozwala bezpiecznie przewie\u017a\u0107 nasz sprz\u0119t \u2013 zar\u00f3wno dla pozosta\u0142ych uczestnik\u00f3w ruchu, jak i samych rower\u00f3w \u2013 a przy tym gwarantuje dost\u0119p do baga\u017cnika w dowolnym momencie.<\/p>\n<p><span style=\"font-size: 18pt;\"><strong><em>6. Podgrzewane fotele <\/em><\/strong><\/span><\/p>\n<p>Kto po zimowym treningu, wy\u015bcigu prze\u0142ajowym lub wypadzie na narty nie rozpocz\u0105\u0142 podr\u00f3\u017cy do domu od w\u0142\u0105czenia podgrzewania foteli? No w\u0142a\u015bnie \u2013 ka\u017cdy, kto ma t\u0119 funkcj\u0119, korzysta z niej regularnie. To genialne rozwi\u0105zanie, a poszerzone o podgrzewan\u0105 kierownic\u0119 pozwala na dotarcie do domu w naprawd\u0119 komfortowych warunkach. To rozwi\u0105zanie sprawdza si\u0119 r\u00f3wnie\u017c w \u017cyciu codziennym \u2013 kiedy w zimowy poranek wsiadasz do wych\u0142odzonego samochodu, fajnie jest, gdy po minucie robi si\u0119 ciep\u0142o i przyjemnie nie tylko w r\u0119ce, ale i plecy. Trzeba przyzna\u0107, \u017ce wtedy droga do pracy wygl\u0105da zupe\u0142nie inaczej.<\/p>\n<p><span data-sheets-value=\"{&quot;1&quot;:2,&quot;2&quot;:&quot;Artyku\u0142 powsta\u0142 we wsp\u00f3\u0142pracy ze skoda-auto.pl&quot;}\" data-sheets-userformat=\"{&quot;2&quot;:1,&quot;3&quot;:{&quot;1&quot;:0}}\" data-sheets-hyperlink=\"http:\/\/www.skoda-auto.pl\/\"><a class=\"in-cell-link\" href=\"http:\/\/www.skoda-auto.pl\/\" target=\"_blank\" rel=\"noopener noreferrer\">Artyku\u0142 powsta\u0142 we wsp\u00f3\u0142pracy ze skoda-auto.pl<\/a><\/span><\/p>\n<p><a href=\"https:\/\/d2p6e6u75xmxt8.cloudfront.net\/5\/2030\/11\/1.webp\"><img loading=\"lazy\" decoding=\"async\" class=\"size-full wp-image-13777 aligncenter\" src=\"https:\/\/d2p6e6u75xmxt8.cloudfront.net\/5\/2030\/11\/1.webp\" alt=\"\" width=\"640\" height=\"350\" srcset=\"https:\/\/d2p6e6u75xmxt8.cloudfront.net\/5\/2030\/11\/1.webp 640w, https:\/\/d2p6e6u75xmxt8.cloudfront.net\/5\/2030\/11\/1-300x164.webp 300w, https:\/\/d2p6e6u75xmxt8.cloudfront.net\/5\/2030\/11\/1-400x219.webp 400w\" sizes=\"auto, (max-width: 640px) 100vw, 640px\" \/><\/a><\/p>\n","protected":false},"excerpt":{"rendered":"<p>Ka\u017cdy z nas, wybieraj\u0105c model samochodu, kieruje si\u0119 swoimi indywidualnymi potrzebami oraz ilo\u015bci\u0105 funkcjonalnych rozwi\u0105za\u0144 zar\u00f3wno wewn\u0105trz, jak i z [&hellip;]<\/p>\n","protected":false},"author":187,"featured_media":15646,"comment_status":"open","ping_status":"open","sticky":false,"template":"","format":"standard","meta":{"footnotes":""},"categories":[203],"tags":[108,62,191,404],"global-categories":[303],"class_list":["post-15640","post","type-post","status-publish","format-standard","has-post-thumbnail","hentry","category-bartosz-huzarski","tag-bartosz-huzarski","tag-porady","tag-skoda","tag-skodapolska","global-categories-cycling"],"yoast_head":"<!-- This site is optimized with the Yoast SEO Premium plugin v25.3 (Yoast SEO v25.9) - https:\/\/yoast.com\/wordpress\/plugins\/seo\/ -->\n<title>Bartosz Huzarski: Przydatne funkcje samochodu - \u0160koda We Love Cycling - Poland<\/title>\n<meta name=\"robots\" content=\"index, follow, max-snippet:-1, max-image-preview:large, max-video-preview:-1\" \/>\n<link rel=\"canonical\" href=\"https:\/\/www.welovecycling.com\/pl\/2024\/07\/17\/bartosz-huzarski-przydatne-funkcje-samochodu\/\" \/>\n<meta property=\"og:locale\" content=\"pl_PL\" \/>\n<meta property=\"og:type\" content=\"article\" \/>\n<meta property=\"og:title\" content=\"Bartosz Huzarski: Przydatne funkcje samochodu\" \/>\n<meta property=\"og:description\" content=\"Ka\u017cdy z nas, wybieraj\u0105c model samochodu, kieruje si\u0119 swoimi indywidualnymi potrzebami oraz ilo\u015bci\u0105 funkcjonalnych rozwi\u0105za\u0144 zar\u00f3wno wewn\u0105trz, jak i z [&hellip;]\" \/>\n<meta property=\"og:url\" content=\"https:\/\/www.welovecycling.com\/pl\/2024\/07\/17\/bartosz-huzarski-przydatne-funkcje-samochodu\/\" \/>\n<meta property=\"og:site_name\" content=\"\u0160koda We Love Cycling - Poland\" \/>\n<meta property=\"article:published_time\" content=\"2024-07-17T13:29:53+00:00\" \/>\n<meta property=\"og:image\" content=\"https:\/\/d2p6e6u75xmxt8.cloudfront.net\/5\/2024\/07\/1000030437-01-scaled.webp\" \/>\n\t<meta property=\"og:image:width\" content=\"2560\" \/>\n\t<meta property=\"og:image:height\" content=\"1439\" \/>\n\t<meta property=\"og:image:type\" content=\"image\/webp\" \/>\n<meta name=\"author\" content=\"konradbobrowski\" \/>\n<meta name=\"twitter:card\" content=\"summary_large_image\" \/>\n<meta name=\"twitter:label1\" content=\"Written by\" \/>\n\t<meta name=\"twitter:data1\" content=\"Bartosz Huzarski\" \/>\n\t<meta name=\"twitter:label2\" content=\"Est. reading time\" \/>\n\t<meta name=\"twitter:data2\" content=\"4\" \/>\n<script type=\"application\/ld+json\" class=\"yoast-schema-graph\">{\"@context\":\"https:\/\/schema.org\",\"@graph\":[{\"@type\":\"WebPage\",\"@id\":\"https:\/\/www.welovecycling.com\/pl\/2024\/07\/17\/bartosz-huzarski-przydatne-funkcje-samochodu\/\",\"url\":\"https:\/\/www.welovecycling.com\/pl\/2024\/07\/17\/bartosz-huzarski-przydatne-funkcje-samochodu\/\",\"name\":\"Bartosz Huzarski: Przydatne funkcje samochodu - \u0160koda We Love Cycling - Poland\",\"isPartOf\":{\"@id\":\"https:\/\/www.welovecycling.com\/pl\/#website\"},\"primaryImageOfPage\":{\"@id\":\"https:\/\/www.welovecycling.com\/pl\/2024\/07\/17\/bartosz-huzarski-przydatne-funkcje-samochodu\/#primaryimage\"},\"image\":{\"@id\":\"https:\/\/www.welovecycling.com\/pl\/2024\/07\/17\/bartosz-huzarski-przydatne-funkcje-samochodu\/#primaryimage\"},\"thumbnailUrl\":\"https:\/\/d2p6e6u75xmxt8.cloudfront.net\/5\/2024\/07\/1000030437-01-scaled.webp\",\"datePublished\":\"2024-07-17T13:29:53+00:00\",\"author\":{\"@id\":\"https:\/\/www.welovecycling.com\/pl\/#\/schema\/person\/e551e469d0b17f4e0b87f3f4fa8fc0f2\"},\"breadcrumb\":{\"@id\":\"https:\/\/www.welovecycling.com\/pl\/2024\/07\/17\/bartosz-huzarski-przydatne-funkcje-samochodu\/#breadcrumb\"},\"inLanguage\":\"pl-PL\",\"potentialAction\":[{\"@type\":\"ReadAction\",\"target\":[\"https:\/\/www.welovecycling.com\/pl\/2024\/07\/17\/bartosz-huzarski-przydatne-funkcje-samochodu\/\"]}]},{\"@type\":\"ImageObject\",\"inLanguage\":\"pl-PL\",\"@id\":\"https:\/\/www.welovecycling.com\/pl\/2024\/07\/17\/bartosz-huzarski-przydatne-funkcje-samochodu\/#primaryimage\",\"url\":\"https:\/\/d2p6e6u75xmxt8.cloudfront.net\/5\/2024\/07\/1000030437-01-scaled.webp\",\"contentUrl\":\"https:\/\/d2p6e6u75xmxt8.cloudfront.net\/5\/2024\/07\/1000030437-01-scaled.webp\",\"width\":2560,\"height\":1439},{\"@type\":\"BreadcrumbList\",\"@id\":\"https:\/\/www.welovecycling.com\/pl\/2024\/07\/17\/bartosz-huzarski-przydatne-funkcje-samochodu\/#breadcrumb\",\"itemListElement\":[{\"@type\":\"ListItem\",\"position\":1,\"name\":\"Home\",\"item\":\"https:\/\/www.welovecycling.com\/pl\/\"},{\"@type\":\"ListItem\",\"position\":2,\"name\":\"Bartosz Huzarski: Przydatne funkcje samochodu\"}]},{\"@type\":\"WebSite\",\"@id\":\"https:\/\/www.welovecycling.com\/pl\/#website\",\"url\":\"https:\/\/www.welovecycling.com\/pl\/\",\"name\":\"\u0160koda We Love Cycling - Poland\",\"description\":\"\",\"potentialAction\":[{\"@type\":\"SearchAction\",\"target\":{\"@type\":\"EntryPoint\",\"urlTemplate\":\"https:\/\/www.welovecycling.com\/pl\/?s={search_term_string}\"},\"query-input\":{\"@type\":\"PropertyValueSpecification\",\"valueRequired\":true,\"valueName\":\"search_term_string\"}}],\"inLanguage\":\"pl-PL\"},{\"@type\":\"Person\",\"@id\":\"https:\/\/www.welovecycling.com\/pl\/#\/schema\/person\/e551e469d0b17f4e0b87f3f4fa8fc0f2\",\"name\":\"konradbobrowski\",\"image\":{\"@type\":\"ImageObject\",\"inLanguage\":\"pl-PL\",\"@id\":\"https:\/\/www.welovecycling.com\/pl\/#\/schema\/person\/image\/\",\"url\":\"https:\/\/secure.gravatar.com\/avatar\/91ac5a8cb4a26d3b32dc77b5e6d46616cf6adf425879538f5e5d7e4ef2333a4c?s=96&d=mm&r=g\",\"contentUrl\":\"https:\/\/secure.gravatar.com\/avatar\/91ac5a8cb4a26d3b32dc77b5e6d46616cf6adf425879538f5e5d7e4ef2333a4c?s=96&d=mm&r=g\",\"caption\":\"konradbobrowski\"},\"url\":\"https:\/\/www.welovecycling.com\/pl\/author\/konradbobrowski\/\"}]}<\/script>\n<!-- \/ Yoast SEO Premium plugin. -->","yoast_head_json":{"title":"Bartosz Huzarski: Przydatne funkcje samochodu - \u0160koda We Love Cycling - Poland","robots":{"index":"index","follow":"follow","max-snippet":"max-snippet:-1","max-image-preview":"max-image-preview:large","max-video-preview":"max-video-preview:-1"},"canonical":"https:\/\/www.welovecycling.com\/pl\/2024\/07\/17\/bartosz-huzarski-przydatne-funkcje-samochodu\/","og_locale":"pl_PL","og_type":"article","og_title":"Bartosz Huzarski: Przydatne funkcje samochodu","og_description":"Ka\u017cdy z nas, wybieraj\u0105c model samochodu, kieruje si\u0119 swoimi indywidualnymi potrzebami oraz ilo\u015bci\u0105 funkcjonalnych rozwi\u0105za\u0144 zar\u00f3wno wewn\u0105trz, jak i z [&hellip;]","og_url":"https:\/\/www.welovecycling.com\/pl\/2024\/07\/17\/bartosz-huzarski-przydatne-funkcje-samochodu\/","og_site_name":"\u0160koda We Love Cycling - Poland","article_published_time":"2024-07-17T13:29:53+00:00","og_image":[{"width":2560,"height":1439,"url":"https:\/\/d2p6e6u75xmxt8.cloudfront.net\/5\/2024\/07\/1000030437-01-scaled.webp","type":"image\/webp"}],"author":"konradbobrowski","twitter_card":"summary_large_image","twitter_misc":{"Written by":"Bartosz Huzarski","Est. reading time":"4"},"schema":{"@context":"https:\/\/schema.org","@graph":[{"@type":"WebPage","@id":"https:\/\/www.welovecycling.com\/pl\/2024\/07\/17\/bartosz-huzarski-przydatne-funkcje-samochodu\/","url":"https:\/\/www.welovecycling.com\/pl\/2024\/07\/17\/bartosz-huzarski-przydatne-funkcje-samochodu\/","name":"Bartosz Huzarski: Przydatne funkcje samochodu - \u0160koda We Love Cycling - Poland","isPartOf":{"@id":"https:\/\/www.welovecycling.com\/pl\/#website"},"primaryImageOfPage":{"@id":"https:\/\/www.welovecycling.com\/pl\/2024\/07\/17\/bartosz-huzarski-przydatne-funkcje-samochodu\/#primaryimage"},"image":{"@id":"https:\/\/www.welovecycling.com\/pl\/2024\/07\/17\/bartosz-huzarski-przydatne-funkcje-samochodu\/#primaryimage"},"thumbnailUrl":"https:\/\/d2p6e6u75xmxt8.cloudfront.net\/5\/2024\/07\/1000030437-01-scaled.webp","datePublished":"2024-07-17T13:29:53+00:00","author":{"@id":"https:\/\/www.welovecycling.com\/pl\/#\/schema\/person\/e551e469d0b17f4e0b87f3f4fa8fc0f2"},"breadcrumb":{"@id":"https:\/\/www.welovecycling.com\/pl\/2024\/07\/17\/bartosz-huzarski-przydatne-funkcje-samochodu\/#breadcrumb"},"inLanguage":"pl-PL","potentialAction":[{"@type":"ReadAction","target":["https:\/\/www.welovecycling.com\/pl\/2024\/07\/17\/bartosz-huzarski-przydatne-funkcje-samochodu\/"]}]},{"@type":"ImageObject","inLanguage":"pl-PL","@id":"https:\/\/www.welovecycling.com\/pl\/2024\/07\/17\/bartosz-huzarski-przydatne-funkcje-samochodu\/#primaryimage","url":"https:\/\/d2p6e6u75xmxt8.cloudfront.net\/5\/2024\/07\/1000030437-01-scaled.webp","contentUrl":"https:\/\/d2p6e6u75xmxt8.cloudfront.net\/5\/2024\/07\/1000030437-01-scaled.webp","width":2560,"height":1439},{"@type":"BreadcrumbList","@id":"https:\/\/www.welovecycling.com\/pl\/2024\/07\/17\/bartosz-huzarski-przydatne-funkcje-samochodu\/#breadcrumb","itemListElement":[{"@type":"ListItem","position":1,"name":"Home","item":"https:\/\/www.welovecycling.com\/pl\/"},{"@type":"ListItem","position":2,"name":"Bartosz Huzarski: Przydatne funkcje samochodu"}]},{"@type":"WebSite","@id":"https:\/\/www.welovecycling.com\/pl\/#website","url":"https:\/\/www.welovecycling.com\/pl\/","name":"\u0160koda We Love Cycling - Poland","description":"","potentialAction":[{"@type":"SearchAction","target":{"@type":"EntryPoint","urlTemplate":"https:\/\/www.welovecycling.com\/pl\/?s={search_term_string}"},"query-input":{"@type":"PropertyValueSpecification","valueRequired":true,"valueName":"search_term_string"}}],"inLanguage":"pl-PL"},{"@type":"Person","@id":"https:\/\/www.welovecycling.com\/pl\/#\/schema\/person\/e551e469d0b17f4e0b87f3f4fa8fc0f2","name":"konradbobrowski","image":{"@type":"ImageObject","inLanguage":"pl-PL","@id":"https:\/\/www.welovecycling.com\/pl\/#\/schema\/person\/image\/","url":"https:\/\/secure.gravatar.com\/avatar\/91ac5a8cb4a26d3b32dc77b5e6d46616cf6adf425879538f5e5d7e4ef2333a4c?s=96&d=mm&r=g","contentUrl":"https:\/\/secure.gravatar.com\/avatar\/91ac5a8cb4a26d3b32dc77b5e6d46616cf6adf425879538f5e5d7e4ef2333a4c?s=96&d=mm&r=g","caption":"konradbobrowski"},"url":"https:\/\/www.welovecycling.com\/pl\/author\/konradbobrowski\/"}]}},"_links":{"self":[{"href":"https:\/\/www.welovecycling.com\/pl\/wp-json\/wp\/v2\/posts\/15640","targetHints":{"allow":["GET"]}}],"collection":[{"href":"https:\/\/www.welovecycling.com\/pl\/wp-json\/wp\/v2\/posts"}],"about":[{"href":"https:\/\/www.welovecycling.com\/pl\/wp-json\/wp\/v2\/types\/post"}],"author":[{"embeddable":true,"href":"https:\/\/www.welovecycling.com\/pl\/wp-json\/wp\/v2\/users\/187"}],"replies":[{"embeddable":true,"href":"https:\/\/www.welovecycling.com\/pl\/wp-json\/wp\/v2\/comments?post=15640"}],"version-history":[{"count":1,"href":"https:\/\/www.welovecycling.com\/pl\/wp-json\/wp\/v2\/posts\/15640\/revisions"}],"predecessor-version":[{"id":15647,"href":"https:\/\/www.welovecycling.com\/pl\/wp-json\/wp\/v2\/posts\/15640\/revisions\/15647"}],"wp:featuredmedia":[{"embeddable":true,"href":"https:\/\/www.welovecycling.com\/pl\/wp-json\/wp\/v2\/media\/15646"}],"wp:attachment":[{"href":"https:\/\/www.welovecycling.com\/pl\/wp-json\/wp\/v2\/media?parent=15640"}],"wp:term":[{"taxonomy":"category","embeddable":true,"href":"https:\/\/www.welovecycling.com\/pl\/wp-json\/wp\/v2\/categories?post=15640"},{"taxonomy":"post_tag","embeddable":true,"href":"https:\/\/www.welovecycling.com\/pl\/wp-json\/wp\/v2\/tags?post=15640"},{"taxonomy":"global-categories","embeddable":true,"href":"https:\/\/www.welovecycling.com\/pl\/wp-json\/wp\/v2\/global-categories?post=15640"}],"curies":[{"name":"wp","href":"https:\/\/api.w.org\/{rel}","templated":true}]}}