{"id":15636,"date":"2024-07-15T13:19:10","date_gmt":"2024-07-15T13:19:10","guid":{"rendered":"https:\/\/www.welovecycling.com\/pl\/?p=15636"},"modified":"2024-07-15T13:19:10","modified_gmt":"2024-07-15T13:19:10","slug":"pokaz-sily-podczas-tour-de-france","status":"publish","type":"post","link":"https:\/\/www.welovecycling.com\/pl\/2024\/07\/15\/pokaz-sily-podczas-tour-de-france\/","title":{"rendered":"Pokaz si\u0142y podczas Tour de France!"},"content":{"rendered":"<p><strong>Tadej Poga\u010dar (UAE Team Emirates) udowadnia ogromny talent i coraz \u015bmielej pod\u0105\u017ca w stron\u0119 wygrania 111. Tour de France. Przed ostatnim tygodniem \u015bcigania S\u0142oweniec ma ju\u017c ponad trzy minuty przewagi nad drugim Jonasem Vingegaardem (Team Visma).<\/strong><\/p>\n<p>Je\u015bli kto\u015b mia\u0142 nadziej\u0119, \u017ce Poga\u010dar z czasem zacznie traci\u0107 si\u0142y, to w ostatnich dniach zosta\u0142 brutalnie sprowadzony na ziemi\u0119. S\u0142oweniec pewnie przemkn\u0105\u0142 przez g\u00f3ry, wygra\u0142 dwa ostatnie etapy i w klasyfikacji generalnej powi\u0119kszy\u0142 przewag\u0119 nad Vingegaardem. Do tego z gry wypad\u0142 wielki rywal Poga\u010dara \u2013 jego rodak Primo\u017c Rogli\u0107.<\/p>\n<h2><strong>Lider pokazuje plecy<\/strong><\/h2>\n<p>Poga\u010dar od pocz\u0105tku rozdaje karty w 111. Wielkiej P\u0119tli. Prowadzenie w klasyfikacji generalnej odda\u0142 tylko na dwa dni, a \u017c\u00f3\u0142tej koszulki lidera nie zdejmuje od blisko dw\u00f3ch tygodni. 26-letni S\u0142oweniec kontroluje sytuacj\u0119 na p\u0142askich oraz pag\u00f3rkowatych etapach, a w g\u00f3rach ka\u017ce rywalom ogl\u0105da\u0107 swoje plecy.<\/p>\n<p><a href=\"https:\/\/x.com\/TeamEmiratesUAE\/status\/1812593479807275274\">https:\/\/x.com\/TeamEmiratesUAE\/status\/1812593479807275274<\/a><\/p>\n<p>Tak samo by\u0142o w weekend, gdy Poga\u010dar wygra\u0142 sw\u00f3j 13. i 14. etap Tour de France i za ka\u017cdym razem pokazywa\u0142 drugiemu w klasyfikacji Vingegaardowi, kto jest kr\u00f3lem g\u00f3r. W sobot\u0119 Du\u0144czyk straci\u0142 do lidera 39 sekund, a w niedziel\u0119 m\u00f3g\u0142 ju\u017c kompletnie zniech\u0119ci\u0107 si\u0119 do walki.<\/p>\n<p>Co prawda jeszcze pi\u0119\u0107 kilometr\u00f3w przed met\u0105 Vingegaard mia\u0142 nadziej\u0119, \u017ce tym razem powalczy z Poga\u010darem, ale wtedy S\u0142oweniec zrobi\u0142 to:<\/p>\n<p><a href=\"https:\/\/x.com\/LeTour\/status\/1812504906684584206\">https:\/\/x.com\/LeTour\/status\/1812504906684584206<\/a><\/p>\n<p>Poga\u010dar jakby uzna\u0142, \u017ce wsp\u00f3lna jazda ju\u017c go nudzi, wi\u0119c bez wi\u0119kszego wysi\u0142ku nacisn\u0105\u0142 na peda\u0142y i pokaza\u0142 plecy Du\u0144czykowi. Fina\u0142 tej historii by\u0142 taki, \u017ce S\u0142oweniec na mecie zameldowa\u0142 si\u0119 68 sekund przed Vingegaardem i w klasyfikacji generalnej zwi\u0119kszy\u0142 przewag\u0119 do ponad trzech minut.<\/p>\n<h2><strong>\u201eBardzo cierpia\u0142em\u201d<\/strong><\/h2>\n<p>Na mecie Poga\u010dar da\u0142 jednak do zrozumienia, \u017ce jest tylko cz\u0142owiekiem i kolejne wygrane wcale nie przychodz\u0105 mu z \u0142atwo\u015bci\u0105.<\/p>\n<p><a href=\"https:\/\/x.com\/LeTour\/status\/1812546145627021602\">https:\/\/x.com\/LeTour\/status\/1812546145627021602<\/a><\/p>\n<p>\u2013 Jestem zadowolony z formy, ale podczas niedzielnego etapu bardzo cierpia\u0142em. By\u0142o bardzo gor\u0105co. Od zawsze trudno znosz\u0119 upa\u0142y, ale wraz zespo\u0142em jako\u015b sobie z tym poradzili\u015bmy \u2013 przyzna\u0142 S\u0142oweniec. \u2013 W klasyfikacji generalnej mam komfortow\u0105 sytuacj\u0119, ale w ostatnim tygodniu musz\u0119 utrzyma\u0107 koncentracj\u0119. Z niecierpliwo\u015bci\u0105 czekam te\u017c na dzie\u0144 odpoczynku. Mam nadziej\u0119, \u017ce uda nam si\u0119 pojecha\u0107 na kaw\u0119 i zregenerowa\u0107 si\u0142y. A potem jedziemy ju\u017c na ca\u0142ego \u2013 doda\u0142 Poga\u010dar.<\/p>\n<p><a href=\"https:\/\/x.com\/LeTour\/status\/1812569536131915824\">https:\/\/x.com\/LeTour\/status\/1812569536131915824<\/a><\/p>\n<p>Drog\u0119 do wygranej Poga\u010dar ma jeszcze \u0142atwiejsz\u0105, bo z wy\u015bcigu musia\u0142 wycofa\u0107 si\u0119 Primo\u017c Rogli\u0107 (Red Bull \u2013 BORA \u2013 hansgrohe ), kt\u00f3ry ca\u0142y sezon podporz\u0105dkowa\u0142 w\u0142a\u015bnie tegorocznej Wielkiej P\u0119tli. Podczas 12. etapu S\u0142oweniec wzi\u0105\u0142 jednak udzia\u0142 w du\u017cej kraksie i przyjecha\u0142 na met\u0119 ze spor\u0105 strat\u0105. Nie to jednak by\u0142o najgorsze, bo nazajutrz okaza\u0142o si\u0119, \u017ce zawodnik ma problemy z poruszaniem si\u0119, wi\u0119c jego dalsza jazda by\u0142a niemo\u017cliwa.<\/p>\n<h2><strong>Decyduj\u0105ce sze\u015b\u0107 dni<\/strong><\/h2>\n<p>Teraz przed najlepszymi kolarzami \u015bwiata ostatni tydzie\u0144 rywalizacji. Podczas wtorkowej rozgrzewki przejad\u0105 187 km z Gruissan do Nimes, a nast\u0119pnie czeka ich jeden pag\u00f3rkowaty etap i a\u017c trzy g\u00f3rskie. W tej sytuacji wiele mo\u017ce si\u0119 jeszcze wydarzy\u0107, a 111. Wielk\u0105 P\u0119tl\u0119 w niedziel\u0119 zako\u0144czy jazda na czas z Monako do Nicei.<\/p>\n<p><span data-sheets-value=\"{&quot;1&quot;:2,&quot;2&quot;:&quot;Artyku\u0142 powsta\u0142 we wsp\u00f3\u0142pracy ze skoda-auto.pl&quot;}\" data-sheets-userformat=\"{&quot;2&quot;:1,&quot;3&quot;:{&quot;1&quot;:0}}\" data-sheets-hyperlink=\"http:\/\/www.skoda-auto.pl\/\"><a class=\"in-cell-link\" href=\"http:\/\/www.skoda-auto.pl\/\" target=\"_blank\" rel=\"noopener\">Artyku\u0142 powsta\u0142 we wsp\u00f3\u0142pracy ze skoda-auto.pl<\/a><\/span><\/p>\n<p><a href=\"https:\/\/d2p6e6u75xmxt8.cloudfront.net\/5\/2030\/11\/2.webp\"><img loading=\"lazy\" decoding=\"async\" class=\"size-full wp-image-13774 aligncenter\" src=\"https:\/\/d2p6e6u75xmxt8.cloudfront.net\/5\/2030\/11\/2.webp\" alt=\"\" width=\"640\" height=\"350\" srcset=\"https:\/\/d2p6e6u75xmxt8.cloudfront.net\/5\/2030\/11\/2.webp 640w, https:\/\/d2p6e6u75xmxt8.cloudfront.net\/5\/2030\/11\/2-300x164.webp 300w, https:\/\/d2p6e6u75xmxt8.cloudfront.net\/5\/2030\/11\/2-400x219.webp 400w\" sizes=\"auto, (max-width: 640px) 100vw, 640px\" \/><\/a><\/p>\n","protected":false},"excerpt":{"rendered":"<p>Tadej Poga\u010dar (UAE Team Emirates) udowadnia ogromny talent i coraz \u015bmielej pod\u0105\u017ca w stron\u0119 wygrania 111. Tour de France. Przed [&hellip;]<\/p>\n","protected":false},"author":187,"featured_media":15638,"comment_status":"open","ping_status":"open","sticky":false,"template":"","format":"standard","meta":{"footnotes":""},"categories":[337],"tags":[191,404,77,146,264,423],"global-categories":[303],"class_list":["post-15636","post","type-post","status-publish","format-standard","has-post-thumbnail","hentry","category-tour-de-france","tag-skoda","tag-skodapolska","tag-tour-de-france","tag-wyscig","tag-wyscig-etapowy","tag-wyscigi-szosowe","global-categories-cycling"],"yoast_head":"<!-- This site is optimized with the Yoast SEO Premium plugin v25.3 (Yoast SEO v25.9) - https:\/\/yoast.com\/wordpress\/plugins\/seo\/ -->\n<title>Pokaz si\u0142y podczas Tour de France! - \u0160koda We Love Cycling - Poland<\/title>\n<meta name=\"robots\" content=\"index, follow, max-snippet:-1, max-image-preview:large, max-video-preview:-1\" \/>\n<link rel=\"canonical\" href=\"https:\/\/www.welovecycling.com\/pl\/2024\/07\/15\/pokaz-sily-podczas-tour-de-france\/\" \/>\n<meta property=\"og:locale\" content=\"pl_PL\" \/>\n<meta property=\"og:type\" content=\"article\" \/>\n<meta property=\"og:title\" content=\"Pokaz si\u0142y podczas Tour de France!\" \/>\n<meta property=\"og:description\" content=\"Tadej Poga\u010dar (UAE Team Emirates) udowadnia ogromny talent i coraz \u015bmielej pod\u0105\u017ca w stron\u0119 wygrania 111. Tour de France. Przed [&hellip;]\" \/>\n<meta property=\"og:url\" content=\"https:\/\/www.welovecycling.com\/pl\/2024\/07\/15\/pokaz-sily-podczas-tour-de-france\/\" \/>\n<meta property=\"og:site_name\" content=\"\u0160koda We Love Cycling - Poland\" \/>\n<meta property=\"article:published_time\" content=\"2024-07-15T13:19:10+00:00\" \/>\n<meta property=\"og:image\" content=\"https:\/\/d2p6e6u75xmxt8.cloudfront.net\/5\/2024\/07\/obraz-10.webp\" \/>\n\t<meta property=\"og:image:width\" content=\"990\" \/>\n\t<meta property=\"og:image:height\" content=\"660\" \/>\n\t<meta property=\"og:image:type\" content=\"image\/webp\" \/>\n<meta name=\"author\" content=\"konradbobrowski\" \/>\n<meta name=\"twitter:card\" content=\"summary_large_image\" \/>\n<meta name=\"twitter:label1\" content=\"Written by\" \/>\n\t<meta name=\"twitter:data1\" content=\"Piotr Nowik\" \/>\n\t<meta name=\"twitter:label2\" content=\"Est. reading time\" \/>\n\t<meta name=\"twitter:data2\" content=\"3\" \/>\n<script type=\"application\/ld+json\" class=\"yoast-schema-graph\">{\"@context\":\"https:\/\/schema.org\",\"@graph\":[{\"@type\":\"WebPage\",\"@id\":\"https:\/\/www.welovecycling.com\/pl\/2024\/07\/15\/pokaz-sily-podczas-tour-de-france\/\",\"url\":\"https:\/\/www.welovecycling.com\/pl\/2024\/07\/15\/pokaz-sily-podczas-tour-de-france\/\",\"name\":\"Pokaz si\u0142y podczas Tour de France! - \u0160koda We Love Cycling - Poland\",\"isPartOf\":{\"@id\":\"https:\/\/www.welovecycling.com\/pl\/#website\"},\"primaryImageOfPage\":{\"@id\":\"https:\/\/www.welovecycling.com\/pl\/2024\/07\/15\/pokaz-sily-podczas-tour-de-france\/#primaryimage\"},\"image\":{\"@id\":\"https:\/\/www.welovecycling.com\/pl\/2024\/07\/15\/pokaz-sily-podczas-tour-de-france\/#primaryimage\"},\"thumbnailUrl\":\"https:\/\/d2p6e6u75xmxt8.cloudfront.net\/5\/2024\/07\/obraz-10.webp\",\"datePublished\":\"2024-07-15T13:19:10+00:00\",\"author\":{\"@id\":\"https:\/\/www.welovecycling.com\/pl\/#\/schema\/person\/e551e469d0b17f4e0b87f3f4fa8fc0f2\"},\"breadcrumb\":{\"@id\":\"https:\/\/www.welovecycling.com\/pl\/2024\/07\/15\/pokaz-sily-podczas-tour-de-france\/#breadcrumb\"},\"inLanguage\":\"pl-PL\",\"potentialAction\":[{\"@type\":\"ReadAction\",\"target\":[\"https:\/\/www.welovecycling.com\/pl\/2024\/07\/15\/pokaz-sily-podczas-tour-de-france\/\"]}]},{\"@type\":\"ImageObject\",\"inLanguage\":\"pl-PL\",\"@id\":\"https:\/\/www.welovecycling.com\/pl\/2024\/07\/15\/pokaz-sily-podczas-tour-de-france\/#primaryimage\",\"url\":\"https:\/\/d2p6e6u75xmxt8.cloudfront.net\/5\/2024\/07\/obraz-10.webp\",\"contentUrl\":\"https:\/\/d2p6e6u75xmxt8.cloudfront.net\/5\/2024\/07\/obraz-10.webp\",\"width\":990,\"height\":660},{\"@type\":\"BreadcrumbList\",\"@id\":\"https:\/\/www.welovecycling.com\/pl\/2024\/07\/15\/pokaz-sily-podczas-tour-de-france\/#breadcrumb\",\"itemListElement\":[{\"@type\":\"ListItem\",\"position\":1,\"name\":\"Home\",\"item\":\"https:\/\/www.welovecycling.com\/pl\/\"},{\"@type\":\"ListItem\",\"position\":2,\"name\":\"Pokaz si\u0142y podczas Tour de France!\"}]},{\"@type\":\"WebSite\",\"@id\":\"https:\/\/www.welovecycling.com\/pl\/#website\",\"url\":\"https:\/\/www.welovecycling.com\/pl\/\",\"name\":\"\u0160koda We Love Cycling - Poland\",\"description\":\"\",\"potentialAction\":[{\"@type\":\"SearchAction\",\"target\":{\"@type\":\"EntryPoint\",\"urlTemplate\":\"https:\/\/www.welovecycling.com\/pl\/?s={search_term_string}\"},\"query-input\":{\"@type\":\"PropertyValueSpecification\",\"valueRequired\":true,\"valueName\":\"search_term_string\"}}],\"inLanguage\":\"pl-PL\"},{\"@type\":\"Person\",\"@id\":\"https:\/\/www.welovecycling.com\/pl\/#\/schema\/person\/e551e469d0b17f4e0b87f3f4fa8fc0f2\",\"name\":\"konradbobrowski\",\"image\":{\"@type\":\"ImageObject\",\"inLanguage\":\"pl-PL\",\"@id\":\"https:\/\/www.welovecycling.com\/pl\/#\/schema\/person\/image\/\",\"url\":\"https:\/\/secure.gravatar.com\/avatar\/91ac5a8cb4a26d3b32dc77b5e6d46616cf6adf425879538f5e5d7e4ef2333a4c?s=96&d=mm&r=g\",\"contentUrl\":\"https:\/\/secure.gravatar.com\/avatar\/91ac5a8cb4a26d3b32dc77b5e6d46616cf6adf425879538f5e5d7e4ef2333a4c?s=96&d=mm&r=g\",\"caption\":\"konradbobrowski\"},\"url\":\"https:\/\/www.welovecycling.com\/pl\/author\/konradbobrowski\/\"}]}<\/script>\n<!-- \/ Yoast SEO Premium plugin. -->","yoast_head_json":{"title":"Pokaz si\u0142y podczas Tour de France! - \u0160koda We Love Cycling - Poland","robots":{"index":"index","follow":"follow","max-snippet":"max-snippet:-1","max-image-preview":"max-image-preview:large","max-video-preview":"max-video-preview:-1"},"canonical":"https:\/\/www.welovecycling.com\/pl\/2024\/07\/15\/pokaz-sily-podczas-tour-de-france\/","og_locale":"pl_PL","og_type":"article","og_title":"Pokaz si\u0142y podczas Tour de France!","og_description":"Tadej Poga\u010dar (UAE Team Emirates) udowadnia ogromny talent i coraz \u015bmielej pod\u0105\u017ca w stron\u0119 wygrania 111. Tour de France. Przed [&hellip;]","og_url":"https:\/\/www.welovecycling.com\/pl\/2024\/07\/15\/pokaz-sily-podczas-tour-de-france\/","og_site_name":"\u0160koda We Love Cycling - Poland","article_published_time":"2024-07-15T13:19:10+00:00","og_image":[{"width":990,"height":660,"url":"https:\/\/d2p6e6u75xmxt8.cloudfront.net\/5\/2024\/07\/obraz-10.webp","type":"image\/webp"}],"author":"konradbobrowski","twitter_card":"summary_large_image","twitter_misc":{"Written by":"Piotr Nowik","Est. reading time":"3"},"schema":{"@context":"https:\/\/schema.org","@graph":[{"@type":"WebPage","@id":"https:\/\/www.welovecycling.com\/pl\/2024\/07\/15\/pokaz-sily-podczas-tour-de-france\/","url":"https:\/\/www.welovecycling.com\/pl\/2024\/07\/15\/pokaz-sily-podczas-tour-de-france\/","name":"Pokaz si\u0142y podczas Tour de France! - \u0160koda We Love Cycling - Poland","isPartOf":{"@id":"https:\/\/www.welovecycling.com\/pl\/#website"},"primaryImageOfPage":{"@id":"https:\/\/www.welovecycling.com\/pl\/2024\/07\/15\/pokaz-sily-podczas-tour-de-france\/#primaryimage"},"image":{"@id":"https:\/\/www.welovecycling.com\/pl\/2024\/07\/15\/pokaz-sily-podczas-tour-de-france\/#primaryimage"},"thumbnailUrl":"https:\/\/d2p6e6u75xmxt8.cloudfront.net\/5\/2024\/07\/obraz-10.webp","datePublished":"2024-07-15T13:19:10+00:00","author":{"@id":"https:\/\/www.welovecycling.com\/pl\/#\/schema\/person\/e551e469d0b17f4e0b87f3f4fa8fc0f2"},"breadcrumb":{"@id":"https:\/\/www.welovecycling.com\/pl\/2024\/07\/15\/pokaz-sily-podczas-tour-de-france\/#breadcrumb"},"inLanguage":"pl-PL","potentialAction":[{"@type":"ReadAction","target":["https:\/\/www.welovecycling.com\/pl\/2024\/07\/15\/pokaz-sily-podczas-tour-de-france\/"]}]},{"@type":"ImageObject","inLanguage":"pl-PL","@id":"https:\/\/www.welovecycling.com\/pl\/2024\/07\/15\/pokaz-sily-podczas-tour-de-france\/#primaryimage","url":"https:\/\/d2p6e6u75xmxt8.cloudfront.net\/5\/2024\/07\/obraz-10.webp","contentUrl":"https:\/\/d2p6e6u75xmxt8.cloudfront.net\/5\/2024\/07\/obraz-10.webp","width":990,"height":660},{"@type":"BreadcrumbList","@id":"https:\/\/www.welovecycling.com\/pl\/2024\/07\/15\/pokaz-sily-podczas-tour-de-france\/#breadcrumb","itemListElement":[{"@type":"ListItem","position":1,"name":"Home","item":"https:\/\/www.welovecycling.com\/pl\/"},{"@type":"ListItem","position":2,"name":"Pokaz si\u0142y podczas Tour de France!"}]},{"@type":"WebSite","@id":"https:\/\/www.welovecycling.com\/pl\/#website","url":"https:\/\/www.welovecycling.com\/pl\/","name":"\u0160koda We Love Cycling - Poland","description":"","potentialAction":[{"@type":"SearchAction","target":{"@type":"EntryPoint","urlTemplate":"https:\/\/www.welovecycling.com\/pl\/?s={search_term_string}"},"query-input":{"@type":"PropertyValueSpecification","valueRequired":true,"valueName":"search_term_string"}}],"inLanguage":"pl-PL"},{"@type":"Person","@id":"https:\/\/www.welovecycling.com\/pl\/#\/schema\/person\/e551e469d0b17f4e0b87f3f4fa8fc0f2","name":"konradbobrowski","image":{"@type":"ImageObject","inLanguage":"pl-PL","@id":"https:\/\/www.welovecycling.com\/pl\/#\/schema\/person\/image\/","url":"https:\/\/secure.gravatar.com\/avatar\/91ac5a8cb4a26d3b32dc77b5e6d46616cf6adf425879538f5e5d7e4ef2333a4c?s=96&d=mm&r=g","contentUrl":"https:\/\/secure.gravatar.com\/avatar\/91ac5a8cb4a26d3b32dc77b5e6d46616cf6adf425879538f5e5d7e4ef2333a4c?s=96&d=mm&r=g","caption":"konradbobrowski"},"url":"https:\/\/www.welovecycling.com\/pl\/author\/konradbobrowski\/"}]}},"_links":{"self":[{"href":"https:\/\/www.welovecycling.com\/pl\/wp-json\/wp\/v2\/posts\/15636","targetHints":{"allow":["GET"]}}],"collection":[{"href":"https:\/\/www.welovecycling.com\/pl\/wp-json\/wp\/v2\/posts"}],"about":[{"href":"https:\/\/www.welovecycling.com\/pl\/wp-json\/wp\/v2\/types\/post"}],"author":[{"embeddable":true,"href":"https:\/\/www.welovecycling.com\/pl\/wp-json\/wp\/v2\/users\/187"}],"replies":[{"embeddable":true,"href":"https:\/\/www.welovecycling.com\/pl\/wp-json\/wp\/v2\/comments?post=15636"}],"version-history":[{"count":1,"href":"https:\/\/www.welovecycling.com\/pl\/wp-json\/wp\/v2\/posts\/15636\/revisions"}],"predecessor-version":[{"id":15637,"href":"https:\/\/www.welovecycling.com\/pl\/wp-json\/wp\/v2\/posts\/15636\/revisions\/15637"}],"wp:featuredmedia":[{"embeddable":true,"href":"https:\/\/www.welovecycling.com\/pl\/wp-json\/wp\/v2\/media\/15638"}],"wp:attachment":[{"href":"https:\/\/www.welovecycling.com\/pl\/wp-json\/wp\/v2\/media?parent=15636"}],"wp:term":[{"taxonomy":"category","embeddable":true,"href":"https:\/\/www.welovecycling.com\/pl\/wp-json\/wp\/v2\/categories?post=15636"},{"taxonomy":"post_tag","embeddable":true,"href":"https:\/\/www.welovecycling.com\/pl\/wp-json\/wp\/v2\/tags?post=15636"},{"taxonomy":"global-categories","embeddable":true,"href":"https:\/\/www.welovecycling.com\/pl\/wp-json\/wp\/v2\/global-categories?post=15636"}],"curies":[{"name":"wp","href":"https:\/\/api.w.org\/{rel}","templated":true}]}}