{"id":15579,"date":"2024-07-08T13:46:46","date_gmt":"2024-07-08T13:46:46","guid":{"rendered":"https:\/\/www.welovecycling.com\/pl\/?p=15579"},"modified":"2024-07-08T13:46:46","modified_gmt":"2024-07-08T13:46:46","slug":"wielkie-rzeczy-na-tour-de-france-niech-zyje-krol","status":"publish","type":"post","link":"https:\/\/www.welovecycling.com\/pl\/2024\/07\/08\/wielkie-rzeczy-na-tour-de-france-niech-zyje-krol\/","title":{"rendered":"Wielkie rzeczy na Tour de France. Niech \u017cyje kr\u00f3l!"},"content":{"rendered":"<p><strong>Pierwszy tydzie\u0144 111. Tour de France ju\u017c napisa\u0142 pi\u0119kn\u0105 histori\u0119. Mark Cavendish pokona\u0142 przewlek\u0142\u0105 chorob\u0119 oraz depresj\u0119 i zrobi\u0142 co\u015b niemal niemo\u017cliwego \u2013 pobi\u0142 historyczny rekord s\u0142ynnego Eddy\u2019ego Merckxa. W klasyfikacji generalnej prowadzi Tadej Poga\u010dar.<\/strong><\/p>\n<p>Zapowiadano, \u017ce tegoroczna Wielka P\u0119tla pod wieloma wzgl\u0119dami mo\u017ce by\u0107 zaskakuj\u0105ca. Niewielu jednak spodziewa\u0142o si\u0119, \u017ce ju\u017c po pi\u0119ciu dniach najwi\u0119kszy wy\u015bcig \u015bwiata b\u0119dzie mia\u0142 nowego rekordzist\u0119 pod wzgl\u0119dem wygranych etap\u00f3w.<\/p>\n<p><a href=\"https:\/\/x.com\/NBCSCycling\/status\/1808525953028526226\">https:\/\/x.com\/NBCSCycling\/status\/1808525953028526226<\/a><\/p>\n<p>\u015arodowe \u015bciganie z Saint-Jean-de-Maurienne do Saint-Vulbas zapowiada\u0142o si\u0119 jako jedno z wielu. Trasa na og\u00f3\u0142 p\u0142aska, licz\u0105ca 177 km. Wyr\u00f3\u017cnia\u0142o j\u0105 tylko to, \u017ce by\u0142 to pierwszy pe\u0142ny etap rozegrany na francuskich drogach, bo wcze\u015bniej kolarze \u015bcigali si\u0119 we W\u0142oszech.<\/p>\n<p><span style=\"font-size: 18pt;\"><strong>Niech \u017cyje kr\u00f3l<\/strong><\/span><\/p>\n<p>Przez wi\u0119kszo\u015b\u0107 etapu nie dzia\u0142o si\u0119 nic, co wskazywa\u0142oby, \u017ce wkr\u00f3tce kibice stan\u0105 si\u0119 \u015bwiadkami wyj\u0105tkowej chwili. Rywalizacja rozstrzygn\u0119\u0142a si\u0119 na ostatnich metrach, a zdecydowa\u0142 finisz z peletonu. To wtedy okaza\u0142o si\u0119, \u017ce najszybciej lini\u0119 mety przeci\u0105\u0142 Mark Cavendish (Astana) i tym samym zaliczy\u0142 swoje 35. etapowe zwyci\u0119stwo w Tour de France, wyprzedzaj\u0105c w tej klasyfikacji legendarnego Eddy\u2019ego Merckxa.<\/p>\n<p><a href=\"https:\/\/x.com\/eurosport\/status\/1808529851361476617\">https:\/\/x.com\/eurosport\/status\/1808529851361476617<\/a><\/p>\n<p>\u2013 Merckx jednocze\u015bnie cieszy si\u0119 i p\u0142acze. Co za sukces, co za praca ca\u0142ej dru\u017cyny Astany. Mark Cavendish zosta\u0142 idealnie wyprowadzony. Dziej\u0105 si\u0119 wielkie i historyczne rzeczy. Cavendish zosta\u0142 etapowym kr\u00f3lem \u2013 zachwycali si\u0119 komentatorzy Eurosportu.<\/p>\n<p><span style=\"font-size: 18pt;\"><strong>\u201eCi\u0105gle w to nie wierz\u0119\u201d<\/strong><\/span><\/p>\n<p>Droga Cavendisha do historycznego wyczynu by\u0142a jednak bardzo wyboista, bo w karierze zmaga\u0142 si\u0119 z wieloma problemami. Jego organizm miesi\u0105cami wyniszczany by\u0142 przez wirusa, musia\u0142 tak\u017ce stawi\u0107 czo\u0142a depresji, a podczas ostatniego Tour de France z\u0142ama\u0142 obojczyk i wydawa\u0142o si\u0119, \u017ce szybciej sko\u0144czy karier\u0119, ni\u017c wygra ten jeden wymarzony etap. W \u015brod\u0119 udowodni\u0142 jednak, \u017ce nie tak \u0142atwo go z\u0142ama\u0107.<\/p>\n<p><a href=\"https:\/\/x.com\/RoadCode\/status\/1808547098343977040\">https:\/\/x.com\/RoadCode\/status\/1808547098343977040<\/a><\/p>\n<p>\u2013 Ci\u0105gle nie wierz\u0119 w ten rekord i wygran\u0105. Ca\u0142a dru\u017cyna i koledzy bardzo mi pomogli. Tour de France to wielki wy\u015bcig. Wszyscy wiedzieli\u015bmy, o co walczymy. Ca\u0142a moja kariera doprowadzi\u0142a mnie do tego momentu, do tej 35. wygranej \u2013 cieszy\u0142 si\u0119 na mecie Cavendish.<\/p>\n<p>Brytyjczyk sw\u00f3j sukces na tym Tour de France ju\u017c osi\u0105gn\u0105\u0142, ale to nie oznacza ko\u0144ca emocji podczas Wielkiej P\u0119tli. W klasyfikacji generalnej prowadzi Tadej Poga\u010dar (UAE Team Emirates), kt\u00f3ry tylko na dwa dni odda\u0142 \u017c\u00f3\u0142t\u0105 koszulk\u0119 lidera \u2013 po pierwszym etapie za\u0142o\u017cy\u0142 j\u0105 Romain Bardet (Team dsm-firmenich PostNL), a po trzecim Richard Carapaz (EF Education-EasyPost). W czwartym dniu etap ponownie zgarn\u0105\u0142 S\u0142oweniec i od tamtej pory nie oddaje prowadzenia w klasyfikacji generalnej.<\/p>\n<p><a href=\"https:\/\/x.com\/eurosport\/status\/1808154536634200064\">https:\/\/x.com\/eurosport\/status\/1808154536634200064<\/a><\/p>\n<p>Pierwszy tydzie\u0144 by\u0142 jednak tylko rozgrzewk\u0105 przed tym, co Wielka P\u0119tla zaserwuje w najbli\u017cszym czasie. W ci\u0105gu sze\u015bciu dni kolarze zalicz\u0105 trzy g\u00f3rskie etapy, kt\u00f3re oddziel\u0105 zawodnik\u00f3w walcz\u0105cych w klasyfikacji generalnej od tych, kt\u00f3rzy b\u0119d\u0105 liczyli na jednodniowy wystrza\u0142 formy.<\/p>\n<p>R\u00f3wnie\u017c ostatni tydzie\u0144 zapowiada si\u0119 bardzo ciekawie, bo do kolejnych trzech g\u00f3rskich etap\u00f3w dojdzie tak\u017ce jazda na czas (21 lipca), kt\u00f3ra nietypowo zako\u0144czy tegoroczne zmagania w Wielkiej P\u0119tli.<\/p>\n<p><span data-sheets-value=\"{&quot;1&quot;:2,&quot;2&quot;:&quot;Artyku\u0142 powsta\u0142 we wsp\u00f3\u0142pracy ze skoda-auto.pl&quot;}\" data-sheets-userformat=\"{&quot;2&quot;:1,&quot;3&quot;:{&quot;1&quot;:0}}\" data-sheets-hyperlink=\"http:\/\/www.skoda-auto.pl\/\"><a class=\"in-cell-link\" href=\"http:\/\/www.skoda-auto.pl\/\" target=\"_blank\" rel=\"noopener noreferrer\">Artyku\u0142 powsta\u0142 we wsp\u00f3\u0142pracy ze skoda-auto.pl<\/a><\/span><\/p>\n<p><a href=\"https:\/\/d2p6e6u75xmxt8.cloudfront.net\/5\/2030\/11\/1.webp\"><img loading=\"lazy\" decoding=\"async\" class=\"size-full wp-image-13777 aligncenter\" src=\"https:\/\/d2p6e6u75xmxt8.cloudfront.net\/5\/2030\/11\/1.webp\" alt=\"\" width=\"640\" height=\"350\" srcset=\"https:\/\/d2p6e6u75xmxt8.cloudfront.net\/5\/2030\/11\/1.webp 640w, https:\/\/d2p6e6u75xmxt8.cloudfront.net\/5\/2030\/11\/1-300x164.webp 300w, https:\/\/d2p6e6u75xmxt8.cloudfront.net\/5\/2030\/11\/1-400x219.webp 400w\" sizes=\"auto, (max-width: 640px) 100vw, 640px\" \/><\/a><\/p>\n","protected":false},"excerpt":{"rendered":"<p>Pierwszy tydzie\u0144 111. Tour de France ju\u017c napisa\u0142 pi\u0119kn\u0105 histori\u0119. Mark Cavendish pokona\u0142 przewlek\u0142\u0105 chorob\u0119 oraz depresj\u0119 i zrobi\u0142 co\u015b [&hellip;]<\/p>\n","protected":false},"author":187,"featured_media":15582,"comment_status":"open","ping_status":"open","sticky":false,"template":"","format":"standard","meta":{"footnotes":""},"categories":[337],"tags":[191,404,77,264,423],"global-categories":[303],"class_list":["post-15579","post","type-post","status-publish","format-standard","has-post-thumbnail","hentry","category-tour-de-france","tag-skoda","tag-skodapolska","tag-tour-de-france","tag-wyscig-etapowy","tag-wyscigi-szosowe","global-categories-cycling"],"yoast_head":"<!-- This site is optimized with the Yoast SEO Premium plugin v25.3 (Yoast SEO v25.9) - https:\/\/yoast.com\/wordpress\/plugins\/seo\/ -->\n<title>Wielkie rzeczy na Tour de France. Niech \u017cyje kr\u00f3l! - \u0160koda We Love Cycling - Poland<\/title>\n<meta name=\"robots\" content=\"index, follow, max-snippet:-1, max-image-preview:large, max-video-preview:-1\" \/>\n<link rel=\"canonical\" href=\"https:\/\/www.welovecycling.com\/pl\/2024\/07\/08\/wielkie-rzeczy-na-tour-de-france-niech-zyje-krol\/\" \/>\n<meta property=\"og:locale\" content=\"pl_PL\" \/>\n<meta property=\"og:type\" content=\"article\" \/>\n<meta property=\"og:title\" content=\"Wielkie rzeczy na Tour de France. Niech \u017cyje kr\u00f3l!\" \/>\n<meta property=\"og:description\" content=\"Pierwszy tydzie\u0144 111. Tour de France ju\u017c napisa\u0142 pi\u0119kn\u0105 histori\u0119. Mark Cavendish pokona\u0142 przewlek\u0142\u0105 chorob\u0119 oraz depresj\u0119 i zrobi\u0142 co\u015b [&hellip;]\" \/>\n<meta property=\"og:url\" content=\"https:\/\/www.welovecycling.com\/pl\/2024\/07\/08\/wielkie-rzeczy-na-tour-de-france-niech-zyje-krol\/\" \/>\n<meta property=\"og:site_name\" content=\"\u0160koda We Love Cycling - Poland\" \/>\n<meta property=\"article:published_time\" content=\"2024-07-08T13:46:46+00:00\" \/>\n<meta property=\"og:image\" content=\"https:\/\/d2p6e6u75xmxt8.cloudfront.net\/5\/2024\/07\/obraz-5.webp\" \/>\n\t<meta property=\"og:image:width\" content=\"990\" \/>\n\t<meta property=\"og:image:height\" content=\"660\" \/>\n\t<meta property=\"og:image:type\" content=\"image\/webp\" \/>\n<meta name=\"author\" content=\"konradbobrowski\" \/>\n<meta name=\"twitter:card\" content=\"summary_large_image\" \/>\n<meta name=\"twitter:label1\" content=\"Written by\" \/>\n\t<meta name=\"twitter:data1\" content=\"Piotr Nowik\" \/>\n\t<meta name=\"twitter:label2\" content=\"Est. reading time\" \/>\n\t<meta name=\"twitter:data2\" content=\"3\" \/>\n<script type=\"application\/ld+json\" class=\"yoast-schema-graph\">{\"@context\":\"https:\/\/schema.org\",\"@graph\":[{\"@type\":\"WebPage\",\"@id\":\"https:\/\/www.welovecycling.com\/pl\/2024\/07\/08\/wielkie-rzeczy-na-tour-de-france-niech-zyje-krol\/\",\"url\":\"https:\/\/www.welovecycling.com\/pl\/2024\/07\/08\/wielkie-rzeczy-na-tour-de-france-niech-zyje-krol\/\",\"name\":\"Wielkie rzeczy na Tour de France. Niech \u017cyje kr\u00f3l! - \u0160koda We Love Cycling - Poland\",\"isPartOf\":{\"@id\":\"https:\/\/www.welovecycling.com\/pl\/#website\"},\"primaryImageOfPage\":{\"@id\":\"https:\/\/www.welovecycling.com\/pl\/2024\/07\/08\/wielkie-rzeczy-na-tour-de-france-niech-zyje-krol\/#primaryimage\"},\"image\":{\"@id\":\"https:\/\/www.welovecycling.com\/pl\/2024\/07\/08\/wielkie-rzeczy-na-tour-de-france-niech-zyje-krol\/#primaryimage\"},\"thumbnailUrl\":\"https:\/\/d2p6e6u75xmxt8.cloudfront.net\/5\/2024\/07\/obraz-5.webp\",\"datePublished\":\"2024-07-08T13:46:46+00:00\",\"author\":{\"@id\":\"https:\/\/www.welovecycling.com\/pl\/#\/schema\/person\/e551e469d0b17f4e0b87f3f4fa8fc0f2\"},\"breadcrumb\":{\"@id\":\"https:\/\/www.welovecycling.com\/pl\/2024\/07\/08\/wielkie-rzeczy-na-tour-de-france-niech-zyje-krol\/#breadcrumb\"},\"inLanguage\":\"pl-PL\",\"potentialAction\":[{\"@type\":\"ReadAction\",\"target\":[\"https:\/\/www.welovecycling.com\/pl\/2024\/07\/08\/wielkie-rzeczy-na-tour-de-france-niech-zyje-krol\/\"]}]},{\"@type\":\"ImageObject\",\"inLanguage\":\"pl-PL\",\"@id\":\"https:\/\/www.welovecycling.com\/pl\/2024\/07\/08\/wielkie-rzeczy-na-tour-de-france-niech-zyje-krol\/#primaryimage\",\"url\":\"https:\/\/d2p6e6u75xmxt8.cloudfront.net\/5\/2024\/07\/obraz-5.webp\",\"contentUrl\":\"https:\/\/d2p6e6u75xmxt8.cloudfront.net\/5\/2024\/07\/obraz-5.webp\",\"width\":990,\"height\":660},{\"@type\":\"BreadcrumbList\",\"@id\":\"https:\/\/www.welovecycling.com\/pl\/2024\/07\/08\/wielkie-rzeczy-na-tour-de-france-niech-zyje-krol\/#breadcrumb\",\"itemListElement\":[{\"@type\":\"ListItem\",\"position\":1,\"name\":\"Home\",\"item\":\"https:\/\/www.welovecycling.com\/pl\/\"},{\"@type\":\"ListItem\",\"position\":2,\"name\":\"Wielkie rzeczy na Tour de France. Niech \u017cyje kr\u00f3l!\"}]},{\"@type\":\"WebSite\",\"@id\":\"https:\/\/www.welovecycling.com\/pl\/#website\",\"url\":\"https:\/\/www.welovecycling.com\/pl\/\",\"name\":\"\u0160koda We Love Cycling - Poland\",\"description\":\"\",\"potentialAction\":[{\"@type\":\"SearchAction\",\"target\":{\"@type\":\"EntryPoint\",\"urlTemplate\":\"https:\/\/www.welovecycling.com\/pl\/?s={search_term_string}\"},\"query-input\":{\"@type\":\"PropertyValueSpecification\",\"valueRequired\":true,\"valueName\":\"search_term_string\"}}],\"inLanguage\":\"pl-PL\"},{\"@type\":\"Person\",\"@id\":\"https:\/\/www.welovecycling.com\/pl\/#\/schema\/person\/e551e469d0b17f4e0b87f3f4fa8fc0f2\",\"name\":\"konradbobrowski\",\"image\":{\"@type\":\"ImageObject\",\"inLanguage\":\"pl-PL\",\"@id\":\"https:\/\/www.welovecycling.com\/pl\/#\/schema\/person\/image\/\",\"url\":\"https:\/\/secure.gravatar.com\/avatar\/91ac5a8cb4a26d3b32dc77b5e6d46616cf6adf425879538f5e5d7e4ef2333a4c?s=96&d=mm&r=g\",\"contentUrl\":\"https:\/\/secure.gravatar.com\/avatar\/91ac5a8cb4a26d3b32dc77b5e6d46616cf6adf425879538f5e5d7e4ef2333a4c?s=96&d=mm&r=g\",\"caption\":\"konradbobrowski\"},\"url\":\"https:\/\/www.welovecycling.com\/pl\/author\/konradbobrowski\/\"}]}<\/script>\n<!-- \/ Yoast SEO Premium plugin. -->","yoast_head_json":{"title":"Wielkie rzeczy na Tour de France. Niech \u017cyje kr\u00f3l! - \u0160koda We Love Cycling - Poland","robots":{"index":"index","follow":"follow","max-snippet":"max-snippet:-1","max-image-preview":"max-image-preview:large","max-video-preview":"max-video-preview:-1"},"canonical":"https:\/\/www.welovecycling.com\/pl\/2024\/07\/08\/wielkie-rzeczy-na-tour-de-france-niech-zyje-krol\/","og_locale":"pl_PL","og_type":"article","og_title":"Wielkie rzeczy na Tour de France. Niech \u017cyje kr\u00f3l!","og_description":"Pierwszy tydzie\u0144 111. Tour de France ju\u017c napisa\u0142 pi\u0119kn\u0105 histori\u0119. Mark Cavendish pokona\u0142 przewlek\u0142\u0105 chorob\u0119 oraz depresj\u0119 i zrobi\u0142 co\u015b [&hellip;]","og_url":"https:\/\/www.welovecycling.com\/pl\/2024\/07\/08\/wielkie-rzeczy-na-tour-de-france-niech-zyje-krol\/","og_site_name":"\u0160koda We Love Cycling - Poland","article_published_time":"2024-07-08T13:46:46+00:00","og_image":[{"width":990,"height":660,"url":"https:\/\/d2p6e6u75xmxt8.cloudfront.net\/5\/2024\/07\/obraz-5.webp","type":"image\/webp"}],"author":"konradbobrowski","twitter_card":"summary_large_image","twitter_misc":{"Written by":"Piotr Nowik","Est. reading time":"3"},"schema":{"@context":"https:\/\/schema.org","@graph":[{"@type":"WebPage","@id":"https:\/\/www.welovecycling.com\/pl\/2024\/07\/08\/wielkie-rzeczy-na-tour-de-france-niech-zyje-krol\/","url":"https:\/\/www.welovecycling.com\/pl\/2024\/07\/08\/wielkie-rzeczy-na-tour-de-france-niech-zyje-krol\/","name":"Wielkie rzeczy na Tour de France. Niech \u017cyje kr\u00f3l! - \u0160koda We Love Cycling - Poland","isPartOf":{"@id":"https:\/\/www.welovecycling.com\/pl\/#website"},"primaryImageOfPage":{"@id":"https:\/\/www.welovecycling.com\/pl\/2024\/07\/08\/wielkie-rzeczy-na-tour-de-france-niech-zyje-krol\/#primaryimage"},"image":{"@id":"https:\/\/www.welovecycling.com\/pl\/2024\/07\/08\/wielkie-rzeczy-na-tour-de-france-niech-zyje-krol\/#primaryimage"},"thumbnailUrl":"https:\/\/d2p6e6u75xmxt8.cloudfront.net\/5\/2024\/07\/obraz-5.webp","datePublished":"2024-07-08T13:46:46+00:00","author":{"@id":"https:\/\/www.welovecycling.com\/pl\/#\/schema\/person\/e551e469d0b17f4e0b87f3f4fa8fc0f2"},"breadcrumb":{"@id":"https:\/\/www.welovecycling.com\/pl\/2024\/07\/08\/wielkie-rzeczy-na-tour-de-france-niech-zyje-krol\/#breadcrumb"},"inLanguage":"pl-PL","potentialAction":[{"@type":"ReadAction","target":["https:\/\/www.welovecycling.com\/pl\/2024\/07\/08\/wielkie-rzeczy-na-tour-de-france-niech-zyje-krol\/"]}]},{"@type":"ImageObject","inLanguage":"pl-PL","@id":"https:\/\/www.welovecycling.com\/pl\/2024\/07\/08\/wielkie-rzeczy-na-tour-de-france-niech-zyje-krol\/#primaryimage","url":"https:\/\/d2p6e6u75xmxt8.cloudfront.net\/5\/2024\/07\/obraz-5.webp","contentUrl":"https:\/\/d2p6e6u75xmxt8.cloudfront.net\/5\/2024\/07\/obraz-5.webp","width":990,"height":660},{"@type":"BreadcrumbList","@id":"https:\/\/www.welovecycling.com\/pl\/2024\/07\/08\/wielkie-rzeczy-na-tour-de-france-niech-zyje-krol\/#breadcrumb","itemListElement":[{"@type":"ListItem","position":1,"name":"Home","item":"https:\/\/www.welovecycling.com\/pl\/"},{"@type":"ListItem","position":2,"name":"Wielkie rzeczy na Tour de France. Niech \u017cyje kr\u00f3l!"}]},{"@type":"WebSite","@id":"https:\/\/www.welovecycling.com\/pl\/#website","url":"https:\/\/www.welovecycling.com\/pl\/","name":"\u0160koda We Love Cycling - Poland","description":"","potentialAction":[{"@type":"SearchAction","target":{"@type":"EntryPoint","urlTemplate":"https:\/\/www.welovecycling.com\/pl\/?s={search_term_string}"},"query-input":{"@type":"PropertyValueSpecification","valueRequired":true,"valueName":"search_term_string"}}],"inLanguage":"pl-PL"},{"@type":"Person","@id":"https:\/\/www.welovecycling.com\/pl\/#\/schema\/person\/e551e469d0b17f4e0b87f3f4fa8fc0f2","name":"konradbobrowski","image":{"@type":"ImageObject","inLanguage":"pl-PL","@id":"https:\/\/www.welovecycling.com\/pl\/#\/schema\/person\/image\/","url":"https:\/\/secure.gravatar.com\/avatar\/91ac5a8cb4a26d3b32dc77b5e6d46616cf6adf425879538f5e5d7e4ef2333a4c?s=96&d=mm&r=g","contentUrl":"https:\/\/secure.gravatar.com\/avatar\/91ac5a8cb4a26d3b32dc77b5e6d46616cf6adf425879538f5e5d7e4ef2333a4c?s=96&d=mm&r=g","caption":"konradbobrowski"},"url":"https:\/\/www.welovecycling.com\/pl\/author\/konradbobrowski\/"}]}},"_links":{"self":[{"href":"https:\/\/www.welovecycling.com\/pl\/wp-json\/wp\/v2\/posts\/15579","targetHints":{"allow":["GET"]}}],"collection":[{"href":"https:\/\/www.welovecycling.com\/pl\/wp-json\/wp\/v2\/posts"}],"about":[{"href":"https:\/\/www.welovecycling.com\/pl\/wp-json\/wp\/v2\/types\/post"}],"author":[{"embeddable":true,"href":"https:\/\/www.welovecycling.com\/pl\/wp-json\/wp\/v2\/users\/187"}],"replies":[{"embeddable":true,"href":"https:\/\/www.welovecycling.com\/pl\/wp-json\/wp\/v2\/comments?post=15579"}],"version-history":[{"count":1,"href":"https:\/\/www.welovecycling.com\/pl\/wp-json\/wp\/v2\/posts\/15579\/revisions"}],"predecessor-version":[{"id":15583,"href":"https:\/\/www.welovecycling.com\/pl\/wp-json\/wp\/v2\/posts\/15579\/revisions\/15583"}],"wp:featuredmedia":[{"embeddable":true,"href":"https:\/\/www.welovecycling.com\/pl\/wp-json\/wp\/v2\/media\/15582"}],"wp:attachment":[{"href":"https:\/\/www.welovecycling.com\/pl\/wp-json\/wp\/v2\/media?parent=15579"}],"wp:term":[{"taxonomy":"category","embeddable":true,"href":"https:\/\/www.welovecycling.com\/pl\/wp-json\/wp\/v2\/categories?post=15579"},{"taxonomy":"post_tag","embeddable":true,"href":"https:\/\/www.welovecycling.com\/pl\/wp-json\/wp\/v2\/tags?post=15579"},{"taxonomy":"global-categories","embeddable":true,"href":"https:\/\/www.welovecycling.com\/pl\/wp-json\/wp\/v2\/global-categories?post=15579"}],"curies":[{"name":"wp","href":"https:\/\/api.w.org\/{rel}","templated":true}]}}