{"id":1556,"date":"2016-07-27T11:16:47","date_gmt":"2016-07-27T11:16:47","guid":{"rendered":"http:\/\/skoda-rowery.pl\/?p=1556"},"modified":"2016-12-05T08:46:19","modified_gmt":"2016-12-05T08:46:19","slug":"pawel-pirog-zdobyl-alpy-wywiad-ze-zwyciezca-konkursu-skody-w-ktorym-nagroda-byl-wyjazd-na-letape-du-tour-2016","status":"publish","type":"post","link":"https:\/\/www.welovecycling.com\/pl\/2016\/07\/27\/pawel-pirog-zdobyl-alpy-wywiad-ze-zwyciezca-konkursu-skody-w-ktorym-nagroda-byl-wyjazd-na-letape-du-tour-2016\/","title":{"rendered":"Pawe\u0142 Pir\u00f3g zdoby\u0142 Alpy! Wywiad ze zwyci\u0119zc\u0105 konkursu \u0160KODY, w kt\u00f3rym nagrod\u0105 by\u0142 wyjazd na L\u2019\u00c9tape du Tour 2016"},"content":{"rendered":"<p>Jak co roku zwyci\u0119skie grono kolarskich entuzjast\u00f3w z ca\u0142ego \u015bwiata mia\u0142o okazj\u0119 do pokonania alpejskiego odcinka Tour de France jeszcze zanim wy\u015bcig rozpocz\u0105\u0142 si\u0119 na dobre. Co podczas L\u2019\u00c9tape du Tour by\u0142o najtrudniejsze? Przeczytaj wywiad z polskim zwyci\u0119zc\u0105 tegorocznej edycji konkursu &#8211; Paw\u0142em Pir\u00f3giem.<\/p>\n<p style=\"text-align: justify\"><!--more--><\/p>\n<p style=\"text-align: justify\"><strong>Jak by\u0142o na L&#8217;Etape? Czy mo\u017ce si\u0119 Pan podzieli\u0107 z nami swoimi wra\u017ceniami?<br \/>\n<\/strong><br \/>\nL&#8217;Etape du Tour to zdecydowanie najtrudniejszy technicznie i najci\u0119\u017cszy wy\u015bcig w jakim bra\u0142em udzia\u0142! Do d\u0142ugich dystans\u00f3w jestem przyzwyczajony, ale podjazdy i zjazdy zapami\u0119tam na ca\u0142e \u017cycie. \u015amia\u0142em si\u0119 ze znajomymi, \u017ce dobrze si\u0119 sta\u0142o, \u017ce A.S.O. zmieni\u0142o tras\u0119 i nie jechali\u015bmy przez Col de Ramaz, bo na Col de Joux Plane prowadzi\u0142bym chyba rower!<\/p>\n<p style=\"text-align: justify\"><strong>Czy jest Pan zadowolony ze swojego startu w ramach L&#8217;Etape? By\u0142o ci\u0119\u017cko?<\/strong><\/p>\n<p style=\"text-align: justify\">Ze swojego startu jestem zdecydowanie zadowolony, ale wola\u0142bym \u017ceby start nie by\u0142 o 7 rano &#8211; przyzwyczajony jestem do start\u00f3w oko\u0142o godziny 11. By\u0142o ci\u0119\u017cko, chocia\u017c przy umiarkowanej pogodzie, kt\u00f3ra nam towarzyszy\u0142a (20-25 stopni, brak opad\u00f3w) dali\u015bmy rad\u0119 . Nie wyobra\u017cam sobie, je\u015bli by\u015bmy mieli tak\u0105 pogod\u0119 jak zawodowcy podczas Tour de France. My\u015bl\u0119, \u017ce ilo\u015b\u0107 kraks by\u0142aby o wiele wi\u0119ksza i wy\u015bcig m\u00f3g\u0142by przerodzi\u0107 si\u0119 w walk\u0119 o \u017cycie.<\/p>\n<p style=\"text-align: justify\"><strong>Jak to jest pokona\u0107 alpejski etap Tour de France? Czy po pokonanej trasie mia\u0142 Pan \u201czakwasy\u201d?<br \/>\n<\/strong><br \/>\nZakwas\u00f3w nie mia\u0142em, ale pierwszy raz tak si\u0119 odwodni\u0142em, \u017ce mia\u0142em g\u0119si\u0105 sk\u00f3rk\u0119 na nogach. W strefie bufetu panowa\u0142o takie zamieszanie, \u017ce nawet nie pr\u00f3bowa\u0142em czego\u015b wzi\u0105\u0107 do picia, tylko skupia\u0142em si\u0119 na tym, \u017ceby si\u0119 z kim\u015b nie zderzy\u0107. Ludzie maj\u0105 fantazj\u0119 i potrafi\u0105 z prawego kra\u0144ca szosy nagle zjecha\u0107 w lewo do bufetu &#8211; nie zwa\u017caj\u0105c na innych uczestnik\u00f3w wy\u015bcigu.<\/p>\n<p style=\"text-align: justify\"><strong>Jak zacz\u0119\u0142a si\u0119 Pana przygoda z kolarstwem? Co nap\u0119dza Pana do trening\u00f3w?<br \/>\n<\/strong><br \/>\nMoja przygoda z kolarstwem szosowym zacz\u0119\u0142a si\u0119 w sz\u00f3stej klasie podstaw\u00f3wki &#8211; pasj\u0105 do kolarstwa zarazi\u0142 mnie kuzyn. P\u00f3\u017aniej niestety mia\u0142em przerw\u0119, kt\u00f3ra trwa\u0142a prawie 15 lat (matura, studia,<br \/>\nrozkr\u0119canie w\u0142asnego biznesu), ale wr\u00f3ci\u0142em najpierw na MTB, a od dw\u00f3ch lat uprawiam kolarstwo szosowe. Jestem bardzo ambitn\u0105 osob\u0105 i w 100% oddaj\u0119 si\u0119 temu co robi\u0119. Dlatego chc\u0105c by\u0107 coraz lepszy nie musz\u0119 szuka\u0107 motywacji do trening\u00f3w, poniewa\u017c mam j\u0105 w sobie &#8211; mam cel i do niego wytrwale d\u0105\u017c\u0119.<\/p>\n<p style=\"text-align: justify\"><strong>Co sprawi\u0142o, \u017ce wzi\u0105\u0142 Pan udzia\u0142 w konkursie organizowanym przez \u0160KOD\u0118?<\/strong><\/p>\n<p style=\"text-align: justify\">O konkursie dowiedzia\u0142em si\u0119 z profilu facebookowego \u0160KODY. Stwierdzi\u0142em, \u017ce warto spr\u00f3bowa\u0107, bo okazja, \u017ceby \u015bciga\u0107 si\u0119 na prawdziwym etapie TdF mo\u017ce si\u0119 wi\u0119cej nie powt\u00f3rzy\u0107, a \u017ce w lutym by\u0142em z Bartoszem Huzarskim (Kolarz zawodowej Grupy Bora-Argon 18, przyp. red.) na Grand Canarii mia\u0142em co wklei\u0107 do aplikacji.<\/p>\n<p><strong>Czym zach\u0119ci\u0142by Pan entuzjast\u00f3w dw\u00f3ch k\u00f3\u0142ek do wzi\u0119cia udzia\u0142u w kolejnej edycji konkursu?<\/strong><\/p>\n<p style=\"text-align: justify\">Zawsze warto pr\u00f3bowa\u0107! Jak nie spr\u00f3bujesz, to na pewno nie wygrasz, a moja historia to potwierdza. Warto pr\u00f3bowa\u0107 wygra\u0107 konkurs, by spe\u0142nia\u0107 swoje marzenia.<\/p>\n<p style=\"text-align: justify\"><strong>Wygl\u0105da na to, \u017ce lubi Pan kolarskie wyzwania. Czy bra\u0142 Pan kiedy\u015b udzia\u0142 w wy\u015bcigach nap\u0119dzanych przez \u0160KOD\u0118?<\/strong><\/p>\n<p style=\"text-align: justify\">Tak. W maju bra\u0142em udzia\u0142 w wy\u015bcigu\u00a0 Velo Toru\u0144 i mam w planie w tym roku jeszcze starty we Wroc\u0142awiu i Poznaniu na Bike Challenge.<\/p>\n<p style=\"text-align: justify\"><strong>W takim razie do zobaczenia na wy\u015bcigach we Wroc\u0142awiu i Poznaniu. Powodzenia!<\/strong><\/p>\n<p style=\"text-align: justify\">Dzi\u0119kuj\u0119, do zobaczenia.<\/p>\n<p style=\"text-align: justify\">Zobaczcie filmik oraz fotorelacj\u0119 ze\u00a0startu Paw\u0142a Pir\u00f3ga:<\/p>\n<div style=\"width: 1920px;\" class=\"wp-video\"><!--[if lt IE 9]><script>document.createElement('video');<\/script><![endif]-->\n<video class=\"wp-video-shortcode\" id=\"video-1556-1\" width=\"1920\" height=\"1080\" preload=\"metadata\" controls=\"controls\"><source type=\"video\/mp4\" src=\"http:\/\/skoda-rowery.pl\/wp-content\/uploads\/2016\/07\/20160710_064210.mp4?_=1\" \/><a href=\"http:\/\/skoda-rowery.pl\/wp-content\/uploads\/2016\/07\/20160710_064210.mp4\">http:\/\/skoda-rowery.pl\/wp-content\/uploads\/2016\/07\/20160710_064210.mp4<\/a><\/video><\/div>\n<p style=\"text-align: justify\">\n<p style=\"text-align: justify\"><img loading=\"lazy\" decoding=\"async\" class=\"alignnone size-large wp-image-1559\" src=\"http:\/\/skoda-rowery.pl\/wp-content\/uploads\/2016\/07\/20160709_194453-1024x576.jpg\" alt=\"20160709_194453\" width=\"1024\" height=\"576\" srcset=\"https:\/\/d2p6e6u75xmxt8.cloudfront.net\/5\/2016\/07\/20160709_194453-1024x576.jpg 1024w, https:\/\/d2p6e6u75xmxt8.cloudfront.net\/5\/2016\/07\/20160709_194453-300x169.jpg 300w, https:\/\/d2p6e6u75xmxt8.cloudfront.net\/5\/2016\/07\/20160709_194453-768x432.jpg 768w\" sizes=\"auto, (max-width: 1024px) 100vw, 1024px\" \/><\/p>\n<p style=\"text-align: justify\"><img loading=\"lazy\" decoding=\"async\" class=\"alignnone size-large wp-image-1558\" src=\"http:\/\/skoda-rowery.pl\/wp-content\/uploads\/2016\/07\/20160709_194230-1024x576.jpg\" alt=\"20160709_194230\" width=\"1024\" height=\"576\" srcset=\"https:\/\/d2p6e6u75xmxt8.cloudfront.net\/5\/2016\/07\/20160709_194230-1024x576.jpg 1024w, https:\/\/d2p6e6u75xmxt8.cloudfront.net\/5\/2016\/07\/20160709_194230-300x169.jpg 300w, https:\/\/d2p6e6u75xmxt8.cloudfront.net\/5\/2016\/07\/20160709_194230-768x432.jpg 768w\" sizes=\"auto, (max-width: 1024px) 100vw, 1024px\" \/><\/p>\n<p style=\"text-align: justify\"><img loading=\"lazy\" decoding=\"async\" class=\"alignnone size-large wp-image-1560\" src=\"http:\/\/skoda-rowery.pl\/wp-content\/uploads\/2016\/07\/20160710_065350-1024x576.jpg\" alt=\"20160710_065350\" width=\"1024\" height=\"576\" srcset=\"https:\/\/d2p6e6u75xmxt8.cloudfront.net\/5\/2016\/07\/20160710_065350-1024x576.jpg 1024w, https:\/\/d2p6e6u75xmxt8.cloudfront.net\/5\/2016\/07\/20160710_065350-300x169.jpg 300w, https:\/\/d2p6e6u75xmxt8.cloudfront.net\/5\/2016\/07\/20160710_065350-768x432.jpg 768w\" sizes=\"auto, (max-width: 1024px) 100vw, 1024px\" \/><\/p>\n<p style=\"text-align: justify\"><img loading=\"lazy\" decoding=\"async\" class=\"alignnone size-large wp-image-1562\" src=\"http:\/\/skoda-rowery.pl\/wp-content\/uploads\/2016\/07\/IMG_5417-1024x768.jpg\" alt=\"IMG_5417\" width=\"1024\" height=\"768\" srcset=\"https:\/\/d2p6e6u75xmxt8.cloudfront.net\/5\/2016\/07\/IMG_5417-1024x768.jpg 1024w, https:\/\/d2p6e6u75xmxt8.cloudfront.net\/5\/2016\/07\/IMG_5417-300x225.jpg 300w, https:\/\/d2p6e6u75xmxt8.cloudfront.net\/5\/2016\/07\/IMG_5417-768x576.jpg 768w\" sizes=\"auto, (max-width: 1024px) 100vw, 1024px\" \/><\/p>\n<p style=\"text-align: justify\"><img loading=\"lazy\" decoding=\"async\" class=\"alignnone size-large wp-image-1563\" src=\"http:\/\/skoda-rowery.pl\/wp-content\/uploads\/2016\/07\/DSC_8933-683x1024.jpg\" alt=\"DSC_8933\" width=\"683\" height=\"1024\" srcset=\"https:\/\/d2p6e6u75xmxt8.cloudfront.net\/5\/2016\/07\/DSC_8933-683x1024.jpg 683w, https:\/\/d2p6e6u75xmxt8.cloudfront.net\/5\/2016\/07\/DSC_8933-200x300.jpg 200w, https:\/\/d2p6e6u75xmxt8.cloudfront.net\/5\/2016\/07\/DSC_8933-768x1152.jpg 768w\" sizes=\"auto, (max-width: 683px) 100vw, 683px\" \/><\/p>\n<p style=\"text-align: justify\"><img loading=\"lazy\" decoding=\"async\" class=\"alignnone size-large wp-image-1564\" src=\"http:\/\/skoda-rowery.pl\/wp-content\/uploads\/2016\/07\/DSC_8798-683x1024.jpg\" alt=\"DSC_8798\" width=\"683\" height=\"1024\" srcset=\"https:\/\/d2p6e6u75xmxt8.cloudfront.net\/5\/2016\/07\/DSC_8798-683x1024.jpg 683w, https:\/\/d2p6e6u75xmxt8.cloudfront.net\/5\/2016\/07\/DSC_8798-200x300.jpg 200w, https:\/\/d2p6e6u75xmxt8.cloudfront.net\/5\/2016\/07\/DSC_8798-768x1152.jpg 768w\" sizes=\"auto, (max-width: 683px) 100vw, 683px\" \/><\/p>\n<p style=\"text-align: justify\"><strong>\u0160koda nap\u0119dza rowery. \u0141\u0105czy nas kolarska pasja i dlatego wspieramy przedsi\u0119wzi\u0119cia takie jak L\u2019\u00c9tape du Tour. Kolejna edycja konkursu ju\u017c za rok, co oznacza ca\u0142e mn\u00f3stwo czasu na przygotowania. Ruszaj na rower i we\u017a udzia\u0142 w kolejnej edycji \u00a0L\u2019\u00c9tape du Tour!<\/strong><\/p>\n","protected":false},"excerpt":{"rendered":"<p>Jak co roku zwyci\u0119skie grono kolarskich entuzjast\u00f3w z ca\u0142ego \u015bwiata mia\u0142o okazj\u0119 do pokonania alpejskiego odcinka Tour de France jeszcze [&hellip;]<\/p>\n","protected":false},"author":1,"featured_media":1561,"comment_status":"open","ping_status":"closed","sticky":false,"template":"","format":"standard","meta":{"footnotes":""},"categories":[1],"tags":[77],"global-categories":[],"class_list":["post-1556","post","type-post","status-publish","format-standard","has-post-thumbnail","hentry","category-uncategorized","tag-tour-de-france"],"yoast_head":"<!-- This site is optimized with the Yoast SEO Premium plugin v25.3 (Yoast SEO v25.9) - https:\/\/yoast.com\/wordpress\/plugins\/seo\/ -->\n<title>Pawe\u0142 Pir\u00f3g zdoby\u0142 Alpy! Wywiad ze zwyci\u0119zc\u0105 konkursu \u0160KODY, w kt\u00f3rym nagrod\u0105 by\u0142 wyjazd na L\u2019\u00c9tape du Tour 2016 - \u0160koda We Love Cycling - Poland<\/title>\n<meta name=\"robots\" content=\"index, follow, max-snippet:-1, max-image-preview:large, max-video-preview:-1\" \/>\n<link rel=\"canonical\" href=\"https:\/\/www.welovecycling.com\/pl\/2016\/07\/27\/pawel-pirog-zdobyl-alpy-wywiad-ze-zwyciezca-konkursu-skody-w-ktorym-nagroda-byl-wyjazd-na-letape-du-tour-2016\/\" \/>\n<meta property=\"og:locale\" content=\"pl_PL\" \/>\n<meta property=\"og:type\" content=\"article\" \/>\n<meta property=\"og:title\" content=\"Pawe\u0142 Pir\u00f3g zdoby\u0142 Alpy! Wywiad ze zwyci\u0119zc\u0105 konkursu \u0160KODY, w kt\u00f3rym nagrod\u0105 by\u0142 wyjazd na L\u2019\u00c9tape du Tour 2016\" \/>\n<meta property=\"og:description\" content=\"Jak co roku zwyci\u0119skie grono kolarskich entuzjast\u00f3w z ca\u0142ego \u015bwiata mia\u0142o okazj\u0119 do pokonania alpejskiego odcinka Tour de France jeszcze [&hellip;]\" \/>\n<meta property=\"og:url\" content=\"https:\/\/www.welovecycling.com\/pl\/2016\/07\/27\/pawel-pirog-zdobyl-alpy-wywiad-ze-zwyciezca-konkursu-skody-w-ktorym-nagroda-byl-wyjazd-na-letape-du-tour-2016\/\" \/>\n<meta property=\"og:site_name\" content=\"\u0160koda We Love Cycling - Poland\" \/>\n<meta property=\"article:published_time\" content=\"2016-07-27T11:16:47+00:00\" \/>\n<meta property=\"article:modified_time\" content=\"2016-12-05T08:46:19+00:00\" \/>\n<meta property=\"og:image\" content=\"https:\/\/d2p6e6u75xmxt8.cloudfront.net\/5\/2016\/07\/IMG_7597-1024x768.jpg\" \/>\n\t<meta property=\"og:image:width\" content=\"1024\" \/>\n\t<meta property=\"og:image:height\" content=\"768\" \/>\n\t<meta property=\"og:image:type\" content=\"image\/jpeg\" \/>\n<meta name=\"author\" content=\"WeLoveCycling\" \/>\n<meta name=\"twitter:card\" content=\"summary_large_image\" \/>\n<meta name=\"twitter:label1\" content=\"Written by\" \/>\n\t<meta name=\"twitter:data1\" content=\"WeLoveCycling\" \/>\n\t<meta name=\"twitter:label2\" content=\"Est. reading time\" \/>\n\t<meta name=\"twitter:data2\" content=\"3 minutes\" \/>\n<script type=\"application\/ld+json\" class=\"yoast-schema-graph\">{\"@context\":\"https:\/\/schema.org\",\"@graph\":[{\"@type\":\"WebPage\",\"@id\":\"https:\/\/www.welovecycling.com\/pl\/2016\/07\/27\/pawel-pirog-zdobyl-alpy-wywiad-ze-zwyciezca-konkursu-skody-w-ktorym-nagroda-byl-wyjazd-na-letape-du-tour-2016\/\",\"url\":\"https:\/\/www.welovecycling.com\/pl\/2016\/07\/27\/pawel-pirog-zdobyl-alpy-wywiad-ze-zwyciezca-konkursu-skody-w-ktorym-nagroda-byl-wyjazd-na-letape-du-tour-2016\/\",\"name\":\"Pawe\u0142 Pir\u00f3g zdoby\u0142 Alpy! Wywiad ze zwyci\u0119zc\u0105 konkursu \u0160KODY, w kt\u00f3rym nagrod\u0105 by\u0142 wyjazd na L\u2019\u00c9tape du Tour 2016 - \u0160koda We Love Cycling - Poland\",\"isPartOf\":{\"@id\":\"https:\/\/www.welovecycling.com\/pl\/#website\"},\"primaryImageOfPage\":{\"@id\":\"https:\/\/www.welovecycling.com\/pl\/2016\/07\/27\/pawel-pirog-zdobyl-alpy-wywiad-ze-zwyciezca-konkursu-skody-w-ktorym-nagroda-byl-wyjazd-na-letape-du-tour-2016\/#primaryimage\"},\"image\":{\"@id\":\"https:\/\/www.welovecycling.com\/pl\/2016\/07\/27\/pawel-pirog-zdobyl-alpy-wywiad-ze-zwyciezca-konkursu-skody-w-ktorym-nagroda-byl-wyjazd-na-letape-du-tour-2016\/#primaryimage\"},\"thumbnailUrl\":\"https:\/\/d2p6e6u75xmxt8.cloudfront.net\/5\/2016\/07\/IMG_7597.jpg\",\"datePublished\":\"2016-07-27T11:16:47+00:00\",\"dateModified\":\"2016-12-05T08:46:19+00:00\",\"author\":{\"@id\":\"https:\/\/www.welovecycling.com\/pl\/#\/schema\/person\/e5187c9cac8dd619ebc7b41bd73c2fd9\"},\"breadcrumb\":{\"@id\":\"https:\/\/www.welovecycling.com\/pl\/2016\/07\/27\/pawel-pirog-zdobyl-alpy-wywiad-ze-zwyciezca-konkursu-skody-w-ktorym-nagroda-byl-wyjazd-na-letape-du-tour-2016\/#breadcrumb\"},\"inLanguage\":\"pl-PL\",\"potentialAction\":[{\"@type\":\"ReadAction\",\"target\":[\"https:\/\/www.welovecycling.com\/pl\/2016\/07\/27\/pawel-pirog-zdobyl-alpy-wywiad-ze-zwyciezca-konkursu-skody-w-ktorym-nagroda-byl-wyjazd-na-letape-du-tour-2016\/\"]}]},{\"@type\":\"ImageObject\",\"inLanguage\":\"pl-PL\",\"@id\":\"https:\/\/www.welovecycling.com\/pl\/2016\/07\/27\/pawel-pirog-zdobyl-alpy-wywiad-ze-zwyciezca-konkursu-skody-w-ktorym-nagroda-byl-wyjazd-na-letape-du-tour-2016\/#primaryimage\",\"url\":\"https:\/\/d2p6e6u75xmxt8.cloudfront.net\/5\/2016\/07\/IMG_7597.jpg\",\"contentUrl\":\"https:\/\/d2p6e6u75xmxt8.cloudfront.net\/5\/2016\/07\/IMG_7597.jpg\",\"width\":3264,\"height\":2448},{\"@type\":\"BreadcrumbList\",\"@id\":\"https:\/\/www.welovecycling.com\/pl\/2016\/07\/27\/pawel-pirog-zdobyl-alpy-wywiad-ze-zwyciezca-konkursu-skody-w-ktorym-nagroda-byl-wyjazd-na-letape-du-tour-2016\/#breadcrumb\",\"itemListElement\":[{\"@type\":\"ListItem\",\"position\":1,\"name\":\"Home\",\"item\":\"https:\/\/www.welovecycling.com\/pl\/\"},{\"@type\":\"ListItem\",\"position\":2,\"name\":\"Pawe\u0142 Pir\u00f3g zdoby\u0142 Alpy! Wywiad ze zwyci\u0119zc\u0105 konkursu \u0160KODY, w kt\u00f3rym nagrod\u0105 by\u0142 wyjazd na L\u2019\u00c9tape du Tour 2016\"}]},{\"@type\":\"WebSite\",\"@id\":\"https:\/\/www.welovecycling.com\/pl\/#website\",\"url\":\"https:\/\/www.welovecycling.com\/pl\/\",\"name\":\"\u0160koda We Love Cycling - Poland\",\"description\":\"\",\"potentialAction\":[{\"@type\":\"SearchAction\",\"target\":{\"@type\":\"EntryPoint\",\"urlTemplate\":\"https:\/\/www.welovecycling.com\/pl\/?s={search_term_string}\"},\"query-input\":{\"@type\":\"PropertyValueSpecification\",\"valueRequired\":true,\"valueName\":\"search_term_string\"}}],\"inLanguage\":\"pl-PL\"},{\"@type\":\"Person\",\"@id\":\"https:\/\/www.welovecycling.com\/pl\/#\/schema\/person\/e5187c9cac8dd619ebc7b41bd73c2fd9\",\"name\":\"WeLoveCycling\",\"image\":{\"@type\":\"ImageObject\",\"inLanguage\":\"pl-PL\",\"@id\":\"https:\/\/www.welovecycling.com\/pl\/#\/schema\/person\/image\/\",\"url\":\"https:\/\/secure.gravatar.com\/avatar\/7e1ee0ecc5e294b19ef32b9f6086e0afbb9da00c3cb0d465ba4695331f4a9187?s=96&d=mm&r=g\",\"contentUrl\":\"https:\/\/secure.gravatar.com\/avatar\/7e1ee0ecc5e294b19ef32b9f6086e0afbb9da00c3cb0d465ba4695331f4a9187?s=96&d=mm&r=g\",\"caption\":\"WeLoveCycling\"},\"url\":\"https:\/\/www.welovecycling.com\/pl\/author\/lukascech\/\"}]}<\/script>\n<!-- \/ Yoast SEO Premium plugin. -->","yoast_head_json":{"title":"Pawe\u0142 Pir\u00f3g zdoby\u0142 Alpy! Wywiad ze zwyci\u0119zc\u0105 konkursu \u0160KODY, w kt\u00f3rym nagrod\u0105 by\u0142 wyjazd na L\u2019\u00c9tape du Tour 2016 - \u0160koda We Love Cycling - Poland","robots":{"index":"index","follow":"follow","max-snippet":"max-snippet:-1","max-image-preview":"max-image-preview:large","max-video-preview":"max-video-preview:-1"},"canonical":"https:\/\/www.welovecycling.com\/pl\/2016\/07\/27\/pawel-pirog-zdobyl-alpy-wywiad-ze-zwyciezca-konkursu-skody-w-ktorym-nagroda-byl-wyjazd-na-letape-du-tour-2016\/","og_locale":"pl_PL","og_type":"article","og_title":"Pawe\u0142 Pir\u00f3g zdoby\u0142 Alpy! Wywiad ze zwyci\u0119zc\u0105 konkursu \u0160KODY, w kt\u00f3rym nagrod\u0105 by\u0142 wyjazd na L\u2019\u00c9tape du Tour 2016","og_description":"Jak co roku zwyci\u0119skie grono kolarskich entuzjast\u00f3w z ca\u0142ego \u015bwiata mia\u0142o okazj\u0119 do pokonania alpejskiego odcinka Tour de France jeszcze [&hellip;]","og_url":"https:\/\/www.welovecycling.com\/pl\/2016\/07\/27\/pawel-pirog-zdobyl-alpy-wywiad-ze-zwyciezca-konkursu-skody-w-ktorym-nagroda-byl-wyjazd-na-letape-du-tour-2016\/","og_site_name":"\u0160koda We Love Cycling - Poland","article_published_time":"2016-07-27T11:16:47+00:00","article_modified_time":"2016-12-05T08:46:19+00:00","og_image":[{"width":1024,"height":768,"url":"https:\/\/d2p6e6u75xmxt8.cloudfront.net\/5\/2016\/07\/IMG_7597-1024x768.jpg","type":"image\/jpeg"}],"author":"WeLoveCycling","twitter_card":"summary_large_image","twitter_misc":{"Written by":"WeLoveCycling","Est. reading time":"3 minutes"},"schema":{"@context":"https:\/\/schema.org","@graph":[{"@type":"WebPage","@id":"https:\/\/www.welovecycling.com\/pl\/2016\/07\/27\/pawel-pirog-zdobyl-alpy-wywiad-ze-zwyciezca-konkursu-skody-w-ktorym-nagroda-byl-wyjazd-na-letape-du-tour-2016\/","url":"https:\/\/www.welovecycling.com\/pl\/2016\/07\/27\/pawel-pirog-zdobyl-alpy-wywiad-ze-zwyciezca-konkursu-skody-w-ktorym-nagroda-byl-wyjazd-na-letape-du-tour-2016\/","name":"Pawe\u0142 Pir\u00f3g zdoby\u0142 Alpy! Wywiad ze zwyci\u0119zc\u0105 konkursu \u0160KODY, w kt\u00f3rym nagrod\u0105 by\u0142 wyjazd na L\u2019\u00c9tape du Tour 2016 - \u0160koda We Love Cycling - Poland","isPartOf":{"@id":"https:\/\/www.welovecycling.com\/pl\/#website"},"primaryImageOfPage":{"@id":"https:\/\/www.welovecycling.com\/pl\/2016\/07\/27\/pawel-pirog-zdobyl-alpy-wywiad-ze-zwyciezca-konkursu-skody-w-ktorym-nagroda-byl-wyjazd-na-letape-du-tour-2016\/#primaryimage"},"image":{"@id":"https:\/\/www.welovecycling.com\/pl\/2016\/07\/27\/pawel-pirog-zdobyl-alpy-wywiad-ze-zwyciezca-konkursu-skody-w-ktorym-nagroda-byl-wyjazd-na-letape-du-tour-2016\/#primaryimage"},"thumbnailUrl":"https:\/\/d2p6e6u75xmxt8.cloudfront.net\/5\/2016\/07\/IMG_7597.jpg","datePublished":"2016-07-27T11:16:47+00:00","dateModified":"2016-12-05T08:46:19+00:00","author":{"@id":"https:\/\/www.welovecycling.com\/pl\/#\/schema\/person\/e5187c9cac8dd619ebc7b41bd73c2fd9"},"breadcrumb":{"@id":"https:\/\/www.welovecycling.com\/pl\/2016\/07\/27\/pawel-pirog-zdobyl-alpy-wywiad-ze-zwyciezca-konkursu-skody-w-ktorym-nagroda-byl-wyjazd-na-letape-du-tour-2016\/#breadcrumb"},"inLanguage":"pl-PL","potentialAction":[{"@type":"ReadAction","target":["https:\/\/www.welovecycling.com\/pl\/2016\/07\/27\/pawel-pirog-zdobyl-alpy-wywiad-ze-zwyciezca-konkursu-skody-w-ktorym-nagroda-byl-wyjazd-na-letape-du-tour-2016\/"]}]},{"@type":"ImageObject","inLanguage":"pl-PL","@id":"https:\/\/www.welovecycling.com\/pl\/2016\/07\/27\/pawel-pirog-zdobyl-alpy-wywiad-ze-zwyciezca-konkursu-skody-w-ktorym-nagroda-byl-wyjazd-na-letape-du-tour-2016\/#primaryimage","url":"https:\/\/d2p6e6u75xmxt8.cloudfront.net\/5\/2016\/07\/IMG_7597.jpg","contentUrl":"https:\/\/d2p6e6u75xmxt8.cloudfront.net\/5\/2016\/07\/IMG_7597.jpg","width":3264,"height":2448},{"@type":"BreadcrumbList","@id":"https:\/\/www.welovecycling.com\/pl\/2016\/07\/27\/pawel-pirog-zdobyl-alpy-wywiad-ze-zwyciezca-konkursu-skody-w-ktorym-nagroda-byl-wyjazd-na-letape-du-tour-2016\/#breadcrumb","itemListElement":[{"@type":"ListItem","position":1,"name":"Home","item":"https:\/\/www.welovecycling.com\/pl\/"},{"@type":"ListItem","position":2,"name":"Pawe\u0142 Pir\u00f3g zdoby\u0142 Alpy! Wywiad ze zwyci\u0119zc\u0105 konkursu \u0160KODY, w kt\u00f3rym nagrod\u0105 by\u0142 wyjazd na L\u2019\u00c9tape du Tour 2016"}]},{"@type":"WebSite","@id":"https:\/\/www.welovecycling.com\/pl\/#website","url":"https:\/\/www.welovecycling.com\/pl\/","name":"\u0160koda We Love Cycling - Poland","description":"","potentialAction":[{"@type":"SearchAction","target":{"@type":"EntryPoint","urlTemplate":"https:\/\/www.welovecycling.com\/pl\/?s={search_term_string}"},"query-input":{"@type":"PropertyValueSpecification","valueRequired":true,"valueName":"search_term_string"}}],"inLanguage":"pl-PL"},{"@type":"Person","@id":"https:\/\/www.welovecycling.com\/pl\/#\/schema\/person\/e5187c9cac8dd619ebc7b41bd73c2fd9","name":"WeLoveCycling","image":{"@type":"ImageObject","inLanguage":"pl-PL","@id":"https:\/\/www.welovecycling.com\/pl\/#\/schema\/person\/image\/","url":"https:\/\/secure.gravatar.com\/avatar\/7e1ee0ecc5e294b19ef32b9f6086e0afbb9da00c3cb0d465ba4695331f4a9187?s=96&d=mm&r=g","contentUrl":"https:\/\/secure.gravatar.com\/avatar\/7e1ee0ecc5e294b19ef32b9f6086e0afbb9da00c3cb0d465ba4695331f4a9187?s=96&d=mm&r=g","caption":"WeLoveCycling"},"url":"https:\/\/www.welovecycling.com\/pl\/author\/lukascech\/"}]}},"_links":{"self":[{"href":"https:\/\/www.welovecycling.com\/pl\/wp-json\/wp\/v2\/posts\/1556","targetHints":{"allow":["GET"]}}],"collection":[{"href":"https:\/\/www.welovecycling.com\/pl\/wp-json\/wp\/v2\/posts"}],"about":[{"href":"https:\/\/www.welovecycling.com\/pl\/wp-json\/wp\/v2\/types\/post"}],"author":[{"embeddable":true,"href":"https:\/\/www.welovecycling.com\/pl\/wp-json\/wp\/v2\/users\/1"}],"replies":[{"embeddable":true,"href":"https:\/\/www.welovecycling.com\/pl\/wp-json\/wp\/v2\/comments?post=1556"}],"version-history":[{"count":1,"href":"https:\/\/www.welovecycling.com\/pl\/wp-json\/wp\/v2\/posts\/1556\/revisions"}],"predecessor-version":[{"id":2406,"href":"https:\/\/www.welovecycling.com\/pl\/wp-json\/wp\/v2\/posts\/1556\/revisions\/2406"}],"wp:featuredmedia":[{"embeddable":true,"href":"https:\/\/www.welovecycling.com\/pl\/wp-json\/wp\/v2\/media\/1561"}],"wp:attachment":[{"href":"https:\/\/www.welovecycling.com\/pl\/wp-json\/wp\/v2\/media?parent=1556"}],"wp:term":[{"taxonomy":"category","embeddable":true,"href":"https:\/\/www.welovecycling.com\/pl\/wp-json\/wp\/v2\/categories?post=1556"},{"taxonomy":"post_tag","embeddable":true,"href":"https:\/\/www.welovecycling.com\/pl\/wp-json\/wp\/v2\/tags?post=1556"},{"taxonomy":"global-categories","embeddable":true,"href":"https:\/\/www.welovecycling.com\/pl\/wp-json\/wp\/v2\/global-categories?post=1556"}],"curies":[{"name":"wp","href":"https:\/\/api.w.org\/{rel}","templated":true}]}}