{"id":15506,"date":"2024-06-28T10:36:10","date_gmt":"2024-06-28T10:36:10","guid":{"rendered":"https:\/\/www.welovecycling.com\/pl\/?p=15506"},"modified":"2024-06-28T10:36:10","modified_gmt":"2024-06-28T10:36:10","slug":"zapowiada-sie-niesamowity-wyscig-takiego-tour-de-france-jeszcze-nie-bylo","status":"publish","type":"post","link":"https:\/\/www.welovecycling.com\/pl\/2024\/06\/28\/zapowiada-sie-niesamowity-wyscig-takiego-tour-de-france-jeszcze-nie-bylo\/","title":{"rendered":"Zapowiada si\u0119 niesamowity wy\u015bcig\u2026 Takiego Tour de France jeszcze nie by\u0142o!"},"content":{"rendered":"<p><strong>Na ten dzie\u0144 czekaj\u0105 fani kolarstwa na ca\u0142ym \u015bwiecie. W sobot\u0119 rozpoczyna si\u0119 111. Tour de France, kt\u00f3ry w tym roku zapowiada si\u0119 wyj\u0105tkowo interesuj\u0105co.<\/strong><\/p>\n<p>Fani pi\u0142ki no\u017cnej w tegorocznych kalendarzach na czerwono zaznaczony mieli start Euro 2024, kibice hokeja nie mogli odpu\u015bci\u0107 mistrzostw \u015bwiata, a mi\u0142o\u015bnicy lekkoatletyki czekaj\u0105 na igrzyska olimpijskie w Pary\u017cu. Teraz nasta\u0142 jednak dzie\u0144 kibic\u00f3w kolarstwa \u2013 od soboty ich oczy zwr\u00f3cone b\u0119d\u0105 na rozpoczynaj\u0105cy si\u0119 111. Tour de France!<\/p>\n<p><a href=\"https:\/\/x.com\/TeamTotalEnrg\/status\/1805923799902110001\">https:\/\/x.com\/TeamTotalEnrg\/status\/1805923799902110001<\/a><\/p>\n<p>Wielka P\u0119tla od lat budzi najwi\u0119ksze emocje w kolarskim \u015bwiecie. Giro d\u2019Italia pr\u00f3buje uatrakcyjnia\u0107 trasy, Vuelta a Espa\u00f1a szuka coraz to nowszych rozwi\u0105za\u0144, ale od ponad stu lat ka\u017cdy zawodnik marzy o zdobyciu \u017c\u00f3\u0142tej koszulki lidera klasyfikacji generalnej Tour de France.<\/p>\n<p><span style=\"font-size: 18pt;\"><strong>Zapowiada si\u0119 pasjonuj\u0105ca walka<\/strong><\/span><\/p>\n<p>Pod wzgl\u0119dem poziomu i rywalizacji tegoroczna Wielka P\u0119tla zapowiada si\u0119 niezwykle emocjonuj\u0105co. Jonas Vingegaard (Jumbo Visma) marzy o powt\u00f3rzeniu sukcesu sprzed roku oraz dw\u00f3ch lat, gdy wygrywa\u0142 Wielk\u0105 P\u0119tl\u0119. Z\u0119by na trzeci triumf ostrzy sobie tak\u017ce Tadej Pogacar (UAE Team Emirates), kt\u00f3ry w Tour de France triumfowa\u0142 w 2020 i 2021 r. Primo\u017c Rogli\u0107 (BORA-hansgrohe) w gablocie ma ju\u017c koszulki za wygranie Giro d\u2019Italia oraz Vuelta a Espa\u00f1a, ale wci\u0105\u017c brakuje mu tej najcenniejszej \u2013 \u017c\u00f3\u0142tego trykotu za triumf w Tour de France. By go zdoby\u0107, zmieni\u0142 nawet zesp\u00f3\u0142, bo w BORA-hansgrohe otrzyma\u0142 zapewnienie, \u017ce ca\u0142a dru\u017cyna b\u0119dzie pracowa\u0142a na to, by m\u00f3g\u0142 spe\u0142ni\u0107 marzenie.<\/p>\n<p><a href=\"https:\/\/x.com\/LeTour\/status\/1806326935829500146\">https:\/\/x.com\/LeTour\/status\/1806326935829500146<\/a><\/p>\n<p>W 111. Tour de France wyst\u0105pi tylko jeden Polak \u2013 Micha\u0142 Kwiatkowski (Ineos Grenadiers). O sukces w klasyfikacji generalnej raczej b\u0119dzie trudno, ale na pewno b\u0119dzie pr\u00f3bowa\u0142 si\u0142 na etapach. A \u017ce potrafi zaskoczy\u0107 rywali, 34-letni Polak udowodni\u0142 ju\u017c w 2020 i 2023 r., gdy jako pierwszy przecina\u0142 lini\u0119 mety.<\/p>\n<p><a href=\"https:\/\/x.com\/TeamEmiratesUAE\/status\/1806421252871205023\">https:\/\/x.com\/TeamEmiratesUAE\/status\/1806421252871205023<\/a><\/p>\n<p><span style=\"font-size: 18pt;\"><strong>Wyj\u0105tkowa trasa 111. Tour de France<\/strong><\/span><\/p>\n<p>Tegoroczna Wielka P\u0119tla tak\u017ce zaczyna si\u0119 wyj\u0105tkowo, bo we W\u0142oszech, a dok\u0142adnie na p\u00f3\u0142nocy W\u0142och. Sobotni pag\u00f3rkowaty etap kolarze przejad\u0105 z Florencji do Rimini, nazajutrz skieruj\u0105 si\u0119 w stron\u0119 Bolonii, p\u00f3\u017aniej p\u0142ask\u0105 tras\u0105 pojad\u0105 z Piacenzy do Turynu, a z W\u0142ochami po\u017cegnaj\u0105 si\u0119 wtorkowym g\u00f3rskim etapem Pinerolo \u2013 Valloire.<\/p>\n<p>Druga cz\u0119\u015b\u0107 pierwszego tygodnia to b\u0119d\u0105 g\u0142\u00f3wnie trasy p\u0142askie, ale po dniu przerwy poprzeczka p\u00f3jdzie w g\u00f3r\u0119 \u2013 trzy g\u00f3rskie etapy prawdopodobnie wy\u0142oni\u0105 grup\u0119 faworyt\u00f3w do wygrania ca\u0142ego wy\u015bcigu.<\/p>\n<p><a href=\"https:\/\/x.com\/LeTour_Italia\/status\/1806038571662348593\">https:\/\/x.com\/LeTour_Italia\/status\/1806038571662348593<\/a><\/p>\n<p>\u0141atwiej nie b\u0119dzie tak\u017ce w trzecim tygodniu rywalizacji, kt\u00f3ry zapowiada si\u0119 na najbardziej urozmaicony. P\u0142asko, g\u00f3ry, pag\u00f3rki, g\u00f3ry, g\u00f3ry i na koniec jazda indywidulna na czas \u2013 tak w skr\u00f3cie b\u0119dzie przedstawia\u0142 si\u0119 profil ostatniego tygodnia \u015bci\u0105gania.<\/p>\n<p>Najwi\u0119ksz\u0105 nowo\u015bci\u0105 jest ostatni dzie\u0144, bo z powodu przygotowa\u0144 do igrzysk olimpijskich zawodnicy tym razem nie b\u0119d\u0105 ko\u0144czyli rywalizacji na Polach Elizejskich, ale w Nicei. W miejsce tradycyjnego \u015bwi\u0119ta kolarstwa organizatorzy zafundowali kibicom emocje, bo nie da si\u0119 wykluczy\u0107, \u017ce losy wy\u015bcigu rozstrzygn\u0105 si\u0119 podczas niespe\u0142na 34-kilometrowej jazdy na czas mi\u0119dzy Monako a Nice\u0105.<\/p>\n<p><a href=\"https:\/\/x.com\/AG2RLAMONDIALE\/status\/1806229392911183999\">https:\/\/x.com\/AG2RLAMONDIALE\/status\/1806229392911183999<\/a><\/p>\n<p>176 najlepszych kolarzy na \u015bwiecie, 21 dni \u015bcigania, 3498 kilometr\u00f3w do przejechania \u2013 czas na wielk\u0105 kolarsk\u0105 uczt\u0119! Rozpocz\u0119cie 111. Tour de France w sobot\u0119, zako\u0144czenie w niedziel\u0119 21 lipca.<\/p>\n<p><span data-sheets-value=\"{&quot;1&quot;:2,&quot;2&quot;:&quot;Artyku\u0142 powsta\u0142 we wsp\u00f3\u0142pracy ze skoda-auto.pl&quot;}\" data-sheets-userformat=\"{&quot;2&quot;:1,&quot;3&quot;:{&quot;1&quot;:0}}\" data-sheets-hyperlink=\"http:\/\/www.skoda-auto.pl\/\"><a class=\"in-cell-link\" href=\"http:\/\/www.skoda-auto.pl\/\" target=\"_blank\" rel=\"noopener noreferrer\">Artyku\u0142 powsta\u0142 we wsp\u00f3\u0142pracy ze skoda-auto.pl<\/a><\/span><\/p>\n<p><a href=\"https:\/\/d2p6e6u75xmxt8.cloudfront.net\/5\/2030\/11\/3.webp\"><img loading=\"lazy\" decoding=\"async\" class=\"size-full wp-image-13776 aligncenter\" src=\"https:\/\/d2p6e6u75xmxt8.cloudfront.net\/5\/2030\/11\/3.webp\" alt=\"\" width=\"640\" height=\"350\" srcset=\"https:\/\/d2p6e6u75xmxt8.cloudfront.net\/5\/2030\/11\/3.webp 640w, https:\/\/d2p6e6u75xmxt8.cloudfront.net\/5\/2030\/11\/3-300x164.webp 300w, https:\/\/d2p6e6u75xmxt8.cloudfront.net\/5\/2030\/11\/3-400x219.webp 400w\" sizes=\"auto, (max-width: 640px) 100vw, 640px\" \/><\/a><\/p>\n","protected":false},"excerpt":{"rendered":"<p>Na ten dzie\u0144 czekaj\u0105 fani kolarstwa na ca\u0142ym \u015bwiecie. W sobot\u0119 rozpoczyna si\u0119 111. Tour de France, kt\u00f3ry w tym [&hellip;]<\/p>\n","protected":false},"author":187,"featured_media":15507,"comment_status":"open","ping_status":"open","sticky":false,"template":"","format":"standard","meta":{"footnotes":""},"categories":[337],"tags":[151,191,404,77],"global-categories":[303],"class_list":["post-15506","post","type-post","status-publish","format-standard","has-post-thumbnail","hentry","category-tour-de-france","tag-kolarstwo-szosowe","tag-skoda","tag-skodapolska","tag-tour-de-france","global-categories-cycling"],"yoast_head":"<!-- This site is optimized with the Yoast SEO Premium plugin v25.3 (Yoast SEO v25.9) - https:\/\/yoast.com\/wordpress\/plugins\/seo\/ -->\n<title>Zapowiada si\u0119 niesamowity wy\u015bcig\u2026 Takiego Tour de France jeszcze nie by\u0142o! - \u0160koda We Love Cycling - Poland<\/title>\n<meta name=\"robots\" content=\"index, follow, max-snippet:-1, max-image-preview:large, max-video-preview:-1\" \/>\n<link rel=\"canonical\" href=\"https:\/\/www.welovecycling.com\/pl\/2024\/06\/28\/zapowiada-sie-niesamowity-wyscig-takiego-tour-de-france-jeszcze-nie-bylo\/\" \/>\n<meta property=\"og:locale\" content=\"pl_PL\" \/>\n<meta property=\"og:type\" content=\"article\" \/>\n<meta property=\"og:title\" content=\"Zapowiada si\u0119 niesamowity wy\u015bcig\u2026 Takiego Tour de France jeszcze nie by\u0142o!\" \/>\n<meta property=\"og:description\" content=\"Na ten dzie\u0144 czekaj\u0105 fani kolarstwa na ca\u0142ym \u015bwiecie. W sobot\u0119 rozpoczyna si\u0119 111. Tour de France, kt\u00f3ry w tym [&hellip;]\" \/>\n<meta property=\"og:url\" content=\"https:\/\/www.welovecycling.com\/pl\/2024\/06\/28\/zapowiada-sie-niesamowity-wyscig-takiego-tour-de-france-jeszcze-nie-bylo\/\" \/>\n<meta property=\"og:site_name\" content=\"\u0160koda We Love Cycling - Poland\" \/>\n<meta property=\"article:published_time\" content=\"2024-06-28T10:36:10+00:00\" \/>\n<meta property=\"og:image\" content=\"https:\/\/d2p6e6u75xmxt8.cloudfront.net\/5\/2024\/06\/obraz-3-1.webp\" \/>\n\t<meta property=\"og:image:width\" content=\"990\" \/>\n\t<meta property=\"og:image:height\" content=\"660\" \/>\n\t<meta property=\"og:image:type\" content=\"image\/webp\" \/>\n<meta name=\"author\" content=\"konradbobrowski\" \/>\n<meta name=\"twitter:card\" content=\"summary_large_image\" \/>\n<meta name=\"twitter:label1\" content=\"Written by\" \/>\n\t<meta name=\"twitter:data1\" content=\"Piotr Nowik\" \/>\n\t<meta name=\"twitter:label2\" content=\"Est. reading time\" \/>\n\t<meta name=\"twitter:data2\" content=\"3\" \/>\n<script type=\"application\/ld+json\" class=\"yoast-schema-graph\">{\"@context\":\"https:\/\/schema.org\",\"@graph\":[{\"@type\":\"WebPage\",\"@id\":\"https:\/\/www.welovecycling.com\/pl\/2024\/06\/28\/zapowiada-sie-niesamowity-wyscig-takiego-tour-de-france-jeszcze-nie-bylo\/\",\"url\":\"https:\/\/www.welovecycling.com\/pl\/2024\/06\/28\/zapowiada-sie-niesamowity-wyscig-takiego-tour-de-france-jeszcze-nie-bylo\/\",\"name\":\"Zapowiada si\u0119 niesamowity wy\u015bcig\u2026 Takiego Tour de France jeszcze nie by\u0142o! - \u0160koda We Love Cycling - Poland\",\"isPartOf\":{\"@id\":\"https:\/\/www.welovecycling.com\/pl\/#website\"},\"primaryImageOfPage\":{\"@id\":\"https:\/\/www.welovecycling.com\/pl\/2024\/06\/28\/zapowiada-sie-niesamowity-wyscig-takiego-tour-de-france-jeszcze-nie-bylo\/#primaryimage\"},\"image\":{\"@id\":\"https:\/\/www.welovecycling.com\/pl\/2024\/06\/28\/zapowiada-sie-niesamowity-wyscig-takiego-tour-de-france-jeszcze-nie-bylo\/#primaryimage\"},\"thumbnailUrl\":\"https:\/\/d2p6e6u75xmxt8.cloudfront.net\/5\/2024\/06\/obraz-3-1.webp\",\"datePublished\":\"2024-06-28T10:36:10+00:00\",\"author\":{\"@id\":\"https:\/\/www.welovecycling.com\/pl\/#\/schema\/person\/e551e469d0b17f4e0b87f3f4fa8fc0f2\"},\"breadcrumb\":{\"@id\":\"https:\/\/www.welovecycling.com\/pl\/2024\/06\/28\/zapowiada-sie-niesamowity-wyscig-takiego-tour-de-france-jeszcze-nie-bylo\/#breadcrumb\"},\"inLanguage\":\"pl-PL\",\"potentialAction\":[{\"@type\":\"ReadAction\",\"target\":[\"https:\/\/www.welovecycling.com\/pl\/2024\/06\/28\/zapowiada-sie-niesamowity-wyscig-takiego-tour-de-france-jeszcze-nie-bylo\/\"]}]},{\"@type\":\"ImageObject\",\"inLanguage\":\"pl-PL\",\"@id\":\"https:\/\/www.welovecycling.com\/pl\/2024\/06\/28\/zapowiada-sie-niesamowity-wyscig-takiego-tour-de-france-jeszcze-nie-bylo\/#primaryimage\",\"url\":\"https:\/\/d2p6e6u75xmxt8.cloudfront.net\/5\/2024\/06\/obraz-3-1.webp\",\"contentUrl\":\"https:\/\/d2p6e6u75xmxt8.cloudfront.net\/5\/2024\/06\/obraz-3-1.webp\",\"width\":990,\"height\":660},{\"@type\":\"BreadcrumbList\",\"@id\":\"https:\/\/www.welovecycling.com\/pl\/2024\/06\/28\/zapowiada-sie-niesamowity-wyscig-takiego-tour-de-france-jeszcze-nie-bylo\/#breadcrumb\",\"itemListElement\":[{\"@type\":\"ListItem\",\"position\":1,\"name\":\"Home\",\"item\":\"https:\/\/www.welovecycling.com\/pl\/\"},{\"@type\":\"ListItem\",\"position\":2,\"name\":\"Zapowiada si\u0119 niesamowity wy\u015bcig\u2026 Takiego Tour de France jeszcze nie by\u0142o!\"}]},{\"@type\":\"WebSite\",\"@id\":\"https:\/\/www.welovecycling.com\/pl\/#website\",\"url\":\"https:\/\/www.welovecycling.com\/pl\/\",\"name\":\"\u0160koda We Love Cycling - Poland\",\"description\":\"\",\"potentialAction\":[{\"@type\":\"SearchAction\",\"target\":{\"@type\":\"EntryPoint\",\"urlTemplate\":\"https:\/\/www.welovecycling.com\/pl\/?s={search_term_string}\"},\"query-input\":{\"@type\":\"PropertyValueSpecification\",\"valueRequired\":true,\"valueName\":\"search_term_string\"}}],\"inLanguage\":\"pl-PL\"},{\"@type\":\"Person\",\"@id\":\"https:\/\/www.welovecycling.com\/pl\/#\/schema\/person\/e551e469d0b17f4e0b87f3f4fa8fc0f2\",\"name\":\"konradbobrowski\",\"image\":{\"@type\":\"ImageObject\",\"inLanguage\":\"pl-PL\",\"@id\":\"https:\/\/www.welovecycling.com\/pl\/#\/schema\/person\/image\/\",\"url\":\"https:\/\/secure.gravatar.com\/avatar\/91ac5a8cb4a26d3b32dc77b5e6d46616cf6adf425879538f5e5d7e4ef2333a4c?s=96&d=mm&r=g\",\"contentUrl\":\"https:\/\/secure.gravatar.com\/avatar\/91ac5a8cb4a26d3b32dc77b5e6d46616cf6adf425879538f5e5d7e4ef2333a4c?s=96&d=mm&r=g\",\"caption\":\"konradbobrowski\"},\"url\":\"https:\/\/www.welovecycling.com\/pl\/author\/konradbobrowski\/\"}]}<\/script>\n<!-- \/ Yoast SEO Premium plugin. -->","yoast_head_json":{"title":"Zapowiada si\u0119 niesamowity wy\u015bcig\u2026 Takiego Tour de France jeszcze nie by\u0142o! - \u0160koda We Love Cycling - Poland","robots":{"index":"index","follow":"follow","max-snippet":"max-snippet:-1","max-image-preview":"max-image-preview:large","max-video-preview":"max-video-preview:-1"},"canonical":"https:\/\/www.welovecycling.com\/pl\/2024\/06\/28\/zapowiada-sie-niesamowity-wyscig-takiego-tour-de-france-jeszcze-nie-bylo\/","og_locale":"pl_PL","og_type":"article","og_title":"Zapowiada si\u0119 niesamowity wy\u015bcig\u2026 Takiego Tour de France jeszcze nie by\u0142o!","og_description":"Na ten dzie\u0144 czekaj\u0105 fani kolarstwa na ca\u0142ym \u015bwiecie. W sobot\u0119 rozpoczyna si\u0119 111. Tour de France, kt\u00f3ry w tym [&hellip;]","og_url":"https:\/\/www.welovecycling.com\/pl\/2024\/06\/28\/zapowiada-sie-niesamowity-wyscig-takiego-tour-de-france-jeszcze-nie-bylo\/","og_site_name":"\u0160koda We Love Cycling - Poland","article_published_time":"2024-06-28T10:36:10+00:00","og_image":[{"width":990,"height":660,"url":"https:\/\/d2p6e6u75xmxt8.cloudfront.net\/5\/2024\/06\/obraz-3-1.webp","type":"image\/webp"}],"author":"konradbobrowski","twitter_card":"summary_large_image","twitter_misc":{"Written by":"Piotr Nowik","Est. reading time":"3"},"schema":{"@context":"https:\/\/schema.org","@graph":[{"@type":"WebPage","@id":"https:\/\/www.welovecycling.com\/pl\/2024\/06\/28\/zapowiada-sie-niesamowity-wyscig-takiego-tour-de-france-jeszcze-nie-bylo\/","url":"https:\/\/www.welovecycling.com\/pl\/2024\/06\/28\/zapowiada-sie-niesamowity-wyscig-takiego-tour-de-france-jeszcze-nie-bylo\/","name":"Zapowiada si\u0119 niesamowity wy\u015bcig\u2026 Takiego Tour de France jeszcze nie by\u0142o! - \u0160koda We Love Cycling - Poland","isPartOf":{"@id":"https:\/\/www.welovecycling.com\/pl\/#website"},"primaryImageOfPage":{"@id":"https:\/\/www.welovecycling.com\/pl\/2024\/06\/28\/zapowiada-sie-niesamowity-wyscig-takiego-tour-de-france-jeszcze-nie-bylo\/#primaryimage"},"image":{"@id":"https:\/\/www.welovecycling.com\/pl\/2024\/06\/28\/zapowiada-sie-niesamowity-wyscig-takiego-tour-de-france-jeszcze-nie-bylo\/#primaryimage"},"thumbnailUrl":"https:\/\/d2p6e6u75xmxt8.cloudfront.net\/5\/2024\/06\/obraz-3-1.webp","datePublished":"2024-06-28T10:36:10+00:00","author":{"@id":"https:\/\/www.welovecycling.com\/pl\/#\/schema\/person\/e551e469d0b17f4e0b87f3f4fa8fc0f2"},"breadcrumb":{"@id":"https:\/\/www.welovecycling.com\/pl\/2024\/06\/28\/zapowiada-sie-niesamowity-wyscig-takiego-tour-de-france-jeszcze-nie-bylo\/#breadcrumb"},"inLanguage":"pl-PL","potentialAction":[{"@type":"ReadAction","target":["https:\/\/www.welovecycling.com\/pl\/2024\/06\/28\/zapowiada-sie-niesamowity-wyscig-takiego-tour-de-france-jeszcze-nie-bylo\/"]}]},{"@type":"ImageObject","inLanguage":"pl-PL","@id":"https:\/\/www.welovecycling.com\/pl\/2024\/06\/28\/zapowiada-sie-niesamowity-wyscig-takiego-tour-de-france-jeszcze-nie-bylo\/#primaryimage","url":"https:\/\/d2p6e6u75xmxt8.cloudfront.net\/5\/2024\/06\/obraz-3-1.webp","contentUrl":"https:\/\/d2p6e6u75xmxt8.cloudfront.net\/5\/2024\/06\/obraz-3-1.webp","width":990,"height":660},{"@type":"BreadcrumbList","@id":"https:\/\/www.welovecycling.com\/pl\/2024\/06\/28\/zapowiada-sie-niesamowity-wyscig-takiego-tour-de-france-jeszcze-nie-bylo\/#breadcrumb","itemListElement":[{"@type":"ListItem","position":1,"name":"Home","item":"https:\/\/www.welovecycling.com\/pl\/"},{"@type":"ListItem","position":2,"name":"Zapowiada si\u0119 niesamowity wy\u015bcig\u2026 Takiego Tour de France jeszcze nie by\u0142o!"}]},{"@type":"WebSite","@id":"https:\/\/www.welovecycling.com\/pl\/#website","url":"https:\/\/www.welovecycling.com\/pl\/","name":"\u0160koda We Love Cycling - Poland","description":"","potentialAction":[{"@type":"SearchAction","target":{"@type":"EntryPoint","urlTemplate":"https:\/\/www.welovecycling.com\/pl\/?s={search_term_string}"},"query-input":{"@type":"PropertyValueSpecification","valueRequired":true,"valueName":"search_term_string"}}],"inLanguage":"pl-PL"},{"@type":"Person","@id":"https:\/\/www.welovecycling.com\/pl\/#\/schema\/person\/e551e469d0b17f4e0b87f3f4fa8fc0f2","name":"konradbobrowski","image":{"@type":"ImageObject","inLanguage":"pl-PL","@id":"https:\/\/www.welovecycling.com\/pl\/#\/schema\/person\/image\/","url":"https:\/\/secure.gravatar.com\/avatar\/91ac5a8cb4a26d3b32dc77b5e6d46616cf6adf425879538f5e5d7e4ef2333a4c?s=96&d=mm&r=g","contentUrl":"https:\/\/secure.gravatar.com\/avatar\/91ac5a8cb4a26d3b32dc77b5e6d46616cf6adf425879538f5e5d7e4ef2333a4c?s=96&d=mm&r=g","caption":"konradbobrowski"},"url":"https:\/\/www.welovecycling.com\/pl\/author\/konradbobrowski\/"}]}},"_links":{"self":[{"href":"https:\/\/www.welovecycling.com\/pl\/wp-json\/wp\/v2\/posts\/15506","targetHints":{"allow":["GET"]}}],"collection":[{"href":"https:\/\/www.welovecycling.com\/pl\/wp-json\/wp\/v2\/posts"}],"about":[{"href":"https:\/\/www.welovecycling.com\/pl\/wp-json\/wp\/v2\/types\/post"}],"author":[{"embeddable":true,"href":"https:\/\/www.welovecycling.com\/pl\/wp-json\/wp\/v2\/users\/187"}],"replies":[{"embeddable":true,"href":"https:\/\/www.welovecycling.com\/pl\/wp-json\/wp\/v2\/comments?post=15506"}],"version-history":[{"count":1,"href":"https:\/\/www.welovecycling.com\/pl\/wp-json\/wp\/v2\/posts\/15506\/revisions"}],"predecessor-version":[{"id":15508,"href":"https:\/\/www.welovecycling.com\/pl\/wp-json\/wp\/v2\/posts\/15506\/revisions\/15508"}],"wp:featuredmedia":[{"embeddable":true,"href":"https:\/\/www.welovecycling.com\/pl\/wp-json\/wp\/v2\/media\/15507"}],"wp:attachment":[{"href":"https:\/\/www.welovecycling.com\/pl\/wp-json\/wp\/v2\/media?parent=15506"}],"wp:term":[{"taxonomy":"category","embeddable":true,"href":"https:\/\/www.welovecycling.com\/pl\/wp-json\/wp\/v2\/categories?post=15506"},{"taxonomy":"post_tag","embeddable":true,"href":"https:\/\/www.welovecycling.com\/pl\/wp-json\/wp\/v2\/tags?post=15506"},{"taxonomy":"global-categories","embeddable":true,"href":"https:\/\/www.welovecycling.com\/pl\/wp-json\/wp\/v2\/global-categories?post=15506"}],"curies":[{"name":"wp","href":"https:\/\/api.w.org\/{rel}","templated":true}]}}