{"id":15498,"date":"2024-06-27T11:01:14","date_gmt":"2024-06-27T11:01:14","guid":{"rendered":"https:\/\/www.welovecycling.com\/pl\/?p=15498"},"modified":"2024-06-27T11:01:14","modified_gmt":"2024-06-27T11:01:14","slug":"sztuka-bikepackingu-jak-sie-spakowac-na-weekendowy-wypad-rowerowy","status":"publish","type":"post","link":"https:\/\/www.welovecycling.com\/pl\/2024\/06\/27\/sztuka-bikepackingu-jak-sie-spakowac-na-weekendowy-wypad-rowerowy\/","title":{"rendered":"Sztuka bikepackingu: jak si\u0119 spakowa\u0107 na weekendowy wypad rowerowy?"},"content":{"rendered":"<p><strong>Czy mo\u017cna sobie wyobrazi\u0107 lepszy spos\u00f3b na sp\u0119dzenie weekendu ni\u017c jazda na rowerze? Oczywi\u015bcie, \u017ce nie, bo lepszego sposobu nie ma. Ostatnio du\u017co rozmawiali\u015bmy o bikepackingu i o tym, jak przygotowa\u0107 si\u0119 do d\u0142u\u017cszych podr\u00f3\u017cy. Dzi\u015b po\u015bwi\u0119\u0107my troch\u0119 uwagi weekendowym wycieczkom \u2013 s\u0105 to prawdopodobnie najcz\u0119\u015bciej organizowane eskapady. Zastan\u00f3wmy si\u0119 wi\u0119c, co nale\u017cy ze sob\u0105 zabra\u0107 i jak to wszystko na dwudniow\u0105 wycieczk\u0119 rowerow\u0105 spakowa\u0107.<\/strong><\/p>\n<p><span style=\"font-size: 18pt;\"><strong>Najpierw si\u0119 zastan\u00f3wmy<\/strong><\/span><\/p>\n<p>Warto mie\u0107 plan. Jazda bez planu te\u017c ma sw\u00f3j urok, ale wtedy trzeba zabra\u0107 ze sob\u0105 wi\u0119cej rzeczy (na wszelki wypadek). Dzisiaj spakujemy si\u0119 na wycieczk\u0119, kt\u00f3r\u0105 mo\u017cna opisa\u0107 nast\u0119puj\u0105co:<\/p>\n<ul>\n<li>dwa dni jazdy (oko\u0142o 100 km),<\/li>\n<li>przewa\u017cnie s\u0142onecznie i ciep\u0142o, ale wieczory s\u0105 ch\u0142odne,<\/li>\n<li>nocleg w namiocie \u2013 na \u0142onie natury,<\/li>\n<li>nigdzie nie mo\u017cna kupi\u0107 jedzenia, ale b\u0119dzie woda,<\/li>\n<li>korzysta\u0107 b\u0119dziemy g\u0142\u00f3wnie z g\u00f3rskich \u015bcie\u017cek i szutrowych dr\u00f3g,<\/li>\n<li>b\u0119dziemy trzyma\u0107 si\u0119 wysoko\u015bci poni\u017cej 1000 m, a ob\u00f3z rozbijemy poni\u017cej 500 m,<\/li>\n<li>b\u0119dziemy sami (wiem, \u017ce nikt nie je\u017adzi na takie wycieczki sam, ale chodzi o to, by na tym przyk\u0142adzie uwypukli\u0107 samowystarczalno\u015b\u0107).<\/li>\n<\/ul>\n<p><span style=\"font-size: 18pt;\"><strong>Rower<\/strong><\/span><\/p>\n<p>Skoro planujemy wypad w g\u00f3ry, wybieramy rower g\u00f3rski typu hardtail. Bior\u0105c pod uwag\u0119 tras\u0119, rower szutrowy r\u00f3wnie\u017c b\u0119dzie w porz\u0105dku (oczywi\u015bcie w zale\u017cno\u015bci od stopnia trudno\u015bci g\u00f3rskich tras). Je\u015bli jeszcze nie jechali\u015bmy t\u0105 tras\u0105, we\u017amy rower MTB, poniewa\u017c poradzi sobie w znacznie trud\u00adniej\u00adszym terenie. Im rower b\u0119dzie l\u017cejszy \u2013 tym lepiej (ale bez przesady \u2013 nie ma potrzeby kupowania zupe\u0142nie nowego roweru na jedn\u0105 wycieczk\u0119).<\/p>\n<p><span style=\"font-size: 18pt;\"><strong>Torby, sakwy, podsiod\u0142\u00f3wki<\/strong><\/span><\/p>\n<p>Skoro planujemy nocleg pod namiotem, musimy zabra\u0107 rzeczy potrzebne do spania. To oznacza, \u017ce konfiguracja plecaka b\u0119dzie podobna jak w przypadku 10-\u00addniowej wyprawy. Jedyna r\u00f3\u017cnica polega\u0107 b\u0119dzie na mniejszej ilo\u015bci jedzenia i ubra\u0144 (prawd\u0119 m\u00f3wi\u0105c, potrzebny nam b\u0119dzie tylko jeden zestaw na zmian\u0119). Na weekendow\u0105 wycieczk\u0119 zabierzmy wi\u0119c podsiod\u0142\u00f3wk\u0119 i torb\u0119 na ram\u0119. Mo\u017cna r\u00f3wnie\u017c doda\u0107 torb\u0119 na kierownic\u0119 \u2013 przy czym podsiod\u0142\u00f3wka i torba na ram\u0119 w zupe\u0142no\u015bci wystarcz\u0105, bo akcesoria do spania przypniemy do roweru. Zabra\u0142bym r\u00f3wnie\u017c co najmniej dwa bidony z wod\u0105.<\/p>\n<p>Zobaczmy wi\u0119c, co w\u0142o\u017cy\u0107 do toreb.<\/p>\n<p><span style=\"font-size: 18pt;\"><strong>W co si\u0119 ubieramy?<\/strong><\/span><\/p>\n<p>Skoro pogoda b\u0119dzie s\u0142oneczna i stosunkowo ciep\u0142a, bierzemy koszulk\u0119, spodenki z szelkami i buty. Podczas takich wycieczek lepiej u\u017cywa\u0107 raczej p\u0142askich peda\u0142\u00f3w ni\u017c zatrzask\u00f3w, \u017ceby nie zabiera\u0107 ze sob\u0105 dodatkowej pary obuwia. Wystarczy jedna para solidnych, oddychaj\u0105cych but\u00f3w, aby zaoszcz\u0119dzi\u0107 na dodatkowym baga\u017cu. B\u0119dziemy te\u017c na sobie mieli skarpety, kask i czapeczk\u0119 pod kask.<\/p>\n<p><span style=\"font-size: 18pt;\"><strong>Inna odzie\u017c<\/strong><\/span><\/p>\n<p>Nie b\u0119dziemy potrzebowa\u0107 zbyt wielu ubra\u0144. Poniewa\u017c jednak planujemy spa\u0107 pod namiotem, b\u0119dziemy potrzebowa\u0107 cieplejszych warstw. Najlepszym wyborem b\u0119d\u0105 legginsy termiczne i wodoodporne spodnie turystyczne. Czy nosi\u0107 legginsy wieczorem? Jak kto woli, ale na pewno \u015bwietnie si\u0119 sprawdz\u0105 podczas snu \u2013 nawet w \u015bpiworze.<\/p>\n<p>Na wierzch przyda si\u0119 bawe\u0142niana koszulka, bluza termiczna i wodo\u00adodporna kurtka. Wzi\u0105\u0142bym te\u017c cieplejsz\u0105 czapk\u0119 zimow\u0105 (tak na wszelki wypadek) \u2013 nie zajmie zbyt du\u017co miejsca, ale mo\u017ce okaza\u0107 si\u0119 niezast\u0105\u00adpiona, je\u015bli pogoda si\u0119 pogorszy. Potrzebna b\u0119dzie r\u00f3wnie\u017c kurtka wiatro\u00adszczelna. Dobrym pomys\u0142em b\u0119dzie zabranie bielizny na wiecz\u00f3r i dw\u00f3ch par skarpet \u2013 bo skarpety mog\u0105 zawilgotnie\u0107, a spa\u0107 b\u0119dzie si\u0119 nam o niebo lepiej w suchych skarpetkach.<\/p>\n<p><strong>Lista ubra\u0144<\/strong><\/p>\n<ol>\n<li>Bielizna: 50 g<\/li>\n<li>Dwie pary skarpet: 50 g<\/li>\n<li>Bawe\u0142niana koszulka: 150 g<\/li>\n<li>Bluza termiczna: 100 g<\/li>\n<li>Kurtka wodoodporna: 250 g<\/li>\n<li>Kurtka wiatroszczelna: 80 g<\/li>\n<li>Legginsy termiczne: 70 g<\/li>\n<li>Wodoodporne spodnie: 150 g<\/li>\n<li>Czapka zimowa: 50 g<\/li>\n<\/ol>\n<p>Razem: 950 g<\/p>\n<p><strong>Jak to spakowa\u0107<\/strong><\/p>\n<p>Spodnie, legginsy, bluz\u0119, koszulk\u0119 i zimow\u0105 czapk\u0119 uk\u0142adamy jedno na drugim. Nast\u0119pnie wok\u00f3\u0142 skarpetek owijamy bielizn\u0119 \u2013 i tak w\u0142a\u015bnie powsta\u0142a roleczka, na kt\u00f3r\u0105 nawiniemy pozosta\u0142e ubrania. Tak, pognieciemy je niemi\u0142osiernie, ale le\u015bne i g\u00f3rskie stworzenia na pewno nie zwr\u00f3c\u0105 na to najmniejszej uwagi. W efekcie otrzymujemy jedn\u0105 niewielk\u0105 rolk\u0119 ze wszystkimi ubraniami (z wyj\u0105tkiem kurtki) \u2013 wk\u0142adamy j\u0105 do sakwy podsiod\u0142owej (ale musi w niej jeszcze zosta\u0107 wystarczaj\u0105co du\u017co miejsca na jedzenie i wodoodporn\u0105 kurtk\u0119).<\/p>\n<p>Kurtk\u0119 wiatroszczeln\u0105 musimy mie\u0107 gdzie\u015b pod r\u0119k\u0105, bo istnieje du\u017ce prawdopodobie\u0144stwo, \u017ce skorzystamy z niej podczas jazdy. Spakowa\u0142bym j\u0105 razem z namiotem lub w\u0142o\u017cy\u0142 do \u015brodkowej kieszeni koszulki.<\/p>\n<p><span style=\"font-size: 18pt;\"><strong>Rzeczy do spania<\/strong><\/span><\/p>\n<figure id=\"attachment_15499\" aria-describedby=\"caption-attachment-15499\" style=\"width: 1400px\" class=\"wp-caption alignnone\"><a href=\"https:\/\/d2p6e6u75xmxt8.cloudfront.net\/5\/2024\/06\/obraz-3.webp\"><img loading=\"lazy\" decoding=\"async\" class=\"wp-image-15499 size-full\" src=\"https:\/\/d2p6e6u75xmxt8.cloudfront.net\/5\/2024\/06\/obraz-3.webp\" alt=\"\" width=\"1400\" height=\"933\" srcset=\"https:\/\/d2p6e6u75xmxt8.cloudfront.net\/5\/2024\/06\/obraz-3.webp 1400w, https:\/\/d2p6e6u75xmxt8.cloudfront.net\/5\/2024\/06\/obraz-3-300x200.webp 300w, https:\/\/d2p6e6u75xmxt8.cloudfront.net\/5\/2024\/06\/obraz-3-1024x682.webp 1024w, https:\/\/d2p6e6u75xmxt8.cloudfront.net\/5\/2024\/06\/obraz-3-768x512.webp 768w, https:\/\/d2p6e6u75xmxt8.cloudfront.net\/5\/2024\/06\/obraz-3-400x267.webp 400w, https:\/\/d2p6e6u75xmxt8.cloudfront.net\/5\/2024\/06\/obraz-3-272x182.webp 272w\" sizes=\"auto, (max-width: 1400px) 100vw, 1400px\" \/><\/a><figcaption id=\"caption-attachment-15499\" class=\"wp-caption-text\">Warto si\u0119 postara\u0107, \u017ceby miejsce do spania by\u0142o jak najl\u017cejsze. \u00a9 Profimedia<\/figcaption><\/figure>\n<p>Nie ma sensu opowiada\u0107 o namiocie \u2013 ale o jednej najwa\u017cniejszej rzeczy trzeba wspomnie\u0107: namiot powinien by\u0107 ma\u0142y i lekki. Jego masa nie po\u00adwin\u00adna przekracza\u0107 2 kilogram\u00f3w. Do zestawu trzeba doda\u0107 \u015bpiw\u00f3r i poduszk\u0119, ale trzymajmy si\u0119 granicy 5 kg. Mo\u017cna oczywi\u015bcie wybra\u0107 l\u017cejszy \u015bpiw\u00f3r (albo koc termiczny zamiast \u015bpiwora), ale moim zdaniem nie warto zamie\u00adnia\u0107 komfortu snu na baga\u017c mniejszy o 1\u20132 kg. A je\u015bli nie chce si\u0119 nam wozi\u0107 rzeczy do spania, trzeba po prostu znale\u017a\u0107 sobie nocleg na trasie.<\/p>\n<p><strong>Lista rzeczy do spania<\/strong><\/p>\n<p>Namiot: 2 kg<\/p>\n<p>\u015apiw\u00f3r: 2 kg<\/p>\n<p>Podk\u0142adka do spania: 500 g<\/p>\n<p>Nadmuchiwana poduszka: 50 g<\/p>\n<p>Razem: 4,55 kg<\/p>\n<p><strong>Jak to spakowa\u0107<\/strong><\/p>\n<p>Je\u015bli mamy wystarczaj\u0105co du\u017co miejsca, przypnijmy namiot pod g\u00f3rn\u0105 rur\u0105 ramy. Wtedy \u015bpiw\u00f3r i poduszk\u0119 do spania w\u0142o\u017cymy do torby na kierownicy. W przeciwnym razie mo\u017cna umie\u015bci\u0107 namiot na kierownicy, \u015bpiw\u00f3r pod sio\u00adde\u0142kiem (przypi\u0105\u0107 go do przedniej cz\u0119\u015bci sztycy), a poduszk\u0119 do spania \u2013 pod g\u00f3rn\u0105 rur\u0105.<\/p>\n<p><span style=\"font-size: 18pt;\"><strong>Cz\u0119\u015bci zamienne<\/strong><\/span><\/p>\n<p>Z perspektywy cz\u0119\u015bci zapasowych nie ma du\u017cej r\u00f3\u017cnicy mi\u0119dzy 10-dniow\u0105 wycieczk\u0105 a kr\u00f3tk\u0105 weekendow\u0105 wypraw\u0105. Jedyna r\u00f3\u017cnica polega na tym, \u017ce na weekend mo\u017cna pojecha\u0107 tylko z jedn\u0105 zapasow\u0105 d\u0119tk\u0105 i zestawem do naprawy opon. Potrzebne b\u0119dzie r\u00f3wnie\u017c narz\u0119dzie wielofunkcyjne, ogniwa \u0142a\u0144cucha, pompka, opaski zaciskowe i ta\u015bma. Smar te\u017c trzeba ze sob\u0105 zabra\u0107.<\/p>\n<p><strong>Lista<\/strong><\/p>\n<ol>\n<li>D\u0119tka: 156 g<\/li>\n<li>Zestaw do naprawy opon: 25 g<\/li>\n<li>Smar: 20 g<\/li>\n<li>Pompka: 100 g<\/li>\n<li>Narz\u0119dzie wielofunkcyjne: 95 g<\/li>\n<li>Ogniwa \u0142a\u0144cucha i zestaw naprawczy: 80 g<\/li>\n<\/ol>\n<p>Razem: 476 g<\/p>\n<p><strong>Jak to spakowa\u0107<\/strong><\/p>\n<p>Pompk\u0119 i zapasow\u0105 d\u0119tk\u0119 mo\u017cna przypi\u0105\u0107 do ramy albo w\u0142o\u017cy\u0107 do sakwy na g\u00f3rnej rurze ramy.<\/p>\n<p><span style=\"font-size: 18pt;\"><strong>Przybory toaletowe i inne akcesoria<\/strong><\/span><\/p>\n<p>Przyda si\u0119 nam te\u017c kilka dodatk\u00f3w. Chusteczki nawil\u017cane i papier toaletowy s\u0105 zdecydowanie najwa\u017cniejsze, ale nie tylko o nich trzeba pami\u0119ta\u0107. Potrzebna b\u0119dzie r\u00f3wnie\u017c zapalniczka do rozpalenia ogniska, przybory kuchenne i kubek kempingowy. Nie zapominamy o odstraszaczu na psy i sprayu na owady \u2013 b\u0119dziemy musieli powalczy\u0107 z si\u0142ami natury.<\/p>\n<p><strong>Lista<\/strong><\/p>\n<ol>\n<li>Widelec, \u0142y\u017cka i n\u00f3\u017c: 80 g<\/li>\n<li>Chusteczki nawil\u017cane: 30 g<\/li>\n<li>Papier toaletowy: 10 g<\/li>\n<li>Zapalniczka: 30 g<\/li>\n<li>Kubek kempingowy: 50 g<\/li>\n<li>Szczoteczka i pasta do z\u0119b\u00f3w: 50 g<\/li>\n<li>Myd\u0142o: 20 g<\/li>\n<li>Spray przeciw psom: 100 g<\/li>\n<li>\u015arodek odstraszaj\u0105cy owady: 50 g<\/li>\n<\/ol>\n<p>Razem: 420 g<\/p>\n<p><strong>Jak to spakowa\u0107<\/strong><\/p>\n<p>Chusteczki, \u015brodek na owady i papier toaletowy mo\u017cna w\u0142o\u017cy\u0107 do kieszeni koszulki. Szczoteczka do z\u0119b\u00f3w, pasta do z\u0119b\u00f3w i myd\u0142o zmieszcz\u0105 si\u0119 w rolce naszych ubra\u0144. Spray przeciw psom powinien by\u0107 przypi\u0119ty do roweru \u2013 powinni\u015bmy mie\u0107 do niego bardzo \u0142atwy dost\u0119p. Ja zawsze trzymam go tu\u017c pod siode\u0142kiem, z rozpylaczem skierowanym w d\u00f3\u0142 \u2013 tak na wszelki wypadek. Kubek kempingowy mo\u017cna przypi\u0105\u0107 do \u015bpiwora lub namiotu (w zale\u017cno\u015bci od tego, kt\u00f3ry z nich znajduje si\u0119 na kierownicy). Widelec, \u0142y\u017cka i n\u00f3\u017c mog\u0105 znale\u017a\u0107 swoje miejsce w torbie na g\u00f3rnej rurze ramy albo mo\u017cemy je przy\u00adpi\u0105\u0107 do namiotu lub \u015bpiwora.<\/p>\n<p><span style=\"font-size: 18pt;\"><strong>Elektronika<\/strong><\/span><\/p>\n<p>Na dwudniow\u0105 wycieczce nie przyda si\u0119 nam zbyt wiele urz\u0105dze\u0144 elektro\u00adnicznych. Koniecznie jednak zabierzmy ze sob\u0105 mocny powerbank i potrzebny kabelek. Przyda si\u0119 te\u017c latarka czo\u0142owa i o\u015bwietlenie rowerowe. Ca\u0142a reszta zale\u017cy od naszych preferencji.<\/p>\n<p><strong>Lista<\/strong><\/p>\n<p>Smartfon: 200 g<\/p>\n<p>Latarka czo\u0142owa: 75 g<\/p>\n<p>Power bank: 260 g<\/p>\n<p>Razem: 535 g<\/p>\n<p><strong>Jak to spakowa\u0107<\/strong><\/p>\n<p>Telefon mo\u017cna przypi\u0105\u0107 do kierownicy z u\u017cyciem specjalnego uchwytu \u2013 w ten spos\u00f3b nie b\u0119dzie zajmowa\u0142 miejsca w plecaku. Powerbank i czo\u0142\u00f3wk\u0119 w\u0142\u00f3\u017cmy do torby na rurze ramy.<\/p>\n<p><span style=\"font-size: 18pt;\"><strong>Pierwsza pomoc<\/strong><\/span><\/p>\n<p>Skoro zabieramy rzeczy do spania, nie potrzebujemy koca termicznego. We\u017amy ze sob\u0105 stale przyjmowane leki plus jedn\u0105 dzienn\u0105 dawk\u0119 magnezu. Na wszelki wypadek zabierzmy te\u017c leki przeciwhistaminowe, przeciwb\u00f3lowe i wystarczaj\u0105c\u0105 ilo\u015b\u0107 kremu z filtrem przeciws\u0142onecznym. Je\u015bli jeste\u015bmy osobami z podwy\u017cszonym ryzykiem ostrej reakcji uczuleniowej \u2013 do tej listy do\u0142\u00f3\u017cmy EpiPen.<\/p>\n<p><strong>Lista<\/strong><\/p>\n<ol>\n<li>Materia\u0142y medyczne: 10 g<\/li>\n<li>Balsam z filtrem przeciws\u0142onecznym: 90 g<\/li>\n<\/ol>\n<p>Razem: 100 g<\/p>\n<p><strong>Jak to spakowa\u0107<\/strong><\/p>\n<p>Magnez wk\u0142adamy do kieszeni koszulki, podobnie jak krem z filtrem i EpiPen. Reszta mo\u017ce trafi\u0107 do pojemnika na g\u00f3rnej rurze lub do podsiod\u0142\u00f3wki (je\u015bli cokolwiek tam si\u0119 jeszcze zmie\u015bci)<\/p>\n<p><span style=\"font-size: 18pt;\"><strong>\u017bywno\u015b\u0107 i woda<\/strong><\/span><\/p>\n<p>Zabieramy te\u017c ze sob\u0105 jedzenie, pami\u0119taj\u0105c o odpowiednich proporcjach bia\u0142ka i w\u0119glowodan\u00f3w. Cho\u0107 nie jest to najsmaczniejsza opcja, sugero\u00adwa\u0142bym jedzenie w puszkach. Mo\u017cna je podgrza\u0107 wieczorem przy ognisku \u2013 otrzymamy prawie pe\u0142nowarto\u015bciowy posi\u0142ek. Dobrym wyborem b\u0119dzie te\u017c suszone mi\u0119so, batony i bia\u0142ko w proszku \u2013 mo\u017cna je wypi\u0107 z wod\u0105 od razu po rozbiciu obozu, aby wesprze\u0107 zm\u0119czony organizm. Batony mo\u017cna spo\u017cywa\u0107 podczas jazdy. Dawka bia\u0142ka w proszku to r\u00f3wnie\u017c \u015bwietny spo\u00ads\u00f3b na rozpocz\u0119cie kolejnego dnia \u2013 na przyk\u0142ad wraz z bananem czy innym owocem.<\/p>\n<p><strong>Lista<\/strong><\/p>\n<ol>\n<li>Jedzenie w puszkach: 500 g<\/li>\n<li>10 baton\u00f3w energetycznych: 600 g<\/li>\n<li>Suszone mi\u0119so: 200 g<\/li>\n<li>Banan: 100 g<\/li>\n<li>Bia\u0142ko w proszku: 60 g (2 dawki)<\/li>\n<\/ol>\n<p>Razem: 1,4 kg<\/p>\n<p><strong>Jak to spakowa\u0107<\/strong><\/p>\n<p>Puszk\u0119 z jedzeniem i bia\u0142ko pakujemy do podsiod\u0142\u00f3wki, a nast\u0119pnie nak\u0142adamy na ni\u0105 kurtk\u0119 przeciwdeszczow\u0105. Banana mo\u017cemy przypi\u0105\u0107 do ramy. Przek\u0105ski mi\u0119sne umieszczamy przy namiocie (je\u015bli jest miejsce) lub w sakwie przyczepionej do ramy.<\/p>\n<p>Batony najlepiej w\u0142o\u017cy\u0107 do kieszeni koszulki, aby mie\u0107 do nich sta\u0142y dost\u0119p. Musimy zostawi\u0107 kilka baton\u00f3w energetycznych r\u00f3wnie\u017c na nast\u0119pny dzie\u0144. Co prawda wieczorem zjemy kolacj\u0119 w domu, ale najpierw musimy do niego dotrze\u0107.<\/p>\n<p><span style=\"font-size: 18pt;\"><strong>Wi\u0119c dok\u0105d?<\/strong><\/span><\/p>\n<p>Teraz ju\u017c wiemy, jak spakowa\u0107 si\u0119 na weekendow\u0105 wycieczk\u0119. To, co ze sob\u0105 zabierzemy i czy powinni\u015bmy wzi\u0105\u0107 jeszcze jak\u0105\u015b dodatkow\u0105 sakw\u0119, zale\u017cy od warunk\u00f3w, w jakich b\u0119dziemy je\u017adzi\u0107 i nocowa\u0107. G\u0142\u00f3wnym celem jest jednak lekko\u015b\u0107 ekwipunku \u2013 ale bez uszczerbku dla naszego dobrego samopoczucia. Zabierzmy wi\u0119c ze sob\u0105 wystarczaj\u0105c\u0105 ilo\u015b\u0107 jedzenia i ciep\u0142ych ubra\u0144 \u2013 i dobrze si\u0119 bawmy.<\/p>\n<p>A je\u015bli najdzie nas ochota na wi\u0119cej, dodam, \u017ce ekwipunek weekendowej wycieczki nie jest du\u017co l\u017cejszy ni\u017c 10-dniowej lub miesi\u0119cznej wyprawy. Ca\u0142kowita waga naszego dzisiejszego zestawu to 8,43 kg. Z 13-kilogramowym rowerem \u0142\u0105cznie otrzymujemy oko\u0142o 21,5 kg \u2013 nie\u017ale, zw\u0142aszcza bior\u0105c pod uwag\u0119, \u017ce na noc zabieramy ze sob\u0105 ca\u0142y dom.<\/p>\n<p><span data-sheets-value=\"{&quot;1&quot;:2,&quot;2&quot;:&quot;Artyku\u0142 powsta\u0142 we wsp\u00f3\u0142pracy ze skoda-auto.pl&quot;}\" data-sheets-userformat=\"{&quot;2&quot;:1,&quot;3&quot;:{&quot;1&quot;:0}}\" data-sheets-hyperlink=\"http:\/\/www.skoda-auto.pl\/\"><a class=\"in-cell-link\" href=\"http:\/\/www.skoda-auto.pl\/\" target=\"_blank\" rel=\"noopener noreferrer\">Artyku\u0142 powsta\u0142 we wsp\u00f3\u0142pracy ze skoda-auto.pl<\/a><\/span><\/p>\n<p><a href=\"https:\/\/d2p6e6u75xmxt8.cloudfront.net\/5\/2030\/11\/1.webp\"><img loading=\"lazy\" decoding=\"async\" class=\"size-full wp-image-13777 aligncenter\" src=\"https:\/\/d2p6e6u75xmxt8.cloudfront.net\/5\/2030\/11\/1.webp\" alt=\"\" width=\"640\" height=\"350\" srcset=\"https:\/\/d2p6e6u75xmxt8.cloudfront.net\/5\/2030\/11\/1.webp 640w, https:\/\/d2p6e6u75xmxt8.cloudfront.net\/5\/2030\/11\/1-300x164.webp 300w, https:\/\/d2p6e6u75xmxt8.cloudfront.net\/5\/2030\/11\/1-400x219.webp 400w\" sizes=\"auto, (max-width: 640px) 100vw, 640px\" \/><\/a><\/p>\n<p>&nbsp;<\/p>\n","protected":false},"excerpt":{"rendered":"<p>Czy mo\u017cna sobie wyobrazi\u0107 lepszy spos\u00f3b na sp\u0119dzenie weekendu ni\u017c jazda na rowerze? Oczywi\u015bcie, \u017ce nie, bo lepszego sposobu nie [&hellip;]<\/p>\n","protected":false},"author":187,"featured_media":15501,"comment_status":"open","ping_status":"open","sticky":false,"template":"","format":"standard","meta":{"footnotes":""},"categories":[371],"tags":[62,197,207,191,404],"global-categories":[303],"class_list":["post-15498","post","type-post","status-publish","format-standard","has-post-thumbnail","hentry","category-kultura-i-zycie-spoleczne","tag-porady","tag-rower-gorski","tag-rowerowe-porady","tag-skoda","tag-skodapolska","global-categories-cycling"],"yoast_head":"<!-- This site is optimized with the Yoast SEO Premium plugin v25.3 (Yoast SEO v25.9) - https:\/\/yoast.com\/wordpress\/plugins\/seo\/ -->\n<title>Sztuka bikepackingu: jak si\u0119 spakowa\u0107 na weekendowy wypad rowerowy? - \u0160koda We Love Cycling - Poland<\/title>\n<meta name=\"robots\" content=\"index, follow, max-snippet:-1, max-image-preview:large, max-video-preview:-1\" \/>\n<link rel=\"canonical\" href=\"https:\/\/www.welovecycling.com\/pl\/2024\/06\/27\/sztuka-bikepackingu-jak-sie-spakowac-na-weekendowy-wypad-rowerowy\/\" \/>\n<meta property=\"og:locale\" content=\"pl_PL\" \/>\n<meta property=\"og:type\" content=\"article\" \/>\n<meta property=\"og:title\" content=\"Sztuka bikepackingu: jak si\u0119 spakowa\u0107 na weekendowy wypad rowerowy?\" \/>\n<meta property=\"og:description\" content=\"Czy mo\u017cna sobie wyobrazi\u0107 lepszy spos\u00f3b na sp\u0119dzenie weekendu ni\u017c jazda na rowerze? Oczywi\u015bcie, \u017ce nie, bo lepszego sposobu nie [&hellip;]\" \/>\n<meta property=\"og:url\" content=\"https:\/\/www.welovecycling.com\/pl\/2024\/06\/27\/sztuka-bikepackingu-jak-sie-spakowac-na-weekendowy-wypad-rowerowy\/\" \/>\n<meta property=\"og:site_name\" content=\"\u0160koda We Love Cycling - Poland\" \/>\n<meta property=\"article:published_time\" content=\"2024-06-27T11:01:14+00:00\" \/>\n<meta property=\"og:image\" content=\"https:\/\/d2p6e6u75xmxt8.cloudfront.net\/5\/2024\/06\/obraz-4.webp\" \/>\n\t<meta property=\"og:image:width\" content=\"990\" \/>\n\t<meta property=\"og:image:height\" content=\"660\" \/>\n\t<meta property=\"og:image:type\" content=\"image\/webp\" \/>\n<meta name=\"author\" content=\"konradbobrowski\" \/>\n<meta name=\"twitter:card\" content=\"summary_large_image\" \/>\n<meta name=\"twitter:label1\" content=\"Written by\" \/>\n\t<meta name=\"twitter:data1\" content=\"Martin Atanasov\" \/>\n\t<meta name=\"twitter:label2\" content=\"Est. reading time\" \/>\n\t<meta name=\"twitter:data2\" content=\"5\" \/>\n<script type=\"application\/ld+json\" class=\"yoast-schema-graph\">{\"@context\":\"https:\/\/schema.org\",\"@graph\":[{\"@type\":\"WebPage\",\"@id\":\"https:\/\/www.welovecycling.com\/pl\/2024\/06\/27\/sztuka-bikepackingu-jak-sie-spakowac-na-weekendowy-wypad-rowerowy\/\",\"url\":\"https:\/\/www.welovecycling.com\/pl\/2024\/06\/27\/sztuka-bikepackingu-jak-sie-spakowac-na-weekendowy-wypad-rowerowy\/\",\"name\":\"Sztuka bikepackingu: jak si\u0119 spakowa\u0107 na weekendowy wypad rowerowy? - \u0160koda We Love Cycling - Poland\",\"isPartOf\":{\"@id\":\"https:\/\/www.welovecycling.com\/pl\/#website\"},\"primaryImageOfPage\":{\"@id\":\"https:\/\/www.welovecycling.com\/pl\/2024\/06\/27\/sztuka-bikepackingu-jak-sie-spakowac-na-weekendowy-wypad-rowerowy\/#primaryimage\"},\"image\":{\"@id\":\"https:\/\/www.welovecycling.com\/pl\/2024\/06\/27\/sztuka-bikepackingu-jak-sie-spakowac-na-weekendowy-wypad-rowerowy\/#primaryimage\"},\"thumbnailUrl\":\"https:\/\/d2p6e6u75xmxt8.cloudfront.net\/5\/2024\/06\/obraz-4.webp\",\"datePublished\":\"2024-06-27T11:01:14+00:00\",\"author\":{\"@id\":\"https:\/\/www.welovecycling.com\/pl\/#\/schema\/person\/e551e469d0b17f4e0b87f3f4fa8fc0f2\"},\"breadcrumb\":{\"@id\":\"https:\/\/www.welovecycling.com\/pl\/2024\/06\/27\/sztuka-bikepackingu-jak-sie-spakowac-na-weekendowy-wypad-rowerowy\/#breadcrumb\"},\"inLanguage\":\"pl-PL\",\"potentialAction\":[{\"@type\":\"ReadAction\",\"target\":[\"https:\/\/www.welovecycling.com\/pl\/2024\/06\/27\/sztuka-bikepackingu-jak-sie-spakowac-na-weekendowy-wypad-rowerowy\/\"]}]},{\"@type\":\"ImageObject\",\"inLanguage\":\"pl-PL\",\"@id\":\"https:\/\/www.welovecycling.com\/pl\/2024\/06\/27\/sztuka-bikepackingu-jak-sie-spakowac-na-weekendowy-wypad-rowerowy\/#primaryimage\",\"url\":\"https:\/\/d2p6e6u75xmxt8.cloudfront.net\/5\/2024\/06\/obraz-4.webp\",\"contentUrl\":\"https:\/\/d2p6e6u75xmxt8.cloudfront.net\/5\/2024\/06\/obraz-4.webp\",\"width\":990,\"height\":660},{\"@type\":\"BreadcrumbList\",\"@id\":\"https:\/\/www.welovecycling.com\/pl\/2024\/06\/27\/sztuka-bikepackingu-jak-sie-spakowac-na-weekendowy-wypad-rowerowy\/#breadcrumb\",\"itemListElement\":[{\"@type\":\"ListItem\",\"position\":1,\"name\":\"Home\",\"item\":\"https:\/\/www.welovecycling.com\/pl\/\"},{\"@type\":\"ListItem\",\"position\":2,\"name\":\"Sztuka bikepackingu: jak si\u0119 spakowa\u0107 na weekendowy wypad rowerowy?\"}]},{\"@type\":\"WebSite\",\"@id\":\"https:\/\/www.welovecycling.com\/pl\/#website\",\"url\":\"https:\/\/www.welovecycling.com\/pl\/\",\"name\":\"\u0160koda We Love Cycling - Poland\",\"description\":\"\",\"potentialAction\":[{\"@type\":\"SearchAction\",\"target\":{\"@type\":\"EntryPoint\",\"urlTemplate\":\"https:\/\/www.welovecycling.com\/pl\/?s={search_term_string}\"},\"query-input\":{\"@type\":\"PropertyValueSpecification\",\"valueRequired\":true,\"valueName\":\"search_term_string\"}}],\"inLanguage\":\"pl-PL\"},{\"@type\":\"Person\",\"@id\":\"https:\/\/www.welovecycling.com\/pl\/#\/schema\/person\/e551e469d0b17f4e0b87f3f4fa8fc0f2\",\"name\":\"konradbobrowski\",\"image\":{\"@type\":\"ImageObject\",\"inLanguage\":\"pl-PL\",\"@id\":\"https:\/\/www.welovecycling.com\/pl\/#\/schema\/person\/image\/\",\"url\":\"https:\/\/secure.gravatar.com\/avatar\/91ac5a8cb4a26d3b32dc77b5e6d46616cf6adf425879538f5e5d7e4ef2333a4c?s=96&d=mm&r=g\",\"contentUrl\":\"https:\/\/secure.gravatar.com\/avatar\/91ac5a8cb4a26d3b32dc77b5e6d46616cf6adf425879538f5e5d7e4ef2333a4c?s=96&d=mm&r=g\",\"caption\":\"konradbobrowski\"},\"url\":\"https:\/\/www.welovecycling.com\/pl\/author\/konradbobrowski\/\"}]}<\/script>\n<!-- \/ Yoast SEO Premium plugin. -->","yoast_head_json":{"title":"Sztuka bikepackingu: jak si\u0119 spakowa\u0107 na weekendowy wypad rowerowy? - \u0160koda We Love Cycling - Poland","robots":{"index":"index","follow":"follow","max-snippet":"max-snippet:-1","max-image-preview":"max-image-preview:large","max-video-preview":"max-video-preview:-1"},"canonical":"https:\/\/www.welovecycling.com\/pl\/2024\/06\/27\/sztuka-bikepackingu-jak-sie-spakowac-na-weekendowy-wypad-rowerowy\/","og_locale":"pl_PL","og_type":"article","og_title":"Sztuka bikepackingu: jak si\u0119 spakowa\u0107 na weekendowy wypad rowerowy?","og_description":"Czy mo\u017cna sobie wyobrazi\u0107 lepszy spos\u00f3b na sp\u0119dzenie weekendu ni\u017c jazda na rowerze? Oczywi\u015bcie, \u017ce nie, bo lepszego sposobu nie [&hellip;]","og_url":"https:\/\/www.welovecycling.com\/pl\/2024\/06\/27\/sztuka-bikepackingu-jak-sie-spakowac-na-weekendowy-wypad-rowerowy\/","og_site_name":"\u0160koda We Love Cycling - Poland","article_published_time":"2024-06-27T11:01:14+00:00","og_image":[{"width":990,"height":660,"url":"https:\/\/d2p6e6u75xmxt8.cloudfront.net\/5\/2024\/06\/obraz-4.webp","type":"image\/webp"}],"author":"konradbobrowski","twitter_card":"summary_large_image","twitter_misc":{"Written by":"Martin Atanasov","Est. reading time":"5"},"schema":{"@context":"https:\/\/schema.org","@graph":[{"@type":"WebPage","@id":"https:\/\/www.welovecycling.com\/pl\/2024\/06\/27\/sztuka-bikepackingu-jak-sie-spakowac-na-weekendowy-wypad-rowerowy\/","url":"https:\/\/www.welovecycling.com\/pl\/2024\/06\/27\/sztuka-bikepackingu-jak-sie-spakowac-na-weekendowy-wypad-rowerowy\/","name":"Sztuka bikepackingu: jak si\u0119 spakowa\u0107 na weekendowy wypad rowerowy? - \u0160koda We Love Cycling - Poland","isPartOf":{"@id":"https:\/\/www.welovecycling.com\/pl\/#website"},"primaryImageOfPage":{"@id":"https:\/\/www.welovecycling.com\/pl\/2024\/06\/27\/sztuka-bikepackingu-jak-sie-spakowac-na-weekendowy-wypad-rowerowy\/#primaryimage"},"image":{"@id":"https:\/\/www.welovecycling.com\/pl\/2024\/06\/27\/sztuka-bikepackingu-jak-sie-spakowac-na-weekendowy-wypad-rowerowy\/#primaryimage"},"thumbnailUrl":"https:\/\/d2p6e6u75xmxt8.cloudfront.net\/5\/2024\/06\/obraz-4.webp","datePublished":"2024-06-27T11:01:14+00:00","author":{"@id":"https:\/\/www.welovecycling.com\/pl\/#\/schema\/person\/e551e469d0b17f4e0b87f3f4fa8fc0f2"},"breadcrumb":{"@id":"https:\/\/www.welovecycling.com\/pl\/2024\/06\/27\/sztuka-bikepackingu-jak-sie-spakowac-na-weekendowy-wypad-rowerowy\/#breadcrumb"},"inLanguage":"pl-PL","potentialAction":[{"@type":"ReadAction","target":["https:\/\/www.welovecycling.com\/pl\/2024\/06\/27\/sztuka-bikepackingu-jak-sie-spakowac-na-weekendowy-wypad-rowerowy\/"]}]},{"@type":"ImageObject","inLanguage":"pl-PL","@id":"https:\/\/www.welovecycling.com\/pl\/2024\/06\/27\/sztuka-bikepackingu-jak-sie-spakowac-na-weekendowy-wypad-rowerowy\/#primaryimage","url":"https:\/\/d2p6e6u75xmxt8.cloudfront.net\/5\/2024\/06\/obraz-4.webp","contentUrl":"https:\/\/d2p6e6u75xmxt8.cloudfront.net\/5\/2024\/06\/obraz-4.webp","width":990,"height":660},{"@type":"BreadcrumbList","@id":"https:\/\/www.welovecycling.com\/pl\/2024\/06\/27\/sztuka-bikepackingu-jak-sie-spakowac-na-weekendowy-wypad-rowerowy\/#breadcrumb","itemListElement":[{"@type":"ListItem","position":1,"name":"Home","item":"https:\/\/www.welovecycling.com\/pl\/"},{"@type":"ListItem","position":2,"name":"Sztuka bikepackingu: jak si\u0119 spakowa\u0107 na weekendowy wypad rowerowy?"}]},{"@type":"WebSite","@id":"https:\/\/www.welovecycling.com\/pl\/#website","url":"https:\/\/www.welovecycling.com\/pl\/","name":"\u0160koda We Love Cycling - Poland","description":"","potentialAction":[{"@type":"SearchAction","target":{"@type":"EntryPoint","urlTemplate":"https:\/\/www.welovecycling.com\/pl\/?s={search_term_string}"},"query-input":{"@type":"PropertyValueSpecification","valueRequired":true,"valueName":"search_term_string"}}],"inLanguage":"pl-PL"},{"@type":"Person","@id":"https:\/\/www.welovecycling.com\/pl\/#\/schema\/person\/e551e469d0b17f4e0b87f3f4fa8fc0f2","name":"konradbobrowski","image":{"@type":"ImageObject","inLanguage":"pl-PL","@id":"https:\/\/www.welovecycling.com\/pl\/#\/schema\/person\/image\/","url":"https:\/\/secure.gravatar.com\/avatar\/91ac5a8cb4a26d3b32dc77b5e6d46616cf6adf425879538f5e5d7e4ef2333a4c?s=96&d=mm&r=g","contentUrl":"https:\/\/secure.gravatar.com\/avatar\/91ac5a8cb4a26d3b32dc77b5e6d46616cf6adf425879538f5e5d7e4ef2333a4c?s=96&d=mm&r=g","caption":"konradbobrowski"},"url":"https:\/\/www.welovecycling.com\/pl\/author\/konradbobrowski\/"}]}},"_links":{"self":[{"href":"https:\/\/www.welovecycling.com\/pl\/wp-json\/wp\/v2\/posts\/15498","targetHints":{"allow":["GET"]}}],"collection":[{"href":"https:\/\/www.welovecycling.com\/pl\/wp-json\/wp\/v2\/posts"}],"about":[{"href":"https:\/\/www.welovecycling.com\/pl\/wp-json\/wp\/v2\/types\/post"}],"author":[{"embeddable":true,"href":"https:\/\/www.welovecycling.com\/pl\/wp-json\/wp\/v2\/users\/187"}],"replies":[{"embeddable":true,"href":"https:\/\/www.welovecycling.com\/pl\/wp-json\/wp\/v2\/comments?post=15498"}],"version-history":[{"count":3,"href":"https:\/\/www.welovecycling.com\/pl\/wp-json\/wp\/v2\/posts\/15498\/revisions"}],"predecessor-version":[{"id":15503,"href":"https:\/\/www.welovecycling.com\/pl\/wp-json\/wp\/v2\/posts\/15498\/revisions\/15503"}],"wp:featuredmedia":[{"embeddable":true,"href":"https:\/\/www.welovecycling.com\/pl\/wp-json\/wp\/v2\/media\/15501"}],"wp:attachment":[{"href":"https:\/\/www.welovecycling.com\/pl\/wp-json\/wp\/v2\/media?parent=15498"}],"wp:term":[{"taxonomy":"category","embeddable":true,"href":"https:\/\/www.welovecycling.com\/pl\/wp-json\/wp\/v2\/categories?post=15498"},{"taxonomy":"post_tag","embeddable":true,"href":"https:\/\/www.welovecycling.com\/pl\/wp-json\/wp\/v2\/tags?post=15498"},{"taxonomy":"global-categories","embeddable":true,"href":"https:\/\/www.welovecycling.com\/pl\/wp-json\/wp\/v2\/global-categories?post=15498"}],"curies":[{"name":"wp","href":"https:\/\/api.w.org\/{rel}","templated":true}]}}