{"id":1534,"date":"2016-07-26T13:00:38","date_gmt":"2016-07-26T13:00:38","guid":{"rendered":"http:\/\/skoda-rowery.pl\/?p=1534"},"modified":"2016-12-05T08:46:30","modified_gmt":"2016-12-05T08:46:30","slug":"katarzyna-bujakiewicz-i-skoda-na-tour-de-france","status":"publish","type":"post","link":"https:\/\/www.welovecycling.com\/pl\/2016\/07\/26\/katarzyna-bujakiewicz-i-skoda-na-tour-de-france\/","title":{"rendered":"Katarzyna Bujakiewicz i \u0160koda na Tour de France"},"content":{"rendered":"<p style=\"text-align: justify\">\u0160koda jest oficjalnym patronem i partnerem technicznym legendarnego wy\u015bcigu Tour de France nieprzerwanie od 2004 roku, w tym roku wspiera go po raz trzynasty. Na jednym z etap\u00f3w kolarzy wspiera tak\u017ce Katarzyna Bujakiewicz, ambasadorka marki \u0160koda.<\/p>\n<p style=\"text-align: justify\"><!--more--><\/p>\n<p style=\"text-align: justify\">W lipcu oczy ca\u0142ego kolarskiego \u015bwiata skierowane s\u0105 na Francj\u0119, gdzie ponownie ujrze\u0107 mo\u017cna daleko id\u0105ce zaanga\u017cowanie \u0160KODY w ten wy\u015bcig. Jako oficjalny partner techniczny Tour de France, czeska marka zapewni\u0142a organizatorom flot\u0119 a\u017c 250 samochod\u00f3w.<\/p>\n<p style=\"text-align: justify\">22 lipca, podczas 19 etapu z\u00a0Albertville do Saint-Gervais Mont Blanc, kolarzom na trasie kibicuje Katarzyna Bujakiewicz. Ten trudny i wymagaj\u0105cy odcinek rywalizacji rozgrywa si\u0119 malowniczej scenerii Alp. Strome podjazdy s\u0105 wyzwaniem dla zawodnik\u00f3w, ale te\u017c dostarczaj\u0105 sporo emocji obecnym przy trasie kibicom.<\/p>\n<p style=\"text-align: justify\">\n<figure id=\"attachment_1537\" aria-describedby=\"caption-attachment-1537\" style=\"width: 1024px\" class=\"wp-caption alignnone\"><img loading=\"lazy\" decoding=\"async\" class=\"size-large wp-image-1537\" src=\"http:\/\/skoda-rowery.pl\/wp-content\/uploads\/2016\/07\/TDF_160721_OLA_6655-1024x683.jpg\" alt=\"Tour de France 2016\" width=\"1024\" height=\"683\" srcset=\"https:\/\/d2p6e6u75xmxt8.cloudfront.net\/5\/2016\/07\/TDF_160721_OLA_6655-1024x683.jpg 1024w, https:\/\/d2p6e6u75xmxt8.cloudfront.net\/5\/2016\/07\/TDF_160721_OLA_6655-300x200.jpg 300w, https:\/\/d2p6e6u75xmxt8.cloudfront.net\/5\/2016\/07\/TDF_160721_OLA_6655-768x512.jpg 768w, https:\/\/d2p6e6u75xmxt8.cloudfront.net\/5\/2016\/07\/TDF_160721_OLA_6655-272x182.jpg 272w\" sizes=\"auto, (max-width: 1024px) 100vw, 1024px\" \/><figcaption id=\"caption-attachment-1537\" class=\"wp-caption-text\">Tour de France 2016<\/figcaption><\/figure>\n<figure id=\"attachment_1538\" aria-describedby=\"caption-attachment-1538\" style=\"width: 1024px\" class=\"wp-caption alignnone\"><img loading=\"lazy\" decoding=\"async\" class=\"size-large wp-image-1538\" src=\"http:\/\/skoda-rowery.pl\/wp-content\/uploads\/2016\/07\/TDF_160722_IMG_8005-1024x683.jpg\" alt=\"Tour de France 2016\" width=\"1024\" height=\"683\" srcset=\"https:\/\/d2p6e6u75xmxt8.cloudfront.net\/5\/2016\/07\/TDF_160722_IMG_8005-1024x683.jpg 1024w, https:\/\/d2p6e6u75xmxt8.cloudfront.net\/5\/2016\/07\/TDF_160722_IMG_8005-300x200.jpg 300w, https:\/\/d2p6e6u75xmxt8.cloudfront.net\/5\/2016\/07\/TDF_160722_IMG_8005-768x512.jpg 768w, https:\/\/d2p6e6u75xmxt8.cloudfront.net\/5\/2016\/07\/TDF_160722_IMG_8005-272x182.jpg 272w\" sizes=\"auto, (max-width: 1024px) 100vw, 1024px\" \/><figcaption id=\"caption-attachment-1538\" class=\"wp-caption-text\">Tour de France 2016<\/figcaption><\/figure>\n<figure id=\"attachment_1539\" aria-describedby=\"caption-attachment-1539\" style=\"width: 1024px\" class=\"wp-caption alignnone\"><img loading=\"lazy\" decoding=\"async\" class=\"size-large wp-image-1539\" src=\"http:\/\/skoda-rowery.pl\/wp-content\/uploads\/2016\/07\/TDF_160722_IMG_8041-1024x683.jpg\" alt=\"Tour de France 2016\" width=\"1024\" height=\"683\" srcset=\"https:\/\/d2p6e6u75xmxt8.cloudfront.net\/5\/2016\/07\/TDF_160722_IMG_8041-1024x683.jpg 1024w, https:\/\/d2p6e6u75xmxt8.cloudfront.net\/5\/2016\/07\/TDF_160722_IMG_8041-300x200.jpg 300w, https:\/\/d2p6e6u75xmxt8.cloudfront.net\/5\/2016\/07\/TDF_160722_IMG_8041-768x512.jpg 768w, https:\/\/d2p6e6u75xmxt8.cloudfront.net\/5\/2016\/07\/TDF_160722_IMG_8041-272x182.jpg 272w\" sizes=\"auto, (max-width: 1024px) 100vw, 1024px\" \/><figcaption id=\"caption-attachment-1539\" class=\"wp-caption-text\">Tour de France 2016<\/figcaption><\/figure>\n<figure id=\"attachment_1540\" aria-describedby=\"caption-attachment-1540\" style=\"width: 1024px\" class=\"wp-caption alignnone\"><img loading=\"lazy\" decoding=\"async\" class=\"size-large wp-image-1540\" src=\"http:\/\/skoda-rowery.pl\/wp-content\/uploads\/2016\/07\/TDF_160722_IMG_8047-1024x683.jpg\" alt=\"Tour de France 2016\" width=\"1024\" height=\"683\" srcset=\"https:\/\/d2p6e6u75xmxt8.cloudfront.net\/5\/2016\/07\/TDF_160722_IMG_8047-1024x683.jpg 1024w, https:\/\/d2p6e6u75xmxt8.cloudfront.net\/5\/2016\/07\/TDF_160722_IMG_8047-300x200.jpg 300w, https:\/\/d2p6e6u75xmxt8.cloudfront.net\/5\/2016\/07\/TDF_160722_IMG_8047-768x512.jpg 768w, https:\/\/d2p6e6u75xmxt8.cloudfront.net\/5\/2016\/07\/TDF_160722_IMG_8047-272x182.jpg 272w\" sizes=\"auto, (max-width: 1024px) 100vw, 1024px\" \/><figcaption id=\"caption-attachment-1540\" class=\"wp-caption-text\">Tour de France 2016<\/figcaption><\/figure>\n<figure id=\"attachment_1541\" aria-describedby=\"caption-attachment-1541\" style=\"width: 1024px\" class=\"wp-caption alignnone\"><img loading=\"lazy\" decoding=\"async\" class=\"size-large wp-image-1541\" src=\"http:\/\/skoda-rowery.pl\/wp-content\/uploads\/2016\/07\/TDF_160722_KLM_7199-1024x683.jpg\" alt=\"Tour de France 2016\" width=\"1024\" height=\"683\" srcset=\"https:\/\/d2p6e6u75xmxt8.cloudfront.net\/5\/2016\/07\/TDF_160722_KLM_7199-1024x683.jpg 1024w, https:\/\/d2p6e6u75xmxt8.cloudfront.net\/5\/2016\/07\/TDF_160722_KLM_7199-300x200.jpg 300w, https:\/\/d2p6e6u75xmxt8.cloudfront.net\/5\/2016\/07\/TDF_160722_KLM_7199-768x512.jpg 768w, https:\/\/d2p6e6u75xmxt8.cloudfront.net\/5\/2016\/07\/TDF_160722_KLM_7199-272x182.jpg 272w\" sizes=\"auto, (max-width: 1024px) 100vw, 1024px\" \/><figcaption id=\"caption-attachment-1541\" class=\"wp-caption-text\">Tour de France 2016<\/figcaption><\/figure>\n<figure id=\"attachment_1542\" aria-describedby=\"caption-attachment-1542\" style=\"width: 1024px\" class=\"wp-caption alignnone\"><img loading=\"lazy\" decoding=\"async\" class=\"size-large wp-image-1542\" src=\"http:\/\/skoda-rowery.pl\/wp-content\/uploads\/2016\/07\/TDF_160722_KLM_7553-1024x683.jpg\" alt=\"Tour de France 2016\" width=\"1024\" height=\"683\" srcset=\"https:\/\/d2p6e6u75xmxt8.cloudfront.net\/5\/2016\/07\/TDF_160722_KLM_7553-1024x683.jpg 1024w, https:\/\/d2p6e6u75xmxt8.cloudfront.net\/5\/2016\/07\/TDF_160722_KLM_7553-300x200.jpg 300w, https:\/\/d2p6e6u75xmxt8.cloudfront.net\/5\/2016\/07\/TDF_160722_KLM_7553-768x512.jpg 768w, https:\/\/d2p6e6u75xmxt8.cloudfront.net\/5\/2016\/07\/TDF_160722_KLM_7553-272x182.jpg 272w\" sizes=\"auto, (max-width: 1024px) 100vw, 1024px\" \/><figcaption id=\"caption-attachment-1542\" class=\"wp-caption-text\">Tour de France 2016<\/figcaption><\/figure>\n<figure id=\"attachment_1543\" aria-describedby=\"caption-attachment-1543\" style=\"width: 1024px\" class=\"wp-caption alignnone\"><img loading=\"lazy\" decoding=\"async\" class=\"size-large wp-image-1543\" src=\"http:\/\/skoda-rowery.pl\/wp-content\/uploads\/2016\/07\/TDF_160722_KLM_7623-1024x683.jpg\" alt=\"Tour de France 2016\" width=\"1024\" height=\"683\" srcset=\"https:\/\/d2p6e6u75xmxt8.cloudfront.net\/5\/2016\/07\/TDF_160722_KLM_7623-1024x683.jpg 1024w, https:\/\/d2p6e6u75xmxt8.cloudfront.net\/5\/2016\/07\/TDF_160722_KLM_7623-300x200.jpg 300w, https:\/\/d2p6e6u75xmxt8.cloudfront.net\/5\/2016\/07\/TDF_160722_KLM_7623-768x512.jpg 768w, https:\/\/d2p6e6u75xmxt8.cloudfront.net\/5\/2016\/07\/TDF_160722_KLM_7623-272x182.jpg 272w\" sizes=\"auto, (max-width: 1024px) 100vw, 1024px\" \/><figcaption id=\"caption-attachment-1543\" class=\"wp-caption-text\">Tour de France 2016<\/figcaption><\/figure>\n<figure id=\"attachment_1544\" aria-describedby=\"caption-attachment-1544\" style=\"width: 1024px\" class=\"wp-caption alignnone\"><img loading=\"lazy\" decoding=\"async\" class=\"size-large wp-image-1544\" src=\"http:\/\/skoda-rowery.pl\/wp-content\/uploads\/2016\/07\/TDF_160722_KLN_1541-1024x683.jpg\" alt=\"Tour de France 2016\" width=\"1024\" height=\"683\" srcset=\"https:\/\/d2p6e6u75xmxt8.cloudfront.net\/5\/2016\/07\/TDF_160722_KLN_1541-1024x683.jpg 1024w, https:\/\/d2p6e6u75xmxt8.cloudfront.net\/5\/2016\/07\/TDF_160722_KLN_1541-300x200.jpg 300w, https:\/\/d2p6e6u75xmxt8.cloudfront.net\/5\/2016\/07\/TDF_160722_KLN_1541-768x512.jpg 768w, https:\/\/d2p6e6u75xmxt8.cloudfront.net\/5\/2016\/07\/TDF_160722_KLN_1541-272x182.jpg 272w\" sizes=\"auto, (max-width: 1024px) 100vw, 1024px\" \/><figcaption id=\"caption-attachment-1544\" class=\"wp-caption-text\">Tour de France 2016<\/figcaption><\/figure>\n<figure id=\"attachment_1546\" aria-describedby=\"caption-attachment-1546\" style=\"width: 1024px\" class=\"wp-caption alignnone\"><img loading=\"lazy\" decoding=\"async\" class=\"size-large wp-image-1546\" src=\"http:\/\/skoda-rowery.pl\/wp-content\/uploads\/2016\/07\/TDF_160722_KLN_1604-1024x683.jpg\" alt=\"Tour de France 2016\" width=\"1024\" height=\"683\" srcset=\"https:\/\/d2p6e6u75xmxt8.cloudfront.net\/5\/2016\/07\/TDF_160722_KLN_1604-1024x683.jpg 1024w, https:\/\/d2p6e6u75xmxt8.cloudfront.net\/5\/2016\/07\/TDF_160722_KLN_1604-300x200.jpg 300w, https:\/\/d2p6e6u75xmxt8.cloudfront.net\/5\/2016\/07\/TDF_160722_KLN_1604-768x512.jpg 768w, https:\/\/d2p6e6u75xmxt8.cloudfront.net\/5\/2016\/07\/TDF_160722_KLN_1604-272x182.jpg 272w\" sizes=\"auto, (max-width: 1024px) 100vw, 1024px\" \/><figcaption id=\"caption-attachment-1546\" class=\"wp-caption-text\">Tour de France 2016<\/figcaption><\/figure>\n<figure id=\"attachment_1547\" aria-describedby=\"caption-attachment-1547\" style=\"width: 1024px\" class=\"wp-caption alignnone\"><img loading=\"lazy\" decoding=\"async\" class=\"size-large wp-image-1547\" src=\"http:\/\/skoda-rowery.pl\/wp-content\/uploads\/2016\/07\/TDF_160722_KLN_1678-1024x683.jpg\" alt=\"Tour de France 2016\" width=\"1024\" height=\"683\" srcset=\"https:\/\/d2p6e6u75xmxt8.cloudfront.net\/5\/2016\/07\/TDF_160722_KLN_1678-1024x683.jpg 1024w, https:\/\/d2p6e6u75xmxt8.cloudfront.net\/5\/2016\/07\/TDF_160722_KLN_1678-300x200.jpg 300w, https:\/\/d2p6e6u75xmxt8.cloudfront.net\/5\/2016\/07\/TDF_160722_KLN_1678-768x512.jpg 768w, https:\/\/d2p6e6u75xmxt8.cloudfront.net\/5\/2016\/07\/TDF_160722_KLN_1678-272x182.jpg 272w\" sizes=\"auto, (max-width: 1024px) 100vw, 1024px\" \/><figcaption id=\"caption-attachment-1547\" class=\"wp-caption-text\">Tour de France 2016<\/figcaption><\/figure>\n<figure id=\"attachment_1548\" aria-describedby=\"caption-attachment-1548\" style=\"width: 1024px\" class=\"wp-caption alignnone\"><img loading=\"lazy\" decoding=\"async\" class=\"size-large wp-image-1548\" src=\"http:\/\/skoda-rowery.pl\/wp-content\/uploads\/2016\/07\/TDF_160722_KLN_1699-1024x683.jpg\" alt=\"Tour de France 2016\" width=\"1024\" height=\"683\" srcset=\"https:\/\/d2p6e6u75xmxt8.cloudfront.net\/5\/2016\/07\/TDF_160722_KLN_1699-1024x683.jpg 1024w, https:\/\/d2p6e6u75xmxt8.cloudfront.net\/5\/2016\/07\/TDF_160722_KLN_1699-300x200.jpg 300w, https:\/\/d2p6e6u75xmxt8.cloudfront.net\/5\/2016\/07\/TDF_160722_KLN_1699-768x512.jpg 768w, https:\/\/d2p6e6u75xmxt8.cloudfront.net\/5\/2016\/07\/TDF_160722_KLN_1699-272x182.jpg 272w\" sizes=\"auto, (max-width: 1024px) 100vw, 1024px\" \/><figcaption id=\"caption-attachment-1548\" class=\"wp-caption-text\">Tour de France 2016<\/figcaption><\/figure>\n<figure id=\"attachment_1549\" aria-describedby=\"caption-attachment-1549\" style=\"width: 1024px\" class=\"wp-caption alignnone\"><img loading=\"lazy\" decoding=\"async\" class=\"size-large wp-image-1549\" src=\"http:\/\/skoda-rowery.pl\/wp-content\/uploads\/2016\/07\/TDF_160722_KLN_1729-1024x683.jpg\" alt=\"Tour de France 2016\" width=\"1024\" height=\"683\" srcset=\"https:\/\/d2p6e6u75xmxt8.cloudfront.net\/5\/2016\/07\/TDF_160722_KLN_1729-1024x683.jpg 1024w, https:\/\/d2p6e6u75xmxt8.cloudfront.net\/5\/2016\/07\/TDF_160722_KLN_1729-300x200.jpg 300w, https:\/\/d2p6e6u75xmxt8.cloudfront.net\/5\/2016\/07\/TDF_160722_KLN_1729-768x512.jpg 768w, https:\/\/d2p6e6u75xmxt8.cloudfront.net\/5\/2016\/07\/TDF_160722_KLN_1729-272x182.jpg 272w\" sizes=\"auto, (max-width: 1024px) 100vw, 1024px\" \/><figcaption id=\"caption-attachment-1549\" class=\"wp-caption-text\">Tour de France 2016<\/figcaption><\/figure>\n<figure id=\"attachment_1550\" aria-describedby=\"caption-attachment-1550\" style=\"width: 1024px\" class=\"wp-caption alignnone\"><img loading=\"lazy\" decoding=\"async\" class=\"size-large wp-image-1550\" src=\"http:\/\/skoda-rowery.pl\/wp-content\/uploads\/2016\/07\/TDF_160722_KLN_1861-1024x683.jpg\" alt=\"Tour de France 2016\" width=\"1024\" height=\"683\" srcset=\"https:\/\/d2p6e6u75xmxt8.cloudfront.net\/5\/2016\/07\/TDF_160722_KLN_1861-1024x683.jpg 1024w, https:\/\/d2p6e6u75xmxt8.cloudfront.net\/5\/2016\/07\/TDF_160722_KLN_1861-300x200.jpg 300w, https:\/\/d2p6e6u75xmxt8.cloudfront.net\/5\/2016\/07\/TDF_160722_KLN_1861-768x512.jpg 768w, https:\/\/d2p6e6u75xmxt8.cloudfront.net\/5\/2016\/07\/TDF_160722_KLN_1861-272x182.jpg 272w\" sizes=\"auto, (max-width: 1024px) 100vw, 1024px\" \/><figcaption id=\"caption-attachment-1550\" class=\"wp-caption-text\">Tour de France 2016<\/figcaption><\/figure>\n<p style=\"text-align: justify\">\n<p style=\"text-align: justify\">\n<p style=\"text-align: justify\">Tour de France jest trzecim najwi\u0119kszym wydarzeniem sportowym na \u015bwiecie, po pi\u0142karskich Mistrzostwach \u015awiata FIFA i Olimpiadzie. Gromadzi rzesze fan\u00f3w przy trasie wy\u015bcigu i przed telewizorami na ca\u0142ym \u015bwiecie. W tegorocznej edycji polskie barwy reprezentowa\u0142 Rafa\u0142 Majka, Bartosz Huzarski i Maciej Bodnar.<\/p>\n<p style=\"text-align: justify\">\n<p style=\"text-align: justify\">\n","protected":false},"excerpt":{"rendered":"<p>\u0160koda jest oficjalnym patronem i partnerem technicznym legendarnego wy\u015bcigu Tour de France nieprzerwanie od 2004 roku, w tym roku wspiera [&hellip;]<\/p>\n","protected":false},"author":1,"featured_media":1535,"comment_status":"open","ping_status":"closed","sticky":false,"template":"","format":"standard","meta":{"footnotes":""},"categories":[1],"tags":[77],"global-categories":[],"class_list":["post-1534","post","type-post","status-publish","format-standard","has-post-thumbnail","hentry","category-uncategorized","tag-tour-de-france"],"yoast_head":"<!-- This site is optimized with the Yoast SEO Premium plugin v25.3 (Yoast SEO v25.9) - https:\/\/yoast.com\/wordpress\/plugins\/seo\/ -->\n<title>Katarzyna Bujakiewicz i \u0160koda na Tour de France - \u0160koda We Love Cycling - Poland<\/title>\n<meta name=\"robots\" content=\"index, follow, max-snippet:-1, max-image-preview:large, max-video-preview:-1\" \/>\n<link rel=\"canonical\" href=\"https:\/\/www.welovecycling.com\/pl\/2016\/07\/26\/katarzyna-bujakiewicz-i-skoda-na-tour-de-france\/\" \/>\n<meta property=\"og:locale\" content=\"pl_PL\" \/>\n<meta property=\"og:type\" content=\"article\" \/>\n<meta property=\"og:title\" content=\"Katarzyna Bujakiewicz i \u0160koda na Tour de France\" \/>\n<meta property=\"og:description\" content=\"\u0160koda jest oficjalnym patronem i partnerem technicznym legendarnego wy\u015bcigu Tour de France nieprzerwanie od 2004 roku, w tym roku wspiera [&hellip;]\" \/>\n<meta property=\"og:url\" content=\"https:\/\/www.welovecycling.com\/pl\/2016\/07\/26\/katarzyna-bujakiewicz-i-skoda-na-tour-de-france\/\" \/>\n<meta property=\"og:site_name\" content=\"\u0160koda We Love Cycling - Poland\" \/>\n<meta property=\"article:published_time\" content=\"2016-07-26T13:00:38+00:00\" \/>\n<meta property=\"article:modified_time\" content=\"2016-12-05T08:46:30+00:00\" \/>\n<meta property=\"og:image\" content=\"https:\/\/d2p6e6u75xmxt8.cloudfront.net\/5\/2016\/07\/TDF_160722_KLN_1837-1024x683.jpg\" \/>\n\t<meta property=\"og:image:width\" content=\"1024\" \/>\n\t<meta property=\"og:image:height\" content=\"683\" \/>\n\t<meta property=\"og:image:type\" content=\"image\/jpeg\" \/>\n<meta name=\"author\" content=\"WeLoveCycling\" \/>\n<meta name=\"twitter:card\" content=\"summary_large_image\" \/>\n<meta name=\"twitter:label1\" content=\"Written by\" \/>\n\t<meta name=\"twitter:data1\" content=\"WeLoveCycling\" \/>\n\t<meta name=\"twitter:label2\" content=\"Est. reading time\" \/>\n\t<meta name=\"twitter:data2\" content=\"2 minutes\" \/>\n<script type=\"application\/ld+json\" class=\"yoast-schema-graph\">{\"@context\":\"https:\/\/schema.org\",\"@graph\":[{\"@type\":\"WebPage\",\"@id\":\"https:\/\/www.welovecycling.com\/pl\/2016\/07\/26\/katarzyna-bujakiewicz-i-skoda-na-tour-de-france\/\",\"url\":\"https:\/\/www.welovecycling.com\/pl\/2016\/07\/26\/katarzyna-bujakiewicz-i-skoda-na-tour-de-france\/\",\"name\":\"Katarzyna Bujakiewicz i \u0160koda na Tour de France - \u0160koda We Love Cycling - Poland\",\"isPartOf\":{\"@id\":\"https:\/\/www.welovecycling.com\/pl\/#website\"},\"primaryImageOfPage\":{\"@id\":\"https:\/\/www.welovecycling.com\/pl\/2016\/07\/26\/katarzyna-bujakiewicz-i-skoda-na-tour-de-france\/#primaryimage\"},\"image\":{\"@id\":\"https:\/\/www.welovecycling.com\/pl\/2016\/07\/26\/katarzyna-bujakiewicz-i-skoda-na-tour-de-france\/#primaryimage\"},\"thumbnailUrl\":\"https:\/\/d2p6e6u75xmxt8.cloudfront.net\/5\/2016\/07\/TDF_160722_KLN_1837.jpg\",\"datePublished\":\"2016-07-26T13:00:38+00:00\",\"dateModified\":\"2016-12-05T08:46:30+00:00\",\"author\":{\"@id\":\"https:\/\/www.welovecycling.com\/pl\/#\/schema\/person\/e5187c9cac8dd619ebc7b41bd73c2fd9\"},\"breadcrumb\":{\"@id\":\"https:\/\/www.welovecycling.com\/pl\/2016\/07\/26\/katarzyna-bujakiewicz-i-skoda-na-tour-de-france\/#breadcrumb\"},\"inLanguage\":\"pl-PL\",\"potentialAction\":[{\"@type\":\"ReadAction\",\"target\":[\"https:\/\/www.welovecycling.com\/pl\/2016\/07\/26\/katarzyna-bujakiewicz-i-skoda-na-tour-de-france\/\"]}]},{\"@type\":\"ImageObject\",\"inLanguage\":\"pl-PL\",\"@id\":\"https:\/\/www.welovecycling.com\/pl\/2016\/07\/26\/katarzyna-bujakiewicz-i-skoda-na-tour-de-france\/#primaryimage\",\"url\":\"https:\/\/d2p6e6u75xmxt8.cloudfront.net\/5\/2016\/07\/TDF_160722_KLN_1837.jpg\",\"contentUrl\":\"https:\/\/d2p6e6u75xmxt8.cloudfront.net\/5\/2016\/07\/TDF_160722_KLN_1837.jpg\",\"width\":5760,\"height\":3840,\"caption\":\"Tour de France 2016\"},{\"@type\":\"BreadcrumbList\",\"@id\":\"https:\/\/www.welovecycling.com\/pl\/2016\/07\/26\/katarzyna-bujakiewicz-i-skoda-na-tour-de-france\/#breadcrumb\",\"itemListElement\":[{\"@type\":\"ListItem\",\"position\":1,\"name\":\"Home\",\"item\":\"https:\/\/www.welovecycling.com\/pl\/\"},{\"@type\":\"ListItem\",\"position\":2,\"name\":\"Katarzyna Bujakiewicz i \u0160koda na Tour de France\"}]},{\"@type\":\"WebSite\",\"@id\":\"https:\/\/www.welovecycling.com\/pl\/#website\",\"url\":\"https:\/\/www.welovecycling.com\/pl\/\",\"name\":\"\u0160koda We Love Cycling - Poland\",\"description\":\"\",\"potentialAction\":[{\"@type\":\"SearchAction\",\"target\":{\"@type\":\"EntryPoint\",\"urlTemplate\":\"https:\/\/www.welovecycling.com\/pl\/?s={search_term_string}\"},\"query-input\":{\"@type\":\"PropertyValueSpecification\",\"valueRequired\":true,\"valueName\":\"search_term_string\"}}],\"inLanguage\":\"pl-PL\"},{\"@type\":\"Person\",\"@id\":\"https:\/\/www.welovecycling.com\/pl\/#\/schema\/person\/e5187c9cac8dd619ebc7b41bd73c2fd9\",\"name\":\"WeLoveCycling\",\"image\":{\"@type\":\"ImageObject\",\"inLanguage\":\"pl-PL\",\"@id\":\"https:\/\/www.welovecycling.com\/pl\/#\/schema\/person\/image\/\",\"url\":\"https:\/\/secure.gravatar.com\/avatar\/7e1ee0ecc5e294b19ef32b9f6086e0afbb9da00c3cb0d465ba4695331f4a9187?s=96&d=mm&r=g\",\"contentUrl\":\"https:\/\/secure.gravatar.com\/avatar\/7e1ee0ecc5e294b19ef32b9f6086e0afbb9da00c3cb0d465ba4695331f4a9187?s=96&d=mm&r=g\",\"caption\":\"WeLoveCycling\"},\"url\":\"https:\/\/www.welovecycling.com\/pl\/author\/lukascech\/\"}]}<\/script>\n<!-- \/ Yoast SEO Premium plugin. -->","yoast_head_json":{"title":"Katarzyna Bujakiewicz i \u0160koda na Tour de France - \u0160koda We Love Cycling - Poland","robots":{"index":"index","follow":"follow","max-snippet":"max-snippet:-1","max-image-preview":"max-image-preview:large","max-video-preview":"max-video-preview:-1"},"canonical":"https:\/\/www.welovecycling.com\/pl\/2016\/07\/26\/katarzyna-bujakiewicz-i-skoda-na-tour-de-france\/","og_locale":"pl_PL","og_type":"article","og_title":"Katarzyna Bujakiewicz i \u0160koda na Tour de France","og_description":"\u0160koda jest oficjalnym patronem i partnerem technicznym legendarnego wy\u015bcigu Tour de France nieprzerwanie od 2004 roku, w tym roku wspiera [&hellip;]","og_url":"https:\/\/www.welovecycling.com\/pl\/2016\/07\/26\/katarzyna-bujakiewicz-i-skoda-na-tour-de-france\/","og_site_name":"\u0160koda We Love Cycling - Poland","article_published_time":"2016-07-26T13:00:38+00:00","article_modified_time":"2016-12-05T08:46:30+00:00","og_image":[{"width":1024,"height":683,"url":"https:\/\/d2p6e6u75xmxt8.cloudfront.net\/5\/2016\/07\/TDF_160722_KLN_1837-1024x683.jpg","type":"image\/jpeg"}],"author":"WeLoveCycling","twitter_card":"summary_large_image","twitter_misc":{"Written by":"WeLoveCycling","Est. reading time":"2 minutes"},"schema":{"@context":"https:\/\/schema.org","@graph":[{"@type":"WebPage","@id":"https:\/\/www.welovecycling.com\/pl\/2016\/07\/26\/katarzyna-bujakiewicz-i-skoda-na-tour-de-france\/","url":"https:\/\/www.welovecycling.com\/pl\/2016\/07\/26\/katarzyna-bujakiewicz-i-skoda-na-tour-de-france\/","name":"Katarzyna Bujakiewicz i \u0160koda na Tour de France - \u0160koda We Love Cycling - Poland","isPartOf":{"@id":"https:\/\/www.welovecycling.com\/pl\/#website"},"primaryImageOfPage":{"@id":"https:\/\/www.welovecycling.com\/pl\/2016\/07\/26\/katarzyna-bujakiewicz-i-skoda-na-tour-de-france\/#primaryimage"},"image":{"@id":"https:\/\/www.welovecycling.com\/pl\/2016\/07\/26\/katarzyna-bujakiewicz-i-skoda-na-tour-de-france\/#primaryimage"},"thumbnailUrl":"https:\/\/d2p6e6u75xmxt8.cloudfront.net\/5\/2016\/07\/TDF_160722_KLN_1837.jpg","datePublished":"2016-07-26T13:00:38+00:00","dateModified":"2016-12-05T08:46:30+00:00","author":{"@id":"https:\/\/www.welovecycling.com\/pl\/#\/schema\/person\/e5187c9cac8dd619ebc7b41bd73c2fd9"},"breadcrumb":{"@id":"https:\/\/www.welovecycling.com\/pl\/2016\/07\/26\/katarzyna-bujakiewicz-i-skoda-na-tour-de-france\/#breadcrumb"},"inLanguage":"pl-PL","potentialAction":[{"@type":"ReadAction","target":["https:\/\/www.welovecycling.com\/pl\/2016\/07\/26\/katarzyna-bujakiewicz-i-skoda-na-tour-de-france\/"]}]},{"@type":"ImageObject","inLanguage":"pl-PL","@id":"https:\/\/www.welovecycling.com\/pl\/2016\/07\/26\/katarzyna-bujakiewicz-i-skoda-na-tour-de-france\/#primaryimage","url":"https:\/\/d2p6e6u75xmxt8.cloudfront.net\/5\/2016\/07\/TDF_160722_KLN_1837.jpg","contentUrl":"https:\/\/d2p6e6u75xmxt8.cloudfront.net\/5\/2016\/07\/TDF_160722_KLN_1837.jpg","width":5760,"height":3840,"caption":"Tour de France 2016"},{"@type":"BreadcrumbList","@id":"https:\/\/www.welovecycling.com\/pl\/2016\/07\/26\/katarzyna-bujakiewicz-i-skoda-na-tour-de-france\/#breadcrumb","itemListElement":[{"@type":"ListItem","position":1,"name":"Home","item":"https:\/\/www.welovecycling.com\/pl\/"},{"@type":"ListItem","position":2,"name":"Katarzyna Bujakiewicz i \u0160koda na Tour de France"}]},{"@type":"WebSite","@id":"https:\/\/www.welovecycling.com\/pl\/#website","url":"https:\/\/www.welovecycling.com\/pl\/","name":"\u0160koda We Love Cycling - Poland","description":"","potentialAction":[{"@type":"SearchAction","target":{"@type":"EntryPoint","urlTemplate":"https:\/\/www.welovecycling.com\/pl\/?s={search_term_string}"},"query-input":{"@type":"PropertyValueSpecification","valueRequired":true,"valueName":"search_term_string"}}],"inLanguage":"pl-PL"},{"@type":"Person","@id":"https:\/\/www.welovecycling.com\/pl\/#\/schema\/person\/e5187c9cac8dd619ebc7b41bd73c2fd9","name":"WeLoveCycling","image":{"@type":"ImageObject","inLanguage":"pl-PL","@id":"https:\/\/www.welovecycling.com\/pl\/#\/schema\/person\/image\/","url":"https:\/\/secure.gravatar.com\/avatar\/7e1ee0ecc5e294b19ef32b9f6086e0afbb9da00c3cb0d465ba4695331f4a9187?s=96&d=mm&r=g","contentUrl":"https:\/\/secure.gravatar.com\/avatar\/7e1ee0ecc5e294b19ef32b9f6086e0afbb9da00c3cb0d465ba4695331f4a9187?s=96&d=mm&r=g","caption":"WeLoveCycling"},"url":"https:\/\/www.welovecycling.com\/pl\/author\/lukascech\/"}]}},"_links":{"self":[{"href":"https:\/\/www.welovecycling.com\/pl\/wp-json\/wp\/v2\/posts\/1534","targetHints":{"allow":["GET"]}}],"collection":[{"href":"https:\/\/www.welovecycling.com\/pl\/wp-json\/wp\/v2\/posts"}],"about":[{"href":"https:\/\/www.welovecycling.com\/pl\/wp-json\/wp\/v2\/types\/post"}],"author":[{"embeddable":true,"href":"https:\/\/www.welovecycling.com\/pl\/wp-json\/wp\/v2\/users\/1"}],"replies":[{"embeddable":true,"href":"https:\/\/www.welovecycling.com\/pl\/wp-json\/wp\/v2\/comments?post=1534"}],"version-history":[{"count":1,"href":"https:\/\/www.welovecycling.com\/pl\/wp-json\/wp\/v2\/posts\/1534\/revisions"}],"predecessor-version":[{"id":2408,"href":"https:\/\/www.welovecycling.com\/pl\/wp-json\/wp\/v2\/posts\/1534\/revisions\/2408"}],"wp:featuredmedia":[{"embeddable":true,"href":"https:\/\/www.welovecycling.com\/pl\/wp-json\/wp\/v2\/media\/1535"}],"wp:attachment":[{"href":"https:\/\/www.welovecycling.com\/pl\/wp-json\/wp\/v2\/media?parent=1534"}],"wp:term":[{"taxonomy":"category","embeddable":true,"href":"https:\/\/www.welovecycling.com\/pl\/wp-json\/wp\/v2\/categories?post=1534"},{"taxonomy":"post_tag","embeddable":true,"href":"https:\/\/www.welovecycling.com\/pl\/wp-json\/wp\/v2\/tags?post=1534"},{"taxonomy":"global-categories","embeddable":true,"href":"https:\/\/www.welovecycling.com\/pl\/wp-json\/wp\/v2\/global-categories?post=1534"}],"curies":[{"name":"wp","href":"https:\/\/api.w.org\/{rel}","templated":true}]}}