{"id":1528,"date":"2016-07-25T11:29:14","date_gmt":"2016-07-25T11:29:14","guid":{"rendered":"http:\/\/skoda-rowery.pl\/?p=1528"},"modified":"2016-12-05T08:46:36","modified_gmt":"2016-12-05T08:46:36","slug":"dziarski-tatko-richard-price","status":"publish","type":"post","link":"https:\/\/www.welovecycling.com\/pl\/2016\/07\/25\/dziarski-tatko-richard-price\/","title":{"rendered":"Dziarski Tatko: Richard Price"},"content":{"rendered":"<p style=\"text-align: justify\">Dla niekt\u00f3rych czterdzieste urodziny to obietnica pocz\u0105tku dekady upragnionego relaksu. Dzieci wzgl\u0119dnie samodzielne, \u017cycie zawodowe ustabilizowane, \u015brodki do \u017cycia zapewnione \u2013 nic, tylko zwolni\u0107 nieco tempo i wygodnie rozsi\u0105\u015b\u0107 si\u0119 w fotelu. Jednak s\u0105 i tacy, dla kt\u00f3rych \u017cycie przygotowa\u0142o co\u015b zgo\u0142a odwrotnego. <!--more-->Za przyk\u0142ad niech pos\u0142u\u017cy Richard Price. Gdy rzeczony 42-latek, ojciec dwojga dzieci, zacz\u0105\u0142 dostrzega\u0107 niepokoj\u0105cy spadek kondycji fizycznej, a czar\u0119 goryczy przela\u0142a niespodziewana diagnoza lekarska zwiastuj\u0105ca ukryt\u0105 dot\u0105d chorob\u0119, postanowi\u0142 wzi\u0105\u0107 sprawy w swoje r\u0119ce. Pierwszym krokiem, jaki uczyni\u0142 by\u0142 zakup pojazdu o liczbie k\u00f3\u0142ek zupe\u0142nie odmiennej od tej, kt\u00f3rej mo\u017cna by\u0142oby si\u0119 spodziewa\u0107 po m\u0119\u017cczy\u017anie w \u015brednim wieku. Postanowi\u0142 uprawia\u0107 kolarstwo, bo sport ten dawa\u0142 mu szans\u0119 na zachowanie formy przy r\u00f3wnoleg\u0142ej walce z chorob\u0105. Co prawda jego \u017conie mo\u017ce go nieco brakowa\u0107 w weekendy, lecz z ca\u0142\u0105 pewno\u015bci\u0105 wszelkie w\u0105tpliwo\u015bci znikaj\u0105, gdy z kolejnej eskapady wraca do domu peda\u0142uj\u0105c jej coraz sprawniejszy fizycznie ma\u0142\u017conek.<\/p>\n<p style=\"text-align: justify\">Jak wi\u0119c dosz\u0142o do tego, \u017ce uznany autor powie\u015bci sko\u0144czy\u0142 jako zapalony rowerzysta, sp\u0119dzaj\u0105c w siode\u0142ku ponad 10 godzin tygodniowo? Richard zawsze by\u0142 aktywny fizycznie, i regularnie uprawia\u0142 biegi, jednak pewnego dnia, kiedy to dopiero sko\u0144czy\u0142 30 lat, zauwa\u017cy\u0142 co\u015b niepokoj\u0105cego. Coraz cz\u0119\u015bciej potyka\u0142 si\u0119 w trakcie biegu, a wr\u0119cz zacz\u0105\u0142 do\u015bwiadcza\u0107 trudno\u015bci z utrzymaniem r\u00f3wnowagi, poruszaj\u0105c si\u0119 szybszym tempem. Naturalnie wywo\u0142a\u0142o to u niego spore obawy, kt\u00f3re wkr\u00f3tce przerodzi\u0142y si\u0119 w za\u0142amanie, gdy kilka miesi\u0119cy p\u00f3\u017aniej, po serii stresuj\u0105cych bada\u0144 Price dowiedzia\u0142 si\u0119, \u017ce cierpi na stwardnienie rozsiane.<\/p>\n<p style=\"text-align: justify\">Ta przewlek\u0142a choroba zada\u0142a mu cios, z kt\u00f3rym trudno by\u0142o mu si\u0119 pogodzi\u0107. Struchla\u0142y z obaw co do wp\u0142ywu, jaki choroba wywrze na jego codzienno\u015b\u0107, Richard pocz\u0105tkowo popad\u0142 w powa\u017cn\u0105 depresj\u0119. Z poczuciem, \u017ce jedyne, na co odt\u0105d b\u0119dzie go sta\u0107, to wyczekiwanie na nadej\u015bcie nieuchronnego i powolna utrata kontroli na w\u0142asnym cia\u0142em, a wreszcie wyrok w postaci w\u00f3zka inwalidzkiego, zacz\u0105\u0142 u\u017cala\u0107 si\u0119 nad w\u0142asnym losem. Aktywno\u015b\u0107 fizyczna od zawsze pomaga\u0142a mu radzi\u0107 sobie ze stresem, wi\u0119c gdy dos\u0142ownie utraci\u0142 mo\u017cliwo\u015b\u0107 biegania, poczu\u0142 si\u0119 jak w pu\u0142apce. Uwi\u0119ziony w sid\u0142ach w\u0142asnego umys\u0142u i cia\u0142a, kt\u00f3re pocz\u0119\u0142y go zawodzi\u0107, usi\u0142owa\u0142 znale\u017a\u0107 motywacj\u0119, jaka by\u0142a mu potrzebna, by zn\u00f3w sta\u0107 si\u0119 pe\u0142nym energii partnerem dla \u017cony i ojcem dla dzieci.<\/p>\n<p style=\"text-align: justify\">I wtedy jeden z przyjaci\u00f3\u0142 poleci\u0142 mu kolarstwo. Desperacko pragn\u0105c wr\u00f3ci\u0107 do swojego starego ja, wzi\u0105\u0142 sobie do serca rad\u0119 kolegi i wszystko si\u0119 zmieni\u0142o. Stwierdziwszy z rado\u015bci\u0105, \u017ce na rowerze nie do\u015bwiadcza problem\u00f3w z zachowaniem r\u00f3wnowagi, uzmys\u0142owi\u0142 sobie, \u017ce \u2013 cho\u0107 nie mo\u017ce biega\u0107 \u2013 by\u0107 mo\u017ce uda mu si\u0119 je\u017adzi\u0107. Przeczuwaj\u0105c, \u017ce nowa droga \u017cyciowa stanie si\u0119 dla niego ratunkiem, Richard szybko robi\u0142 post\u0119py. Wkr\u00f3tce zainwestowa\u0142 w rower szosowy, a po zaledwie roku zaplanowa\u0142 rowerow\u0105 wycieczk\u0119 do Pary\u017ca ze znajomymi. By\u0142 to jego pierwszy, jasno zdefiniowany cel zwi\u0105zany z kolarstwem, a w trakcie jego realizacji zdo\u0142a\u0142 zebra\u0107 5 tysi\u0119cy funt\u00f3w na rzecz stowarzyszenia do walki ze stwardnieniem rozsianym. Poczu\u0142 dreszczyk emocji i odt\u0105d pozostaje wierny swojej nowej pasji.<\/p>\n<p style=\"text-align: justify\">Richard docenia rol\u0119 swojej rodziny w motywowaniu go do dalszych post\u0119p\u00f3w. Mawia, \u017ce sam by\u0142 dumny z ojca i bardzo pragnie, by jego dzieci mog\u0142y my\u015ble\u0107 o nim samym w podobny spos\u00f3b, by kiedy\u015b mog\u0142y stwierdzi\u0107 \u201em\u00f3j tata tego dokona\u0142\u201d. Jednak kolarstwo jest dla niego nie tylko sposobem na zyskanie uznania w oczach cz\u0142onk\u00f3w rodziny, lecz tak\u017ce szans\u0105 na podo\u0142anie wyzwaniu, kt\u00f3re go nap\u0119dza: przypomnieniu nam o tym, jak wa\u017cne jest wyznaczanie cel\u00f3w.<\/p>\n<p style=\"text-align: justify\"><img loading=\"lazy\" decoding=\"async\" class=\"alignnone size-large wp-image-1530\" src=\"http:\/\/skoda-rowery.pl\/wp-content\/uploads\/2016\/07\/Screen-Shot-2016-06-23-at-12.42.27-1024x572.png\" alt=\"Screen Shot 2016-06-23 at 12.42.27\" width=\"1024\" height=\"572\" srcset=\"https:\/\/d2p6e6u75xmxt8.cloudfront.net\/5\/2016\/07\/Screen-Shot-2016-06-23-at-12.42.27-1024x572.png 1024w, https:\/\/d2p6e6u75xmxt8.cloudfront.net\/5\/2016\/07\/Screen-Shot-2016-06-23-at-12.42.27-300x168.png 300w, https:\/\/d2p6e6u75xmxt8.cloudfront.net\/5\/2016\/07\/Screen-Shot-2016-06-23-at-12.42.27-768x429.png 768w, https:\/\/d2p6e6u75xmxt8.cloudfront.net\/5\/2016\/07\/Screen-Shot-2016-06-23-at-12.42.27.png 1275w\" sizes=\"auto, (max-width: 1024px) 100vw, 1024px\" \/><\/p>\n<p style=\"text-align: justify\">Jest w \u017cyciu tak wiele do zrobienia, do do\u015bwiadczenia, a jednak nikt nam tych osi\u0105gni\u0119\u0107 nie sprezentuje \u2013 musimy na nie zapracowa\u0107. Uparte d\u0105\u017cenie Richarda do celu pokazuje nam, \u017ce ka\u017cdy musi by\u0107 got\u00f3w zrobi\u0107 to, co tylko w jego mocy, by zrozumie\u0107, co si\u0119 dla niego naprawd\u0119 liczy i \u017cy\u0107 tak, jak tego pragnie. Richard nie zwalnia, wi\u0119c wkr\u00f3tce mo\u017cemy spodziewa\u0107 si\u0119, \u017ce wraz ze swoj\u0105 szosow\u0105 ekip\u0105 osi\u0105ga\u0107 b\u0119d\u0105 kolejne cele, a kto wie \u2013 mo\u017ce nawet nieraz zawstydz\u0105 m\u0142odszych od siebie. A jak rower zmieni\u0142 Twoje \u017cycie?<\/p>\n<p style=\"text-align: justify\"><strong>Z tymi, kt\u00f3rzy wiedz\u0105 jak rower zmienia \u017cycie \u0142\u0105czy nas kolarska pasja. \u0160koda nap\u0119dza rowery.<\/strong><\/p>\n","protected":false},"excerpt":{"rendered":"<p>Dla niekt\u00f3rych czterdzieste urodziny to obietnica pocz\u0105tku dekady upragnionego relaksu. Dzieci wzgl\u0119dnie samodzielne, \u017cycie zawodowe ustabilizowane, \u015brodki do \u017cycia zapewnione [&hellip;]<\/p>\n","protected":false},"author":1,"featured_media":1529,"comment_status":"open","ping_status":"closed","sticky":false,"template":"","format":"standard","meta":{"footnotes":""},"categories":[1],"tags":[77],"global-categories":[],"class_list":["post-1528","post","type-post","status-publish","format-standard","has-post-thumbnail","hentry","category-uncategorized","tag-tour-de-france"],"yoast_head":"<!-- This site is optimized with the Yoast SEO Premium plugin v25.3 (Yoast SEO v25.9) - https:\/\/yoast.com\/wordpress\/plugins\/seo\/ -->\n<title>Dziarski Tatko: Richard Price - \u0160koda We Love Cycling - Poland<\/title>\n<meta name=\"robots\" content=\"index, follow, max-snippet:-1, max-image-preview:large, max-video-preview:-1\" \/>\n<link rel=\"canonical\" href=\"https:\/\/www.welovecycling.com\/pl\/2016\/07\/25\/dziarski-tatko-richard-price\/\" \/>\n<meta property=\"og:locale\" content=\"pl_PL\" \/>\n<meta property=\"og:type\" content=\"article\" \/>\n<meta property=\"og:title\" content=\"Dziarski Tatko: Richard Price\" \/>\n<meta property=\"og:description\" content=\"Dla niekt\u00f3rych czterdzieste urodziny to obietnica pocz\u0105tku dekady upragnionego relaksu. Dzieci wzgl\u0119dnie samodzielne, \u017cycie zawodowe ustabilizowane, \u015brodki do \u017cycia zapewnione [&hellip;]\" \/>\n<meta property=\"og:url\" content=\"https:\/\/www.welovecycling.com\/pl\/2016\/07\/25\/dziarski-tatko-richard-price\/\" \/>\n<meta property=\"og:site_name\" content=\"\u0160koda We Love Cycling - Poland\" \/>\n<meta property=\"article:published_time\" content=\"2016-07-25T11:29:14+00:00\" \/>\n<meta property=\"article:modified_time\" content=\"2016-12-05T08:46:36+00:00\" \/>\n<meta property=\"og:image\" content=\"https:\/\/d2p6e6u75xmxt8.cloudfront.net\/5\/2016\/07\/847448_454578.jpg\" \/>\n\t<meta property=\"og:image:width\" content=\"1375\" \/>\n\t<meta property=\"og:image:height\" content=\"600\" \/>\n\t<meta property=\"og:image:type\" content=\"image\/jpeg\" \/>\n<meta name=\"author\" content=\"WeLoveCycling\" \/>\n<meta name=\"twitter:card\" content=\"summary_large_image\" \/>\n<meta name=\"twitter:label1\" content=\"Written by\" \/>\n\t<meta name=\"twitter:data1\" content=\"WeLoveCycling\" \/>\n\t<meta name=\"twitter:label2\" content=\"Est. reading time\" \/>\n\t<meta name=\"twitter:data2\" content=\"4 minutes\" \/>\n<script type=\"application\/ld+json\" class=\"yoast-schema-graph\">{\"@context\":\"https:\/\/schema.org\",\"@graph\":[{\"@type\":\"WebPage\",\"@id\":\"https:\/\/www.welovecycling.com\/pl\/2016\/07\/25\/dziarski-tatko-richard-price\/\",\"url\":\"https:\/\/www.welovecycling.com\/pl\/2016\/07\/25\/dziarski-tatko-richard-price\/\",\"name\":\"Dziarski Tatko: Richard Price - \u0160koda We Love Cycling - Poland\",\"isPartOf\":{\"@id\":\"https:\/\/www.welovecycling.com\/pl\/#website\"},\"primaryImageOfPage\":{\"@id\":\"https:\/\/www.welovecycling.com\/pl\/2016\/07\/25\/dziarski-tatko-richard-price\/#primaryimage\"},\"image\":{\"@id\":\"https:\/\/www.welovecycling.com\/pl\/2016\/07\/25\/dziarski-tatko-richard-price\/#primaryimage\"},\"thumbnailUrl\":\"https:\/\/d2p6e6u75xmxt8.cloudfront.net\/5\/2016\/07\/847448_454578.jpg\",\"datePublished\":\"2016-07-25T11:29:14+00:00\",\"dateModified\":\"2016-12-05T08:46:36+00:00\",\"author\":{\"@id\":\"https:\/\/www.welovecycling.com\/pl\/#\/schema\/person\/e5187c9cac8dd619ebc7b41bd73c2fd9\"},\"breadcrumb\":{\"@id\":\"https:\/\/www.welovecycling.com\/pl\/2016\/07\/25\/dziarski-tatko-richard-price\/#breadcrumb\"},\"inLanguage\":\"pl-PL\",\"potentialAction\":[{\"@type\":\"ReadAction\",\"target\":[\"https:\/\/www.welovecycling.com\/pl\/2016\/07\/25\/dziarski-tatko-richard-price\/\"]}]},{\"@type\":\"ImageObject\",\"inLanguage\":\"pl-PL\",\"@id\":\"https:\/\/www.welovecycling.com\/pl\/2016\/07\/25\/dziarski-tatko-richard-price\/#primaryimage\",\"url\":\"https:\/\/d2p6e6u75xmxt8.cloudfront.net\/5\/2016\/07\/847448_454578.jpg\",\"contentUrl\":\"https:\/\/d2p6e6u75xmxt8.cloudfront.net\/5\/2016\/07\/847448_454578.jpg\",\"width\":1375,\"height\":600},{\"@type\":\"BreadcrumbList\",\"@id\":\"https:\/\/www.welovecycling.com\/pl\/2016\/07\/25\/dziarski-tatko-richard-price\/#breadcrumb\",\"itemListElement\":[{\"@type\":\"ListItem\",\"position\":1,\"name\":\"Home\",\"item\":\"https:\/\/www.welovecycling.com\/pl\/\"},{\"@type\":\"ListItem\",\"position\":2,\"name\":\"Dziarski Tatko: Richard Price\"}]},{\"@type\":\"WebSite\",\"@id\":\"https:\/\/www.welovecycling.com\/pl\/#website\",\"url\":\"https:\/\/www.welovecycling.com\/pl\/\",\"name\":\"\u0160koda We Love Cycling - Poland\",\"description\":\"\",\"potentialAction\":[{\"@type\":\"SearchAction\",\"target\":{\"@type\":\"EntryPoint\",\"urlTemplate\":\"https:\/\/www.welovecycling.com\/pl\/?s={search_term_string}\"},\"query-input\":{\"@type\":\"PropertyValueSpecification\",\"valueRequired\":true,\"valueName\":\"search_term_string\"}}],\"inLanguage\":\"pl-PL\"},{\"@type\":\"Person\",\"@id\":\"https:\/\/www.welovecycling.com\/pl\/#\/schema\/person\/e5187c9cac8dd619ebc7b41bd73c2fd9\",\"name\":\"WeLoveCycling\",\"image\":{\"@type\":\"ImageObject\",\"inLanguage\":\"pl-PL\",\"@id\":\"https:\/\/www.welovecycling.com\/pl\/#\/schema\/person\/image\/\",\"url\":\"https:\/\/secure.gravatar.com\/avatar\/7e1ee0ecc5e294b19ef32b9f6086e0afbb9da00c3cb0d465ba4695331f4a9187?s=96&d=mm&r=g\",\"contentUrl\":\"https:\/\/secure.gravatar.com\/avatar\/7e1ee0ecc5e294b19ef32b9f6086e0afbb9da00c3cb0d465ba4695331f4a9187?s=96&d=mm&r=g\",\"caption\":\"WeLoveCycling\"},\"url\":\"https:\/\/www.welovecycling.com\/pl\/author\/lukascech\/\"}]}<\/script>\n<!-- \/ Yoast SEO Premium plugin. -->","yoast_head_json":{"title":"Dziarski Tatko: Richard Price - \u0160koda We Love Cycling - Poland","robots":{"index":"index","follow":"follow","max-snippet":"max-snippet:-1","max-image-preview":"max-image-preview:large","max-video-preview":"max-video-preview:-1"},"canonical":"https:\/\/www.welovecycling.com\/pl\/2016\/07\/25\/dziarski-tatko-richard-price\/","og_locale":"pl_PL","og_type":"article","og_title":"Dziarski Tatko: Richard Price","og_description":"Dla niekt\u00f3rych czterdzieste urodziny to obietnica pocz\u0105tku dekady upragnionego relaksu. Dzieci wzgl\u0119dnie samodzielne, \u017cycie zawodowe ustabilizowane, \u015brodki do \u017cycia zapewnione [&hellip;]","og_url":"https:\/\/www.welovecycling.com\/pl\/2016\/07\/25\/dziarski-tatko-richard-price\/","og_site_name":"\u0160koda We Love Cycling - Poland","article_published_time":"2016-07-25T11:29:14+00:00","article_modified_time":"2016-12-05T08:46:36+00:00","og_image":[{"width":1375,"height":600,"url":"https:\/\/d2p6e6u75xmxt8.cloudfront.net\/5\/2016\/07\/847448_454578.jpg","type":"image\/jpeg"}],"author":"WeLoveCycling","twitter_card":"summary_large_image","twitter_misc":{"Written by":"WeLoveCycling","Est. reading time":"4 minutes"},"schema":{"@context":"https:\/\/schema.org","@graph":[{"@type":"WebPage","@id":"https:\/\/www.welovecycling.com\/pl\/2016\/07\/25\/dziarski-tatko-richard-price\/","url":"https:\/\/www.welovecycling.com\/pl\/2016\/07\/25\/dziarski-tatko-richard-price\/","name":"Dziarski Tatko: Richard Price - \u0160koda We Love Cycling - Poland","isPartOf":{"@id":"https:\/\/www.welovecycling.com\/pl\/#website"},"primaryImageOfPage":{"@id":"https:\/\/www.welovecycling.com\/pl\/2016\/07\/25\/dziarski-tatko-richard-price\/#primaryimage"},"image":{"@id":"https:\/\/www.welovecycling.com\/pl\/2016\/07\/25\/dziarski-tatko-richard-price\/#primaryimage"},"thumbnailUrl":"https:\/\/d2p6e6u75xmxt8.cloudfront.net\/5\/2016\/07\/847448_454578.jpg","datePublished":"2016-07-25T11:29:14+00:00","dateModified":"2016-12-05T08:46:36+00:00","author":{"@id":"https:\/\/www.welovecycling.com\/pl\/#\/schema\/person\/e5187c9cac8dd619ebc7b41bd73c2fd9"},"breadcrumb":{"@id":"https:\/\/www.welovecycling.com\/pl\/2016\/07\/25\/dziarski-tatko-richard-price\/#breadcrumb"},"inLanguage":"pl-PL","potentialAction":[{"@type":"ReadAction","target":["https:\/\/www.welovecycling.com\/pl\/2016\/07\/25\/dziarski-tatko-richard-price\/"]}]},{"@type":"ImageObject","inLanguage":"pl-PL","@id":"https:\/\/www.welovecycling.com\/pl\/2016\/07\/25\/dziarski-tatko-richard-price\/#primaryimage","url":"https:\/\/d2p6e6u75xmxt8.cloudfront.net\/5\/2016\/07\/847448_454578.jpg","contentUrl":"https:\/\/d2p6e6u75xmxt8.cloudfront.net\/5\/2016\/07\/847448_454578.jpg","width":1375,"height":600},{"@type":"BreadcrumbList","@id":"https:\/\/www.welovecycling.com\/pl\/2016\/07\/25\/dziarski-tatko-richard-price\/#breadcrumb","itemListElement":[{"@type":"ListItem","position":1,"name":"Home","item":"https:\/\/www.welovecycling.com\/pl\/"},{"@type":"ListItem","position":2,"name":"Dziarski Tatko: Richard Price"}]},{"@type":"WebSite","@id":"https:\/\/www.welovecycling.com\/pl\/#website","url":"https:\/\/www.welovecycling.com\/pl\/","name":"\u0160koda We Love Cycling - Poland","description":"","potentialAction":[{"@type":"SearchAction","target":{"@type":"EntryPoint","urlTemplate":"https:\/\/www.welovecycling.com\/pl\/?s={search_term_string}"},"query-input":{"@type":"PropertyValueSpecification","valueRequired":true,"valueName":"search_term_string"}}],"inLanguage":"pl-PL"},{"@type":"Person","@id":"https:\/\/www.welovecycling.com\/pl\/#\/schema\/person\/e5187c9cac8dd619ebc7b41bd73c2fd9","name":"WeLoveCycling","image":{"@type":"ImageObject","inLanguage":"pl-PL","@id":"https:\/\/www.welovecycling.com\/pl\/#\/schema\/person\/image\/","url":"https:\/\/secure.gravatar.com\/avatar\/7e1ee0ecc5e294b19ef32b9f6086e0afbb9da00c3cb0d465ba4695331f4a9187?s=96&d=mm&r=g","contentUrl":"https:\/\/secure.gravatar.com\/avatar\/7e1ee0ecc5e294b19ef32b9f6086e0afbb9da00c3cb0d465ba4695331f4a9187?s=96&d=mm&r=g","caption":"WeLoveCycling"},"url":"https:\/\/www.welovecycling.com\/pl\/author\/lukascech\/"}]}},"_links":{"self":[{"href":"https:\/\/www.welovecycling.com\/pl\/wp-json\/wp\/v2\/posts\/1528","targetHints":{"allow":["GET"]}}],"collection":[{"href":"https:\/\/www.welovecycling.com\/pl\/wp-json\/wp\/v2\/posts"}],"about":[{"href":"https:\/\/www.welovecycling.com\/pl\/wp-json\/wp\/v2\/types\/post"}],"author":[{"embeddable":true,"href":"https:\/\/www.welovecycling.com\/pl\/wp-json\/wp\/v2\/users\/1"}],"replies":[{"embeddable":true,"href":"https:\/\/www.welovecycling.com\/pl\/wp-json\/wp\/v2\/comments?post=1528"}],"version-history":[{"count":1,"href":"https:\/\/www.welovecycling.com\/pl\/wp-json\/wp\/v2\/posts\/1528\/revisions"}],"predecessor-version":[{"id":2409,"href":"https:\/\/www.welovecycling.com\/pl\/wp-json\/wp\/v2\/posts\/1528\/revisions\/2409"}],"wp:featuredmedia":[{"embeddable":true,"href":"https:\/\/www.welovecycling.com\/pl\/wp-json\/wp\/v2\/media\/1529"}],"wp:attachment":[{"href":"https:\/\/www.welovecycling.com\/pl\/wp-json\/wp\/v2\/media?parent=1528"}],"wp:term":[{"taxonomy":"category","embeddable":true,"href":"https:\/\/www.welovecycling.com\/pl\/wp-json\/wp\/v2\/categories?post=1528"},{"taxonomy":"post_tag","embeddable":true,"href":"https:\/\/www.welovecycling.com\/pl\/wp-json\/wp\/v2\/tags?post=1528"},{"taxonomy":"global-categories","embeddable":true,"href":"https:\/\/www.welovecycling.com\/pl\/wp-json\/wp\/v2\/global-categories?post=1528"}],"curies":[{"name":"wp","href":"https:\/\/api.w.org\/{rel}","templated":true}]}}