{"id":1524,"date":"2016-07-25T09:06:50","date_gmt":"2016-07-25T09:06:50","guid":{"rendered":"http:\/\/skoda-rowery.pl\/?p=1524"},"modified":"2016-12-05T08:46:40","modified_gmt":"2016-12-05T08:46:40","slug":"wielcy-froome-majka-i-sagan-czy-to-juz-musi-byc-koniec-tdf","status":"publish","type":"post","link":"https:\/\/www.welovecycling.com\/pl\/2016\/07\/25\/wielcy-froome-majka-i-sagan-czy-to-juz-musi-byc-koniec-tdf\/","title":{"rendered":"Wielcy Froome, Majka i Sagan. Czy to ju\u017c musi by\u0107 koniec TdF?!"},"content":{"rendered":"<p style=\"text-align: justify\">To by\u0142y tak pi\u0119kne trzy tygodnie, \u017ce ju\u017c dzi\u015b zaczynamy za nimi t\u0119skni\u0107. Tegoroczny Tour de France wygra\u0142 Christopher Froome, Rafa\u0142 Majka zosta\u0142 najlepszym g\u00f3ralem, a koszulk\u0119 dla najlepszego sprintera ufundowan\u0105 przez \u0160kod\u0119 zgarn\u0105\u0142 Peter Sagan. &#8211; Kocham ten wy\u015bcig \u2013 wyzna\u0142 na mecie szcz\u0119\u015bliwy Majka.<!--more--><\/p>\n<p style=\"text-align: justify\">To by\u0142 pi\u0119kny obrazek, kt\u00f3ry przez najbli\u017cszy rok b\u0119dzie reklam\u0105 Tour de France. Podczas gdy kolarze wypruwali sobie \u017cy\u0142y na finiszu ostatniego etapu, Froome mia\u0142 komfort nale\u017cny zwyci\u0119zcy. Zebra\u0142 wi\u0119c obok siebie wszystkich koleg\u00f3w z grupy Sky i dziewi\u0119ciu kolarzy dumnie trzymaj\u0105c si\u0119 za barki oraz z u\u015bmiechami na ustach wjecha\u0142o r\u00f3wnocze\u015bnie na met\u0119.<\/p>\n<figure id=\"attachment_1526\" aria-describedby=\"caption-attachment-1526\" style=\"width: 1000px\" class=\"wp-caption alignnone\"><img loading=\"lazy\" decoding=\"async\" class=\"size-full wp-image-1526\" src=\"http:\/\/skoda-rowery.pl\/wp-content\/uploads\/2016\/07\/20160724266_241935.jpg\" alt=\"Tour de France 2016 - 24\/07\/2016 - Etape 21 - Chantilly \/ Paris Champs Elys\u00e9es (113 km) - La TEAM SKY \u00e0 l'arriv\u00e9e\" width=\"1000\" height=\"666\" srcset=\"https:\/\/d2p6e6u75xmxt8.cloudfront.net\/5\/2016\/07\/20160724266_241935.jpg 1000w, https:\/\/d2p6e6u75xmxt8.cloudfront.net\/5\/2016\/07\/20160724266_241935-300x200.jpg 300w, https:\/\/d2p6e6u75xmxt8.cloudfront.net\/5\/2016\/07\/20160724266_241935-768x511.jpg 768w, https:\/\/d2p6e6u75xmxt8.cloudfront.net\/5\/2016\/07\/20160724266_241935-272x182.jpg 272w\" sizes=\"auto, (max-width: 1000px) 100vw, 1000px\" \/><figcaption id=\"caption-attachment-1526\" class=\"wp-caption-text\">Tour de France 2016 &#8211; 24\/07\/2016 &#8211; Etape 21 &#8211; Chantilly \/ Paris Champs Elys\u00e9es (113 km) &#8211; La TEAM SKY \u00e0 l&#8217;arriv\u00e9e<\/figcaption><\/figure>\n<p style=\"text-align: justify\">Za moment wok\u00f3\u0142 Froome&#8217;a zaroi\u0142o si\u0119 od fotoreporter\u00f3w, ale zwyci\u0119zca za met\u0105 mia\u0142 kolejny cel \u2013 wy\u015bciska\u0107 ma\u0142\u017conk\u0119 i kilkumiesi\u0119cznego synka, kt\u00f3ry ubrany by\u0142&#8230; w \u017c\u00f3\u0142t\u0105 koszulk\u0119. W taki spos\u00f3b Brytyjczyk \u015bwi\u0119towa\u0142 swoje trzecie zwyci\u0119stwo w klasyfikacji generalnej Tour de France.<\/p>\n<p style=\"text-align: justify\"><strong>Wielka ulga<\/strong><\/p>\n<p style=\"text-align: justify\">Ju\u017c od kilku etap\u00f3w by\u0142o niemal przes\u0105dzone, \u017ce \u201eWielk\u0105 P\u0119tl\u0119\u201d wygra w\u0142a\u015bnie Froome. Mimo to szampany czeka\u0142y w lod\u00f3wce nienaruszone, cho\u0107 pewnie wiele os\u00f3b z ekipy Sky korci\u0142o, by chocia\u017c pr\u00f3bnie nimi wstrz\u0105sn\u0105\u0107.<\/p>\n<p style=\"text-align: justify\">Froome zachowywa\u0142 jednak ch\u0142odn\u0105 g\u0142ow\u0119, nawet po przedostatnim etapie. &#8211; To wielka ulga, \u017ce przekroczy\u0142em met\u0119. Jestem do\u015b\u0107 obola\u0142y, wi\u0119c musia\u0142em jecha\u0107 czujnie \u2013 podkre\u015bla\u0142 Brytyjczyk.<\/p>\n<p style=\"text-align: justify\">W ko\u0144cu jednak Froome m\u00f3g\u0142 ca\u0142emu \u015bwiatu pokaza\u0107 si\u0119 z r\u0119kami podniesionymi do g\u00f3ry i spryska\u0107 wszystkich rywali szampanem. Nale\u017ca\u0142o mu si\u0119, po tych trzech morderczych tygodniach!<\/p>\n<p style=\"text-align: justify\">&#8222;Mam fantastyczn\u0105 dru\u017cyn\u0119 i jestem dumny, \u017ce mog\u0142em by\u0107 jej cz\u0119\u015bci\u0105. Dzi\u0119kuje te\u017c \u017conie i synowi, wam dedykuj\u0119 to zwyci\u0119stwo&#8221; &#8211; m\u00f3wi\u0142 Froome z podium ze \u0142zami w oczach.<\/p>\n<p style=\"text-align: justify\"><strong>Wytrawny polski genera\u0142<\/strong><\/p>\n<p style=\"text-align: justify\">To by\u0142 r\u00f3wnie\u017c pi\u0119kny wy\u015bcig dla Rafa\u0142a Majki. Polak je\u017adzi\u0142 jak wytrawny genera\u0142, kt\u00f3ry musi z zegarmistrzowsk\u0105 precyzj\u0105 zaplanowa\u0107 ka\u017cdy bitw\u0119, by na ko\u0144cu wygra\u0107 wojn\u0119. Dlatego zdarza\u0142o si\u0119, \u017ce przyje\u017cd\u017ca\u0142 na met\u0119 nawet na 82. miejscu, ale i tak ca\u0142y czas wszystko kontrolowa\u0142. \u201eCa\u0142y wy\u015bcig jecha\u0142 bardzo inteligentnie\u201d &#8211; przyznali komentatorzy Eurosportu.<\/p>\n<p style=\"text-align: justify\">Majka doskonale wiedzia\u0142, kiedy mocniej depn\u0105\u0107 na peda\u0142y, a kiedy pr\u00f3bowa\u0107 \u0142apa\u0107 oddech, by by\u0107 gotowym na kolejn\u0105 premi\u0119 g\u00f3rsk\u0105. W ko\u0144cu Polak wypracowa\u0142 sobie tak komfortow\u0105 sytuacj\u0119, \u017ce na ostatnich etapach m\u00f3g\u0142 ju\u017c spacerowym tempem pod\u0105\u017ca\u0107 w stron\u0119 mety.<\/p>\n<p style=\"text-align: justify\">\u201eChcia\u0142em po prostu bezpiecznie uko\u0144czy\u0107 etap. Ca\u0142y czas trzyma\u0142em si\u0119 lider\u00f3w, by dojecha\u0107 do ko\u0144ca. Kocham Tour de France i bardzo si\u0119 ciesz\u0119, \u017ce mam tu swoj\u0105 koszulk\u0119\u201d &#8211; m\u00f3wi\u0142 Majka po 20. etapie, w kt\u00f3rym zaj\u0105\u0142 15. miejsce. Podczas 21., ostatniego wy\u015bcigu, Polak by\u0142 94.<\/p>\n<p style=\"text-align: justify\">Kilka minut p\u00f3\u017aniej po raz drugi w karierze \u015bwi\u0119towa\u0142 jednak wygranie klasyfikacji g\u00f3rskiej Tour de France.<\/p>\n<p style=\"text-align: justify\"><strong>Centymetry Sagana<\/strong><\/p>\n<p style=\"text-align: justify\">Zdecydowanym zwyci\u0119zc\u0105 klasyfikacji punktowej Tour de France zosta\u0142 Peter Sagan, kt\u00f3ry dzi\u0119ki \u015bwietnym osi\u0105gni\u0119ciom wygra\u0142 zielon\u0105 koszulk\u0119 dla najlepszego sprintera, kt\u00f3r\u0105 ufundowa\u0142a \u0160koda.<\/p>\n<p style=\"text-align: justify\">S\u0142owak sukces m\u00f3g\u0142 przypiecz\u0119towa\u0107 zwyci\u0119stwem na 21. etapie, ale uleg\u0142 Andre Greipelowi o centymetry. Sagan zielon\u0105 koszulk\u0119 zdoby\u0142 pi\u0105ty raz z rz\u0119du!<\/p>\n<p style=\"text-align: justify\">Po ponad trzech tygodniach, 21 \u015bwietnych wy\u015bcigach i niezmierzonej ilo\u015bci emocji \u017cegnamy si\u0119 z Tour de France. &#8222;Dzi\u0119kuj\u0119! Niech \u017cyje Tour, niech \u017cyje Francja&#8221; &#8211; wykrzycza\u0142 na po\u017cegnanie Froome.<\/p>\n<p style=\"text-align: justify\">\n","protected":false},"excerpt":{"rendered":"<p>To by\u0142y tak pi\u0119kne trzy tygodnie, \u017ce ju\u017c dzi\u015b zaczynamy za nimi t\u0119skni\u0107. Tegoroczny Tour de France wygra\u0142 Christopher Froome, [&hellip;]<\/p>\n","protected":false},"author":1,"featured_media":1525,"comment_status":"open","ping_status":"closed","sticky":false,"template":"","format":"standard","meta":{"footnotes":""},"categories":[1],"tags":[77],"global-categories":[],"class_list":["post-1524","post","type-post","status-publish","format-standard","has-post-thumbnail","hentry","category-uncategorized","tag-tour-de-france"],"yoast_head":"<!-- This site is optimized with the Yoast SEO Premium plugin v25.3 (Yoast SEO v25.9) - https:\/\/yoast.com\/wordpress\/plugins\/seo\/ -->\n<title>Wielcy Froome, Majka i Sagan. Czy to ju\u017c musi by\u0107 koniec TdF?! - \u0160koda We Love Cycling - Poland<\/title>\n<meta name=\"robots\" content=\"index, follow, max-snippet:-1, max-image-preview:large, max-video-preview:-1\" \/>\n<link rel=\"canonical\" href=\"https:\/\/www.welovecycling.com\/pl\/2016\/07\/25\/wielcy-froome-majka-i-sagan-czy-to-juz-musi-byc-koniec-tdf\/\" \/>\n<meta property=\"og:locale\" content=\"pl_PL\" \/>\n<meta property=\"og:type\" content=\"article\" \/>\n<meta property=\"og:title\" content=\"Wielcy Froome, Majka i Sagan. Czy to ju\u017c musi by\u0107 koniec TdF?!\" \/>\n<meta property=\"og:description\" content=\"To by\u0142y tak pi\u0119kne trzy tygodnie, \u017ce ju\u017c dzi\u015b zaczynamy za nimi t\u0119skni\u0107. Tegoroczny Tour de France wygra\u0142 Christopher Froome, [&hellip;]\" \/>\n<meta property=\"og:url\" content=\"https:\/\/www.welovecycling.com\/pl\/2016\/07\/25\/wielcy-froome-majka-i-sagan-czy-to-juz-musi-byc-koniec-tdf\/\" \/>\n<meta property=\"og:site_name\" content=\"\u0160koda We Love Cycling - Poland\" \/>\n<meta property=\"article:published_time\" content=\"2016-07-25T09:06:50+00:00\" \/>\n<meta property=\"article:modified_time\" content=\"2016-12-05T08:46:40+00:00\" \/>\n<meta property=\"og:image\" content=\"https:\/\/d2p6e6u75xmxt8.cloudfront.net\/5\/2016\/07\/20160724236_241840.jpg\" \/>\n\t<meta property=\"og:image:width\" content=\"1000\" \/>\n\t<meta property=\"og:image:height\" content=\"666\" \/>\n\t<meta property=\"og:image:type\" content=\"image\/jpeg\" \/>\n<meta name=\"author\" content=\"WeLoveCycling\" \/>\n<meta name=\"twitter:card\" content=\"summary_large_image\" \/>\n<meta name=\"twitter:label1\" content=\"Written by\" \/>\n\t<meta name=\"twitter:data1\" content=\"WeLoveCycling\" \/>\n\t<meta name=\"twitter:label2\" content=\"Est. reading time\" \/>\n\t<meta name=\"twitter:data2\" content=\"3 minutes\" \/>\n<script type=\"application\/ld+json\" class=\"yoast-schema-graph\">{\"@context\":\"https:\/\/schema.org\",\"@graph\":[{\"@type\":\"WebPage\",\"@id\":\"https:\/\/www.welovecycling.com\/pl\/2016\/07\/25\/wielcy-froome-majka-i-sagan-czy-to-juz-musi-byc-koniec-tdf\/\",\"url\":\"https:\/\/www.welovecycling.com\/pl\/2016\/07\/25\/wielcy-froome-majka-i-sagan-czy-to-juz-musi-byc-koniec-tdf\/\",\"name\":\"Wielcy Froome, Majka i Sagan. Czy to ju\u017c musi by\u0107 koniec TdF?! - \u0160koda We Love Cycling - Poland\",\"isPartOf\":{\"@id\":\"https:\/\/www.welovecycling.com\/pl\/#website\"},\"primaryImageOfPage\":{\"@id\":\"https:\/\/www.welovecycling.com\/pl\/2016\/07\/25\/wielcy-froome-majka-i-sagan-czy-to-juz-musi-byc-koniec-tdf\/#primaryimage\"},\"image\":{\"@id\":\"https:\/\/www.welovecycling.com\/pl\/2016\/07\/25\/wielcy-froome-majka-i-sagan-czy-to-juz-musi-byc-koniec-tdf\/#primaryimage\"},\"thumbnailUrl\":\"https:\/\/d2p6e6u75xmxt8.cloudfront.net\/5\/2016\/07\/20160724236_241840.jpg\",\"datePublished\":\"2016-07-25T09:06:50+00:00\",\"dateModified\":\"2016-12-05T08:46:40+00:00\",\"author\":{\"@id\":\"https:\/\/www.welovecycling.com\/pl\/#\/schema\/person\/e5187c9cac8dd619ebc7b41bd73c2fd9\"},\"breadcrumb\":{\"@id\":\"https:\/\/www.welovecycling.com\/pl\/2016\/07\/25\/wielcy-froome-majka-i-sagan-czy-to-juz-musi-byc-koniec-tdf\/#breadcrumb\"},\"inLanguage\":\"pl-PL\",\"potentialAction\":[{\"@type\":\"ReadAction\",\"target\":[\"https:\/\/www.welovecycling.com\/pl\/2016\/07\/25\/wielcy-froome-majka-i-sagan-czy-to-juz-musi-byc-koniec-tdf\/\"]}]},{\"@type\":\"ImageObject\",\"inLanguage\":\"pl-PL\",\"@id\":\"https:\/\/www.welovecycling.com\/pl\/2016\/07\/25\/wielcy-froome-majka-i-sagan-czy-to-juz-musi-byc-koniec-tdf\/#primaryimage\",\"url\":\"https:\/\/d2p6e6u75xmxt8.cloudfront.net\/5\/2016\/07\/20160724236_241840.jpg\",\"contentUrl\":\"https:\/\/d2p6e6u75xmxt8.cloudfront.net\/5\/2016\/07\/20160724236_241840.jpg\",\"width\":1000,\"height\":666,\"caption\":\"Tour de France 2016 - 24\/07\/2016 - Etape 21 - Chantilly \/ Paris Champs-Elys\u00e9es (113 km) - FROOME Christopher (TEAM SKY) - Dans le peloton\"},{\"@type\":\"BreadcrumbList\",\"@id\":\"https:\/\/www.welovecycling.com\/pl\/2016\/07\/25\/wielcy-froome-majka-i-sagan-czy-to-juz-musi-byc-koniec-tdf\/#breadcrumb\",\"itemListElement\":[{\"@type\":\"ListItem\",\"position\":1,\"name\":\"Home\",\"item\":\"https:\/\/www.welovecycling.com\/pl\/\"},{\"@type\":\"ListItem\",\"position\":2,\"name\":\"Wielcy Froome, Majka i Sagan. Czy to ju\u017c musi by\u0107 koniec TdF?!\"}]},{\"@type\":\"WebSite\",\"@id\":\"https:\/\/www.welovecycling.com\/pl\/#website\",\"url\":\"https:\/\/www.welovecycling.com\/pl\/\",\"name\":\"\u0160koda We Love Cycling - Poland\",\"description\":\"\",\"potentialAction\":[{\"@type\":\"SearchAction\",\"target\":{\"@type\":\"EntryPoint\",\"urlTemplate\":\"https:\/\/www.welovecycling.com\/pl\/?s={search_term_string}\"},\"query-input\":{\"@type\":\"PropertyValueSpecification\",\"valueRequired\":true,\"valueName\":\"search_term_string\"}}],\"inLanguage\":\"pl-PL\"},{\"@type\":\"Person\",\"@id\":\"https:\/\/www.welovecycling.com\/pl\/#\/schema\/person\/e5187c9cac8dd619ebc7b41bd73c2fd9\",\"name\":\"WeLoveCycling\",\"image\":{\"@type\":\"ImageObject\",\"inLanguage\":\"pl-PL\",\"@id\":\"https:\/\/www.welovecycling.com\/pl\/#\/schema\/person\/image\/\",\"url\":\"https:\/\/secure.gravatar.com\/avatar\/7e1ee0ecc5e294b19ef32b9f6086e0afbb9da00c3cb0d465ba4695331f4a9187?s=96&d=mm&r=g\",\"contentUrl\":\"https:\/\/secure.gravatar.com\/avatar\/7e1ee0ecc5e294b19ef32b9f6086e0afbb9da00c3cb0d465ba4695331f4a9187?s=96&d=mm&r=g\",\"caption\":\"WeLoveCycling\"},\"url\":\"https:\/\/www.welovecycling.com\/pl\/author\/lukascech\/\"}]}<\/script>\n<!-- \/ Yoast SEO Premium plugin. -->","yoast_head_json":{"title":"Wielcy Froome, Majka i Sagan. Czy to ju\u017c musi by\u0107 koniec TdF?! - \u0160koda We Love Cycling - Poland","robots":{"index":"index","follow":"follow","max-snippet":"max-snippet:-1","max-image-preview":"max-image-preview:large","max-video-preview":"max-video-preview:-1"},"canonical":"https:\/\/www.welovecycling.com\/pl\/2016\/07\/25\/wielcy-froome-majka-i-sagan-czy-to-juz-musi-byc-koniec-tdf\/","og_locale":"pl_PL","og_type":"article","og_title":"Wielcy Froome, Majka i Sagan. Czy to ju\u017c musi by\u0107 koniec TdF?!","og_description":"To by\u0142y tak pi\u0119kne trzy tygodnie, \u017ce ju\u017c dzi\u015b zaczynamy za nimi t\u0119skni\u0107. Tegoroczny Tour de France wygra\u0142 Christopher Froome, [&hellip;]","og_url":"https:\/\/www.welovecycling.com\/pl\/2016\/07\/25\/wielcy-froome-majka-i-sagan-czy-to-juz-musi-byc-koniec-tdf\/","og_site_name":"\u0160koda We Love Cycling - Poland","article_published_time":"2016-07-25T09:06:50+00:00","article_modified_time":"2016-12-05T08:46:40+00:00","og_image":[{"width":1000,"height":666,"url":"https:\/\/d2p6e6u75xmxt8.cloudfront.net\/5\/2016\/07\/20160724236_241840.jpg","type":"image\/jpeg"}],"author":"WeLoveCycling","twitter_card":"summary_large_image","twitter_misc":{"Written by":"WeLoveCycling","Est. reading time":"3 minutes"},"schema":{"@context":"https:\/\/schema.org","@graph":[{"@type":"WebPage","@id":"https:\/\/www.welovecycling.com\/pl\/2016\/07\/25\/wielcy-froome-majka-i-sagan-czy-to-juz-musi-byc-koniec-tdf\/","url":"https:\/\/www.welovecycling.com\/pl\/2016\/07\/25\/wielcy-froome-majka-i-sagan-czy-to-juz-musi-byc-koniec-tdf\/","name":"Wielcy Froome, Majka i Sagan. Czy to ju\u017c musi by\u0107 koniec TdF?! - \u0160koda We Love Cycling - Poland","isPartOf":{"@id":"https:\/\/www.welovecycling.com\/pl\/#website"},"primaryImageOfPage":{"@id":"https:\/\/www.welovecycling.com\/pl\/2016\/07\/25\/wielcy-froome-majka-i-sagan-czy-to-juz-musi-byc-koniec-tdf\/#primaryimage"},"image":{"@id":"https:\/\/www.welovecycling.com\/pl\/2016\/07\/25\/wielcy-froome-majka-i-sagan-czy-to-juz-musi-byc-koniec-tdf\/#primaryimage"},"thumbnailUrl":"https:\/\/d2p6e6u75xmxt8.cloudfront.net\/5\/2016\/07\/20160724236_241840.jpg","datePublished":"2016-07-25T09:06:50+00:00","dateModified":"2016-12-05T08:46:40+00:00","author":{"@id":"https:\/\/www.welovecycling.com\/pl\/#\/schema\/person\/e5187c9cac8dd619ebc7b41bd73c2fd9"},"breadcrumb":{"@id":"https:\/\/www.welovecycling.com\/pl\/2016\/07\/25\/wielcy-froome-majka-i-sagan-czy-to-juz-musi-byc-koniec-tdf\/#breadcrumb"},"inLanguage":"pl-PL","potentialAction":[{"@type":"ReadAction","target":["https:\/\/www.welovecycling.com\/pl\/2016\/07\/25\/wielcy-froome-majka-i-sagan-czy-to-juz-musi-byc-koniec-tdf\/"]}]},{"@type":"ImageObject","inLanguage":"pl-PL","@id":"https:\/\/www.welovecycling.com\/pl\/2016\/07\/25\/wielcy-froome-majka-i-sagan-czy-to-juz-musi-byc-koniec-tdf\/#primaryimage","url":"https:\/\/d2p6e6u75xmxt8.cloudfront.net\/5\/2016\/07\/20160724236_241840.jpg","contentUrl":"https:\/\/d2p6e6u75xmxt8.cloudfront.net\/5\/2016\/07\/20160724236_241840.jpg","width":1000,"height":666,"caption":"Tour de France 2016 - 24\/07\/2016 - Etape 21 - Chantilly \/ Paris Champs-Elys\u00e9es (113 km) - FROOME Christopher (TEAM SKY) - Dans le peloton"},{"@type":"BreadcrumbList","@id":"https:\/\/www.welovecycling.com\/pl\/2016\/07\/25\/wielcy-froome-majka-i-sagan-czy-to-juz-musi-byc-koniec-tdf\/#breadcrumb","itemListElement":[{"@type":"ListItem","position":1,"name":"Home","item":"https:\/\/www.welovecycling.com\/pl\/"},{"@type":"ListItem","position":2,"name":"Wielcy Froome, Majka i Sagan. Czy to ju\u017c musi by\u0107 koniec TdF?!"}]},{"@type":"WebSite","@id":"https:\/\/www.welovecycling.com\/pl\/#website","url":"https:\/\/www.welovecycling.com\/pl\/","name":"\u0160koda We Love Cycling - Poland","description":"","potentialAction":[{"@type":"SearchAction","target":{"@type":"EntryPoint","urlTemplate":"https:\/\/www.welovecycling.com\/pl\/?s={search_term_string}"},"query-input":{"@type":"PropertyValueSpecification","valueRequired":true,"valueName":"search_term_string"}}],"inLanguage":"pl-PL"},{"@type":"Person","@id":"https:\/\/www.welovecycling.com\/pl\/#\/schema\/person\/e5187c9cac8dd619ebc7b41bd73c2fd9","name":"WeLoveCycling","image":{"@type":"ImageObject","inLanguage":"pl-PL","@id":"https:\/\/www.welovecycling.com\/pl\/#\/schema\/person\/image\/","url":"https:\/\/secure.gravatar.com\/avatar\/7e1ee0ecc5e294b19ef32b9f6086e0afbb9da00c3cb0d465ba4695331f4a9187?s=96&d=mm&r=g","contentUrl":"https:\/\/secure.gravatar.com\/avatar\/7e1ee0ecc5e294b19ef32b9f6086e0afbb9da00c3cb0d465ba4695331f4a9187?s=96&d=mm&r=g","caption":"WeLoveCycling"},"url":"https:\/\/www.welovecycling.com\/pl\/author\/lukascech\/"}]}},"_links":{"self":[{"href":"https:\/\/www.welovecycling.com\/pl\/wp-json\/wp\/v2\/posts\/1524","targetHints":{"allow":["GET"]}}],"collection":[{"href":"https:\/\/www.welovecycling.com\/pl\/wp-json\/wp\/v2\/posts"}],"about":[{"href":"https:\/\/www.welovecycling.com\/pl\/wp-json\/wp\/v2\/types\/post"}],"author":[{"embeddable":true,"href":"https:\/\/www.welovecycling.com\/pl\/wp-json\/wp\/v2\/users\/1"}],"replies":[{"embeddable":true,"href":"https:\/\/www.welovecycling.com\/pl\/wp-json\/wp\/v2\/comments?post=1524"}],"version-history":[{"count":1,"href":"https:\/\/www.welovecycling.com\/pl\/wp-json\/wp\/v2\/posts\/1524\/revisions"}],"predecessor-version":[{"id":2410,"href":"https:\/\/www.welovecycling.com\/pl\/wp-json\/wp\/v2\/posts\/1524\/revisions\/2410"}],"wp:featuredmedia":[{"embeddable":true,"href":"https:\/\/www.welovecycling.com\/pl\/wp-json\/wp\/v2\/media\/1525"}],"wp:attachment":[{"href":"https:\/\/www.welovecycling.com\/pl\/wp-json\/wp\/v2\/media?parent=1524"}],"wp:term":[{"taxonomy":"category","embeddable":true,"href":"https:\/\/www.welovecycling.com\/pl\/wp-json\/wp\/v2\/categories?post=1524"},{"taxonomy":"post_tag","embeddable":true,"href":"https:\/\/www.welovecycling.com\/pl\/wp-json\/wp\/v2\/tags?post=1524"},{"taxonomy":"global-categories","embeddable":true,"href":"https:\/\/www.welovecycling.com\/pl\/wp-json\/wp\/v2\/global-categories?post=1524"}],"curies":[{"name":"wp","href":"https:\/\/api.w.org\/{rel}","templated":true}]}}