{"id":1513,"date":"2016-07-24T15:28:16","date_gmt":"2016-07-24T15:28:16","guid":{"rendered":"http:\/\/skoda-rowery.pl\/?p=1513"},"modified":"2016-12-05T08:46:50","modified_gmt":"2016-12-05T08:46:50","slug":"rowerzystka-superbohaterka-petra-hurtova","status":"publish","type":"post","link":"https:\/\/www.welovecycling.com\/pl\/2016\/07\/24\/rowerzystka-superbohaterka-petra-hurtova\/","title":{"rendered":"Rowerzystka superbohaterka: Petra Hurtov\u00e1"},"content":{"rendered":"<p>&nbsp;<\/p>\n<p style=\"text-align: justify\">Trzydziestoletnia Petra Hurtov\u00e1 nie mo\u017ce chodzi\u0107, ale nie powstrzyma\u0142o jej to przed spe\u0142nieniem swoich kolarskich marze\u0144. Prawie codziennie je\u017adzi na specjalnie zaprojektowanym rowerze, kt\u00f3ry pozwala jej peda\u0142owa\u0107 r\u0119kami. Petrze u\u015bmiech nigdy nie schodzi z twarzy \u2013 to kobieta, kt\u00f3ra kocha to, co robi.<\/p>\n<p style=\"text-align: justify\"><!--more--><\/p>\n<p style=\"text-align: justify\">\u201eUrodzi\u0142am si\u0119 z wrodzon\u0105 \u0142amliwo\u015bci\u0105 ko\u015bci, rzadkim schorzeniem znanym r\u00f3wnie\u017c jako choroba kruchych ko\u015bci. Tak naprawd\u0119 kruche ko\u015bci oznaczaj\u0105 r\u00f3wnie\u017c kruche \u017cycie. Gdy by\u0142am m\u0142odsza, ko\u015bci \u0142ama\u0142y mi si\u0119 ca\u0142y czas. Wystarczy\u0142o tylko, \u017ce mocniej w co\u015b uderzy\u0142am\u201d.<\/p>\n<p style=\"text-align: justify\">Do dzi\u015b Petra mia\u0142a ju\u017c ponad 60 z\u0142ama\u0144, a ze wzgl\u0119du na sw\u00f3j stan przesz\u0142a te\u017c ponad 60 powa\u017cnych operacji, aby wr\u00f3ci\u0107 do sprawno\u015bci. Mimo wszystko nie zniech\u0119ci\u0142a si\u0119 do sportowego trybu \u017cycia.<\/p>\n<p style=\"text-align: justify\">\u201eZawsze walcz\u0119. To taki spos\u00f3b na walk\u0119 z moim w\u0142asnym \u017cyciem. S\u0105 dni, gdy ju\u017c naprawd\u0119 nie wiem, co robi\u0107 dalej, ale nigdy nie my\u015bla\u0142am, \u017ceby si\u0119 podda\u0107\u201d.<\/p>\n<p style=\"text-align: justify\">Po urodzeniu zdrowego syna Wiktora, kt\u00f3ry wed\u0142ug lekarzy mia\u0142 nie prze\u017cy\u0107, naturalne zmiany hormonalne w organizmie Petry nieco wzmocni\u0142y jej uk\u0142ad kostny. Petra nie waha\u0142a si\u0119 d\u0142ugo i maksymalnie skorzysta\u0142a z tego faktu.<\/p>\n<p style=\"text-align: justify\">Petra zdecydowa\u0142a, \u017ce chce dotrze\u0107 dalej ni\u017c pozwala jej na to w\u00f3zek, wi\u0119c naturalnie wybra\u0142a rower r\u0119czny. Dopiero po dw\u00f3ch latach zdoby\u0142a w\u0142asny model, ale by\u0142a to chyba jedna z jej najlepszych decyzji.<\/p>\n<p style=\"text-align: justify\">\u201eRower r\u0119czny oznacza wolno\u015b\u0107. To takie proste.\u201d &#8211; m\u00f3wi.<\/p>\n<p style=\"text-align: justify\"><img loading=\"lazy\" decoding=\"async\" class=\"alignnone size-large wp-image-1515\" src=\"http:\/\/skoda-rowery.pl\/wp-content\/uploads\/2016\/07\/AG9C6338_1-1024x683.jpg\" alt=\"AG9C6338_1\" width=\"1024\" height=\"683\" srcset=\"https:\/\/d2p6e6u75xmxt8.cloudfront.net\/5\/2016\/07\/AG9C6338_1-1024x683.jpg 1024w, https:\/\/d2p6e6u75xmxt8.cloudfront.net\/5\/2016\/07\/AG9C6338_1-300x200.jpg 300w, https:\/\/d2p6e6u75xmxt8.cloudfront.net\/5\/2016\/07\/AG9C6338_1-768x512.jpg 768w, https:\/\/d2p6e6u75xmxt8.cloudfront.net\/5\/2016\/07\/AG9C6338_1-272x182.jpg 272w\" sizes=\"auto, (max-width: 1024px) 100vw, 1024px\" \/><\/p>\n<p style=\"text-align: justify\">Petra doskonale odnalaz\u0142a si\u0119 w spo\u0142eczno\u015bci u\u017cytkownik\u00f3w rower\u00f3w r\u0119cznych i szybko znalaz\u0142a si\u0119 na starcie swojego pierwszego wy\u015bcigu kolarskiego. Dotychczas trzykrotnie zdoby\u0142a Puchar Czech i r\u00f3wnie\u017c trzykrotnie zosta\u0142a mistrzem kraju.<\/p>\n<p style=\"text-align: justify\">\u201eTrzeba powiedzie\u0107, \u017ce gdy jaka\u015b osoba ma niepe\u0142nosprawno\u015b\u0107, nie jest chora. Ma po prostu niepe\u0142nosprawno\u015b\u0107 i od niej zale\u017cy, w jaki spos\u00f3b sobie z tym poradzi\u201d.<\/p>\n<p style=\"text-align: justify\">Petra je\u017adzi na rowerze r\u0119cznym oko\u0142o 120 kilometr\u00f3w tygodniowo. Opr\u00f3cz tego p\u0142ywa i \u0107wiczy na si\u0142owni. Zdoby\u0142a nawet szczyt Dachstein, co oznacza\u0142o wspinaczk\u0119 na ponad 2 tys. metr\u00f3w w Alpach Austriackich.<\/p>\n<p style=\"text-align: justify\">Mo\u017ce zobaczymy j\u0105 kiedy\u015b na igrzyskach paraolimpijskich? By\u0142by to idealny punkt kulminacyjny jej inspiruj\u0105cej podr\u00f3\u017cy. A Ty, znasz jak\u0105\u015b inspiruj\u0105c\u0105 histori\u0119?<\/p>\n<p style=\"text-align: justify\"><img loading=\"lazy\" decoding=\"async\" class=\"alignnone size-large wp-image-1516\" src=\"http:\/\/skoda-rowery.pl\/wp-content\/uploads\/2016\/07\/AG9C6335_1-1024x683.jpg\" alt=\"AG9C6335_1\" width=\"1024\" height=\"683\" srcset=\"https:\/\/d2p6e6u75xmxt8.cloudfront.net\/5\/2016\/07\/AG9C6335_1-1024x683.jpg 1024w, https:\/\/d2p6e6u75xmxt8.cloudfront.net\/5\/2016\/07\/AG9C6335_1-300x200.jpg 300w, https:\/\/d2p6e6u75xmxt8.cloudfront.net\/5\/2016\/07\/AG9C6335_1-768x512.jpg 768w, https:\/\/d2p6e6u75xmxt8.cloudfront.net\/5\/2016\/07\/AG9C6335_1-272x182.jpg 272w\" sizes=\"auto, (max-width: 1024px) 100vw, 1024px\" \/><\/p>\n<p style=\"text-align: justify\"><strong>\u00a0<\/strong><\/p>\n<p style=\"text-align: justify\">\u0141\u0105czy nas kolarska pasja. \u0160koda nap\u0119dza rowery.<\/p>\n","protected":false},"excerpt":{"rendered":"<p>&nbsp; Trzydziestoletnia Petra Hurtov\u00e1 nie mo\u017ce chodzi\u0107, ale nie powstrzyma\u0142o jej to przed spe\u0142nieniem swoich kolarskich marze\u0144. Prawie codziennie je\u017adzi [&hellip;]<\/p>\n","protected":false},"author":1,"featured_media":1514,"comment_status":"open","ping_status":"closed","sticky":false,"template":"","format":"standard","meta":{"footnotes":""},"categories":[1],"tags":[77],"global-categories":[],"class_list":["post-1513","post","type-post","status-publish","format-standard","has-post-thumbnail","hentry","category-uncategorized","tag-tour-de-france"],"yoast_head":"<!-- This site is optimized with the Yoast SEO Premium plugin v25.3 (Yoast SEO v25.9) - https:\/\/yoast.com\/wordpress\/plugins\/seo\/ -->\n<title>Rowerzystka superbohaterka: Petra Hurtov\u00e1 - \u0160koda We Love Cycling - Poland<\/title>\n<meta name=\"robots\" content=\"index, follow, max-snippet:-1, max-image-preview:large, max-video-preview:-1\" \/>\n<link rel=\"canonical\" href=\"https:\/\/www.welovecycling.com\/pl\/2016\/07\/24\/rowerzystka-superbohaterka-petra-hurtova\/\" \/>\n<meta property=\"og:locale\" content=\"pl_PL\" \/>\n<meta property=\"og:type\" content=\"article\" \/>\n<meta property=\"og:title\" content=\"Rowerzystka superbohaterka: Petra Hurtov\u00e1\" \/>\n<meta property=\"og:description\" content=\"&nbsp; Trzydziestoletnia Petra Hurtov\u00e1 nie mo\u017ce chodzi\u0107, ale nie powstrzyma\u0142o jej to przed spe\u0142nieniem swoich kolarskich marze\u0144. Prawie codziennie je\u017adzi [&hellip;]\" \/>\n<meta property=\"og:url\" content=\"https:\/\/www.welovecycling.com\/pl\/2016\/07\/24\/rowerzystka-superbohaterka-petra-hurtova\/\" \/>\n<meta property=\"og:site_name\" content=\"\u0160koda We Love Cycling - Poland\" \/>\n<meta property=\"article:published_time\" content=\"2016-07-24T15:28:16+00:00\" \/>\n<meta property=\"article:modified_time\" content=\"2016-12-05T08:46:50+00:00\" \/>\n<meta property=\"og:image\" content=\"https:\/\/d2p6e6u75xmxt8.cloudfront.net\/5\/2016\/07\/4949448_48984447.jpg\" \/>\n\t<meta property=\"og:image:width\" content=\"1375\" \/>\n\t<meta property=\"og:image:height\" content=\"600\" \/>\n\t<meta property=\"og:image:type\" content=\"image\/jpeg\" \/>\n<meta name=\"author\" content=\"WeLoveCycling\" \/>\n<meta name=\"twitter:card\" content=\"summary_large_image\" \/>\n<meta name=\"twitter:label1\" content=\"Written by\" \/>\n\t<meta name=\"twitter:data1\" content=\"WeLoveCycling\" \/>\n\t<meta name=\"twitter:label2\" content=\"Est. reading time\" \/>\n\t<meta name=\"twitter:data2\" content=\"2 minutes\" \/>\n<script type=\"application\/ld+json\" class=\"yoast-schema-graph\">{\"@context\":\"https:\/\/schema.org\",\"@graph\":[{\"@type\":\"WebPage\",\"@id\":\"https:\/\/www.welovecycling.com\/pl\/2016\/07\/24\/rowerzystka-superbohaterka-petra-hurtova\/\",\"url\":\"https:\/\/www.welovecycling.com\/pl\/2016\/07\/24\/rowerzystka-superbohaterka-petra-hurtova\/\",\"name\":\"Rowerzystka superbohaterka: Petra Hurtov\u00e1 - \u0160koda We Love Cycling - Poland\",\"isPartOf\":{\"@id\":\"https:\/\/www.welovecycling.com\/pl\/#website\"},\"primaryImageOfPage\":{\"@id\":\"https:\/\/www.welovecycling.com\/pl\/2016\/07\/24\/rowerzystka-superbohaterka-petra-hurtova\/#primaryimage\"},\"image\":{\"@id\":\"https:\/\/www.welovecycling.com\/pl\/2016\/07\/24\/rowerzystka-superbohaterka-petra-hurtova\/#primaryimage\"},\"thumbnailUrl\":\"https:\/\/d2p6e6u75xmxt8.cloudfront.net\/5\/2016\/07\/4949448_48984447.jpg\",\"datePublished\":\"2016-07-24T15:28:16+00:00\",\"dateModified\":\"2016-12-05T08:46:50+00:00\",\"author\":{\"@id\":\"https:\/\/www.welovecycling.com\/pl\/#\/schema\/person\/e5187c9cac8dd619ebc7b41bd73c2fd9\"},\"breadcrumb\":{\"@id\":\"https:\/\/www.welovecycling.com\/pl\/2016\/07\/24\/rowerzystka-superbohaterka-petra-hurtova\/#breadcrumb\"},\"inLanguage\":\"pl-PL\",\"potentialAction\":[{\"@type\":\"ReadAction\",\"target\":[\"https:\/\/www.welovecycling.com\/pl\/2016\/07\/24\/rowerzystka-superbohaterka-petra-hurtova\/\"]}]},{\"@type\":\"ImageObject\",\"inLanguage\":\"pl-PL\",\"@id\":\"https:\/\/www.welovecycling.com\/pl\/2016\/07\/24\/rowerzystka-superbohaterka-petra-hurtova\/#primaryimage\",\"url\":\"https:\/\/d2p6e6u75xmxt8.cloudfront.net\/5\/2016\/07\/4949448_48984447.jpg\",\"contentUrl\":\"https:\/\/d2p6e6u75xmxt8.cloudfront.net\/5\/2016\/07\/4949448_48984447.jpg\",\"width\":1375,\"height\":600},{\"@type\":\"BreadcrumbList\",\"@id\":\"https:\/\/www.welovecycling.com\/pl\/2016\/07\/24\/rowerzystka-superbohaterka-petra-hurtova\/#breadcrumb\",\"itemListElement\":[{\"@type\":\"ListItem\",\"position\":1,\"name\":\"Home\",\"item\":\"https:\/\/www.welovecycling.com\/pl\/\"},{\"@type\":\"ListItem\",\"position\":2,\"name\":\"Rowerzystka superbohaterka: Petra Hurtov\u00e1\"}]},{\"@type\":\"WebSite\",\"@id\":\"https:\/\/www.welovecycling.com\/pl\/#website\",\"url\":\"https:\/\/www.welovecycling.com\/pl\/\",\"name\":\"\u0160koda We Love Cycling - Poland\",\"description\":\"\",\"potentialAction\":[{\"@type\":\"SearchAction\",\"target\":{\"@type\":\"EntryPoint\",\"urlTemplate\":\"https:\/\/www.welovecycling.com\/pl\/?s={search_term_string}\"},\"query-input\":{\"@type\":\"PropertyValueSpecification\",\"valueRequired\":true,\"valueName\":\"search_term_string\"}}],\"inLanguage\":\"pl-PL\"},{\"@type\":\"Person\",\"@id\":\"https:\/\/www.welovecycling.com\/pl\/#\/schema\/person\/e5187c9cac8dd619ebc7b41bd73c2fd9\",\"name\":\"WeLoveCycling\",\"image\":{\"@type\":\"ImageObject\",\"inLanguage\":\"pl-PL\",\"@id\":\"https:\/\/www.welovecycling.com\/pl\/#\/schema\/person\/image\/\",\"url\":\"https:\/\/secure.gravatar.com\/avatar\/7e1ee0ecc5e294b19ef32b9f6086e0afbb9da00c3cb0d465ba4695331f4a9187?s=96&d=mm&r=g\",\"contentUrl\":\"https:\/\/secure.gravatar.com\/avatar\/7e1ee0ecc5e294b19ef32b9f6086e0afbb9da00c3cb0d465ba4695331f4a9187?s=96&d=mm&r=g\",\"caption\":\"WeLoveCycling\"},\"url\":\"https:\/\/www.welovecycling.com\/pl\/author\/lukascech\/\"}]}<\/script>\n<!-- \/ Yoast SEO Premium plugin. -->","yoast_head_json":{"title":"Rowerzystka superbohaterka: Petra Hurtov\u00e1 - \u0160koda We Love Cycling - Poland","robots":{"index":"index","follow":"follow","max-snippet":"max-snippet:-1","max-image-preview":"max-image-preview:large","max-video-preview":"max-video-preview:-1"},"canonical":"https:\/\/www.welovecycling.com\/pl\/2016\/07\/24\/rowerzystka-superbohaterka-petra-hurtova\/","og_locale":"pl_PL","og_type":"article","og_title":"Rowerzystka superbohaterka: Petra Hurtov\u00e1","og_description":"&nbsp; Trzydziestoletnia Petra Hurtov\u00e1 nie mo\u017ce chodzi\u0107, ale nie powstrzyma\u0142o jej to przed spe\u0142nieniem swoich kolarskich marze\u0144. Prawie codziennie je\u017adzi [&hellip;]","og_url":"https:\/\/www.welovecycling.com\/pl\/2016\/07\/24\/rowerzystka-superbohaterka-petra-hurtova\/","og_site_name":"\u0160koda We Love Cycling - Poland","article_published_time":"2016-07-24T15:28:16+00:00","article_modified_time":"2016-12-05T08:46:50+00:00","og_image":[{"width":1375,"height":600,"url":"https:\/\/d2p6e6u75xmxt8.cloudfront.net\/5\/2016\/07\/4949448_48984447.jpg","type":"image\/jpeg"}],"author":"WeLoveCycling","twitter_card":"summary_large_image","twitter_misc":{"Written by":"WeLoveCycling","Est. reading time":"2 minutes"},"schema":{"@context":"https:\/\/schema.org","@graph":[{"@type":"WebPage","@id":"https:\/\/www.welovecycling.com\/pl\/2016\/07\/24\/rowerzystka-superbohaterka-petra-hurtova\/","url":"https:\/\/www.welovecycling.com\/pl\/2016\/07\/24\/rowerzystka-superbohaterka-petra-hurtova\/","name":"Rowerzystka superbohaterka: Petra Hurtov\u00e1 - \u0160koda We Love Cycling - Poland","isPartOf":{"@id":"https:\/\/www.welovecycling.com\/pl\/#website"},"primaryImageOfPage":{"@id":"https:\/\/www.welovecycling.com\/pl\/2016\/07\/24\/rowerzystka-superbohaterka-petra-hurtova\/#primaryimage"},"image":{"@id":"https:\/\/www.welovecycling.com\/pl\/2016\/07\/24\/rowerzystka-superbohaterka-petra-hurtova\/#primaryimage"},"thumbnailUrl":"https:\/\/d2p6e6u75xmxt8.cloudfront.net\/5\/2016\/07\/4949448_48984447.jpg","datePublished":"2016-07-24T15:28:16+00:00","dateModified":"2016-12-05T08:46:50+00:00","author":{"@id":"https:\/\/www.welovecycling.com\/pl\/#\/schema\/person\/e5187c9cac8dd619ebc7b41bd73c2fd9"},"breadcrumb":{"@id":"https:\/\/www.welovecycling.com\/pl\/2016\/07\/24\/rowerzystka-superbohaterka-petra-hurtova\/#breadcrumb"},"inLanguage":"pl-PL","potentialAction":[{"@type":"ReadAction","target":["https:\/\/www.welovecycling.com\/pl\/2016\/07\/24\/rowerzystka-superbohaterka-petra-hurtova\/"]}]},{"@type":"ImageObject","inLanguage":"pl-PL","@id":"https:\/\/www.welovecycling.com\/pl\/2016\/07\/24\/rowerzystka-superbohaterka-petra-hurtova\/#primaryimage","url":"https:\/\/d2p6e6u75xmxt8.cloudfront.net\/5\/2016\/07\/4949448_48984447.jpg","contentUrl":"https:\/\/d2p6e6u75xmxt8.cloudfront.net\/5\/2016\/07\/4949448_48984447.jpg","width":1375,"height":600},{"@type":"BreadcrumbList","@id":"https:\/\/www.welovecycling.com\/pl\/2016\/07\/24\/rowerzystka-superbohaterka-petra-hurtova\/#breadcrumb","itemListElement":[{"@type":"ListItem","position":1,"name":"Home","item":"https:\/\/www.welovecycling.com\/pl\/"},{"@type":"ListItem","position":2,"name":"Rowerzystka superbohaterka: Petra Hurtov\u00e1"}]},{"@type":"WebSite","@id":"https:\/\/www.welovecycling.com\/pl\/#website","url":"https:\/\/www.welovecycling.com\/pl\/","name":"\u0160koda We Love Cycling - Poland","description":"","potentialAction":[{"@type":"SearchAction","target":{"@type":"EntryPoint","urlTemplate":"https:\/\/www.welovecycling.com\/pl\/?s={search_term_string}"},"query-input":{"@type":"PropertyValueSpecification","valueRequired":true,"valueName":"search_term_string"}}],"inLanguage":"pl-PL"},{"@type":"Person","@id":"https:\/\/www.welovecycling.com\/pl\/#\/schema\/person\/e5187c9cac8dd619ebc7b41bd73c2fd9","name":"WeLoveCycling","image":{"@type":"ImageObject","inLanguage":"pl-PL","@id":"https:\/\/www.welovecycling.com\/pl\/#\/schema\/person\/image\/","url":"https:\/\/secure.gravatar.com\/avatar\/7e1ee0ecc5e294b19ef32b9f6086e0afbb9da00c3cb0d465ba4695331f4a9187?s=96&d=mm&r=g","contentUrl":"https:\/\/secure.gravatar.com\/avatar\/7e1ee0ecc5e294b19ef32b9f6086e0afbb9da00c3cb0d465ba4695331f4a9187?s=96&d=mm&r=g","caption":"WeLoveCycling"},"url":"https:\/\/www.welovecycling.com\/pl\/author\/lukascech\/"}]}},"_links":{"self":[{"href":"https:\/\/www.welovecycling.com\/pl\/wp-json\/wp\/v2\/posts\/1513","targetHints":{"allow":["GET"]}}],"collection":[{"href":"https:\/\/www.welovecycling.com\/pl\/wp-json\/wp\/v2\/posts"}],"about":[{"href":"https:\/\/www.welovecycling.com\/pl\/wp-json\/wp\/v2\/types\/post"}],"author":[{"embeddable":true,"href":"https:\/\/www.welovecycling.com\/pl\/wp-json\/wp\/v2\/users\/1"}],"replies":[{"embeddable":true,"href":"https:\/\/www.welovecycling.com\/pl\/wp-json\/wp\/v2\/comments?post=1513"}],"version-history":[{"count":1,"href":"https:\/\/www.welovecycling.com\/pl\/wp-json\/wp\/v2\/posts\/1513\/revisions"}],"predecessor-version":[{"id":2412,"href":"https:\/\/www.welovecycling.com\/pl\/wp-json\/wp\/v2\/posts\/1513\/revisions\/2412"}],"wp:featuredmedia":[{"embeddable":true,"href":"https:\/\/www.welovecycling.com\/pl\/wp-json\/wp\/v2\/media\/1514"}],"wp:attachment":[{"href":"https:\/\/www.welovecycling.com\/pl\/wp-json\/wp\/v2\/media?parent=1513"}],"wp:term":[{"taxonomy":"category","embeddable":true,"href":"https:\/\/www.welovecycling.com\/pl\/wp-json\/wp\/v2\/categories?post=1513"},{"taxonomy":"post_tag","embeddable":true,"href":"https:\/\/www.welovecycling.com\/pl\/wp-json\/wp\/v2\/tags?post=1513"},{"taxonomy":"global-categories","embeddable":true,"href":"https:\/\/www.welovecycling.com\/pl\/wp-json\/wp\/v2\/global-categories?post=1513"}],"curies":[{"name":"wp","href":"https:\/\/api.w.org\/{rel}","templated":true}]}}