{"id":1496,"date":"2016-07-22T20:47:49","date_gmt":"2016-07-22T20:47:49","guid":{"rendered":"http:\/\/skoda-rowery.pl\/?p=1496"},"modified":"2016-12-05T08:46:59","modified_gmt":"2016-12-05T08:46:59","slug":"piekielnie-mocny-kolarz-jakby-przykleil-koszulka-lidera-tour-de-france","status":"publish","type":"post","link":"https:\/\/www.welovecycling.com\/pl\/2016\/07\/22\/piekielnie-mocny-kolarz-jakby-przykleil-koszulka-lidera-tour-de-france\/","title":{"rendered":"Piekielnie mocny kolarz! Jakby przyklei\u0142 koszulk\u0105 lidera Tour de France"},"content":{"rendered":"<p style=\"text-align: justify\">Tour de France nikomu przedwcze\u015bnie nie pozwala nazwa\u0107 si\u0119 zwyci\u0119zc\u0105 , ale Christopher Froome ju\u017c mo\u017ce prasowa\u0107 \u017c\u00f3\u0142t\u0105 koszulk\u0119 na niedzieln\u0105 dekoracj\u0119. Brytyjczyk zn\u00f3w udowodni\u0142, \u017ce w tym roku jest najmocniejszy, ale \u015bwietnie jedzie te\u017c Polak Rafa\u0142 Majka.<!--more--><\/p>\n<p style=\"text-align: justify\">Wyobra\u017acie sobie, \u017ce jeste\u015bcie Holendrem Tomem Dumoulinem. Wszyscy uwa\u017caj\u0105 was za faworyta czwartkowego, 18.etapu Tour de France (tzw. czas\u00f3wki), a wy nie zawodzicie. Jedziecie pewnie, szybko, bez presji. Wpadacie na met\u0119 ze \u015bwietnym czasem, a wok\u00f3\u0142 s\u0142ycha\u0107 g\u0142osy, \u017ce to wynik raczej nie do pobicia. Ba, by\u0107 mo\u017ce komu\u015b wyrywaj\u0105 si\u0119 nawet przedwczesne gratulacje.<\/p>\n<p style=\"text-align: justify\"><strong>Odarcie ze z\u0142udze\u0144<\/strong><\/p>\n<p style=\"text-align: justify\">Na starcie staj\u0105 kolejni kolarze, a Wy przygl\u0105dacie si\u0119 z boku. Na og\u00f3\u0142 do\u015b\u0107 pewni siebie, bo ju\u017c po pi\u0119ciu kilometrach wida\u0107, \u017ce \u017caden z rywali nie jest w stanie si\u0119 nawet do Was zbli\u017cy\u0107. Przeje\u017cd\u017caj\u0105 niemal wszyscy i wszyscy zdecydowanie wolniej.<\/p>\n<p style=\"text-align: justify\">Wtedy na starcie staje on \u2013 Christopher Froome. Wiadomo \u2013 \u017c\u00f3\u0142ta koszulka, \u015bwiatowa klasa, ale wynik wykr\u0119cili\u015bcie niemal optymalny. Brytyjczyk si\u0119 jednak rozp\u0119dza, jedzie coraz szybciej, a\u017c w ko\u0144cu odziera ze z\u0142udze\u0144 \u2013 na mecie melduje si\u0119 z 21-sekundow\u0105 przewag\u0105!<\/p>\n<p style=\"text-align: justify\">Nie macie wyj\u015bcia, musicie powiedzie\u0107 to, co Dumoulin. \u201eFroome pokaza\u0142, \u017ce jest po prostu najlepszy. D\u0142ugo by\u0142em liderem, ale spodziewa\u0142em si\u0119, \u017ce b\u0119dzie ci\u0119\u017cko wygra\u0107. W niekt\u00f3rych momentach mog\u0142em pojecha\u0107 lepiej, ale na pewno nie zyska\u0142bym tych 21 sekund. Wygra\u0142 najsilniejszy!\u201d &#8211; przyzna\u0142 Holender.<\/p>\n<p style=\"text-align: justify\"><strong>Tajniki kuchni<\/strong><\/p>\n<figure id=\"attachment_1499\" aria-describedby=\"caption-attachment-1499\" style=\"width: 1000px\" class=\"wp-caption alignnone\"><img loading=\"lazy\" decoding=\"async\" class=\"size-full wp-image-1499\" src=\"http:\/\/skoda-rowery.pl\/wp-content\/uploads\/2016\/07\/20160721308_211745-1.jpg\" alt=\"Tour de France 2016 - 21\/07\/2016 - Etape 18 - Sallanches \/ Meg\u00e8ve (17 km CLM) - Christopher FROOME (TEAM SKY) conserve toujours le maillot Jaune\" width=\"1000\" height=\"666\" srcset=\"https:\/\/d2p6e6u75xmxt8.cloudfront.net\/5\/2016\/07\/20160721308_211745-1.jpg 1000w, https:\/\/d2p6e6u75xmxt8.cloudfront.net\/5\/2016\/07\/20160721308_211745-1-300x200.jpg 300w, https:\/\/d2p6e6u75xmxt8.cloudfront.net\/5\/2016\/07\/20160721308_211745-1-768x511.jpg 768w, https:\/\/d2p6e6u75xmxt8.cloudfront.net\/5\/2016\/07\/20160721308_211745-1-272x182.jpg 272w\" sizes=\"auto, (max-width: 1000px) 100vw, 1000px\" \/><figcaption id=\"caption-attachment-1499\" class=\"wp-caption-text\">Tour de France 2016 &#8211; 21\/07\/2016 &#8211; Etape 18 &#8211; Sallanches \/ Meg\u00e8ve (17 km CLM) &#8211; Christopher FROOME (TEAM SKY) conserve toujours le maillot Jaune<\/figcaption><\/figure>\n<p style=\"text-align: justify\">Froome na tegorocznym Tour de France jedzie jak po swoje. Wygra\u0142 dwa etapy i dumnie paraduje w \u017c\u00f3\u0142tej koszulce, jakby by\u0142a do niego przyklejona i to klejem do wi\u0105zania betonu. Przed 18. etapem wszystko spokojnie obserwowa\u0142 z boku, rozgrzewaj\u0105c si\u0119 na specjalnie przygotowanym rowerze.<\/p>\n<p style=\"text-align: justify\">I to w\u0142a\u015bnie sprz\u0119t by\u0142 dla Brytyjczyka kluczowy. \u201eOdpowiednie wyposa\u017cenie okaza\u0142o si\u0119 bardzo wa\u017cne. Mia\u0142em pojecha\u0107 na rowerze szosowym, ale moja ekipa przeanalizowa\u0142a tras\u0119 i zdecydowali\u015bmy si\u0119 na tzw. rower czasowy\u201d \u2013 zdradza\u0142 tajniki kuchni Froome.<\/p>\n<p style=\"text-align: justify\">Dzi\u0119ki tej wygranej Brytyjczyk umocni\u0142 si\u0119 na czele klasyfikacji generalnej. Obecnie ma 3 minuty i 52 sekundy przewagi nad Bauke Mollem\u0105 oraz 4 minuty i 16 sekund nad Adamem Yatesem. Do ko\u0144ca zosta\u0142y dwa g\u00f3rskie etapy. W pi\u0105tek wy\u015bcig Albertville\/Saint Gervais Mont Blanc (146 km), a w sobot\u0119 Megeve\/Morzine-Avoriaz. Uroczyste zako\u0144czenie w niedziel\u0119 w Pary\u017cu i na t\u0119 okazj\u0119 w ekipie Froome&#8217;a ju\u017c mro\u017c\u0105 szampany.<\/p>\n<p style=\"text-align: justify\">\u201eMam du\u017c\u0105 przewag\u0119, ale przed nami jeszcze dwa ci\u0119\u017ckie dni. Przede wszystkim b\u0119d\u0119 chcia\u0142 unika\u0107 k\u0142opot\u00f3w, a nie wygrywa\u0107 etapy\u201d &#8211; zaznacza Froome.<\/p>\n<p style=\"text-align: justify\"><strong>Apetyt Polaka<\/strong><\/p>\n<p style=\"text-align: justify\">Zupe\u0142nie inny plan ma Rafa\u0142 Majka. We Francji Polak daje si\u0119 pozna\u0107 jako dobry strateg, bo nie rzuca si\u0119 na zwyci\u0119stwa etapowe, tylko powoli d\u0105\u017cy do celu. W czwartek by\u0142o dopiero 82., ale taki wynik by\u0142 wkalkulowany w taktyk\u0119.<\/p>\n<p style=\"text-align: justify\">&#8211; Spokojnie, nic si\u0119 nie dzieje. Rafa\u0142 po prostu odpu\u015bci\u0142 ten etap &#8211; uspokajali komentatorzy Eurosportu i mieli racj\u0119.<\/p>\n<p style=\"text-align: justify\">Majka nie zamierza\u0142 forsowa\u0107 tempa, bo chce by\u0107 gotowy na pi\u0105tkowy i sobotni wy\u015bcig, w kt\u00f3rym mo\u017ce przypiecz\u0119towa\u0107 wygranie presti\u017cowej klasyfikacji g\u00f3rskiej. Na razie jest jej zdecydowanym liderem.<\/p>\n<p style=\"text-align: justify\">&#8211; Mam sporo punkt\u00f3w przewagi, ale przed nami jeszcze dwa trudne etapy. Spr\u00f3buj\u0119 kt\u00f3ry\u015b z nich wygra\u0107, ale najwa\u017cniejsza jest dla mnie koszulka w grochy [dla najlepszego g\u00f3rala] &#8211; m\u00f3wi Majka stronie Tour de France.<\/p>\n<p style=\"text-align: justify\">Jest wi\u0119c niemal pewne, \u017ce w najbli\u017cszych dniach zn\u00f3w us\u0142yszymy s\u0142ynne &#8222;pchamy, pchamy&#8221; wykrzykiwane przed komentator\u00f3w Eurosportu w stron\u0119 Majki. Do\u0142\u0105czy do nich te\u017c ca\u0142a kolarska Polska, kt\u00f3ra trzyma kciuki za Rafa\u0142a!<\/p>\n<p style=\"text-align: justify\">\n","protected":false},"excerpt":{"rendered":"<p>Tour de France nikomu przedwcze\u015bnie nie pozwala nazwa\u0107 si\u0119 zwyci\u0119zc\u0105 , ale Christopher Froome ju\u017c mo\u017ce prasowa\u0107 \u017c\u00f3\u0142t\u0105 koszulk\u0119 na [&hellip;]<\/p>\n","protected":false},"author":1,"featured_media":1497,"comment_status":"open","ping_status":"closed","sticky":false,"template":"","format":"standard","meta":{"footnotes":""},"categories":[1],"tags":[77],"global-categories":[],"class_list":["post-1496","post","type-post","status-publish","format-standard","has-post-thumbnail","hentry","category-uncategorized","tag-tour-de-france"],"yoast_head":"<!-- This site is optimized with the Yoast SEO Premium plugin v25.3 (Yoast SEO v25.9) - https:\/\/yoast.com\/wordpress\/plugins\/seo\/ -->\n<title>Piekielnie mocny kolarz! Jakby przyklei\u0142 koszulk\u0105 lidera Tour de France - \u0160koda We Love Cycling - Poland<\/title>\n<meta name=\"robots\" content=\"index, follow, max-snippet:-1, max-image-preview:large, max-video-preview:-1\" \/>\n<link rel=\"canonical\" href=\"https:\/\/www.welovecycling.com\/pl\/2016\/07\/22\/piekielnie-mocny-kolarz-jakby-przykleil-koszulka-lidera-tour-de-france\/\" \/>\n<meta property=\"og:locale\" content=\"pl_PL\" \/>\n<meta property=\"og:type\" content=\"article\" \/>\n<meta property=\"og:title\" content=\"Piekielnie mocny kolarz! Jakby przyklei\u0142 koszulk\u0105 lidera Tour de France\" \/>\n<meta property=\"og:description\" content=\"Tour de France nikomu przedwcze\u015bnie nie pozwala nazwa\u0107 si\u0119 zwyci\u0119zc\u0105 , ale Christopher Froome ju\u017c mo\u017ce prasowa\u0107 \u017c\u00f3\u0142t\u0105 koszulk\u0119 na [&hellip;]\" \/>\n<meta property=\"og:url\" content=\"https:\/\/www.welovecycling.com\/pl\/2016\/07\/22\/piekielnie-mocny-kolarz-jakby-przykleil-koszulka-lidera-tour-de-france\/\" \/>\n<meta property=\"og:site_name\" content=\"\u0160koda We Love Cycling - Poland\" \/>\n<meta property=\"article:published_time\" content=\"2016-07-22T20:47:49+00:00\" \/>\n<meta property=\"article:modified_time\" content=\"2016-12-05T08:46:59+00:00\" \/>\n<meta property=\"og:image\" content=\"https:\/\/d2p6e6u75xmxt8.cloudfront.net\/5\/2016\/07\/20160721206_211259.jpg\" \/>\n\t<meta property=\"og:image:width\" content=\"1000\" \/>\n\t<meta property=\"og:image:height\" content=\"666\" \/>\n\t<meta property=\"og:image:type\" content=\"image\/jpeg\" \/>\n<meta name=\"author\" content=\"WeLoveCycling\" \/>\n<meta name=\"twitter:card\" content=\"summary_large_image\" \/>\n<meta name=\"twitter:label1\" content=\"Written by\" \/>\n\t<meta name=\"twitter:data1\" content=\"WeLoveCycling\" \/>\n\t<meta name=\"twitter:label2\" content=\"Est. reading time\" \/>\n\t<meta name=\"twitter:data2\" content=\"3 minutes\" \/>\n<script type=\"application\/ld+json\" class=\"yoast-schema-graph\">{\"@context\":\"https:\/\/schema.org\",\"@graph\":[{\"@type\":\"WebPage\",\"@id\":\"https:\/\/www.welovecycling.com\/pl\/2016\/07\/22\/piekielnie-mocny-kolarz-jakby-przykleil-koszulka-lidera-tour-de-france\/\",\"url\":\"https:\/\/www.welovecycling.com\/pl\/2016\/07\/22\/piekielnie-mocny-kolarz-jakby-przykleil-koszulka-lidera-tour-de-france\/\",\"name\":\"Piekielnie mocny kolarz! Jakby przyklei\u0142 koszulk\u0105 lidera Tour de France - \u0160koda We Love Cycling - Poland\",\"isPartOf\":{\"@id\":\"https:\/\/www.welovecycling.com\/pl\/#website\"},\"primaryImageOfPage\":{\"@id\":\"https:\/\/www.welovecycling.com\/pl\/2016\/07\/22\/piekielnie-mocny-kolarz-jakby-przykleil-koszulka-lidera-tour-de-france\/#primaryimage\"},\"image\":{\"@id\":\"https:\/\/www.welovecycling.com\/pl\/2016\/07\/22\/piekielnie-mocny-kolarz-jakby-przykleil-koszulka-lidera-tour-de-france\/#primaryimage\"},\"thumbnailUrl\":\"https:\/\/d2p6e6u75xmxt8.cloudfront.net\/5\/2016\/07\/20160721206_211259.jpg\",\"datePublished\":\"2016-07-22T20:47:49+00:00\",\"dateModified\":\"2016-12-05T08:46:59+00:00\",\"author\":{\"@id\":\"https:\/\/www.welovecycling.com\/pl\/#\/schema\/person\/e5187c9cac8dd619ebc7b41bd73c2fd9\"},\"breadcrumb\":{\"@id\":\"https:\/\/www.welovecycling.com\/pl\/2016\/07\/22\/piekielnie-mocny-kolarz-jakby-przykleil-koszulka-lidera-tour-de-france\/#breadcrumb\"},\"inLanguage\":\"pl-PL\",\"potentialAction\":[{\"@type\":\"ReadAction\",\"target\":[\"https:\/\/www.welovecycling.com\/pl\/2016\/07\/22\/piekielnie-mocny-kolarz-jakby-przykleil-koszulka-lidera-tour-de-france\/\"]}]},{\"@type\":\"ImageObject\",\"inLanguage\":\"pl-PL\",\"@id\":\"https:\/\/www.welovecycling.com\/pl\/2016\/07\/22\/piekielnie-mocny-kolarz-jakby-przykleil-koszulka-lidera-tour-de-france\/#primaryimage\",\"url\":\"https:\/\/d2p6e6u75xmxt8.cloudfront.net\/5\/2016\/07\/20160721206_211259.jpg\",\"contentUrl\":\"https:\/\/d2p6e6u75xmxt8.cloudfront.net\/5\/2016\/07\/20160721206_211259.jpg\",\"width\":1000,\"height\":666},{\"@type\":\"BreadcrumbList\",\"@id\":\"https:\/\/www.welovecycling.com\/pl\/2016\/07\/22\/piekielnie-mocny-kolarz-jakby-przykleil-koszulka-lidera-tour-de-france\/#breadcrumb\",\"itemListElement\":[{\"@type\":\"ListItem\",\"position\":1,\"name\":\"Home\",\"item\":\"https:\/\/www.welovecycling.com\/pl\/\"},{\"@type\":\"ListItem\",\"position\":2,\"name\":\"Piekielnie mocny kolarz! Jakby przyklei\u0142 koszulk\u0105 lidera Tour de France\"}]},{\"@type\":\"WebSite\",\"@id\":\"https:\/\/www.welovecycling.com\/pl\/#website\",\"url\":\"https:\/\/www.welovecycling.com\/pl\/\",\"name\":\"\u0160koda We Love Cycling - Poland\",\"description\":\"\",\"potentialAction\":[{\"@type\":\"SearchAction\",\"target\":{\"@type\":\"EntryPoint\",\"urlTemplate\":\"https:\/\/www.welovecycling.com\/pl\/?s={search_term_string}\"},\"query-input\":{\"@type\":\"PropertyValueSpecification\",\"valueRequired\":true,\"valueName\":\"search_term_string\"}}],\"inLanguage\":\"pl-PL\"},{\"@type\":\"Person\",\"@id\":\"https:\/\/www.welovecycling.com\/pl\/#\/schema\/person\/e5187c9cac8dd619ebc7b41bd73c2fd9\",\"name\":\"WeLoveCycling\",\"image\":{\"@type\":\"ImageObject\",\"inLanguage\":\"pl-PL\",\"@id\":\"https:\/\/www.welovecycling.com\/pl\/#\/schema\/person\/image\/\",\"url\":\"https:\/\/secure.gravatar.com\/avatar\/7e1ee0ecc5e294b19ef32b9f6086e0afbb9da00c3cb0d465ba4695331f4a9187?s=96&d=mm&r=g\",\"contentUrl\":\"https:\/\/secure.gravatar.com\/avatar\/7e1ee0ecc5e294b19ef32b9f6086e0afbb9da00c3cb0d465ba4695331f4a9187?s=96&d=mm&r=g\",\"caption\":\"WeLoveCycling\"},\"url\":\"https:\/\/www.welovecycling.com\/pl\/author\/lukascech\/\"}]}<\/script>\n<!-- \/ Yoast SEO Premium plugin. -->","yoast_head_json":{"title":"Piekielnie mocny kolarz! Jakby przyklei\u0142 koszulk\u0105 lidera Tour de France - \u0160koda We Love Cycling - Poland","robots":{"index":"index","follow":"follow","max-snippet":"max-snippet:-1","max-image-preview":"max-image-preview:large","max-video-preview":"max-video-preview:-1"},"canonical":"https:\/\/www.welovecycling.com\/pl\/2016\/07\/22\/piekielnie-mocny-kolarz-jakby-przykleil-koszulka-lidera-tour-de-france\/","og_locale":"pl_PL","og_type":"article","og_title":"Piekielnie mocny kolarz! Jakby przyklei\u0142 koszulk\u0105 lidera Tour de France","og_description":"Tour de France nikomu przedwcze\u015bnie nie pozwala nazwa\u0107 si\u0119 zwyci\u0119zc\u0105 , ale Christopher Froome ju\u017c mo\u017ce prasowa\u0107 \u017c\u00f3\u0142t\u0105 koszulk\u0119 na [&hellip;]","og_url":"https:\/\/www.welovecycling.com\/pl\/2016\/07\/22\/piekielnie-mocny-kolarz-jakby-przykleil-koszulka-lidera-tour-de-france\/","og_site_name":"\u0160koda We Love Cycling - Poland","article_published_time":"2016-07-22T20:47:49+00:00","article_modified_time":"2016-12-05T08:46:59+00:00","og_image":[{"width":1000,"height":666,"url":"https:\/\/d2p6e6u75xmxt8.cloudfront.net\/5\/2016\/07\/20160721206_211259.jpg","type":"image\/jpeg"}],"author":"WeLoveCycling","twitter_card":"summary_large_image","twitter_misc":{"Written by":"WeLoveCycling","Est. reading time":"3 minutes"},"schema":{"@context":"https:\/\/schema.org","@graph":[{"@type":"WebPage","@id":"https:\/\/www.welovecycling.com\/pl\/2016\/07\/22\/piekielnie-mocny-kolarz-jakby-przykleil-koszulka-lidera-tour-de-france\/","url":"https:\/\/www.welovecycling.com\/pl\/2016\/07\/22\/piekielnie-mocny-kolarz-jakby-przykleil-koszulka-lidera-tour-de-france\/","name":"Piekielnie mocny kolarz! Jakby przyklei\u0142 koszulk\u0105 lidera Tour de France - \u0160koda We Love Cycling - Poland","isPartOf":{"@id":"https:\/\/www.welovecycling.com\/pl\/#website"},"primaryImageOfPage":{"@id":"https:\/\/www.welovecycling.com\/pl\/2016\/07\/22\/piekielnie-mocny-kolarz-jakby-przykleil-koszulka-lidera-tour-de-france\/#primaryimage"},"image":{"@id":"https:\/\/www.welovecycling.com\/pl\/2016\/07\/22\/piekielnie-mocny-kolarz-jakby-przykleil-koszulka-lidera-tour-de-france\/#primaryimage"},"thumbnailUrl":"https:\/\/d2p6e6u75xmxt8.cloudfront.net\/5\/2016\/07\/20160721206_211259.jpg","datePublished":"2016-07-22T20:47:49+00:00","dateModified":"2016-12-05T08:46:59+00:00","author":{"@id":"https:\/\/www.welovecycling.com\/pl\/#\/schema\/person\/e5187c9cac8dd619ebc7b41bd73c2fd9"},"breadcrumb":{"@id":"https:\/\/www.welovecycling.com\/pl\/2016\/07\/22\/piekielnie-mocny-kolarz-jakby-przykleil-koszulka-lidera-tour-de-france\/#breadcrumb"},"inLanguage":"pl-PL","potentialAction":[{"@type":"ReadAction","target":["https:\/\/www.welovecycling.com\/pl\/2016\/07\/22\/piekielnie-mocny-kolarz-jakby-przykleil-koszulka-lidera-tour-de-france\/"]}]},{"@type":"ImageObject","inLanguage":"pl-PL","@id":"https:\/\/www.welovecycling.com\/pl\/2016\/07\/22\/piekielnie-mocny-kolarz-jakby-przykleil-koszulka-lidera-tour-de-france\/#primaryimage","url":"https:\/\/d2p6e6u75xmxt8.cloudfront.net\/5\/2016\/07\/20160721206_211259.jpg","contentUrl":"https:\/\/d2p6e6u75xmxt8.cloudfront.net\/5\/2016\/07\/20160721206_211259.jpg","width":1000,"height":666},{"@type":"BreadcrumbList","@id":"https:\/\/www.welovecycling.com\/pl\/2016\/07\/22\/piekielnie-mocny-kolarz-jakby-przykleil-koszulka-lidera-tour-de-france\/#breadcrumb","itemListElement":[{"@type":"ListItem","position":1,"name":"Home","item":"https:\/\/www.welovecycling.com\/pl\/"},{"@type":"ListItem","position":2,"name":"Piekielnie mocny kolarz! Jakby przyklei\u0142 koszulk\u0105 lidera Tour de France"}]},{"@type":"WebSite","@id":"https:\/\/www.welovecycling.com\/pl\/#website","url":"https:\/\/www.welovecycling.com\/pl\/","name":"\u0160koda We Love Cycling - Poland","description":"","potentialAction":[{"@type":"SearchAction","target":{"@type":"EntryPoint","urlTemplate":"https:\/\/www.welovecycling.com\/pl\/?s={search_term_string}"},"query-input":{"@type":"PropertyValueSpecification","valueRequired":true,"valueName":"search_term_string"}}],"inLanguage":"pl-PL"},{"@type":"Person","@id":"https:\/\/www.welovecycling.com\/pl\/#\/schema\/person\/e5187c9cac8dd619ebc7b41bd73c2fd9","name":"WeLoveCycling","image":{"@type":"ImageObject","inLanguage":"pl-PL","@id":"https:\/\/www.welovecycling.com\/pl\/#\/schema\/person\/image\/","url":"https:\/\/secure.gravatar.com\/avatar\/7e1ee0ecc5e294b19ef32b9f6086e0afbb9da00c3cb0d465ba4695331f4a9187?s=96&d=mm&r=g","contentUrl":"https:\/\/secure.gravatar.com\/avatar\/7e1ee0ecc5e294b19ef32b9f6086e0afbb9da00c3cb0d465ba4695331f4a9187?s=96&d=mm&r=g","caption":"WeLoveCycling"},"url":"https:\/\/www.welovecycling.com\/pl\/author\/lukascech\/"}]}},"_links":{"self":[{"href":"https:\/\/www.welovecycling.com\/pl\/wp-json\/wp\/v2\/posts\/1496","targetHints":{"allow":["GET"]}}],"collection":[{"href":"https:\/\/www.welovecycling.com\/pl\/wp-json\/wp\/v2\/posts"}],"about":[{"href":"https:\/\/www.welovecycling.com\/pl\/wp-json\/wp\/v2\/types\/post"}],"author":[{"embeddable":true,"href":"https:\/\/www.welovecycling.com\/pl\/wp-json\/wp\/v2\/users\/1"}],"replies":[{"embeddable":true,"href":"https:\/\/www.welovecycling.com\/pl\/wp-json\/wp\/v2\/comments?post=1496"}],"version-history":[{"count":1,"href":"https:\/\/www.welovecycling.com\/pl\/wp-json\/wp\/v2\/posts\/1496\/revisions"}],"predecessor-version":[{"id":2414,"href":"https:\/\/www.welovecycling.com\/pl\/wp-json\/wp\/v2\/posts\/1496\/revisions\/2414"}],"wp:featuredmedia":[{"embeddable":true,"href":"https:\/\/www.welovecycling.com\/pl\/wp-json\/wp\/v2\/media\/1497"}],"wp:attachment":[{"href":"https:\/\/www.welovecycling.com\/pl\/wp-json\/wp\/v2\/media?parent=1496"}],"wp:term":[{"taxonomy":"category","embeddable":true,"href":"https:\/\/www.welovecycling.com\/pl\/wp-json\/wp\/v2\/categories?post=1496"},{"taxonomy":"post_tag","embeddable":true,"href":"https:\/\/www.welovecycling.com\/pl\/wp-json\/wp\/v2\/tags?post=1496"},{"taxonomy":"global-categories","embeddable":true,"href":"https:\/\/www.welovecycling.com\/pl\/wp-json\/wp\/v2\/global-categories?post=1496"}],"curies":[{"name":"wp","href":"https:\/\/api.w.org\/{rel}","templated":true}]}}