{"id":14824,"date":"2024-05-29T10:05:22","date_gmt":"2024-05-29T10:05:22","guid":{"rendered":"https:\/\/www.welovecycling.com\/pl\/?p=14824"},"modified":"2024-05-29T10:18:40","modified_gmt":"2024-05-29T10:18:40","slug":"dominator-mocny-sygnal-przed-tour-de-france-takze-od-polakow","status":"publish","type":"post","link":"https:\/\/www.welovecycling.com\/pl\/2024\/05\/29\/dominator-mocny-sygnal-przed-tour-de-france-takze-od-polakow\/","title":{"rendered":"Dominator. Mocny sygna\u0142 przed Tour de France, tak\u017ce od Polak\u00f3w"},"content":{"rendered":"<p><strong>Tadej Pogacar (UAE Team Emirates) zdominowa\u0142 tegoroczne Giro d\u2019Italia i po raz pierwszy zabra\u0142 do domu r\u00f3\u017cow\u0105 koszulk\u0119 zwyci\u0119zcy w\u0142oskiego wy\u015bcigu. Nie\u017ale spisali si\u0119 tak\u017ce Polacy.<\/strong><\/p>\n<p>Dla wielu zawodnik\u00f3w by\u0142 to jeden z najtrudniejszych wy\u015bcig\u00f3w ostatnich lat, tymczasem Tadej Pogacar przemierza\u0142 W\u0142ochy z lekko\u015bci\u0105 i gracj\u0105, niemal od pocz\u0105tku prowadz\u0105c w klasyfikacji generalnej.<\/p>\n<p><span style=\"font-size: 18pt;\"><strong>\u201eBrak mi s\u0142\u00f3w, by opisa\u0107 ten moment\u201d<\/strong><\/span><\/p>\n<p>Taka dominacja nie jest norm\u0105 podczas wielkich wy\u015bcig\u00f3w, bo faworyci cz\u0119sto czaj\u0105 si\u0119, by uderzy\u0107 w najwa\u017cniejszym momencie rywalizacji. Pogacar zdecydowa\u0142 jednak od pocz\u0105tku pokaza\u0107 moc i wys\u0142a\u0142 jasny sygna\u0142, kto w tym roku wjedzie do Rzymu w r\u00f3\u017cowej koszulce.<\/p>\n<p><a href=\"https:\/\/x.com\/giroditalia\/status\/1794784844591104370\">https:\/\/x.com\/giroditalia\/status\/1794784844591104370<\/a><\/p>\n<p>\u2013 To niesamowite uczucie. Brak mi s\u0142\u00f3w, by opisa\u0107 ten moment. Z tego wy\u015bcigu zabior\u0119 ze sob\u0105 mn\u00f3stwo przyjemnych wspomnie\u0144. Pewnie troch\u0119 czasu mi zajmie wybranie tego najpi\u0119kniejszego, bo ca\u0142e to Giro by\u0142o pi\u0119kne. Posiadanie r\u00f3\u017cowej koszulki to jest co\u015b szalonego i wspania\u0142ego \u2013 m\u00f3wi\u0142 Pogacar przed kamerami Eurosportu zaraz po zako\u0144czeniu wy\u015bcigu.<\/p>\n<p><span style=\"font-size: 18pt;\"><strong>Absolutna dominacja<\/strong><\/span><\/p>\n<p>S\u0142oweniec nie by\u0142 liderem tylko po pierwszym etapie, bo najszybciej 140 km z Venaria Reale do Turynu przejecha\u0142 Ekwadorczyk Jhonatan Narvaez (Ineos Grenadiers). Dzie\u0144 p\u00f3\u017aniej na pag\u00f3rkach p\u00f3\u0142nocnych W\u0142och najlepiej spisa\u0142 si\u0119 ju\u017c Pogacar, a przej\u0119cie r\u00f3\u017cowej koszulki jeszcze doda\u0142o mu mocy.<\/p>\n<p><a href=\"https:\/\/x.com\/giroditalia\/status\/1794843511969157233\">https:\/\/x.com\/giroditalia\/status\/1794843511969157233<\/a><\/p>\n<p>W 107. Giro d\u2019Italia S\u0142oweniec wygra\u0142 \u0142\u0105cznie sze\u015b\u0107 etap\u00f3w i zn\u00f3w pokaza\u0142 si\u0119 jako zawodnik wszechstronny. Kr\u00f3lowa\u0142 w g\u00f3rach (wygra\u0142 tam cztery razy) i dzi\u0119ki temu zosta\u0142 najlepszym g\u00f3ralem. Najszybszy by\u0142 tak\u017ce podczas jazdy na czas. Zreszt\u0105 sze\u015b\u0107 wygranych etap\u00f3w jest najlepszym podsumowaniem wielko\u015bci S\u0142owe\u0144ca, bo np. ubieg\u0142oroczny zwyci\u0119zca Giro d\u2019Italia \u2013 Primo\u017c Rogli\u0107 (Jumbo Visma) \u2013 wygra\u0142 jeden, podobnie jak triumfator sprzed dw\u00f3ch lat \u2013 Jai Hindley (Bora-Hansgrohe).<\/p>\n<p>Dominacja Pogacara nie by\u0142aby pewnie tak widoczna, gdyby nie kapitalna jazda ca\u0142ej dru\u017cyny UAE Team Emirates. Cz\u0119sto najwa\u017cniejszym pomocnikiem S\u0142owe\u0144ca by\u0142 Rafa\u0142 Majka, kt\u00f3ry ostatecznie zaj\u0105\u0142 15. miejsce w klasyfikacji generalnej.<\/p>\n<p>\u2013 Dzi\u0119kuj\u0119 mojej ekipie za ten ca\u0142y wy\u015bcig. Jeste\u015bmy bardzo zadowoleni \u2013 doceni\u0142 koleg\u00f3w Pogacar.<\/p>\n<p><a href=\"https:\/\/x.com\/TeamEmiratesUAE\/status\/1794837806788804637\">https:\/\/x.com\/TeamEmiratesUAE\/status\/1794837806788804637<\/a><\/p>\n<p>Wygrana S\u0142owe\u0144ca to tak\u017ce mocny sygna\u0142 dla przeciwnik\u00f3w na dalsz\u0105 cz\u0119\u015b\u0107 sezonu. W poprzednim roku wszystkie Grand Toury wygrali bowiem zawodnicy Jumbo-Visma i dzi\u0119ki temu przeszli do historii. Teraz ju\u017c wiadomo, \u017ce tego wyczynu nie powt\u00f3rz\u0105. Co wi\u0119cej, mog\u0105 czu\u0107 si\u0119 mocno zagro\u017ceni przed zbli\u017caj\u0105cym si\u0119 wielkimi krokami najwi\u0119kszym wy\u015bcigiem \u015bwiata \u2013 Tour de France (29 czerwca \u2013 21 lipca).<\/p>\n<p><span style=\"font-size: 18pt;\"><strong>Najlepszy wynik Polaka od ponad dekady<\/strong><\/span><\/p>\n<p>Bardzo dobrze podczas Giro d\u2019Italia spisa\u0142 si\u0119 tak\u017ce Stanis\u0142aw Anio\u0142kowski (Cofidis). 27-letni zawodnik podczas 13. etapu zaj\u0105\u0142 drugie miejsce \u2013 tak wysoko w tym wy\u015bcigu nie by\u0142 \u017caden Polak od ponad dekady. Anio\u0142kowski kilka razy za\u0142apa\u0142 si\u0119 te\u017c do pierwszej dziesi\u0105tki, a wy\u015bcig zako\u0144czy\u0142 na 127. miejscu w klasyfikacji generalnej.<\/p>\n<p><span data-sheets-value=\"{&quot;1&quot;:2,&quot;2&quot;:&quot;Artyku\u0142 powsta\u0142 we wsp\u00f3\u0142pracy ze skoda-auto.pl&quot;}\" data-sheets-userformat=\"{&quot;2&quot;:1,&quot;3&quot;:{&quot;1&quot;:0}}\" data-sheets-hyperlink=\"http:\/\/www.skoda-auto.pl\/\"><a class=\"in-cell-link\" href=\"http:\/\/www.skoda-auto.pl\/\" target=\"_blank\" rel=\"noopener noreferrer\">Artyku\u0142 powsta\u0142 we wsp\u00f3\u0142pracy ze skoda-auto.pl<\/a><\/span><\/p>\n<p><a href=\"https:\/\/d2p6e6u75xmxt8.cloudfront.net\/5\/2030\/11\/3.webp\"><img loading=\"lazy\" decoding=\"async\" class=\"size-full wp-image-13776 aligncenter\" src=\"https:\/\/d2p6e6u75xmxt8.cloudfront.net\/5\/2030\/11\/3.webp\" alt=\"\" width=\"640\" height=\"350\" srcset=\"https:\/\/d2p6e6u75xmxt8.cloudfront.net\/5\/2030\/11\/3.webp 640w, https:\/\/d2p6e6u75xmxt8.cloudfront.net\/5\/2030\/11\/3-300x164.webp 300w, https:\/\/d2p6e6u75xmxt8.cloudfront.net\/5\/2030\/11\/3-400x219.webp 400w\" sizes=\"auto, (max-width: 640px) 100vw, 640px\" \/><\/a><\/p>\n","protected":false},"excerpt":{"rendered":"<p>Tadej Pogacar (UAE Team Emirates) zdominowa\u0142 tegoroczne Giro d\u2019Italia i po raz pierwszy zabra\u0142 do domu r\u00f3\u017cow\u0105 koszulk\u0119 zwyci\u0119zcy w\u0142oskiego [&hellip;]<\/p>\n","protected":false},"author":76,"featured_media":14826,"comment_status":"open","ping_status":"open","sticky":false,"template":"","format":"standard","meta":{"footnotes":""},"categories":[6],"tags":[151,191,404,264,423],"global-categories":[303],"class_list":["post-14824","post","type-post","status-publish","format-standard","has-post-thumbnail","hentry","category-kolarstwo-szosowe","tag-kolarstwo-szosowe","tag-skoda","tag-skodapolska","tag-wyscig-etapowy","tag-wyscigi-szosowe","global-categories-cycling"],"yoast_head":"<!-- This site is optimized with the Yoast SEO Premium plugin v25.3 (Yoast SEO v25.9) - https:\/\/yoast.com\/wordpress\/plugins\/seo\/ -->\n<title>Dominator. Mocny sygna\u0142 przed Tour de France, tak\u017ce od Polak\u00f3w - \u0160koda We Love Cycling - Poland<\/title>\n<meta name=\"robots\" content=\"index, follow, max-snippet:-1, max-image-preview:large, max-video-preview:-1\" \/>\n<link rel=\"canonical\" href=\"https:\/\/www.welovecycling.com\/pl\/2024\/05\/29\/dominator-mocny-sygnal-przed-tour-de-france-takze-od-polakow\/\" \/>\n<meta property=\"og:locale\" content=\"pl_PL\" \/>\n<meta property=\"og:type\" content=\"article\" \/>\n<meta property=\"og:title\" content=\"Dominator. Mocny sygna\u0142 przed Tour de France, tak\u017ce od Polak\u00f3w\" \/>\n<meta property=\"og:description\" content=\"Tadej Pogacar (UAE Team Emirates) zdominowa\u0142 tegoroczne Giro d\u2019Italia i po raz pierwszy zabra\u0142 do domu r\u00f3\u017cow\u0105 koszulk\u0119 zwyci\u0119zcy w\u0142oskiego [&hellip;]\" \/>\n<meta property=\"og:url\" content=\"https:\/\/www.welovecycling.com\/pl\/2024\/05\/29\/dominator-mocny-sygnal-przed-tour-de-france-takze-od-polakow\/\" \/>\n<meta property=\"og:site_name\" content=\"\u0160koda We Love Cycling - Poland\" \/>\n<meta property=\"article:published_time\" content=\"2024-05-29T10:05:22+00:00\" \/>\n<meta property=\"article:modified_time\" content=\"2024-05-29T10:18:40+00:00\" \/>\n<meta property=\"og:image\" content=\"https:\/\/d2p6e6u75xmxt8.cloudfront.net\/5\/2024\/05\/MicrosoftTeams-image-85.webp\" \/>\n\t<meta property=\"og:image:width\" content=\"990\" \/>\n\t<meta property=\"og:image:height\" content=\"660\" \/>\n\t<meta property=\"og:image:type\" content=\"image\/webp\" \/>\n<meta name=\"author\" content=\"piotrboczkowski\" \/>\n<meta name=\"twitter:card\" content=\"summary_large_image\" \/>\n<meta name=\"twitter:label1\" content=\"Written by\" \/>\n\t<meta name=\"twitter:data1\" content=\"Piotr Nowik\" \/>\n\t<meta name=\"twitter:label2\" content=\"Est. reading time\" \/>\n\t<meta name=\"twitter:data2\" content=\"3 minutes\" \/>\n<script type=\"application\/ld+json\" class=\"yoast-schema-graph\">{\"@context\":\"https:\/\/schema.org\",\"@graph\":[{\"@type\":\"WebPage\",\"@id\":\"https:\/\/www.welovecycling.com\/pl\/2024\/05\/29\/dominator-mocny-sygnal-przed-tour-de-france-takze-od-polakow\/\",\"url\":\"https:\/\/www.welovecycling.com\/pl\/2024\/05\/29\/dominator-mocny-sygnal-przed-tour-de-france-takze-od-polakow\/\",\"name\":\"Dominator. Mocny sygna\u0142 przed Tour de France, tak\u017ce od Polak\u00f3w - \u0160koda We Love Cycling - Poland\",\"isPartOf\":{\"@id\":\"https:\/\/www.welovecycling.com\/pl\/#website\"},\"primaryImageOfPage\":{\"@id\":\"https:\/\/www.welovecycling.com\/pl\/2024\/05\/29\/dominator-mocny-sygnal-przed-tour-de-france-takze-od-polakow\/#primaryimage\"},\"image\":{\"@id\":\"https:\/\/www.welovecycling.com\/pl\/2024\/05\/29\/dominator-mocny-sygnal-przed-tour-de-france-takze-od-polakow\/#primaryimage\"},\"thumbnailUrl\":\"https:\/\/d2p6e6u75xmxt8.cloudfront.net\/5\/2024\/05\/MicrosoftTeams-image-85.webp\",\"datePublished\":\"2024-05-29T10:05:22+00:00\",\"dateModified\":\"2024-05-29T10:18:40+00:00\",\"author\":{\"@id\":\"https:\/\/www.welovecycling.com\/pl\/#\/schema\/person\/0dba2d39da943db9df3fd8f4687e7f23\"},\"breadcrumb\":{\"@id\":\"https:\/\/www.welovecycling.com\/pl\/2024\/05\/29\/dominator-mocny-sygnal-przed-tour-de-france-takze-od-polakow\/#breadcrumb\"},\"inLanguage\":\"pl-PL\",\"potentialAction\":[{\"@type\":\"ReadAction\",\"target\":[\"https:\/\/www.welovecycling.com\/pl\/2024\/05\/29\/dominator-mocny-sygnal-przed-tour-de-france-takze-od-polakow\/\"]}]},{\"@type\":\"ImageObject\",\"inLanguage\":\"pl-PL\",\"@id\":\"https:\/\/www.welovecycling.com\/pl\/2024\/05\/29\/dominator-mocny-sygnal-przed-tour-de-france-takze-od-polakow\/#primaryimage\",\"url\":\"https:\/\/d2p6e6u75xmxt8.cloudfront.net\/5\/2024\/05\/MicrosoftTeams-image-85.webp\",\"contentUrl\":\"https:\/\/d2p6e6u75xmxt8.cloudfront.net\/5\/2024\/05\/MicrosoftTeams-image-85.webp\",\"width\":990,\"height\":660},{\"@type\":\"BreadcrumbList\",\"@id\":\"https:\/\/www.welovecycling.com\/pl\/2024\/05\/29\/dominator-mocny-sygnal-przed-tour-de-france-takze-od-polakow\/#breadcrumb\",\"itemListElement\":[{\"@type\":\"ListItem\",\"position\":1,\"name\":\"Home\",\"item\":\"https:\/\/www.welovecycling.com\/pl\/\"},{\"@type\":\"ListItem\",\"position\":2,\"name\":\"Dominator. Mocny sygna\u0142 przed Tour de France, tak\u017ce od Polak\u00f3w\"}]},{\"@type\":\"WebSite\",\"@id\":\"https:\/\/www.welovecycling.com\/pl\/#website\",\"url\":\"https:\/\/www.welovecycling.com\/pl\/\",\"name\":\"\u0160koda We Love Cycling - Poland\",\"description\":\"\",\"potentialAction\":[{\"@type\":\"SearchAction\",\"target\":{\"@type\":\"EntryPoint\",\"urlTemplate\":\"https:\/\/www.welovecycling.com\/pl\/?s={search_term_string}\"},\"query-input\":{\"@type\":\"PropertyValueSpecification\",\"valueRequired\":true,\"valueName\":\"search_term_string\"}}],\"inLanguage\":\"pl-PL\"},{\"@type\":\"Person\",\"@id\":\"https:\/\/www.welovecycling.com\/pl\/#\/schema\/person\/0dba2d39da943db9df3fd8f4687e7f23\",\"name\":\"piotrboczkowski\",\"image\":{\"@type\":\"ImageObject\",\"inLanguage\":\"pl-PL\",\"@id\":\"https:\/\/www.welovecycling.com\/pl\/#\/schema\/person\/image\/\",\"url\":\"https:\/\/secure.gravatar.com\/avatar\/533caccae14752e03a2ce2d3fd62d1b98b93e1393c3195c27819e53344ca1ace?s=96&d=mm&r=g\",\"contentUrl\":\"https:\/\/secure.gravatar.com\/avatar\/533caccae14752e03a2ce2d3fd62d1b98b93e1393c3195c27819e53344ca1ace?s=96&d=mm&r=g\",\"caption\":\"piotrboczkowski\"},\"url\":\"https:\/\/www.welovecycling.com\/pl\/author\/piotrboczkowski\/\"}]}<\/script>\n<!-- \/ Yoast SEO Premium plugin. -->","yoast_head_json":{"title":"Dominator. Mocny sygna\u0142 przed Tour de France, tak\u017ce od Polak\u00f3w - \u0160koda We Love Cycling - Poland","robots":{"index":"index","follow":"follow","max-snippet":"max-snippet:-1","max-image-preview":"max-image-preview:large","max-video-preview":"max-video-preview:-1"},"canonical":"https:\/\/www.welovecycling.com\/pl\/2024\/05\/29\/dominator-mocny-sygnal-przed-tour-de-france-takze-od-polakow\/","og_locale":"pl_PL","og_type":"article","og_title":"Dominator. Mocny sygna\u0142 przed Tour de France, tak\u017ce od Polak\u00f3w","og_description":"Tadej Pogacar (UAE Team Emirates) zdominowa\u0142 tegoroczne Giro d\u2019Italia i po raz pierwszy zabra\u0142 do domu r\u00f3\u017cow\u0105 koszulk\u0119 zwyci\u0119zcy w\u0142oskiego [&hellip;]","og_url":"https:\/\/www.welovecycling.com\/pl\/2024\/05\/29\/dominator-mocny-sygnal-przed-tour-de-france-takze-od-polakow\/","og_site_name":"\u0160koda We Love Cycling - Poland","article_published_time":"2024-05-29T10:05:22+00:00","article_modified_time":"2024-05-29T10:18:40+00:00","og_image":[{"width":990,"height":660,"url":"https:\/\/d2p6e6u75xmxt8.cloudfront.net\/5\/2024\/05\/MicrosoftTeams-image-85.webp","type":"image\/webp"}],"author":"piotrboczkowski","twitter_card":"summary_large_image","twitter_misc":{"Written by":"Piotr Nowik","Est. reading time":"3 minutes"},"schema":{"@context":"https:\/\/schema.org","@graph":[{"@type":"WebPage","@id":"https:\/\/www.welovecycling.com\/pl\/2024\/05\/29\/dominator-mocny-sygnal-przed-tour-de-france-takze-od-polakow\/","url":"https:\/\/www.welovecycling.com\/pl\/2024\/05\/29\/dominator-mocny-sygnal-przed-tour-de-france-takze-od-polakow\/","name":"Dominator. Mocny sygna\u0142 przed Tour de France, tak\u017ce od Polak\u00f3w - \u0160koda We Love Cycling - Poland","isPartOf":{"@id":"https:\/\/www.welovecycling.com\/pl\/#website"},"primaryImageOfPage":{"@id":"https:\/\/www.welovecycling.com\/pl\/2024\/05\/29\/dominator-mocny-sygnal-przed-tour-de-france-takze-od-polakow\/#primaryimage"},"image":{"@id":"https:\/\/www.welovecycling.com\/pl\/2024\/05\/29\/dominator-mocny-sygnal-przed-tour-de-france-takze-od-polakow\/#primaryimage"},"thumbnailUrl":"https:\/\/d2p6e6u75xmxt8.cloudfront.net\/5\/2024\/05\/MicrosoftTeams-image-85.webp","datePublished":"2024-05-29T10:05:22+00:00","dateModified":"2024-05-29T10:18:40+00:00","author":{"@id":"https:\/\/www.welovecycling.com\/pl\/#\/schema\/person\/0dba2d39da943db9df3fd8f4687e7f23"},"breadcrumb":{"@id":"https:\/\/www.welovecycling.com\/pl\/2024\/05\/29\/dominator-mocny-sygnal-przed-tour-de-france-takze-od-polakow\/#breadcrumb"},"inLanguage":"pl-PL","potentialAction":[{"@type":"ReadAction","target":["https:\/\/www.welovecycling.com\/pl\/2024\/05\/29\/dominator-mocny-sygnal-przed-tour-de-france-takze-od-polakow\/"]}]},{"@type":"ImageObject","inLanguage":"pl-PL","@id":"https:\/\/www.welovecycling.com\/pl\/2024\/05\/29\/dominator-mocny-sygnal-przed-tour-de-france-takze-od-polakow\/#primaryimage","url":"https:\/\/d2p6e6u75xmxt8.cloudfront.net\/5\/2024\/05\/MicrosoftTeams-image-85.webp","contentUrl":"https:\/\/d2p6e6u75xmxt8.cloudfront.net\/5\/2024\/05\/MicrosoftTeams-image-85.webp","width":990,"height":660},{"@type":"BreadcrumbList","@id":"https:\/\/www.welovecycling.com\/pl\/2024\/05\/29\/dominator-mocny-sygnal-przed-tour-de-france-takze-od-polakow\/#breadcrumb","itemListElement":[{"@type":"ListItem","position":1,"name":"Home","item":"https:\/\/www.welovecycling.com\/pl\/"},{"@type":"ListItem","position":2,"name":"Dominator. Mocny sygna\u0142 przed Tour de France, tak\u017ce od Polak\u00f3w"}]},{"@type":"WebSite","@id":"https:\/\/www.welovecycling.com\/pl\/#website","url":"https:\/\/www.welovecycling.com\/pl\/","name":"\u0160koda We Love Cycling - Poland","description":"","potentialAction":[{"@type":"SearchAction","target":{"@type":"EntryPoint","urlTemplate":"https:\/\/www.welovecycling.com\/pl\/?s={search_term_string}"},"query-input":{"@type":"PropertyValueSpecification","valueRequired":true,"valueName":"search_term_string"}}],"inLanguage":"pl-PL"},{"@type":"Person","@id":"https:\/\/www.welovecycling.com\/pl\/#\/schema\/person\/0dba2d39da943db9df3fd8f4687e7f23","name":"piotrboczkowski","image":{"@type":"ImageObject","inLanguage":"pl-PL","@id":"https:\/\/www.welovecycling.com\/pl\/#\/schema\/person\/image\/","url":"https:\/\/secure.gravatar.com\/avatar\/533caccae14752e03a2ce2d3fd62d1b98b93e1393c3195c27819e53344ca1ace?s=96&d=mm&r=g","contentUrl":"https:\/\/secure.gravatar.com\/avatar\/533caccae14752e03a2ce2d3fd62d1b98b93e1393c3195c27819e53344ca1ace?s=96&d=mm&r=g","caption":"piotrboczkowski"},"url":"https:\/\/www.welovecycling.com\/pl\/author\/piotrboczkowski\/"}]}},"_links":{"self":[{"href":"https:\/\/www.welovecycling.com\/pl\/wp-json\/wp\/v2\/posts\/14824","targetHints":{"allow":["GET"]}}],"collection":[{"href":"https:\/\/www.welovecycling.com\/pl\/wp-json\/wp\/v2\/posts"}],"about":[{"href":"https:\/\/www.welovecycling.com\/pl\/wp-json\/wp\/v2\/types\/post"}],"author":[{"embeddable":true,"href":"https:\/\/www.welovecycling.com\/pl\/wp-json\/wp\/v2\/users\/76"}],"replies":[{"embeddable":true,"href":"https:\/\/www.welovecycling.com\/pl\/wp-json\/wp\/v2\/comments?post=14824"}],"version-history":[{"count":2,"href":"https:\/\/www.welovecycling.com\/pl\/wp-json\/wp\/v2\/posts\/14824\/revisions"}],"predecessor-version":[{"id":14827,"href":"https:\/\/www.welovecycling.com\/pl\/wp-json\/wp\/v2\/posts\/14824\/revisions\/14827"}],"wp:featuredmedia":[{"embeddable":true,"href":"https:\/\/www.welovecycling.com\/pl\/wp-json\/wp\/v2\/media\/14826"}],"wp:attachment":[{"href":"https:\/\/www.welovecycling.com\/pl\/wp-json\/wp\/v2\/media?parent=14824"}],"wp:term":[{"taxonomy":"category","embeddable":true,"href":"https:\/\/www.welovecycling.com\/pl\/wp-json\/wp\/v2\/categories?post=14824"},{"taxonomy":"post_tag","embeddable":true,"href":"https:\/\/www.welovecycling.com\/pl\/wp-json\/wp\/v2\/tags?post=14824"},{"taxonomy":"global-categories","embeddable":true,"href":"https:\/\/www.welovecycling.com\/pl\/wp-json\/wp\/v2\/global-categories?post=14824"}],"curies":[{"name":"wp","href":"https:\/\/api.w.org\/{rel}","templated":true}]}}