{"id":1478,"date":"2016-07-21T15:17:09","date_gmt":"2016-07-21T15:17:09","guid":{"rendered":"http:\/\/skoda-rowery.pl\/?p=1478"},"modified":"2016-12-05T08:47:14","modified_gmt":"2016-12-05T08:47:14","slug":"mama-szoferka-emily-finch","status":"publish","type":"post","link":"https:\/\/www.welovecycling.com\/pl\/2016\/07\/21\/mama-szoferka-emily-finch\/","title":{"rendered":"Mama szoferka: Emily Finch"},"content":{"rendered":"<p style=\"text-align: justify\">Wiele os\u00f3b ma k\u0142opot z decyzj\u0105 o zmianie samochodu na rower. Wydaje si\u0119, \u017ce czynniki takie jak wygoda, brak dost\u0119pno\u015bci i pogoda cz\u0119sto przewy\u017cszaj\u0105 potencjalne korzy\u015bci, np. popraw\u0119 kondycji fizycznej i ochron\u0119 \u015brodowiska. Jednak ci, kt\u00f3rzy zdecydowali si\u0119 porzuci\u0107 swoje cztery k\u00f3\u0142ka i zamieni\u0107 je na dwa rzadko tego \u017ca\u0142uj\u0105. Mo\u017ce w je\u017adzie na rowerze jest co\u015b wi\u0119cej ni\u017c przyspieszone bicie serca i satysfakcja z mniejszej emisji dwutlenku w\u0119gla?<!--more--><\/p>\n<p style=\"text-align: justify\">Sp\u00f3jrzmy na przyk\u0142ad na Emily Finch, mieszkaj\u0105c\u0105 na przedmie\u015bciach matk\u0119 pi\u0119ciorga dzieci, kt\u00f3ra w 2009 roku uzna\u0142a, \u017ce jest gotowa na zmian\u0119. Po tym jak niedawno od\u017cy\u0142y jej relacje z ojcem, kt\u00f3ry ma lewicowe pogl\u0105dy, Emily zacz\u0119\u0142a bardziej interesowa\u0107 si\u0119 kwesti\u0105 zr\u00f3wnowa\u017conego \u015brodowiska i wymy\u015bla\u0107 alternatywne wizje przysz\u0142o\u015bci swojej rodziny. Zacz\u0119\u0142a si\u0119 zastanawia\u0107, jak ich \u017cycie wygl\u0105da\u0142oby bez minivana i, trzeba przyzna\u0107, pomys\u0142 ten wyda\u0142 si\u0119 jej intryguj\u0105cy.<\/p>\n<p style=\"text-align: justify\">Oczywi\u015bcie, je\u015bli masz pi\u0119cioro ma\u0142ych dzieci do przewiezienia, sprawa nie jest tak prosta, jak wybranie podstawowego modelu w lokalnym sklepie rowerowym. Jednak na dow\u00f3d swojej odwagi pewnej nocy Emily usiad\u0142a i wpisa\u0142a \u201erower rodzinny\u201d w przegl\u0105darce internetowej. Natkn\u0119\u0142a si\u0119 na holenderski rower cargo Bakfiets i wszystko si\u0119 zmieni\u0142o.<\/p>\n<p style=\"text-align: justify\">Rower dotar\u0142 kilka tygodni p\u00f3\u017aniej i rozcz\u0119\u0142a si\u0119 jej przygoda. Pomimo zachwytu mo\u017cliwo\u015bciami, kt\u00f3re przed sob\u0105 ujrza\u0142a, nie by\u0142a to raczej mi\u0142o\u015b\u0107 od pierwszej jazdy. Emily sta\u0142a si\u0119 aktywnym ambasadorem jazdy na rowerze w mediach spo\u0142eczno\u015bciowych i m\u00f3wi szczerze o ogromnym wyczerpaniu fizycznym, kt\u00f3rego do\u015bwiadczy\u0142a, gdy po raz pierwszy posadzi\u0142a w nim dzieci i wyjecha\u0142a na ulic\u0119. Kiedy z trudem jecha\u0142a gigantyczn\u0105 maszyn\u0105 (sam rower wa\u017cy ponad sto funt\u00f3w), ba\u0142a si\u0119, \u017ce pope\u0142ni\u0142a b\u0142\u0105d.<\/p>\n<p style=\"text-align: justify\">Konsekwentnie trzymaj\u0105c si\u0119 swojej decyzji, postanowi\u0142a jednak, \u017ce nie ma ju\u017c odwrotu. Wytrwa\u0142a i z ka\u017cd\u0105 kolejn\u0105 jazd\u0105 stawa\u0142a si\u0119 coraz silniejsza i bardziej sprawna, rozwijaj\u0105c w\u0142asn\u0105 technik\u0119 i ucz\u0105c si\u0119, jak cia\u0142o wsp\u00f3\u0142pracuje z rowerem. \u201ePo prostu jecha\u0142am dalej&#8230; Przyzwyczai\u0142am si\u0119 do tego i teraz ja i rower to jedno\u201d &#8211; o\u015bwiadcza z dum\u0105 na swojej stronie na Twitterze. Od tego czasu nabiera si\u0142y i inspiruje wszystkich dooko\u0142a. Jak mo\u017cna by\u0142o si\u0119 spodziewa\u0107, zdarzaj\u0105 si\u0119 momenty pr\u00f3by dla tej rowerowej rodziny, ale ju\u017c nauczyli si\u0119 wsp\u00f3lnie je pokonywa\u0107. Kiedy pada deszcz, ubieraj\u0105 si\u0119 ciep\u0142o i mokn\u0105. Emily m\u00f3wi, \u017ce gdy zdarzaj\u0105 si\u0119 napady z\u0142o\u015bci, ratuj\u0105 j\u0105 linki elastyczne. Zmotywowa\u0142a te\u017c wielu swoich przyjaci\u00f3\u0142, aby zacz\u0119li je\u017adzi\u0107 rowerem z dzie\u0107mi, buduj\u0105c spo\u0142eczno\u015b\u0107 i system wsparcia, z kt\u00f3rego wszyscy czerpi\u0105 korzy\u015bci.<\/p>\n<p style=\"text-align: justify\">Jednak pomimo sukcesu w naszej opowie\u015bci o transformacji zdarzy\u0142a si\u0119 jeszcze jedna przeszkoda. Gdy historia o jej rowerze &#8211; i je\u017adzie z sze\u015bciorgiem dzieci &#8211; dotar\u0142a do wielu os\u00f3b, Emily obudzi\u0142a si\u0119 pewnego ranka pod koniec 2013 roku i zobaczy\u0142a, \u017ce jej s\u0142ynny rower zosta\u0142 skradziony z domu w Portland. Incydent spotka\u0142 si\u0119 z ogromnym publicznym oburzeniem, a spo\u0142eczno\u015b\u0107 bez wytchnienia stara\u0142a si\u0119 pom\u00f3c jej odzyska\u0107 \u015brodek transportu jej rodziny. Niestety, pomimo wsparcia licznych kampanii spo\u0142eczno\u015bciowych, by odnale\u017a\u0107 Bakfiets i zwr\u00f3ci\u0107 go prawowitej w\u0142a\u015bcicielce, rower nigdy si\u0119 nie znalaz\u0142.<\/p>\n<p style=\"text-align: justify\">Czy to powstrzyma\u0142o Emily? Oczywi\u015bcie, \u017ce nie. By\u0142a ju\u017c uzale\u017cniona od tego stylu \u017cycia, a przy wsparciu spo\u0142eczno\u015bci uda\u0142o si\u0119 jej nadal wozi\u0107 dzieci i baga\u017ce po ulicach Portland na r\u00f3\u017cnych rowerach, kt\u00f3re po\u017cycza\u0142a od lokalnych sklep\u00f3w, a w ko\u0144cu na niestandardowym rowerze zbudowanym specjalnie dla niej przez miejscowego producenta. Od tamtej pory wr\u00f3ci\u0142a na drogi i nie zwalnia.<\/p>\n<p style=\"text-align: justify\"><img loading=\"lazy\" decoding=\"async\" class=\"alignnone size-large wp-image-1480\" src=\"http:\/\/skoda-rowery.pl\/wp-content\/uploads\/2016\/07\/4884992_484498984-1024x447.jpg\" alt=\"4884992_484498984\" width=\"1024\" height=\"447\" srcset=\"https:\/\/d2p6e6u75xmxt8.cloudfront.net\/5\/2016\/07\/4884992_484498984-1024x447.jpg 1024w, https:\/\/d2p6e6u75xmxt8.cloudfront.net\/5\/2016\/07\/4884992_484498984-300x131.jpg 300w, https:\/\/d2p6e6u75xmxt8.cloudfront.net\/5\/2016\/07\/4884992_484498984-768x335.jpg 768w, https:\/\/d2p6e6u75xmxt8.cloudfront.net\/5\/2016\/07\/4884992_484498984.jpg 1375w\" sizes=\"auto, (max-width: 1024px) 100vw, 1024px\" \/><\/p>\n<p style=\"text-align: justify\">Chodzi o to, \u017ce gdy ju\u017c z\u0142apa\u0142a bakcyla, nic nie powstrzyma jej przed \u017cyciem tak, jak chce. Pokazuj\u0105c, jak rower sta\u0142 si\u0119 integraln\u0105 cz\u0119\u015bci\u0105 \u017cycia dla niej i jej rodziny, historia ta naprawd\u0119 uczy, jak du\u017c\u0105 zmian\u0119 jazda na rowerze mo\u017ce wprowadzi\u0107 w \u017cyciu ludzi, kt\u00f3rzy si\u0119 na to zdecydowali. Emily uwa\u017ca, \u017ce dzi\u0119ki je\u017cd\u017ceniu na rowerze jest szcz\u0119\u015bliwa i zachowuje zdrowie psychiczne. Je\u017adzi rowerem, poniewa\u017c daje jej to poczucie szcz\u0119\u015bcia i pomaga radzi\u0107 sobie ze stresem, kt\u00f3ry nieuchronnie towarzyszy byciu matk\u0105 sze\u015bciorga dzieci.<\/p>\n<p style=\"text-align: justify\">Emily nie tylko poprawi\u0142a jako\u015b\u0107 w\u0142asnego \u017cycia, ale uczy r\u00f3wnie\u017c swoje dzieci zdrowych mechanizm\u00f3w radzenia sobie z problemami i zach\u0119ca je do aktywnego \u017cycia tak, jak chc\u0105. Daj\u0105c \u015bwietny przyk\u0142ad, pokazuje im, \u017ce po\u015bwi\u0119cenie troch\u0119 czasu, by dba\u0107 o siebie na co dzie\u0144 to co\u015b, czego nikt inny nie mo\u017ce zrobi\u0107 za ciebie. Emily jest najwyra\u017aniej osob\u0105 , kt\u00f3ra umie doceni\u0107 drobne przyjemno\u015bci w \u017cyciu, rozkoszuj\u0105c si\u0119 satysfakcj\u0105, kt\u00f3r\u0105 mo\u017cna czerpa\u0107 z posiadania rodziny i z dobrego zdrowia.<\/p>\n<p style=\"text-align: justify\">By\u0107 mo\u017ce wyzwanie to jest zupe\u0142nie inne ni\u017c zdobywanie g\u00f3r, ale rowerowe osi\u0105gni\u0119cie Emily jest r\u00f3wnie imponuj\u0105ce i inspiruj\u0105ce. \u201eKocham sw\u00f3j rower\u201d &#8211; m\u00f3wi. \u201ePoniewa\u017c odmieni\u0142 moje \u017cycie. Nie umiem tego do ko\u0144ca wyja\u015bni\u0107. M\u00f3j rower po prostu daje mi szcz\u0119\u015bcie\u201d. Jej historia pokazuje, \u017ce ci\u0119\u017cka praca staje si\u0119 \u0142atwa, gdy praca staje si\u0119 zabaw\u0105. Przypominaj\u0105c, jak warto\u015bciowe jest robienie tego, co si\u0119 kocha, historia Emily dowodzi, \u017ce nigdy nie jest za p\u00f3\u017ano na zmiany. A jak posiadanie roweru zmieni\u0142o Twoje \u017cycie?<\/p>\n<p style=\"text-align: justify\"><strong>\u0141\u0105czy nas kolarska pasja! \u0160koda nap\u0119dza Tour de France.<\/strong><\/p>\n<p style=\"text-align: justify\">\n","protected":false},"excerpt":{"rendered":"<p>Wiele os\u00f3b ma k\u0142opot z decyzj\u0105 o zmianie samochodu na rower. Wydaje si\u0119, \u017ce czynniki takie jak wygoda, brak dost\u0119pno\u015bci [&hellip;]<\/p>\n","protected":false},"author":1,"featured_media":1482,"comment_status":"open","ping_status":"closed","sticky":false,"template":"","format":"standard","meta":{"footnotes":""},"categories":[1],"tags":[77],"global-categories":[],"class_list":["post-1478","post","type-post","status-publish","format-standard","has-post-thumbnail","hentry","category-uncategorized","tag-tour-de-france"],"yoast_head":"<!-- This site is optimized with the Yoast SEO Premium plugin v25.3 (Yoast SEO v25.9) - https:\/\/yoast.com\/wordpress\/plugins\/seo\/ -->\n<title>Mama szoferka: Emily Finch - \u0160koda We Love Cycling - Poland<\/title>\n<meta name=\"robots\" content=\"index, follow, max-snippet:-1, max-image-preview:large, max-video-preview:-1\" \/>\n<link rel=\"canonical\" href=\"https:\/\/www.welovecycling.com\/pl\/2016\/07\/21\/mama-szoferka-emily-finch\/\" \/>\n<meta property=\"og:locale\" content=\"pl_PL\" \/>\n<meta property=\"og:type\" content=\"article\" \/>\n<meta property=\"og:title\" content=\"Mama szoferka: Emily Finch\" \/>\n<meta property=\"og:description\" content=\"Wiele os\u00f3b ma k\u0142opot z decyzj\u0105 o zmianie samochodu na rower. Wydaje si\u0119, \u017ce czynniki takie jak wygoda, brak dost\u0119pno\u015bci [&hellip;]\" \/>\n<meta property=\"og:url\" content=\"https:\/\/www.welovecycling.com\/pl\/2016\/07\/21\/mama-szoferka-emily-finch\/\" \/>\n<meta property=\"og:site_name\" content=\"\u0160koda We Love Cycling - Poland\" \/>\n<meta property=\"article:published_time\" content=\"2016-07-21T15:17:09+00:00\" \/>\n<meta property=\"article:modified_time\" content=\"2016-12-05T08:47:14+00:00\" \/>\n<meta property=\"og:image\" content=\"https:\/\/d2p6e6u75xmxt8.cloudfront.net\/5\/2016\/07\/BYPbSMUCMAM-TmV-1.jpg\" \/>\n\t<meta property=\"og:image:width\" content=\"720\" \/>\n\t<meta property=\"og:image:height\" content=\"720\" \/>\n\t<meta property=\"og:image:type\" content=\"image\/jpeg\" \/>\n<meta name=\"author\" content=\"WeLoveCycling\" \/>\n<meta name=\"twitter:card\" content=\"summary_large_image\" \/>\n<meta name=\"twitter:label1\" content=\"Written by\" \/>\n\t<meta name=\"twitter:data1\" content=\"WeLoveCycling\" \/>\n\t<meta name=\"twitter:label2\" content=\"Est. reading time\" \/>\n\t<meta name=\"twitter:data2\" content=\"5 minutes\" \/>\n<script type=\"application\/ld+json\" class=\"yoast-schema-graph\">{\"@context\":\"https:\/\/schema.org\",\"@graph\":[{\"@type\":\"WebPage\",\"@id\":\"https:\/\/www.welovecycling.com\/pl\/2016\/07\/21\/mama-szoferka-emily-finch\/\",\"url\":\"https:\/\/www.welovecycling.com\/pl\/2016\/07\/21\/mama-szoferka-emily-finch\/\",\"name\":\"Mama szoferka: Emily Finch - \u0160koda We Love Cycling - Poland\",\"isPartOf\":{\"@id\":\"https:\/\/www.welovecycling.com\/pl\/#website\"},\"primaryImageOfPage\":{\"@id\":\"https:\/\/www.welovecycling.com\/pl\/2016\/07\/21\/mama-szoferka-emily-finch\/#primaryimage\"},\"image\":{\"@id\":\"https:\/\/www.welovecycling.com\/pl\/2016\/07\/21\/mama-szoferka-emily-finch\/#primaryimage\"},\"thumbnailUrl\":\"https:\/\/d2p6e6u75xmxt8.cloudfront.net\/5\/2016\/07\/BYPbSMUCMAM-TmV-1.jpg\",\"datePublished\":\"2016-07-21T15:17:09+00:00\",\"dateModified\":\"2016-12-05T08:47:14+00:00\",\"author\":{\"@id\":\"https:\/\/www.welovecycling.com\/pl\/#\/schema\/person\/e5187c9cac8dd619ebc7b41bd73c2fd9\"},\"breadcrumb\":{\"@id\":\"https:\/\/www.welovecycling.com\/pl\/2016\/07\/21\/mama-szoferka-emily-finch\/#breadcrumb\"},\"inLanguage\":\"pl-PL\",\"potentialAction\":[{\"@type\":\"ReadAction\",\"target\":[\"https:\/\/www.welovecycling.com\/pl\/2016\/07\/21\/mama-szoferka-emily-finch\/\"]}]},{\"@type\":\"ImageObject\",\"inLanguage\":\"pl-PL\",\"@id\":\"https:\/\/www.welovecycling.com\/pl\/2016\/07\/21\/mama-szoferka-emily-finch\/#primaryimage\",\"url\":\"https:\/\/d2p6e6u75xmxt8.cloudfront.net\/5\/2016\/07\/BYPbSMUCMAM-TmV-1.jpg\",\"contentUrl\":\"https:\/\/d2p6e6u75xmxt8.cloudfront.net\/5\/2016\/07\/BYPbSMUCMAM-TmV-1.jpg\",\"width\":720,\"height\":720},{\"@type\":\"BreadcrumbList\",\"@id\":\"https:\/\/www.welovecycling.com\/pl\/2016\/07\/21\/mama-szoferka-emily-finch\/#breadcrumb\",\"itemListElement\":[{\"@type\":\"ListItem\",\"position\":1,\"name\":\"Home\",\"item\":\"https:\/\/www.welovecycling.com\/pl\/\"},{\"@type\":\"ListItem\",\"position\":2,\"name\":\"Mama szoferka: Emily Finch\"}]},{\"@type\":\"WebSite\",\"@id\":\"https:\/\/www.welovecycling.com\/pl\/#website\",\"url\":\"https:\/\/www.welovecycling.com\/pl\/\",\"name\":\"\u0160koda We Love Cycling - Poland\",\"description\":\"\",\"potentialAction\":[{\"@type\":\"SearchAction\",\"target\":{\"@type\":\"EntryPoint\",\"urlTemplate\":\"https:\/\/www.welovecycling.com\/pl\/?s={search_term_string}\"},\"query-input\":{\"@type\":\"PropertyValueSpecification\",\"valueRequired\":true,\"valueName\":\"search_term_string\"}}],\"inLanguage\":\"pl-PL\"},{\"@type\":\"Person\",\"@id\":\"https:\/\/www.welovecycling.com\/pl\/#\/schema\/person\/e5187c9cac8dd619ebc7b41bd73c2fd9\",\"name\":\"WeLoveCycling\",\"image\":{\"@type\":\"ImageObject\",\"inLanguage\":\"pl-PL\",\"@id\":\"https:\/\/www.welovecycling.com\/pl\/#\/schema\/person\/image\/\",\"url\":\"https:\/\/secure.gravatar.com\/avatar\/7e1ee0ecc5e294b19ef32b9f6086e0afbb9da00c3cb0d465ba4695331f4a9187?s=96&d=mm&r=g\",\"contentUrl\":\"https:\/\/secure.gravatar.com\/avatar\/7e1ee0ecc5e294b19ef32b9f6086e0afbb9da00c3cb0d465ba4695331f4a9187?s=96&d=mm&r=g\",\"caption\":\"WeLoveCycling\"},\"url\":\"https:\/\/www.welovecycling.com\/pl\/author\/lukascech\/\"}]}<\/script>\n<!-- \/ Yoast SEO Premium plugin. -->","yoast_head_json":{"title":"Mama szoferka: Emily Finch - \u0160koda We Love Cycling - Poland","robots":{"index":"index","follow":"follow","max-snippet":"max-snippet:-1","max-image-preview":"max-image-preview:large","max-video-preview":"max-video-preview:-1"},"canonical":"https:\/\/www.welovecycling.com\/pl\/2016\/07\/21\/mama-szoferka-emily-finch\/","og_locale":"pl_PL","og_type":"article","og_title":"Mama szoferka: Emily Finch","og_description":"Wiele os\u00f3b ma k\u0142opot z decyzj\u0105 o zmianie samochodu na rower. Wydaje si\u0119, \u017ce czynniki takie jak wygoda, brak dost\u0119pno\u015bci [&hellip;]","og_url":"https:\/\/www.welovecycling.com\/pl\/2016\/07\/21\/mama-szoferka-emily-finch\/","og_site_name":"\u0160koda We Love Cycling - Poland","article_published_time":"2016-07-21T15:17:09+00:00","article_modified_time":"2016-12-05T08:47:14+00:00","og_image":[{"width":720,"height":720,"url":"https:\/\/d2p6e6u75xmxt8.cloudfront.net\/5\/2016\/07\/BYPbSMUCMAM-TmV-1.jpg","type":"image\/jpeg"}],"author":"WeLoveCycling","twitter_card":"summary_large_image","twitter_misc":{"Written by":"WeLoveCycling","Est. reading time":"5 minutes"},"schema":{"@context":"https:\/\/schema.org","@graph":[{"@type":"WebPage","@id":"https:\/\/www.welovecycling.com\/pl\/2016\/07\/21\/mama-szoferka-emily-finch\/","url":"https:\/\/www.welovecycling.com\/pl\/2016\/07\/21\/mama-szoferka-emily-finch\/","name":"Mama szoferka: Emily Finch - \u0160koda We Love Cycling - Poland","isPartOf":{"@id":"https:\/\/www.welovecycling.com\/pl\/#website"},"primaryImageOfPage":{"@id":"https:\/\/www.welovecycling.com\/pl\/2016\/07\/21\/mama-szoferka-emily-finch\/#primaryimage"},"image":{"@id":"https:\/\/www.welovecycling.com\/pl\/2016\/07\/21\/mama-szoferka-emily-finch\/#primaryimage"},"thumbnailUrl":"https:\/\/d2p6e6u75xmxt8.cloudfront.net\/5\/2016\/07\/BYPbSMUCMAM-TmV-1.jpg","datePublished":"2016-07-21T15:17:09+00:00","dateModified":"2016-12-05T08:47:14+00:00","author":{"@id":"https:\/\/www.welovecycling.com\/pl\/#\/schema\/person\/e5187c9cac8dd619ebc7b41bd73c2fd9"},"breadcrumb":{"@id":"https:\/\/www.welovecycling.com\/pl\/2016\/07\/21\/mama-szoferka-emily-finch\/#breadcrumb"},"inLanguage":"pl-PL","potentialAction":[{"@type":"ReadAction","target":["https:\/\/www.welovecycling.com\/pl\/2016\/07\/21\/mama-szoferka-emily-finch\/"]}]},{"@type":"ImageObject","inLanguage":"pl-PL","@id":"https:\/\/www.welovecycling.com\/pl\/2016\/07\/21\/mama-szoferka-emily-finch\/#primaryimage","url":"https:\/\/d2p6e6u75xmxt8.cloudfront.net\/5\/2016\/07\/BYPbSMUCMAM-TmV-1.jpg","contentUrl":"https:\/\/d2p6e6u75xmxt8.cloudfront.net\/5\/2016\/07\/BYPbSMUCMAM-TmV-1.jpg","width":720,"height":720},{"@type":"BreadcrumbList","@id":"https:\/\/www.welovecycling.com\/pl\/2016\/07\/21\/mama-szoferka-emily-finch\/#breadcrumb","itemListElement":[{"@type":"ListItem","position":1,"name":"Home","item":"https:\/\/www.welovecycling.com\/pl\/"},{"@type":"ListItem","position":2,"name":"Mama szoferka: Emily Finch"}]},{"@type":"WebSite","@id":"https:\/\/www.welovecycling.com\/pl\/#website","url":"https:\/\/www.welovecycling.com\/pl\/","name":"\u0160koda We Love Cycling - Poland","description":"","potentialAction":[{"@type":"SearchAction","target":{"@type":"EntryPoint","urlTemplate":"https:\/\/www.welovecycling.com\/pl\/?s={search_term_string}"},"query-input":{"@type":"PropertyValueSpecification","valueRequired":true,"valueName":"search_term_string"}}],"inLanguage":"pl-PL"},{"@type":"Person","@id":"https:\/\/www.welovecycling.com\/pl\/#\/schema\/person\/e5187c9cac8dd619ebc7b41bd73c2fd9","name":"WeLoveCycling","image":{"@type":"ImageObject","inLanguage":"pl-PL","@id":"https:\/\/www.welovecycling.com\/pl\/#\/schema\/person\/image\/","url":"https:\/\/secure.gravatar.com\/avatar\/7e1ee0ecc5e294b19ef32b9f6086e0afbb9da00c3cb0d465ba4695331f4a9187?s=96&d=mm&r=g","contentUrl":"https:\/\/secure.gravatar.com\/avatar\/7e1ee0ecc5e294b19ef32b9f6086e0afbb9da00c3cb0d465ba4695331f4a9187?s=96&d=mm&r=g","caption":"WeLoveCycling"},"url":"https:\/\/www.welovecycling.com\/pl\/author\/lukascech\/"}]}},"_links":{"self":[{"href":"https:\/\/www.welovecycling.com\/pl\/wp-json\/wp\/v2\/posts\/1478","targetHints":{"allow":["GET"]}}],"collection":[{"href":"https:\/\/www.welovecycling.com\/pl\/wp-json\/wp\/v2\/posts"}],"about":[{"href":"https:\/\/www.welovecycling.com\/pl\/wp-json\/wp\/v2\/types\/post"}],"author":[{"embeddable":true,"href":"https:\/\/www.welovecycling.com\/pl\/wp-json\/wp\/v2\/users\/1"}],"replies":[{"embeddable":true,"href":"https:\/\/www.welovecycling.com\/pl\/wp-json\/wp\/v2\/comments?post=1478"}],"version-history":[{"count":1,"href":"https:\/\/www.welovecycling.com\/pl\/wp-json\/wp\/v2\/posts\/1478\/revisions"}],"predecessor-version":[{"id":2417,"href":"https:\/\/www.welovecycling.com\/pl\/wp-json\/wp\/v2\/posts\/1478\/revisions\/2417"}],"wp:featuredmedia":[{"embeddable":true,"href":"https:\/\/www.welovecycling.com\/pl\/wp-json\/wp\/v2\/media\/1482"}],"wp:attachment":[{"href":"https:\/\/www.welovecycling.com\/pl\/wp-json\/wp\/v2\/media?parent=1478"}],"wp:term":[{"taxonomy":"category","embeddable":true,"href":"https:\/\/www.welovecycling.com\/pl\/wp-json\/wp\/v2\/categories?post=1478"},{"taxonomy":"post_tag","embeddable":true,"href":"https:\/\/www.welovecycling.com\/pl\/wp-json\/wp\/v2\/tags?post=1478"},{"taxonomy":"global-categories","embeddable":true,"href":"https:\/\/www.welovecycling.com\/pl\/wp-json\/wp\/v2\/global-categories?post=1478"}],"curies":[{"name":"wp","href":"https:\/\/api.w.org\/{rel}","templated":true}]}}