{"id":14761,"date":"2024-05-24T09:57:56","date_gmt":"2024-05-24T09:57:56","guid":{"rendered":"https:\/\/www.welovecycling.com\/pl\/?p=14761"},"modified":"2024-05-24T09:57:56","modified_gmt":"2024-05-24T09:57:56","slug":"wzmacnianie-pozycji-kobiet-pionierki-w-branzy-rowerowej","status":"publish","type":"post","link":"https:\/\/www.welovecycling.com\/pl\/2024\/05\/24\/wzmacnianie-pozycji-kobiet-pionierki-w-branzy-rowerowej\/","title":{"rendered":"Wzmacnianie pozycji kobiet: Pionierki w bran\u017cy rowerowej"},"content":{"rendered":"<p><strong>Historia kolarstwa opiera si\u0119 na duchu innowacji, przygody i\u00a0wolno\u015bci. Sam rower r\u00f3wnie\u017c przeszed\u0142 imponuj\u0105c\u0105 ewolucj\u0119 \u2013\u00a0od\u00a0niezgrabnych welocyped\u00f3w z lat 60. XIX wieku do eleganckich, zaawansowanych technologicznie pojazd\u00f3w, jakie produkuje si\u0119 dzi\u015b. Jednak niezale\u017cnie od tego post\u0119pu bran\u017ca rowerowa nieprzerwanie boryka si\u0119 z jednym istotnym problemem: brakiem r\u00f3\u017cnorodno\u015bci i odpowiedniej reprezentacji kobiet. Mimo \u017ce\u00a0podejmowane s\u0105 kolejne kroki na rzecz inkluzywno\u015bci, a liczne wspania\u0142e kolarki od lat dokonuj\u0105 niezwyk\u0142ych wyczyn\u00f3w, bran\u017ca rowerowa wci\u0105\u017c zdominowana jest przez m\u0119\u017cczyzn \u2013 zar\u00f3wno w obszarze produkcji, jak i pod wzgl\u0119dem obsadzenia stanowisk kierowniczych.<\/strong><\/p>\n<p>Gdy kolarstwo zacz\u0119\u0142o zyskiwa\u0107 popularno\u015b\u0107 pod koniec XIX wieku, od\u00a0kobiet oczekiwano przede wszystkim zajmowania si\u0119 domem. Uwa\u017cano, \u017ce nie s\u0105 wystarczaj\u0105co kompetentne, by anga\u017cowa\u0107 si\u0119 w kwestie zwi\u0105zane z mechanik\u0105. Jednak pomimo licznych kpin i sceptycznego nastawienia ze\u00a0strony \u015brodowiska kolarskiego kilka pionierek postanowi\u0142o prze\u0142ama\u0107 te\u00a0stereotypy. Cho\u0107 w dzisiejszych czasach kobiety zajmuj\u0105 znacznie bardziej prominentn\u0105 pozycj\u0119 w bran\u017cy rowerowej, jej wy\u017csze szczeble nadal przypominaj\u0105 staromodny klub d\u017centelmen\u00f3w.<\/p>\n<p>Jak wynika z najnowszego raportu stowarzyszenia bran\u017cowego Bicycle Association, kobiety zajmuj\u0105 zaledwie 8% stanowisk w warsztatach rowerowych i 19% stanowisk zwi\u0105zanych z obs\u0142ug\u0105 klienta. Co wi\u0119cej, mimo \u017ce 40% r\u00f3l administracyjnych powierzanych jest kobietom, bardzo niewiele z\u00a0nich obejmuje wy\u017csze stanowiska menad\u017cerskie. Ta dysproporcja zupe\u0142nie nie\u00a0pokrywa si\u0119 z sytuacj\u0105 na rynku pracy, gdzie kobiety stanowi\u0105 prawie po\u0142ow\u0119 wszystkich pracownik\u00f3w.<\/p>\n<p>Warto jednak zauwa\u017cy\u0107, \u017ce niekt\u00f3rym kobietom udaje si\u0119 zdoby\u0107 nale\u017cn\u0105 im\u00a0pozycj\u0119 w bran\u017cy \u2013 wtedy mog\u0105 podejmowa\u0107 kolejne dzia\u0142ania maj\u0105ce na celu poprowadzenie jej we w\u0142a\u015bciwym kierunku. Postanowi\u0142am przedstawi\u0107 kilka wyj\u0105tkowych osobisto\u015bci, kt\u00f3re przyczyniaj\u0105 si\u0119 do wprowadzania pozytywnych zmian w\u00a0bran\u017cy rowerowej.<\/p>\n<p><span style=\"font-size: 18pt;\"><strong>Rachael Burnside: wzmacnianie pozycji kobiet przez mentoring<\/strong><\/span><\/p>\n<p>Rachael Burnside, dyrektorka biznesowa w Shift Active Media, odgrywa czo\u0142ow\u0105 rol\u0119 we wspieraniu inicjatyw zmierzaj\u0105cych do wzmocnienia pozycji kobiet w bran\u017cy rowerowej. Zainspirowana korzy\u015bciami, jakie sama czerpa\u0142a z mentoringu, Rachael wdro\u017cy\u0142a \u201eUplift\u201d \u2013 program mentoringowy w zakresie rozwoju zawodowego. Uczestniczki programu komunikuj\u0105 si\u0119 z do\u015bwiadczonymi profesjonalistami, kt\u00f3rzy pomagaj\u0105 takim aspiruj\u0105cym liderkom pewnie wspina\u0107 si\u0119 po szczeblach kariery. W ramach swoich dzia\u0142a\u0144 na rzecz promowania utalentowanych kobiet Rachael podkre\u015bla znaczenie odpowiedniej reprezentacji i wsparcia w tej bran\u017cy. Za swoje wysi\u0142ki maj\u0105ce na celu zapewnienie kobietom pomocy, kt\u00f3rej potrzebuj\u0105 do rozwoju, Rachael bez w\u0105tpienia zas\u0142uguje na ogromne uznanie!<\/p>\n<p><span style=\"font-size: 18pt;\"><strong>Elizabeth Walker: promowanie nowego podej\u015bcia do zarz\u0105dzania zespo\u0142em<\/strong><\/span><\/p>\n<p><a href=\"https:\/\/www.instagram.com\/p\/CqduwU8MHcV\/?utm_source=ig_embed&amp;ig_rid=5f631c05-1349-4c8d-8633-8692b77d3413\">https:\/\/www.instagram.com\/p\/CqduwU8MHcV\/?utm_source=ig_embed&amp;ig_rid=5f631c05-1349-4c8d-8633-8692b77d3413<\/a><\/p>\n<p>Aktywno\u015b\u0107 Elizabeth Walker, kierowniczki zespo\u0142u w Liv Factory Racing, jest doskona\u0142\u0105 ilustracj\u0105 wytrwa\u0142o\u015bci i po\u015bwi\u0119cenia w \u015brodowisku zdominowanym przez m\u0119\u017cczyzn. Jako jedna z niewielu kobiet pe\u0142ni\u0105cych t\u0119\u00a0funkcj\u0119 Elizabeth nadzoruje zr\u00f3\u017cnicowany zesp\u00f3\u0142 z\u0142o\u017cony ze sportowc\u00f3w i\u00a0personelu pomocniczego. Jej droga od zawodniczki bior\u0105cej udzia\u0142 w\u00a0uczelnianych zawodach kolarstwa g\u00f3rskiego do kierowniczki zespo\u0142u odzwierciedla zar\u00f3wno pasj\u0119 Elizabeth do sportu, jak i jej zaanga\u017cowanie w\u00a0rozw\u00f3j talent\u00f3w. Co wi\u0119cej, jej inkluzywny styl zarz\u0105dzania zespo\u0142em zyska\u0142 szerokie uznanie ze wzgl\u0119du na promowanie kultury opartej na\u00a0wsparciu, empatii i wsp\u00f3\u0142pracy. Poprzez utrzymywanie wyj\u0105tkowej atmosfery w swoim zespole Elizabeth przeciwstawia si\u0119 stereotypom i toruje drog\u0119 dla przysz\u0142ych pokole\u0144 kobiet w bran\u017cy rowerowej.<\/p>\n<p><span style=\"font-size: 18pt;\"><strong>Kate Veronneau: wspieranie kobiecego kolarstwa<\/strong><\/span><\/p>\n<p>Jako dyrektorka ds. strategii na rzecz kobiet w Zwift Kate Veronneau stale podejmuje dzia\u0142ania b\u0119d\u0105ce si\u0142\u0105 nap\u0119dow\u0105 inicjatyw, kt\u00f3re maj\u0105 na celu zapewnienie wi\u0119kszej r\u00f3wnowagi p\u0142ci w kolarstwie. Kate nadzoruje takie programy jak Tour de France Femmes avec Zwift i Zwift Academy, kt\u00f3re wspieraj\u0105 aspiruj\u0105ce kolarki. Jej wysi\u0142ki na rzecz reprezentacji kobiet nie ograniczaj\u0105 si\u0119 tylko do kwestii zwi\u0105zanych z zatrudnieniem, ale obejmuj\u0105 tak\u017ce promowanie tolerancji i r\u00f3wno\u015bci w\u015br\u00f3d spo\u0142eczno\u015bci kolarskiej. Wizja Kate dotycz\u0105ca bardziej inkluzywnej bran\u017cy rowerowej inspiruje ludzi oraz przyczynia si\u0119 do zmian i post\u0119pu w tym zakresie.<\/p>\n<p><span style=\"font-size: 18pt;\"><strong>Cassondra Spring: kszta\u0142towanie to\u017csamo\u015bci marki<\/strong><\/span><\/p>\n<p><a href=\"https:\/\/www.instagram.com\/p\/CgvsOgTqlT_\/?utm_source=ig_embed&amp;ig_rid=5fbc0af9-b7b1-4c0b-9999-78dc2e0adb38\">https:\/\/www.instagram.com\/p\/CgvsOgTqlT_\/?utm_source=ig_embed&amp;ig_rid=5fbc0af9-b7b1-4c0b-9999-78dc2e0adb38<\/a><\/p>\n<p>Cassondra Spring, globalna dyrektor ds. marki w Liv Cycling, jest w pe\u0142ni \u015bwiadoma ewolucji w bran\u017cy rowerowej. Dzi\u0119ki swoim dokonaniom w\u00a0zakresie marketingu i budowania to\u017csamo\u015bci marki Cassondra odgrywa kluczow\u0105 rol\u0119 w kszta\u0142towaniu wizerunku Liv Cycling. Jej wysi\u0142ki na rzecz promowania r\u00f3\u017cnorodno\u015bci i inkluzywno\u015bci odzwierciedlaj\u0105 zaanga\u017cowanie marki w popraw\u0119 pozycji kobiet w kolarstwie, natomiast innowacyjne podej\u015bcie Cassondry do marketingu przyczynia si\u0119 do wzmacniania g\u0142osu rowerzystek na ca\u0142ym \u015bwiecie.<\/p>\n<p><span style=\"font-size: 18pt;\"><strong>Sasha Castling: prze\u0142amywanie barier w zakresie PR<\/strong><\/span><\/p>\n<p>Sasha Castling, dyrektorka ds. public relations w Ribble Cycles, uosabia wytrwa\u0142o\u015b\u0107 i determinacj\u0119. Jako pionierka w dziedzinie public relations Sasha bez problemu odnalaz\u0142a si\u0119 w bran\u017cy zdominowanej przez m\u0119\u017cczyzn. Do swojej pracy podchodzi z pewno\u015bci\u0105 siebie i wdzi\u0119kiem. W ramach promowania r\u00f3wno\u015bci p\u0142ci i reprezentacji Sasha podkre\u015bla znaczenie r\u00f3\u017cnorodnych perspektyw w kszta\u0142towaniu narracji zwi\u0105zanej z kolarstwem. Niezachwiane zaanga\u017cowanie Sashy w prze\u0142amywanie barier inspiruje innych do obalania stereotyp\u00f3w i nieustraszonego rozwijania swoich pasji.<\/p>\n<p><span style=\"font-size: 18pt;\"><strong>Mei Ling Rider: przekszta\u0142canie strategii marketingowych<\/strong><\/span><\/p>\n<p>Dysponuj\u0105ca bogatym do\u015bwiadczeniem Mei Ling Rider od listopada 2021 roku piastuje stanowisko dyrektorki ds. marketingu w BMC Switzerland. Wcze\u015bniej Mei Ling pe\u0142ni\u0142a t\u0119 funkcj\u0119 w G2 Esports i przyczyni\u0142a si\u0119 do\u00a0rozwoju oraz sukcesu tej organizacji e-sportowej. Zanim jeszcze wkroczy\u0142a do \u015bwiata e-sportu, Mei Ling zajmowa\u0142a wa\u017cne stanowiska w firmie Red Bull (w tym globalnej dyrektor ds. medi\u00f3w i marketingu docelowego), gdzie wielokrotnie mia\u0142a okazj\u0119 zademonstrowa\u0107 swoje umiej\u0119tno\u015bci w zakresie strategii medialnej i zwi\u0119kszania zaanga\u017cowania odbiorc\u00f3w. Mei Ling Rider jest pionierk\u0105 marketingu, kt\u00f3ra w ramach swojej roli w BMC Switzerland podkre\u015bla potrzeb\u0119 realizacji przysz\u0142o\u015bciowej strategii oraz wspierania kultury promuj\u0105cej kreatywno\u015b\u0107 i nowatorstwo.<\/p>\n<p><span style=\"font-size: 18pt;\"><strong>Christina Lindquist: wprowadzanie innowacji w marketingu<\/strong><\/span><\/p>\n<p>Christina Lindquist od czerwca 2023 roku b\u0142yszczy w \u015bwiecie kolarstwa jako globalna dyrektor ds. marketingu w firmie Rapha. Christina mo\u017ce pochwali\u0107 si\u0119 rozleg\u0142\u0105 wiedz\u0105 z zakresu marketingu i zarz\u0105dzania \u2013 uzyska\u0142a dyplom Chartered Institute of Marketing (CIM) na poziomie certyfikacji Professional Diploma in Marketing oraz tytu\u0142 magistra marketingu i zarz\u0105dzania na\u00a0Uniwersytecie Loughborough. W trakcie swojej kariery obejmowa\u0142a tak\u017ce inne znacz\u0105ce stanowiska, m.in. globalnej dyrektor ds. marketingu w Brompton Bicycle oraz dyrektor ds. strategii marki i komunikacji w Hostmaker. Specjalistyczna wiedza Christiny i ci\u0105g\u0142e d\u0105\u017cenie do wprowadzania innowacji uczyni\u0142y z niej liderk\u0119 marketingu w bran\u017cy rowerowej.<\/p>\n<p>Jak wida\u0107, kobiety zmieniaj\u0105 oblicze kolarstwa we wszystkich obszarach, od\u00a0marketingu po in\u017cynieri\u0119, nap\u0119dzaj\u0105c innowacje i post\u0119p. Uhonorujmy wk\u0142ad wszystkich or\u0119downiczek zmian i wsp\u00f3lnie dzia\u0142ajmy na rzecz zapewnienia wi\u0119kszej r\u00f3\u017cnorodno\u015bci p\u0142ci i tolerancji w bran\u017cy rowerowej. Razem mo\u017cemy stworzy\u0107 bardziej sprawiedliw\u0105 i inkluzywn\u0105 przysz\u0142o\u015b\u0107 dla wszystkich kolarek!<\/p>\n<p><a class=\"in-cell-link\" href=\"http:\/\/www.skoda-auto.pl\/?_gl=1*kfokfz*GA4_ga*NTZ4YXR1NGYtcnljei1ndnY5LXdlcHAtYm9xa21sczVwOWxq*GA4_ga_KSPVKPC6VY*MTcxNjU0Mjc1My4xMTAuMS4xNzE2NTQyNzY2LjAuMC4xNjMyNDExMjI1*_gcl_au*MTQ0ODk4NzUyOS4xNzEyNTc2Nzkw\" target=\"_blank\" rel=\"noopener\">Artyku\u0142 powsta\u0142 we wsp\u00f3\u0142pracy ze skoda-auto.pl<\/a><\/p>\n<p><img decoding=\"async\" src=\"https:\/\/d2p6e6u75xmxt8.cloudfront.net\/5\/2030\/11\/1.webp\" \/><\/p>\n","protected":false},"excerpt":{"rendered":"<p>Historia kolarstwa opiera si\u0119 na duchu innowacji, przygody i\u00a0wolno\u015bci. Sam rower r\u00f3wnie\u017c przeszed\u0142 imponuj\u0105c\u0105 ewolucj\u0119 \u2013\u00a0od\u00a0niezgrabnych welocyped\u00f3w z lat 60. [&hellip;]<\/p>\n","protected":false},"author":153,"featured_media":14767,"comment_status":"open","ping_status":"open","sticky":false,"template":"","format":"standard","meta":{"footnotes":""},"categories":[371],"tags":[238,149,191,404,373],"global-categories":[303],"class_list":["post-14761","post","type-post","status-publish","format-standard","has-post-thumbnail","hentry","category-kultura-i-zycie-spoleczne","tag-kobiety","tag-kobiety-swiata-kolarstwa","tag-skoda","tag-skodapolska","tag-zycie-spoleczne","global-categories-cycling"],"yoast_head":"<!-- This site is optimized with the Yoast SEO Premium plugin v25.3 (Yoast SEO v25.9) - https:\/\/yoast.com\/wordpress\/plugins\/seo\/ -->\n<title>Wzmacnianie pozycji kobiet: Pionierki w bran\u017cy rowerowej - \u0160koda We Love Cycling - Poland<\/title>\n<meta name=\"robots\" content=\"index, follow, max-snippet:-1, max-image-preview:large, max-video-preview:-1\" \/>\n<link rel=\"canonical\" href=\"https:\/\/www.welovecycling.com\/pl\/2024\/05\/24\/wzmacnianie-pozycji-kobiet-pionierki-w-branzy-rowerowej\/\" \/>\n<meta property=\"og:locale\" content=\"pl_PL\" \/>\n<meta property=\"og:type\" content=\"article\" \/>\n<meta property=\"og:title\" content=\"Wzmacnianie pozycji kobiet: Pionierki w bran\u017cy rowerowej\" \/>\n<meta property=\"og:description\" content=\"Historia kolarstwa opiera si\u0119 na duchu innowacji, przygody i\u00a0wolno\u015bci. Sam rower r\u00f3wnie\u017c przeszed\u0142 imponuj\u0105c\u0105 ewolucj\u0119 \u2013\u00a0od\u00a0niezgrabnych welocyped\u00f3w z lat 60. [&hellip;]\" \/>\n<meta property=\"og:url\" content=\"https:\/\/www.welovecycling.com\/pl\/2024\/05\/24\/wzmacnianie-pozycji-kobiet-pionierki-w-branzy-rowerowej\/\" \/>\n<meta property=\"og:site_name\" content=\"\u0160koda We Love Cycling - Poland\" \/>\n<meta property=\"article:published_time\" content=\"2024-05-24T09:57:56+00:00\" \/>\n<meta property=\"og:image\" content=\"https:\/\/d2p6e6u75xmxt8.cloudfront.net\/5\/2024\/05\/MicrosoftTeams-image-83-1.webp\" \/>\n\t<meta property=\"og:image:width\" content=\"990\" \/>\n\t<meta property=\"og:image:height\" content=\"660\" \/>\n\t<meta property=\"og:image:type\" content=\"image\/webp\" \/>\n<meta name=\"author\" content=\"rafal\" \/>\n<meta name=\"twitter:card\" content=\"summary_large_image\" \/>\n<meta name=\"twitter:label1\" content=\"Written by\" \/>\n\t<meta name=\"twitter:data1\" content=\"Megan Flottorp\" \/>\n\t<meta name=\"twitter:label2\" content=\"Est. reading time\" \/>\n\t<meta name=\"twitter:data2\" content=\"5\" \/>\n<script type=\"application\/ld+json\" class=\"yoast-schema-graph\">{\"@context\":\"https:\/\/schema.org\",\"@graph\":[{\"@type\":\"WebPage\",\"@id\":\"https:\/\/www.welovecycling.com\/pl\/2024\/05\/24\/wzmacnianie-pozycji-kobiet-pionierki-w-branzy-rowerowej\/\",\"url\":\"https:\/\/www.welovecycling.com\/pl\/2024\/05\/24\/wzmacnianie-pozycji-kobiet-pionierki-w-branzy-rowerowej\/\",\"name\":\"Wzmacnianie pozycji kobiet: Pionierki w bran\u017cy rowerowej - \u0160koda We Love Cycling - Poland\",\"isPartOf\":{\"@id\":\"https:\/\/www.welovecycling.com\/pl\/#website\"},\"primaryImageOfPage\":{\"@id\":\"https:\/\/www.welovecycling.com\/pl\/2024\/05\/24\/wzmacnianie-pozycji-kobiet-pionierki-w-branzy-rowerowej\/#primaryimage\"},\"image\":{\"@id\":\"https:\/\/www.welovecycling.com\/pl\/2024\/05\/24\/wzmacnianie-pozycji-kobiet-pionierki-w-branzy-rowerowej\/#primaryimage\"},\"thumbnailUrl\":\"https:\/\/d2p6e6u75xmxt8.cloudfront.net\/5\/2024\/05\/MicrosoftTeams-image-83-1.webp\",\"datePublished\":\"2024-05-24T09:57:56+00:00\",\"author\":{\"@id\":\"https:\/\/www.welovecycling.com\/pl\/#\/schema\/person\/bf06ed916a1ef16618807fb60d2ebe42\"},\"breadcrumb\":{\"@id\":\"https:\/\/www.welovecycling.com\/pl\/2024\/05\/24\/wzmacnianie-pozycji-kobiet-pionierki-w-branzy-rowerowej\/#breadcrumb\"},\"inLanguage\":\"pl-PL\",\"potentialAction\":[{\"@type\":\"ReadAction\",\"target\":[\"https:\/\/www.welovecycling.com\/pl\/2024\/05\/24\/wzmacnianie-pozycji-kobiet-pionierki-w-branzy-rowerowej\/\"]}]},{\"@type\":\"ImageObject\",\"inLanguage\":\"pl-PL\",\"@id\":\"https:\/\/www.welovecycling.com\/pl\/2024\/05\/24\/wzmacnianie-pozycji-kobiet-pionierki-w-branzy-rowerowej\/#primaryimage\",\"url\":\"https:\/\/d2p6e6u75xmxt8.cloudfront.net\/5\/2024\/05\/MicrosoftTeams-image-83-1.webp\",\"contentUrl\":\"https:\/\/d2p6e6u75xmxt8.cloudfront.net\/5\/2024\/05\/MicrosoftTeams-image-83-1.webp\",\"width\":990,\"height\":660},{\"@type\":\"BreadcrumbList\",\"@id\":\"https:\/\/www.welovecycling.com\/pl\/2024\/05\/24\/wzmacnianie-pozycji-kobiet-pionierki-w-branzy-rowerowej\/#breadcrumb\",\"itemListElement\":[{\"@type\":\"ListItem\",\"position\":1,\"name\":\"Home\",\"item\":\"https:\/\/www.welovecycling.com\/pl\/\"},{\"@type\":\"ListItem\",\"position\":2,\"name\":\"Wzmacnianie pozycji kobiet: Pionierki w bran\u017cy rowerowej\"}]},{\"@type\":\"WebSite\",\"@id\":\"https:\/\/www.welovecycling.com\/pl\/#website\",\"url\":\"https:\/\/www.welovecycling.com\/pl\/\",\"name\":\"\u0160koda We Love Cycling - Poland\",\"description\":\"\",\"potentialAction\":[{\"@type\":\"SearchAction\",\"target\":{\"@type\":\"EntryPoint\",\"urlTemplate\":\"https:\/\/www.welovecycling.com\/pl\/?s={search_term_string}\"},\"query-input\":{\"@type\":\"PropertyValueSpecification\",\"valueRequired\":true,\"valueName\":\"search_term_string\"}}],\"inLanguage\":\"pl-PL\"},{\"@type\":\"Person\",\"@id\":\"https:\/\/www.welovecycling.com\/pl\/#\/schema\/person\/bf06ed916a1ef16618807fb60d2ebe42\",\"name\":\"rafal\",\"image\":{\"@type\":\"ImageObject\",\"inLanguage\":\"pl-PL\",\"@id\":\"https:\/\/www.welovecycling.com\/pl\/#\/schema\/person\/image\/\",\"url\":\"https:\/\/secure.gravatar.com\/avatar\/203f240e63bee214f6f3a0dacbeb600c7829c09716c2b9ee3230c6961debcde2?s=96&d=mm&r=g\",\"contentUrl\":\"https:\/\/secure.gravatar.com\/avatar\/203f240e63bee214f6f3a0dacbeb600c7829c09716c2b9ee3230c6961debcde2?s=96&d=mm&r=g\",\"caption\":\"rafal\"},\"url\":\"https:\/\/www.welovecycling.com\/pl\/author\/rafal\/\"}]}<\/script>\n<!-- \/ Yoast SEO Premium plugin. -->","yoast_head_json":{"title":"Wzmacnianie pozycji kobiet: Pionierki w bran\u017cy rowerowej - \u0160koda We Love Cycling - Poland","robots":{"index":"index","follow":"follow","max-snippet":"max-snippet:-1","max-image-preview":"max-image-preview:large","max-video-preview":"max-video-preview:-1"},"canonical":"https:\/\/www.welovecycling.com\/pl\/2024\/05\/24\/wzmacnianie-pozycji-kobiet-pionierki-w-branzy-rowerowej\/","og_locale":"pl_PL","og_type":"article","og_title":"Wzmacnianie pozycji kobiet: Pionierki w bran\u017cy rowerowej","og_description":"Historia kolarstwa opiera si\u0119 na duchu innowacji, przygody i\u00a0wolno\u015bci. Sam rower r\u00f3wnie\u017c przeszed\u0142 imponuj\u0105c\u0105 ewolucj\u0119 \u2013\u00a0od\u00a0niezgrabnych welocyped\u00f3w z lat 60. [&hellip;]","og_url":"https:\/\/www.welovecycling.com\/pl\/2024\/05\/24\/wzmacnianie-pozycji-kobiet-pionierki-w-branzy-rowerowej\/","og_site_name":"\u0160koda We Love Cycling - Poland","article_published_time":"2024-05-24T09:57:56+00:00","og_image":[{"width":990,"height":660,"url":"https:\/\/d2p6e6u75xmxt8.cloudfront.net\/5\/2024\/05\/MicrosoftTeams-image-83-1.webp","type":"image\/webp"}],"author":"rafal","twitter_card":"summary_large_image","twitter_misc":{"Written by":"Megan Flottorp","Est. reading time":"5"},"schema":{"@context":"https:\/\/schema.org","@graph":[{"@type":"WebPage","@id":"https:\/\/www.welovecycling.com\/pl\/2024\/05\/24\/wzmacnianie-pozycji-kobiet-pionierki-w-branzy-rowerowej\/","url":"https:\/\/www.welovecycling.com\/pl\/2024\/05\/24\/wzmacnianie-pozycji-kobiet-pionierki-w-branzy-rowerowej\/","name":"Wzmacnianie pozycji kobiet: Pionierki w bran\u017cy rowerowej - \u0160koda We Love Cycling - Poland","isPartOf":{"@id":"https:\/\/www.welovecycling.com\/pl\/#website"},"primaryImageOfPage":{"@id":"https:\/\/www.welovecycling.com\/pl\/2024\/05\/24\/wzmacnianie-pozycji-kobiet-pionierki-w-branzy-rowerowej\/#primaryimage"},"image":{"@id":"https:\/\/www.welovecycling.com\/pl\/2024\/05\/24\/wzmacnianie-pozycji-kobiet-pionierki-w-branzy-rowerowej\/#primaryimage"},"thumbnailUrl":"https:\/\/d2p6e6u75xmxt8.cloudfront.net\/5\/2024\/05\/MicrosoftTeams-image-83-1.webp","datePublished":"2024-05-24T09:57:56+00:00","author":{"@id":"https:\/\/www.welovecycling.com\/pl\/#\/schema\/person\/bf06ed916a1ef16618807fb60d2ebe42"},"breadcrumb":{"@id":"https:\/\/www.welovecycling.com\/pl\/2024\/05\/24\/wzmacnianie-pozycji-kobiet-pionierki-w-branzy-rowerowej\/#breadcrumb"},"inLanguage":"pl-PL","potentialAction":[{"@type":"ReadAction","target":["https:\/\/www.welovecycling.com\/pl\/2024\/05\/24\/wzmacnianie-pozycji-kobiet-pionierki-w-branzy-rowerowej\/"]}]},{"@type":"ImageObject","inLanguage":"pl-PL","@id":"https:\/\/www.welovecycling.com\/pl\/2024\/05\/24\/wzmacnianie-pozycji-kobiet-pionierki-w-branzy-rowerowej\/#primaryimage","url":"https:\/\/d2p6e6u75xmxt8.cloudfront.net\/5\/2024\/05\/MicrosoftTeams-image-83-1.webp","contentUrl":"https:\/\/d2p6e6u75xmxt8.cloudfront.net\/5\/2024\/05\/MicrosoftTeams-image-83-1.webp","width":990,"height":660},{"@type":"BreadcrumbList","@id":"https:\/\/www.welovecycling.com\/pl\/2024\/05\/24\/wzmacnianie-pozycji-kobiet-pionierki-w-branzy-rowerowej\/#breadcrumb","itemListElement":[{"@type":"ListItem","position":1,"name":"Home","item":"https:\/\/www.welovecycling.com\/pl\/"},{"@type":"ListItem","position":2,"name":"Wzmacnianie pozycji kobiet: Pionierki w bran\u017cy rowerowej"}]},{"@type":"WebSite","@id":"https:\/\/www.welovecycling.com\/pl\/#website","url":"https:\/\/www.welovecycling.com\/pl\/","name":"\u0160koda We Love Cycling - Poland","description":"","potentialAction":[{"@type":"SearchAction","target":{"@type":"EntryPoint","urlTemplate":"https:\/\/www.welovecycling.com\/pl\/?s={search_term_string}"},"query-input":{"@type":"PropertyValueSpecification","valueRequired":true,"valueName":"search_term_string"}}],"inLanguage":"pl-PL"},{"@type":"Person","@id":"https:\/\/www.welovecycling.com\/pl\/#\/schema\/person\/bf06ed916a1ef16618807fb60d2ebe42","name":"rafal","image":{"@type":"ImageObject","inLanguage":"pl-PL","@id":"https:\/\/www.welovecycling.com\/pl\/#\/schema\/person\/image\/","url":"https:\/\/secure.gravatar.com\/avatar\/203f240e63bee214f6f3a0dacbeb600c7829c09716c2b9ee3230c6961debcde2?s=96&d=mm&r=g","contentUrl":"https:\/\/secure.gravatar.com\/avatar\/203f240e63bee214f6f3a0dacbeb600c7829c09716c2b9ee3230c6961debcde2?s=96&d=mm&r=g","caption":"rafal"},"url":"https:\/\/www.welovecycling.com\/pl\/author\/rafal\/"}]}},"_links":{"self":[{"href":"https:\/\/www.welovecycling.com\/pl\/wp-json\/wp\/v2\/posts\/14761","targetHints":{"allow":["GET"]}}],"collection":[{"href":"https:\/\/www.welovecycling.com\/pl\/wp-json\/wp\/v2\/posts"}],"about":[{"href":"https:\/\/www.welovecycling.com\/pl\/wp-json\/wp\/v2\/types\/post"}],"author":[{"embeddable":true,"href":"https:\/\/www.welovecycling.com\/pl\/wp-json\/wp\/v2\/users\/153"}],"replies":[{"embeddable":true,"href":"https:\/\/www.welovecycling.com\/pl\/wp-json\/wp\/v2\/comments?post=14761"}],"version-history":[{"count":3,"href":"https:\/\/www.welovecycling.com\/pl\/wp-json\/wp\/v2\/posts\/14761\/revisions"}],"predecessor-version":[{"id":14768,"href":"https:\/\/www.welovecycling.com\/pl\/wp-json\/wp\/v2\/posts\/14761\/revisions\/14768"}],"wp:featuredmedia":[{"embeddable":true,"href":"https:\/\/www.welovecycling.com\/pl\/wp-json\/wp\/v2\/media\/14767"}],"wp:attachment":[{"href":"https:\/\/www.welovecycling.com\/pl\/wp-json\/wp\/v2\/media?parent=14761"}],"wp:term":[{"taxonomy":"category","embeddable":true,"href":"https:\/\/www.welovecycling.com\/pl\/wp-json\/wp\/v2\/categories?post=14761"},{"taxonomy":"post_tag","embeddable":true,"href":"https:\/\/www.welovecycling.com\/pl\/wp-json\/wp\/v2\/tags?post=14761"},{"taxonomy":"global-categories","embeddable":true,"href":"https:\/\/www.welovecycling.com\/pl\/wp-json\/wp\/v2\/global-categories?post=14761"}],"curies":[{"name":"wp","href":"https:\/\/api.w.org\/{rel}","templated":true}]}}