{"id":1475,"date":"2016-07-20T13:42:42","date_gmt":"2016-07-20T13:42:42","guid":{"rendered":"http:\/\/skoda-rowery.pl\/?p=1475"},"modified":"2016-12-05T08:47:20","modified_gmt":"2016-12-05T08:47:20","slug":"zabawa-na-tour-de-france-wlasnie-sie-zaczyna","status":"publish","type":"post","link":"https:\/\/www.welovecycling.com\/pl\/2016\/07\/20\/zabawa-na-tour-de-france-wlasnie-sie-zaczyna\/","title":{"rendered":"Zabawa na Tour de France w\u0142a\u015bnie si\u0119 zaczyna!"},"content":{"rendered":"<p style=\"text-align: justify\">Najwi\u0119ksi kolarze wrzucaj\u0105 pi\u0105ty bieg! Tour de France na dobre wje\u017cd\u017ca w Alpy, wi\u0119c zawodnicy z nadludzk\u0105 si\u0142\u0105 zaczn\u0105 naciska\u0107 na peda\u0142y, za to kibice mog\u0105 wygodnie rozsi\u0105\u015b\u0107 si\u0119 fotelach. Przed nami decyduj\u0105ce etapy Wielkiej P\u0119tli.<!--more--><\/p>\n<p style=\"text-align: justify\">We wtorek zawodnicy mieli wolne. Niekt\u00f3rzy nadrabiali rodzinne zaleg\u0142o\u015bci, inni w ko\u0144cu mogli sp\u0119dzi\u0107 wi\u0119cej czasu przed komputerami, ale wszyscy zadanie dostali jedno \u2013 jak najefektywniej zregenerowa\u0107 si\u0119 przed pi\u0119cioma ostatnimi etapami, bo na czo\u0142owych pozycjach zako\u0144cz\u0105 je tylko najmocniejsi.<\/p>\n<p style=\"text-align: justify\"><strong>Po\u017cegnanie wyjadacza<\/strong><\/p>\n<p style=\"text-align: justify\">Doskonale wie o tym stary wyjadacz Mark Cavendish i dlatego&#8230; wycofa\u0142 si\u0119 z Tour de France! Mimo \u017ce w tym roku mia\u0142 swoje wielkie chwile (wygra\u0142 pierwszy, trzeci, sz\u00f3sty i czternasty etap), to jednak zdecydowa\u0142 si\u0119 odpu\u015bci\u0107 ostatnie dni \u015bcigania, bo chce jak najlepiej przygotowa\u0107 si\u0119 do Igrzysk Olimpijskich w Rio de Janeiro.<\/p>\n<p style=\"text-align: justify\">\u201ePo tylu wspania\u0142ych dniach na Tour de France naprawd\u0119 trudno podj\u0105\u0107 tak\u0105 decyzj\u0119. Przeanalizowali\u015bmy jednak moje wyniki po ostatnich intensywnych etapach i uznali\u015bmy, \u017ce kolejny wysi\u0142ek m\u00f3g\u0142by si\u0119 odbi\u0107 na wyst\u0119pie na Igrzyskach Olimpijskich. B\u0119d\u0119 t\u0119skni\u0142 za emocjami zwi\u0105zanymi z Tour de France. Dzi\u0119kuj\u0119 kibicom za wsparcie, a wszystkim zawodnikom \u017cycz\u0119 powodzenia\u201d &#8211; napisa\u0142 Cavendish na oficjalnej stronie swoje zespo\u0142u \u2013 Dimension Data.<\/p>\n<p style=\"text-align: justify\"><strong>G\u00f3ry, jeziora i kolarze<\/strong><\/p>\n<p style=\"text-align: justify\">Decyzja kolarza urodzonego na wyspie Man nie jest jednak oznak\u0105 s\u0142abo\u015bci, ale zdrowego rozs\u0105dku. Niby zawodnicy przejechali ju\u017c zdecydowan\u0105 wi\u0119kszo\u015b\u0107 Tour de France (16 etap\u00f3w), ale dopiero teraz zaczyna si\u0119 walka na ca\u0142ego. I to nie tylko z rywalami, ale te\u017c swoimi s\u0142abo\u015bciami.<\/p>\n<p style=\"text-align: justify\">Dowody? Oto one: meta 17. etapu znajduje si\u0119 w Szwajcarii, na szczycie Finhaut \u2013 Emosson. Wystarczy wpisa\u0107 t\u0119 nazw\u0119 w internetowej wyszukiwarce, by zobaczy\u0107 zdj\u0119cia pi\u0119knych jezior, strzelistych g\u00f3r, ale tak\u017ce kolarzy, kt\u00f3rzy z grymasem b\u00f3lu na twarzy pr\u00f3buj\u0105 wspi\u0105\u0107 si\u0119 na szczyt.<\/p>\n<p style=\"text-align: justify\">W czwartek zawodnik\u00f3w czeka 17-kilometrowa czas\u00f3wka, ale z blisko 10-kilometrowym podjazdem. Na kolejnym etapie kolarze b\u0119d\u0105 musieli zaliczy\u0107 dwie ci\u0119\u017ckie wspinaczki, a w sobot\u0119 m. in. cztery premie g\u00f3rskie.<\/p>\n<p style=\"text-align: justify\"><strong>Po\u015bcig za Froome&#8217;em<\/strong><\/p>\n<p style=\"text-align: justify\">Tradycyjnie Tour de France zako\u0144czy si\u0119 w niedziel\u0119 na Polach Elizejskich w Pary\u017cu. \u201eTo szczeg\u00f3lne miejsce. Niestety, emocji z nim zwi\u0105zanych w tym sezonie nie do\u015bwiadcz\u0119\u201d \u2013 doda\u0142 Cavendish w o\u015bwiadczeniu.<\/p>\n<p style=\"text-align: justify\">Blisko wygranie Wielkiej P\u0119tli jest Chris Froome, kt\u00f3ry w klasyfikacji generalnej ma minut\u0119 i 47 sekund przewagi nad Bauke Mollem\u0105 oraz 2 minuty i 45 sekund nad Adamem Yatesem. Broni nie sk\u0142ada tak\u017ce czwarty Nairo Quintana, ale ma blisko trzy minuty straty.<\/p>\n<p style=\"text-align: justify\">O swoje b\u0119dzie walczy\u0142 tak\u017ce Rafa\u0142 Majka, kt\u00f3ry jest liderem klasyfikacji g\u00f3rskiej. Polak ma 37 punkt\u00f3w przewagi nad Thomasem De Gendtem i otrzyma\u0142 od swojego zespo\u0142u zielonego \u015bwiat\u0142o w walce o dojechanie do mety w koszulce w grochy.<\/p>\n<p style=\"text-align: justify\">\n","protected":false},"excerpt":{"rendered":"<p>Najwi\u0119ksi kolarze wrzucaj\u0105 pi\u0105ty bieg! Tour de France na dobre wje\u017cd\u017ca w Alpy, wi\u0119c zawodnicy z nadludzk\u0105 si\u0142\u0105 zaczn\u0105 naciska\u0107 [&hellip;]<\/p>\n","protected":false},"author":1,"featured_media":1476,"comment_status":"open","ping_status":"closed","sticky":false,"template":"","format":"standard","meta":{"footnotes":""},"categories":[1],"tags":[77],"global-categories":[],"class_list":["post-1475","post","type-post","status-publish","format-standard","has-post-thumbnail","hentry","category-uncategorized","tag-tour-de-france"],"yoast_head":"<!-- This site is optimized with the Yoast SEO Premium plugin v25.3 (Yoast SEO v25.9) - https:\/\/yoast.com\/wordpress\/plugins\/seo\/ -->\n<title>Zabawa na Tour de France w\u0142a\u015bnie si\u0119 zaczyna! - \u0160koda We Love Cycling - Poland<\/title>\n<meta name=\"robots\" content=\"index, follow, max-snippet:-1, max-image-preview:large, max-video-preview:-1\" \/>\n<link rel=\"canonical\" href=\"https:\/\/www.welovecycling.com\/pl\/2016\/07\/20\/zabawa-na-tour-de-france-wlasnie-sie-zaczyna\/\" \/>\n<meta property=\"og:locale\" content=\"pl_PL\" \/>\n<meta property=\"og:type\" content=\"article\" \/>\n<meta property=\"og:title\" content=\"Zabawa na Tour de France w\u0142a\u015bnie si\u0119 zaczyna!\" \/>\n<meta property=\"og:description\" content=\"Najwi\u0119ksi kolarze wrzucaj\u0105 pi\u0105ty bieg! Tour de France na dobre wje\u017cd\u017ca w Alpy, wi\u0119c zawodnicy z nadludzk\u0105 si\u0142\u0105 zaczn\u0105 naciska\u0107 [&hellip;]\" \/>\n<meta property=\"og:url\" content=\"https:\/\/www.welovecycling.com\/pl\/2016\/07\/20\/zabawa-na-tour-de-france-wlasnie-sie-zaczyna\/\" \/>\n<meta property=\"og:site_name\" content=\"\u0160koda We Love Cycling - Poland\" \/>\n<meta property=\"article:published_time\" content=\"2016-07-20T13:42:42+00:00\" \/>\n<meta property=\"article:modified_time\" content=\"2016-12-05T08:47:20+00:00\" \/>\n<meta property=\"og:image\" content=\"https:\/\/d2p6e6u75xmxt8.cloudfront.net\/5\/2016\/07\/20160720206_201205.jpg\" \/>\n\t<meta property=\"og:image:width\" content=\"1000\" \/>\n\t<meta property=\"og:image:height\" content=\"666\" \/>\n\t<meta property=\"og:image:type\" content=\"image\/jpeg\" \/>\n<meta name=\"author\" content=\"WeLoveCycling\" \/>\n<meta name=\"twitter:card\" content=\"summary_large_image\" \/>\n<meta name=\"twitter:label1\" content=\"Written by\" \/>\n\t<meta name=\"twitter:data1\" content=\"WeLoveCycling\" \/>\n\t<meta name=\"twitter:label2\" content=\"Est. reading time\" \/>\n\t<meta name=\"twitter:data2\" content=\"2 minutes\" \/>\n<script type=\"application\/ld+json\" class=\"yoast-schema-graph\">{\"@context\":\"https:\/\/schema.org\",\"@graph\":[{\"@type\":\"WebPage\",\"@id\":\"https:\/\/www.welovecycling.com\/pl\/2016\/07\/20\/zabawa-na-tour-de-france-wlasnie-sie-zaczyna\/\",\"url\":\"https:\/\/www.welovecycling.com\/pl\/2016\/07\/20\/zabawa-na-tour-de-france-wlasnie-sie-zaczyna\/\",\"name\":\"Zabawa na Tour de France w\u0142a\u015bnie si\u0119 zaczyna! - \u0160koda We Love Cycling - Poland\",\"isPartOf\":{\"@id\":\"https:\/\/www.welovecycling.com\/pl\/#website\"},\"primaryImageOfPage\":{\"@id\":\"https:\/\/www.welovecycling.com\/pl\/2016\/07\/20\/zabawa-na-tour-de-france-wlasnie-sie-zaczyna\/#primaryimage\"},\"image\":{\"@id\":\"https:\/\/www.welovecycling.com\/pl\/2016\/07\/20\/zabawa-na-tour-de-france-wlasnie-sie-zaczyna\/#primaryimage\"},\"thumbnailUrl\":\"https:\/\/d2p6e6u75xmxt8.cloudfront.net\/5\/2016\/07\/20160720206_201205.jpg\",\"datePublished\":\"2016-07-20T13:42:42+00:00\",\"dateModified\":\"2016-12-05T08:47:20+00:00\",\"author\":{\"@id\":\"https:\/\/www.welovecycling.com\/pl\/#\/schema\/person\/e5187c9cac8dd619ebc7b41bd73c2fd9\"},\"breadcrumb\":{\"@id\":\"https:\/\/www.welovecycling.com\/pl\/2016\/07\/20\/zabawa-na-tour-de-france-wlasnie-sie-zaczyna\/#breadcrumb\"},\"inLanguage\":\"pl-PL\",\"potentialAction\":[{\"@type\":\"ReadAction\",\"target\":[\"https:\/\/www.welovecycling.com\/pl\/2016\/07\/20\/zabawa-na-tour-de-france-wlasnie-sie-zaczyna\/\"]}]},{\"@type\":\"ImageObject\",\"inLanguage\":\"pl-PL\",\"@id\":\"https:\/\/www.welovecycling.com\/pl\/2016\/07\/20\/zabawa-na-tour-de-france-wlasnie-sie-zaczyna\/#primaryimage\",\"url\":\"https:\/\/d2p6e6u75xmxt8.cloudfront.net\/5\/2016\/07\/20160720206_201205.jpg\",\"contentUrl\":\"https:\/\/d2p6e6u75xmxt8.cloudfront.net\/5\/2016\/07\/20160720206_201205.jpg\",\"width\":1000,\"height\":666},{\"@type\":\"BreadcrumbList\",\"@id\":\"https:\/\/www.welovecycling.com\/pl\/2016\/07\/20\/zabawa-na-tour-de-france-wlasnie-sie-zaczyna\/#breadcrumb\",\"itemListElement\":[{\"@type\":\"ListItem\",\"position\":1,\"name\":\"Home\",\"item\":\"https:\/\/www.welovecycling.com\/pl\/\"},{\"@type\":\"ListItem\",\"position\":2,\"name\":\"Zabawa na Tour de France w\u0142a\u015bnie si\u0119 zaczyna!\"}]},{\"@type\":\"WebSite\",\"@id\":\"https:\/\/www.welovecycling.com\/pl\/#website\",\"url\":\"https:\/\/www.welovecycling.com\/pl\/\",\"name\":\"\u0160koda We Love Cycling - Poland\",\"description\":\"\",\"potentialAction\":[{\"@type\":\"SearchAction\",\"target\":{\"@type\":\"EntryPoint\",\"urlTemplate\":\"https:\/\/www.welovecycling.com\/pl\/?s={search_term_string}\"},\"query-input\":{\"@type\":\"PropertyValueSpecification\",\"valueRequired\":true,\"valueName\":\"search_term_string\"}}],\"inLanguage\":\"pl-PL\"},{\"@type\":\"Person\",\"@id\":\"https:\/\/www.welovecycling.com\/pl\/#\/schema\/person\/e5187c9cac8dd619ebc7b41bd73c2fd9\",\"name\":\"WeLoveCycling\",\"image\":{\"@type\":\"ImageObject\",\"inLanguage\":\"pl-PL\",\"@id\":\"https:\/\/www.welovecycling.com\/pl\/#\/schema\/person\/image\/\",\"url\":\"https:\/\/secure.gravatar.com\/avatar\/7e1ee0ecc5e294b19ef32b9f6086e0afbb9da00c3cb0d465ba4695331f4a9187?s=96&d=mm&r=g\",\"contentUrl\":\"https:\/\/secure.gravatar.com\/avatar\/7e1ee0ecc5e294b19ef32b9f6086e0afbb9da00c3cb0d465ba4695331f4a9187?s=96&d=mm&r=g\",\"caption\":\"WeLoveCycling\"},\"url\":\"https:\/\/www.welovecycling.com\/pl\/author\/lukascech\/\"}]}<\/script>\n<!-- \/ Yoast SEO Premium plugin. -->","yoast_head_json":{"title":"Zabawa na Tour de France w\u0142a\u015bnie si\u0119 zaczyna! - \u0160koda We Love Cycling - Poland","robots":{"index":"index","follow":"follow","max-snippet":"max-snippet:-1","max-image-preview":"max-image-preview:large","max-video-preview":"max-video-preview:-1"},"canonical":"https:\/\/www.welovecycling.com\/pl\/2016\/07\/20\/zabawa-na-tour-de-france-wlasnie-sie-zaczyna\/","og_locale":"pl_PL","og_type":"article","og_title":"Zabawa na Tour de France w\u0142a\u015bnie si\u0119 zaczyna!","og_description":"Najwi\u0119ksi kolarze wrzucaj\u0105 pi\u0105ty bieg! Tour de France na dobre wje\u017cd\u017ca w Alpy, wi\u0119c zawodnicy z nadludzk\u0105 si\u0142\u0105 zaczn\u0105 naciska\u0107 [&hellip;]","og_url":"https:\/\/www.welovecycling.com\/pl\/2016\/07\/20\/zabawa-na-tour-de-france-wlasnie-sie-zaczyna\/","og_site_name":"\u0160koda We Love Cycling - Poland","article_published_time":"2016-07-20T13:42:42+00:00","article_modified_time":"2016-12-05T08:47:20+00:00","og_image":[{"width":1000,"height":666,"url":"https:\/\/d2p6e6u75xmxt8.cloudfront.net\/5\/2016\/07\/20160720206_201205.jpg","type":"image\/jpeg"}],"author":"WeLoveCycling","twitter_card":"summary_large_image","twitter_misc":{"Written by":"WeLoveCycling","Est. reading time":"2 minutes"},"schema":{"@context":"https:\/\/schema.org","@graph":[{"@type":"WebPage","@id":"https:\/\/www.welovecycling.com\/pl\/2016\/07\/20\/zabawa-na-tour-de-france-wlasnie-sie-zaczyna\/","url":"https:\/\/www.welovecycling.com\/pl\/2016\/07\/20\/zabawa-na-tour-de-france-wlasnie-sie-zaczyna\/","name":"Zabawa na Tour de France w\u0142a\u015bnie si\u0119 zaczyna! - \u0160koda We Love Cycling - Poland","isPartOf":{"@id":"https:\/\/www.welovecycling.com\/pl\/#website"},"primaryImageOfPage":{"@id":"https:\/\/www.welovecycling.com\/pl\/2016\/07\/20\/zabawa-na-tour-de-france-wlasnie-sie-zaczyna\/#primaryimage"},"image":{"@id":"https:\/\/www.welovecycling.com\/pl\/2016\/07\/20\/zabawa-na-tour-de-france-wlasnie-sie-zaczyna\/#primaryimage"},"thumbnailUrl":"https:\/\/d2p6e6u75xmxt8.cloudfront.net\/5\/2016\/07\/20160720206_201205.jpg","datePublished":"2016-07-20T13:42:42+00:00","dateModified":"2016-12-05T08:47:20+00:00","author":{"@id":"https:\/\/www.welovecycling.com\/pl\/#\/schema\/person\/e5187c9cac8dd619ebc7b41bd73c2fd9"},"breadcrumb":{"@id":"https:\/\/www.welovecycling.com\/pl\/2016\/07\/20\/zabawa-na-tour-de-france-wlasnie-sie-zaczyna\/#breadcrumb"},"inLanguage":"pl-PL","potentialAction":[{"@type":"ReadAction","target":["https:\/\/www.welovecycling.com\/pl\/2016\/07\/20\/zabawa-na-tour-de-france-wlasnie-sie-zaczyna\/"]}]},{"@type":"ImageObject","inLanguage":"pl-PL","@id":"https:\/\/www.welovecycling.com\/pl\/2016\/07\/20\/zabawa-na-tour-de-france-wlasnie-sie-zaczyna\/#primaryimage","url":"https:\/\/d2p6e6u75xmxt8.cloudfront.net\/5\/2016\/07\/20160720206_201205.jpg","contentUrl":"https:\/\/d2p6e6u75xmxt8.cloudfront.net\/5\/2016\/07\/20160720206_201205.jpg","width":1000,"height":666},{"@type":"BreadcrumbList","@id":"https:\/\/www.welovecycling.com\/pl\/2016\/07\/20\/zabawa-na-tour-de-france-wlasnie-sie-zaczyna\/#breadcrumb","itemListElement":[{"@type":"ListItem","position":1,"name":"Home","item":"https:\/\/www.welovecycling.com\/pl\/"},{"@type":"ListItem","position":2,"name":"Zabawa na Tour de France w\u0142a\u015bnie si\u0119 zaczyna!"}]},{"@type":"WebSite","@id":"https:\/\/www.welovecycling.com\/pl\/#website","url":"https:\/\/www.welovecycling.com\/pl\/","name":"\u0160koda We Love Cycling - Poland","description":"","potentialAction":[{"@type":"SearchAction","target":{"@type":"EntryPoint","urlTemplate":"https:\/\/www.welovecycling.com\/pl\/?s={search_term_string}"},"query-input":{"@type":"PropertyValueSpecification","valueRequired":true,"valueName":"search_term_string"}}],"inLanguage":"pl-PL"},{"@type":"Person","@id":"https:\/\/www.welovecycling.com\/pl\/#\/schema\/person\/e5187c9cac8dd619ebc7b41bd73c2fd9","name":"WeLoveCycling","image":{"@type":"ImageObject","inLanguage":"pl-PL","@id":"https:\/\/www.welovecycling.com\/pl\/#\/schema\/person\/image\/","url":"https:\/\/secure.gravatar.com\/avatar\/7e1ee0ecc5e294b19ef32b9f6086e0afbb9da00c3cb0d465ba4695331f4a9187?s=96&d=mm&r=g","contentUrl":"https:\/\/secure.gravatar.com\/avatar\/7e1ee0ecc5e294b19ef32b9f6086e0afbb9da00c3cb0d465ba4695331f4a9187?s=96&d=mm&r=g","caption":"WeLoveCycling"},"url":"https:\/\/www.welovecycling.com\/pl\/author\/lukascech\/"}]}},"_links":{"self":[{"href":"https:\/\/www.welovecycling.com\/pl\/wp-json\/wp\/v2\/posts\/1475","targetHints":{"allow":["GET"]}}],"collection":[{"href":"https:\/\/www.welovecycling.com\/pl\/wp-json\/wp\/v2\/posts"}],"about":[{"href":"https:\/\/www.welovecycling.com\/pl\/wp-json\/wp\/v2\/types\/post"}],"author":[{"embeddable":true,"href":"https:\/\/www.welovecycling.com\/pl\/wp-json\/wp\/v2\/users\/1"}],"replies":[{"embeddable":true,"href":"https:\/\/www.welovecycling.com\/pl\/wp-json\/wp\/v2\/comments?post=1475"}],"version-history":[{"count":1,"href":"https:\/\/www.welovecycling.com\/pl\/wp-json\/wp\/v2\/posts\/1475\/revisions"}],"predecessor-version":[{"id":2418,"href":"https:\/\/www.welovecycling.com\/pl\/wp-json\/wp\/v2\/posts\/1475\/revisions\/2418"}],"wp:featuredmedia":[{"embeddable":true,"href":"https:\/\/www.welovecycling.com\/pl\/wp-json\/wp\/v2\/media\/1476"}],"wp:attachment":[{"href":"https:\/\/www.welovecycling.com\/pl\/wp-json\/wp\/v2\/media?parent=1475"}],"wp:term":[{"taxonomy":"category","embeddable":true,"href":"https:\/\/www.welovecycling.com\/pl\/wp-json\/wp\/v2\/categories?post=1475"},{"taxonomy":"post_tag","embeddable":true,"href":"https:\/\/www.welovecycling.com\/pl\/wp-json\/wp\/v2\/tags?post=1475"},{"taxonomy":"global-categories","embeddable":true,"href":"https:\/\/www.welovecycling.com\/pl\/wp-json\/wp\/v2\/global-categories?post=1475"}],"curies":[{"name":"wp","href":"https:\/\/api.w.org\/{rel}","templated":true}]}}