{"id":14713,"date":"2024-05-17T09:18:47","date_gmt":"2024-05-17T09:18:47","guid":{"rendered":"https:\/\/www.welovecycling.com\/pl\/?p=14713"},"modified":"2024-05-17T09:18:47","modified_gmt":"2024-05-17T09:18:47","slug":"9-niezbednych-elementow-ekwipunku-na-wiosenne-wyprawy-w-2024-roku","status":"publish","type":"post","link":"https:\/\/www.welovecycling.com\/pl\/2024\/05\/17\/9-niezbednych-elementow-ekwipunku-na-wiosenne-wyprawy-w-2024-roku\/","title":{"rendered":"9 niezb\u0119dnych element\u00f3w ekwipunku na wiosenne wyprawy w 2024 roku"},"content":{"rendered":"<p><strong>Gdy dni staj\u0105 si\u0119 coraz d\u0142u\u017csze i cieplejsze, w ludziach budzi si\u0119 zew przygody na \u015bwie\u017cym powietrzu. A czy jest lepszy spos\u00f3b ni\u017c bikepacking, by cieszy\u0107 si\u0119 wiosn\u0105?<\/strong><\/p>\n<p>Zar\u00f3wno do\u015bwiadczeni weterani bikepackingu, jak i nowicjusze powinni rozpocz\u0105\u0107 przygotowania do tegorocznej wiosennej przygody od zadbania o odpowiedni ekwipunek. W pierwszej cz\u0119\u015bci artyku\u0142u om\u00f3wi\u0119 wszystkie niezb\u0119dne elementy takiego baga\u017cu, a nast\u0119pnie przedstawi\u0119 list\u0119 niekonwencjonalnych przedmiot\u00f3w, kt\u00f3re znacznie wzbogac\u0105 wra\u017cenia z podr\u00f3\u017cy (a tak\u017ce wzbudz\u0105 zazdro\u015b\u0107 w\u015br\u00f3d pozosta\u0142ych bikepacker\u00f3w). Od lekkiego schronienia po unikalne akcesoria \u2013 oto wszystko, co nale\u017cy spakowa\u0107, aby wznie\u015b\u0107 tegoroczn\u0105 wycieczk\u0119 bikepackingow\u0105 na wy\u017cszy poziom.<\/p>\n<ol>\n<li><span style=\"font-size: 18pt;\"><strong>Lekkie schronienie<\/strong><\/span><\/li>\n<\/ol>\n<p>Wiosenna pogoda bywa nieprzewidywalna, dlatego podstaw\u0105 wyprawy bikepackingowej jest niezawodne schronienie. Polecam m.in. lekki namiot lub tzw. bivy sack, czyli worek biwakowy. Zapewni\u0105 one ochron\u0119 przed \u017cywio\u0142ami, a jednocze\u015bnie nie obci\u0105\u017c\u0105 nadmiernie roweru. Warto r\u00f3wnie\u017c upewni\u0107 si\u0119, czy dany namiot ma odpowiedni\u0105 wentylacj\u0119, aby unikn\u0105\u0107 przegrzania si\u0119 w cieplejsze noce, oraz czy jest wykonany z trwa\u0142ych materia\u0142\u00f3w, kt\u00f3re sprostaj\u0105 niespodziewanym ulewom.<\/p>\n<ol start=\"2\">\n<li><span style=\"font-size: 18pt;\"><strong> Sprz\u0119t do spania<\/strong><\/span><\/li>\n<\/ol>\n<p>Innym kluczowym elementem udanej wyprawy jest porz\u0105dny nocny wypoczynek. Najlepszym rozwi\u0105zaniem w tym zakresie jest po\u0142\u0105czenie \u015bpiwora i specjalnej poduszki, kt\u00f3re oferuje komfortowe warunki do spania, a jednocze\u015bnie zapewnia optymaln\u0105 wag\u0119 baga\u017cu. Puchowe \u015bpiwory s\u0105\u00a0ciep\u0142e i stosunkowo lekkie, a nadmuchiwane poduszki gwarantuj\u0105 izolacj\u0119 od zimnego pod\u0142o\u017ca, nie zajmuj\u0105c przy tym du\u017co miejsca w plecaku.<\/p>\n<ol start=\"3\">\n<li><span style=\"font-size: 18pt;\"><strong> Rowerowy zestaw naprawczy<\/strong><\/span><\/li>\n<\/ol>\n<figure id=\"attachment_14715\" aria-describedby=\"caption-attachment-14715\" style=\"width: 1250px\" class=\"wp-caption alignnone\"><a href=\"https:\/\/d2p6e6u75xmxt8.cloudfront.net\/5\/2024\/05\/MicrosoftTeams-image-80.webp\"><img loading=\"lazy\" decoding=\"async\" class=\"wp-image-14715 size-full\" src=\"https:\/\/d2p6e6u75xmxt8.cloudfront.net\/5\/2024\/05\/MicrosoftTeams-image-80.webp\" alt=\"\" width=\"1250\" height=\"833\" srcset=\"https:\/\/d2p6e6u75xmxt8.cloudfront.net\/5\/2024\/05\/MicrosoftTeams-image-80.webp 1250w, https:\/\/d2p6e6u75xmxt8.cloudfront.net\/5\/2024\/05\/MicrosoftTeams-image-80-300x200.webp 300w, https:\/\/d2p6e6u75xmxt8.cloudfront.net\/5\/2024\/05\/MicrosoftTeams-image-80-1024x682.webp 1024w, https:\/\/d2p6e6u75xmxt8.cloudfront.net\/5\/2024\/05\/MicrosoftTeams-image-80-768x512.webp 768w, https:\/\/d2p6e6u75xmxt8.cloudfront.net\/5\/2024\/05\/MicrosoftTeams-image-80-400x267.webp 400w, https:\/\/d2p6e6u75xmxt8.cloudfront.net\/5\/2024\/05\/MicrosoftTeams-image-80-272x182.webp 272w\" sizes=\"auto, (max-width: 1250px) 100vw, 1250px\" \/><\/a><figcaption id=\"caption-attachment-14715\" class=\"wp-caption-text\">Warto by\u0107 przygotowanym na ka\u017cd\u0105 sytuacj\u0119. \u00a9 Profimedia, Stock Budget<\/figcaption><\/figure>\n<p>Aby m\u00f3c sprawnie poradzi\u0107 sobie z najcz\u0119stszymi problemami technicznymi na szlaku, trzeba zabra\u0107 ze sob\u0105 zestaw naprawczy, obejmuj\u0105cy m.in. d\u017awignie do opon, narz\u0119dzie wielofunkcyjne, zapasowe d\u0119tki i zestaw \u0142atek. Warto r\u00f3wnie\u017c zaopatrzy\u0107 si\u0119 w niedu\u017c\u0105 pompk\u0119 (lub\u00a0pompk\u0119 na naboje CO<sub>2<\/sub>), \u017ceby w razie potrzeby szybko napompowa\u0107 opon\u0119.<\/p>\n<ol start=\"4\">\n<li><span style=\"font-size: 18pt;\"><strong> Narz\u0119dzia nawigacyjne<\/strong><\/span><\/li>\n<\/ol>\n<p>Dzi\u0119ki sprawdzonym narz\u0119dziom nawigacyjnym, takim jak urz\u0105dzenia GPS lub aplikacje na smartfony, mo\u017cna unikn\u0105\u0107 niepotrzebnego zboczenia z\u00a0trasy. Warto upewni\u0107 si\u0119, \u017ce wybrane przez nas rozwi\u0105zanie umo\u017cliwia korzystanie z map offline, dzi\u0119ki kt\u00f3rym nie trzeba martwi\u0107 si\u0119 dost\u0119pno\u015bci\u0105 sieci kom\u00f3rkowej podczas przemierzania odleg\u0142ych szlak\u00f3w. Na wypadek gdyby technologia odm\u00f3wi\u0142a pos\u0142usze\u0144stwa, warto wzi\u0105\u0107 ze sob\u0105 kompas i\u00a0papierowe mapy.<\/p>\n<ol start=\"5\">\n<li><span style=\"font-size: 18pt;\"><strong> Sprz\u0119t do filtrowania wody<\/strong><\/span><\/li>\n<\/ol>\n<p>Dobrym pomys\u0142em b\u0119dzie inwestycja w przeno\u015bny sprz\u0119t do filtrowania wody lub tabletki do jej uzdatniania, aby m\u00f3c bezpiecznie pi\u0107 wod\u0119 z\u00a0naturalnych \u017ar\u00f3de\u0142, takich jak strumienie i jeziora. Nale\u017cy przy tym zachowa\u0107 czujno\u015b\u0107 i unika\u0107 picia nieoczyszczonej wody, poniewa\u017c mo\u017ce to wywo\u0142a\u0107 r\u00f3\u017cne choroby.<\/p>\n<ol start=\"6\">\n<li><span style=\"font-size: 18pt;\"><strong> Przeno\u015bny zestaw do gotowania<\/strong><\/span><\/li>\n<\/ol>\n<p>Zdecydowanie najlepiej jest postawi\u0107 na lekki sprz\u0119t do gotowania, np.\u00a0kompaktowe kuchenki oraz zestawy naczy\u0144 i przybor\u00f3w kuchennych, kt\u00f3re zosta\u0142y zaprojektowane z my\u015bl\u0105 o podr\u00f3\u017cowaniu z plecakiem. Jako podstaw\u0119 lekkostrawnych i \u0142atwych w przygotowaniu posi\u0142k\u00f3w warto wzi\u0105\u0107 pod uwag\u0119 such\u0105 i liofilizowan\u0105 \u017cywno\u015b\u0107.<\/p>\n<ol start=\"7\">\n<li><span style=\"font-size: 18pt;\"><strong> Kilka warstw odzie\u017cy<\/strong><\/span><\/li>\n<\/ol>\n<figure id=\"attachment_14716\" aria-describedby=\"caption-attachment-14716\" style=\"width: 990px\" class=\"wp-caption alignnone\"><a href=\"https:\/\/d2p6e6u75xmxt8.cloudfront.net\/5\/2024\/05\/MicrosoftTeams-image-81.webp\"><img loading=\"lazy\" decoding=\"async\" class=\"wp-image-14716 size-full\" src=\"https:\/\/d2p6e6u75xmxt8.cloudfront.net\/5\/2024\/05\/MicrosoftTeams-image-81.webp\" alt=\"\" width=\"990\" height=\"660\" srcset=\"https:\/\/d2p6e6u75xmxt8.cloudfront.net\/5\/2024\/05\/MicrosoftTeams-image-81.webp 990w, https:\/\/d2p6e6u75xmxt8.cloudfront.net\/5\/2024\/05\/MicrosoftTeams-image-81-300x200.webp 300w, https:\/\/d2p6e6u75xmxt8.cloudfront.net\/5\/2024\/05\/MicrosoftTeams-image-81-768x512.webp 768w, https:\/\/d2p6e6u75xmxt8.cloudfront.net\/5\/2024\/05\/MicrosoftTeams-image-81-400x267.webp 400w, https:\/\/d2p6e6u75xmxt8.cloudfront.net\/5\/2024\/05\/MicrosoftTeams-image-81-272x182.webp 272w\" sizes=\"auto, (max-width: 990px) 100vw, 990px\" \/><\/a><figcaption id=\"caption-attachment-14716\" class=\"wp-caption-text\">Nale\u017cy pami\u0119ta\u0107 o lekkiej kurtce zapewniaj\u0105cej ochron\u0119 przed wiosennym deszczem. \u00a9 Profimedia<\/figcaption><\/figure>\n<p>Wiosn\u0105 cz\u0119sto zdarzaj\u0105 si\u0119 ch\u0142odne poranki i ciep\u0142e popo\u0142udnia, dlatego zabranie ze sob\u0105 kilku warstw odzie\u017cy ma zasadnicze znaczenie dla\u00a0utrzymania komfortu przez ca\u0142y dzie\u0144 jazdy. Nale\u017cy spakowa\u0107 si\u0119 tak, by\u00a0m\u00f3c w\u0142o\u017cy\u0107 na siebie co najmniej trzy warstwy: ubranie z materia\u0142u odprowadzaj\u0105cego wilgo\u0107, odzie\u017c izolacyjn\u0105 oraz lekk\u0105, wodoodporn\u0105 kurtk\u0119<u>,<\/u> kt\u00f3ra sprawdzi si\u0119 w razie deszczu. Warto r\u00f3wnie\u017c pami\u0119ta\u0107 o\u00a0r\u0119kawiczkach, czapce i kominie rowerowym, kt\u00f3re zapewni\u0105 ochron\u0119 przed zimnym wiatrem.<\/p>\n<ol start=\"8\">\n<li><span style=\"font-size: 18pt;\"><strong> Apteczka pierwszej pomocy<\/strong><\/span><\/li>\n<\/ol>\n<p>G\u0142\u00f3wnym priorytetem podczas wypraw na \u0142ono natury zawsze jest bezpiecze\u0144stwo \u2013 zatem koniecznie trzeba mie\u0107 pod r\u0119k\u0105 odpowiednio wyposa\u017con\u0105 apteczk\u0119 pierwszej pomocy. Powinny si\u0119 w niej znale\u017a\u0107 wszystkie niezb\u0119dne elementy, m.in. plastry opatrunkowe, chusteczki antyseptyczne, leki przeciwb\u00f3lowe i preparaty na p\u0119cherze. Sk\u0142ad apteczki nale\u017cy dostosowa\u0107 do indywidualnych potrzeb i czasu trwania wyprawy.<\/p>\n<ol start=\"9\">\n<li><span style=\"font-size: 18pt;\"><strong> Lekki plecak<\/strong><\/span><\/li>\n<\/ol>\n<p>Na potrzeby przewo\u017cenia ekwipunku podczas wyprawy bikepackingowej warto wybra\u0107 plecak zaprojektowany specjalnie z my\u015bl\u0105 o tej formie podr\u00f3\u017cowania. Najlepiej sprawdzi si\u0119 pojemny plecak z regulowanymi paskami, kt\u00f3ry u\u0142atwi wygodne nawadnianie si\u0119 podczas jazdy.<\/p>\n<p><span style=\"font-size: 18pt;\"><strong>Niekonwencjonalne dodatki gwarantuj\u0105ce maksymalny komfort<\/strong><\/span><\/p>\n<p>Gdy niezb\u0119dny ekwipunek (w tym schronienie, narz\u0119dzia nawigacyjne i\u00a0zestaw naprawczy) jest ju\u017c pod r\u0119k\u0105, mo\u017cna si\u0119gn\u0105\u0107 po kilka niekonwencjonalnych akcesori\u00f3w, kt\u00f3re znacznie zwi\u0119ksz\u0105 komfort podr\u00f3\u017cy i przyjemno\u015b\u0107 p\u0142yn\u0105c\u0105 z przemierzania szlak\u00f3w. Oto lista wyj\u0105tkowych przedmiot\u00f3w, kt\u00f3rych nie mo\u017ce zabrakn\u0105\u0107 podczas tegorocznej wiosennej przygody bikepackingowej.<\/p>\n<ol>\n<li><strong> Przeno\u015bny ekspres do kawy<\/strong><\/li>\n<\/ol>\n<p>Dla mi\u0142o\u015bnik\u00f3w kawy, kt\u00f3rzy nie chc\u0105 rezygnowa\u0107 z porannej dawki kofeiny, przeno\u015bny ekspres b\u0119dzie strza\u0142em w dziesi\u0105tk\u0119. To kompaktowe i lekkie urz\u0105dzenie pozwala rozkoszowa\u0107 si\u0119 \u015bwie\u017co zaparzonym espresso nawet w najodleglejszych zak\u0105tkach \u015bwiata. Czas po\u017cegna\u0107 si\u0119 z kaw\u0105 rozpuszczaln\u0105 i zacz\u0105\u0107 delektowa\u0107 si\u0119 bogatym aromatem \u015bwie\u017co zmielonych ziaren o wschodzie s\u0142o\u0144ca.<\/p>\n<ol start=\"2\">\n<li><strong> Hamak turystyczny<\/strong><\/li>\n<\/ol>\n<figure id=\"attachment_14717\" aria-describedby=\"caption-attachment-14717\" style=\"width: 900px\" class=\"wp-caption alignnone\"><a href=\"https:\/\/d2p6e6u75xmxt8.cloudfront.net\/5\/2024\/05\/MicrosoftTeams-image-82.webp\"><img loading=\"lazy\" decoding=\"async\" class=\"wp-image-14717 size-full\" src=\"https:\/\/d2p6e6u75xmxt8.cloudfront.net\/5\/2024\/05\/MicrosoftTeams-image-82.webp\" alt=\"\" width=\"900\" height=\"600\" srcset=\"https:\/\/d2p6e6u75xmxt8.cloudfront.net\/5\/2024\/05\/MicrosoftTeams-image-82.webp 900w, https:\/\/d2p6e6u75xmxt8.cloudfront.net\/5\/2024\/05\/MicrosoftTeams-image-82-300x200.webp 300w, https:\/\/d2p6e6u75xmxt8.cloudfront.net\/5\/2024\/05\/MicrosoftTeams-image-82-768x512.webp 768w, https:\/\/d2p6e6u75xmxt8.cloudfront.net\/5\/2024\/05\/MicrosoftTeams-image-82-400x267.webp 400w, https:\/\/d2p6e6u75xmxt8.cloudfront.net\/5\/2024\/05\/MicrosoftTeams-image-82-272x182.webp 272w\" sizes=\"auto, (max-width: 900px) 100vw, 900px\" \/><\/a><figcaption id=\"caption-attachment-14717\" class=\"wp-caption-text\">\u00a0Nic nie mo\u017ce r\u00f3wna\u0107 si\u0119 z b\u0142ogim snem w hamaku. \u00a9 Profimedia<\/figcaption><\/figure>\n<p>Po d\u0142ugim dniu jazdy w\u015br\u00f3d malowniczych krajobraz\u00f3w nie ma nic lepszego ni\u017c wylegiwanie si\u0119 w hamaku, kt\u00f3ry \u0142agodnie ko\u0142ysze si\u0119 mi\u0119dzy drzewami. Hamak turystyczny zapewnia wygodne miejsce do odpoczynku i regeneracji si\u0142 podczas przerw lub w obozie, a jednocze\u015bnie jest lekki i bardzo \u0142atwo si\u0119 go rozwiesza. Jest to idealne rozwi\u0105zanie dla os\u00f3b, kt\u00f3re maj\u0105 ochot\u0119 si\u0119\u00a0zdrzemn\u0105\u0107, poczyta\u0107 ksi\u0105\u017ck\u0119 lub po prostu rozkoszowa\u0107 si\u0119 cisz\u0105 i\u00a0spokojem na \u0142onie natury.<\/p>\n<ol start=\"3\">\n<li><strong> Solarna lampa kempingowa<\/strong><\/li>\n<\/ol>\n<p>Dzi\u0119ki lampie zasilanej energi\u0105 s\u0142oneczn\u0105 mo\u017cna o\u015bwietli\u0107 miejsce obozowania, a\u00a0tym\u00a0samym przed\u0142u\u017cy\u0107 wieczory na \u0142onie przyrody. Te\u00a0kompaktowe urz\u0105dzenia solarne \u0142aduj\u0105 si\u0119 automatycznie, s\u0105 przyjazne dla \u015brodowiska, a do tego emituj\u0105 ciep\u0142e, nastrojowe \u015bwiat\u0142o. Zamiast zu\u017cywa\u0107 jednorazowe baterie, warto skorzysta\u0107 ze zr\u00f3wnowa\u017conych rozwi\u0105za\u0144 o\u015bwietleniowych.<\/p>\n<ol start=\"4\">\n<li><strong> Prysznic turystyczny<\/strong><\/li>\n<\/ol>\n<p>Przeno\u015bny prysznic turystyczny nie tylko pozwala rowerzystom od\u015bwie\u017cy\u0107 si\u0119 i zregenerowa\u0107 si\u0142y po ca\u0142ym dniu jazdy, ale r\u00f3wnie\u017c wzbogaca ob\u00f3z o\u00a0znane z domu udogodnienie. Co wi\u0119cej, zajmuje ma\u0142o miejsca i jest \u0142atwy w\u00a0obs\u0142udze \u2013 wykorzystuj\u0105c grawitacj\u0119 lub wod\u0119 pod ci\u015bnieniem, mo\u017cna umy\u0107 si\u0119 nawet w najbardziej odleg\u0142ych miejscach.<\/p>\n<ol start=\"5\">\n<li><strong> Sk\u0142adana w\u0119dka<\/strong><\/li>\n<\/ol>\n<p>Sk\u0142adana w\u0119dka to doskona\u0142e rozwi\u0105zanie dla w\u0119dkarzy, kt\u00f3rzy chc\u0105 po\u0142\u0105czy\u0107 swoje zami\u0142owanie do jazdy na rowerze z pasj\u0105 do \u0142owienia ryb. Ze\u00a0wzgl\u0119du na jej niewielki rozmiar tak\u0105 w\u0119dk\u0119 mo\u017cna wygodnie spakowa\u0107, by nast\u0119pnie wykorzysta\u0107 j\u0105 do \u0142owienia w odleg\u0142ych strumieniach lub napotkanych na trasie jeziorach. Polecam zakup tego sprz\u0119tu ka\u017cdemu, kto po ca\u0142ym dniu jazdy chcia\u0142by usi\u0105\u015b\u0107 przy ognisku i\u00a0zje\u015b\u0107 na kolacj\u0119 \u015bwie\u017co z\u0142owion\u0105 przez siebie ryb\u0119.<\/p>\n<ol start=\"6\">\n<li><strong> Przeno\u015bny g\u0142o\u015bnik<\/strong><\/li>\n<\/ol>\n<p>Za pomoc\u0105 przeno\u015bnego g\u0142o\u015bnika Bluetooth ka\u017cdy bikepacker mo\u017ce odtwarza\u0107 swoje ulubione utwory, kt\u00f3re stworz\u0105 odpowiedni nastr\u00f3j i\u00a0sprawi\u0105, \u017ce przebywanie na \u0142onie natury stanie si\u0119 jeszcze przyjemniejsze. Te kompaktowe urz\u0105dzenia o stosunkowo du\u017cej mocy zapewniaj\u0105 wysok\u0105 jako\u015b\u0107 d\u017awi\u0119ku. Zaprojektowano je tak, by bez problemu wytrzyma\u0142y trudy rowerowych przyg\u00f3d. Od \u015bpiewania przy ognisku po improwizowane imprezy taneczne pod gwiazdami \u2013 zabawa przy muzyce mo\u017ce wzbogaci\u0107 ka\u017cd\u0105 wypraw\u0119.<\/p>\n<ol start=\"7\">\n<li><strong> Sk\u0142adane siedzisko<\/strong><\/li>\n<\/ol>\n<p>Sk\u0142adane siedziska s\u0105 przeznaczone dla rowerzyst\u00f3w, kt\u00f3rzy po ca\u0142ym dniu jazdy chc\u0105 pozwoli\u0107 swoim nogom odpocz\u0105\u0107 w komfortowych warunkach. Produkt ten wyposa\u017cono w lekkie i kompaktowe poduszki, kt\u00f3re stworzono z my\u015bl\u0105 o zapewnieniu wygodnej powierzchni do siedzenia na\u00a0\u015bwie\u017cym powietrzu. W przeciwie\u0144stwie do tradycyjnych krzese\u0142 siedziska te maj\u0105 cienkie obicie \u2013 to sprawia, \u017ce mo\u017cna je z \u0142atwo\u015bci\u0105 spakowa\u0107.<\/p>\n<ol start=\"8\">\n<li><strong> Kompaktowa lornetka<\/strong><\/li>\n<\/ol>\n<p>Korzystaj\u0105c z kompaktowej lornetki, mo\u017cna dok\u0142adniej obserwowa\u0107 dzik\u0105 przyrod\u0119 i ca\u0142kowicie si\u0119 w niej zanurzy\u0107. Taka lornetka znacznie poprawia wra\u017cenia zwi\u0105zane z odkrywaniem natury \u2013 zar\u00f3wno podczas podziwiania odleg\u0142ych krajobraz\u00f3w, jak i kontemplowania fauny i flory.<\/p>\n<ol start=\"9\">\n<li><strong> Teleskop podr\u00f3\u017cny<\/strong><\/li>\n<\/ol>\n<p>Teleskop podr\u00f3\u017cny odkrywa przed mi\u0142o\u015bnikami astronomii i obserwacji gwiazd cuda nocnego nieba nawet w dalekich, dzikich zak\u0105tkach \u015bwiata. To\u00a0kompaktowe, przeno\u015bne urz\u0105dzenie pozwala ogl\u0105da\u0107 krystalicznie czyste obrazy, a tym samym umo\u017cliwia obserwacj\u0119 cia\u0142 niebieskich, konstelacji i\u00a0odleg\u0142ych galaktyk.<\/p>\n<p>Ka\u017cda podr\u00f3\u017c bikepackingowa wymaga spakowania podstawowego, tradycyjnego sprz\u0119tu. Zabranie ze sob\u0105 unikalnych i niekonwencjonalnych gad\u017cet\u00f3w mo\u017ce jednak w znacznym stopniu wzbogaci\u0107 do\u015bwiadczenia zwi\u0105zane z tego typu wycieczk\u0105. Te\u00a0przydatne akcesoria, oferuj\u0105ce szereg mo\u017cliwo\u015bci takich jak\u00a0delektowanie si\u0119 znakomit\u0105 kaw\u0105 czy obserwowanie nocnego nieba, sprawi\u0105, \u017ce tegoroczna wiosenna wyprawa bike\u00adpackingowa b\u0119dzie bardziej komfortowa, a w rezultacie \u2013 jeszcze przyjemniejsza. A teraz pozostaje tylko obudzi\u0107 w sobie ducha eksploracji, m\u0105drze si\u0119 spakowa\u0107 i rusza\u0107 na szlak!<\/p>\n<p><a class=\"in-cell-link\" href=\"http:\/\/www.skoda-auto.pl\/?_gl=1*16ogu65*_gcl_au*MTQ0ODk4NzUyOS4xNzEyNTc2Nzkw*GA4_ga*NTZ4YXR1NGYtcnljei1ndnY5LXdlcHAtYm9xa21sczVwOWxq*GA4_ga_KSPVKPC6VY*MTcxNTkzNjE4OC4xMDguMS4xNzE1OTM2MTk3LjAuMC4xMzgxMTA5NDgw\" target=\"_blank\" rel=\"noopener\">Artyku\u0142 powsta\u0142 we wsp\u00f3\u0142pracy ze skoda-auto.pl<\/a><\/p>\n<p><img decoding=\"async\" src=\"https:\/\/d2p6e6u75xmxt8.cloudfront.net\/5\/2030\/11\/2.webp\" \/><\/p>\n<p>&nbsp;<\/p>\n","protected":false},"excerpt":{"rendered":"<p>Gdy dni staj\u0105 si\u0119 coraz d\u0142u\u017csze i cieplejsze, w ludziach budzi si\u0119 zew przygody na \u015bwie\u017cym powietrzu. A czy jest [&hellip;]<\/p>\n","protected":false},"author":153,"featured_media":14718,"comment_status":"open","ping_status":"open","sticky":false,"template":"","format":"standard","meta":{"footnotes":""},"categories":[5],"tags":[191,404,88,269,373],"global-categories":[303],"class_list":["post-14713","post","type-post","status-publish","format-standard","has-post-thumbnail","hentry","category-outdoormtb","tag-skoda","tag-skodapolska","tag-wycieczka","tag-wyprawy-rowerowe","tag-zycie-spoleczne","global-categories-cycling"],"yoast_head":"<!-- This site is optimized with the Yoast SEO Premium plugin v25.3 (Yoast SEO v25.9) - https:\/\/yoast.com\/wordpress\/plugins\/seo\/ -->\n<title>9 niezb\u0119dnych element\u00f3w ekwipunku na wiosenne wyprawy w 2024 roku - \u0160koda We Love Cycling - Poland<\/title>\n<meta name=\"robots\" content=\"index, follow, max-snippet:-1, max-image-preview:large, max-video-preview:-1\" \/>\n<link rel=\"canonical\" href=\"https:\/\/www.welovecycling.com\/pl\/2024\/05\/17\/9-niezbednych-elementow-ekwipunku-na-wiosenne-wyprawy-w-2024-roku\/\" \/>\n<meta property=\"og:locale\" content=\"pl_PL\" \/>\n<meta property=\"og:type\" content=\"article\" \/>\n<meta property=\"og:title\" content=\"9 niezb\u0119dnych element\u00f3w ekwipunku na wiosenne wyprawy w 2024 roku\" \/>\n<meta property=\"og:description\" content=\"Gdy dni staj\u0105 si\u0119 coraz d\u0142u\u017csze i cieplejsze, w ludziach budzi si\u0119 zew przygody na \u015bwie\u017cym powietrzu. A czy jest [&hellip;]\" \/>\n<meta property=\"og:url\" content=\"https:\/\/www.welovecycling.com\/pl\/2024\/05\/17\/9-niezbednych-elementow-ekwipunku-na-wiosenne-wyprawy-w-2024-roku\/\" \/>\n<meta property=\"og:site_name\" content=\"\u0160koda We Love Cycling - Poland\" \/>\n<meta property=\"article:published_time\" content=\"2024-05-17T09:18:47+00:00\" \/>\n<meta property=\"og:image\" content=\"https:\/\/d2p6e6u75xmxt8.cloudfront.net\/5\/2024\/05\/MicrosoftTeams-image-83.webp\" \/>\n\t<meta property=\"og:image:width\" content=\"990\" \/>\n\t<meta property=\"og:image:height\" content=\"660\" \/>\n\t<meta property=\"og:image:type\" content=\"image\/webp\" \/>\n<meta name=\"author\" content=\"rafal\" \/>\n<meta name=\"twitter:card\" content=\"summary_large_image\" \/>\n<meta name=\"twitter:label1\" content=\"Written by\" \/>\n\t<meta name=\"twitter:data1\" content=\"Megan Flottorp\" \/>\n\t<meta name=\"twitter:label2\" content=\"Est. reading time\" \/>\n\t<meta name=\"twitter:data2\" content=\"5\" \/>\n<script type=\"application\/ld+json\" class=\"yoast-schema-graph\">{\"@context\":\"https:\/\/schema.org\",\"@graph\":[{\"@type\":\"WebPage\",\"@id\":\"https:\/\/www.welovecycling.com\/pl\/2024\/05\/17\/9-niezbednych-elementow-ekwipunku-na-wiosenne-wyprawy-w-2024-roku\/\",\"url\":\"https:\/\/www.welovecycling.com\/pl\/2024\/05\/17\/9-niezbednych-elementow-ekwipunku-na-wiosenne-wyprawy-w-2024-roku\/\",\"name\":\"9 niezb\u0119dnych element\u00f3w ekwipunku na wiosenne wyprawy w 2024 roku - \u0160koda We Love Cycling - Poland\",\"isPartOf\":{\"@id\":\"https:\/\/www.welovecycling.com\/pl\/#website\"},\"primaryImageOfPage\":{\"@id\":\"https:\/\/www.welovecycling.com\/pl\/2024\/05\/17\/9-niezbednych-elementow-ekwipunku-na-wiosenne-wyprawy-w-2024-roku\/#primaryimage\"},\"image\":{\"@id\":\"https:\/\/www.welovecycling.com\/pl\/2024\/05\/17\/9-niezbednych-elementow-ekwipunku-na-wiosenne-wyprawy-w-2024-roku\/#primaryimage\"},\"thumbnailUrl\":\"https:\/\/d2p6e6u75xmxt8.cloudfront.net\/5\/2024\/05\/MicrosoftTeams-image-83.webp\",\"datePublished\":\"2024-05-17T09:18:47+00:00\",\"author\":{\"@id\":\"https:\/\/www.welovecycling.com\/pl\/#\/schema\/person\/bf06ed916a1ef16618807fb60d2ebe42\"},\"breadcrumb\":{\"@id\":\"https:\/\/www.welovecycling.com\/pl\/2024\/05\/17\/9-niezbednych-elementow-ekwipunku-na-wiosenne-wyprawy-w-2024-roku\/#breadcrumb\"},\"inLanguage\":\"pl-PL\",\"potentialAction\":[{\"@type\":\"ReadAction\",\"target\":[\"https:\/\/www.welovecycling.com\/pl\/2024\/05\/17\/9-niezbednych-elementow-ekwipunku-na-wiosenne-wyprawy-w-2024-roku\/\"]}]},{\"@type\":\"ImageObject\",\"inLanguage\":\"pl-PL\",\"@id\":\"https:\/\/www.welovecycling.com\/pl\/2024\/05\/17\/9-niezbednych-elementow-ekwipunku-na-wiosenne-wyprawy-w-2024-roku\/#primaryimage\",\"url\":\"https:\/\/d2p6e6u75xmxt8.cloudfront.net\/5\/2024\/05\/MicrosoftTeams-image-83.webp\",\"contentUrl\":\"https:\/\/d2p6e6u75xmxt8.cloudfront.net\/5\/2024\/05\/MicrosoftTeams-image-83.webp\",\"width\":990,\"height\":660},{\"@type\":\"BreadcrumbList\",\"@id\":\"https:\/\/www.welovecycling.com\/pl\/2024\/05\/17\/9-niezbednych-elementow-ekwipunku-na-wiosenne-wyprawy-w-2024-roku\/#breadcrumb\",\"itemListElement\":[{\"@type\":\"ListItem\",\"position\":1,\"name\":\"Home\",\"item\":\"https:\/\/www.welovecycling.com\/pl\/\"},{\"@type\":\"ListItem\",\"position\":2,\"name\":\"9 niezb\u0119dnych element\u00f3w ekwipunku na wiosenne wyprawy w 2024 roku\"}]},{\"@type\":\"WebSite\",\"@id\":\"https:\/\/www.welovecycling.com\/pl\/#website\",\"url\":\"https:\/\/www.welovecycling.com\/pl\/\",\"name\":\"\u0160koda We Love Cycling - Poland\",\"description\":\"\",\"potentialAction\":[{\"@type\":\"SearchAction\",\"target\":{\"@type\":\"EntryPoint\",\"urlTemplate\":\"https:\/\/www.welovecycling.com\/pl\/?s={search_term_string}\"},\"query-input\":{\"@type\":\"PropertyValueSpecification\",\"valueRequired\":true,\"valueName\":\"search_term_string\"}}],\"inLanguage\":\"pl-PL\"},{\"@type\":\"Person\",\"@id\":\"https:\/\/www.welovecycling.com\/pl\/#\/schema\/person\/bf06ed916a1ef16618807fb60d2ebe42\",\"name\":\"rafal\",\"image\":{\"@type\":\"ImageObject\",\"inLanguage\":\"pl-PL\",\"@id\":\"https:\/\/www.welovecycling.com\/pl\/#\/schema\/person\/image\/\",\"url\":\"https:\/\/secure.gravatar.com\/avatar\/203f240e63bee214f6f3a0dacbeb600c7829c09716c2b9ee3230c6961debcde2?s=96&d=mm&r=g\",\"contentUrl\":\"https:\/\/secure.gravatar.com\/avatar\/203f240e63bee214f6f3a0dacbeb600c7829c09716c2b9ee3230c6961debcde2?s=96&d=mm&r=g\",\"caption\":\"rafal\"},\"url\":\"https:\/\/www.welovecycling.com\/pl\/author\/rafal\/\"}]}<\/script>\n<!-- \/ Yoast SEO Premium plugin. -->","yoast_head_json":{"title":"9 niezb\u0119dnych element\u00f3w ekwipunku na wiosenne wyprawy w 2024 roku - \u0160koda We Love Cycling - Poland","robots":{"index":"index","follow":"follow","max-snippet":"max-snippet:-1","max-image-preview":"max-image-preview:large","max-video-preview":"max-video-preview:-1"},"canonical":"https:\/\/www.welovecycling.com\/pl\/2024\/05\/17\/9-niezbednych-elementow-ekwipunku-na-wiosenne-wyprawy-w-2024-roku\/","og_locale":"pl_PL","og_type":"article","og_title":"9 niezb\u0119dnych element\u00f3w ekwipunku na wiosenne wyprawy w 2024 roku","og_description":"Gdy dni staj\u0105 si\u0119 coraz d\u0142u\u017csze i cieplejsze, w ludziach budzi si\u0119 zew przygody na \u015bwie\u017cym powietrzu. A czy jest [&hellip;]","og_url":"https:\/\/www.welovecycling.com\/pl\/2024\/05\/17\/9-niezbednych-elementow-ekwipunku-na-wiosenne-wyprawy-w-2024-roku\/","og_site_name":"\u0160koda We Love Cycling - Poland","article_published_time":"2024-05-17T09:18:47+00:00","og_image":[{"width":990,"height":660,"url":"https:\/\/d2p6e6u75xmxt8.cloudfront.net\/5\/2024\/05\/MicrosoftTeams-image-83.webp","type":"image\/webp"}],"author":"rafal","twitter_card":"summary_large_image","twitter_misc":{"Written by":"Megan Flottorp","Est. reading time":"5"},"schema":{"@context":"https:\/\/schema.org","@graph":[{"@type":"WebPage","@id":"https:\/\/www.welovecycling.com\/pl\/2024\/05\/17\/9-niezbednych-elementow-ekwipunku-na-wiosenne-wyprawy-w-2024-roku\/","url":"https:\/\/www.welovecycling.com\/pl\/2024\/05\/17\/9-niezbednych-elementow-ekwipunku-na-wiosenne-wyprawy-w-2024-roku\/","name":"9 niezb\u0119dnych element\u00f3w ekwipunku na wiosenne wyprawy w 2024 roku - \u0160koda We Love Cycling - Poland","isPartOf":{"@id":"https:\/\/www.welovecycling.com\/pl\/#website"},"primaryImageOfPage":{"@id":"https:\/\/www.welovecycling.com\/pl\/2024\/05\/17\/9-niezbednych-elementow-ekwipunku-na-wiosenne-wyprawy-w-2024-roku\/#primaryimage"},"image":{"@id":"https:\/\/www.welovecycling.com\/pl\/2024\/05\/17\/9-niezbednych-elementow-ekwipunku-na-wiosenne-wyprawy-w-2024-roku\/#primaryimage"},"thumbnailUrl":"https:\/\/d2p6e6u75xmxt8.cloudfront.net\/5\/2024\/05\/MicrosoftTeams-image-83.webp","datePublished":"2024-05-17T09:18:47+00:00","author":{"@id":"https:\/\/www.welovecycling.com\/pl\/#\/schema\/person\/bf06ed916a1ef16618807fb60d2ebe42"},"breadcrumb":{"@id":"https:\/\/www.welovecycling.com\/pl\/2024\/05\/17\/9-niezbednych-elementow-ekwipunku-na-wiosenne-wyprawy-w-2024-roku\/#breadcrumb"},"inLanguage":"pl-PL","potentialAction":[{"@type":"ReadAction","target":["https:\/\/www.welovecycling.com\/pl\/2024\/05\/17\/9-niezbednych-elementow-ekwipunku-na-wiosenne-wyprawy-w-2024-roku\/"]}]},{"@type":"ImageObject","inLanguage":"pl-PL","@id":"https:\/\/www.welovecycling.com\/pl\/2024\/05\/17\/9-niezbednych-elementow-ekwipunku-na-wiosenne-wyprawy-w-2024-roku\/#primaryimage","url":"https:\/\/d2p6e6u75xmxt8.cloudfront.net\/5\/2024\/05\/MicrosoftTeams-image-83.webp","contentUrl":"https:\/\/d2p6e6u75xmxt8.cloudfront.net\/5\/2024\/05\/MicrosoftTeams-image-83.webp","width":990,"height":660},{"@type":"BreadcrumbList","@id":"https:\/\/www.welovecycling.com\/pl\/2024\/05\/17\/9-niezbednych-elementow-ekwipunku-na-wiosenne-wyprawy-w-2024-roku\/#breadcrumb","itemListElement":[{"@type":"ListItem","position":1,"name":"Home","item":"https:\/\/www.welovecycling.com\/pl\/"},{"@type":"ListItem","position":2,"name":"9 niezb\u0119dnych element\u00f3w ekwipunku na wiosenne wyprawy w 2024 roku"}]},{"@type":"WebSite","@id":"https:\/\/www.welovecycling.com\/pl\/#website","url":"https:\/\/www.welovecycling.com\/pl\/","name":"\u0160koda We Love Cycling - Poland","description":"","potentialAction":[{"@type":"SearchAction","target":{"@type":"EntryPoint","urlTemplate":"https:\/\/www.welovecycling.com\/pl\/?s={search_term_string}"},"query-input":{"@type":"PropertyValueSpecification","valueRequired":true,"valueName":"search_term_string"}}],"inLanguage":"pl-PL"},{"@type":"Person","@id":"https:\/\/www.welovecycling.com\/pl\/#\/schema\/person\/bf06ed916a1ef16618807fb60d2ebe42","name":"rafal","image":{"@type":"ImageObject","inLanguage":"pl-PL","@id":"https:\/\/www.welovecycling.com\/pl\/#\/schema\/person\/image\/","url":"https:\/\/secure.gravatar.com\/avatar\/203f240e63bee214f6f3a0dacbeb600c7829c09716c2b9ee3230c6961debcde2?s=96&d=mm&r=g","contentUrl":"https:\/\/secure.gravatar.com\/avatar\/203f240e63bee214f6f3a0dacbeb600c7829c09716c2b9ee3230c6961debcde2?s=96&d=mm&r=g","caption":"rafal"},"url":"https:\/\/www.welovecycling.com\/pl\/author\/rafal\/"}]}},"_links":{"self":[{"href":"https:\/\/www.welovecycling.com\/pl\/wp-json\/wp\/v2\/posts\/14713","targetHints":{"allow":["GET"]}}],"collection":[{"href":"https:\/\/www.welovecycling.com\/pl\/wp-json\/wp\/v2\/posts"}],"about":[{"href":"https:\/\/www.welovecycling.com\/pl\/wp-json\/wp\/v2\/types\/post"}],"author":[{"embeddable":true,"href":"https:\/\/www.welovecycling.com\/pl\/wp-json\/wp\/v2\/users\/153"}],"replies":[{"embeddable":true,"href":"https:\/\/www.welovecycling.com\/pl\/wp-json\/wp\/v2\/comments?post=14713"}],"version-history":[{"count":2,"href":"https:\/\/www.welovecycling.com\/pl\/wp-json\/wp\/v2\/posts\/14713\/revisions"}],"predecessor-version":[{"id":14719,"href":"https:\/\/www.welovecycling.com\/pl\/wp-json\/wp\/v2\/posts\/14713\/revisions\/14719"}],"wp:featuredmedia":[{"embeddable":true,"href":"https:\/\/www.welovecycling.com\/pl\/wp-json\/wp\/v2\/media\/14718"}],"wp:attachment":[{"href":"https:\/\/www.welovecycling.com\/pl\/wp-json\/wp\/v2\/media?parent=14713"}],"wp:term":[{"taxonomy":"category","embeddable":true,"href":"https:\/\/www.welovecycling.com\/pl\/wp-json\/wp\/v2\/categories?post=14713"},{"taxonomy":"post_tag","embeddable":true,"href":"https:\/\/www.welovecycling.com\/pl\/wp-json\/wp\/v2\/tags?post=14713"},{"taxonomy":"global-categories","embeddable":true,"href":"https:\/\/www.welovecycling.com\/pl\/wp-json\/wp\/v2\/global-categories?post=14713"}],"curies":[{"name":"wp","href":"https:\/\/api.w.org\/{rel}","templated":true}]}}