{"id":14708,"date":"2024-05-10T10:38:17","date_gmt":"2024-05-10T10:38:17","guid":{"rendered":"https:\/\/www.welovecycling.com\/pl\/?p=14708"},"modified":"2024-05-10T10:38:17","modified_gmt":"2024-05-10T10:38:17","slug":"hold-dla-pionierek-kobiecego-kolarstwa","status":"publish","type":"post","link":"https:\/\/www.welovecycling.com\/pl\/2024\/05\/10\/hold-dla-pionierek-kobiecego-kolarstwa\/","title":{"rendered":"Ho\u0142d dla pionierek kobiecego kolarstwa"},"content":{"rendered":"<p><strong>W \u015bwiecie profesjonalnego kolarstwa \u015bcie\u017cki inspiracji zazwyczaj wytyczaj\u0105 ci ludzie, kt\u00f3rzy maj\u0105 odwag\u0119 przekracza\u0107 granice i na nowo okre\u015bla\u0107 ramy tego, co mo\u017cliwe. Gdy my\u015bl\u0119 o swojej dotychczasowej podr\u00f3\u017cy, odczuwam ogromn\u0105 wdzi\u0119czno\u015b\u0107 wobec pionierek tego sportu, kt\u00f3re zainspirowa\u0142y mnie i ukszta\u0142towa\u0142y moj\u0105 karier\u0119. Chcia\u0142abym opowiedzie\u0107 o zawodniczkach, kt\u00f3re wywar\u0142y na mnie najwi\u0119kszy wp\u0142yw, a tak\u017ce zastanowi\u0107 si\u0119, co mo\u017cemy zrobi\u0107, aby zainspirowa\u0107 przysz\u0142e pokolenia, i jakie kolejne kroki nale\u017cy podj\u0105\u0107 w obszarze kobiecego kolarstwa.<\/strong><\/p>\n<p><span style=\"font-size: 18pt;\"><strong>Pionierki kolarstwa \u017ar\u00f3d\u0142em inspiracji<\/strong><\/span><\/p>\n<p>Marianne Vos \u2013 to pierwsza kobieta, kt\u00f3ra sta\u0142a si\u0119 dla mnie \u017ar\u00f3d\u0142em inspiracji i sprawi\u0142a, \u017ce\u00a0zacz\u0119\u0142am marzy\u0107 o kolarskich sukcesach. Doskonale pami\u0119tam dzie\u0144, gdy uda\u0142o mi si\u0119 znale\u017a\u0107 nagranie z wy\u015bcigu, w kt\u00f3rym bra\u0142a udzia\u0142. W tamtych czasach zawody by\u0142y transmitowane bardzo rzadko, a\u00a0\u017ceby obejrze\u0107 zmagania kolarek, trzeba by\u0142o siedzie\u0107 do pierwszej w nocy i mie\u0107 nadziej\u0119, \u017ce na kanale Rai Sport zostanie wy\u015bwietlony chocia\u017c fragment wy\u015bcigu Giro Donne. Nigdy nie zapomn\u0119 widoku Marianne nieugi\u0119cie wyprzedzaj\u0105cej kolejne rywalki i p\u0119dz\u0105cej do mety, by wygra\u0107 mistrzostwa \u015bwiata w kolarstwie prze\u0142ajowym!<\/p>\n<p>Zda\u0142am sobie wtedy spraw\u0119, \u017ce chc\u0119 by\u0107 taka jak ona. Nigdy nie porzuci\u0142am tych marze\u0144 \u2013 dwa lata p\u00f3\u017aniej do\u0142\u0105czy\u0142am do zespo\u0142u Rabobank, kt\u00f3rego liderk\u0105 by\u0142a Marianne.<\/p>\n<p>Inn\u0105 wa\u017cn\u0105 dla mnie pionierk\u0105 kolarstwa jest Emma Pooley. Jeszcze jako juniorka mia\u0142am okazj\u0119 rozgrzewa\u0107 si\u0119 obok niej na mistrzostwach \u015bwiata w Kopenhadze, co wywar\u0142o na mnie ogromne wra\u017cenie. Emma zdoby\u0142a na\u00a0tych zawodach srebrny medal, a ja nie mog\u0142am wyj\u015b\u0107 z podziwu, jak\u00a0tak\u00a0drobna, filigranowa wr\u0119cz osoba mog\u0142a wykrzesa\u0107 z siebie tyle si\u0142. Od tamtej pory jestem jej wielk\u0105 fank\u0105.<\/p>\n<p><span style=\"font-size: 18pt;\"><strong>Cechy i warto\u015bci godne podziwu<\/strong><\/span><\/p>\n<p>Kolarstwo wygl\u0105da\u0142o kiedy\u015b zupe\u0142nie inaczej. Dzi\u015b wiele kolarek specjalizuje si\u0119 w konkretnych dziedzinach, natomiast dawniej sport ten by\u0142 bardziej wszechstronny. Solidnie przygotowane zawodniczki by\u0142y w stanie bez problemu pokonywa\u0107 wzniesienia, sprintowa\u0107 i je\u017adzi\u0107 na czas. Innymi s\u0142owy, \u017cadna forma jazdy nie by\u0142a im straszna. To w\u0142a\u015bnie pozwoli\u0142o Marianne wygrywa\u0107 wszelkiego rodzaju zawody \u2013 od wy\u015bcig\u00f3w prze\u0142ajowych po klasyczne i\u00a0etapowe. Poziom kobiecego kolarstwa by\u0142 wtedy inny, a wi\u0119kszo\u015b\u0107 zawodniczek nie mog\u0142a liczy\u0107 na \u017cadne wsparcie w\u00a0realizacji swoich marze\u0144.<\/p>\n<p>Bardzo niewiele zespo\u0142\u00f3w (szczerze m\u00f3wi\u0105c, na my\u015bl przychodz\u0105 mi tylko dwa) potrafi\u0142o w tamtych czasach zapewni\u0107 kolarkom odpowiednie warunki do\u00a0rozwoju. Zawodniczki cz\u0119sto musia\u0142y podejmowa\u0107 dodatkow\u0105 prac\u0119, a\u00a0po\u00a0powrocie do domu trenowa\u0142y a\u017c do zmroku. By\u0142 to przejaw niesamowitego zaanga\u017cowania i ogromnej mi\u0142o\u015bci do tego sportu. Moim zdaniem prze\u0142om w rozwoju kobiecego kolarstwa zawdzi\u0119czamy przede wszystkim \u00f3wczesnym zawodniczkom. To w\u0142a\u015bnie one stara\u0142y si\u0119 o organizacj\u0119 wi\u0119kszej liczby wy\u015bcig\u00f3w oraz zabiega\u0142y o uwag\u0119 medi\u00f3w i transmisje zawod\u00f3w na \u017cywo, jednocze\u015bnie pr\u00f3buj\u0105c po\u0142\u0105czy\u0107 te wysi\u0142ki z dodatkow\u0105 prac\u0105 i \u017cyciem osobistym. My\u015bl\u0119, \u017ce wszystkie te kolarki s\u0105 w pewnym stopniu moimi bohaterkami \u2013 mi\u0119dzy innymi dlatego, \u017ce si\u0119 nie podda\u0142y i\u00a0zawsze wierzy\u0142y w nasz sport.<\/p>\n<figure id=\"attachment_14709\" aria-describedby=\"caption-attachment-14709\" style=\"width: 1400px\" class=\"wp-caption alignnone\"><a href=\"https:\/\/d2p6e6u75xmxt8.cloudfront.net\/5\/2024\/05\/MicrosoftTeams-image-70.webp\"><img loading=\"lazy\" decoding=\"async\" class=\"wp-image-14709 size-full\" src=\"https:\/\/d2p6e6u75xmxt8.cloudfront.net\/5\/2024\/05\/MicrosoftTeams-image-70.webp\" alt=\"\" width=\"1400\" height=\"933\" srcset=\"https:\/\/d2p6e6u75xmxt8.cloudfront.net\/5\/2024\/05\/MicrosoftTeams-image-70.webp 1400w, https:\/\/d2p6e6u75xmxt8.cloudfront.net\/5\/2024\/05\/MicrosoftTeams-image-70-300x200.webp 300w, https:\/\/d2p6e6u75xmxt8.cloudfront.net\/5\/2024\/05\/MicrosoftTeams-image-70-1024x682.webp 1024w, https:\/\/d2p6e6u75xmxt8.cloudfront.net\/5\/2024\/05\/MicrosoftTeams-image-70-768x512.webp 768w, https:\/\/d2p6e6u75xmxt8.cloudfront.net\/5\/2024\/05\/MicrosoftTeams-image-70-400x267.webp 400w, https:\/\/d2p6e6u75xmxt8.cloudfront.net\/5\/2024\/05\/MicrosoftTeams-image-70-272x182.webp 272w\" sizes=\"auto, (max-width: 1400px) 100vw, 1400px\" \/><\/a><figcaption id=\"caption-attachment-14709\" class=\"wp-caption-text\">Marianne Vos \u2013 to pierwsza kobieta, kt\u00f3ra sta\u0142a si\u0119 dla mnie \u017ar\u00f3d\u0142em inspiracji i sprawi\u0142a, \u017ce zacz\u0119\u0142am marzy\u0107 o kolarskich sukcesach. \u00a9 Profimedia<\/figcaption><\/figure>\n<p><span style=\"font-size: 18pt;\"><strong>Nale\u017cny szacunek dla niedocenionych bohaterek<\/strong><\/span><\/p>\n<p>My\u015bl\u0119, \u017ce wszystkie kolarki, kt\u00f3re \u015bciga\u0142y si\u0119 w tamtym okresie, zas\u0142uguj\u0105 na\u00a0uznanie. Wsp\u00f3lnie przyczyni\u0142y si\u0119 do narodzin kobiecego peletonu, a nast\u0119pnie zawzi\u0119cie walczy\u0142y o jego rozw\u00f3j, mimo \u017ce ich wysi\u0142ki latami nie przynosi\u0142y oczekiwanych rezultat\u00f3w. W\u015br\u00f3d podziwianych przeze mnie zawodniczek by\u0142y tak\u017ce Polki, na przyk\u0142ad Bogumi\u0142a Matusiak i Paulina Brze\u017ana \u2013 jedne z nielicznych polskich kolarek, kt\u00f3re startowa\u0142y w\u00a0zagranicznych wy\u015bcigach, a tym samym na sw\u00f3j spos\u00f3b utorowa\u0142y drog\u0119 przysz\u0142ym pokoleniom oraz pokaza\u0142y, \u017ce kolarstwo to co\u015b wi\u0119cej ni\u017c tylko krajowe zawody.<\/p>\n<p><span style=\"font-size: 18pt;\"><strong>Inspiracja dla przysz\u0142ych pokole\u0144<\/strong><\/span><\/p>\n<p>Z biegiem lat zacz\u0119\u0142am patrze\u0107 na \u017cycie nieco inaczej. Zda\u0142am sobie spraw\u0119, \u017ce znalaz\u0142am si\u0119 w fantastycznym po\u0142o\u017ceniu \u2013 mog\u0119 dociera\u0107 do m\u0142odych kobiet, aby u\u0142atwia\u0107 im integracj\u0119 ze \u015brodowiskiem kolarskim. Jako zawodniczka, kt\u00f3rej kariera trwa ju\u017c ponad dekad\u0119, zdoby\u0142am bogate do\u015bwiadczenie \u2013 mo\u017cliwo\u015b\u0107 dzielenia si\u0119 nim z innymi lud\u017ami jest dla mnie czym\u015b naprawd\u0119 wspania\u0142ym!<\/p>\n<p>Zdarzaj\u0105 si\u0119 oczywi\u015bcie trudniejsze chwile, kiedy roz\u0142\u0105ka z rodzin\u0105 i\u00a0intensywny sezon wy\u015bcigowy daj\u0105 si\u0119 we znaki. Dlatego w pe\u0142ni normalne jest prze\u017cywanie za\u0142amania lub innego kryzysu. Osobom, kt\u00f3re do\u015bwiadczaj\u0105 takich emocji, nale\u017cy koniecznie przekaza\u0107, \u017ce nie s\u0105 w tym same i \u017ce inni ludzie cz\u0119sto czuj\u0105 si\u0119 bardzo podobnie. O wiele korzystniej jest pozwoli\u0107 cz\u0142owiekowi zmagaj\u0105cemu si\u0119 z trudno\u015bciami przezwyci\u0119\u017cy\u0107 je\u00a0i\u00a0dowiedzie\u0107 si\u0119 wi\u0119cej o sobie ni\u017c udawa\u0107, \u017ce nic si\u0119 nie dzieje.<\/p>\n<p>Zauwa\u017cy\u0142am te\u017c, \u017ce m\u0142ode zawodniczki wzoruj\u0105 si\u0119 na bardziej do\u015bwiadczonych kolarkach. Dzi\u0119ki mojemu rozs\u0105dnemu, zdrowemu podej\u015bciu do wy\u015bcig\u00f3w ja r\u00f3wnie\u017c mog\u0119 \u015bwieci\u0107 przyk\u0142adem. Przez promowanie zdrowego podej\u015bcia rozumiem m.in. u\u015bwiadamianie pocz\u0105tkuj\u0105cym zawodniczkom, \u017ce si\u0142a fizyczna jest wa\u017cniejsza ni\u017c szczup\u0142a sylwetka, \u017ce powinny dba\u0107 o cia\u0142o \u2013 nie tylko podczas jazdy. Doskona\u0142ym wzorem do na\u015bladowania jest Demi Vollering, czyli jedna z\u00a0najlepszych kolarek na \u015bwiecie, kt\u00f3ra jest niezwykle utalentowana i silna, a\u00a0jednocze\u015bnie w bardzo efektywny spos\u00f3b r\u00f3wnowa\u017cy swoje \u017cycie zawodowe i osobiste.<\/p>\n<p><span style=\"font-size: 18pt;\"><strong>Cele na przysz\u0142o\u015b\u0107<\/strong><\/span><\/p>\n<p>Mam nadziej\u0119, \u017ce powstanie wi\u0119cej dru\u017cyn dla zawodniczek poni\u017cej 23. roku \u017cycia, dzi\u0119ki czemu dziewczyny ko\u0144cz\u0105ce juniorski etap kariery zyskaj\u0105 szans\u0119 na sta\u0142y, stopniowy rozw\u00f3j. Nikt ich od razu nie b\u0119dzie wrzuca\u0142 w wir \u015bwiatowych zawod\u00f3w, bo to niezwykle stresuj\u0105ce i\u00a0czasami zniech\u0119ca m\u0142ode zawodniczki. Licz\u0119 na to, \u017ce pewnego dnia b\u0119dziemy mog\u0142y przesta\u0107 por\u00f3wnywa\u0107 kolarstwo kobiece do m\u0119skiego, poniewa\u017c nie b\u0119dzie ju\u017c mi\u0119dzy nimi \u017cadnych r\u00f3\u017cnic. Chcia\u0142abym tak\u017ce, aby\u00a0ka\u017cda m\u0142oda kolarka by\u0142a otoczona przez kompetentnych ludzi, kt\u00f3rzy wska\u017c\u0105 jej drog\u0119 do osi\u0105gni\u0119cia sukcesu w zdrowy spos\u00f3b.<\/p>\n<p><span data-sheets-value=\"{&quot;1&quot;:2,&quot;2&quot;:&quot;Artyku\u0142 powsta\u0142 we wsp\u00f3\u0142pracy ze skoda-auto.pl&quot;}\" data-sheets-userformat=\"{&quot;2&quot;:1,&quot;3&quot;:{&quot;1&quot;:0}}\" data-sheets-hyperlink=\"http:\/\/www.skoda-auto.pl\/\"><a class=\"in-cell-link\" href=\"http:\/\/www.skoda-auto.pl\/\" target=\"_blank\" rel=\"noopener\">Artyku\u0142 powsta\u0142 we wsp\u00f3\u0142pracy ze skoda-auto.pl<\/a><\/span><\/p>\n<p><img decoding=\"async\" src=\"https:\/\/d2p6e6u75xmxt8.cloudfront.net\/5\/2030\/11\/3.webp\" \/><\/p>\n","protected":false},"excerpt":{"rendered":"<p>W \u015bwiecie profesjonalnego kolarstwa \u015bcie\u017cki inspiracji zazwyczaj wytyczaj\u0105 ci ludzie, kt\u00f3rzy maj\u0105 odwag\u0119 przekracza\u0107 granice i na nowo okre\u015bla\u0107 ramy [&hellip;]<\/p>\n","protected":false},"author":153,"featured_media":14711,"comment_status":"open","ping_status":"open","sticky":false,"template":"","format":"standard","meta":{"footnotes":""},"categories":[6],"tags":[30,369,151,191,404],"global-categories":[303],"class_list":["post-14708","post","type-post","status-publish","format-standard","has-post-thumbnail","hentry","category-kolarstwo-szosowe","tag-historia","tag-kasia-niewiadoma","tag-kolarstwo-szosowe","tag-skoda","tag-skodapolska","global-categories-cycling"],"yoast_head":"<!-- This site is optimized with the Yoast SEO Premium plugin v25.3 (Yoast SEO v25.9) - https:\/\/yoast.com\/wordpress\/plugins\/seo\/ -->\n<title>Ho\u0142d dla pionierek kobiecego kolarstwa - \u0160koda We Love Cycling - Poland<\/title>\n<meta name=\"robots\" content=\"index, follow, max-snippet:-1, max-image-preview:large, max-video-preview:-1\" \/>\n<link rel=\"canonical\" href=\"https:\/\/www.welovecycling.com\/pl\/2024\/05\/10\/hold-dla-pionierek-kobiecego-kolarstwa\/\" \/>\n<meta property=\"og:locale\" content=\"pl_PL\" \/>\n<meta property=\"og:type\" content=\"article\" \/>\n<meta property=\"og:title\" content=\"Ho\u0142d dla pionierek kobiecego kolarstwa\" \/>\n<meta property=\"og:description\" content=\"W \u015bwiecie profesjonalnego kolarstwa \u015bcie\u017cki inspiracji zazwyczaj wytyczaj\u0105 ci ludzie, kt\u00f3rzy maj\u0105 odwag\u0119 przekracza\u0107 granice i na nowo okre\u015bla\u0107 ramy [&hellip;]\" \/>\n<meta property=\"og:url\" content=\"https:\/\/www.welovecycling.com\/pl\/2024\/05\/10\/hold-dla-pionierek-kobiecego-kolarstwa\/\" \/>\n<meta property=\"og:site_name\" content=\"\u0160koda We Love Cycling - Poland\" \/>\n<meta property=\"article:published_time\" content=\"2024-05-10T10:38:17+00:00\" \/>\n<meta property=\"og:image\" content=\"https:\/\/d2p6e6u75xmxt8.cloudfront.net\/5\/2024\/05\/MicrosoftTeams-image-69.webp\" \/>\n\t<meta property=\"og:image:width\" content=\"990\" \/>\n\t<meta property=\"og:image:height\" content=\"660\" \/>\n\t<meta property=\"og:image:type\" content=\"image\/webp\" \/>\n<meta name=\"author\" content=\"rafal\" \/>\n<meta name=\"twitter:card\" content=\"summary_large_image\" \/>\n<meta name=\"twitter:label1\" content=\"Written by\" \/>\n\t<meta name=\"twitter:data1\" content=\"Kasia Niewiadoma\" \/>\n\t<meta name=\"twitter:label2\" content=\"Est. reading time\" \/>\n\t<meta name=\"twitter:data2\" content=\"5\" \/>\n<script type=\"application\/ld+json\" class=\"yoast-schema-graph\">{\"@context\":\"https:\/\/schema.org\",\"@graph\":[{\"@type\":\"WebPage\",\"@id\":\"https:\/\/www.welovecycling.com\/pl\/2024\/05\/10\/hold-dla-pionierek-kobiecego-kolarstwa\/\",\"url\":\"https:\/\/www.welovecycling.com\/pl\/2024\/05\/10\/hold-dla-pionierek-kobiecego-kolarstwa\/\",\"name\":\"Ho\u0142d dla pionierek kobiecego kolarstwa - \u0160koda We Love Cycling - Poland\",\"isPartOf\":{\"@id\":\"https:\/\/www.welovecycling.com\/pl\/#website\"},\"primaryImageOfPage\":{\"@id\":\"https:\/\/www.welovecycling.com\/pl\/2024\/05\/10\/hold-dla-pionierek-kobiecego-kolarstwa\/#primaryimage\"},\"image\":{\"@id\":\"https:\/\/www.welovecycling.com\/pl\/2024\/05\/10\/hold-dla-pionierek-kobiecego-kolarstwa\/#primaryimage\"},\"thumbnailUrl\":\"https:\/\/d2p6e6u75xmxt8.cloudfront.net\/5\/2024\/05\/MicrosoftTeams-image-69.webp\",\"datePublished\":\"2024-05-10T10:38:17+00:00\",\"author\":{\"@id\":\"https:\/\/www.welovecycling.com\/pl\/#\/schema\/person\/bf06ed916a1ef16618807fb60d2ebe42\"},\"breadcrumb\":{\"@id\":\"https:\/\/www.welovecycling.com\/pl\/2024\/05\/10\/hold-dla-pionierek-kobiecego-kolarstwa\/#breadcrumb\"},\"inLanguage\":\"pl-PL\",\"potentialAction\":[{\"@type\":\"ReadAction\",\"target\":[\"https:\/\/www.welovecycling.com\/pl\/2024\/05\/10\/hold-dla-pionierek-kobiecego-kolarstwa\/\"]}]},{\"@type\":\"ImageObject\",\"inLanguage\":\"pl-PL\",\"@id\":\"https:\/\/www.welovecycling.com\/pl\/2024\/05\/10\/hold-dla-pionierek-kobiecego-kolarstwa\/#primaryimage\",\"url\":\"https:\/\/d2p6e6u75xmxt8.cloudfront.net\/5\/2024\/05\/MicrosoftTeams-image-69.webp\",\"contentUrl\":\"https:\/\/d2p6e6u75xmxt8.cloudfront.net\/5\/2024\/05\/MicrosoftTeams-image-69.webp\",\"width\":990,\"height\":660},{\"@type\":\"BreadcrumbList\",\"@id\":\"https:\/\/www.welovecycling.com\/pl\/2024\/05\/10\/hold-dla-pionierek-kobiecego-kolarstwa\/#breadcrumb\",\"itemListElement\":[{\"@type\":\"ListItem\",\"position\":1,\"name\":\"Home\",\"item\":\"https:\/\/www.welovecycling.com\/pl\/\"},{\"@type\":\"ListItem\",\"position\":2,\"name\":\"Ho\u0142d dla pionierek kobiecego kolarstwa\"}]},{\"@type\":\"WebSite\",\"@id\":\"https:\/\/www.welovecycling.com\/pl\/#website\",\"url\":\"https:\/\/www.welovecycling.com\/pl\/\",\"name\":\"\u0160koda We Love Cycling - Poland\",\"description\":\"\",\"potentialAction\":[{\"@type\":\"SearchAction\",\"target\":{\"@type\":\"EntryPoint\",\"urlTemplate\":\"https:\/\/www.welovecycling.com\/pl\/?s={search_term_string}\"},\"query-input\":{\"@type\":\"PropertyValueSpecification\",\"valueRequired\":true,\"valueName\":\"search_term_string\"}}],\"inLanguage\":\"pl-PL\"},{\"@type\":\"Person\",\"@id\":\"https:\/\/www.welovecycling.com\/pl\/#\/schema\/person\/bf06ed916a1ef16618807fb60d2ebe42\",\"name\":\"rafal\",\"image\":{\"@type\":\"ImageObject\",\"inLanguage\":\"pl-PL\",\"@id\":\"https:\/\/www.welovecycling.com\/pl\/#\/schema\/person\/image\/\",\"url\":\"https:\/\/secure.gravatar.com\/avatar\/203f240e63bee214f6f3a0dacbeb600c7829c09716c2b9ee3230c6961debcde2?s=96&d=mm&r=g\",\"contentUrl\":\"https:\/\/secure.gravatar.com\/avatar\/203f240e63bee214f6f3a0dacbeb600c7829c09716c2b9ee3230c6961debcde2?s=96&d=mm&r=g\",\"caption\":\"rafal\"},\"url\":\"https:\/\/www.welovecycling.com\/pl\/author\/rafal\/\"}]}<\/script>\n<!-- \/ Yoast SEO Premium plugin. -->","yoast_head_json":{"title":"Ho\u0142d dla pionierek kobiecego kolarstwa - \u0160koda We Love Cycling - Poland","robots":{"index":"index","follow":"follow","max-snippet":"max-snippet:-1","max-image-preview":"max-image-preview:large","max-video-preview":"max-video-preview:-1"},"canonical":"https:\/\/www.welovecycling.com\/pl\/2024\/05\/10\/hold-dla-pionierek-kobiecego-kolarstwa\/","og_locale":"pl_PL","og_type":"article","og_title":"Ho\u0142d dla pionierek kobiecego kolarstwa","og_description":"W \u015bwiecie profesjonalnego kolarstwa \u015bcie\u017cki inspiracji zazwyczaj wytyczaj\u0105 ci ludzie, kt\u00f3rzy maj\u0105 odwag\u0119 przekracza\u0107 granice i na nowo okre\u015bla\u0107 ramy [&hellip;]","og_url":"https:\/\/www.welovecycling.com\/pl\/2024\/05\/10\/hold-dla-pionierek-kobiecego-kolarstwa\/","og_site_name":"\u0160koda We Love Cycling - Poland","article_published_time":"2024-05-10T10:38:17+00:00","og_image":[{"width":990,"height":660,"url":"https:\/\/d2p6e6u75xmxt8.cloudfront.net\/5\/2024\/05\/MicrosoftTeams-image-69.webp","type":"image\/webp"}],"author":"rafal","twitter_card":"summary_large_image","twitter_misc":{"Written by":"Kasia Niewiadoma","Est. reading time":"5"},"schema":{"@context":"https:\/\/schema.org","@graph":[{"@type":"WebPage","@id":"https:\/\/www.welovecycling.com\/pl\/2024\/05\/10\/hold-dla-pionierek-kobiecego-kolarstwa\/","url":"https:\/\/www.welovecycling.com\/pl\/2024\/05\/10\/hold-dla-pionierek-kobiecego-kolarstwa\/","name":"Ho\u0142d dla pionierek kobiecego kolarstwa - \u0160koda We Love Cycling - Poland","isPartOf":{"@id":"https:\/\/www.welovecycling.com\/pl\/#website"},"primaryImageOfPage":{"@id":"https:\/\/www.welovecycling.com\/pl\/2024\/05\/10\/hold-dla-pionierek-kobiecego-kolarstwa\/#primaryimage"},"image":{"@id":"https:\/\/www.welovecycling.com\/pl\/2024\/05\/10\/hold-dla-pionierek-kobiecego-kolarstwa\/#primaryimage"},"thumbnailUrl":"https:\/\/d2p6e6u75xmxt8.cloudfront.net\/5\/2024\/05\/MicrosoftTeams-image-69.webp","datePublished":"2024-05-10T10:38:17+00:00","author":{"@id":"https:\/\/www.welovecycling.com\/pl\/#\/schema\/person\/bf06ed916a1ef16618807fb60d2ebe42"},"breadcrumb":{"@id":"https:\/\/www.welovecycling.com\/pl\/2024\/05\/10\/hold-dla-pionierek-kobiecego-kolarstwa\/#breadcrumb"},"inLanguage":"pl-PL","potentialAction":[{"@type":"ReadAction","target":["https:\/\/www.welovecycling.com\/pl\/2024\/05\/10\/hold-dla-pionierek-kobiecego-kolarstwa\/"]}]},{"@type":"ImageObject","inLanguage":"pl-PL","@id":"https:\/\/www.welovecycling.com\/pl\/2024\/05\/10\/hold-dla-pionierek-kobiecego-kolarstwa\/#primaryimage","url":"https:\/\/d2p6e6u75xmxt8.cloudfront.net\/5\/2024\/05\/MicrosoftTeams-image-69.webp","contentUrl":"https:\/\/d2p6e6u75xmxt8.cloudfront.net\/5\/2024\/05\/MicrosoftTeams-image-69.webp","width":990,"height":660},{"@type":"BreadcrumbList","@id":"https:\/\/www.welovecycling.com\/pl\/2024\/05\/10\/hold-dla-pionierek-kobiecego-kolarstwa\/#breadcrumb","itemListElement":[{"@type":"ListItem","position":1,"name":"Home","item":"https:\/\/www.welovecycling.com\/pl\/"},{"@type":"ListItem","position":2,"name":"Ho\u0142d dla pionierek kobiecego kolarstwa"}]},{"@type":"WebSite","@id":"https:\/\/www.welovecycling.com\/pl\/#website","url":"https:\/\/www.welovecycling.com\/pl\/","name":"\u0160koda We Love Cycling - Poland","description":"","potentialAction":[{"@type":"SearchAction","target":{"@type":"EntryPoint","urlTemplate":"https:\/\/www.welovecycling.com\/pl\/?s={search_term_string}"},"query-input":{"@type":"PropertyValueSpecification","valueRequired":true,"valueName":"search_term_string"}}],"inLanguage":"pl-PL"},{"@type":"Person","@id":"https:\/\/www.welovecycling.com\/pl\/#\/schema\/person\/bf06ed916a1ef16618807fb60d2ebe42","name":"rafal","image":{"@type":"ImageObject","inLanguage":"pl-PL","@id":"https:\/\/www.welovecycling.com\/pl\/#\/schema\/person\/image\/","url":"https:\/\/secure.gravatar.com\/avatar\/203f240e63bee214f6f3a0dacbeb600c7829c09716c2b9ee3230c6961debcde2?s=96&d=mm&r=g","contentUrl":"https:\/\/secure.gravatar.com\/avatar\/203f240e63bee214f6f3a0dacbeb600c7829c09716c2b9ee3230c6961debcde2?s=96&d=mm&r=g","caption":"rafal"},"url":"https:\/\/www.welovecycling.com\/pl\/author\/rafal\/"}]}},"_links":{"self":[{"href":"https:\/\/www.welovecycling.com\/pl\/wp-json\/wp\/v2\/posts\/14708","targetHints":{"allow":["GET"]}}],"collection":[{"href":"https:\/\/www.welovecycling.com\/pl\/wp-json\/wp\/v2\/posts"}],"about":[{"href":"https:\/\/www.welovecycling.com\/pl\/wp-json\/wp\/v2\/types\/post"}],"author":[{"embeddable":true,"href":"https:\/\/www.welovecycling.com\/pl\/wp-json\/wp\/v2\/users\/153"}],"replies":[{"embeddable":true,"href":"https:\/\/www.welovecycling.com\/pl\/wp-json\/wp\/v2\/comments?post=14708"}],"version-history":[{"count":1,"href":"https:\/\/www.welovecycling.com\/pl\/wp-json\/wp\/v2\/posts\/14708\/revisions"}],"predecessor-version":[{"id":14710,"href":"https:\/\/www.welovecycling.com\/pl\/wp-json\/wp\/v2\/posts\/14708\/revisions\/14710"}],"wp:featuredmedia":[{"embeddable":true,"href":"https:\/\/www.welovecycling.com\/pl\/wp-json\/wp\/v2\/media\/14711"}],"wp:attachment":[{"href":"https:\/\/www.welovecycling.com\/pl\/wp-json\/wp\/v2\/media?parent=14708"}],"wp:term":[{"taxonomy":"category","embeddable":true,"href":"https:\/\/www.welovecycling.com\/pl\/wp-json\/wp\/v2\/categories?post=14708"},{"taxonomy":"post_tag","embeddable":true,"href":"https:\/\/www.welovecycling.com\/pl\/wp-json\/wp\/v2\/tags?post=14708"},{"taxonomy":"global-categories","embeddable":true,"href":"https:\/\/www.welovecycling.com\/pl\/wp-json\/wp\/v2\/global-categories?post=14708"}],"curies":[{"name":"wp","href":"https:\/\/api.w.org\/{rel}","templated":true}]}}